{"id":92,"date":"2015-05-12T13:11:35","date_gmt":"2015-05-12T13:11:35","guid":{"rendered":"http:\/\/progresomicrofinanzas.org\/?p=92"},"modified":"2017-12-01T11:46:46","modified_gmt":"2017-12-01T11:46:46","slug":"proteccion-al-consumidor-financiero-educacion-financiera","status":"publish","type":"post","link":"https:\/\/www.fundacionmicrofinanzasbbva.org\/revistaprogreso\/proteccion-al-consumidor-financiero-educacion-financiera\/","title":{"rendered":"Protecci\u00f3n al consumidor financiero, educaci\u00f3n financiera"},"content":{"rendered":"<div class=\"pdfprnt-buttons pdfprnt-buttons-post pdfprnt-top-right\"><a href=\"https:\/\/www.fundacionmicrofinanzasbbva.org\/revistaprogreso\/wp-json\/wp\/v2\/posts\/92?print=pdf\" class=\"pdfprnt-button pdfprnt-button-pdf\" target=\"_blank\"><img decoding=\"async\" src=\"https:\/\/www.fundacionmicrofinanzasbbva.org\/revistaprogreso\/wp-content\/plugins\/pdf-print\/images\/pdf.png\" alt=\"image_pdf\" title=\"Ver PDF\" \/><\/a><a href=\"https:\/\/www.fundacionmicrofinanzasbbva.org\/revistaprogreso\/wp-json\/wp\/v2\/posts\/92?print=print\" class=\"pdfprnt-button pdfprnt-button-print\" target=\"_blank\"><img decoding=\"async\" src=\"https:\/\/www.fundacionmicrofinanzasbbva.org\/revistaprogreso\/wp-content\/plugins\/pdf-print\/images\/print.png\" alt=\"image_print\" title=\"Imprimir contenido\" \/><\/a><\/div><p>La educaci\u00f3n financiera debe brindarse con independencia de los aspectos comerciales de un determinado producto financiero. Sobre este aspecto se pronunci\u00f3 la Superintendencia Financiera de Colombia (entidad de vigilancia y control de las entidades que conforman el sector financiero),\u00a0 a trav\u00e9s del Concepto 2014023357-001 del 18 de marzo de 2014, en donde aclar\u00f3 que la educaci\u00f3n financiera no debe confundirse con la publicidad que las entidades financieras adelantan dentro de sus campa\u00f1as comerciales.<\/p>\n","protected":false},"excerpt":{"rendered":"<p>La educaci\u00f3n financiera debe brindarse con independencia de los aspectos comerciales de un determinado producto financiero. Sobre este aspecto se pronunci\u00f3 la Superintendencia Financiera de Colombia (entidad de vigilancia y control de las entidades que conforman el sector financiero),\u00a0 a trav\u00e9s del Concepto 2014023357-001 del 18 de marzo de 2014, en donde aclar\u00f3 que la [&hellip;]<\/p>\n","protected":false},"author":30,"featured_media":10115,"comment_status":"open","ping_status":"open","sticky":false,"template":"","format":"standard","meta":{"_acf_changed":false,"footnotes":""},"tags":[],"class_list":["post-92","post","type-post","status-publish","format-standard","has-post-thumbnail","hentry","numero-3m","seccion-documentos-de-interes-microfinanzas"],"acf":[],"yoast_head":"<!-- This site is optimized with the Yoast SEO plugin v26.8 - https:\/\/yoast.com\/product\/yoast-seo-wordpress\/ -->\n<title>Protecci\u00f3n al consumidor financiero, educaci\u00f3n financiera<\/title>\n<meta name=\"description\" content=\"Protecci\u00f3n al consumidor financiero, educaci\u00f3n financiera\" \/>\n<meta name=\"robots\" content=\"index, follow, max-snippet:-1, max-image-preview:large, max-video-preview:-1\" \/>\n<link rel=\"canonical\" href=\"https:\/\/www.fundacionmicrofinanzasbbva.org\/revistaprogreso\/proteccion-al-consumidor-financiero-educacion-financiera\/\" \/>\n<meta property=\"og:locale\" content=\"es_ES\" \/>\n<meta property=\"og:type\" content=\"article\" \/>\n<meta property=\"og:title\" content=\"Protecci\u00f3n al consumidor financiero, educaci\u00f3n financiera\" \/>\n<meta property=\"og:description\" content=\"Protecci\u00f3n al consumidor financiero, educaci\u00f3n financiera\" \/>\n<meta property=\"og:url\" content=\"https:\/\/www.fundacionmicrofinanzasbbva.org\/revistaprogreso\/proteccion-al-consumidor-financiero-educacion-financiera\/\" \/>\n<meta property=\"og:site_name\" content=\"Progreso\" \/>\n<meta property=\"article:publisher\" content=\"https:\/\/www.facebook.com\/fundacionmicrofinanzasbbva\" \/>\n<meta property=\"article:published_time\" content=\"2015-05-12T13:11:35+00:00\" \/>\n<meta property=\"article:modified_time\" content=\"2017-12-01T11:46:46+00:00\" \/>\n<meta property=\"og:image\" content=\"https:\/\/fundacionmicrofinanzasbbva.org\/revistaprogreso\/wp-content\/uploads\/2015\/05\/3-educa.jpg\" \/>\n\t<meta property=\"og:image:width\" content=\"400\" \/>\n\t<meta property=\"og:image:height\" content=\"300\" \/>\n\t<meta property=\"og:image:type\" content=\"image\/jpeg\" \/>\n<meta name=\"author\" content=\"karessa Ramos\" \/>\n<meta name=\"twitter:card\" content=\"summary_large_image\" \/>\n<meta name=\"twitter:creator\" content=\"@FMBBVA\" \/>\n<meta name=\"twitter:site\" content=\"@FMBBVA\" \/>\n<meta name=\"twitter:label1\" content=\"Escrito por\" \/>\n\t<meta name=\"twitter:data1\" content=\"karessa Ramos\" \/>\n<script type=\"application\/ld+json\" class=\"yoast-schema-graph\">{\"@context\":\"https:\/\/schema.org\",\"@graph\":[{\"@type\":\"Article\",\"@id\":\"https:\/\/www.fundacionmicrofinanzasbbva.org\/revistaprogreso\/proteccion-al-consumidor-financiero-educacion-financiera\/#article\",\"isPartOf\":{\"@id\":\"https:\/\/www.fundacionmicrofinanzasbbva.org\/revistaprogreso\/proteccion-al-consumidor-financiero-educacion-financiera\/\"},\"author\":{\"name\":\"karessa Ramos\",\"@id\":\"https:\/\/www.fundacionmicrofinanzasbbva.org\/revistaprogreso\/#\/schema\/person\/4a3fe64f7988998aa5e22913c8147baf\"},\"headline\":\"Protecci\u00f3n al consumidor financiero, educaci\u00f3n financiera\",\"datePublished\":\"2015-05-12T13:11:35+00:00\",\"dateModified\":\"2017-12-01T11:46:46+00:00\",\"mainEntityOfPage\":{\"@id\":\"https:\/\/www.fundacionmicrofinanzasbbva.org\/revistaprogreso\/proteccion-al-consumidor-financiero-educacion-financiera\/\"},\"wordCount\":83,\"commentCount\":0,\"publisher\":{\"@id\":\"https:\/\/www.fundacionmicrofinanzasbbva.org\/revistaprogreso\/#organization\"},\"image\":{\"@id\":\"https:\/\/www.fundacionmicrofinanzasbbva.org\/revistaprogreso\/proteccion-al-consumidor-financiero-educacion-financiera\/#primaryimage\"},\"thumbnailUrl\":\"https:\/\/www.fundacionmicrofinanzasbbva.org\/revistaprogreso\/wp-content\/uploads\/2015\/05\/3-educa.jpg\",\"inLanguage\":\"es\"},{\"@type\":\"WebPage\",\"@id\":\"https:\/\/www.fundacionmicrofinanzasbbva.org\/revistaprogreso\/proteccion-al-consumidor-financiero-educacion-financiera\/\",\"url\":\"https:\/\/www.fundacionmicrofinanzasbbva.org\/revistaprogreso\/proteccion-al-consumidor-financiero-educacion-financiera\/\",\"name\":\"Protecci\u00f3n al consumidor financiero, educaci\u00f3n financiera\",\"isPartOf\":{\"@id\":\"https:\/\/www.fundacionmicrofinanzasbbva.org\/revistaprogreso\/#website\"},\"primaryImageOfPage\":{\"@id\":\"https:\/\/www.fundacionmicrofinanzasbbva.org\/revistaprogreso\/proteccion-al-consumidor-financiero-educacion-financiera\/#primaryimage\"},\"image\":{\"@id\":\"https:\/\/www.fundacionmicrofinanzasbbva.org\/revistaprogreso\/proteccion-al-consumidor-financiero-educacion-financiera\/#primaryimage\"},\"thumbnailUrl\":\"https:\/\/www.fundacionmicrofinanzasbbva.org\/revistaprogreso\/wp-content\/uploads\/2015\/05\/3-educa.jpg\",\"datePublished\":\"2015-05-12T13:11:35+00:00\",\"dateModified\":\"2017-12-01T11:46:46+00:00\",\"description\":\"Protecci\u00f3n al consumidor financiero, educaci\u00f3n financiera\",\"breadcrumb\":{\"@id\":\"https:\/\/www.fundacionmicrofinanzasbbva.org\/revistaprogreso\/proteccion-al-consumidor-financiero-educacion-financiera\/#breadcrumb\"},\"inLanguage\":\"es\",\"potentialAction\":[{\"@type\":\"ReadAction\",\"target\":[\"https:\/\/www.fundacionmicrofinanzasbbva.org\/revistaprogreso\/proteccion-al-consumidor-financiero-educacion-financiera\/\"]}]},{\"@type\":\"ImageObject\",\"inLanguage\":\"es\",\"@id\":\"https:\/\/www.fundacionmicrofinanzasbbva.org\/revistaprogreso\/proteccion-al-consumidor-financiero-educacion-financiera\/#primaryimage\",\"url\":\"https:\/\/www.fundacionmicrofinanzasbbva.org\/revistaprogreso\/wp-content\/uploads\/2015\/05\/3-educa.jpg\",\"contentUrl\":\"https:\/\/www.fundacionmicrofinanzasbbva.org\/revistaprogreso\/wp-content\/uploads\/2015\/05\/3-educa.jpg\",\"width\":400,\"height\":300},{\"@type\":\"BreadcrumbList\",\"@id\":\"https:\/\/www.fundacionmicrofinanzasbbva.org\/revistaprogreso\/proteccion-al-consumidor-financiero-educacion-financiera\/#breadcrumb\",\"itemListElement\":[{\"@type\":\"ListItem\",\"position\":1,\"name\":\"Portada\",\"item\":\"https:\/\/www.fundacionmicrofinanzasbbva.org\/revistaprogreso\/\"},{\"@type\":\"ListItem\",\"position\":2,\"name\":\"Protecci\u00f3n al consumidor financiero, educaci\u00f3n financiera\"}]},{\"@type\":\"WebSite\",\"@id\":\"https:\/\/www.fundacionmicrofinanzasbbva.org\/revistaprogreso\/#website\",\"url\":\"https:\/\/www.fundacionmicrofinanzasbbva.org\/revistaprogreso\/\",\"name\":\"Revista Progreso\",\"description\":\"Revista de Actualidad Jur\u00eddica\",\"publisher\":{\"@id\":\"https:\/\/www.fundacionmicrofinanzasbbva.org\/revistaprogreso\/#organization\"},\"alternateName\":\"Revista Progreso\",\"potentialAction\":[{\"@type\":\"SearchAction\",\"target\":{\"@type\":\"EntryPoint\",\"urlTemplate\":\"https:\/\/www.fundacionmicrofinanzasbbva.org\/revistaprogreso\/?s={search_term_string}\"},\"query-input\":{\"@type\":\"PropertyValueSpecification\",\"valueRequired\":true,\"valueName\":\"search_term_string\"}}],\"inLanguage\":\"es\"},{\"@type\":\"Organization\",\"@id\":\"https:\/\/www.fundacionmicrofinanzasbbva.org\/revistaprogreso\/#organization\",\"name\":\"Revista Progreso\",\"alternateName\":\"Revista Progreso\",\"url\":\"https:\/\/www.fundacionmicrofinanzasbbva.org\/revistaprogreso\/\",\"logo\":{\"@type\":\"ImageObject\",\"inLanguage\":\"es\",\"@id\":\"https:\/\/www.fundacionmicrofinanzasbbva.org\/revistaprogreso\/#\/schema\/logo\/image\/\",\"url\":\"https:\/\/www.fundacionmicrofinanzasbbva.org\/revistaprogreso\/wp-content\/uploads\/2023\/09\/Logo-FMBBVA-AZUL.png\",\"contentUrl\":\"https:\/\/www.fundacionmicrofinanzasbbva.org\/revistaprogreso\/wp-content\/uploads\/2023\/09\/Logo-FMBBVA-AZUL.png\",\"width\":6173,\"height\":1001,\"caption\":\"Revista Progreso\"},\"image\":{\"@id\":\"https:\/\/www.fundacionmicrofinanzasbbva.org\/revistaprogreso\/#\/schema\/logo\/image\/\"},\"sameAs\":[\"https:\/\/www.facebook.com\/fundacionmicrofinanzasbbva\",\"https:\/\/x.com\/FMBBVA\",\"https:\/\/www.linkedin.com\/company\/fundacin-microfinanzas-bbva\/\",\"https:\/\/www.instagram.com\/somosfmbbva\/\"]},{\"@type\":\"Person\",\"@id\":\"https:\/\/www.fundacionmicrofinanzasbbva.org\/revistaprogreso\/#\/schema\/person\/4a3fe64f7988998aa5e22913c8147baf\",\"name\":\"karessa Ramos\",\"image\":{\"@type\":\"ImageObject\",\"inLanguage\":\"es\",\"@id\":\"https:\/\/www.fundacionmicrofinanzasbbva.org\/revistaprogreso\/#\/schema\/person\/image\/\",\"url\":\"https:\/\/secure.gravatar.com\/avatar\/a2388109b4325a6fb9c892c3212e430cdc0835c8fc1c1a41f4cc2a3b175b81c5?s=96&d=mm&r=g\",\"contentUrl\":\"https:\/\/secure.gravatar.com\/avatar\/a2388109b4325a6fb9c892c3212e430cdc0835c8fc1c1a41f4cc2a3b175b81c5?s=96&d=mm&r=g\",\"caption\":\"karessa Ramos\"},\"url\":\"https:\/\/www.fundacionmicrofinanzasbbva.org\/revistaprogreso\/author\/karessa\/\"}]}<\/script>\n<!-- \/ Yoast SEO plugin. -->","yoast_head_json":{"title":"Protecci\u00f3n al consumidor financiero, educaci\u00f3n financiera","description":"Protecci\u00f3n al consumidor financiero, educaci\u00f3n financiera","robots":{"index":"index","follow":"follow","max-snippet":"max-snippet:-1","max-image-preview":"max-image-preview:large","max-video-preview":"max-video-preview:-1"},"canonical":"https:\/\/www.fundacionmicrofinanzasbbva.org\/revistaprogreso\/proteccion-al-consumidor-financiero-educacion-financiera\/","og_locale":"es_ES","og_type":"article","og_title":"Protecci\u00f3n al consumidor financiero, educaci\u00f3n financiera","og_description":"Protecci\u00f3n al consumidor financiero, educaci\u00f3n financiera","og_url":"https:\/\/www.fundacionmicrofinanzasbbva.org\/revistaprogreso\/proteccion-al-consumidor-financiero-educacion-financiera\/","og_site_name":"Progreso","article_publisher":"https:\/\/www.facebook.com\/fundacionmicrofinanzasbbva","article_published_time":"2015-05-12T13:11:35+00:00","article_modified_time":"2017-12-01T11:46:46+00:00","og_image":[{"width":400,"height":300,"url":"https:\/\/fundacionmicrofinanzasbbva.org\/revistaprogreso\/wp-content\/uploads\/2015\/05\/3-educa.jpg","type":"image\/jpeg"}],"author":"karessa Ramos","twitter_card":"summary_large_image","twitter_creator":"@FMBBVA","twitter_site":"@FMBBVA","twitter_misc":{"Escrito por":"karessa Ramos"},"schema":{"@context":"https:\/\/schema.org","@graph":[{"@type":"Article","@id":"https:\/\/www.fundacionmicrofinanzasbbva.org\/revistaprogreso\/proteccion-al-consumidor-financiero-educacion-financiera\/#article","isPartOf":{"@id":"https:\/\/www.fundacionmicrofinanzasbbva.org\/revistaprogreso\/proteccion-al-consumidor-financiero-educacion-financiera\/"},"author":{"name":"karessa Ramos","@id":"https:\/\/www.fundacionmicrofinanzasbbva.org\/revistaprogreso\/#\/schema\/person\/4a3fe64f7988998aa5e22913c8147baf"},"headline":"Protecci\u00f3n al consumidor financiero, educaci\u00f3n financiera","datePublished":"2015-05-12T13:11:35+00:00","dateModified":"2017-12-01T11:46:46+00:00","mainEntityOfPage":{"@id":"https:\/\/www.fundacionmicrofinanzasbbva.org\/revistaprogreso\/proteccion-al-consumidor-financiero-educacion-financiera\/"},"wordCount":83,"commentCount":0,"publisher":{"@id":"https:\/\/www.fundacionmicrofinanzasbbva.org\/revistaprogreso\/#organization"},"image":{"@id":"https:\/\/www.fundacionmicrofinanzasbbva.org\/revistaprogreso\/proteccion-al-consumidor-financiero-educacion-financiera\/#primaryimage"},"thumbnailUrl":"https:\/\/www.fundacionmicrofinanzasbbva.org\/revistaprogreso\/wp-content\/uploads\/2015\/05\/3-educa.jpg","inLanguage":"es"},{"@type":"WebPage","@id":"https:\/\/www.fundacionmicrofinanzasbbva.org\/revistaprogreso\/proteccion-al-consumidor-financiero-educacion-financiera\/","url":"https:\/\/www.fundacionmicrofinanzasbbva.org\/revistaprogreso\/proteccion-al-consumidor-financiero-educacion-financiera\/","name":"Protecci\u00f3n al consumidor financiero, educaci\u00f3n financiera","isPartOf":{"@id":"https:\/\/www.fundacionmicrofinanzasbbva.org\/revistaprogreso\/#website"},"primaryImageOfPage":{"@id":"https:\/\/www.fundacionmicrofinanzasbbva.org\/revistaprogreso\/proteccion-al-consumidor-financiero-educacion-financiera\/#primaryimage"},"image":{"@id":"https:\/\/www.fundacionmicrofinanzasbbva.org\/revistaprogreso\/proteccion-al-consumidor-financiero-educacion-financiera\/#primaryimage"},"thumbnailUrl":"https:\/\/www.fundacionmicrofinanzasbbva.org\/revistaprogreso\/wp-content\/uploads\/2015\/05\/3-educa.jpg","datePublished":"2015-05-12T13:11:35+00:00","dateModified":"2017-12-01T11:46:46+00:00","description":"Protecci\u00f3n al consumidor financiero, educaci\u00f3n financiera","breadcrumb":{"@id":"https:\/\/www.fundacionmicrofinanzasbbva.org\/revistaprogreso\/proteccion-al-consumidor-financiero-educacion-financiera\/#breadcrumb"},"inLanguage":"es","potentialAction":[{"@type":"ReadAction","target":["https:\/\/www.fundacionmicrofinanzasbbva.org\/revistaprogreso\/proteccion-al-consumidor-financiero-educacion-financiera\/"]}]},{"@type":"ImageObject","inLanguage":"es","@id":"https:\/\/www.fundacionmicrofinanzasbbva.org\/revistaprogreso\/proteccion-al-consumidor-financiero-educacion-financiera\/#primaryimage","url":"https:\/\/www.fundacionmicrofinanzasbbva.org\/revistaprogreso\/wp-content\/uploads\/2015\/05\/3-educa.jpg","contentUrl":"https:\/\/www.fundacionmicrofinanzasbbva.org\/revistaprogreso\/wp-content\/uploads\/2015\/05\/3-educa.jpg","width":400,"height":300},{"@type":"BreadcrumbList","@id":"https:\/\/www.fundacionmicrofinanzasbbva.org\/revistaprogreso\/proteccion-al-consumidor-financiero-educacion-financiera\/#breadcrumb","itemListElement":[{"@type":"ListItem","position":1,"name":"Portada","item":"https:\/\/www.fundacionmicrofinanzasbbva.org\/revistaprogreso\/"},{"@type":"ListItem","position":2,"name":"Protecci\u00f3n al consumidor financiero, educaci\u00f3n financiera"}]},{"@type":"WebSite","@id":"https:\/\/www.fundacionmicrofinanzasbbva.org\/revistaprogreso\/#website","url":"https:\/\/www.fundacionmicrofinanzasbbva.org\/revistaprogreso\/","name":"Revista Progreso","description":"Revista de Actualidad Jur\u00eddica","publisher":{"@id":"https:\/\/www.fundacionmicrofinanzasbbva.org\/revistaprogreso\/#organization"},"alternateName":"Revista Progreso","potentialAction":[{"@type":"SearchAction","target":{"@type":"EntryPoint","urlTemplate":"https:\/\/www.fundacionmicrofinanzasbbva.org\/revistaprogreso\/?s={search_term_string}"},"query-input":{"@type":"PropertyValueSpecification","valueRequired":true,"valueName":"search_term_string"}}],"inLanguage":"es"},{"@type":"Organization","@id":"https:\/\/www.fundacionmicrofinanzasbbva.org\/revistaprogreso\/#organization","name":"Revista Progreso","alternateName":"Revista Progreso","url":"https:\/\/www.fundacionmicrofinanzasbbva.org\/revistaprogreso\/","logo":{"@type":"ImageObject","inLanguage":"es","@id":"https:\/\/www.fundacionmicrofinanzasbbva.org\/revistaprogreso\/#\/schema\/logo\/image\/","url":"https:\/\/www.fundacionmicrofinanzasbbva.org\/revistaprogreso\/wp-content\/uploads\/2023\/09\/Logo-FMBBVA-AZUL.png","contentUrl":"https:\/\/www.fundacionmicrofinanzasbbva.org\/revistaprogreso\/wp-content\/uploads\/2023\/09\/Logo-FMBBVA-AZUL.png","width":6173,"height":1001,"caption":"Revista Progreso"},"image":{"@id":"https:\/\/www.fundacionmicrofinanzasbbva.org\/revistaprogreso\/#\/schema\/logo\/image\/"},"sameAs":["https:\/\/www.facebook.com\/fundacionmicrofinanzasbbva","https:\/\/x.com\/FMBBVA","https:\/\/www.linkedin.com\/company\/fundacin-microfinanzas-bbva\/","https:\/\/www.instagram.com\/somosfmbbva\/"]},{"@type":"Person","@id":"https:\/\/www.fundacionmicrofinanzasbbva.org\/revistaprogreso\/#\/schema\/person\/4a3fe64f7988998aa5e22913c8147baf","name":"karessa Ramos","image":{"@type":"ImageObject","inLanguage":"es","@id":"https:\/\/www.fundacionmicrofinanzasbbva.org\/revistaprogreso\/#\/schema\/person\/image\/","url":"https:\/\/secure.gravatar.com\/avatar\/a2388109b4325a6fb9c892c3212e430cdc0835c8fc1c1a41f4cc2a3b175b81c5?s=96&d=mm&r=g","contentUrl":"https:\/\/secure.gravatar.com\/avatar\/a2388109b4325a6fb9c892c3212e430cdc0835c8fc1c1a41f4cc2a3b175b81c5?s=96&d=mm&r=g","caption":"karessa Ramos"},"url":"https:\/\/www.fundacionmicrofinanzasbbva.org\/revistaprogreso\/author\/karessa\/"}]}},"_links":{"self":[{"href":"https:\/\/www.fundacionmicrofinanzasbbva.org\/revistaprogreso\/wp-json\/wp\/v2\/posts\/92","targetHints":{"allow":["GET"]}}],"collection":[{"href":"https:\/\/www.fundacionmicrofinanzasbbva.org\/revistaprogreso\/wp-json\/wp\/v2\/posts"}],"about":[{"href":"https:\/\/www.fundacionmicrofinanzasbbva.org\/revistaprogreso\/wp-json\/wp\/v2\/types\/post"}],"author":[{"embeddable":true,"href":"https:\/\/www.fundacionmicrofinanzasbbva.org\/revistaprogreso\/wp-json\/wp\/v2\/users\/30"}],"replies":[{"embeddable":true,"href":"https:\/\/www.fundacionmicrofinanzasbbva.org\/revistaprogreso\/wp-json\/wp\/v2\/comments?post=92"}],"version-history":[{"count":0,"href":"https:\/\/www.fundacionmicrofinanzasbbva.org\/revistaprogreso\/wp-json\/wp\/v2\/posts\/92\/revisions"}],"wp:featuredmedia":[{"embeddable":true,"href":"https:\/\/www.fundacionmicrofinanzasbbva.org\/revistaprogreso\/wp-json\/wp\/v2\/media\/10115"}],"wp:attachment":[{"href":"https:\/\/www.fundacionmicrofinanzasbbva.org\/revistaprogreso\/wp-json\/wp\/v2\/media?parent=92"}],"wp:term":[{"taxonomy":"post_tag","embeddable":true,"href":"https:\/\/www.fundacionmicrofinanzasbbva.org\/revistaprogreso\/wp-json\/wp\/v2\/tags?post=92"}],"curies":[{"name":"wp","href":"https:\/\/api.w.org\/{rel}","templated":true}]}}