{"id":8170,"date":"2017-09-11T15:39:25","date_gmt":"2017-09-11T15:39:25","guid":{"rendered":"http:\/\/progresomicrofinanzas.org\/?p=8170\/"},"modified":"2017-11-23T17:59:34","modified_gmt":"2017-11-23T17:59:34","slug":"desiguales-origenes-cambios-y-desafios-de-la-brecha-social-en-chile","status":"publish","type":"post","link":"https:\/\/www.fundacionmicrofinanzasbbva.org\/revistaprogreso\/desiguales-origenes-cambios-y-desafios-de-la-brecha-social-en-chile\/","title":{"rendered":"Desiguales. Or\u00edgenes, cambios y desaf\u00edos de la brecha social en Chile"},"content":{"rendered":"<div class=\"pdfprnt-buttons pdfprnt-buttons-post pdfprnt-top-right\"><a href=\"https:\/\/www.fundacionmicrofinanzasbbva.org\/revistaprogreso\/wp-json\/wp\/v2\/posts\/8170?print=pdf\" class=\"pdfprnt-button pdfprnt-button-pdf\" target=\"_blank\"><img decoding=\"async\" src=\"https:\/\/www.fundacionmicrofinanzasbbva.org\/revistaprogreso\/wp-content\/plugins\/pdf-print\/images\/pdf.png\" alt=\"image_pdf\" title=\"Ver PDF\" \/><\/a><a href=\"https:\/\/www.fundacionmicrofinanzasbbva.org\/revistaprogreso\/wp-json\/wp\/v2\/posts\/8170?print=print\" class=\"pdfprnt-button pdfprnt-button-print\" target=\"_blank\"><img decoding=\"async\" src=\"https:\/\/www.fundacionmicrofinanzasbbva.org\/revistaprogreso\/wp-content\/plugins\/pdf-print\/images\/print.png\" alt=\"image_print\" title=\"Imprimir contenido\" \/><\/a><\/div><p><span style=\"font-weight: 400;\">El pasado mes de junio Silvia Rucks, representante del Programa de las Naciones Unidas para el Desarrollo (PNUD) en Chile, present\u00f3 el libro <\/span><i><span style=\"font-weight: 400;\">DESIGUALES. Or\u00edgenes, cambios y desaf\u00edos de la brecha social en Chile<\/span><\/i><span style=\"font-weight: 400;\">. Un estudio del PNUD que dibuja la realidad del pa\u00eds y que reviste una gran importancia teniendo en cuenta que la reducci\u00f3n de la desigualdad es uno de los 17 Objetivos de Desarrollo Sostenible (ODS) previsto en el marco de la Agenda 2030 y de la que Chile es pa\u00eds<\/span> <span style=\"font-weight: 400;\">firmante.<\/span><\/p>\n<p><span style=\"font-weight: 400;\">En los \u00faltimos 30 a\u00f1os, Chile ha conseguido grandes avances para el bienestar de su poblaci\u00f3n. De hecho, en Am\u00e9rica Latina, es uno de los pa\u00edses clasificados como de ingresos medios altos, su tasa de pobreza se sit\u00faa muy por debajo del promedio de la Regi\u00f3n y encabeza el \u00cdndice de Desarrollo Humano (IDH). Sin embargo, la reducci\u00f3n de la desigualdad es todav\u00eda un problema social muy relevante.<\/span><\/p>\n<p><span style=\"font-weight: 400;\">A lo largo del libro se exponen diversos aspectos \u00edntimamente ligados a la desigualdad de la sociedad chilena y, para ello, se utilizan dos perspectivas: la que ata\u00f1e a las estructuras sociales y la referida a los ideales de igualdad y sentimientos de justicia o injusticia. Esto es as\u00ed, porque la desigualdad va m\u00e1s all\u00e1 de los aspectos socioecon\u00f3micos tradicionales (ingresos, educaci\u00f3n, salud o calidad de vida) abarcando a su vez factores como el respeto con que son tratadas las personas. A estos efectos, y ofreciendo evidencias cuantitativas y cualitativas, el estudio reconoce la desigualdad relacionada con el trato digno y la no discriminaci\u00f3n.<\/span><\/p>\n<p><span style=\"font-weight: 400;\">El documento, entre otras ideas, menciona la clasificaci\u00f3n introducida por el Banco Mundial atendiendo a los niveles de riqueza de Am\u00e9rica Latina. Seg\u00fan esta instituci\u00f3n, existen cuatro grupos: pobres, vulnerables, clases medias y clase alta. Por su parte, el an\u00e1lisis propone otra categorizaci\u00f3n; reconociendo las clases bajas, clases medias bajas, clases medias y clases medias altas y altas seg\u00fan las ocupaciones profesionales de sus integrantes y estableciendo una relaci\u00f3n entre los estudios y nivel de ingresos salariales percibidos.<\/span><\/p>\n<p><span style=\"font-weight: 400;\">Adem\u00e1s, alude a los resultados obtenidos de la encuesta PNUD 2017; seg\u00fan la cual, el 41% de la poblaci\u00f3n consultada declar\u00f3 haber experimentado en el a\u00f1o precedente alguna forma de malos tratos. Lo m\u00e1s sorprendente fueron las razones esgrimidas: la clase social (43%) y ser mujer (41%,), el lugar donde vive (28%), la vestimenta (28%) y el trabajo u ocupaci\u00f3n (27%).<\/span><\/p>\n<p><span style=\"font-weight: 400;\">Entre las conclusiones que se desprenden del exhaustivo informe destacan las siguientes:<\/span><\/p>\n<ul>\n<li style=\"font-weight: 400;\"><span style=\"font-weight: 400;\">A pesar de los avances obtenidos en los \u00faltimos 15 a\u00f1os, es necesario seguir actuando para reducir las grandes brechas de ingresos existentes entre los estratos sociales. Ejemplo de ello son los resultados obtenidos del coeficiente de Gini en 2015: en Chile alcanz\u00f3 el 48%, mientras que casi todos los pa\u00edses miembros de la OCDE presentaron porcentajes por debajo del 35%.<\/span><\/li>\n<li style=\"font-weight: 400;\"><span style=\"font-weight: 400;\">La trayectoria hist\u00f3rica demuestra que Chile se ha distinguido por ostentar una elevada desigualdad socioecon\u00f3mica, siendo los m\u00e1s pobres el colectivo m\u00e1s discriminado.<\/span><\/li>\n<li style=\"font-weight: 400;\"><span style=\"font-weight: 400;\">La desigualdad de salarios que presenta Chile es una de las m\u00e1s elevadas entre los pa\u00edses de la OCDE a pesar de que el nivel general de salarios creci\u00f3 una media del 120% entre 1990 y 2015.<\/span><\/li>\n<li style=\"font-weight: 400;\"><span style=\"font-weight: 400;\">La clase social en la que se nace determina el futuro econ\u00f3mico de las personas, siendo muy dif\u00edcil cambiar el origen social de nacimiento.<\/span><\/li>\n<li style=\"font-weight: 400;\"><span style=\"font-weight: 400;\">La redistribuci\u00f3n fiscal y los mecanismos de seguridad social han sido eficaces para reducir la desigualdad en los \u00faltimos 5 lustros pero todav\u00eda son insuficientes considerando el potencial que tienen estos mecanismos en lo que a la disminuci\u00f3n de la desigualdad se refiere.<\/span><\/li>\n<\/ul>\n<p><span style=\"font-weight: 400;\">Ante este panorama, el objetivo del libro es indudable: avanzar hacia un desarrollo m\u00e1s inclusivo y un pa\u00eds con mayor igualdad social.<\/span><\/p>\n","protected":false},"excerpt":{"rendered":"<p>El pasado mes de junio Silvia Rucks, representante del Programa de las Naciones Unidas para el Desarrollo (PNUD) en Chile, present\u00f3 el libro DESIGUALES. Or\u00edgenes, cambios y desaf\u00edos de la brecha social en Chile. Un estudio del PNUD que dibuja la realidad del pa\u00eds y que reviste una gran importancia teniendo en cuenta que la [&hellip;]<\/p>\n","protected":false},"author":30,"featured_media":9225,"comment_status":"open","ping_status":"open","sticky":false,"template":"","format":"standard","meta":{"_acf_changed":false,"footnotes":""},"tags":[],"class_list":["post-8170","post","type-post","status-publish","format-standard","has-post-thumbnail","hentry","numero-12m","seccion-documentos-de-interes-microfinanzas"],"acf":[],"yoast_head":"<!-- This site is optimized with the Yoast SEO plugin v26.8 - https:\/\/yoast.com\/product\/yoast-seo-wordpress\/ -->\n<title>Desiguales. Or\u00edgenes, cambios y desaf\u00edos de la brecha social en Chile<\/title>\n<meta name=\"description\" content=\"Desiguales. Or\u00edgenes, cambios y desaf\u00edos de la brecha social en Chile\" \/>\n<meta name=\"robots\" content=\"index, follow, max-snippet:-1, max-image-preview:large, max-video-preview:-1\" \/>\n<link rel=\"canonical\" href=\"https:\/\/www.fundacionmicrofinanzasbbva.org\/revistaprogreso\/desiguales-origenes-cambios-y-desafios-de-la-brecha-social-en-chile\/\" \/>\n<meta property=\"og:locale\" content=\"es_ES\" \/>\n<meta property=\"og:type\" content=\"article\" \/>\n<meta property=\"og:title\" content=\"Desiguales. Or\u00edgenes, cambios y desaf\u00edos de la brecha social en Chile\" \/>\n<meta property=\"og:description\" content=\"Desiguales. Or\u00edgenes, cambios y desaf\u00edos de la brecha social en Chile\" \/>\n<meta property=\"og:url\" content=\"https:\/\/www.fundacionmicrofinanzasbbva.org\/revistaprogreso\/desiguales-origenes-cambios-y-desafios-de-la-brecha-social-en-chile\/\" \/>\n<meta property=\"og:site_name\" content=\"Progreso\" \/>\n<meta property=\"article:publisher\" content=\"https:\/\/www.facebook.com\/fundacionmicrofinanzasbbva\" \/>\n<meta property=\"article:published_time\" content=\"2017-09-11T15:39:25+00:00\" \/>\n<meta property=\"article:modified_time\" content=\"2017-11-23T17:59:34+00:00\" \/>\n<meta property=\"og:image\" content=\"https:\/\/www.fundacionmicrofinanzasbbva.org\/revistaprogreso\/wp-content\/uploads\/2017\/09\/12-Desiguales.jpg\" \/>\n\t<meta property=\"og:image:width\" content=\"400\" \/>\n\t<meta property=\"og:image:height\" content=\"300\" \/>\n\t<meta property=\"og:image:type\" content=\"image\/jpeg\" \/>\n<meta name=\"author\" content=\"karessa Ramos\" \/>\n<meta name=\"twitter:card\" content=\"summary_large_image\" \/>\n<meta name=\"twitter:creator\" content=\"@FMBBVA\" \/>\n<meta name=\"twitter:site\" content=\"@FMBBVA\" \/>\n<meta name=\"twitter:label1\" content=\"Escrito por\" \/>\n\t<meta name=\"twitter:data1\" content=\"karessa Ramos\" \/>\n\t<meta name=\"twitter:label2\" content=\"Tiempo de lectura\" \/>\n\t<meta name=\"twitter:data2\" content=\"3 minutos\" \/>\n<script type=\"application\/ld+json\" class=\"yoast-schema-graph\">{\"@context\":\"https:\/\/schema.org\",\"@graph\":[{\"@type\":\"Article\",\"@id\":\"https:\/\/www.fundacionmicrofinanzasbbva.org\/revistaprogreso\/desiguales-origenes-cambios-y-desafios-de-la-brecha-social-en-chile\/#article\",\"isPartOf\":{\"@id\":\"https:\/\/www.fundacionmicrofinanzasbbva.org\/revistaprogreso\/desiguales-origenes-cambios-y-desafios-de-la-brecha-social-en-chile\/\"},\"author\":{\"name\":\"karessa Ramos\",\"@id\":\"https:\/\/www.fundacionmicrofinanzasbbva.org\/revistaprogreso\/#\/schema\/person\/4a3fe64f7988998aa5e22913c8147baf\"},\"headline\":\"Desiguales. Or\u00edgenes, cambios y desaf\u00edos de la brecha social en Chile\",\"datePublished\":\"2017-09-11T15:39:25+00:00\",\"dateModified\":\"2017-11-23T17:59:34+00:00\",\"mainEntityOfPage\":{\"@id\":\"https:\/\/www.fundacionmicrofinanzasbbva.org\/revistaprogreso\/desiguales-origenes-cambios-y-desafios-de-la-brecha-social-en-chile\/\"},\"wordCount\":660,\"commentCount\":0,\"publisher\":{\"@id\":\"https:\/\/www.fundacionmicrofinanzasbbva.org\/revistaprogreso\/#organization\"},\"image\":{\"@id\":\"https:\/\/www.fundacionmicrofinanzasbbva.org\/revistaprogreso\/desiguales-origenes-cambios-y-desafios-de-la-brecha-social-en-chile\/#primaryimage\"},\"thumbnailUrl\":\"https:\/\/www.fundacionmicrofinanzasbbva.org\/revistaprogreso\/wp-content\/uploads\/2017\/09\/12-Desiguales.jpg\",\"inLanguage\":\"es\"},{\"@type\":\"WebPage\",\"@id\":\"https:\/\/www.fundacionmicrofinanzasbbva.org\/revistaprogreso\/desiguales-origenes-cambios-y-desafios-de-la-brecha-social-en-chile\/\",\"url\":\"https:\/\/www.fundacionmicrofinanzasbbva.org\/revistaprogreso\/desiguales-origenes-cambios-y-desafios-de-la-brecha-social-en-chile\/\",\"name\":\"Desiguales. Or\u00edgenes, cambios y desaf\u00edos de la brecha social en Chile\",\"isPartOf\":{\"@id\":\"https:\/\/www.fundacionmicrofinanzasbbva.org\/revistaprogreso\/#website\"},\"primaryImageOfPage\":{\"@id\":\"https:\/\/www.fundacionmicrofinanzasbbva.org\/revistaprogreso\/desiguales-origenes-cambios-y-desafios-de-la-brecha-social-en-chile\/#primaryimage\"},\"image\":{\"@id\":\"https:\/\/www.fundacionmicrofinanzasbbva.org\/revistaprogreso\/desiguales-origenes-cambios-y-desafios-de-la-brecha-social-en-chile\/#primaryimage\"},\"thumbnailUrl\":\"https:\/\/www.fundacionmicrofinanzasbbva.org\/revistaprogreso\/wp-content\/uploads\/2017\/09\/12-Desiguales.jpg\",\"datePublished\":\"2017-09-11T15:39:25+00:00\",\"dateModified\":\"2017-11-23T17:59:34+00:00\",\"description\":\"Desiguales. Or\u00edgenes, cambios y desaf\u00edos de la brecha social en Chile\",\"breadcrumb\":{\"@id\":\"https:\/\/www.fundacionmicrofinanzasbbva.org\/revistaprogreso\/desiguales-origenes-cambios-y-desafios-de-la-brecha-social-en-chile\/#breadcrumb\"},\"inLanguage\":\"es\",\"potentialAction\":[{\"@type\":\"ReadAction\",\"target\":[\"https:\/\/www.fundacionmicrofinanzasbbva.org\/revistaprogreso\/desiguales-origenes-cambios-y-desafios-de-la-brecha-social-en-chile\/\"]}]},{\"@type\":\"ImageObject\",\"inLanguage\":\"es\",\"@id\":\"https:\/\/www.fundacionmicrofinanzasbbva.org\/revistaprogreso\/desiguales-origenes-cambios-y-desafios-de-la-brecha-social-en-chile\/#primaryimage\",\"url\":\"https:\/\/www.fundacionmicrofinanzasbbva.org\/revistaprogreso\/wp-content\/uploads\/2017\/09\/12-Desiguales.jpg\",\"contentUrl\":\"https:\/\/www.fundacionmicrofinanzasbbva.org\/revistaprogreso\/wp-content\/uploads\/2017\/09\/12-Desiguales.jpg\",\"width\":400,\"height\":300},{\"@type\":\"BreadcrumbList\",\"@id\":\"https:\/\/www.fundacionmicrofinanzasbbva.org\/revistaprogreso\/desiguales-origenes-cambios-y-desafios-de-la-brecha-social-en-chile\/#breadcrumb\",\"itemListElement\":[{\"@type\":\"ListItem\",\"position\":1,\"name\":\"Portada\",\"item\":\"https:\/\/www.fundacionmicrofinanzasbbva.org\/revistaprogreso\/\"},{\"@type\":\"ListItem\",\"position\":2,\"name\":\"Desiguales. Or\u00edgenes, cambios y desaf\u00edos de la brecha social en Chile\"}]},{\"@type\":\"WebSite\",\"@id\":\"https:\/\/www.fundacionmicrofinanzasbbva.org\/revistaprogreso\/#website\",\"url\":\"https:\/\/www.fundacionmicrofinanzasbbva.org\/revistaprogreso\/\",\"name\":\"Revista Progreso\",\"description\":\"Revista de Actualidad Jur\u00eddica\",\"publisher\":{\"@id\":\"https:\/\/www.fundacionmicrofinanzasbbva.org\/revistaprogreso\/#organization\"},\"alternateName\":\"Revista Progreso\",\"potentialAction\":[{\"@type\":\"SearchAction\",\"target\":{\"@type\":\"EntryPoint\",\"urlTemplate\":\"https:\/\/www.fundacionmicrofinanzasbbva.org\/revistaprogreso\/?s={search_term_string}\"},\"query-input\":{\"@type\":\"PropertyValueSpecification\",\"valueRequired\":true,\"valueName\":\"search_term_string\"}}],\"inLanguage\":\"es\"},{\"@type\":\"Organization\",\"@id\":\"https:\/\/www.fundacionmicrofinanzasbbva.org\/revistaprogreso\/#organization\",\"name\":\"Revista Progreso\",\"alternateName\":\"Revista Progreso\",\"url\":\"https:\/\/www.fundacionmicrofinanzasbbva.org\/revistaprogreso\/\",\"logo\":{\"@type\":\"ImageObject\",\"inLanguage\":\"es\",\"@id\":\"https:\/\/www.fundacionmicrofinanzasbbva.org\/revistaprogreso\/#\/schema\/logo\/image\/\",\"url\":\"https:\/\/www.fundacionmicrofinanzasbbva.org\/revistaprogreso\/wp-content\/uploads\/2023\/09\/Logo-FMBBVA-AZUL.png\",\"contentUrl\":\"https:\/\/www.fundacionmicrofinanzasbbva.org\/revistaprogreso\/wp-content\/uploads\/2023\/09\/Logo-FMBBVA-AZUL.png\",\"width\":6173,\"height\":1001,\"caption\":\"Revista Progreso\"},\"image\":{\"@id\":\"https:\/\/www.fundacionmicrofinanzasbbva.org\/revistaprogreso\/#\/schema\/logo\/image\/\"},\"sameAs\":[\"https:\/\/www.facebook.com\/fundacionmicrofinanzasbbva\",\"https:\/\/x.com\/FMBBVA\",\"https:\/\/www.linkedin.com\/company\/fundacin-microfinanzas-bbva\/\",\"https:\/\/www.instagram.com\/somosfmbbva\/\"]},{\"@type\":\"Person\",\"@id\":\"https:\/\/www.fundacionmicrofinanzasbbva.org\/revistaprogreso\/#\/schema\/person\/4a3fe64f7988998aa5e22913c8147baf\",\"name\":\"karessa Ramos\",\"image\":{\"@type\":\"ImageObject\",\"inLanguage\":\"es\",\"@id\":\"https:\/\/www.fundacionmicrofinanzasbbva.org\/revistaprogreso\/#\/schema\/person\/image\/\",\"url\":\"https:\/\/secure.gravatar.com\/avatar\/a2388109b4325a6fb9c892c3212e430cdc0835c8fc1c1a41f4cc2a3b175b81c5?s=96&d=mm&r=g\",\"contentUrl\":\"https:\/\/secure.gravatar.com\/avatar\/a2388109b4325a6fb9c892c3212e430cdc0835c8fc1c1a41f4cc2a3b175b81c5?s=96&d=mm&r=g\",\"caption\":\"karessa Ramos\"},\"url\":\"https:\/\/www.fundacionmicrofinanzasbbva.org\/revistaprogreso\/author\/karessa\/\"}]}<\/script>\n<!-- \/ Yoast SEO plugin. -->","yoast_head_json":{"title":"Desiguales. Or\u00edgenes, cambios y desaf\u00edos de la brecha social en Chile","description":"Desiguales. Or\u00edgenes, cambios y desaf\u00edos de la brecha social en Chile","robots":{"index":"index","follow":"follow","max-snippet":"max-snippet:-1","max-image-preview":"max-image-preview:large","max-video-preview":"max-video-preview:-1"},"canonical":"https:\/\/www.fundacionmicrofinanzasbbva.org\/revistaprogreso\/desiguales-origenes-cambios-y-desafios-de-la-brecha-social-en-chile\/","og_locale":"es_ES","og_type":"article","og_title":"Desiguales. Or\u00edgenes, cambios y desaf\u00edos de la brecha social en Chile","og_description":"Desiguales. Or\u00edgenes, cambios y desaf\u00edos de la brecha social en Chile","og_url":"https:\/\/www.fundacionmicrofinanzasbbva.org\/revistaprogreso\/desiguales-origenes-cambios-y-desafios-de-la-brecha-social-en-chile\/","og_site_name":"Progreso","article_publisher":"https:\/\/www.facebook.com\/fundacionmicrofinanzasbbva","article_published_time":"2017-09-11T15:39:25+00:00","article_modified_time":"2017-11-23T17:59:34+00:00","og_image":[{"width":400,"height":300,"url":"https:\/\/www.fundacionmicrofinanzasbbva.org\/revistaprogreso\/wp-content\/uploads\/2017\/09\/12-Desiguales.jpg","type":"image\/jpeg"}],"author":"karessa Ramos","twitter_card":"summary_large_image","twitter_creator":"@FMBBVA","twitter_site":"@FMBBVA","twitter_misc":{"Escrito por":"karessa Ramos","Tiempo de lectura":"3 minutos"},"schema":{"@context":"https:\/\/schema.org","@graph":[{"@type":"Article","@id":"https:\/\/www.fundacionmicrofinanzasbbva.org\/revistaprogreso\/desiguales-origenes-cambios-y-desafios-de-la-brecha-social-en-chile\/#article","isPartOf":{"@id":"https:\/\/www.fundacionmicrofinanzasbbva.org\/revistaprogreso\/desiguales-origenes-cambios-y-desafios-de-la-brecha-social-en-chile\/"},"author":{"name":"karessa Ramos","@id":"https:\/\/www.fundacionmicrofinanzasbbva.org\/revistaprogreso\/#\/schema\/person\/4a3fe64f7988998aa5e22913c8147baf"},"headline":"Desiguales. Or\u00edgenes, cambios y desaf\u00edos de la brecha social en Chile","datePublished":"2017-09-11T15:39:25+00:00","dateModified":"2017-11-23T17:59:34+00:00","mainEntityOfPage":{"@id":"https:\/\/www.fundacionmicrofinanzasbbva.org\/revistaprogreso\/desiguales-origenes-cambios-y-desafios-de-la-brecha-social-en-chile\/"},"wordCount":660,"commentCount":0,"publisher":{"@id":"https:\/\/www.fundacionmicrofinanzasbbva.org\/revistaprogreso\/#organization"},"image":{"@id":"https:\/\/www.fundacionmicrofinanzasbbva.org\/revistaprogreso\/desiguales-origenes-cambios-y-desafios-de-la-brecha-social-en-chile\/#primaryimage"},"thumbnailUrl":"https:\/\/www.fundacionmicrofinanzasbbva.org\/revistaprogreso\/wp-content\/uploads\/2017\/09\/12-Desiguales.jpg","inLanguage":"es"},{"@type":"WebPage","@id":"https:\/\/www.fundacionmicrofinanzasbbva.org\/revistaprogreso\/desiguales-origenes-cambios-y-desafios-de-la-brecha-social-en-chile\/","url":"https:\/\/www.fundacionmicrofinanzasbbva.org\/revistaprogreso\/desiguales-origenes-cambios-y-desafios-de-la-brecha-social-en-chile\/","name":"Desiguales. Or\u00edgenes, cambios y desaf\u00edos de la brecha social en Chile","isPartOf":{"@id":"https:\/\/www.fundacionmicrofinanzasbbva.org\/revistaprogreso\/#website"},"primaryImageOfPage":{"@id":"https:\/\/www.fundacionmicrofinanzasbbva.org\/revistaprogreso\/desiguales-origenes-cambios-y-desafios-de-la-brecha-social-en-chile\/#primaryimage"},"image":{"@id":"https:\/\/www.fundacionmicrofinanzasbbva.org\/revistaprogreso\/desiguales-origenes-cambios-y-desafios-de-la-brecha-social-en-chile\/#primaryimage"},"thumbnailUrl":"https:\/\/www.fundacionmicrofinanzasbbva.org\/revistaprogreso\/wp-content\/uploads\/2017\/09\/12-Desiguales.jpg","datePublished":"2017-09-11T15:39:25+00:00","dateModified":"2017-11-23T17:59:34+00:00","description":"Desiguales. Or\u00edgenes, cambios y desaf\u00edos de la brecha social en Chile","breadcrumb":{"@id":"https:\/\/www.fundacionmicrofinanzasbbva.org\/revistaprogreso\/desiguales-origenes-cambios-y-desafios-de-la-brecha-social-en-chile\/#breadcrumb"},"inLanguage":"es","potentialAction":[{"@type":"ReadAction","target":["https:\/\/www.fundacionmicrofinanzasbbva.org\/revistaprogreso\/desiguales-origenes-cambios-y-desafios-de-la-brecha-social-en-chile\/"]}]},{"@type":"ImageObject","inLanguage":"es","@id":"https:\/\/www.fundacionmicrofinanzasbbva.org\/revistaprogreso\/desiguales-origenes-cambios-y-desafios-de-la-brecha-social-en-chile\/#primaryimage","url":"https:\/\/www.fundacionmicrofinanzasbbva.org\/revistaprogreso\/wp-content\/uploads\/2017\/09\/12-Desiguales.jpg","contentUrl":"https:\/\/www.fundacionmicrofinanzasbbva.org\/revistaprogreso\/wp-content\/uploads\/2017\/09\/12-Desiguales.jpg","width":400,"height":300},{"@type":"BreadcrumbList","@id":"https:\/\/www.fundacionmicrofinanzasbbva.org\/revistaprogreso\/desiguales-origenes-cambios-y-desafios-de-la-brecha-social-en-chile\/#breadcrumb","itemListElement":[{"@type":"ListItem","position":1,"name":"Portada","item":"https:\/\/www.fundacionmicrofinanzasbbva.org\/revistaprogreso\/"},{"@type":"ListItem","position":2,"name":"Desiguales. Or\u00edgenes, cambios y desaf\u00edos de la brecha social en Chile"}]},{"@type":"WebSite","@id":"https:\/\/www.fundacionmicrofinanzasbbva.org\/revistaprogreso\/#website","url":"https:\/\/www.fundacionmicrofinanzasbbva.org\/revistaprogreso\/","name":"Revista Progreso","description":"Revista de Actualidad Jur\u00eddica","publisher":{"@id":"https:\/\/www.fundacionmicrofinanzasbbva.org\/revistaprogreso\/#organization"},"alternateName":"Revista Progreso","potentialAction":[{"@type":"SearchAction","target":{"@type":"EntryPoint","urlTemplate":"https:\/\/www.fundacionmicrofinanzasbbva.org\/revistaprogreso\/?s={search_term_string}"},"query-input":{"@type":"PropertyValueSpecification","valueRequired":true,"valueName":"search_term_string"}}],"inLanguage":"es"},{"@type":"Organization","@id":"https:\/\/www.fundacionmicrofinanzasbbva.org\/revistaprogreso\/#organization","name":"Revista Progreso","alternateName":"Revista Progreso","url":"https:\/\/www.fundacionmicrofinanzasbbva.org\/revistaprogreso\/","logo":{"@type":"ImageObject","inLanguage":"es","@id":"https:\/\/www.fundacionmicrofinanzasbbva.org\/revistaprogreso\/#\/schema\/logo\/image\/","url":"https:\/\/www.fundacionmicrofinanzasbbva.org\/revistaprogreso\/wp-content\/uploads\/2023\/09\/Logo-FMBBVA-AZUL.png","contentUrl":"https:\/\/www.fundacionmicrofinanzasbbva.org\/revistaprogreso\/wp-content\/uploads\/2023\/09\/Logo-FMBBVA-AZUL.png","width":6173,"height":1001,"caption":"Revista Progreso"},"image":{"@id":"https:\/\/www.fundacionmicrofinanzasbbva.org\/revistaprogreso\/#\/schema\/logo\/image\/"},"sameAs":["https:\/\/www.facebook.com\/fundacionmicrofinanzasbbva","https:\/\/x.com\/FMBBVA","https:\/\/www.linkedin.com\/company\/fundacin-microfinanzas-bbva\/","https:\/\/www.instagram.com\/somosfmbbva\/"]},{"@type":"Person","@id":"https:\/\/www.fundacionmicrofinanzasbbva.org\/revistaprogreso\/#\/schema\/person\/4a3fe64f7988998aa5e22913c8147baf","name":"karessa Ramos","image":{"@type":"ImageObject","inLanguage":"es","@id":"https:\/\/www.fundacionmicrofinanzasbbva.org\/revistaprogreso\/#\/schema\/person\/image\/","url":"https:\/\/secure.gravatar.com\/avatar\/a2388109b4325a6fb9c892c3212e430cdc0835c8fc1c1a41f4cc2a3b175b81c5?s=96&d=mm&r=g","contentUrl":"https:\/\/secure.gravatar.com\/avatar\/a2388109b4325a6fb9c892c3212e430cdc0835c8fc1c1a41f4cc2a3b175b81c5?s=96&d=mm&r=g","caption":"karessa Ramos"},"url":"https:\/\/www.fundacionmicrofinanzasbbva.org\/revistaprogreso\/author\/karessa\/"}]}},"_links":{"self":[{"href":"https:\/\/www.fundacionmicrofinanzasbbva.org\/revistaprogreso\/wp-json\/wp\/v2\/posts\/8170","targetHints":{"allow":["GET"]}}],"collection":[{"href":"https:\/\/www.fundacionmicrofinanzasbbva.org\/revistaprogreso\/wp-json\/wp\/v2\/posts"}],"about":[{"href":"https:\/\/www.fundacionmicrofinanzasbbva.org\/revistaprogreso\/wp-json\/wp\/v2\/types\/post"}],"author":[{"embeddable":true,"href":"https:\/\/www.fundacionmicrofinanzasbbva.org\/revistaprogreso\/wp-json\/wp\/v2\/users\/30"}],"replies":[{"embeddable":true,"href":"https:\/\/www.fundacionmicrofinanzasbbva.org\/revistaprogreso\/wp-json\/wp\/v2\/comments?post=8170"}],"version-history":[{"count":0,"href":"https:\/\/www.fundacionmicrofinanzasbbva.org\/revistaprogreso\/wp-json\/wp\/v2\/posts\/8170\/revisions"}],"wp:featuredmedia":[{"embeddable":true,"href":"https:\/\/www.fundacionmicrofinanzasbbva.org\/revistaprogreso\/wp-json\/wp\/v2\/media\/9225"}],"wp:attachment":[{"href":"https:\/\/www.fundacionmicrofinanzasbbva.org\/revistaprogreso\/wp-json\/wp\/v2\/media?parent=8170"}],"wp:term":[{"taxonomy":"post_tag","embeddable":true,"href":"https:\/\/www.fundacionmicrofinanzasbbva.org\/revistaprogreso\/wp-json\/wp\/v2\/tags?post=8170"}],"curies":[{"name":"wp","href":"https:\/\/api.w.org\/{rel}","templated":true}]}}