{"id":7967,"date":"2017-09-11T15:39:30","date_gmt":"2017-09-11T15:39:30","guid":{"rendered":"http:\/\/progresomicrofinanzas.org\/?p=7967\/"},"modified":"2017-11-16T11:59:56","modified_gmt":"2017-11-16T11:59:56","slug":"programa-mujeres-agricultoras-ley-del-programa-mujeres-agricultoras","status":"publish","type":"post","link":"https:\/\/www.fundacionmicrofinanzasbbva.org\/revistaprogreso\/programa-mujeres-agricultoras-ley-del-programa-mujeres-agricultoras\/","title":{"rendered":"Creaci\u00f3n del Programa \u00abMujeres Agricultoras\u00bb"},"content":{"rendered":"<div class=\"pdfprnt-buttons pdfprnt-buttons-post pdfprnt-top-right\"><a href=\"https:\/\/www.fundacionmicrofinanzasbbva.org\/revistaprogreso\/wp-json\/wp\/v2\/posts\/7967?print=pdf\" class=\"pdfprnt-button pdfprnt-button-pdf\" target=\"_blank\" ><img decoding=\"async\" src=\"https:\/\/www.fundacionmicrofinanzasbbva.org\/revistaprogreso\/wp-content\/plugins\/pdf-print\/images\/pdf.png\" alt=\"image_pdf\" title=\"Ver PDF\" \/><\/a><a href=\"https:\/\/www.fundacionmicrofinanzasbbva.org\/revistaprogreso\/wp-json\/wp\/v2\/posts\/7967?print=print\" class=\"pdfprnt-button pdfprnt-button-print\" target=\"_blank\" ><img decoding=\"async\" src=\"https:\/\/www.fundacionmicrofinanzasbbva.org\/revistaprogreso\/wp-content\/plugins\/pdf-print\/images\/print.png\" alt=\"image_print\" title=\"Imprimir contenido\" \/><\/a><\/div><p><span style=\"font-weight: 400;\">El pasado 1 de agosto la Asamblea Legislativa de Puerto Rico aprob\u00f3 la<\/span> <span style=\"font-weight: 400;\">Ley n\u00famero 58<\/span> (Ley 1 de 2017) <span style=\"font-weight: 400;\">por la que se crea el Programa Mujeres Agricultoras adscrito al Departamento de Agricultura de Puerto Rico, el cual tiene por objeto fomentar y desarrollar la participaci\u00f3n de la mujer en el sector agr\u00edcola, brindando ayuda, orientaci\u00f3n y facilitando el acceso a los servicios esenciales a las mujeres agricultoras que la norma define como \u201c<\/span><i><span style=\"font-weight: 400;\">bona fide\u201d<\/span><\/i><span style=\"font-weight: 400;\">.<\/span><\/p>\n<p><b>Mujeres agricultoras bona fide<\/b><\/p>\n<p><span style=\"font-weight: 400;\">En su art\u00edculo 2 c) la norma define \u201c<\/span><i><span style=\"font-weight: 400;\">Agricultora bona fide<\/span><\/i><span style=\"font-weight: 400;\">\u201d como aquella persona natural o jur\u00eddica que durante el a\u00f1o contributivo para el cual reclama deducciones, exenciones o beneficios provistos por la<\/span><a href=\"http:\/\/www2.pr.gov\/ogp\/Bvirtual\/leyesreferencia\/PDF\/Contribuciones\/225-1995\/225-1995.pdf\"> <span style=\"font-weight: 400;\">Ley 225-1995 de Incentivos Contributivos Agr\u00edcolas de Puerto Rico<\/span><\/a><span style=\"font-weight: 400;\"> tenga una certificaci\u00f3n vigente expedida por el Secretario de Agricultura. Este documento ha de confirmar la dedicaci\u00f3n, durante el periodo correspondiente, a la explotaci\u00f3n de una actividad calificada como Negocio Agr\u00edcola y que derive al menos el 50% del ingreso bruto de este negocio como operador, due\u00f1o o arrendatario, seg\u00fan conste en su planilla de contribuci\u00f3n sobre ingresos.<\/span><\/p>\n<p><b>Negocio agr\u00edcola<\/b><\/p>\n<p><span style=\"font-weight: 400;\">Para delimitar el \u00e1mbito de aplicaci\u00f3n, la Ley establece el concepto de Negocio Agr\u00edcola. A este respecto, se considera Negocio Agr\u00edcola toda operaci\u00f3n o explotaci\u00f3n en el Estado Libre Asociado de Puerto Rico de negocios tales como: la labranza y cultivo de la tierra para la producci\u00f3n de frutas y vegetales as\u00ed como de alimentos para seres humanos y animales; la crianza de animales para la producci\u00f3n de carne, leche y huevos; la crianza de caballos; operaciones agroindustriales y agropecuarias; o actividades relacionadas con la pesca y floricultura, entre otros.<\/span><\/p>\n<p><span style=\"font-weight: 400;\">La norma deja abierta la acepci\u00f3n, de manera que asimismo se entender\u00e1 por Negocio Agr\u00edcola aquel que sea reconocido reglamentariamente como tal por la\u00a0Secretar\u00eda de Agricultura de Puerto Rico.<\/span><\/p>\n<p><b>El Programa<\/b><\/p>\n<p><span style=\"font-weight: 400;\">El Programa ofrecer\u00e1 seminarios y talleres directamente relacionados con las necesidades que durante a\u00f1os se han detectado en el sector agr\u00edcola, como son: \u00e1rea de mercadeo, producci\u00f3n, calidad, seguridad y administraci\u00f3n de este tipo de negocios. Estas actividades se realizar\u00e1n a trav\u00e9s de acuerdos de cooperaci\u00f3n entre los Departamentos de Agricultura Estatal y Federal, junto con otras Entidades como el<\/span><a href=\"http:\/\/www.uprm.edu\/ciag\/planificacion\/\"> <span style=\"font-weight: 400;\">Colegio de Ciencias Agr\u00edcolas de la Universidad de Puerto Rico<\/span><\/a><span style=\"font-weight: 400;\"> o la<\/span><a href=\"http:\/\/www.trabajo.pr.gov\/det_content.asp?cn_id=18\"> <span style=\"font-weight: 400;\">Administraci\u00f3n para el Adiestramiento de Futuros Empresarios y Trabajadores del departamento del Trabajo y Recursos Humanos<\/span><\/a><span style=\"font-weight: 400;\">.<\/span><\/p>\n<p><span style=\"font-weight: 400;\">Adicionalmente, y con el fin de facilitar la financiaci\u00f3n de estos proyectos agr\u00edcolas promovidos por mujeres, las entidades citadas en l\u00edneas anteriores y el<\/span><a href=\"https:\/\/www.bde.pr.gov\/BDESite\/index.html\"> <span style=\"font-weight: 400;\">Banco de Desarrollo Econ\u00f3mico de Puerto Rico<\/span><\/a><span style=\"font-weight: 400;\">, otorgar\u00e1n incentivos y ayudas y se prev\u00e9 la posibilidad de recibir aportaciones y donativos para recaudar fondos para el programa.<\/span><\/p>\n<p><b>Investigaciones, estudios e informes.<\/b><\/p>\n<p><span style=\"font-weight: 400;\">Este Programa, en su af\u00e1n de estimular la eficiencia, productividad y mercadeo de los productos agr\u00edcolas locales ofrecidos por mujeres, exige un informe anual que recoja los avances conseguidos. Adicionalmente, se han de promover investigaciones y estudios atendiendo a las necesidades particulares de estas productoras.<\/span><\/p>\n<p>&nbsp;<\/p>\n<p>&nbsp;<\/p>\n","protected":false},"excerpt":{"rendered":"<p>El pasado 1 de agosto la Asamblea Legislativa de Puerto Rico aprob\u00f3 la Ley n\u00famero 58 (Ley 1 de 2017) por la que se crea el Programa Mujeres Agricultoras adscrito al Departamento de Agricultura de Puerto Rico, el cual tiene por objeto fomentar y desarrollar la participaci\u00f3n de la mujer en el sector agr\u00edcola, brindando [&hellip;]<\/p>\n","protected":false},"author":30,"featured_media":7969,"comment_status":"open","ping_status":"open","sticky":false,"template":"","format":"standard","meta":{"_acf_changed":false,"footnotes":""},"tags":[2331,2330,2329,2332,430,844],"class_list":["post-7967","post","type-post","status-publish","format-standard","has-post-thumbnail","hentry","tag-brecha-de-genero","tag-empoderamiento-de-la-mujer","tag-mujeres-agricultoras","tag-productos-agricolas","tag-programas","tag-puerto-rico-2","numero-12m","seccion-legislacion-normas-publicadas-microfinanzas","pais-puerto-rico"],"acf":[],"yoast_head":"<!-- This site is optimized with the Yoast SEO plugin v27.4 - https:\/\/yoast.com\/product\/yoast-seo-wordpress\/ -->\n<title>Creaci\u00f3n del Programa &quot;Mujeres Agricultoras&quot;<\/title>\n<meta name=\"description\" content=\"Ley del Programa Mujeres Agricultoras que tiene por objeto fomentar y desarrollar la participaci\u00f3n de la mujer en el sector agr\u00edcola, brindando ayuda,\" \/>\n<meta name=\"robots\" content=\"index, follow, max-snippet:-1, max-image-preview:large, max-video-preview:-1\" \/>\n<link rel=\"canonical\" href=\"https:\/\/www.fundacionmicrofinanzasbbva.org\/revistaprogreso\/programa-mujeres-agricultoras-ley-del-programa-mujeres-agricultoras\/\" \/>\n<meta property=\"og:locale\" content=\"es_ES\" \/>\n<meta property=\"og:type\" content=\"article\" \/>\n<meta property=\"og:title\" content=\"Creaci\u00f3n del Programa &quot;Mujeres Agricultoras&quot;\" \/>\n<meta property=\"og:description\" content=\"Ley del Programa Mujeres Agricultoras que tiene por objeto fomentar y desarrollar la participaci\u00f3n de la mujer en el sector agr\u00edcola, brindando ayuda,\" \/>\n<meta property=\"og:url\" content=\"https:\/\/www.fundacionmicrofinanzasbbva.org\/revistaprogreso\/programa-mujeres-agricultoras-ley-del-programa-mujeres-agricultoras\/\" \/>\n<meta property=\"og:site_name\" content=\"Progreso\" \/>\n<meta property=\"article:publisher\" content=\"https:\/\/www.facebook.com\/fundacionmicrofinanzasbbva\" \/>\n<meta property=\"article:published_time\" content=\"2017-09-11T15:39:30+00:00\" \/>\n<meta property=\"article:modified_time\" content=\"2017-11-16T11:59:56+00:00\" \/>\n<meta property=\"og:image\" content=\"https:\/\/progresomicrofinanzas.org\/revistaprogreso\/wp-content\/uploads\/2017\/08\/puerto-rico.jpg\" \/>\n\t<meta property=\"og:image:width\" content=\"925\" \/>\n\t<meta property=\"og:image:height\" content=\"691\" \/>\n\t<meta property=\"og:image:type\" content=\"image\/jpeg\" \/>\n<meta name=\"author\" content=\"karessa Ramos\" \/>\n<meta name=\"twitter:card\" content=\"summary_large_image\" \/>\n<meta name=\"twitter:creator\" content=\"@FMBBVA\" \/>\n<meta name=\"twitter:site\" content=\"@FMBBVA\" \/>\n<meta name=\"twitter:label1\" content=\"Escrito por\" \/>\n\t<meta name=\"twitter:data1\" content=\"karessa Ramos\" \/>\n\t<meta name=\"twitter:label2\" content=\"Tiempo de lectura\" \/>\n\t<meta name=\"twitter:data2\" content=\"3 minutos\" \/>\n<script type=\"application\/ld+json\" class=\"yoast-schema-graph\">{\"@context\":\"https:\\\/\\\/schema.org\",\"@graph\":[{\"@type\":\"Article\",\"@id\":\"https:\\\/\\\/www.fundacionmicrofinanzasbbva.org\\\/revistaprogreso\\\/programa-mujeres-agricultoras-ley-del-programa-mujeres-agricultoras\\\/#article\",\"isPartOf\":{\"@id\":\"https:\\\/\\\/www.fundacionmicrofinanzasbbva.org\\\/revistaprogreso\\\/programa-mujeres-agricultoras-ley-del-programa-mujeres-agricultoras\\\/\"},\"author\":{\"name\":\"karessa Ramos\",\"@id\":\"https:\\\/\\\/34.249.117.129\\\/revistaprogreso\\\/en\\\/#\\\/schema\\\/person\\\/4a3fe64f7988998aa5e22913c8147baf\"},\"headline\":\"Creaci\u00f3n del Programa \u00abMujeres Agricultoras\u00bb\",\"datePublished\":\"2017-09-11T15:39:30+00:00\",\"dateModified\":\"2017-11-16T11:59:56+00:00\",\"mainEntityOfPage\":{\"@id\":\"https:\\\/\\\/www.fundacionmicrofinanzasbbva.org\\\/revistaprogreso\\\/programa-mujeres-agricultoras-ley-del-programa-mujeres-agricultoras\\\/\"},\"wordCount\":536,\"commentCount\":0,\"publisher\":{\"@id\":\"https:\\\/\\\/34.249.117.129\\\/revistaprogreso\\\/en\\\/#organization\"},\"image\":{\"@id\":\"https:\\\/\\\/www.fundacionmicrofinanzasbbva.org\\\/revistaprogreso\\\/programa-mujeres-agricultoras-ley-del-programa-mujeres-agricultoras\\\/#primaryimage\"},\"thumbnailUrl\":\"https:\\\/\\\/www.fundacionmicrofinanzasbbva.org\\\/revistaprogreso\\\/wp-content\\\/uploads\\\/2017\\\/08\\\/puerto-rico.jpg\",\"keywords\":[\"brecha de g\u00e9nero\",\"empoderamiento de la mujer\",\"Mujeres agricultoras\",\"productos agr\u00edcolas\",\"programas\",\"Puerto Rico\"],\"inLanguage\":\"es\"},{\"@type\":\"WebPage\",\"@id\":\"https:\\\/\\\/www.fundacionmicrofinanzasbbva.org\\\/revistaprogreso\\\/programa-mujeres-agricultoras-ley-del-programa-mujeres-agricultoras\\\/\",\"url\":\"https:\\\/\\\/www.fundacionmicrofinanzasbbva.org\\\/revistaprogreso\\\/programa-mujeres-agricultoras-ley-del-programa-mujeres-agricultoras\\\/\",\"name\":\"Creaci\u00f3n del Programa \\\"Mujeres Agricultoras\\\"\",\"isPartOf\":{\"@id\":\"https:\\\/\\\/34.249.117.129\\\/revistaprogreso\\\/en\\\/#website\"},\"primaryImageOfPage\":{\"@id\":\"https:\\\/\\\/www.fundacionmicrofinanzasbbva.org\\\/revistaprogreso\\\/programa-mujeres-agricultoras-ley-del-programa-mujeres-agricultoras\\\/#primaryimage\"},\"image\":{\"@id\":\"https:\\\/\\\/www.fundacionmicrofinanzasbbva.org\\\/revistaprogreso\\\/programa-mujeres-agricultoras-ley-del-programa-mujeres-agricultoras\\\/#primaryimage\"},\"thumbnailUrl\":\"https:\\\/\\\/www.fundacionmicrofinanzasbbva.org\\\/revistaprogreso\\\/wp-content\\\/uploads\\\/2017\\\/08\\\/puerto-rico.jpg\",\"datePublished\":\"2017-09-11T15:39:30+00:00\",\"dateModified\":\"2017-11-16T11:59:56+00:00\",\"description\":\"Ley del Programa Mujeres Agricultoras que tiene por objeto fomentar y desarrollar la participaci\u00f3n de la mujer en el sector agr\u00edcola, brindando ayuda,\",\"breadcrumb\":{\"@id\":\"https:\\\/\\\/www.fundacionmicrofinanzasbbva.org\\\/revistaprogreso\\\/programa-mujeres-agricultoras-ley-del-programa-mujeres-agricultoras\\\/#breadcrumb\"},\"inLanguage\":\"es\",\"potentialAction\":[{\"@type\":\"ReadAction\",\"target\":[\"https:\\\/\\\/www.fundacionmicrofinanzasbbva.org\\\/revistaprogreso\\\/programa-mujeres-agricultoras-ley-del-programa-mujeres-agricultoras\\\/\"]}]},{\"@type\":\"ImageObject\",\"inLanguage\":\"es\",\"@id\":\"https:\\\/\\\/www.fundacionmicrofinanzasbbva.org\\\/revistaprogreso\\\/programa-mujeres-agricultoras-ley-del-programa-mujeres-agricultoras\\\/#primaryimage\",\"url\":\"https:\\\/\\\/www.fundacionmicrofinanzasbbva.org\\\/revistaprogreso\\\/wp-content\\\/uploads\\\/2017\\\/08\\\/puerto-rico.jpg\",\"contentUrl\":\"https:\\\/\\\/www.fundacionmicrofinanzasbbva.org\\\/revistaprogreso\\\/wp-content\\\/uploads\\\/2017\\\/08\\\/puerto-rico.jpg\",\"width\":925,\"height\":691},{\"@type\":\"BreadcrumbList\",\"@id\":\"https:\\\/\\\/www.fundacionmicrofinanzasbbva.org\\\/revistaprogreso\\\/programa-mujeres-agricultoras-ley-del-programa-mujeres-agricultoras\\\/#breadcrumb\",\"itemListElement\":[{\"@type\":\"ListItem\",\"position\":1,\"name\":\"Portada\",\"item\":\"https:\\\/\\\/34.249.117.129\\\/revistaprogreso\\\/en\\\/\"},{\"@type\":\"ListItem\",\"position\":2,\"name\":\"Creaci\u00f3n del Programa \u00abMujeres Agricultoras\u00bb\"}]},{\"@type\":\"WebSite\",\"@id\":\"https:\\\/\\\/34.249.117.129\\\/revistaprogreso\\\/en\\\/#website\",\"url\":\"https:\\\/\\\/34.249.117.129\\\/revistaprogreso\\\/en\\\/\",\"name\":\"Revista Progreso\",\"description\":\"Revista de Actualidad Jur\u00eddica\",\"publisher\":{\"@id\":\"https:\\\/\\\/34.249.117.129\\\/revistaprogreso\\\/en\\\/#organization\"},\"alternateName\":\"Revista Progreso\",\"potentialAction\":[{\"@type\":\"SearchAction\",\"target\":{\"@type\":\"EntryPoint\",\"urlTemplate\":\"https:\\\/\\\/34.249.117.129\\\/revistaprogreso\\\/en\\\/?s={search_term_string}\"},\"query-input\":{\"@type\":\"PropertyValueSpecification\",\"valueRequired\":true,\"valueName\":\"search_term_string\"}}],\"inLanguage\":\"es\"},{\"@type\":\"Organization\",\"@id\":\"https:\\\/\\\/34.249.117.129\\\/revistaprogreso\\\/en\\\/#organization\",\"name\":\"Revista Progreso\",\"alternateName\":\"Revista Progreso\",\"url\":\"https:\\\/\\\/34.249.117.129\\\/revistaprogreso\\\/en\\\/\",\"logo\":{\"@type\":\"ImageObject\",\"inLanguage\":\"es\",\"@id\":\"https:\\\/\\\/34.249.117.129\\\/revistaprogreso\\\/en\\\/#\\\/schema\\\/logo\\\/image\\\/\",\"url\":\"https:\\\/\\\/www.fundacionmicrofinanzasbbva.org\\\/revistaprogreso\\\/wp-content\\\/uploads\\\/2023\\\/09\\\/Logo-FMBBVA-AZUL.png\",\"contentUrl\":\"https:\\\/\\\/www.fundacionmicrofinanzasbbva.org\\\/revistaprogreso\\\/wp-content\\\/uploads\\\/2023\\\/09\\\/Logo-FMBBVA-AZUL.png\",\"width\":6173,\"height\":1001,\"caption\":\"Revista Progreso\"},\"image\":{\"@id\":\"https:\\\/\\\/34.249.117.129\\\/revistaprogreso\\\/en\\\/#\\\/schema\\\/logo\\\/image\\\/\"},\"sameAs\":[\"https:\\\/\\\/www.facebook.com\\\/fundacionmicrofinanzasbbva\",\"https:\\\/\\\/x.com\\\/FMBBVA\",\"https:\\\/\\\/www.linkedin.com\\\/company\\\/fundacin-microfinanzas-bbva\\\/\",\"https:\\\/\\\/www.instagram.com\\\/somosfmbbva\\\/\"]},{\"@type\":\"Person\",\"@id\":\"https:\\\/\\\/34.249.117.129\\\/revistaprogreso\\\/en\\\/#\\\/schema\\\/person\\\/4a3fe64f7988998aa5e22913c8147baf\",\"name\":\"karessa Ramos\",\"image\":{\"@type\":\"ImageObject\",\"inLanguage\":\"es\",\"@id\":\"https:\\\/\\\/secure.gravatar.com\\\/avatar\\\/a2388109b4325a6fb9c892c3212e430cdc0835c8fc1c1a41f4cc2a3b175b81c5?s=96&d=mm&r=g\",\"url\":\"https:\\\/\\\/secure.gravatar.com\\\/avatar\\\/a2388109b4325a6fb9c892c3212e430cdc0835c8fc1c1a41f4cc2a3b175b81c5?s=96&d=mm&r=g\",\"contentUrl\":\"https:\\\/\\\/secure.gravatar.com\\\/avatar\\\/a2388109b4325a6fb9c892c3212e430cdc0835c8fc1c1a41f4cc2a3b175b81c5?s=96&d=mm&r=g\",\"caption\":\"karessa Ramos\"},\"url\":\"https:\\\/\\\/www.fundacionmicrofinanzasbbva.org\\\/revistaprogreso\\\/author\\\/karessa\\\/\"}]}<\/script>\n<!-- \/ Yoast SEO plugin. -->","yoast_head_json":{"title":"Creaci\u00f3n del Programa \"Mujeres Agricultoras\"","description":"Ley del Programa Mujeres Agricultoras que tiene por objeto fomentar y desarrollar la participaci\u00f3n de la mujer en el sector agr\u00edcola, brindando ayuda,","robots":{"index":"index","follow":"follow","max-snippet":"max-snippet:-1","max-image-preview":"max-image-preview:large","max-video-preview":"max-video-preview:-1"},"canonical":"https:\/\/www.fundacionmicrofinanzasbbva.org\/revistaprogreso\/programa-mujeres-agricultoras-ley-del-programa-mujeres-agricultoras\/","og_locale":"es_ES","og_type":"article","og_title":"Creaci\u00f3n del Programa \"Mujeres Agricultoras\"","og_description":"Ley del Programa Mujeres Agricultoras que tiene por objeto fomentar y desarrollar la participaci\u00f3n de la mujer en el sector agr\u00edcola, brindando ayuda,","og_url":"https:\/\/www.fundacionmicrofinanzasbbva.org\/revistaprogreso\/programa-mujeres-agricultoras-ley-del-programa-mujeres-agricultoras\/","og_site_name":"Progreso","article_publisher":"https:\/\/www.facebook.com\/fundacionmicrofinanzasbbva","article_published_time":"2017-09-11T15:39:30+00:00","article_modified_time":"2017-11-16T11:59:56+00:00","og_image":[{"width":925,"height":691,"url":"https:\/\/progresomicrofinanzas.org\/revistaprogreso\/wp-content\/uploads\/2017\/08\/puerto-rico.jpg","type":"image\/jpeg"}],"author":"karessa Ramos","twitter_card":"summary_large_image","twitter_creator":"@FMBBVA","twitter_site":"@FMBBVA","twitter_misc":{"Escrito por":"karessa Ramos","Tiempo de lectura":"3 minutos"},"schema":{"@context":"https:\/\/schema.org","@graph":[{"@type":"Article","@id":"https:\/\/www.fundacionmicrofinanzasbbva.org\/revistaprogreso\/programa-mujeres-agricultoras-ley-del-programa-mujeres-agricultoras\/#article","isPartOf":{"@id":"https:\/\/www.fundacionmicrofinanzasbbva.org\/revistaprogreso\/programa-mujeres-agricultoras-ley-del-programa-mujeres-agricultoras\/"},"author":{"name":"karessa Ramos","@id":"https:\/\/34.249.117.129\/revistaprogreso\/en\/#\/schema\/person\/4a3fe64f7988998aa5e22913c8147baf"},"headline":"Creaci\u00f3n del Programa \u00abMujeres Agricultoras\u00bb","datePublished":"2017-09-11T15:39:30+00:00","dateModified":"2017-11-16T11:59:56+00:00","mainEntityOfPage":{"@id":"https:\/\/www.fundacionmicrofinanzasbbva.org\/revistaprogreso\/programa-mujeres-agricultoras-ley-del-programa-mujeres-agricultoras\/"},"wordCount":536,"commentCount":0,"publisher":{"@id":"https:\/\/34.249.117.129\/revistaprogreso\/en\/#organization"},"image":{"@id":"https:\/\/www.fundacionmicrofinanzasbbva.org\/revistaprogreso\/programa-mujeres-agricultoras-ley-del-programa-mujeres-agricultoras\/#primaryimage"},"thumbnailUrl":"https:\/\/www.fundacionmicrofinanzasbbva.org\/revistaprogreso\/wp-content\/uploads\/2017\/08\/puerto-rico.jpg","keywords":["brecha de g\u00e9nero","empoderamiento de la mujer","Mujeres agricultoras","productos agr\u00edcolas","programas","Puerto Rico"],"inLanguage":"es"},{"@type":"WebPage","@id":"https:\/\/www.fundacionmicrofinanzasbbva.org\/revistaprogreso\/programa-mujeres-agricultoras-ley-del-programa-mujeres-agricultoras\/","url":"https:\/\/www.fundacionmicrofinanzasbbva.org\/revistaprogreso\/programa-mujeres-agricultoras-ley-del-programa-mujeres-agricultoras\/","name":"Creaci\u00f3n del Programa \"Mujeres Agricultoras\"","isPartOf":{"@id":"https:\/\/34.249.117.129\/revistaprogreso\/en\/#website"},"primaryImageOfPage":{"@id":"https:\/\/www.fundacionmicrofinanzasbbva.org\/revistaprogreso\/programa-mujeres-agricultoras-ley-del-programa-mujeres-agricultoras\/#primaryimage"},"image":{"@id":"https:\/\/www.fundacionmicrofinanzasbbva.org\/revistaprogreso\/programa-mujeres-agricultoras-ley-del-programa-mujeres-agricultoras\/#primaryimage"},"thumbnailUrl":"https:\/\/www.fundacionmicrofinanzasbbva.org\/revistaprogreso\/wp-content\/uploads\/2017\/08\/puerto-rico.jpg","datePublished":"2017-09-11T15:39:30+00:00","dateModified":"2017-11-16T11:59:56+00:00","description":"Ley del Programa Mujeres Agricultoras que tiene por objeto fomentar y desarrollar la participaci\u00f3n de la mujer en el sector agr\u00edcola, brindando ayuda,","breadcrumb":{"@id":"https:\/\/www.fundacionmicrofinanzasbbva.org\/revistaprogreso\/programa-mujeres-agricultoras-ley-del-programa-mujeres-agricultoras\/#breadcrumb"},"inLanguage":"es","potentialAction":[{"@type":"ReadAction","target":["https:\/\/www.fundacionmicrofinanzasbbva.org\/revistaprogreso\/programa-mujeres-agricultoras-ley-del-programa-mujeres-agricultoras\/"]}]},{"@type":"ImageObject","inLanguage":"es","@id":"https:\/\/www.fundacionmicrofinanzasbbva.org\/revistaprogreso\/programa-mujeres-agricultoras-ley-del-programa-mujeres-agricultoras\/#primaryimage","url":"https:\/\/www.fundacionmicrofinanzasbbva.org\/revistaprogreso\/wp-content\/uploads\/2017\/08\/puerto-rico.jpg","contentUrl":"https:\/\/www.fundacionmicrofinanzasbbva.org\/revistaprogreso\/wp-content\/uploads\/2017\/08\/puerto-rico.jpg","width":925,"height":691},{"@type":"BreadcrumbList","@id":"https:\/\/www.fundacionmicrofinanzasbbva.org\/revistaprogreso\/programa-mujeres-agricultoras-ley-del-programa-mujeres-agricultoras\/#breadcrumb","itemListElement":[{"@type":"ListItem","position":1,"name":"Portada","item":"https:\/\/34.249.117.129\/revistaprogreso\/en\/"},{"@type":"ListItem","position":2,"name":"Creaci\u00f3n del Programa \u00abMujeres Agricultoras\u00bb"}]},{"@type":"WebSite","@id":"https:\/\/34.249.117.129\/revistaprogreso\/en\/#website","url":"https:\/\/34.249.117.129\/revistaprogreso\/en\/","name":"Revista Progreso","description":"Revista de Actualidad Jur\u00eddica","publisher":{"@id":"https:\/\/34.249.117.129\/revistaprogreso\/en\/#organization"},"alternateName":"Revista Progreso","potentialAction":[{"@type":"SearchAction","target":{"@type":"EntryPoint","urlTemplate":"https:\/\/34.249.117.129\/revistaprogreso\/en\/?s={search_term_string}"},"query-input":{"@type":"PropertyValueSpecification","valueRequired":true,"valueName":"search_term_string"}}],"inLanguage":"es"},{"@type":"Organization","@id":"https:\/\/34.249.117.129\/revistaprogreso\/en\/#organization","name":"Revista Progreso","alternateName":"Revista Progreso","url":"https:\/\/34.249.117.129\/revistaprogreso\/en\/","logo":{"@type":"ImageObject","inLanguage":"es","@id":"https:\/\/34.249.117.129\/revistaprogreso\/en\/#\/schema\/logo\/image\/","url":"https:\/\/www.fundacionmicrofinanzasbbva.org\/revistaprogreso\/wp-content\/uploads\/2023\/09\/Logo-FMBBVA-AZUL.png","contentUrl":"https:\/\/www.fundacionmicrofinanzasbbva.org\/revistaprogreso\/wp-content\/uploads\/2023\/09\/Logo-FMBBVA-AZUL.png","width":6173,"height":1001,"caption":"Revista Progreso"},"image":{"@id":"https:\/\/34.249.117.129\/revistaprogreso\/en\/#\/schema\/logo\/image\/"},"sameAs":["https:\/\/www.facebook.com\/fundacionmicrofinanzasbbva","https:\/\/x.com\/FMBBVA","https:\/\/www.linkedin.com\/company\/fundacin-microfinanzas-bbva\/","https:\/\/www.instagram.com\/somosfmbbva\/"]},{"@type":"Person","@id":"https:\/\/34.249.117.129\/revistaprogreso\/en\/#\/schema\/person\/4a3fe64f7988998aa5e22913c8147baf","name":"karessa Ramos","image":{"@type":"ImageObject","inLanguage":"es","@id":"https:\/\/secure.gravatar.com\/avatar\/a2388109b4325a6fb9c892c3212e430cdc0835c8fc1c1a41f4cc2a3b175b81c5?s=96&d=mm&r=g","url":"https:\/\/secure.gravatar.com\/avatar\/a2388109b4325a6fb9c892c3212e430cdc0835c8fc1c1a41f4cc2a3b175b81c5?s=96&d=mm&r=g","contentUrl":"https:\/\/secure.gravatar.com\/avatar\/a2388109b4325a6fb9c892c3212e430cdc0835c8fc1c1a41f4cc2a3b175b81c5?s=96&d=mm&r=g","caption":"karessa Ramos"},"url":"https:\/\/www.fundacionmicrofinanzasbbva.org\/revistaprogreso\/author\/karessa\/"}]}},"_links":{"self":[{"href":"https:\/\/www.fundacionmicrofinanzasbbva.org\/revistaprogreso\/wp-json\/wp\/v2\/posts\/7967","targetHints":{"allow":["GET"]}}],"collection":[{"href":"https:\/\/www.fundacionmicrofinanzasbbva.org\/revistaprogreso\/wp-json\/wp\/v2\/posts"}],"about":[{"href":"https:\/\/www.fundacionmicrofinanzasbbva.org\/revistaprogreso\/wp-json\/wp\/v2\/types\/post"}],"author":[{"embeddable":true,"href":"https:\/\/www.fundacionmicrofinanzasbbva.org\/revistaprogreso\/wp-json\/wp\/v2\/users\/30"}],"replies":[{"embeddable":true,"href":"https:\/\/www.fundacionmicrofinanzasbbva.org\/revistaprogreso\/wp-json\/wp\/v2\/comments?post=7967"}],"version-history":[{"count":0,"href":"https:\/\/www.fundacionmicrofinanzasbbva.org\/revistaprogreso\/wp-json\/wp\/v2\/posts\/7967\/revisions"}],"wp:featuredmedia":[{"embeddable":true,"href":"https:\/\/www.fundacionmicrofinanzasbbva.org\/revistaprogreso\/wp-json\/wp\/v2\/media\/7969"}],"wp:attachment":[{"href":"https:\/\/www.fundacionmicrofinanzasbbva.org\/revistaprogreso\/wp-json\/wp\/v2\/media?parent=7967"}],"wp:term":[{"taxonomy":"post_tag","embeddable":true,"href":"https:\/\/www.fundacionmicrofinanzasbbva.org\/revistaprogreso\/wp-json\/wp\/v2\/tags?post=7967"}],"curies":[{"name":"wp","href":"https:\/\/api.w.org\/{rel}","templated":true}]}}