{"id":7541,"date":"2017-06-13T09:18:18","date_gmt":"2017-06-13T09:18:18","guid":{"rendered":"http:\/\/progresomicrofinanzas.org\/?p=7541\/"},"modified":"2017-11-16T16:51:32","modified_gmt":"2017-11-16T16:51:32","slug":"guia-evaluacion-la-idoneidad","status":"publish","type":"post","link":"https:\/\/www.fundacionmicrofinanzasbbva.org\/revistaprogreso\/guia-evaluacion-la-idoneidad\/","title":{"rendered":"Gu\u00eda para evaluaci\u00f3n de la idoneidad"},"content":{"rendered":"<div class=\"pdfprnt-buttons pdfprnt-buttons-post pdfprnt-top-right\"><a href=\"https:\/\/www.fundacionmicrofinanzasbbva.org\/revistaprogreso\/wp-json\/wp\/v2\/posts\/7541?print=pdf\" class=\"pdfprnt-button pdfprnt-button-pdf\" target=\"_blank\"><img decoding=\"async\" src=\"https:\/\/www.fundacionmicrofinanzasbbva.org\/revistaprogreso\/wp-content\/plugins\/pdf-print\/images\/pdf.png\" alt=\"image_pdf\" title=\"Ver PDF\" \/><\/a><a href=\"https:\/\/www.fundacionmicrofinanzasbbva.org\/revistaprogreso\/wp-json\/wp\/v2\/posts\/7541?print=print\" class=\"pdfprnt-button pdfprnt-button-print\" target=\"_blank\"><img decoding=\"async\" src=\"https:\/\/www.fundacionmicrofinanzasbbva.org\/revistaprogreso\/wp-content\/plugins\/pdf-print\/images\/print.png\" alt=\"image_print\" title=\"Imprimir contenido\" \/><\/a><\/div><p><span style=\"font-weight: 400;\">El Banco Central Europeo (BCE) public\u00f3 el 15 de mayo la gu\u00eda para evaluar la idoneidad de los miembros del consejo de administraci\u00f3n y altos cargos de las entidades de cr\u00e9dito significativas sujetas a la supervisi\u00f3n directa de este organismo.<\/span><\/p>\n<p><span style=\"font-weight: 400;\">Esta evaluaci\u00f3n, que es competencia exclusiva del BCE, vela por que la direcci\u00f3n de las entidades de cr\u00e9dito est\u00e9 capacitada para el ejercicio de sus funciones. Su composici\u00f3n debe asimismo contribuir a la gesti\u00f3n eficiente de la entidad y a una toma de decisiones equilibrada, todo ello para fortalecer la seguridad y solidez del conjunto del sector bancario.<\/span><\/p>\n<p><span style=\"font-weight: 400;\">El objetivo del supervisor con la gu\u00eda es explicar en detalle las pol\u00edticas, pr\u00e1cticas y procesos que aplica al evaluar la idoneidad de dichos miembros, y armonizar los criterios utilizados para conseguir pr\u00e1cticas de supervisi\u00f3n comunes, respetando las diferencias nacionales que, en su caso, pudieran existir en los pa\u00edses de la zona euro.<\/span><\/p>\n<p><b>Principios<\/b><\/p>\n<p><span style=\"font-weight: 400;\">La gu\u00eda incluye los siguientes principios:<\/span><\/p>\n<ol>\n<li><b>Responsabilidad principal de las entidades de cr\u00e9dito<\/b><span style=\"font-weight: 400;\"> de seleccionar miembros del \u00f3rgano de direcci\u00f3n que cumplan los requisitos de idoneidad, estando obligadas a facilitar a las autoridades supervisoras toda aquella informaci\u00f3n necesaria para evaluar la idoneidad en todos los casos.<\/span><\/li>\n<li><b>Funci\u00f3n de salvaguardia <\/b><span style=\"font-weight: 400;\">del BCE, que garantice que las entidades cumplen requisitos de implantaci\u00f3n de estructuras s\u00f3lidas de gobernanza y as\u00ed evitar que las personas puedan representar un riesgo para el funcionamiento adecuado del \u00f3rgano de direcci\u00f3n.<\/span><\/li>\n<li><b>Armonizaci\u00f3n <\/b><span style=\"font-weight: 400;\">de los criterios y modelos de evaluaci\u00f3n<\/span> <span style=\"font-weight: 400;\">en los pa\u00edses de la zona euro, para reducir diferencias de valoraci\u00f3n sobre la idoneidad de los candidatos.<\/span><\/li>\n<li><b>Proporcionalidad <\/b><span style=\"font-weight: 400;\">en todas las fases de evaluaci\u00f3n de idoneidad, debiendo el supervisor adaptarse al tama\u00f1o, naturaleza, dimensi\u00f3n de la entidad, a la complejidad de sus actividades y al cargo concreto de que se trate.<\/span><\/li>\n<li><b>Proceso de evaluaci\u00f3n<\/b><span style=\"font-weight: 400;\"> bien definido que garantice la imparcialidad para la persona evaluada.<\/span><\/li>\n<li><b>Supervisi\u00f3n continuada <\/b><span style=\"font-weight: 400;\">de la gobernanza de la entidad, especialmente en relaci\u00f3n a la composici\u00f3n y el funcionamiento del \u00f3rgano de direcci\u00f3n.<\/span><\/li>\n<\/ol>\n<p><b>Criterios de evaluaci\u00f3n<\/b><\/p>\n<p><span style=\"font-weight: 400;\">El BCE evaluar\u00e1 la idoneidad de los miembros del \u00f3rgano de direcci\u00f3n teniendo en cuenta los criterios de:<\/span><\/p>\n<ul>\n<li style=\"font-weight: 400;\"><b>Experiencia<\/b><\/li>\n<\/ul>\n<p><span style=\"font-weight: 400;\">Tendr\u00e1n la experiencia te\u00f3rica (conocimientos y competencias) y pr\u00e1ctica (profesiones anteriores) indispensables para ejercer sus funciones, que en todo caso depender\u00e1 de las caracter\u00edsticas de la funci\u00f3n espec\u00edfica y de la entidad. Como m\u00ednimo, los miembros del \u00f3rgano de direcci\u00f3n deben tener experiencia te\u00f3rica b\u00e1sica en banca y podr\u00e1 exigirse experiencia adicional en funci\u00f3n de otros factores relevantes de la entidad (naturaleza, tama\u00f1o, complejidad, etc.).<\/span><\/p>\n<p><span style=\"font-weight: 400;\">La evaluaci\u00f3n de la experiencia se har\u00e1, en primer lugar, tomando como referencia umbrales que indiquen experiencia suficiente. En caso de no cumplirse estos, la persona a\u00fan podr\u00e1 considerarse id\u00f3nea si as\u00ed se justifica tras una evaluaci\u00f3n complementaria.<\/span><\/p>\n<ul>\n<li style=\"font-weight: 400;\"><b>Reputaci\u00f3n<\/b><\/li>\n<\/ul>\n<p><span style=\"font-weight: 400;\">Tendr\u00e1n en todo momento la oportuna reputaci\u00f3n para garantizar la gesti\u00f3n s\u00f3lida y prudente de la entidad, consider\u00e1ndose como buena reputaci\u00f3n la inexistencia de pruebas que sugieran lo contrario ni motivos para albergar dudas razonables al respecto.<\/span><\/p>\n<p><span style=\"font-weight: 400;\">En caso de existir procedimientos judiciales que pudieran tener un impacto en la reputaci\u00f3n de la persona designada y de la entidad supervisada, el \u00f3rgano supervisor podr\u00e1 analizar las circunstancias que han dado lugar al procedimiento para saber si son relevantes para determinar si afectan o no a su reputaci\u00f3n.<\/span><\/p>\n<ul>\n<li style=\"font-weight: 400;\"><b>Gesti\u00f3n de conflictos de inter\u00e9s y criterio independiente<\/b><\/li>\n<\/ul>\n<p><span style=\"font-weight: 400;\">La entidad deber\u00e1 contar con pol\u00edticas que identifiquen, divulguen, mitiguen y prevengan los conflictos de inter\u00e9s, reales o potenciales. La instituci\u00f3n y la persona designada deber\u00e1n notificar a la autoridad competente todo conflicto percibido, a fin de que valore si el riesgo es relevante, en cuyo caso adoptar\u00e1 medidas que eval\u00faen la situaci\u00f3n concreta y adoptar\u00e1, si procede, medidas preventivas o mitigadoras (salvo que la legislaci\u00f3n nacional ya establezca las medidas a adoptar).<\/span><\/p>\n<p><span style=\"font-weight: 400;\">En caso de que las medidas adoptadas o la condici\u00f3n impuesta no fueran suficientes para gestionar los riesgos inherentes al conflicto, la persona designada no podr\u00e1 considerarse id\u00f3nea.<\/span><\/p>\n<ul>\n<li style=\"font-weight: 400;\"><b>Dedicaci\u00f3n de tiempo<\/b><\/li>\n<\/ul>\n<p><span style=\"font-weight: 400;\">Dedicar\u00e1n el tiempo suficiente para el desempe\u00f1o de sus funciones en la entidad. Para analizar su dedicaci\u00f3n se llevar\u00e1 a cabo una evaluaci\u00f3n cuantitativa, que indique si se superan el n\u00famero de cargos que puede ocupar una misma persona en entidades significativas (l\u00edmite de un cargo ejecutivo y dos cargos no ejecutivos), y cualitativa, que contemple otros factores que determinen la cantidad de tiempo que un cargo puede dedicar a su funci\u00f3n (tama\u00f1o y situaci\u00f3n de las entidades en que ejerzan el cargo, naturaleza, dimensi\u00f3n y complejidad de sus actividades, lugar o pa\u00eds en que est\u00e9n radicadas, etc.<\/span><\/p>\n<ul>\n<li style=\"font-weight: 400;\"><b>Idoneidad colectiva<\/b><\/li>\n<\/ul>\n<p><span style=\"font-weight: 400;\">La entidad supervisada deber\u00e1 realizar una autoevaluaci\u00f3n para identificar las deficiencias en la idoneidad colectiva de su \u00f3rgano de direcci\u00f3n.<\/span><\/p>\n<p><b>Proceso de evaluaci\u00f3n<\/b><\/p>\n<p><span style=\"font-weight: 400;\">El proceso de evaluaci\u00f3n se iniciar\u00e1 por un nuevo nombramiento, un cambio de funci\u00f3n o una renovaci\u00f3n, por nuevos hechos y por procedimientos de autorizaci\u00f3n o adquisici\u00f3n de una participaci\u00f3n cualificada.<\/span><\/p>\n<p><b>Entrevistas<\/b><\/p>\n<p><span style=\"font-weight: 400;\">El \u00f3rgano supervisor podr\u00e1 realizar entrevistas a las personas evaluadas para completar o verificar cierta informaci\u00f3n, con un enfoque proporcionado y basado en riesgos. Generalmente realizar\u00e1 una primera entrevista con objetivo informativo y, en caso de dudas, otra segunda m\u00e1s espec\u00edfica. Las entrevistas se realizar\u00e1n por un panel compuesto por entre 2 y 3 personas.<\/span><\/p>\n<p><b>Decisi\u00f3n<\/b><\/p>\n<p><span style=\"font-weight: 400;\">El supervisor decidir\u00e1 si la persona es id\u00f3nea o no para ocupar el puesto en el \u00f3rgano de direcci\u00f3n de la entidad. Las decisiones favorables que emita podr\u00e1n ser: i) con recomendaciones, ii) \u00a0con condiciones, y con iii) obligaciones.<\/span><\/p>\n<p><span style=\"font-weight: 400;\">En caso de incumplimiento de las condiciones impuestas supondr\u00e1 la no idoneidad de la persona, quien deber\u00e1 dimitir de su cargo o no podr\u00e1 aceptarlo.<\/span><\/p>\n<p><b>Destituci\u00f3n<\/b><\/p>\n<p><span style=\"font-weight: 400;\">El incumplimiento de los requisitos del Reglamento Marco del Mercado \u00danico de Supervisi\u00f3n, causar\u00e1 que la persona que haya sido designada como miembro del \u00f3rgano de direcci\u00f3n sea destituida.<\/span><\/p>\n<p>&nbsp;<\/p>\n<p>&nbsp;<\/p>\n<p>&nbsp;<\/p>\n","protected":false},"excerpt":{"rendered":"<p>El Banco Central Europeo (BCE) public\u00f3 el 15 de mayo la gu\u00eda para evaluar la idoneidad de los miembros del consejo de administraci\u00f3n y altos cargos de las entidades de cr\u00e9dito significativas sujetas a la supervisi\u00f3n directa de este organismo. Esta evaluaci\u00f3n, que es competencia exclusiva del BCE, vela por que la direcci\u00f3n de las [&hellip;]<\/p>\n","protected":false},"author":30,"featured_media":7543,"comment_status":"open","ping_status":"open","sticky":false,"template":"","format":"standard","meta":{"_acf_changed":false,"footnotes":""},"tags":[172,178,154,125,2188,2184,1392,191,2185,739,2187,2189,799,979,689,1075,2190,1845,804,745,2186],"class_list":["post-7541","post","type-post","status-publish","format-standard","has-post-thumbnail","hentry","tag-consejo-de-administracion","tag-evaluacion","tag-supervision","tag-union-europea","tag-armonizacion","tag-banco-central-europeo","tag-bce","tag-conflictos-de-interes","tag-conocimientos","tag-consejeros","tag-dedicacion","tag-estabilidad","tag-europa","tag-experiencia","tag-garantias","tag-idoneidad","tag-instituciones-de-credito","tag-organo-de-direccion","tag-reputacion","tag-responsabilidad","tag-trayectoria","numero-11m","seccion-legislacion-normas-publicadas-gobierno-corporativo","pais-union-europea"],"acf":[],"yoast_head":"<!-- This site is optimized with the Yoast SEO plugin v26.8 - https:\/\/yoast.com\/product\/yoast-seo-wordpress\/ -->\n<title>Gu\u00eda para evaluaci\u00f3n de la idoneidad<\/title>\n<meta name=\"description\" content=\"BCE publica nueva gu\u00eda sobre la evaluaci\u00f3n de la idoneidad de los miembros del \u00f3rgano de direcci\u00f3n\" \/>\n<meta name=\"robots\" content=\"index, follow, max-snippet:-1, max-image-preview:large, max-video-preview:-1\" \/>\n<link rel=\"canonical\" href=\"https:\/\/www.fundacionmicrofinanzasbbva.org\/revistaprogreso\/guia-evaluacion-la-idoneidad\/\" \/>\n<meta property=\"og:locale\" content=\"es_ES\" \/>\n<meta property=\"og:type\" content=\"article\" \/>\n<meta property=\"og:title\" content=\"Gu\u00eda para evaluaci\u00f3n de la idoneidad\" \/>\n<meta property=\"og:description\" content=\"BCE publica nueva gu\u00eda sobre la evaluaci\u00f3n de la idoneidad de los miembros del \u00f3rgano de direcci\u00f3n\" \/>\n<meta property=\"og:url\" content=\"https:\/\/www.fundacionmicrofinanzasbbva.org\/revistaprogreso\/guia-evaluacion-la-idoneidad\/\" \/>\n<meta property=\"og:site_name\" content=\"Progreso\" \/>\n<meta property=\"article:publisher\" content=\"https:\/\/www.facebook.com\/fundacionmicrofinanzasbbva\" \/>\n<meta property=\"article:published_time\" content=\"2017-06-13T09:18:18+00:00\" \/>\n<meta property=\"article:modified_time\" content=\"2017-11-16T16:51:32+00:00\" \/>\n<meta property=\"og:image\" content=\"https:\/\/progresomicrofinanzas.org\/revistaprogreso\/wp-content\/uploads\/2017\/06\/eu-idoniedad.jpg\" \/>\n\t<meta property=\"og:image:width\" content=\"925\" \/>\n\t<meta property=\"og:image:height\" content=\"617\" \/>\n\t<meta property=\"og:image:type\" content=\"image\/jpeg\" \/>\n<meta name=\"author\" content=\"karessa Ramos\" \/>\n<meta name=\"twitter:card\" content=\"summary_large_image\" \/>\n<meta name=\"twitter:creator\" content=\"@FMBBVA\" \/>\n<meta name=\"twitter:site\" content=\"@FMBBVA\" \/>\n<meta name=\"twitter:label1\" content=\"Escrito por\" \/>\n\t<meta name=\"twitter:data1\" content=\"karessa Ramos\" \/>\n\t<meta name=\"twitter:label2\" content=\"Tiempo de lectura\" \/>\n\t<meta name=\"twitter:data2\" content=\"5 minutos\" \/>\n<script type=\"application\/ld+json\" class=\"yoast-schema-graph\">{\"@context\":\"https:\/\/schema.org\",\"@graph\":[{\"@type\":\"Article\",\"@id\":\"https:\/\/www.fundacionmicrofinanzasbbva.org\/revistaprogreso\/guia-evaluacion-la-idoneidad\/#article\",\"isPartOf\":{\"@id\":\"https:\/\/www.fundacionmicrofinanzasbbva.org\/revistaprogreso\/guia-evaluacion-la-idoneidad\/\"},\"author\":{\"name\":\"karessa Ramos\",\"@id\":\"https:\/\/www.fundacionmicrofinanzasbbva.org\/revistaprogreso\/#\/schema\/person\/4a3fe64f7988998aa5e22913c8147baf\"},\"headline\":\"Gu\u00eda para evaluaci\u00f3n de la idoneidad\",\"datePublished\":\"2017-06-13T09:18:18+00:00\",\"dateModified\":\"2017-11-16T16:51:32+00:00\",\"mainEntityOfPage\":{\"@id\":\"https:\/\/www.fundacionmicrofinanzasbbva.org\/revistaprogreso\/guia-evaluacion-la-idoneidad\/\"},\"wordCount\":1073,\"commentCount\":0,\"publisher\":{\"@id\":\"https:\/\/www.fundacionmicrofinanzasbbva.org\/revistaprogreso\/#organization\"},\"image\":{\"@id\":\"https:\/\/www.fundacionmicrofinanzasbbva.org\/revistaprogreso\/guia-evaluacion-la-idoneidad\/#primaryimage\"},\"thumbnailUrl\":\"https:\/\/www.fundacionmicrofinanzasbbva.org\/revistaprogreso\/wp-content\/uploads\/2017\/06\/eu-idoniedad.jpg\",\"keywords\":[\"#consejo de administraci\u00f3n\",\"#evaluaci\u00f3n\",\"#supervisi\u00f3n\",\"#Uni\u00f3n Europea\",\"armonizaci\u00f3n\",\"Banco Central Europeo\",\"BCE\",\"conflictos de inter\u00e9s\",\"conocimientos\",\"consejeros\",\"dedicaci\u00f3n\",\"estabilidad\",\"Europa\",\"experiencia\",\"garant\u00edas\",\"idoneidad\",\"instituciones de cr\u00e9dito\",\"\u00f3rgano de direcci\u00f3n\",\"reputaci\u00f3n\",\"responsabilidad\",\"trayectoria\"],\"inLanguage\":\"es\"},{\"@type\":\"WebPage\",\"@id\":\"https:\/\/www.fundacionmicrofinanzasbbva.org\/revistaprogreso\/guia-evaluacion-la-idoneidad\/\",\"url\":\"https:\/\/www.fundacionmicrofinanzasbbva.org\/revistaprogreso\/guia-evaluacion-la-idoneidad\/\",\"name\":\"Gu\u00eda para evaluaci\u00f3n de la idoneidad\",\"isPartOf\":{\"@id\":\"https:\/\/www.fundacionmicrofinanzasbbva.org\/revistaprogreso\/#website\"},\"primaryImageOfPage\":{\"@id\":\"https:\/\/www.fundacionmicrofinanzasbbva.org\/revistaprogreso\/guia-evaluacion-la-idoneidad\/#primaryimage\"},\"image\":{\"@id\":\"https:\/\/www.fundacionmicrofinanzasbbva.org\/revistaprogreso\/guia-evaluacion-la-idoneidad\/#primaryimage\"},\"thumbnailUrl\":\"https:\/\/www.fundacionmicrofinanzasbbva.org\/revistaprogreso\/wp-content\/uploads\/2017\/06\/eu-idoniedad.jpg\",\"datePublished\":\"2017-06-13T09:18:18+00:00\",\"dateModified\":\"2017-11-16T16:51:32+00:00\",\"description\":\"BCE publica nueva gu\u00eda sobre la evaluaci\u00f3n de la idoneidad de los miembros del \u00f3rgano de direcci\u00f3n\",\"breadcrumb\":{\"@id\":\"https:\/\/www.fundacionmicrofinanzasbbva.org\/revistaprogreso\/guia-evaluacion-la-idoneidad\/#breadcrumb\"},\"inLanguage\":\"es\",\"potentialAction\":[{\"@type\":\"ReadAction\",\"target\":[\"https:\/\/www.fundacionmicrofinanzasbbva.org\/revistaprogreso\/guia-evaluacion-la-idoneidad\/\"]}]},{\"@type\":\"ImageObject\",\"inLanguage\":\"es\",\"@id\":\"https:\/\/www.fundacionmicrofinanzasbbva.org\/revistaprogreso\/guia-evaluacion-la-idoneidad\/#primaryimage\",\"url\":\"https:\/\/www.fundacionmicrofinanzasbbva.org\/revistaprogreso\/wp-content\/uploads\/2017\/06\/eu-idoniedad.jpg\",\"contentUrl\":\"https:\/\/www.fundacionmicrofinanzasbbva.org\/revistaprogreso\/wp-content\/uploads\/2017\/06\/eu-idoniedad.jpg\",\"width\":925,\"height\":617},{\"@type\":\"BreadcrumbList\",\"@id\":\"https:\/\/www.fundacionmicrofinanzasbbva.org\/revistaprogreso\/guia-evaluacion-la-idoneidad\/#breadcrumb\",\"itemListElement\":[{\"@type\":\"ListItem\",\"position\":1,\"name\":\"Portada\",\"item\":\"https:\/\/www.fundacionmicrofinanzasbbva.org\/revistaprogreso\/\"},{\"@type\":\"ListItem\",\"position\":2,\"name\":\"Gu\u00eda para evaluaci\u00f3n de la idoneidad\"}]},{\"@type\":\"WebSite\",\"@id\":\"https:\/\/www.fundacionmicrofinanzasbbva.org\/revistaprogreso\/#website\",\"url\":\"https:\/\/www.fundacionmicrofinanzasbbva.org\/revistaprogreso\/\",\"name\":\"Revista Progreso\",\"description\":\"Revista de Actualidad Jur\u00eddica\",\"publisher\":{\"@id\":\"https:\/\/www.fundacionmicrofinanzasbbva.org\/revistaprogreso\/#organization\"},\"alternateName\":\"Revista Progreso\",\"potentialAction\":[{\"@type\":\"SearchAction\",\"target\":{\"@type\":\"EntryPoint\",\"urlTemplate\":\"https:\/\/www.fundacionmicrofinanzasbbva.org\/revistaprogreso\/?s={search_term_string}\"},\"query-input\":{\"@type\":\"PropertyValueSpecification\",\"valueRequired\":true,\"valueName\":\"search_term_string\"}}],\"inLanguage\":\"es\"},{\"@type\":\"Organization\",\"@id\":\"https:\/\/www.fundacionmicrofinanzasbbva.org\/revistaprogreso\/#organization\",\"name\":\"Revista Progreso\",\"alternateName\":\"Revista Progreso\",\"url\":\"https:\/\/www.fundacionmicrofinanzasbbva.org\/revistaprogreso\/\",\"logo\":{\"@type\":\"ImageObject\",\"inLanguage\":\"es\",\"@id\":\"https:\/\/www.fundacionmicrofinanzasbbva.org\/revistaprogreso\/#\/schema\/logo\/image\/\",\"url\":\"https:\/\/www.fundacionmicrofinanzasbbva.org\/revistaprogreso\/wp-content\/uploads\/2023\/09\/Logo-FMBBVA-AZUL.png\",\"contentUrl\":\"https:\/\/www.fundacionmicrofinanzasbbva.org\/revistaprogreso\/wp-content\/uploads\/2023\/09\/Logo-FMBBVA-AZUL.png\",\"width\":6173,\"height\":1001,\"caption\":\"Revista Progreso\"},\"image\":{\"@id\":\"https:\/\/www.fundacionmicrofinanzasbbva.org\/revistaprogreso\/#\/schema\/logo\/image\/\"},\"sameAs\":[\"https:\/\/www.facebook.com\/fundacionmicrofinanzasbbva\",\"https:\/\/x.com\/FMBBVA\",\"https:\/\/www.linkedin.com\/company\/fundacin-microfinanzas-bbva\/\",\"https:\/\/www.instagram.com\/somosfmbbva\/\"]},{\"@type\":\"Person\",\"@id\":\"https:\/\/www.fundacionmicrofinanzasbbva.org\/revistaprogreso\/#\/schema\/person\/4a3fe64f7988998aa5e22913c8147baf\",\"name\":\"karessa Ramos\",\"image\":{\"@type\":\"ImageObject\",\"inLanguage\":\"es\",\"@id\":\"https:\/\/www.fundacionmicrofinanzasbbva.org\/revistaprogreso\/#\/schema\/person\/image\/\",\"url\":\"https:\/\/secure.gravatar.com\/avatar\/a2388109b4325a6fb9c892c3212e430cdc0835c8fc1c1a41f4cc2a3b175b81c5?s=96&d=mm&r=g\",\"contentUrl\":\"https:\/\/secure.gravatar.com\/avatar\/a2388109b4325a6fb9c892c3212e430cdc0835c8fc1c1a41f4cc2a3b175b81c5?s=96&d=mm&r=g\",\"caption\":\"karessa Ramos\"},\"url\":\"https:\/\/www.fundacionmicrofinanzasbbva.org\/revistaprogreso\/author\/karessa\/\"}]}<\/script>\n<!-- \/ Yoast SEO plugin. -->","yoast_head_json":{"title":"Gu\u00eda para evaluaci\u00f3n de la idoneidad","description":"BCE publica nueva gu\u00eda sobre la evaluaci\u00f3n de la idoneidad de los miembros del \u00f3rgano de direcci\u00f3n","robots":{"index":"index","follow":"follow","max-snippet":"max-snippet:-1","max-image-preview":"max-image-preview:large","max-video-preview":"max-video-preview:-1"},"canonical":"https:\/\/www.fundacionmicrofinanzasbbva.org\/revistaprogreso\/guia-evaluacion-la-idoneidad\/","og_locale":"es_ES","og_type":"article","og_title":"Gu\u00eda para evaluaci\u00f3n de la idoneidad","og_description":"BCE publica nueva gu\u00eda sobre la evaluaci\u00f3n de la idoneidad de los miembros del \u00f3rgano de direcci\u00f3n","og_url":"https:\/\/www.fundacionmicrofinanzasbbva.org\/revistaprogreso\/guia-evaluacion-la-idoneidad\/","og_site_name":"Progreso","article_publisher":"https:\/\/www.facebook.com\/fundacionmicrofinanzasbbva","article_published_time":"2017-06-13T09:18:18+00:00","article_modified_time":"2017-11-16T16:51:32+00:00","og_image":[{"width":925,"height":617,"url":"https:\/\/progresomicrofinanzas.org\/revistaprogreso\/wp-content\/uploads\/2017\/06\/eu-idoniedad.jpg","type":"image\/jpeg"}],"author":"karessa Ramos","twitter_card":"summary_large_image","twitter_creator":"@FMBBVA","twitter_site":"@FMBBVA","twitter_misc":{"Escrito por":"karessa Ramos","Tiempo de lectura":"5 minutos"},"schema":{"@context":"https:\/\/schema.org","@graph":[{"@type":"Article","@id":"https:\/\/www.fundacionmicrofinanzasbbva.org\/revistaprogreso\/guia-evaluacion-la-idoneidad\/#article","isPartOf":{"@id":"https:\/\/www.fundacionmicrofinanzasbbva.org\/revistaprogreso\/guia-evaluacion-la-idoneidad\/"},"author":{"name":"karessa Ramos","@id":"https:\/\/www.fundacionmicrofinanzasbbva.org\/revistaprogreso\/#\/schema\/person\/4a3fe64f7988998aa5e22913c8147baf"},"headline":"Gu\u00eda para evaluaci\u00f3n de la idoneidad","datePublished":"2017-06-13T09:18:18+00:00","dateModified":"2017-11-16T16:51:32+00:00","mainEntityOfPage":{"@id":"https:\/\/www.fundacionmicrofinanzasbbva.org\/revistaprogreso\/guia-evaluacion-la-idoneidad\/"},"wordCount":1073,"commentCount":0,"publisher":{"@id":"https:\/\/www.fundacionmicrofinanzasbbva.org\/revistaprogreso\/#organization"},"image":{"@id":"https:\/\/www.fundacionmicrofinanzasbbva.org\/revistaprogreso\/guia-evaluacion-la-idoneidad\/#primaryimage"},"thumbnailUrl":"https:\/\/www.fundacionmicrofinanzasbbva.org\/revistaprogreso\/wp-content\/uploads\/2017\/06\/eu-idoniedad.jpg","keywords":["#consejo de administraci\u00f3n","#evaluaci\u00f3n","#supervisi\u00f3n","#Uni\u00f3n Europea","armonizaci\u00f3n","Banco Central Europeo","BCE","conflictos de inter\u00e9s","conocimientos","consejeros","dedicaci\u00f3n","estabilidad","Europa","experiencia","garant\u00edas","idoneidad","instituciones de cr\u00e9dito","\u00f3rgano de direcci\u00f3n","reputaci\u00f3n","responsabilidad","trayectoria"],"inLanguage":"es"},{"@type":"WebPage","@id":"https:\/\/www.fundacionmicrofinanzasbbva.org\/revistaprogreso\/guia-evaluacion-la-idoneidad\/","url":"https:\/\/www.fundacionmicrofinanzasbbva.org\/revistaprogreso\/guia-evaluacion-la-idoneidad\/","name":"Gu\u00eda para evaluaci\u00f3n de la idoneidad","isPartOf":{"@id":"https:\/\/www.fundacionmicrofinanzasbbva.org\/revistaprogreso\/#website"},"primaryImageOfPage":{"@id":"https:\/\/www.fundacionmicrofinanzasbbva.org\/revistaprogreso\/guia-evaluacion-la-idoneidad\/#primaryimage"},"image":{"@id":"https:\/\/www.fundacionmicrofinanzasbbva.org\/revistaprogreso\/guia-evaluacion-la-idoneidad\/#primaryimage"},"thumbnailUrl":"https:\/\/www.fundacionmicrofinanzasbbva.org\/revistaprogreso\/wp-content\/uploads\/2017\/06\/eu-idoniedad.jpg","datePublished":"2017-06-13T09:18:18+00:00","dateModified":"2017-11-16T16:51:32+00:00","description":"BCE publica nueva gu\u00eda sobre la evaluaci\u00f3n de la idoneidad de los miembros del \u00f3rgano de direcci\u00f3n","breadcrumb":{"@id":"https:\/\/www.fundacionmicrofinanzasbbva.org\/revistaprogreso\/guia-evaluacion-la-idoneidad\/#breadcrumb"},"inLanguage":"es","potentialAction":[{"@type":"ReadAction","target":["https:\/\/www.fundacionmicrofinanzasbbva.org\/revistaprogreso\/guia-evaluacion-la-idoneidad\/"]}]},{"@type":"ImageObject","inLanguage":"es","@id":"https:\/\/www.fundacionmicrofinanzasbbva.org\/revistaprogreso\/guia-evaluacion-la-idoneidad\/#primaryimage","url":"https:\/\/www.fundacionmicrofinanzasbbva.org\/revistaprogreso\/wp-content\/uploads\/2017\/06\/eu-idoniedad.jpg","contentUrl":"https:\/\/www.fundacionmicrofinanzasbbva.org\/revistaprogreso\/wp-content\/uploads\/2017\/06\/eu-idoniedad.jpg","width":925,"height":617},{"@type":"BreadcrumbList","@id":"https:\/\/www.fundacionmicrofinanzasbbva.org\/revistaprogreso\/guia-evaluacion-la-idoneidad\/#breadcrumb","itemListElement":[{"@type":"ListItem","position":1,"name":"Portada","item":"https:\/\/www.fundacionmicrofinanzasbbva.org\/revistaprogreso\/"},{"@type":"ListItem","position":2,"name":"Gu\u00eda para evaluaci\u00f3n de la idoneidad"}]},{"@type":"WebSite","@id":"https:\/\/www.fundacionmicrofinanzasbbva.org\/revistaprogreso\/#website","url":"https:\/\/www.fundacionmicrofinanzasbbva.org\/revistaprogreso\/","name":"Revista Progreso","description":"Revista de Actualidad Jur\u00eddica","publisher":{"@id":"https:\/\/www.fundacionmicrofinanzasbbva.org\/revistaprogreso\/#organization"},"alternateName":"Revista Progreso","potentialAction":[{"@type":"SearchAction","target":{"@type":"EntryPoint","urlTemplate":"https:\/\/www.fundacionmicrofinanzasbbva.org\/revistaprogreso\/?s={search_term_string}"},"query-input":{"@type":"PropertyValueSpecification","valueRequired":true,"valueName":"search_term_string"}}],"inLanguage":"es"},{"@type":"Organization","@id":"https:\/\/www.fundacionmicrofinanzasbbva.org\/revistaprogreso\/#organization","name":"Revista Progreso","alternateName":"Revista Progreso","url":"https:\/\/www.fundacionmicrofinanzasbbva.org\/revistaprogreso\/","logo":{"@type":"ImageObject","inLanguage":"es","@id":"https:\/\/www.fundacionmicrofinanzasbbva.org\/revistaprogreso\/#\/schema\/logo\/image\/","url":"https:\/\/www.fundacionmicrofinanzasbbva.org\/revistaprogreso\/wp-content\/uploads\/2023\/09\/Logo-FMBBVA-AZUL.png","contentUrl":"https:\/\/www.fundacionmicrofinanzasbbva.org\/revistaprogreso\/wp-content\/uploads\/2023\/09\/Logo-FMBBVA-AZUL.png","width":6173,"height":1001,"caption":"Revista Progreso"},"image":{"@id":"https:\/\/www.fundacionmicrofinanzasbbva.org\/revistaprogreso\/#\/schema\/logo\/image\/"},"sameAs":["https:\/\/www.facebook.com\/fundacionmicrofinanzasbbva","https:\/\/x.com\/FMBBVA","https:\/\/www.linkedin.com\/company\/fundacin-microfinanzas-bbva\/","https:\/\/www.instagram.com\/somosfmbbva\/"]},{"@type":"Person","@id":"https:\/\/www.fundacionmicrofinanzasbbva.org\/revistaprogreso\/#\/schema\/person\/4a3fe64f7988998aa5e22913c8147baf","name":"karessa Ramos","image":{"@type":"ImageObject","inLanguage":"es","@id":"https:\/\/www.fundacionmicrofinanzasbbva.org\/revistaprogreso\/#\/schema\/person\/image\/","url":"https:\/\/secure.gravatar.com\/avatar\/a2388109b4325a6fb9c892c3212e430cdc0835c8fc1c1a41f4cc2a3b175b81c5?s=96&d=mm&r=g","contentUrl":"https:\/\/secure.gravatar.com\/avatar\/a2388109b4325a6fb9c892c3212e430cdc0835c8fc1c1a41f4cc2a3b175b81c5?s=96&d=mm&r=g","caption":"karessa Ramos"},"url":"https:\/\/www.fundacionmicrofinanzasbbva.org\/revistaprogreso\/author\/karessa\/"}]}},"_links":{"self":[{"href":"https:\/\/www.fundacionmicrofinanzasbbva.org\/revistaprogreso\/wp-json\/wp\/v2\/posts\/7541","targetHints":{"allow":["GET"]}}],"collection":[{"href":"https:\/\/www.fundacionmicrofinanzasbbva.org\/revistaprogreso\/wp-json\/wp\/v2\/posts"}],"about":[{"href":"https:\/\/www.fundacionmicrofinanzasbbva.org\/revistaprogreso\/wp-json\/wp\/v2\/types\/post"}],"author":[{"embeddable":true,"href":"https:\/\/www.fundacionmicrofinanzasbbva.org\/revistaprogreso\/wp-json\/wp\/v2\/users\/30"}],"replies":[{"embeddable":true,"href":"https:\/\/www.fundacionmicrofinanzasbbva.org\/revistaprogreso\/wp-json\/wp\/v2\/comments?post=7541"}],"version-history":[{"count":0,"href":"https:\/\/www.fundacionmicrofinanzasbbva.org\/revistaprogreso\/wp-json\/wp\/v2\/posts\/7541\/revisions"}],"wp:featuredmedia":[{"embeddable":true,"href":"https:\/\/www.fundacionmicrofinanzasbbva.org\/revistaprogreso\/wp-json\/wp\/v2\/media\/7543"}],"wp:attachment":[{"href":"https:\/\/www.fundacionmicrofinanzasbbva.org\/revistaprogreso\/wp-json\/wp\/v2\/media?parent=7541"}],"wp:term":[{"taxonomy":"post_tag","embeddable":true,"href":"https:\/\/www.fundacionmicrofinanzasbbva.org\/revistaprogreso\/wp-json\/wp\/v2\/tags?post=7541"}],"curies":[{"name":"wp","href":"https:\/\/api.w.org\/{rel}","templated":true}]}}