{"id":7509,"date":"2017-06-13T09:18:20","date_gmt":"2017-06-13T09:18:20","guid":{"rendered":"http:\/\/progresomicrofinanzas.org\/?p=7509\/"},"modified":"2017-11-16T17:10:18","modified_gmt":"2017-11-16T17:10:18","slug":"nuevas-reglas-sociedades-comerciales","status":"publish","type":"post","link":"https:\/\/www.fundacionmicrofinanzasbbva.org\/revistaprogreso\/nuevas-reglas-sociedades-comerciales\/","title":{"rendered":"Nuevas reglas para sociedades comerciales"},"content":{"rendered":"<div class=\"pdfprnt-buttons pdfprnt-buttons-post pdfprnt-top-right\"><a href=\"https:\/\/www.fundacionmicrofinanzasbbva.org\/revistaprogreso\/wp-json\/wp\/v2\/posts\/7509?print=pdf\" class=\"pdfprnt-button pdfprnt-button-pdf\" target=\"_blank\" ><img decoding=\"async\" src=\"https:\/\/www.fundacionmicrofinanzasbbva.org\/revistaprogreso\/wp-content\/plugins\/pdf-print\/images\/pdf.png\" alt=\"image_pdf\" title=\"Ver PDF\" \/><\/a><a href=\"https:\/\/www.fundacionmicrofinanzasbbva.org\/revistaprogreso\/wp-json\/wp\/v2\/posts\/7509?print=print\" class=\"pdfprnt-button pdfprnt-button-print\" target=\"_blank\" ><img decoding=\"async\" src=\"https:\/\/www.fundacionmicrofinanzasbbva.org\/revistaprogreso\/wp-content\/plugins\/pdf-print\/images\/print.png\" alt=\"image_print\" title=\"Imprimir contenido\" \/><\/a><\/div><p><span style=\"font-weight: 400;\">En el Senado de Colombia ha sido radicado el Proyecto de Ley 231 de 2017, que establece nuevas reglas en materia de sociedades y gobierno corporativo en las sociedades comerciales en Colombia, en especial asuntos sobre Sociedades An\u00f3nimas Simplificadas (SAS), responsabilidad de los administradores, acciones para endilgar responsabilidad a los administradores, registro y matr\u00edcula mercantil de las sociedades, as\u00ed como reformas a las facultades de la Superintendencia de Sociedades.<\/span><\/p>\n<p><span style=\"font-weight: 400;\">La norma exime a las SAS de realizar reuniones ordinarias de asambleas, designar revisor fiscal o preparar el informe de gesti\u00f3n, cuando se trate de una sociedad con un \u00fanico accionista persona natural. Asimismo, las SAS podr\u00e1n ejecutar cualquier actividad de explotaci\u00f3n econ\u00f3mica, salvo aquellas para las cuales se requiera autorizaci\u00f3n de la Superintendencia Financiera de Colombia o de las sociedades cuyas acciones y otros t\u00edtulos est\u00e9n inscritos en el Registro Nacional de Valores y Emisores (RNVE).<\/span><\/p>\n<p><span style=\"font-weight: 400;\">Para el caso de las SAS con \u00fanico accionista persona natural (unipersonales), las c\u00e1maras de comercio proceder\u00e1n de oficio a inscribir la situaci\u00f3n de control de estas sociedades por parte de la respectiva persona natural, en su calidad de accionista \u00fanico.<\/span><\/p>\n<p><span style=\"font-weight: 400;\">Por otro lado, se establece una lista ampliada de las personas que ser\u00e1n consideradas como \u00abadministradores\u00bb de las sociedades. As\u00ed, adem\u00e1s del representante legal, el Liquidador y los miembros de las Juntas Directivas, el factor y quienes de acuerdo con los estatutos detenten funciones administrativas \u2013sean estas personas principales o suplentes, definidos como administradores por la Ley 222 de 1995, se incluyen, adem\u00e1s, a: i) todas las personas que ejerzan funciones de alta gerencia, tales como el presidente, el gerente, los vicepresidentes, los subgerentes y el tesorero, ii) los comit\u00e9s u otros cuerpos colegiados que cumplan funciones de administraci\u00f3n, conforme al acto que hubiere ordenado su creaci\u00f3n.<\/span><\/p>\n<p><span style=\"font-weight: 400;\">En lo relacionado con la responsabilidad de los administradores, se establece el deber de lealtad de los administradores, as\u00ed como las obligaciones surgidas con ocasi\u00f3n a dicho deber. De igual manera, se contempla la responsabilidad solidaria de los administradores ante la sociedades, asociados y a terceros, por perjuicios derivados de sus actuaciones y omisiones de mala fe o en violaci\u00f3n de sus deberes. Adem\u00e1s de lo anterior, se pretende establecer las personas vinculadas al administrador, para efectos de gestionar casos de conflictos de intereses.<\/span><\/p>\n<p><span style=\"font-weight: 400;\">De otra parte, este proyecto busca instaurar la obligaci\u00f3n de las c\u00e1maras de comercio de expedir certificados de existencia y representaci\u00f3n legal de las sociedades y dem\u00e1s entidades sometidas a su registro, por medios telem\u00e1ticos, los cuales se presumir\u00e1n aut\u00e9nticos.<\/span><\/p>\n<p><span style=\"font-weight: 400;\">Finalmente, se recoge el establecimiento de facultades jurisdiccionales a la Superintendencia de Sociedades para resolver controversias relacionadas con la interpretaci\u00f3n y aplicaci\u00f3n de las normas de Derecho Societario.<\/span><\/p>\n<p>&nbsp;<\/p>\n<p>&nbsp;<\/p>\n","protected":false},"excerpt":{"rendered":"<p>En el Senado de Colombia ha sido radicado el Proyecto de Ley 231 de 2017, que establece nuevas reglas en materia de sociedades y gobierno corporativo en las sociedades comerciales en Colombia, en especial asuntos sobre Sociedades An\u00f3nimas Simplificadas (SAS), responsabilidad de los administradores, acciones para endilgar responsabilidad a los administradores, registro y matr\u00edcula mercantil [&hellip;]<\/p>\n","protected":false},"author":30,"featured_media":7510,"comment_status":"open","ping_status":"open","sticky":false,"template":"","format":"standard","meta":{"_acf_changed":false,"footnotes":""},"tags":[2048,2153,208,85,745,2105,2154,2152,1612],"class_list":["post-7509","post","type-post","status-publish","format-standard","has-post-thumbnail","hentry","tag-administradores","tag-camara-de-comercio","tag-colombia","tag-gobierno-corporativo","tag-responsabilidad","tag-sas","tag-sociedades-anonimas-simplificadas","tag-sociedades-comerciales","tag-superintendencia-de-sociedades","numero-11m","seccion-legislacion-normas-publicadas-gobierno-corporativo","pais-colombia"],"acf":[],"yoast_head":"<!-- This site is optimized with the Yoast SEO plugin v27.4 - https:\/\/yoast.com\/product\/yoast-seo-wordpress\/ -->\n<title>Nuevas reglas para sociedades comerciales<\/title>\n<meta name=\"description\" content=\"Proyecto de ley busca establecer nuevas reglas en materia de Derecho Societario relativas a las obligaciones de las sociedades comerciales\" \/>\n<meta name=\"robots\" content=\"index, follow, max-snippet:-1, max-image-preview:large, max-video-preview:-1\" \/>\n<link rel=\"canonical\" href=\"https:\/\/www.fundacionmicrofinanzasbbva.org\/revistaprogreso\/nuevas-reglas-sociedades-comerciales\/\" \/>\n<meta property=\"og:locale\" content=\"es_ES\" \/>\n<meta property=\"og:type\" content=\"article\" \/>\n<meta property=\"og:title\" content=\"Nuevas reglas para sociedades comerciales\" \/>\n<meta property=\"og:description\" content=\"Proyecto de ley busca establecer nuevas reglas en materia de Derecho Societario relativas a las obligaciones de las sociedades comerciales\" \/>\n<meta property=\"og:url\" content=\"https:\/\/www.fundacionmicrofinanzasbbva.org\/revistaprogreso\/nuevas-reglas-sociedades-comerciales\/\" \/>\n<meta property=\"og:site_name\" content=\"Progreso\" \/>\n<meta property=\"article:publisher\" content=\"https:\/\/www.facebook.com\/fundacionmicrofinanzasbbva\" \/>\n<meta property=\"article:published_time\" content=\"2017-06-13T09:18:20+00:00\" \/>\n<meta property=\"article:modified_time\" content=\"2017-11-16T17:10:18+00:00\" \/>\n<meta property=\"og:image\" content=\"https:\/\/www.fundacionmicrofinanzasbbva.org\/revistaprogreso\/wp-content\/uploads\/2017\/06\/colom-comerc.jpg\" \/>\n\t<meta property=\"og:image:width\" content=\"925\" \/>\n\t<meta property=\"og:image:height\" content=\"606\" \/>\n\t<meta property=\"og:image:type\" content=\"image\/jpeg\" \/>\n<meta name=\"author\" content=\"karessa Ramos\" \/>\n<meta name=\"twitter:card\" content=\"summary_large_image\" \/>\n<meta name=\"twitter:creator\" content=\"@FMBBVA\" \/>\n<meta name=\"twitter:site\" content=\"@FMBBVA\" \/>\n<meta name=\"twitter:label1\" content=\"Escrito por\" \/>\n\t<meta name=\"twitter:data1\" content=\"karessa Ramos\" \/>\n\t<meta name=\"twitter:label2\" content=\"Tiempo de lectura\" \/>\n\t<meta name=\"twitter:data2\" content=\"2 minutos\" \/>\n<script type=\"application\/ld+json\" class=\"yoast-schema-graph\">{\"@context\":\"https:\\\/\\\/schema.org\",\"@graph\":[{\"@type\":\"Article\",\"@id\":\"https:\\\/\\\/www.fundacionmicrofinanzasbbva.org\\\/revistaprogreso\\\/nuevas-reglas-sociedades-comerciales\\\/#article\",\"isPartOf\":{\"@id\":\"https:\\\/\\\/www.fundacionmicrofinanzasbbva.org\\\/revistaprogreso\\\/nuevas-reglas-sociedades-comerciales\\\/\"},\"author\":{\"name\":\"karessa Ramos\",\"@id\":\"https:\\\/\\\/34.249.117.129\\\/revistaprogreso\\\/en\\\/#\\\/schema\\\/person\\\/4a3fe64f7988998aa5e22913c8147baf\"},\"headline\":\"Nuevas reglas para sociedades comerciales\",\"datePublished\":\"2017-06-13T09:18:20+00:00\",\"dateModified\":\"2017-11-16T17:10:18+00:00\",\"mainEntityOfPage\":{\"@id\":\"https:\\\/\\\/www.fundacionmicrofinanzasbbva.org\\\/revistaprogreso\\\/nuevas-reglas-sociedades-comerciales\\\/\"},\"wordCount\":479,\"commentCount\":0,\"publisher\":{\"@id\":\"https:\\\/\\\/34.249.117.129\\\/revistaprogreso\\\/en\\\/#organization\"},\"image\":{\"@id\":\"https:\\\/\\\/www.fundacionmicrofinanzasbbva.org\\\/revistaprogreso\\\/nuevas-reglas-sociedades-comerciales\\\/#primaryimage\"},\"thumbnailUrl\":\"https:\\\/\\\/www.fundacionmicrofinanzasbbva.org\\\/revistaprogreso\\\/wp-content\\\/uploads\\\/2017\\\/06\\\/colom-comerc.jpg\",\"keywords\":[\"administradores\",\"C\u00e1mara de Comercio\",\"Colombia\",\"gobierno corporativo\",\"responsabilidad\",\"SAS\",\"Sociedades An\u00f3nimas Simplificadas\",\"sociedades comerciales\",\"Superintendencia de Sociedades\"],\"inLanguage\":\"es\"},{\"@type\":\"WebPage\",\"@id\":\"https:\\\/\\\/www.fundacionmicrofinanzasbbva.org\\\/revistaprogreso\\\/nuevas-reglas-sociedades-comerciales\\\/\",\"url\":\"https:\\\/\\\/www.fundacionmicrofinanzasbbva.org\\\/revistaprogreso\\\/nuevas-reglas-sociedades-comerciales\\\/\",\"name\":\"Nuevas reglas para sociedades comerciales\",\"isPartOf\":{\"@id\":\"https:\\\/\\\/34.249.117.129\\\/revistaprogreso\\\/en\\\/#website\"},\"primaryImageOfPage\":{\"@id\":\"https:\\\/\\\/www.fundacionmicrofinanzasbbva.org\\\/revistaprogreso\\\/nuevas-reglas-sociedades-comerciales\\\/#primaryimage\"},\"image\":{\"@id\":\"https:\\\/\\\/www.fundacionmicrofinanzasbbva.org\\\/revistaprogreso\\\/nuevas-reglas-sociedades-comerciales\\\/#primaryimage\"},\"thumbnailUrl\":\"https:\\\/\\\/www.fundacionmicrofinanzasbbva.org\\\/revistaprogreso\\\/wp-content\\\/uploads\\\/2017\\\/06\\\/colom-comerc.jpg\",\"datePublished\":\"2017-06-13T09:18:20+00:00\",\"dateModified\":\"2017-11-16T17:10:18+00:00\",\"description\":\"Proyecto de ley busca establecer nuevas reglas en materia de Derecho Societario relativas a las obligaciones de las sociedades comerciales\",\"breadcrumb\":{\"@id\":\"https:\\\/\\\/www.fundacionmicrofinanzasbbva.org\\\/revistaprogreso\\\/nuevas-reglas-sociedades-comerciales\\\/#breadcrumb\"},\"inLanguage\":\"es\",\"potentialAction\":[{\"@type\":\"ReadAction\",\"target\":[\"https:\\\/\\\/www.fundacionmicrofinanzasbbva.org\\\/revistaprogreso\\\/nuevas-reglas-sociedades-comerciales\\\/\"]}]},{\"@type\":\"ImageObject\",\"inLanguage\":\"es\",\"@id\":\"https:\\\/\\\/www.fundacionmicrofinanzasbbva.org\\\/revistaprogreso\\\/nuevas-reglas-sociedades-comerciales\\\/#primaryimage\",\"url\":\"https:\\\/\\\/www.fundacionmicrofinanzasbbva.org\\\/revistaprogreso\\\/wp-content\\\/uploads\\\/2017\\\/06\\\/colom-comerc.jpg\",\"contentUrl\":\"https:\\\/\\\/www.fundacionmicrofinanzasbbva.org\\\/revistaprogreso\\\/wp-content\\\/uploads\\\/2017\\\/06\\\/colom-comerc.jpg\",\"width\":925,\"height\":606},{\"@type\":\"BreadcrumbList\",\"@id\":\"https:\\\/\\\/www.fundacionmicrofinanzasbbva.org\\\/revistaprogreso\\\/nuevas-reglas-sociedades-comerciales\\\/#breadcrumb\",\"itemListElement\":[{\"@type\":\"ListItem\",\"position\":1,\"name\":\"Portada\",\"item\":\"https:\\\/\\\/34.249.117.129\\\/revistaprogreso\\\/en\\\/\"},{\"@type\":\"ListItem\",\"position\":2,\"name\":\"Nuevas reglas para sociedades comerciales\"}]},{\"@type\":\"WebSite\",\"@id\":\"https:\\\/\\\/34.249.117.129\\\/revistaprogreso\\\/en\\\/#website\",\"url\":\"https:\\\/\\\/34.249.117.129\\\/revistaprogreso\\\/en\\\/\",\"name\":\"Revista Progreso\",\"description\":\"Revista de Actualidad Jur\u00eddica\",\"publisher\":{\"@id\":\"https:\\\/\\\/34.249.117.129\\\/revistaprogreso\\\/en\\\/#organization\"},\"alternateName\":\"Revista Progreso\",\"potentialAction\":[{\"@type\":\"SearchAction\",\"target\":{\"@type\":\"EntryPoint\",\"urlTemplate\":\"https:\\\/\\\/34.249.117.129\\\/revistaprogreso\\\/en\\\/?s={search_term_string}\"},\"query-input\":{\"@type\":\"PropertyValueSpecification\",\"valueRequired\":true,\"valueName\":\"search_term_string\"}}],\"inLanguage\":\"es\"},{\"@type\":\"Organization\",\"@id\":\"https:\\\/\\\/34.249.117.129\\\/revistaprogreso\\\/en\\\/#organization\",\"name\":\"Revista Progreso\",\"alternateName\":\"Revista Progreso\",\"url\":\"https:\\\/\\\/34.249.117.129\\\/revistaprogreso\\\/en\\\/\",\"logo\":{\"@type\":\"ImageObject\",\"inLanguage\":\"es\",\"@id\":\"https:\\\/\\\/34.249.117.129\\\/revistaprogreso\\\/en\\\/#\\\/schema\\\/logo\\\/image\\\/\",\"url\":\"https:\\\/\\\/www.fundacionmicrofinanzasbbva.org\\\/revistaprogreso\\\/wp-content\\\/uploads\\\/2023\\\/09\\\/Logo-FMBBVA-AZUL.png\",\"contentUrl\":\"https:\\\/\\\/www.fundacionmicrofinanzasbbva.org\\\/revistaprogreso\\\/wp-content\\\/uploads\\\/2023\\\/09\\\/Logo-FMBBVA-AZUL.png\",\"width\":6173,\"height\":1001,\"caption\":\"Revista Progreso\"},\"image\":{\"@id\":\"https:\\\/\\\/34.249.117.129\\\/revistaprogreso\\\/en\\\/#\\\/schema\\\/logo\\\/image\\\/\"},\"sameAs\":[\"https:\\\/\\\/www.facebook.com\\\/fundacionmicrofinanzasbbva\",\"https:\\\/\\\/x.com\\\/FMBBVA\",\"https:\\\/\\\/www.linkedin.com\\\/company\\\/fundacin-microfinanzas-bbva\\\/\",\"https:\\\/\\\/www.instagram.com\\\/somosfmbbva\\\/\"]},{\"@type\":\"Person\",\"@id\":\"https:\\\/\\\/34.249.117.129\\\/revistaprogreso\\\/en\\\/#\\\/schema\\\/person\\\/4a3fe64f7988998aa5e22913c8147baf\",\"name\":\"karessa Ramos\",\"image\":{\"@type\":\"ImageObject\",\"inLanguage\":\"es\",\"@id\":\"https:\\\/\\\/secure.gravatar.com\\\/avatar\\\/a2388109b4325a6fb9c892c3212e430cdc0835c8fc1c1a41f4cc2a3b175b81c5?s=96&d=mm&r=g\",\"url\":\"https:\\\/\\\/secure.gravatar.com\\\/avatar\\\/a2388109b4325a6fb9c892c3212e430cdc0835c8fc1c1a41f4cc2a3b175b81c5?s=96&d=mm&r=g\",\"contentUrl\":\"https:\\\/\\\/secure.gravatar.com\\\/avatar\\\/a2388109b4325a6fb9c892c3212e430cdc0835c8fc1c1a41f4cc2a3b175b81c5?s=96&d=mm&r=g\",\"caption\":\"karessa Ramos\"},\"url\":\"https:\\\/\\\/www.fundacionmicrofinanzasbbva.org\\\/revistaprogreso\\\/author\\\/karessa\\\/\"}]}<\/script>\n<!-- \/ Yoast SEO plugin. -->","yoast_head_json":{"title":"Nuevas reglas para sociedades comerciales","description":"Proyecto de ley busca establecer nuevas reglas en materia de Derecho Societario relativas a las obligaciones de las sociedades comerciales","robots":{"index":"index","follow":"follow","max-snippet":"max-snippet:-1","max-image-preview":"max-image-preview:large","max-video-preview":"max-video-preview:-1"},"canonical":"https:\/\/www.fundacionmicrofinanzasbbva.org\/revistaprogreso\/nuevas-reglas-sociedades-comerciales\/","og_locale":"es_ES","og_type":"article","og_title":"Nuevas reglas para sociedades comerciales","og_description":"Proyecto de ley busca establecer nuevas reglas en materia de Derecho Societario relativas a las obligaciones de las sociedades comerciales","og_url":"https:\/\/www.fundacionmicrofinanzasbbva.org\/revistaprogreso\/nuevas-reglas-sociedades-comerciales\/","og_site_name":"Progreso","article_publisher":"https:\/\/www.facebook.com\/fundacionmicrofinanzasbbva","article_published_time":"2017-06-13T09:18:20+00:00","article_modified_time":"2017-11-16T17:10:18+00:00","og_image":[{"width":925,"height":606,"url":"https:\/\/www.fundacionmicrofinanzasbbva.org\/revistaprogreso\/wp-content\/uploads\/2017\/06\/colom-comerc.jpg","type":"image\/jpeg"}],"author":"karessa Ramos","twitter_card":"summary_large_image","twitter_creator":"@FMBBVA","twitter_site":"@FMBBVA","twitter_misc":{"Escrito por":"karessa Ramos","Tiempo de lectura":"2 minutos"},"schema":{"@context":"https:\/\/schema.org","@graph":[{"@type":"Article","@id":"https:\/\/www.fundacionmicrofinanzasbbva.org\/revistaprogreso\/nuevas-reglas-sociedades-comerciales\/#article","isPartOf":{"@id":"https:\/\/www.fundacionmicrofinanzasbbva.org\/revistaprogreso\/nuevas-reglas-sociedades-comerciales\/"},"author":{"name":"karessa Ramos","@id":"https:\/\/34.249.117.129\/revistaprogreso\/en\/#\/schema\/person\/4a3fe64f7988998aa5e22913c8147baf"},"headline":"Nuevas reglas para sociedades comerciales","datePublished":"2017-06-13T09:18:20+00:00","dateModified":"2017-11-16T17:10:18+00:00","mainEntityOfPage":{"@id":"https:\/\/www.fundacionmicrofinanzasbbva.org\/revistaprogreso\/nuevas-reglas-sociedades-comerciales\/"},"wordCount":479,"commentCount":0,"publisher":{"@id":"https:\/\/34.249.117.129\/revistaprogreso\/en\/#organization"},"image":{"@id":"https:\/\/www.fundacionmicrofinanzasbbva.org\/revistaprogreso\/nuevas-reglas-sociedades-comerciales\/#primaryimage"},"thumbnailUrl":"https:\/\/www.fundacionmicrofinanzasbbva.org\/revistaprogreso\/wp-content\/uploads\/2017\/06\/colom-comerc.jpg","keywords":["administradores","C\u00e1mara de Comercio","Colombia","gobierno corporativo","responsabilidad","SAS","Sociedades An\u00f3nimas Simplificadas","sociedades comerciales","Superintendencia de Sociedades"],"inLanguage":"es"},{"@type":"WebPage","@id":"https:\/\/www.fundacionmicrofinanzasbbva.org\/revistaprogreso\/nuevas-reglas-sociedades-comerciales\/","url":"https:\/\/www.fundacionmicrofinanzasbbva.org\/revistaprogreso\/nuevas-reglas-sociedades-comerciales\/","name":"Nuevas reglas para sociedades comerciales","isPartOf":{"@id":"https:\/\/34.249.117.129\/revistaprogreso\/en\/#website"},"primaryImageOfPage":{"@id":"https:\/\/www.fundacionmicrofinanzasbbva.org\/revistaprogreso\/nuevas-reglas-sociedades-comerciales\/#primaryimage"},"image":{"@id":"https:\/\/www.fundacionmicrofinanzasbbva.org\/revistaprogreso\/nuevas-reglas-sociedades-comerciales\/#primaryimage"},"thumbnailUrl":"https:\/\/www.fundacionmicrofinanzasbbva.org\/revistaprogreso\/wp-content\/uploads\/2017\/06\/colom-comerc.jpg","datePublished":"2017-06-13T09:18:20+00:00","dateModified":"2017-11-16T17:10:18+00:00","description":"Proyecto de ley busca establecer nuevas reglas en materia de Derecho Societario relativas a las obligaciones de las sociedades comerciales","breadcrumb":{"@id":"https:\/\/www.fundacionmicrofinanzasbbva.org\/revistaprogreso\/nuevas-reglas-sociedades-comerciales\/#breadcrumb"},"inLanguage":"es","potentialAction":[{"@type":"ReadAction","target":["https:\/\/www.fundacionmicrofinanzasbbva.org\/revistaprogreso\/nuevas-reglas-sociedades-comerciales\/"]}]},{"@type":"ImageObject","inLanguage":"es","@id":"https:\/\/www.fundacionmicrofinanzasbbva.org\/revistaprogreso\/nuevas-reglas-sociedades-comerciales\/#primaryimage","url":"https:\/\/www.fundacionmicrofinanzasbbva.org\/revistaprogreso\/wp-content\/uploads\/2017\/06\/colom-comerc.jpg","contentUrl":"https:\/\/www.fundacionmicrofinanzasbbva.org\/revistaprogreso\/wp-content\/uploads\/2017\/06\/colom-comerc.jpg","width":925,"height":606},{"@type":"BreadcrumbList","@id":"https:\/\/www.fundacionmicrofinanzasbbva.org\/revistaprogreso\/nuevas-reglas-sociedades-comerciales\/#breadcrumb","itemListElement":[{"@type":"ListItem","position":1,"name":"Portada","item":"https:\/\/34.249.117.129\/revistaprogreso\/en\/"},{"@type":"ListItem","position":2,"name":"Nuevas reglas para sociedades comerciales"}]},{"@type":"WebSite","@id":"https:\/\/34.249.117.129\/revistaprogreso\/en\/#website","url":"https:\/\/34.249.117.129\/revistaprogreso\/en\/","name":"Revista Progreso","description":"Revista de Actualidad Jur\u00eddica","publisher":{"@id":"https:\/\/34.249.117.129\/revistaprogreso\/en\/#organization"},"alternateName":"Revista Progreso","potentialAction":[{"@type":"SearchAction","target":{"@type":"EntryPoint","urlTemplate":"https:\/\/34.249.117.129\/revistaprogreso\/en\/?s={search_term_string}"},"query-input":{"@type":"PropertyValueSpecification","valueRequired":true,"valueName":"search_term_string"}}],"inLanguage":"es"},{"@type":"Organization","@id":"https:\/\/34.249.117.129\/revistaprogreso\/en\/#organization","name":"Revista Progreso","alternateName":"Revista Progreso","url":"https:\/\/34.249.117.129\/revistaprogreso\/en\/","logo":{"@type":"ImageObject","inLanguage":"es","@id":"https:\/\/34.249.117.129\/revistaprogreso\/en\/#\/schema\/logo\/image\/","url":"https:\/\/www.fundacionmicrofinanzasbbva.org\/revistaprogreso\/wp-content\/uploads\/2023\/09\/Logo-FMBBVA-AZUL.png","contentUrl":"https:\/\/www.fundacionmicrofinanzasbbva.org\/revistaprogreso\/wp-content\/uploads\/2023\/09\/Logo-FMBBVA-AZUL.png","width":6173,"height":1001,"caption":"Revista Progreso"},"image":{"@id":"https:\/\/34.249.117.129\/revistaprogreso\/en\/#\/schema\/logo\/image\/"},"sameAs":["https:\/\/www.facebook.com\/fundacionmicrofinanzasbbva","https:\/\/x.com\/FMBBVA","https:\/\/www.linkedin.com\/company\/fundacin-microfinanzas-bbva\/","https:\/\/www.instagram.com\/somosfmbbva\/"]},{"@type":"Person","@id":"https:\/\/34.249.117.129\/revistaprogreso\/en\/#\/schema\/person\/4a3fe64f7988998aa5e22913c8147baf","name":"karessa Ramos","image":{"@type":"ImageObject","inLanguage":"es","@id":"https:\/\/secure.gravatar.com\/avatar\/a2388109b4325a6fb9c892c3212e430cdc0835c8fc1c1a41f4cc2a3b175b81c5?s=96&d=mm&r=g","url":"https:\/\/secure.gravatar.com\/avatar\/a2388109b4325a6fb9c892c3212e430cdc0835c8fc1c1a41f4cc2a3b175b81c5?s=96&d=mm&r=g","contentUrl":"https:\/\/secure.gravatar.com\/avatar\/a2388109b4325a6fb9c892c3212e430cdc0835c8fc1c1a41f4cc2a3b175b81c5?s=96&d=mm&r=g","caption":"karessa Ramos"},"url":"https:\/\/www.fundacionmicrofinanzasbbva.org\/revistaprogreso\/author\/karessa\/"}]}},"_links":{"self":[{"href":"https:\/\/www.fundacionmicrofinanzasbbva.org\/revistaprogreso\/wp-json\/wp\/v2\/posts\/7509","targetHints":{"allow":["GET"]}}],"collection":[{"href":"https:\/\/www.fundacionmicrofinanzasbbva.org\/revistaprogreso\/wp-json\/wp\/v2\/posts"}],"about":[{"href":"https:\/\/www.fundacionmicrofinanzasbbva.org\/revistaprogreso\/wp-json\/wp\/v2\/types\/post"}],"author":[{"embeddable":true,"href":"https:\/\/www.fundacionmicrofinanzasbbva.org\/revistaprogreso\/wp-json\/wp\/v2\/users\/30"}],"replies":[{"embeddable":true,"href":"https:\/\/www.fundacionmicrofinanzasbbva.org\/revistaprogreso\/wp-json\/wp\/v2\/comments?post=7509"}],"version-history":[{"count":0,"href":"https:\/\/www.fundacionmicrofinanzasbbva.org\/revistaprogreso\/wp-json\/wp\/v2\/posts\/7509\/revisions"}],"wp:featuredmedia":[{"embeddable":true,"href":"https:\/\/www.fundacionmicrofinanzasbbva.org\/revistaprogreso\/wp-json\/wp\/v2\/media\/7510"}],"wp:attachment":[{"href":"https:\/\/www.fundacionmicrofinanzasbbva.org\/revistaprogreso\/wp-json\/wp\/v2\/media?parent=7509"}],"wp:term":[{"taxonomy":"post_tag","embeddable":true,"href":"https:\/\/www.fundacionmicrofinanzasbbva.org\/revistaprogreso\/wp-json\/wp\/v2\/tags?post=7509"}],"curies":[{"name":"wp","href":"https:\/\/api.w.org\/{rel}","templated":true}]}}