{"id":7069,"date":"2017-03-02T11:03:59","date_gmt":"2017-03-02T11:03:59","guid":{"rendered":"http:\/\/progresomicrofinanzas.org\/?p=7069\/"},"modified":"2017-11-17T10:28:41","modified_gmt":"2017-11-17T10:28:41","slug":"ley-de-proteccion-de-datos","status":"publish","type":"post","link":"https:\/\/www.fundacionmicrofinanzasbbva.org\/revistaprogreso\/ley-de-proteccion-de-datos\/","title":{"rendered":"Ley de Protecci\u00f3n de Datos"},"content":{"rendered":"<div class=\"pdfprnt-buttons pdfprnt-buttons-post pdfprnt-top-right\"><a href=\"https:\/\/www.fundacionmicrofinanzasbbva.org\/revistaprogreso\/wp-json\/wp\/v2\/posts\/7069?print=pdf\" class=\"pdfprnt-button pdfprnt-button-pdf\" target=\"_blank\"><img decoding=\"async\" src=\"https:\/\/www.fundacionmicrofinanzasbbva.org\/revistaprogreso\/wp-content\/plugins\/pdf-print\/images\/pdf.png\" alt=\"image_pdf\" title=\"Ver PDF\" \/><\/a><a href=\"https:\/\/www.fundacionmicrofinanzasbbva.org\/revistaprogreso\/wp-json\/wp\/v2\/posts\/7069?print=print\" class=\"pdfprnt-button pdfprnt-button-print\" target=\"_blank\"><img decoding=\"async\" src=\"https:\/\/www.fundacionmicrofinanzasbbva.org\/revistaprogreso\/wp-content\/plugins\/pdf-print\/images\/print.png\" alt=\"image_print\" title=\"Imprimir contenido\" \/><\/a><\/div><p><span style=\"font-weight: 400;\">En la actualidad, la protecci\u00f3n de datos personales en posesi\u00f3n de los particulares se encuentra regulada por una Ley Federal del 2010, mientras que la protecci\u00f3n de los datos en posesi\u00f3n del \u00e1mbito p\u00fablico lo estaba bajo preceptos constitucionales y la Ley de Transparencia Gubernamental de 2002, sin que hubiera una norma espec\u00edfica. En este contexto y para regular el tratamiento de los datos personales en posesi\u00f3n del sector p\u00fablico federal, estatal y municipal, ha sido publicada la Ley General de Protecci\u00f3n de Datos Personales en Posesi\u00f3n de Sujetos Obligados.<\/span><\/p>\n<p><span style=\"font-weight: 400;\">El principal objetivo de esta Ley es establecer las bases, los principios y los procedimientos, sencillos y expeditivos, para garantizar que toda persona pueda ejercitar los derechos de acceso, rectificaci\u00f3n, cancelaci\u00f3n y oposici\u00f3n (ARCO) de sus datos personales en posesi\u00f3n de cualquier autoridad, entidad, \u00f3rgano y organismo de los Poderes Ejecutivo, Legislativo y Judicial, \u00f3rganos aut\u00f3nomos, partidos pol\u00edticos, fideicomisos y fondos p\u00fablicos de la federaci\u00f3n, las entidades federativas y los municipios.<\/span><\/p>\n<p><span style=\"font-weight: 400;\">Se establece que el derecho a la protecci\u00f3n de los datos personales solamente se limitar\u00e1 por razones de seguridad nacional, disposiciones de orden p\u00fablico, seguridad y salud p\u00fablicas o para proteger los derechos de terceros. Asimismo, no podr\u00e1n tratarse datos personales sensibles (los que se refieren a la esfera \u00edntima), salvo que medie consentimiento expreso del titular, cuando una ley lo disponga o cuando exista una situaci\u00f3n de emergencia.<\/span><\/p>\n<p><span style=\"font-weight: 400;\">La norma se compone de 168 art\u00edculos, divididos en 11 t\u00edtulos en los que se pretende:<\/span><\/p>\n<ul>\n<li style=\"font-weight: 400;\"><span style=\"font-weight: 400;\">Distribuir las competencias entre los Organismos del orden federal y los de las Entidades Federativas, garantes en la materia.<\/span><\/li>\n<\/ul>\n<ul>\n<li style=\"font-weight: 400;\"><span style=\"font-weight: 400;\">Establecer las bases m\u00ednimas y condiciones homog\u00e9neas que regir\u00e1n el tratamiento de los datos personales.<\/span><\/li>\n<\/ul>\n<ul>\n<li style=\"font-weight: 400;\"><span style=\"font-weight: 400;\">Regular la organizaci\u00f3n y operaci\u00f3n del Sistema Nacional de Transparencia, Acceso a la Informaci\u00f3n y Protecci\u00f3n de Datos Personales.<\/span><\/li>\n<\/ul>\n<ul>\n<li style=\"font-weight: 400;\"><span style=\"font-weight: 400;\">Garantizar la observancia \u00a0de los principios de protecci\u00f3n de datos personales.<\/span><\/li>\n<\/ul>\n<ul>\n<li style=\"font-weight: 400;\"><span style=\"font-weight: 400;\">Proteger los datos personales en posesi\u00f3n de cualquier persona o entidad, as\u00ed como regular su adecuado tratamiento.<\/span><\/li>\n<\/ul>\n<ul>\n<li style=\"font-weight: 400;\"><span style=\"font-weight: 400;\">Promover, fomentar y difundir una cultura de protecci\u00f3n de datos personales.<\/span><\/li>\n<\/ul>\n<ul>\n<li style=\"font-weight: 400;\"><span style=\"font-weight: 400;\">Regular los medios de impugnaci\u00f3n y los procedimientos para la interposici\u00f3n de acciones de inconstitucionalidad y controversias constitucionales por parte de los Organismos locales y de la Federaci\u00f3n.<\/span><\/li>\n<\/ul>\n<p><span style=\"font-weight: 400;\">Como novedades de la Ley se destacan las siguientes:<\/span><\/p>\n<ul>\n<li style=\"font-weight: 400;\"><span style=\"font-weight: 400;\">La delimitaci\u00f3n de las atribuciones del Instituto Nacional de Transparencia, Acceso a la Informaci\u00f3n y Protecci\u00f3n de Datos Personales (INAI), que tendr\u00e1 la funci\u00f3n de coordinar y evaluar las acciones relativas a la pol\u00edtica p\u00fablica transversal de protecci\u00f3n de datos personales, as\u00ed como establecer e implementar criterios y lineamientos en la materia.<\/span><\/li>\n<\/ul>\n<ul>\n<li style=\"font-weight: 400;\"><span style=\"font-weight: 400;\">La definici\u00f3n de un r\u00e9gimen de transferencias nacionales e internacionales de datos personales, que facilite el intercambio de informaci\u00f3n personal entre las autoridades de los tres \u00f3rdenes de gobierno.<\/span><\/li>\n<\/ul>\n<ul>\n<li style=\"font-weight: 400;\"><span style=\"font-weight: 400;\">La implementaci\u00f3n y mantenimiento de un sistema de gesti\u00f3n de la seguridad, de acuerdo a est\u00e1ndares nacionales e internacionales vigentes.<\/span><\/li>\n<\/ul>\n<ul>\n<li style=\"font-weight: 400;\"><span style=\"font-weight: 400;\">El establecimiento de reglas espec\u00edficas para el tratamiento de datos personales por parte de instancias de seguridad y de justicia, en el \u00e1mbito de las telecomunicaciones.<\/span><\/li>\n<\/ul>\n<ul>\n<li style=\"font-weight: 400;\"><span style=\"font-weight: 400;\">El reconocimiento de mecanismos que permitan a cualquier persona interponer su inconformidad ante el INAI y los organismos estatales.<\/span><\/li>\n<\/ul>\n<p><span style=\"font-weight: 400;\">Quienes incumplan las obligaciones establecidas en la Ley ser\u00e1n sancionados, consider\u00e1ndose como causas, el actuar con negligencia, dolo o mala fe durante la resoluci\u00f3n de solicitudes de modificaci\u00f3n de los datos personales, as\u00ed como usar, sustraer, divulgar, ocultar, alterar, mutilar, destruir o inutilizar, total o parcialmente y de manera indebida, datos que se encuentren bajo su custodia o a los cuales tengan acceso o conocimiento con motivo de su empleo, cargo o comisi\u00f3n.<\/span><\/p>\n<p>&nbsp;<\/p>\n<p>&nbsp;<\/p>\n<p>&nbsp;<\/p>\n","protected":false},"excerpt":{"rendered":"<p>En la actualidad, la protecci\u00f3n de datos personales en posesi\u00f3n de los particulares se encuentra regulada por una Ley Federal del 2010, mientras que la protecci\u00f3n de los datos en posesi\u00f3n del \u00e1mbito p\u00fablico lo estaba bajo preceptos constitucionales y la Ley de Transparencia Gubernamental de 2002, sin que hubiera una norma espec\u00edfica. En este [&hellip;]<\/p>\n","protected":false},"author":30,"featured_media":7071,"comment_status":"open","ping_status":"open","sticky":false,"template":"","format":"standard","meta":{"_acf_changed":false,"footnotes":""},"tags":[115,121,116,1950,1955,1953,1952,1956,1954,1951,1958,1957],"class_list":["post-7069","post","type-post","status-publish","format-standard","has-post-thumbnail","hentry","tag-datos-personales","tag-proteccion-de-datos","tag-transferencia-internacional","tag-acceso","tag-arco","tag-cancelacion","tag-derecho","tag-inai","tag-oposicion","tag-rectificacion","tag-sector-publico","tag-sujeto-obligado","numero-10m","seccion-legislacion-normas-publicadas-gobierno-corporativo","pais-mexico"],"acf":[],"yoast_head":"<!-- This site is optimized with the Yoast SEO plugin v26.8 - https:\/\/yoast.com\/product\/yoast-seo-wordpress\/ -->\n<title>Ley de Protecci\u00f3n de Datos<\/title>\n<meta name=\"description\" content=\"M\u00e9xico publica nueva Ley de Protecci\u00f3n de Datos Personales en Posesi\u00f3n de Sujetos Obligados.\" \/>\n<meta name=\"robots\" content=\"index, follow, max-snippet:-1, max-image-preview:large, max-video-preview:-1\" \/>\n<link rel=\"canonical\" href=\"https:\/\/www.fundacionmicrofinanzasbbva.org\/revistaprogreso\/ley-de-proteccion-de-datos\/\" \/>\n<meta property=\"og:locale\" content=\"es_ES\" \/>\n<meta property=\"og:type\" content=\"article\" \/>\n<meta property=\"og:title\" content=\"Ley de Protecci\u00f3n de Datos\" \/>\n<meta property=\"og:description\" content=\"M\u00e9xico publica nueva Ley de Protecci\u00f3n de Datos Personales en Posesi\u00f3n de Sujetos Obligados.\" \/>\n<meta property=\"og:url\" content=\"https:\/\/www.fundacionmicrofinanzasbbva.org\/revistaprogreso\/ley-de-proteccion-de-datos\/\" \/>\n<meta property=\"og:site_name\" content=\"Progreso\" \/>\n<meta property=\"article:publisher\" content=\"https:\/\/www.facebook.com\/fundacionmicrofinanzasbbva\" \/>\n<meta property=\"article:published_time\" content=\"2017-03-02T11:03:59+00:00\" \/>\n<meta property=\"article:modified_time\" content=\"2017-11-17T10:28:41+00:00\" \/>\n<meta property=\"og:image\" content=\"https:\/\/fundacionmicrofinanzasbbva.org\/revistaprogreso\/wp-content\/uploads\/2017\/03\/mexico.jpg\" \/>\n\t<meta property=\"og:image:width\" content=\"925\" \/>\n\t<meta property=\"og:image:height\" content=\"614\" \/>\n\t<meta property=\"og:image:type\" content=\"image\/jpeg\" \/>\n<meta name=\"author\" content=\"karessa Ramos\" \/>\n<meta name=\"twitter:card\" content=\"summary_large_image\" \/>\n<meta name=\"twitter:creator\" content=\"@FMBBVA\" \/>\n<meta name=\"twitter:site\" content=\"@FMBBVA\" \/>\n<meta name=\"twitter:label1\" content=\"Escrito por\" \/>\n\t<meta name=\"twitter:data1\" content=\"karessa Ramos\" \/>\n\t<meta name=\"twitter:label2\" content=\"Tiempo de lectura\" \/>\n\t<meta name=\"twitter:data2\" content=\"3 minutos\" \/>\n<script type=\"application\/ld+json\" class=\"yoast-schema-graph\">{\"@context\":\"https:\/\/schema.org\",\"@graph\":[{\"@type\":\"Article\",\"@id\":\"https:\/\/www.fundacionmicrofinanzasbbva.org\/revistaprogreso\/ley-de-proteccion-de-datos\/#article\",\"isPartOf\":{\"@id\":\"https:\/\/www.fundacionmicrofinanzasbbva.org\/revistaprogreso\/ley-de-proteccion-de-datos\/\"},\"author\":{\"name\":\"karessa Ramos\",\"@id\":\"https:\/\/www.fundacionmicrofinanzasbbva.org\/revistaprogreso\/#\/schema\/person\/4a3fe64f7988998aa5e22913c8147baf\"},\"headline\":\"Ley de Protecci\u00f3n de Datos\",\"datePublished\":\"2017-03-02T11:03:59+00:00\",\"dateModified\":\"2017-11-17T10:28:41+00:00\",\"mainEntityOfPage\":{\"@id\":\"https:\/\/www.fundacionmicrofinanzasbbva.org\/revistaprogreso\/ley-de-proteccion-de-datos\/\"},\"wordCount\":656,\"commentCount\":0,\"publisher\":{\"@id\":\"https:\/\/www.fundacionmicrofinanzasbbva.org\/revistaprogreso\/#organization\"},\"image\":{\"@id\":\"https:\/\/www.fundacionmicrofinanzasbbva.org\/revistaprogreso\/ley-de-proteccion-de-datos\/#primaryimage\"},\"thumbnailUrl\":\"https:\/\/www.fundacionmicrofinanzasbbva.org\/revistaprogreso\/wp-content\/uploads\/2017\/03\/mexico.jpg\",\"keywords\":[\"#datos personales\",\"#protecci\u00f3n de datos\",\"#transferencia internacional\",\"acceso\",\"ARCO\",\"cancelaci\u00f3n\",\"derecho\",\"INAI\",\"oposici\u00f3n\",\"rectificaci\u00f3n\",\"sector p\u00fablico\",\"sujeto obligado\"],\"inLanguage\":\"es\"},{\"@type\":\"WebPage\",\"@id\":\"https:\/\/www.fundacionmicrofinanzasbbva.org\/revistaprogreso\/ley-de-proteccion-de-datos\/\",\"url\":\"https:\/\/www.fundacionmicrofinanzasbbva.org\/revistaprogreso\/ley-de-proteccion-de-datos\/\",\"name\":\"Ley de Protecci\u00f3n de Datos\",\"isPartOf\":{\"@id\":\"https:\/\/www.fundacionmicrofinanzasbbva.org\/revistaprogreso\/#website\"},\"primaryImageOfPage\":{\"@id\":\"https:\/\/www.fundacionmicrofinanzasbbva.org\/revistaprogreso\/ley-de-proteccion-de-datos\/#primaryimage\"},\"image\":{\"@id\":\"https:\/\/www.fundacionmicrofinanzasbbva.org\/revistaprogreso\/ley-de-proteccion-de-datos\/#primaryimage\"},\"thumbnailUrl\":\"https:\/\/www.fundacionmicrofinanzasbbva.org\/revistaprogreso\/wp-content\/uploads\/2017\/03\/mexico.jpg\",\"datePublished\":\"2017-03-02T11:03:59+00:00\",\"dateModified\":\"2017-11-17T10:28:41+00:00\",\"description\":\"M\u00e9xico publica nueva Ley de Protecci\u00f3n de Datos Personales en Posesi\u00f3n de Sujetos Obligados.\",\"breadcrumb\":{\"@id\":\"https:\/\/www.fundacionmicrofinanzasbbva.org\/revistaprogreso\/ley-de-proteccion-de-datos\/#breadcrumb\"},\"inLanguage\":\"es\",\"potentialAction\":[{\"@type\":\"ReadAction\",\"target\":[\"https:\/\/www.fundacionmicrofinanzasbbva.org\/revistaprogreso\/ley-de-proteccion-de-datos\/\"]}]},{\"@type\":\"ImageObject\",\"inLanguage\":\"es\",\"@id\":\"https:\/\/www.fundacionmicrofinanzasbbva.org\/revistaprogreso\/ley-de-proteccion-de-datos\/#primaryimage\",\"url\":\"https:\/\/www.fundacionmicrofinanzasbbva.org\/revistaprogreso\/wp-content\/uploads\/2017\/03\/mexico.jpg\",\"contentUrl\":\"https:\/\/www.fundacionmicrofinanzasbbva.org\/revistaprogreso\/wp-content\/uploads\/2017\/03\/mexico.jpg\",\"width\":925,\"height\":614},{\"@type\":\"BreadcrumbList\",\"@id\":\"https:\/\/www.fundacionmicrofinanzasbbva.org\/revistaprogreso\/ley-de-proteccion-de-datos\/#breadcrumb\",\"itemListElement\":[{\"@type\":\"ListItem\",\"position\":1,\"name\":\"Portada\",\"item\":\"https:\/\/www.fundacionmicrofinanzasbbva.org\/revistaprogreso\/\"},{\"@type\":\"ListItem\",\"position\":2,\"name\":\"Ley de Protecci\u00f3n de Datos\"}]},{\"@type\":\"WebSite\",\"@id\":\"https:\/\/www.fundacionmicrofinanzasbbva.org\/revistaprogreso\/#website\",\"url\":\"https:\/\/www.fundacionmicrofinanzasbbva.org\/revistaprogreso\/\",\"name\":\"Revista Progreso\",\"description\":\"Revista de Actualidad Jur\u00eddica\",\"publisher\":{\"@id\":\"https:\/\/www.fundacionmicrofinanzasbbva.org\/revistaprogreso\/#organization\"},\"alternateName\":\"Revista Progreso\",\"potentialAction\":[{\"@type\":\"SearchAction\",\"target\":{\"@type\":\"EntryPoint\",\"urlTemplate\":\"https:\/\/www.fundacionmicrofinanzasbbva.org\/revistaprogreso\/?s={search_term_string}\"},\"query-input\":{\"@type\":\"PropertyValueSpecification\",\"valueRequired\":true,\"valueName\":\"search_term_string\"}}],\"inLanguage\":\"es\"},{\"@type\":\"Organization\",\"@id\":\"https:\/\/www.fundacionmicrofinanzasbbva.org\/revistaprogreso\/#organization\",\"name\":\"Revista Progreso\",\"alternateName\":\"Revista Progreso\",\"url\":\"https:\/\/www.fundacionmicrofinanzasbbva.org\/revistaprogreso\/\",\"logo\":{\"@type\":\"ImageObject\",\"inLanguage\":\"es\",\"@id\":\"https:\/\/www.fundacionmicrofinanzasbbva.org\/revistaprogreso\/#\/schema\/logo\/image\/\",\"url\":\"https:\/\/www.fundacionmicrofinanzasbbva.org\/revistaprogreso\/wp-content\/uploads\/2023\/09\/Logo-FMBBVA-AZUL.png\",\"contentUrl\":\"https:\/\/www.fundacionmicrofinanzasbbva.org\/revistaprogreso\/wp-content\/uploads\/2023\/09\/Logo-FMBBVA-AZUL.png\",\"width\":6173,\"height\":1001,\"caption\":\"Revista Progreso\"},\"image\":{\"@id\":\"https:\/\/www.fundacionmicrofinanzasbbva.org\/revistaprogreso\/#\/schema\/logo\/image\/\"},\"sameAs\":[\"https:\/\/www.facebook.com\/fundacionmicrofinanzasbbva\",\"https:\/\/x.com\/FMBBVA\",\"https:\/\/www.linkedin.com\/company\/fundacin-microfinanzas-bbva\/\",\"https:\/\/www.instagram.com\/somosfmbbva\/\"]},{\"@type\":\"Person\",\"@id\":\"https:\/\/www.fundacionmicrofinanzasbbva.org\/revistaprogreso\/#\/schema\/person\/4a3fe64f7988998aa5e22913c8147baf\",\"name\":\"karessa Ramos\",\"image\":{\"@type\":\"ImageObject\",\"inLanguage\":\"es\",\"@id\":\"https:\/\/www.fundacionmicrofinanzasbbva.org\/revistaprogreso\/#\/schema\/person\/image\/\",\"url\":\"https:\/\/secure.gravatar.com\/avatar\/a2388109b4325a6fb9c892c3212e430cdc0835c8fc1c1a41f4cc2a3b175b81c5?s=96&d=mm&r=g\",\"contentUrl\":\"https:\/\/secure.gravatar.com\/avatar\/a2388109b4325a6fb9c892c3212e430cdc0835c8fc1c1a41f4cc2a3b175b81c5?s=96&d=mm&r=g\",\"caption\":\"karessa Ramos\"},\"url\":\"https:\/\/www.fundacionmicrofinanzasbbva.org\/revistaprogreso\/author\/karessa\/\"}]}<\/script>\n<!-- \/ Yoast SEO plugin. -->","yoast_head_json":{"title":"Ley de Protecci\u00f3n de Datos","description":"M\u00e9xico publica nueva Ley de Protecci\u00f3n de Datos Personales en Posesi\u00f3n de Sujetos Obligados.","robots":{"index":"index","follow":"follow","max-snippet":"max-snippet:-1","max-image-preview":"max-image-preview:large","max-video-preview":"max-video-preview:-1"},"canonical":"https:\/\/www.fundacionmicrofinanzasbbva.org\/revistaprogreso\/ley-de-proteccion-de-datos\/","og_locale":"es_ES","og_type":"article","og_title":"Ley de Protecci\u00f3n de Datos","og_description":"M\u00e9xico publica nueva Ley de Protecci\u00f3n de Datos Personales en Posesi\u00f3n de Sujetos Obligados.","og_url":"https:\/\/www.fundacionmicrofinanzasbbva.org\/revistaprogreso\/ley-de-proteccion-de-datos\/","og_site_name":"Progreso","article_publisher":"https:\/\/www.facebook.com\/fundacionmicrofinanzasbbva","article_published_time":"2017-03-02T11:03:59+00:00","article_modified_time":"2017-11-17T10:28:41+00:00","og_image":[{"width":925,"height":614,"url":"https:\/\/fundacionmicrofinanzasbbva.org\/revistaprogreso\/wp-content\/uploads\/2017\/03\/mexico.jpg","type":"image\/jpeg"}],"author":"karessa Ramos","twitter_card":"summary_large_image","twitter_creator":"@FMBBVA","twitter_site":"@FMBBVA","twitter_misc":{"Escrito por":"karessa Ramos","Tiempo de lectura":"3 minutos"},"schema":{"@context":"https:\/\/schema.org","@graph":[{"@type":"Article","@id":"https:\/\/www.fundacionmicrofinanzasbbva.org\/revistaprogreso\/ley-de-proteccion-de-datos\/#article","isPartOf":{"@id":"https:\/\/www.fundacionmicrofinanzasbbva.org\/revistaprogreso\/ley-de-proteccion-de-datos\/"},"author":{"name":"karessa Ramos","@id":"https:\/\/www.fundacionmicrofinanzasbbva.org\/revistaprogreso\/#\/schema\/person\/4a3fe64f7988998aa5e22913c8147baf"},"headline":"Ley de Protecci\u00f3n de Datos","datePublished":"2017-03-02T11:03:59+00:00","dateModified":"2017-11-17T10:28:41+00:00","mainEntityOfPage":{"@id":"https:\/\/www.fundacionmicrofinanzasbbva.org\/revistaprogreso\/ley-de-proteccion-de-datos\/"},"wordCount":656,"commentCount":0,"publisher":{"@id":"https:\/\/www.fundacionmicrofinanzasbbva.org\/revistaprogreso\/#organization"},"image":{"@id":"https:\/\/www.fundacionmicrofinanzasbbva.org\/revistaprogreso\/ley-de-proteccion-de-datos\/#primaryimage"},"thumbnailUrl":"https:\/\/www.fundacionmicrofinanzasbbva.org\/revistaprogreso\/wp-content\/uploads\/2017\/03\/mexico.jpg","keywords":["#datos personales","#protecci\u00f3n de datos","#transferencia internacional","acceso","ARCO","cancelaci\u00f3n","derecho","INAI","oposici\u00f3n","rectificaci\u00f3n","sector p\u00fablico","sujeto obligado"],"inLanguage":"es"},{"@type":"WebPage","@id":"https:\/\/www.fundacionmicrofinanzasbbva.org\/revistaprogreso\/ley-de-proteccion-de-datos\/","url":"https:\/\/www.fundacionmicrofinanzasbbva.org\/revistaprogreso\/ley-de-proteccion-de-datos\/","name":"Ley de Protecci\u00f3n de Datos","isPartOf":{"@id":"https:\/\/www.fundacionmicrofinanzasbbva.org\/revistaprogreso\/#website"},"primaryImageOfPage":{"@id":"https:\/\/www.fundacionmicrofinanzasbbva.org\/revistaprogreso\/ley-de-proteccion-de-datos\/#primaryimage"},"image":{"@id":"https:\/\/www.fundacionmicrofinanzasbbva.org\/revistaprogreso\/ley-de-proteccion-de-datos\/#primaryimage"},"thumbnailUrl":"https:\/\/www.fundacionmicrofinanzasbbva.org\/revistaprogreso\/wp-content\/uploads\/2017\/03\/mexico.jpg","datePublished":"2017-03-02T11:03:59+00:00","dateModified":"2017-11-17T10:28:41+00:00","description":"M\u00e9xico publica nueva Ley de Protecci\u00f3n de Datos Personales en Posesi\u00f3n de Sujetos Obligados.","breadcrumb":{"@id":"https:\/\/www.fundacionmicrofinanzasbbva.org\/revistaprogreso\/ley-de-proteccion-de-datos\/#breadcrumb"},"inLanguage":"es","potentialAction":[{"@type":"ReadAction","target":["https:\/\/www.fundacionmicrofinanzasbbva.org\/revistaprogreso\/ley-de-proteccion-de-datos\/"]}]},{"@type":"ImageObject","inLanguage":"es","@id":"https:\/\/www.fundacionmicrofinanzasbbva.org\/revistaprogreso\/ley-de-proteccion-de-datos\/#primaryimage","url":"https:\/\/www.fundacionmicrofinanzasbbva.org\/revistaprogreso\/wp-content\/uploads\/2017\/03\/mexico.jpg","contentUrl":"https:\/\/www.fundacionmicrofinanzasbbva.org\/revistaprogreso\/wp-content\/uploads\/2017\/03\/mexico.jpg","width":925,"height":614},{"@type":"BreadcrumbList","@id":"https:\/\/www.fundacionmicrofinanzasbbva.org\/revistaprogreso\/ley-de-proteccion-de-datos\/#breadcrumb","itemListElement":[{"@type":"ListItem","position":1,"name":"Portada","item":"https:\/\/www.fundacionmicrofinanzasbbva.org\/revistaprogreso\/"},{"@type":"ListItem","position":2,"name":"Ley de Protecci\u00f3n de Datos"}]},{"@type":"WebSite","@id":"https:\/\/www.fundacionmicrofinanzasbbva.org\/revistaprogreso\/#website","url":"https:\/\/www.fundacionmicrofinanzasbbva.org\/revistaprogreso\/","name":"Revista Progreso","description":"Revista de Actualidad Jur\u00eddica","publisher":{"@id":"https:\/\/www.fundacionmicrofinanzasbbva.org\/revistaprogreso\/#organization"},"alternateName":"Revista Progreso","potentialAction":[{"@type":"SearchAction","target":{"@type":"EntryPoint","urlTemplate":"https:\/\/www.fundacionmicrofinanzasbbva.org\/revistaprogreso\/?s={search_term_string}"},"query-input":{"@type":"PropertyValueSpecification","valueRequired":true,"valueName":"search_term_string"}}],"inLanguage":"es"},{"@type":"Organization","@id":"https:\/\/www.fundacionmicrofinanzasbbva.org\/revistaprogreso\/#organization","name":"Revista Progreso","alternateName":"Revista Progreso","url":"https:\/\/www.fundacionmicrofinanzasbbva.org\/revistaprogreso\/","logo":{"@type":"ImageObject","inLanguage":"es","@id":"https:\/\/www.fundacionmicrofinanzasbbva.org\/revistaprogreso\/#\/schema\/logo\/image\/","url":"https:\/\/www.fundacionmicrofinanzasbbva.org\/revistaprogreso\/wp-content\/uploads\/2023\/09\/Logo-FMBBVA-AZUL.png","contentUrl":"https:\/\/www.fundacionmicrofinanzasbbva.org\/revistaprogreso\/wp-content\/uploads\/2023\/09\/Logo-FMBBVA-AZUL.png","width":6173,"height":1001,"caption":"Revista Progreso"},"image":{"@id":"https:\/\/www.fundacionmicrofinanzasbbva.org\/revistaprogreso\/#\/schema\/logo\/image\/"},"sameAs":["https:\/\/www.facebook.com\/fundacionmicrofinanzasbbva","https:\/\/x.com\/FMBBVA","https:\/\/www.linkedin.com\/company\/fundacin-microfinanzas-bbva\/","https:\/\/www.instagram.com\/somosfmbbva\/"]},{"@type":"Person","@id":"https:\/\/www.fundacionmicrofinanzasbbva.org\/revistaprogreso\/#\/schema\/person\/4a3fe64f7988998aa5e22913c8147baf","name":"karessa Ramos","image":{"@type":"ImageObject","inLanguage":"es","@id":"https:\/\/www.fundacionmicrofinanzasbbva.org\/revistaprogreso\/#\/schema\/person\/image\/","url":"https:\/\/secure.gravatar.com\/avatar\/a2388109b4325a6fb9c892c3212e430cdc0835c8fc1c1a41f4cc2a3b175b81c5?s=96&d=mm&r=g","contentUrl":"https:\/\/secure.gravatar.com\/avatar\/a2388109b4325a6fb9c892c3212e430cdc0835c8fc1c1a41f4cc2a3b175b81c5?s=96&d=mm&r=g","caption":"karessa Ramos"},"url":"https:\/\/www.fundacionmicrofinanzasbbva.org\/revistaprogreso\/author\/karessa\/"}]}},"_links":{"self":[{"href":"https:\/\/www.fundacionmicrofinanzasbbva.org\/revistaprogreso\/wp-json\/wp\/v2\/posts\/7069","targetHints":{"allow":["GET"]}}],"collection":[{"href":"https:\/\/www.fundacionmicrofinanzasbbva.org\/revistaprogreso\/wp-json\/wp\/v2\/posts"}],"about":[{"href":"https:\/\/www.fundacionmicrofinanzasbbva.org\/revistaprogreso\/wp-json\/wp\/v2\/types\/post"}],"author":[{"embeddable":true,"href":"https:\/\/www.fundacionmicrofinanzasbbva.org\/revistaprogreso\/wp-json\/wp\/v2\/users\/30"}],"replies":[{"embeddable":true,"href":"https:\/\/www.fundacionmicrofinanzasbbva.org\/revistaprogreso\/wp-json\/wp\/v2\/comments?post=7069"}],"version-history":[{"count":0,"href":"https:\/\/www.fundacionmicrofinanzasbbva.org\/revistaprogreso\/wp-json\/wp\/v2\/posts\/7069\/revisions"}],"wp:featuredmedia":[{"embeddable":true,"href":"https:\/\/www.fundacionmicrofinanzasbbva.org\/revistaprogreso\/wp-json\/wp\/v2\/media\/7071"}],"wp:attachment":[{"href":"https:\/\/www.fundacionmicrofinanzasbbva.org\/revistaprogreso\/wp-json\/wp\/v2\/media?parent=7069"}],"wp:term":[{"taxonomy":"post_tag","embeddable":true,"href":"https:\/\/www.fundacionmicrofinanzasbbva.org\/revistaprogreso\/wp-json\/wp\/v2\/tags?post=7069"}],"curies":[{"name":"wp","href":"https:\/\/api.w.org\/{rel}","templated":true}]}}