{"id":6381,"date":"2016-12-01T09:38:51","date_gmt":"2016-12-01T09:38:51","guid":{"rendered":"http:\/\/progresomicrofinanzas.org\/?p=6381"},"modified":"2017-12-19T10:17:28","modified_gmt":"2017-12-19T10:17:28","slug":"el-papel-de-las-microfinanzas-en-el-posconflicto","status":"publish","type":"post","link":"https:\/\/www.fundacionmicrofinanzasbbva.org\/revistaprogreso\/el-papel-de-las-microfinanzas-en-el-posconflicto\/","title":{"rendered":"El papel de las microfinanzas en el posconflicto"},"content":{"rendered":"<div class=\"pdfprnt-buttons pdfprnt-buttons-post pdfprnt-top-right\"><a href=\"https:\/\/www.fundacionmicrofinanzasbbva.org\/revistaprogreso\/wp-json\/wp\/v2\/posts\/6381?print=pdf\" class=\"pdfprnt-button pdfprnt-button-pdf\" target=\"_blank\"><img decoding=\"async\" src=\"https:\/\/www.fundacionmicrofinanzasbbva.org\/revistaprogreso\/wp-content\/plugins\/pdf-print\/images\/pdf.png\" alt=\"image_pdf\" title=\"Ver PDF\" \/><\/a><a href=\"https:\/\/www.fundacionmicrofinanzasbbva.org\/revistaprogreso\/wp-json\/wp\/v2\/posts\/6381?print=print\" class=\"pdfprnt-button pdfprnt-button-print\" target=\"_blank\"><img decoding=\"async\" src=\"https:\/\/www.fundacionmicrofinanzasbbva.org\/revistaprogreso\/wp-content\/plugins\/pdf-print\/images\/print.png\" alt=\"image_print\" title=\"Imprimir contenido\" \/><\/a><\/div><div id=\"attachment_6387\" style=\"width: 452px\" class=\"wp-caption article__img article__img--right lightgallery lightgallery--image article__img alignright\"><img loading=\"lazy\" decoding=\"async\" aria-describedby=\"caption-attachment-6387\" class=\"wp-image-6387 size-full\" src=\"http:\/\/progresomicrofinanzas.org\/wp-content\/uploads\/2016\/11\/mercedes-620x290-e1481806410964.jpg\" width=\"442\" height=\"286\" srcset=\"https:\/\/www.fundacionmicrofinanzasbbva.org\/revistaprogreso\/wp-content\/uploads\/2016\/11\/mercedes-620x290-e1481806410964.jpg 442w, https:\/\/www.fundacionmicrofinanzasbbva.org\/revistaprogreso\/wp-content\/uploads\/2016\/11\/mercedes-620x290-e1481806410964-300x194.jpg 300w\" sizes=\"auto, (max-width: 442px) 100vw, 442px\" \/><p id=\"caption-attachment-6387\" class=\"wp-caption article__img article__img--right lightgallery lightgallery--image article__img-text\"><em>Mar\u00eda Mercedes G\u00f3mez Restrepo<\/em><\/p><\/div>\n<p><span style=\"font-weight: 400;\">La historia de Colombia \u00a0de los \u00faltimos 52 a\u00f1os ha estado mar<\/span><span style=\"font-weight: 400;\">cada con la impronta de la guerra con m\u00e1s de ocho millones de v\u00edctimas directas del conflicto armado, mediante el \u00a0secuestro, atentados terroristas, desplazamientos forzados, minas antipersona, delitos sexuales, desapariciones, homicidios. Las acciones b\u00e9licas han causado la muerte a m\u00e1s de 218.000 personas, de las cuales 81% corresponden a la poblaci\u00f3n civil y 19% \u00a0a combatientes*. Impacta entre las cifras el n\u00famero de desplazados, que en su mayor\u00eda provienen del sector rural, superando los 5 millones doscientos mil campesinos**, raz\u00f3n por la cual la primera tem\u00e1tica del Acuerdo de Paz que rige el posconflicto se centra en el campo.<\/span><\/p>\n<p><span style=\"font-weight: 400;\">Desde que las negociaciones del Acuerdo de Paz entre el Gobierno colombiano y las FARC empezaron a perfilarse como una realidad posible, se han dado pasos de gran trascendencia hacia la consolidaci\u00f3n de un escenario posconflicto que tiene lugar protag\u00f3nico en el \u00e1mbito rural, tal como revela el Censo Nacional Agropecuario de 2014, actualizado despu\u00e9s de 40 a\u00f1os, indicando la existencia de un 69,9% de unidades productivas rurales con menos de 5 hect\u00e1reas en las que se desarrolla una econom\u00eda de subsistencia familiar.<\/span><\/p>\n<p><span style=\"font-weight: 400;\">Para dimensionar el n\u00famero de personas objetivo de este escenario posconflicto, es necesario sumar a la poblaci\u00f3n rural existente en condici\u00f3n de pobreza monetaria, que es de 4.3 millones***, las personas desplazadas por el conflicto armado, 5.2 millones, y las reintegradas durante el per\u00edodo 2003 &#8211; 2016, 58 mil****, para un total aproximado de 9.6 millones; todas ellas con la necesidad fundamental de ser incluidas social, productiva y financieramente.<\/span><\/p>\n<p><span style=\"font-weight: 400;\">La vocaci\u00f3n natural de las microfinanzas es contribuir a la reducci\u00f3n de la pobreza en el mundo, a trav\u00e9s de modelos de inclusi\u00f3n financiera que van desde el simple acceso a transacciones financieras en la base de la pir\u00e1mide econ\u00f3mica, hasta el ofrecimiento de sofisticadas propuestas de valor que apoyan integralmente el desarrollo productivo y el mejoramiento de la calidad de vida de las personas de m\u00e1s bajos ingresos.<\/span><\/p>\n<p><span style=\"font-weight: 400;\">Esta vocaci\u00f3n encuentra en el escenario posconflicto enormes desaf\u00edos y, en consecuencia, grandes oportunidades. Uno de los mayores desaf\u00edos es el tiempo que toma la reintegraci\u00f3n de las poblaciones desplazadas y desmovilizadas: 6.5 a\u00f1os en promedio*****, luego de los cuales es necesario asegurar oportunidades de inserci\u00f3n econ\u00f3mica, ya sea a trav\u00e9s de la empleabilidad o el emprendimiento. Otro reto de gran relevancia es la creaci\u00f3n de modelos de emprendimiento auto sostenibles y la evoluci\u00f3n de los modelos actuales de fortalecimiento a las microempresas, que hemos venido madurando en el grupo de entidades de la FMBBVA, ajust\u00e1ndolos a nuestras particulares necesidades para atender las realidades y barreras propias de la actividad agropecuaria en Colombia.<\/span><\/p>\n<p><span style=\"font-weight: 400;\">Para la industria microfinanciera, las oportunidades derivadas del escenario posconflicto est\u00e1n relacionadas con la posibilidad de lograr mayor escala y alcance, que debe traducirse en un crecimiento del \u00a0n\u00famero de microempresarios y emprendedores. Para capitalizar esta oportunidad, se requiere adaptar la oferta de valor a las nuevas necesidades que surgen producto de la din\u00e1mica de construcci\u00f3n de una paz estable y duradera.<\/span><\/p>\n<p><span style=\"font-weight: 400;\">Por esta raz\u00f3n, la capacidad de innovaci\u00f3n de las instituciones microfinancieras ser\u00e1 el elemento esencial de diferenciaci\u00f3n competitiva, una innovaci\u00f3n centrada en la satisfacci\u00f3n de necesidades humanas, con viabilidad t\u00e9cnica y financiera. Este foco antropol\u00f3gico demanda una transformaci\u00f3n interna no menor: abandonar el dise\u00f1o de productos y servicios desde la oferta para acoger la implementaci\u00f3n de soluciones integrales de negocio a partir de la demanda. Esto incorpora un cambio de perspectiva, en la que el conocimiento profundo de la poblaci\u00f3n rural y sus necesidades de inclusi\u00f3n, as\u00ed como del entorno del posconflicto, se erige como la piedra angular, siendo la tecnolog\u00eda digital la mejor aliada de la transformaci\u00f3n y la eficiencia, as\u00ed como la condici\u00f3n necesaria para ganar capilaridad y cobertura en el territorio rural.<\/span><\/p>\n<p><span style=\"font-weight: 400;\">Las barreras at\u00e1vicas del desarrollo rural deber\u00e1n ser superadas para ser realmente actores protag\u00f3nicos del posconflicto: la propiedad de la tierra; la falta de tecnificaci\u00f3n de la actividad agropecuaria; las limitaciones de infraestructura y de bienes p\u00fablicos; la carencia de protecci\u00f3n ante los riesgos agroclim\u00e1ticos; la volatilidad de los precios; la ausencia de garant\u00edas; la casi inexistente educaci\u00f3n financiera;la \u00a0informalidad y el impacto ambiental, entre muchas otras. El fundamento para avanzar y superar estas dificultades, se centra en la gente, en equipos de trabajo con competencias de emoci\u00f3n desarrolladas al m\u00e1ximo: esp\u00edritu de servicio \u00a0y cooperaci\u00f3n. Su proceso de formaci\u00f3n en el protocolo de las Finanzas Productivas Responsables debe ser cuidadoso y continuo.<\/span><\/p>\n<p><span style=\"font-weight: 400;\">Complemento irrenunciable de lo anterior es la implantaci\u00f3n de un modelo de atenci\u00f3n especializado para el segmento agropecuario, que se fundamente sobre la base de una intervenci\u00f3n integral de los circuitos econ\u00f3micos naturales de las comunidades, con ofertas de valor adaptadas para los diferentes actores, canales digitales, alianzas con terceros, y apalancamiento en la asociatividad para la eficiente irrigaci\u00f3n del cr\u00e9dito y la mitigaci\u00f3n de riesgos.<\/span><\/p>\n<p><span style=\"font-weight: 400;\">Durante los \u00faltimos cinco a\u00f1os, el Banco de las Microfinanzas Bancam\u00eda S.A. se ha venido preparando para este momento, estableciendo como su principal l\u00ednea estrat\u00e9gica la profundizaci\u00f3n y el mayor alcance en el campo colombiano, con herramientas tan importantes como el Mapa Misional Campesino e Ind\u00edgena, que marca las prioridades a nivel de zona y actividad, as\u00ed como el Modelo de Intervenci\u00f3n, que establece las l\u00edneas de actividad para consolidar una propuesta de valor a la medida y el conocimiento etnogr\u00e1fico del campesino. Lo anterior, sumado al uso de la banca m\u00f3vil con avances muy significativos \u00a0por parte de los clientes rurales, el Banco ha logrado definir una hoja de ruta para contribuir a la consolidaci\u00f3n de la paz en Colombia.<\/span><\/p>\n<p><span style=\"font-weight: 400;\">Con el apoyo de la FMBBVA y la confianza puesta en el futuro que hemos venido construyendo con pasi\u00f3n y compromiso, Bancam\u00eda apuesta por una inclusi\u00f3n financiera integral con acceso, uso, calidad y bienestar, \u00a0para ser el intermediario financiero l\u00edder en el escenario posconflicto, avalado en el profundo conocimiento de este segmento poblacional y a la lealtad con la Misi\u00f3n que nos inspira y el objetivo superior que nos motiva .<\/span><\/p>\n<p>&nbsp;<\/p>\n<div class=\"progreso-foot-notes\">\n<p><em><strong>Fuentes Consultadas:<\/strong><\/em><\/p>\n<p><span style=\"font-weight: 400;\">* \u00a0 \u00a0 \u00a0 \u00a0 Centro Nacional de Memoria Hist\u00f3rica,<\/span><\/p>\n<p><span style=\"font-weight: 400;\">** \u00a0 \u00a0 \u00a0 <\/span><a href=\"http:\/\/www.acnur.org\/donde trabaja\/america\/colombia\" target=\"_blank\" rel=\"noopener\"><span style=\"font-weight: 400;\">ACNUR (Colombia)<\/span><\/a><\/p>\n<p><span style=\"font-weight: 400;\">*** \u00a0 \u00a0 Departamento Nacional de Estad\u00edstica &#8211; DANE <\/span><\/p>\n<p><span style=\"font-weight: 400;\">**** \u00a0 Sistema de Informaci\u00f3n para la Reintegraci\u00f3n , 2 de octubre de 2016 <\/span><\/p>\n<p><span style=\"font-weight: 400;\">***** Agencia Colombiana para la Reintegraci\u00f3n<\/span><\/p>\n<\/div>\n","protected":false},"excerpt":{"rendered":"<p>La historia de Colombia \u00a0de los \u00faltimos 52 a\u00f1os ha estado marcada con la impronta de la guerra con m\u00e1s de ocho millones de v\u00edctimas directas del conflicto armado, mediante el \u00a0secuestro, atentados terroristas, desplazamientos forzados, minas antipersona, delitos sexuales, desapariciones, homicidios. Las acciones b\u00e9licas han causado la muerte a m\u00e1s de 218.000 personas, de [&hellip;]<\/p>\n","protected":false},"author":30,"featured_media":9712,"comment_status":"open","ping_status":"open","sticky":false,"template":"","format":"standard","meta":{"_acf_changed":false,"footnotes":""},"tags":[1736,1733,208,1735,267,1732,570,255,1734],"class_list":["post-6381","post","type-post","status-publish","format-standard","has-post-thumbnail","hentry","tag-acuerdo-de-paz","tag-bancamia","tag-colombia","tag-farc","tag-fmbbva","tag-mapa-misional-campesino-e-indigena","tag-microfinanzas","tag-pobreza","tag-posconflicto","numero-9m","seccion-editorial"],"acf":[],"yoast_head":"<!-- This site is optimized with the Yoast SEO plugin v26.8 - https:\/\/yoast.com\/product\/yoast-seo-wordpress\/ -->\n<title>El papel de las microfinanzas en el posconflicto<\/title>\n<meta name=\"description\" content=\"El papel de las microfinanzas en el posconflicto\" \/>\n<meta name=\"robots\" content=\"index, follow, max-snippet:-1, max-image-preview:large, max-video-preview:-1\" \/>\n<link rel=\"canonical\" href=\"https:\/\/www.fundacionmicrofinanzasbbva.org\/revistaprogreso\/el-papel-de-las-microfinanzas-en-el-posconflicto\/\" \/>\n<meta property=\"og:locale\" content=\"es_ES\" \/>\n<meta property=\"og:type\" content=\"article\" \/>\n<meta property=\"og:title\" content=\"El papel de las microfinanzas en el posconflicto\" \/>\n<meta property=\"og:description\" content=\"El papel de las microfinanzas en el posconflicto\" \/>\n<meta property=\"og:url\" content=\"https:\/\/www.fundacionmicrofinanzasbbva.org\/revistaprogreso\/el-papel-de-las-microfinanzas-en-el-posconflicto\/\" \/>\n<meta property=\"og:site_name\" content=\"Progreso\" \/>\n<meta property=\"article:publisher\" content=\"https:\/\/www.facebook.com\/fundacionmicrofinanzasbbva\" \/>\n<meta property=\"article:published_time\" content=\"2016-12-01T09:38:51+00:00\" \/>\n<meta property=\"article:modified_time\" content=\"2017-12-19T10:17:28+00:00\" \/>\n<meta property=\"og:image\" content=\"https:\/\/progresomicrofinanzas.org\/revistaprogreso\/wp-content\/uploads\/2017\/11\/foto-dra.-maria-mercedes-redu.jpg\" \/>\n\t<meta property=\"og:image:width\" content=\"660\" \/>\n\t<meta property=\"og:image:height\" content=\"860\" \/>\n\t<meta property=\"og:image:type\" content=\"image\/jpeg\" \/>\n<meta name=\"author\" content=\"karessa Ramos\" \/>\n<meta name=\"twitter:card\" content=\"summary_large_image\" \/>\n<meta name=\"twitter:creator\" content=\"@FMBBVA\" \/>\n<meta name=\"twitter:site\" content=\"@FMBBVA\" \/>\n<meta name=\"twitter:label1\" content=\"Escrito por\" \/>\n\t<meta name=\"twitter:data1\" content=\"karessa Ramos\" \/>\n\t<meta name=\"twitter:label2\" content=\"Tiempo de lectura\" \/>\n\t<meta name=\"twitter:data2\" content=\"6 minutos\" \/>\n<script type=\"application\/ld+json\" class=\"yoast-schema-graph\">{\"@context\":\"https:\/\/schema.org\",\"@graph\":[{\"@type\":\"Article\",\"@id\":\"https:\/\/www.fundacionmicrofinanzasbbva.org\/revistaprogreso\/el-papel-de-las-microfinanzas-en-el-posconflicto\/#article\",\"isPartOf\":{\"@id\":\"https:\/\/www.fundacionmicrofinanzasbbva.org\/revistaprogreso\/el-papel-de-las-microfinanzas-en-el-posconflicto\/\"},\"author\":{\"name\":\"karessa Ramos\",\"@id\":\"https:\/\/www.fundacionmicrofinanzasbbva.org\/revistaprogreso\/#\/schema\/person\/4a3fe64f7988998aa5e22913c8147baf\"},\"headline\":\"El papel de las microfinanzas en el posconflicto\",\"datePublished\":\"2016-12-01T09:38:51+00:00\",\"dateModified\":\"2017-12-19T10:17:28+00:00\",\"mainEntityOfPage\":{\"@id\":\"https:\/\/www.fundacionmicrofinanzasbbva.org\/revistaprogreso\/el-papel-de-las-microfinanzas-en-el-posconflicto\/\"},\"wordCount\":1138,\"commentCount\":0,\"publisher\":{\"@id\":\"https:\/\/www.fundacionmicrofinanzasbbva.org\/revistaprogreso\/#organization\"},\"image\":{\"@id\":\"https:\/\/www.fundacionmicrofinanzasbbva.org\/revistaprogreso\/el-papel-de-las-microfinanzas-en-el-posconflicto\/#primaryimage\"},\"thumbnailUrl\":\"https:\/\/www.fundacionmicrofinanzasbbva.org\/revistaprogreso\/wp-content\/uploads\/2017\/11\/foto-dra.-maria-mercedes-redu.jpg\",\"keywords\":[\"Acuerdo de Paz\",\"Bancam\u00eda\",\"Colombia\",\"FARC\",\"FMBBVA\",\"Mapa Misional Campesino e Ind\u00edgena\",\"Microfinanzas\",\"pobreza\",\"posconflicto\"],\"inLanguage\":\"es\"},{\"@type\":\"WebPage\",\"@id\":\"https:\/\/www.fundacionmicrofinanzasbbva.org\/revistaprogreso\/el-papel-de-las-microfinanzas-en-el-posconflicto\/\",\"url\":\"https:\/\/www.fundacionmicrofinanzasbbva.org\/revistaprogreso\/el-papel-de-las-microfinanzas-en-el-posconflicto\/\",\"name\":\"El papel de las microfinanzas en el posconflicto\",\"isPartOf\":{\"@id\":\"https:\/\/www.fundacionmicrofinanzasbbva.org\/revistaprogreso\/#website\"},\"primaryImageOfPage\":{\"@id\":\"https:\/\/www.fundacionmicrofinanzasbbva.org\/revistaprogreso\/el-papel-de-las-microfinanzas-en-el-posconflicto\/#primaryimage\"},\"image\":{\"@id\":\"https:\/\/www.fundacionmicrofinanzasbbva.org\/revistaprogreso\/el-papel-de-las-microfinanzas-en-el-posconflicto\/#primaryimage\"},\"thumbnailUrl\":\"https:\/\/www.fundacionmicrofinanzasbbva.org\/revistaprogreso\/wp-content\/uploads\/2017\/11\/foto-dra.-maria-mercedes-redu.jpg\",\"datePublished\":\"2016-12-01T09:38:51+00:00\",\"dateModified\":\"2017-12-19T10:17:28+00:00\",\"description\":\"El papel de las microfinanzas en el posconflicto\",\"breadcrumb\":{\"@id\":\"https:\/\/www.fundacionmicrofinanzasbbva.org\/revistaprogreso\/el-papel-de-las-microfinanzas-en-el-posconflicto\/#breadcrumb\"},\"inLanguage\":\"es\",\"potentialAction\":[{\"@type\":\"ReadAction\",\"target\":[\"https:\/\/www.fundacionmicrofinanzasbbva.org\/revistaprogreso\/el-papel-de-las-microfinanzas-en-el-posconflicto\/\"]}]},{\"@type\":\"ImageObject\",\"inLanguage\":\"es\",\"@id\":\"https:\/\/www.fundacionmicrofinanzasbbva.org\/revistaprogreso\/el-papel-de-las-microfinanzas-en-el-posconflicto\/#primaryimage\",\"url\":\"https:\/\/www.fundacionmicrofinanzasbbva.org\/revistaprogreso\/wp-content\/uploads\/2017\/11\/foto-dra.-maria-mercedes-redu.jpg\",\"contentUrl\":\"https:\/\/www.fundacionmicrofinanzasbbva.org\/revistaprogreso\/wp-content\/uploads\/2017\/11\/foto-dra.-maria-mercedes-redu.jpg\",\"width\":660,\"height\":860},{\"@type\":\"BreadcrumbList\",\"@id\":\"https:\/\/www.fundacionmicrofinanzasbbva.org\/revistaprogreso\/el-papel-de-las-microfinanzas-en-el-posconflicto\/#breadcrumb\",\"itemListElement\":[{\"@type\":\"ListItem\",\"position\":1,\"name\":\"Portada\",\"item\":\"https:\/\/www.fundacionmicrofinanzasbbva.org\/revistaprogreso\/\"},{\"@type\":\"ListItem\",\"position\":2,\"name\":\"El papel de las microfinanzas en el posconflicto\"}]},{\"@type\":\"WebSite\",\"@id\":\"https:\/\/www.fundacionmicrofinanzasbbva.org\/revistaprogreso\/#website\",\"url\":\"https:\/\/www.fundacionmicrofinanzasbbva.org\/revistaprogreso\/\",\"name\":\"Revista Progreso\",\"description\":\"Revista de Actualidad Jur\u00eddica\",\"publisher\":{\"@id\":\"https:\/\/www.fundacionmicrofinanzasbbva.org\/revistaprogreso\/#organization\"},\"alternateName\":\"Revista Progreso\",\"potentialAction\":[{\"@type\":\"SearchAction\",\"target\":{\"@type\":\"EntryPoint\",\"urlTemplate\":\"https:\/\/www.fundacionmicrofinanzasbbva.org\/revistaprogreso\/?s={search_term_string}\"},\"query-input\":{\"@type\":\"PropertyValueSpecification\",\"valueRequired\":true,\"valueName\":\"search_term_string\"}}],\"inLanguage\":\"es\"},{\"@type\":\"Organization\",\"@id\":\"https:\/\/www.fundacionmicrofinanzasbbva.org\/revistaprogreso\/#organization\",\"name\":\"Revista Progreso\",\"alternateName\":\"Revista Progreso\",\"url\":\"https:\/\/www.fundacionmicrofinanzasbbva.org\/revistaprogreso\/\",\"logo\":{\"@type\":\"ImageObject\",\"inLanguage\":\"es\",\"@id\":\"https:\/\/www.fundacionmicrofinanzasbbva.org\/revistaprogreso\/#\/schema\/logo\/image\/\",\"url\":\"https:\/\/www.fundacionmicrofinanzasbbva.org\/revistaprogreso\/wp-content\/uploads\/2023\/09\/Logo-FMBBVA-AZUL.png\",\"contentUrl\":\"https:\/\/www.fundacionmicrofinanzasbbva.org\/revistaprogreso\/wp-content\/uploads\/2023\/09\/Logo-FMBBVA-AZUL.png\",\"width\":6173,\"height\":1001,\"caption\":\"Revista Progreso\"},\"image\":{\"@id\":\"https:\/\/www.fundacionmicrofinanzasbbva.org\/revistaprogreso\/#\/schema\/logo\/image\/\"},\"sameAs\":[\"https:\/\/www.facebook.com\/fundacionmicrofinanzasbbva\",\"https:\/\/x.com\/FMBBVA\",\"https:\/\/www.linkedin.com\/company\/fundacin-microfinanzas-bbva\/\",\"https:\/\/www.instagram.com\/somosfmbbva\/\"]},{\"@type\":\"Person\",\"@id\":\"https:\/\/www.fundacionmicrofinanzasbbva.org\/revistaprogreso\/#\/schema\/person\/4a3fe64f7988998aa5e22913c8147baf\",\"name\":\"karessa Ramos\",\"image\":{\"@type\":\"ImageObject\",\"inLanguage\":\"es\",\"@id\":\"https:\/\/www.fundacionmicrofinanzasbbva.org\/revistaprogreso\/#\/schema\/person\/image\/\",\"url\":\"https:\/\/secure.gravatar.com\/avatar\/a2388109b4325a6fb9c892c3212e430cdc0835c8fc1c1a41f4cc2a3b175b81c5?s=96&d=mm&r=g\",\"contentUrl\":\"https:\/\/secure.gravatar.com\/avatar\/a2388109b4325a6fb9c892c3212e430cdc0835c8fc1c1a41f4cc2a3b175b81c5?s=96&d=mm&r=g\",\"caption\":\"karessa Ramos\"},\"url\":\"https:\/\/www.fundacionmicrofinanzasbbva.org\/revistaprogreso\/author\/karessa\/\"}]}<\/script>\n<!-- \/ Yoast SEO plugin. -->","yoast_head_json":{"title":"El papel de las microfinanzas en el posconflicto","description":"El papel de las microfinanzas en el posconflicto","robots":{"index":"index","follow":"follow","max-snippet":"max-snippet:-1","max-image-preview":"max-image-preview:large","max-video-preview":"max-video-preview:-1"},"canonical":"https:\/\/www.fundacionmicrofinanzasbbva.org\/revistaprogreso\/el-papel-de-las-microfinanzas-en-el-posconflicto\/","og_locale":"es_ES","og_type":"article","og_title":"El papel de las microfinanzas en el posconflicto","og_description":"El papel de las microfinanzas en el posconflicto","og_url":"https:\/\/www.fundacionmicrofinanzasbbva.org\/revistaprogreso\/el-papel-de-las-microfinanzas-en-el-posconflicto\/","og_site_name":"Progreso","article_publisher":"https:\/\/www.facebook.com\/fundacionmicrofinanzasbbva","article_published_time":"2016-12-01T09:38:51+00:00","article_modified_time":"2017-12-19T10:17:28+00:00","og_image":[{"width":660,"height":860,"url":"https:\/\/progresomicrofinanzas.org\/revistaprogreso\/wp-content\/uploads\/2017\/11\/foto-dra.-maria-mercedes-redu.jpg","type":"image\/jpeg"}],"author":"karessa Ramos","twitter_card":"summary_large_image","twitter_creator":"@FMBBVA","twitter_site":"@FMBBVA","twitter_misc":{"Escrito por":"karessa Ramos","Tiempo de lectura":"6 minutos"},"schema":{"@context":"https:\/\/schema.org","@graph":[{"@type":"Article","@id":"https:\/\/www.fundacionmicrofinanzasbbva.org\/revistaprogreso\/el-papel-de-las-microfinanzas-en-el-posconflicto\/#article","isPartOf":{"@id":"https:\/\/www.fundacionmicrofinanzasbbva.org\/revistaprogreso\/el-papel-de-las-microfinanzas-en-el-posconflicto\/"},"author":{"name":"karessa Ramos","@id":"https:\/\/www.fundacionmicrofinanzasbbva.org\/revistaprogreso\/#\/schema\/person\/4a3fe64f7988998aa5e22913c8147baf"},"headline":"El papel de las microfinanzas en el posconflicto","datePublished":"2016-12-01T09:38:51+00:00","dateModified":"2017-12-19T10:17:28+00:00","mainEntityOfPage":{"@id":"https:\/\/www.fundacionmicrofinanzasbbva.org\/revistaprogreso\/el-papel-de-las-microfinanzas-en-el-posconflicto\/"},"wordCount":1138,"commentCount":0,"publisher":{"@id":"https:\/\/www.fundacionmicrofinanzasbbva.org\/revistaprogreso\/#organization"},"image":{"@id":"https:\/\/www.fundacionmicrofinanzasbbva.org\/revistaprogreso\/el-papel-de-las-microfinanzas-en-el-posconflicto\/#primaryimage"},"thumbnailUrl":"https:\/\/www.fundacionmicrofinanzasbbva.org\/revistaprogreso\/wp-content\/uploads\/2017\/11\/foto-dra.-maria-mercedes-redu.jpg","keywords":["Acuerdo de Paz","Bancam\u00eda","Colombia","FARC","FMBBVA","Mapa Misional Campesino e Ind\u00edgena","Microfinanzas","pobreza","posconflicto"],"inLanguage":"es"},{"@type":"WebPage","@id":"https:\/\/www.fundacionmicrofinanzasbbva.org\/revistaprogreso\/el-papel-de-las-microfinanzas-en-el-posconflicto\/","url":"https:\/\/www.fundacionmicrofinanzasbbva.org\/revistaprogreso\/el-papel-de-las-microfinanzas-en-el-posconflicto\/","name":"El papel de las microfinanzas en el posconflicto","isPartOf":{"@id":"https:\/\/www.fundacionmicrofinanzasbbva.org\/revistaprogreso\/#website"},"primaryImageOfPage":{"@id":"https:\/\/www.fundacionmicrofinanzasbbva.org\/revistaprogreso\/el-papel-de-las-microfinanzas-en-el-posconflicto\/#primaryimage"},"image":{"@id":"https:\/\/www.fundacionmicrofinanzasbbva.org\/revistaprogreso\/el-papel-de-las-microfinanzas-en-el-posconflicto\/#primaryimage"},"thumbnailUrl":"https:\/\/www.fundacionmicrofinanzasbbva.org\/revistaprogreso\/wp-content\/uploads\/2017\/11\/foto-dra.-maria-mercedes-redu.jpg","datePublished":"2016-12-01T09:38:51+00:00","dateModified":"2017-12-19T10:17:28+00:00","description":"El papel de las microfinanzas en el posconflicto","breadcrumb":{"@id":"https:\/\/www.fundacionmicrofinanzasbbva.org\/revistaprogreso\/el-papel-de-las-microfinanzas-en-el-posconflicto\/#breadcrumb"},"inLanguage":"es","potentialAction":[{"@type":"ReadAction","target":["https:\/\/www.fundacionmicrofinanzasbbva.org\/revistaprogreso\/el-papel-de-las-microfinanzas-en-el-posconflicto\/"]}]},{"@type":"ImageObject","inLanguage":"es","@id":"https:\/\/www.fundacionmicrofinanzasbbva.org\/revistaprogreso\/el-papel-de-las-microfinanzas-en-el-posconflicto\/#primaryimage","url":"https:\/\/www.fundacionmicrofinanzasbbva.org\/revistaprogreso\/wp-content\/uploads\/2017\/11\/foto-dra.-maria-mercedes-redu.jpg","contentUrl":"https:\/\/www.fundacionmicrofinanzasbbva.org\/revistaprogreso\/wp-content\/uploads\/2017\/11\/foto-dra.-maria-mercedes-redu.jpg","width":660,"height":860},{"@type":"BreadcrumbList","@id":"https:\/\/www.fundacionmicrofinanzasbbva.org\/revistaprogreso\/el-papel-de-las-microfinanzas-en-el-posconflicto\/#breadcrumb","itemListElement":[{"@type":"ListItem","position":1,"name":"Portada","item":"https:\/\/www.fundacionmicrofinanzasbbva.org\/revistaprogreso\/"},{"@type":"ListItem","position":2,"name":"El papel de las microfinanzas en el posconflicto"}]},{"@type":"WebSite","@id":"https:\/\/www.fundacionmicrofinanzasbbva.org\/revistaprogreso\/#website","url":"https:\/\/www.fundacionmicrofinanzasbbva.org\/revistaprogreso\/","name":"Revista Progreso","description":"Revista de Actualidad Jur\u00eddica","publisher":{"@id":"https:\/\/www.fundacionmicrofinanzasbbva.org\/revistaprogreso\/#organization"},"alternateName":"Revista Progreso","potentialAction":[{"@type":"SearchAction","target":{"@type":"EntryPoint","urlTemplate":"https:\/\/www.fundacionmicrofinanzasbbva.org\/revistaprogreso\/?s={search_term_string}"},"query-input":{"@type":"PropertyValueSpecification","valueRequired":true,"valueName":"search_term_string"}}],"inLanguage":"es"},{"@type":"Organization","@id":"https:\/\/www.fundacionmicrofinanzasbbva.org\/revistaprogreso\/#organization","name":"Revista Progreso","alternateName":"Revista Progreso","url":"https:\/\/www.fundacionmicrofinanzasbbva.org\/revistaprogreso\/","logo":{"@type":"ImageObject","inLanguage":"es","@id":"https:\/\/www.fundacionmicrofinanzasbbva.org\/revistaprogreso\/#\/schema\/logo\/image\/","url":"https:\/\/www.fundacionmicrofinanzasbbva.org\/revistaprogreso\/wp-content\/uploads\/2023\/09\/Logo-FMBBVA-AZUL.png","contentUrl":"https:\/\/www.fundacionmicrofinanzasbbva.org\/revistaprogreso\/wp-content\/uploads\/2023\/09\/Logo-FMBBVA-AZUL.png","width":6173,"height":1001,"caption":"Revista Progreso"},"image":{"@id":"https:\/\/www.fundacionmicrofinanzasbbva.org\/revistaprogreso\/#\/schema\/logo\/image\/"},"sameAs":["https:\/\/www.facebook.com\/fundacionmicrofinanzasbbva","https:\/\/x.com\/FMBBVA","https:\/\/www.linkedin.com\/company\/fundacin-microfinanzas-bbva\/","https:\/\/www.instagram.com\/somosfmbbva\/"]},{"@type":"Person","@id":"https:\/\/www.fundacionmicrofinanzasbbva.org\/revistaprogreso\/#\/schema\/person\/4a3fe64f7988998aa5e22913c8147baf","name":"karessa Ramos","image":{"@type":"ImageObject","inLanguage":"es","@id":"https:\/\/www.fundacionmicrofinanzasbbva.org\/revistaprogreso\/#\/schema\/person\/image\/","url":"https:\/\/secure.gravatar.com\/avatar\/a2388109b4325a6fb9c892c3212e430cdc0835c8fc1c1a41f4cc2a3b175b81c5?s=96&d=mm&r=g","contentUrl":"https:\/\/secure.gravatar.com\/avatar\/a2388109b4325a6fb9c892c3212e430cdc0835c8fc1c1a41f4cc2a3b175b81c5?s=96&d=mm&r=g","caption":"karessa Ramos"},"url":"https:\/\/www.fundacionmicrofinanzasbbva.org\/revistaprogreso\/author\/karessa\/"}]}},"_links":{"self":[{"href":"https:\/\/www.fundacionmicrofinanzasbbva.org\/revistaprogreso\/wp-json\/wp\/v2\/posts\/6381","targetHints":{"allow":["GET"]}}],"collection":[{"href":"https:\/\/www.fundacionmicrofinanzasbbva.org\/revistaprogreso\/wp-json\/wp\/v2\/posts"}],"about":[{"href":"https:\/\/www.fundacionmicrofinanzasbbva.org\/revistaprogreso\/wp-json\/wp\/v2\/types\/post"}],"author":[{"embeddable":true,"href":"https:\/\/www.fundacionmicrofinanzasbbva.org\/revistaprogreso\/wp-json\/wp\/v2\/users\/30"}],"replies":[{"embeddable":true,"href":"https:\/\/www.fundacionmicrofinanzasbbva.org\/revistaprogreso\/wp-json\/wp\/v2\/comments?post=6381"}],"version-history":[{"count":0,"href":"https:\/\/www.fundacionmicrofinanzasbbva.org\/revistaprogreso\/wp-json\/wp\/v2\/posts\/6381\/revisions"}],"wp:featuredmedia":[{"embeddable":true,"href":"https:\/\/www.fundacionmicrofinanzasbbva.org\/revistaprogreso\/wp-json\/wp\/v2\/media\/9712"}],"wp:attachment":[{"href":"https:\/\/www.fundacionmicrofinanzasbbva.org\/revistaprogreso\/wp-json\/wp\/v2\/media?parent=6381"}],"wp:term":[{"taxonomy":"post_tag","embeddable":true,"href":"https:\/\/www.fundacionmicrofinanzasbbva.org\/revistaprogreso\/wp-json\/wp\/v2\/tags?post=6381"}],"curies":[{"name":"wp","href":"https:\/\/api.w.org\/{rel}","templated":true}]}}