{"id":6249,"date":"2016-12-01T09:38:54","date_gmt":"2016-12-01T09:38:54","guid":{"rendered":"http:\/\/progresomicrofinanzas.org\/?p=6249"},"modified":"2017-11-28T10:16:40","modified_gmt":"2017-11-28T10:16:40","slug":"matriz-de-la-desigualdad-social-en-america-latina","status":"publish","type":"post","link":"https:\/\/www.fundacionmicrofinanzasbbva.org\/revistaprogreso\/matriz-de-la-desigualdad-social-en-america-latina\/","title":{"rendered":"Matriz de la Desigualdad Social en Am\u00e9rica Latina"},"content":{"rendered":"<div class=\"pdfprnt-buttons pdfprnt-buttons-post pdfprnt-top-right\"><a href=\"https:\/\/www.fundacionmicrofinanzasbbva.org\/revistaprogreso\/wp-json\/wp\/v2\/posts\/6249?print=pdf\" class=\"pdfprnt-button pdfprnt-button-pdf\" target=\"_blank\"><img decoding=\"async\" src=\"https:\/\/www.fundacionmicrofinanzasbbva.org\/revistaprogreso\/wp-content\/plugins\/pdf-print\/images\/pdf.png\" alt=\"image_pdf\" title=\"Ver PDF\" \/><\/a><a href=\"https:\/\/www.fundacionmicrofinanzasbbva.org\/revistaprogreso\/wp-json\/wp\/v2\/posts\/6249?print=print\" class=\"pdfprnt-button pdfprnt-button-print\" target=\"_blank\"><img decoding=\"async\" src=\"https:\/\/www.fundacionmicrofinanzasbbva.org\/revistaprogreso\/wp-content\/plugins\/pdf-print\/images\/print.png\" alt=\"image_print\" title=\"Imprimir contenido\" \/><\/a><\/div><p><span style=\"font-weight: 400;\">La Comisi\u00f3n Econ\u00f3mica para Am\u00e9rica Latina y el Caribe (CEPAL), con sede en Santiago de Chile, es una de las cinco comisiones regionales de las Naciones Unidas. Se fund\u00f3 para contribuir al desarrollo econ\u00f3mico de Am\u00e9rica Latina, coordinar las acciones encaminadas a su promoci\u00f3n y reforzar las relaciones econ\u00f3micas entre los pa\u00edses.<br \/>\n<\/span><\/p>\n<p><span style=\"font-weight: 400;\">El presente documento profundiza en el an\u00e1lisis de la matriz de desigualdad social en la regi\u00f3n y surge como respuesta al mandato conferido por los pa\u00edses latinoamericanos y caribe\u00f1os a la CEPAL durante la Conferencia Regional sobre Desarrollo Social de la regi\u00f3n celebrada en Lima en noviembre de 2015.<\/span><\/p>\n<p><span style=\"font-weight: 400;\">Afirma que para Am\u00e9rica Latina la desigualdad social representa un rasgo estructural y un desaf\u00edo fundamental. En el estudio se destaca que la pobreza, la vulnerabilidad y la desigualdad son los problemas estructurales en las sociedades latinoamericanas y caribe\u00f1as. Adem\u00e1s, indica que el empeoramiento de algunos indicadores econ\u00f3micos y del mercado de trabajo hacen que la regi\u00f3n est\u00e9 en riesgo de retroceso.<\/span><\/p>\n<p><span style=\"font-weight: 400;\">El an\u00e1lisis se centra en los principales ejes que estructuran la desigualdad social, a saber, el g\u00e9nero, la pertenencia \u00e9tnico-racial, la edad o etapa del ciclo de vida y el territorio. Estas distintas dimensiones de la desigualdad se encadenan entre s\u00ed, afectando a determinados grupos de poblaci\u00f3n.<\/span><\/p>\n<p><span style=\"font-weight: 400;\">En el informe se describen dos tipos de desigualdad:<\/span><\/p>\n<ul>\n<li><span style=\"font-weight: 400;\">La desigualdad de ingresos, que se evidencia en la clase social a la que se pertenece y que constituye la causa y el efecto de otras desigualdades en \u00e1mbitos como la educaci\u00f3n, la salud, el trabajo y los ingresos.<\/span><\/li>\n<li><span style=\"font-weight: 400;\">Las desigualdades transversales, entre las que se\u00f1ala que:<\/span>\n<ul>\n<li><span style=\"font-weight: 400;\">La pobreza e indigencia es m\u00e1s elevada entre los pueblos ind\u00edgenas y la poblaci\u00f3n afrodescendiente en todos los pa\u00edses considerados, y especialmente acentuada entre la poblaci\u00f3n femenina perteneciente a esos grupos.<\/span><\/li>\n<li><span style=\"font-weight: 400;\">La incidencia de la pobreza es m\u00e1s elevada en la infancia y la adolescencia.<\/span><\/li>\n<li><span style=\"font-weight: 400;\">La maternidad adolescente es un fen\u00f3meno mucho m\u00e1s acentuado en las zonas rurales y afecta directamente al nivel de estudios.<\/span><\/li>\n<\/ul>\n<\/li>\n<\/ul>\n<p><span style=\"font-weight: 400;\">Sobre la base de dicho an\u00e1lisis, el documento concluye con varias recomendaciones entre las que destacan:<\/span><\/p>\n<ul>\n<li><span style=\"font-weight: 400;\">La necesaria articulaci\u00f3n entre las pol\u00edticas econ\u00f3mica, productiva, laboral, social y ambiental.<\/span><\/li>\n<li><span style=\"font-weight: 400;\">La importancia de un enfoque de derechos y de una mirada integral para las pol\u00edticas abocadas a combatir la desigualdad.<\/span><\/li>\n<li><span style=\"font-weight: 400;\">El fortalecimiento de la institucionalidad y el logro de pactos sociales como fundamentos de pol\u00edticas sociales de calidad.<\/span><\/li>\n<li><span style=\"font-weight: 400;\">La relevancia de proteger el gasto social y los ingresos tributarios dedicados al desarrollo social, y la necesidad de aumentar las capacidades estad\u00edsticas para dar visibilidad a las diferentes dimensiones de la desigualdad y avanzar en su comprensi\u00f3n.<\/span><\/li>\n<li><span style=\"font-weight: 400;\">La urgencia de transitar de una cultura del privilegio a una cultura de la igualdad, lo que requiere orientar las pol\u00edticas hacia un universalismo sensible a las diferencias.<\/span><\/li>\n<\/ul>\n","protected":false},"excerpt":{"rendered":"<p>La Comisi\u00f3n Econ\u00f3mica para Am\u00e9rica Latina y el Caribe (CEPAL), con sede en Santiago de Chile, es una de las cinco comisiones regionales de las Naciones Unidas. Se fund\u00f3 para contribuir al desarrollo econ\u00f3mico de Am\u00e9rica Latina, coordinar las acciones encaminadas a su promoci\u00f3n y reforzar las relaciones econ\u00f3micas entre los pa\u00edses. El presente documento [&hellip;]<\/p>\n","protected":false},"author":30,"featured_media":9466,"comment_status":"open","ping_status":"open","sticky":false,"template":"","format":"standard","meta":{"_acf_changed":false,"footnotes":""},"tags":[],"class_list":["post-6249","post","type-post","status-publish","format-standard","has-post-thumbnail","hentry","numero-9m","seccion-documentos-de-interes-microfinanzas"],"acf":[],"yoast_head":"<!-- This site is optimized with the Yoast SEO plugin v26.8 - https:\/\/yoast.com\/product\/yoast-seo-wordpress\/ -->\n<title>Matriz de la Desigualdad Social en Am\u00e9rica Latina<\/title>\n<meta name=\"description\" content=\"Matriz de la Desigualdad Social en Am\u00e9rica Latina\" \/>\n<meta name=\"robots\" content=\"index, follow, max-snippet:-1, max-image-preview:large, max-video-preview:-1\" \/>\n<link rel=\"canonical\" href=\"https:\/\/www.fundacionmicrofinanzasbbva.org\/revistaprogreso\/matriz-de-la-desigualdad-social-en-america-latina\/\" \/>\n<meta property=\"og:locale\" content=\"es_ES\" \/>\n<meta property=\"og:type\" content=\"article\" \/>\n<meta property=\"og:title\" content=\"Matriz de la Desigualdad Social en Am\u00e9rica Latina\" \/>\n<meta property=\"og:description\" content=\"Matriz de la Desigualdad Social en Am\u00e9rica Latina\" \/>\n<meta property=\"og:url\" content=\"https:\/\/www.fundacionmicrofinanzasbbva.org\/revistaprogreso\/matriz-de-la-desigualdad-social-en-america-latina\/\" \/>\n<meta property=\"og:site_name\" content=\"Progreso\" \/>\n<meta property=\"article:publisher\" content=\"https:\/\/www.facebook.com\/fundacionmicrofinanzasbbva\" \/>\n<meta property=\"article:published_time\" content=\"2016-12-01T09:38:54+00:00\" \/>\n<meta property=\"article:modified_time\" content=\"2017-11-28T10:16:40+00:00\" \/>\n<meta property=\"og:image\" content=\"https:\/\/www.fundacionmicrofinanzasbbva.org\/revistaprogreso\/wp-content\/uploads\/2016\/12\/9-desigualdad.jpg\" \/>\n\t<meta property=\"og:image:width\" content=\"400\" \/>\n\t<meta property=\"og:image:height\" content=\"300\" \/>\n\t<meta property=\"og:image:type\" content=\"image\/jpeg\" \/>\n<meta name=\"author\" content=\"karessa Ramos\" \/>\n<meta name=\"twitter:card\" content=\"summary_large_image\" \/>\n<meta name=\"twitter:creator\" content=\"@FMBBVA\" \/>\n<meta name=\"twitter:site\" content=\"@FMBBVA\" \/>\n<meta name=\"twitter:label1\" content=\"Escrito por\" \/>\n\t<meta name=\"twitter:data1\" content=\"karessa Ramos\" \/>\n\t<meta name=\"twitter:label2\" content=\"Tiempo de lectura\" \/>\n\t<meta name=\"twitter:data2\" content=\"3 minutos\" \/>\n<script type=\"application\/ld+json\" class=\"yoast-schema-graph\">{\"@context\":\"https:\/\/schema.org\",\"@graph\":[{\"@type\":\"Article\",\"@id\":\"https:\/\/www.fundacionmicrofinanzasbbva.org\/revistaprogreso\/matriz-de-la-desigualdad-social-en-america-latina\/#article\",\"isPartOf\":{\"@id\":\"https:\/\/www.fundacionmicrofinanzasbbva.org\/revistaprogreso\/matriz-de-la-desigualdad-social-en-america-latina\/\"},\"author\":{\"name\":\"karessa Ramos\",\"@id\":\"https:\/\/34.249.117.129\/revistaprogreso\/#\/schema\/person\/4a3fe64f7988998aa5e22913c8147baf\"},\"headline\":\"Matriz de la Desigualdad Social en Am\u00e9rica Latina\",\"datePublished\":\"2016-12-01T09:38:54+00:00\",\"dateModified\":\"2017-11-28T10:16:40+00:00\",\"mainEntityOfPage\":{\"@id\":\"https:\/\/www.fundacionmicrofinanzasbbva.org\/revistaprogreso\/matriz-de-la-desigualdad-social-en-america-latina\/\"},\"wordCount\":512,\"commentCount\":0,\"publisher\":{\"@id\":\"https:\/\/34.249.117.129\/revistaprogreso\/#organization\"},\"image\":{\"@id\":\"https:\/\/www.fundacionmicrofinanzasbbva.org\/revistaprogreso\/matriz-de-la-desigualdad-social-en-america-latina\/#primaryimage\"},\"thumbnailUrl\":\"https:\/\/www.fundacionmicrofinanzasbbva.org\/revistaprogreso\/wp-content\/uploads\/2016\/12\/9-desigualdad.jpg\",\"inLanguage\":\"es\"},{\"@type\":\"WebPage\",\"@id\":\"https:\/\/www.fundacionmicrofinanzasbbva.org\/revistaprogreso\/matriz-de-la-desigualdad-social-en-america-latina\/\",\"url\":\"https:\/\/www.fundacionmicrofinanzasbbva.org\/revistaprogreso\/matriz-de-la-desigualdad-social-en-america-latina\/\",\"name\":\"Matriz de la Desigualdad Social en Am\u00e9rica Latina\",\"isPartOf\":{\"@id\":\"https:\/\/34.249.117.129\/revistaprogreso\/#website\"},\"primaryImageOfPage\":{\"@id\":\"https:\/\/www.fundacionmicrofinanzasbbva.org\/revistaprogreso\/matriz-de-la-desigualdad-social-en-america-latina\/#primaryimage\"},\"image\":{\"@id\":\"https:\/\/www.fundacionmicrofinanzasbbva.org\/revistaprogreso\/matriz-de-la-desigualdad-social-en-america-latina\/#primaryimage\"},\"thumbnailUrl\":\"https:\/\/www.fundacionmicrofinanzasbbva.org\/revistaprogreso\/wp-content\/uploads\/2016\/12\/9-desigualdad.jpg\",\"datePublished\":\"2016-12-01T09:38:54+00:00\",\"dateModified\":\"2017-11-28T10:16:40+00:00\",\"description\":\"Matriz de la Desigualdad Social en Am\u00e9rica Latina\",\"breadcrumb\":{\"@id\":\"https:\/\/www.fundacionmicrofinanzasbbva.org\/revistaprogreso\/matriz-de-la-desigualdad-social-en-america-latina\/#breadcrumb\"},\"inLanguage\":\"es\",\"potentialAction\":[{\"@type\":\"ReadAction\",\"target\":[\"https:\/\/www.fundacionmicrofinanzasbbva.org\/revistaprogreso\/matriz-de-la-desigualdad-social-en-america-latina\/\"]}]},{\"@type\":\"ImageObject\",\"inLanguage\":\"es\",\"@id\":\"https:\/\/www.fundacionmicrofinanzasbbva.org\/revistaprogreso\/matriz-de-la-desigualdad-social-en-america-latina\/#primaryimage\",\"url\":\"https:\/\/www.fundacionmicrofinanzasbbva.org\/revistaprogreso\/wp-content\/uploads\/2016\/12\/9-desigualdad.jpg\",\"contentUrl\":\"https:\/\/www.fundacionmicrofinanzasbbva.org\/revistaprogreso\/wp-content\/uploads\/2016\/12\/9-desigualdad.jpg\",\"width\":400,\"height\":300},{\"@type\":\"BreadcrumbList\",\"@id\":\"https:\/\/www.fundacionmicrofinanzasbbva.org\/revistaprogreso\/matriz-de-la-desigualdad-social-en-america-latina\/#breadcrumb\",\"itemListElement\":[{\"@type\":\"ListItem\",\"position\":1,\"name\":\"Portada\",\"item\":\"https:\/\/34.249.117.129\/revistaprogreso\/\"},{\"@type\":\"ListItem\",\"position\":2,\"name\":\"Matriz de la Desigualdad Social en Am\u00e9rica Latina\"}]},{\"@type\":\"WebSite\",\"@id\":\"https:\/\/34.249.117.129\/revistaprogreso\/#website\",\"url\":\"https:\/\/34.249.117.129\/revistaprogreso\/\",\"name\":\"Revista Progreso\",\"description\":\"Revista de Actualidad Jur\u00eddica\",\"publisher\":{\"@id\":\"https:\/\/34.249.117.129\/revistaprogreso\/#organization\"},\"alternateName\":\"Revista Progreso\",\"potentialAction\":[{\"@type\":\"SearchAction\",\"target\":{\"@type\":\"EntryPoint\",\"urlTemplate\":\"https:\/\/34.249.117.129\/revistaprogreso\/?s={search_term_string}\"},\"query-input\":{\"@type\":\"PropertyValueSpecification\",\"valueRequired\":true,\"valueName\":\"search_term_string\"}}],\"inLanguage\":\"es\"},{\"@type\":\"Organization\",\"@id\":\"https:\/\/34.249.117.129\/revistaprogreso\/#organization\",\"name\":\"Revista Progreso\",\"alternateName\":\"Revista Progreso\",\"url\":\"https:\/\/34.249.117.129\/revistaprogreso\/\",\"logo\":{\"@type\":\"ImageObject\",\"inLanguage\":\"es\",\"@id\":\"https:\/\/34.249.117.129\/revistaprogreso\/#\/schema\/logo\/image\/\",\"url\":\"https:\/\/www.fundacionmicrofinanzasbbva.org\/revistaprogreso\/wp-content\/uploads\/2023\/09\/Logo-FMBBVA-AZUL.png\",\"contentUrl\":\"https:\/\/www.fundacionmicrofinanzasbbva.org\/revistaprogreso\/wp-content\/uploads\/2023\/09\/Logo-FMBBVA-AZUL.png\",\"width\":6173,\"height\":1001,\"caption\":\"Revista Progreso\"},\"image\":{\"@id\":\"https:\/\/34.249.117.129\/revistaprogreso\/#\/schema\/logo\/image\/\"},\"sameAs\":[\"https:\/\/www.facebook.com\/fundacionmicrofinanzasbbva\",\"https:\/\/x.com\/FMBBVA\",\"https:\/\/www.linkedin.com\/company\/fundacin-microfinanzas-bbva\/\",\"https:\/\/www.instagram.com\/somosfmbbva\/\"]},{\"@type\":\"Person\",\"@id\":\"https:\/\/34.249.117.129\/revistaprogreso\/#\/schema\/person\/4a3fe64f7988998aa5e22913c8147baf\",\"name\":\"karessa Ramos\",\"image\":{\"@type\":\"ImageObject\",\"inLanguage\":\"es\",\"@id\":\"https:\/\/34.249.117.129\/revistaprogreso\/#\/schema\/person\/image\/\",\"url\":\"https:\/\/secure.gravatar.com\/avatar\/a2388109b4325a6fb9c892c3212e430cdc0835c8fc1c1a41f4cc2a3b175b81c5?s=96&d=mm&r=g\",\"contentUrl\":\"https:\/\/secure.gravatar.com\/avatar\/a2388109b4325a6fb9c892c3212e430cdc0835c8fc1c1a41f4cc2a3b175b81c5?s=96&d=mm&r=g\",\"caption\":\"karessa Ramos\"},\"url\":\"https:\/\/www.fundacionmicrofinanzasbbva.org\/revistaprogreso\/author\/karessa\/\"}]}<\/script>\n<!-- \/ Yoast SEO plugin. -->","yoast_head_json":{"title":"Matriz de la Desigualdad Social en Am\u00e9rica Latina","description":"Matriz de la Desigualdad Social en Am\u00e9rica Latina","robots":{"index":"index","follow":"follow","max-snippet":"max-snippet:-1","max-image-preview":"max-image-preview:large","max-video-preview":"max-video-preview:-1"},"canonical":"https:\/\/www.fundacionmicrofinanzasbbva.org\/revistaprogreso\/matriz-de-la-desigualdad-social-en-america-latina\/","og_locale":"es_ES","og_type":"article","og_title":"Matriz de la Desigualdad Social en Am\u00e9rica Latina","og_description":"Matriz de la Desigualdad Social en Am\u00e9rica Latina","og_url":"https:\/\/www.fundacionmicrofinanzasbbva.org\/revistaprogreso\/matriz-de-la-desigualdad-social-en-america-latina\/","og_site_name":"Progreso","article_publisher":"https:\/\/www.facebook.com\/fundacionmicrofinanzasbbva","article_published_time":"2016-12-01T09:38:54+00:00","article_modified_time":"2017-11-28T10:16:40+00:00","og_image":[{"width":400,"height":300,"url":"https:\/\/www.fundacionmicrofinanzasbbva.org\/revistaprogreso\/wp-content\/uploads\/2016\/12\/9-desigualdad.jpg","type":"image\/jpeg"}],"author":"karessa Ramos","twitter_card":"summary_large_image","twitter_creator":"@FMBBVA","twitter_site":"@FMBBVA","twitter_misc":{"Escrito por":"karessa Ramos","Tiempo de lectura":"3 minutos"},"schema":{"@context":"https:\/\/schema.org","@graph":[{"@type":"Article","@id":"https:\/\/www.fundacionmicrofinanzasbbva.org\/revistaprogreso\/matriz-de-la-desigualdad-social-en-america-latina\/#article","isPartOf":{"@id":"https:\/\/www.fundacionmicrofinanzasbbva.org\/revistaprogreso\/matriz-de-la-desigualdad-social-en-america-latina\/"},"author":{"name":"karessa Ramos","@id":"https:\/\/34.249.117.129\/revistaprogreso\/#\/schema\/person\/4a3fe64f7988998aa5e22913c8147baf"},"headline":"Matriz de la Desigualdad Social en Am\u00e9rica Latina","datePublished":"2016-12-01T09:38:54+00:00","dateModified":"2017-11-28T10:16:40+00:00","mainEntityOfPage":{"@id":"https:\/\/www.fundacionmicrofinanzasbbva.org\/revistaprogreso\/matriz-de-la-desigualdad-social-en-america-latina\/"},"wordCount":512,"commentCount":0,"publisher":{"@id":"https:\/\/34.249.117.129\/revistaprogreso\/#organization"},"image":{"@id":"https:\/\/www.fundacionmicrofinanzasbbva.org\/revistaprogreso\/matriz-de-la-desigualdad-social-en-america-latina\/#primaryimage"},"thumbnailUrl":"https:\/\/www.fundacionmicrofinanzasbbva.org\/revistaprogreso\/wp-content\/uploads\/2016\/12\/9-desigualdad.jpg","inLanguage":"es"},{"@type":"WebPage","@id":"https:\/\/www.fundacionmicrofinanzasbbva.org\/revistaprogreso\/matriz-de-la-desigualdad-social-en-america-latina\/","url":"https:\/\/www.fundacionmicrofinanzasbbva.org\/revistaprogreso\/matriz-de-la-desigualdad-social-en-america-latina\/","name":"Matriz de la Desigualdad Social en Am\u00e9rica Latina","isPartOf":{"@id":"https:\/\/34.249.117.129\/revistaprogreso\/#website"},"primaryImageOfPage":{"@id":"https:\/\/www.fundacionmicrofinanzasbbva.org\/revistaprogreso\/matriz-de-la-desigualdad-social-en-america-latina\/#primaryimage"},"image":{"@id":"https:\/\/www.fundacionmicrofinanzasbbva.org\/revistaprogreso\/matriz-de-la-desigualdad-social-en-america-latina\/#primaryimage"},"thumbnailUrl":"https:\/\/www.fundacionmicrofinanzasbbva.org\/revistaprogreso\/wp-content\/uploads\/2016\/12\/9-desigualdad.jpg","datePublished":"2016-12-01T09:38:54+00:00","dateModified":"2017-11-28T10:16:40+00:00","description":"Matriz de la Desigualdad Social en Am\u00e9rica Latina","breadcrumb":{"@id":"https:\/\/www.fundacionmicrofinanzasbbva.org\/revistaprogreso\/matriz-de-la-desigualdad-social-en-america-latina\/#breadcrumb"},"inLanguage":"es","potentialAction":[{"@type":"ReadAction","target":["https:\/\/www.fundacionmicrofinanzasbbva.org\/revistaprogreso\/matriz-de-la-desigualdad-social-en-america-latina\/"]}]},{"@type":"ImageObject","inLanguage":"es","@id":"https:\/\/www.fundacionmicrofinanzasbbva.org\/revistaprogreso\/matriz-de-la-desigualdad-social-en-america-latina\/#primaryimage","url":"https:\/\/www.fundacionmicrofinanzasbbva.org\/revistaprogreso\/wp-content\/uploads\/2016\/12\/9-desigualdad.jpg","contentUrl":"https:\/\/www.fundacionmicrofinanzasbbva.org\/revistaprogreso\/wp-content\/uploads\/2016\/12\/9-desigualdad.jpg","width":400,"height":300},{"@type":"BreadcrumbList","@id":"https:\/\/www.fundacionmicrofinanzasbbva.org\/revistaprogreso\/matriz-de-la-desigualdad-social-en-america-latina\/#breadcrumb","itemListElement":[{"@type":"ListItem","position":1,"name":"Portada","item":"https:\/\/34.249.117.129\/revistaprogreso\/"},{"@type":"ListItem","position":2,"name":"Matriz de la Desigualdad Social en Am\u00e9rica Latina"}]},{"@type":"WebSite","@id":"https:\/\/34.249.117.129\/revistaprogreso\/#website","url":"https:\/\/34.249.117.129\/revistaprogreso\/","name":"Revista Progreso","description":"Revista de Actualidad Jur\u00eddica","publisher":{"@id":"https:\/\/34.249.117.129\/revistaprogreso\/#organization"},"alternateName":"Revista Progreso","potentialAction":[{"@type":"SearchAction","target":{"@type":"EntryPoint","urlTemplate":"https:\/\/34.249.117.129\/revistaprogreso\/?s={search_term_string}"},"query-input":{"@type":"PropertyValueSpecification","valueRequired":true,"valueName":"search_term_string"}}],"inLanguage":"es"},{"@type":"Organization","@id":"https:\/\/34.249.117.129\/revistaprogreso\/#organization","name":"Revista Progreso","alternateName":"Revista Progreso","url":"https:\/\/34.249.117.129\/revistaprogreso\/","logo":{"@type":"ImageObject","inLanguage":"es","@id":"https:\/\/34.249.117.129\/revistaprogreso\/#\/schema\/logo\/image\/","url":"https:\/\/www.fundacionmicrofinanzasbbva.org\/revistaprogreso\/wp-content\/uploads\/2023\/09\/Logo-FMBBVA-AZUL.png","contentUrl":"https:\/\/www.fundacionmicrofinanzasbbva.org\/revistaprogreso\/wp-content\/uploads\/2023\/09\/Logo-FMBBVA-AZUL.png","width":6173,"height":1001,"caption":"Revista Progreso"},"image":{"@id":"https:\/\/34.249.117.129\/revistaprogreso\/#\/schema\/logo\/image\/"},"sameAs":["https:\/\/www.facebook.com\/fundacionmicrofinanzasbbva","https:\/\/x.com\/FMBBVA","https:\/\/www.linkedin.com\/company\/fundacin-microfinanzas-bbva\/","https:\/\/www.instagram.com\/somosfmbbva\/"]},{"@type":"Person","@id":"https:\/\/34.249.117.129\/revistaprogreso\/#\/schema\/person\/4a3fe64f7988998aa5e22913c8147baf","name":"karessa Ramos","image":{"@type":"ImageObject","inLanguage":"es","@id":"https:\/\/34.249.117.129\/revistaprogreso\/#\/schema\/person\/image\/","url":"https:\/\/secure.gravatar.com\/avatar\/a2388109b4325a6fb9c892c3212e430cdc0835c8fc1c1a41f4cc2a3b175b81c5?s=96&d=mm&r=g","contentUrl":"https:\/\/secure.gravatar.com\/avatar\/a2388109b4325a6fb9c892c3212e430cdc0835c8fc1c1a41f4cc2a3b175b81c5?s=96&d=mm&r=g","caption":"karessa Ramos"},"url":"https:\/\/www.fundacionmicrofinanzasbbva.org\/revistaprogreso\/author\/karessa\/"}]}},"_links":{"self":[{"href":"https:\/\/www.fundacionmicrofinanzasbbva.org\/revistaprogreso\/wp-json\/wp\/v2\/posts\/6249","targetHints":{"allow":["GET"]}}],"collection":[{"href":"https:\/\/www.fundacionmicrofinanzasbbva.org\/revistaprogreso\/wp-json\/wp\/v2\/posts"}],"about":[{"href":"https:\/\/www.fundacionmicrofinanzasbbva.org\/revistaprogreso\/wp-json\/wp\/v2\/types\/post"}],"author":[{"embeddable":true,"href":"https:\/\/www.fundacionmicrofinanzasbbva.org\/revistaprogreso\/wp-json\/wp\/v2\/users\/30"}],"replies":[{"embeddable":true,"href":"https:\/\/www.fundacionmicrofinanzasbbva.org\/revistaprogreso\/wp-json\/wp\/v2\/comments?post=6249"}],"version-history":[{"count":0,"href":"https:\/\/www.fundacionmicrofinanzasbbva.org\/revistaprogreso\/wp-json\/wp\/v2\/posts\/6249\/revisions"}],"wp:featuredmedia":[{"embeddable":true,"href":"https:\/\/www.fundacionmicrofinanzasbbva.org\/revistaprogreso\/wp-json\/wp\/v2\/media\/9466"}],"wp:attachment":[{"href":"https:\/\/www.fundacionmicrofinanzasbbva.org\/revistaprogreso\/wp-json\/wp\/v2\/media?parent=6249"}],"wp:term":[{"taxonomy":"post_tag","embeddable":true,"href":"https:\/\/www.fundacionmicrofinanzasbbva.org\/revistaprogreso\/wp-json\/wp\/v2\/tags?post=6249"}],"curies":[{"name":"wp","href":"https:\/\/api.w.org\/{rel}","templated":true}]}}