{"id":62,"date":"2015-05-12T11:56:04","date_gmt":"2015-05-12T11:56:04","guid":{"rendered":"http:\/\/progresomicrofinanzas.org\/?p=62"},"modified":"2016-02-19T21:58:08","modified_gmt":"2016-02-19T21:58:08","slug":"plan-nacional-de-desarrollo-de-colombia-todos-por-un-nuevo-pais","status":"publish","type":"post","link":"https:\/\/www.fundacionmicrofinanzasbbva.org\/revistaprogreso\/plan-nacional-de-desarrollo-de-colombia-todos-por-un-nuevo-pais\/","title":{"rendered":"Plan Nacional de Desarrollo: \u00abTodos por un nuevo pa\u00eds\u00bb"},"content":{"rendered":"<div class=\"pdfprnt-buttons pdfprnt-buttons-post pdfprnt-top-right\"><a href=\"https:\/\/www.fundacionmicrofinanzasbbva.org\/revistaprogreso\/wp-json\/wp\/v2\/posts\/62?print=pdf\" class=\"pdfprnt-button pdfprnt-button-pdf\" target=\"_blank\"><img decoding=\"async\" src=\"https:\/\/www.fundacionmicrofinanzasbbva.org\/revistaprogreso\/wp-content\/plugins\/pdf-print\/images\/pdf.png\" alt=\"image_pdf\" title=\"Ver PDF\" \/><\/a><a href=\"https:\/\/www.fundacionmicrofinanzasbbva.org\/revistaprogreso\/wp-json\/wp\/v2\/posts\/62?print=print\" class=\"pdfprnt-button pdfprnt-button-print\" target=\"_blank\"><img decoding=\"async\" src=\"https:\/\/www.fundacionmicrofinanzasbbva.org\/revistaprogreso\/wp-content\/plugins\/pdf-print\/images\/print.png\" alt=\"image_print\" title=\"Imprimir contenido\" \/><\/a><\/div><p>El Gobierno colombiano present\u00f3 ante el Congreso de la Rep\u00fablica el Proyecto de Ley mediante el cual se busca establecer el Plan Nacional de Desarrollo (PND) 2014-2018, denominado \u201cTodos por un Nuevo Pa\u00eds\u201d. En t\u00e9rminos generales, a trav\u00e9s de este Proyecto, el Gobierno establece los lineamientos estrat\u00e9gicos de las pol\u00edticas p\u00fablicas que son propuestas por el Presidente de la Rep\u00fablica a trav\u00e9s de su gabinete gubernamental. El PND es la herramienta legal que sirve para trazar los objetivos propuestos por el Ejecutivo, compuesta por los prop\u00f3sitos y objetivos nacionales a largo plazo, las metas y prioridades de mediano plazo, as\u00ed como las orientaciones en pol\u00edtica econ\u00f3mica, social y ambiental a ser adoptadas por el Gobierno.<\/p>\n<p>Para el PND 2014-2018, se han establecido<strong> tres pilares<\/strong> que guiar\u00e1n los objetivos de pol\u00edtica econ\u00f3mica del Gobierno Colombiano:<\/p>\n<ol>\n<li>La Paz: El\u00a0 PND no condiciona la realizaci\u00f3n de las reformas propuestas a la suscripci\u00f3n de alg\u00fan acuerdo en La Habana.<\/li>\n<li>La Equidad: Reconoce que la disparidad social constituye la principal preocupaci\u00f3n del Gobierno, al generar un impacto importante en los \u00edndices de pobreza y violencia<\/li>\n<li>La Educaci\u00f3n: El PND establece que el desarrollo del capital humano es condici\u00f3n necesaria para fomentar el crecimiento de la econom\u00eda, por lo que la reducci\u00f3n de la brecha social se realizar\u00e1 a trav\u00e9s del aumento en la calidad y cobertura del sistema educativo.<\/li>\n<\/ol>\n<p>Por otro lado, en el PND se han establecido <strong>cinco estrategias transversales<\/strong> a los pilares mencionados:<\/p>\n<ol>\n<li>Infraestructura y competitividad estrat\u00e9gica, que se reconoce como esencial para fomentar el crecimiento econ\u00f3mico;<\/li>\n<li>Movilidad Social, a trav\u00e9s del aumento de calidad y cobertura del sistema educativo y de salud;<\/li>\n<li>Transformaci\u00f3n del campo y crecimiento verde, en donde se busca reducir la brecha que actualmente existe entre el campo y la ciudad;<\/li>\n<li>Consolidaci\u00f3n del Estado Social de Derecho en Colombia, y<\/li>\n<li>El Bueno Gobierno, con el que se busca consolidar un estado moderno, m\u00e1s transparente, eficiente y eficaz.<\/li>\n<\/ol>\n<p>Este PND busca tener impacto en el desarrollo productivo del pa\u00eds, en especial en los sectores de la base de la pir\u00e1mide. Es aqu\u00ed donde la industria microfinanciera y el sector gobierno deber\u00e1n desempe\u00f1ar un rol activo en el fomento de la actividad microempresarial. As\u00ed, la generaci\u00f3n de oportunidades para el sector productivo debe venir acompa\u00f1ado, necesariamente, del aumento de la oferta microcrediticia que facilite la financiaci\u00f3n a las actividades productivas.<\/p>\n","protected":false},"excerpt":{"rendered":"<p>El Gobierno colombiano present\u00f3 ante el Congreso de la Rep\u00fablica el Proyecto de Ley mediante el cual se busca establecer el Plan Nacional de Desarrollo (PND) 2014-2018, denominado \u201cTodos por un Nuevo Pa\u00eds\u201d. En t\u00e9rminos generales, a trav\u00e9s de este Proyecto, el Gobierno establece los lineamientos estrat\u00e9gicos de las pol\u00edticas p\u00fablicas que son propuestas por [&hellip;]<\/p>\n","protected":false},"author":30,"featured_media":443,"comment_status":"open","ping_status":"open","sticky":false,"template":"","format":"standard","meta":{"_acf_changed":false,"footnotes":""},"tags":[],"class_list":["post-62","post","type-post","status-publish","format-standard","has-post-thumbnail","hentry","numero-3m","seccion-legislacion-normas-publicadas-microfinanzas","pais-colombia"],"acf":[],"yoast_head":"<!-- This site is optimized with the Yoast SEO plugin v26.8 - https:\/\/yoast.com\/product\/yoast-seo-wordpress\/ -->\n<title>Plan Nacional de Desarrollo: &quot;Todos por un nuevo pa\u00eds&quot;<\/title>\n<meta name=\"description\" content=\"Plan Nacional de Desarrollo: &quot;Todos por un nuevo pa\u00eds&quot;\" \/>\n<meta name=\"robots\" content=\"index, follow, max-snippet:-1, max-image-preview:large, max-video-preview:-1\" \/>\n<link rel=\"canonical\" href=\"https:\/\/www.fundacionmicrofinanzasbbva.org\/revistaprogreso\/plan-nacional-de-desarrollo-de-colombia-todos-por-un-nuevo-pais\/\" \/>\n<meta property=\"og:locale\" content=\"es_ES\" \/>\n<meta property=\"og:type\" content=\"article\" \/>\n<meta property=\"og:title\" content=\"Plan Nacional de Desarrollo: &quot;Todos por un nuevo pa\u00eds&quot;\" \/>\n<meta property=\"og:description\" content=\"Plan Nacional de Desarrollo: &quot;Todos por un nuevo pa\u00eds&quot;\" \/>\n<meta property=\"og:url\" content=\"https:\/\/www.fundacionmicrofinanzasbbva.org\/revistaprogreso\/plan-nacional-de-desarrollo-de-colombia-todos-por-un-nuevo-pais\/\" \/>\n<meta property=\"og:site_name\" content=\"Progreso\" \/>\n<meta property=\"article:publisher\" content=\"https:\/\/www.facebook.com\/fundacionmicrofinanzasbbva\" \/>\n<meta property=\"article:published_time\" content=\"2015-05-12T11:56:04+00:00\" \/>\n<meta property=\"article:modified_time\" content=\"2016-02-19T21:58:08+00:00\" \/>\n<meta property=\"og:image\" content=\"https:\/\/fundacionmicrofinanzasbbva.org\/revistaprogreso\/wp-content\/uploads\/2015\/05\/colombia-industria-cafe-925x800.jpg\" \/>\n\t<meta property=\"og:image:width\" content=\"925\" \/>\n\t<meta property=\"og:image:height\" content=\"800\" \/>\n\t<meta property=\"og:image:type\" content=\"image\/jpeg\" \/>\n<meta name=\"author\" content=\"karessa Ramos\" \/>\n<meta name=\"twitter:card\" content=\"summary_large_image\" \/>\n<meta name=\"twitter:creator\" content=\"@FMBBVA\" \/>\n<meta name=\"twitter:site\" content=\"@FMBBVA\" \/>\n<meta name=\"twitter:label1\" content=\"Escrito por\" \/>\n\t<meta name=\"twitter:data1\" content=\"karessa Ramos\" \/>\n\t<meta name=\"twitter:label2\" content=\"Tiempo de lectura\" \/>\n\t<meta name=\"twitter:data2\" content=\"2 minutos\" \/>\n<script type=\"application\/ld+json\" class=\"yoast-schema-graph\">{\"@context\":\"https:\/\/schema.org\",\"@graph\":[{\"@type\":\"Article\",\"@id\":\"https:\/\/www.fundacionmicrofinanzasbbva.org\/revistaprogreso\/plan-nacional-de-desarrollo-de-colombia-todos-por-un-nuevo-pais\/#article\",\"isPartOf\":{\"@id\":\"https:\/\/www.fundacionmicrofinanzasbbva.org\/revistaprogreso\/plan-nacional-de-desarrollo-de-colombia-todos-por-un-nuevo-pais\/\"},\"author\":{\"name\":\"karessa Ramos\",\"@id\":\"https:\/\/www.fundacionmicrofinanzasbbva.org\/revistaprogreso\/#\/schema\/person\/4a3fe64f7988998aa5e22913c8147baf\"},\"headline\":\"Plan Nacional de Desarrollo: \u00abTodos por un nuevo pa\u00eds\u00bb\",\"datePublished\":\"2015-05-12T11:56:04+00:00\",\"dateModified\":\"2016-02-19T21:58:08+00:00\",\"mainEntityOfPage\":{\"@id\":\"https:\/\/www.fundacionmicrofinanzasbbva.org\/revistaprogreso\/plan-nacional-de-desarrollo-de-colombia-todos-por-un-nuevo-pais\/\"},\"wordCount\":436,\"commentCount\":0,\"publisher\":{\"@id\":\"https:\/\/www.fundacionmicrofinanzasbbva.org\/revistaprogreso\/#organization\"},\"image\":{\"@id\":\"https:\/\/www.fundacionmicrofinanzasbbva.org\/revistaprogreso\/plan-nacional-de-desarrollo-de-colombia-todos-por-un-nuevo-pais\/#primaryimage\"},\"thumbnailUrl\":\"https:\/\/www.fundacionmicrofinanzasbbva.org\/revistaprogreso\/wp-content\/uploads\/2015\/05\/colombia-industria-cafe-925x800.jpg\",\"inLanguage\":\"es\"},{\"@type\":\"WebPage\",\"@id\":\"https:\/\/www.fundacionmicrofinanzasbbva.org\/revistaprogreso\/plan-nacional-de-desarrollo-de-colombia-todos-por-un-nuevo-pais\/\",\"url\":\"https:\/\/www.fundacionmicrofinanzasbbva.org\/revistaprogreso\/plan-nacional-de-desarrollo-de-colombia-todos-por-un-nuevo-pais\/\",\"name\":\"Plan Nacional de Desarrollo: \\\"Todos por un nuevo pa\u00eds\\\"\",\"isPartOf\":{\"@id\":\"https:\/\/www.fundacionmicrofinanzasbbva.org\/revistaprogreso\/#website\"},\"primaryImageOfPage\":{\"@id\":\"https:\/\/www.fundacionmicrofinanzasbbva.org\/revistaprogreso\/plan-nacional-de-desarrollo-de-colombia-todos-por-un-nuevo-pais\/#primaryimage\"},\"image\":{\"@id\":\"https:\/\/www.fundacionmicrofinanzasbbva.org\/revistaprogreso\/plan-nacional-de-desarrollo-de-colombia-todos-por-un-nuevo-pais\/#primaryimage\"},\"thumbnailUrl\":\"https:\/\/www.fundacionmicrofinanzasbbva.org\/revistaprogreso\/wp-content\/uploads\/2015\/05\/colombia-industria-cafe-925x800.jpg\",\"datePublished\":\"2015-05-12T11:56:04+00:00\",\"dateModified\":\"2016-02-19T21:58:08+00:00\",\"description\":\"Plan Nacional de Desarrollo: \\\"Todos por un nuevo pa\u00eds\\\"\",\"breadcrumb\":{\"@id\":\"https:\/\/www.fundacionmicrofinanzasbbva.org\/revistaprogreso\/plan-nacional-de-desarrollo-de-colombia-todos-por-un-nuevo-pais\/#breadcrumb\"},\"inLanguage\":\"es\",\"potentialAction\":[{\"@type\":\"ReadAction\",\"target\":[\"https:\/\/www.fundacionmicrofinanzasbbva.org\/revistaprogreso\/plan-nacional-de-desarrollo-de-colombia-todos-por-un-nuevo-pais\/\"]}]},{\"@type\":\"ImageObject\",\"inLanguage\":\"es\",\"@id\":\"https:\/\/www.fundacionmicrofinanzasbbva.org\/revistaprogreso\/plan-nacional-de-desarrollo-de-colombia-todos-por-un-nuevo-pais\/#primaryimage\",\"url\":\"https:\/\/www.fundacionmicrofinanzasbbva.org\/revistaprogreso\/wp-content\/uploads\/2015\/05\/colombia-industria-cafe-925x800.jpg\",\"contentUrl\":\"https:\/\/www.fundacionmicrofinanzasbbva.org\/revistaprogreso\/wp-content\/uploads\/2015\/05\/colombia-industria-cafe-925x800.jpg\",\"width\":925,\"height\":800,\"caption\":\"Plan Nacional de Desarrollo de Colombia: todos por un nuevo pa\u00eds\"},{\"@type\":\"BreadcrumbList\",\"@id\":\"https:\/\/www.fundacionmicrofinanzasbbva.org\/revistaprogreso\/plan-nacional-de-desarrollo-de-colombia-todos-por-un-nuevo-pais\/#breadcrumb\",\"itemListElement\":[{\"@type\":\"ListItem\",\"position\":1,\"name\":\"Portada\",\"item\":\"https:\/\/www.fundacionmicrofinanzasbbva.org\/revistaprogreso\/\"},{\"@type\":\"ListItem\",\"position\":2,\"name\":\"Plan Nacional de Desarrollo: \u00abTodos por un nuevo pa\u00eds\u00bb\"}]},{\"@type\":\"WebSite\",\"@id\":\"https:\/\/www.fundacionmicrofinanzasbbva.org\/revistaprogreso\/#website\",\"url\":\"https:\/\/www.fundacionmicrofinanzasbbva.org\/revistaprogreso\/\",\"name\":\"Revista Progreso\",\"description\":\"Revista de Actualidad Jur\u00eddica\",\"publisher\":{\"@id\":\"https:\/\/www.fundacionmicrofinanzasbbva.org\/revistaprogreso\/#organization\"},\"alternateName\":\"Revista Progreso\",\"potentialAction\":[{\"@type\":\"SearchAction\",\"target\":{\"@type\":\"EntryPoint\",\"urlTemplate\":\"https:\/\/www.fundacionmicrofinanzasbbva.org\/revistaprogreso\/?s={search_term_string}\"},\"query-input\":{\"@type\":\"PropertyValueSpecification\",\"valueRequired\":true,\"valueName\":\"search_term_string\"}}],\"inLanguage\":\"es\"},{\"@type\":\"Organization\",\"@id\":\"https:\/\/www.fundacionmicrofinanzasbbva.org\/revistaprogreso\/#organization\",\"name\":\"Revista Progreso\",\"alternateName\":\"Revista Progreso\",\"url\":\"https:\/\/www.fundacionmicrofinanzasbbva.org\/revistaprogreso\/\",\"logo\":{\"@type\":\"ImageObject\",\"inLanguage\":\"es\",\"@id\":\"https:\/\/www.fundacionmicrofinanzasbbva.org\/revistaprogreso\/#\/schema\/logo\/image\/\",\"url\":\"https:\/\/www.fundacionmicrofinanzasbbva.org\/revistaprogreso\/wp-content\/uploads\/2023\/09\/Logo-FMBBVA-AZUL.png\",\"contentUrl\":\"https:\/\/www.fundacionmicrofinanzasbbva.org\/revistaprogreso\/wp-content\/uploads\/2023\/09\/Logo-FMBBVA-AZUL.png\",\"width\":6173,\"height\":1001,\"caption\":\"Revista Progreso\"},\"image\":{\"@id\":\"https:\/\/www.fundacionmicrofinanzasbbva.org\/revistaprogreso\/#\/schema\/logo\/image\/\"},\"sameAs\":[\"https:\/\/www.facebook.com\/fundacionmicrofinanzasbbva\",\"https:\/\/x.com\/FMBBVA\",\"https:\/\/www.linkedin.com\/company\/fundacin-microfinanzas-bbva\/\",\"https:\/\/www.instagram.com\/somosfmbbva\/\"]},{\"@type\":\"Person\",\"@id\":\"https:\/\/www.fundacionmicrofinanzasbbva.org\/revistaprogreso\/#\/schema\/person\/4a3fe64f7988998aa5e22913c8147baf\",\"name\":\"karessa Ramos\",\"image\":{\"@type\":\"ImageObject\",\"inLanguage\":\"es\",\"@id\":\"https:\/\/www.fundacionmicrofinanzasbbva.org\/revistaprogreso\/#\/schema\/person\/image\/\",\"url\":\"https:\/\/secure.gravatar.com\/avatar\/a2388109b4325a6fb9c892c3212e430cdc0835c8fc1c1a41f4cc2a3b175b81c5?s=96&d=mm&r=g\",\"contentUrl\":\"https:\/\/secure.gravatar.com\/avatar\/a2388109b4325a6fb9c892c3212e430cdc0835c8fc1c1a41f4cc2a3b175b81c5?s=96&d=mm&r=g\",\"caption\":\"karessa Ramos\"},\"url\":\"https:\/\/www.fundacionmicrofinanzasbbva.org\/revistaprogreso\/author\/karessa\/\"}]}<\/script>\n<!-- \/ Yoast SEO plugin. -->","yoast_head_json":{"title":"Plan Nacional de Desarrollo: \"Todos por un nuevo pa\u00eds\"","description":"Plan Nacional de Desarrollo: \"Todos por un nuevo pa\u00eds\"","robots":{"index":"index","follow":"follow","max-snippet":"max-snippet:-1","max-image-preview":"max-image-preview:large","max-video-preview":"max-video-preview:-1"},"canonical":"https:\/\/www.fundacionmicrofinanzasbbva.org\/revistaprogreso\/plan-nacional-de-desarrollo-de-colombia-todos-por-un-nuevo-pais\/","og_locale":"es_ES","og_type":"article","og_title":"Plan Nacional de Desarrollo: \"Todos por un nuevo pa\u00eds\"","og_description":"Plan Nacional de Desarrollo: \"Todos por un nuevo pa\u00eds\"","og_url":"https:\/\/www.fundacionmicrofinanzasbbva.org\/revistaprogreso\/plan-nacional-de-desarrollo-de-colombia-todos-por-un-nuevo-pais\/","og_site_name":"Progreso","article_publisher":"https:\/\/www.facebook.com\/fundacionmicrofinanzasbbva","article_published_time":"2015-05-12T11:56:04+00:00","article_modified_time":"2016-02-19T21:58:08+00:00","og_image":[{"width":925,"height":800,"url":"https:\/\/fundacionmicrofinanzasbbva.org\/revistaprogreso\/wp-content\/uploads\/2015\/05\/colombia-industria-cafe-925x800.jpg","type":"image\/jpeg"}],"author":"karessa Ramos","twitter_card":"summary_large_image","twitter_creator":"@FMBBVA","twitter_site":"@FMBBVA","twitter_misc":{"Escrito por":"karessa Ramos","Tiempo de lectura":"2 minutos"},"schema":{"@context":"https:\/\/schema.org","@graph":[{"@type":"Article","@id":"https:\/\/www.fundacionmicrofinanzasbbva.org\/revistaprogreso\/plan-nacional-de-desarrollo-de-colombia-todos-por-un-nuevo-pais\/#article","isPartOf":{"@id":"https:\/\/www.fundacionmicrofinanzasbbva.org\/revistaprogreso\/plan-nacional-de-desarrollo-de-colombia-todos-por-un-nuevo-pais\/"},"author":{"name":"karessa Ramos","@id":"https:\/\/www.fundacionmicrofinanzasbbva.org\/revistaprogreso\/#\/schema\/person\/4a3fe64f7988998aa5e22913c8147baf"},"headline":"Plan Nacional de Desarrollo: \u00abTodos por un nuevo pa\u00eds\u00bb","datePublished":"2015-05-12T11:56:04+00:00","dateModified":"2016-02-19T21:58:08+00:00","mainEntityOfPage":{"@id":"https:\/\/www.fundacionmicrofinanzasbbva.org\/revistaprogreso\/plan-nacional-de-desarrollo-de-colombia-todos-por-un-nuevo-pais\/"},"wordCount":436,"commentCount":0,"publisher":{"@id":"https:\/\/www.fundacionmicrofinanzasbbva.org\/revistaprogreso\/#organization"},"image":{"@id":"https:\/\/www.fundacionmicrofinanzasbbva.org\/revistaprogreso\/plan-nacional-de-desarrollo-de-colombia-todos-por-un-nuevo-pais\/#primaryimage"},"thumbnailUrl":"https:\/\/www.fundacionmicrofinanzasbbva.org\/revistaprogreso\/wp-content\/uploads\/2015\/05\/colombia-industria-cafe-925x800.jpg","inLanguage":"es"},{"@type":"WebPage","@id":"https:\/\/www.fundacionmicrofinanzasbbva.org\/revistaprogreso\/plan-nacional-de-desarrollo-de-colombia-todos-por-un-nuevo-pais\/","url":"https:\/\/www.fundacionmicrofinanzasbbva.org\/revistaprogreso\/plan-nacional-de-desarrollo-de-colombia-todos-por-un-nuevo-pais\/","name":"Plan Nacional de Desarrollo: \"Todos por un nuevo pa\u00eds\"","isPartOf":{"@id":"https:\/\/www.fundacionmicrofinanzasbbva.org\/revistaprogreso\/#website"},"primaryImageOfPage":{"@id":"https:\/\/www.fundacionmicrofinanzasbbva.org\/revistaprogreso\/plan-nacional-de-desarrollo-de-colombia-todos-por-un-nuevo-pais\/#primaryimage"},"image":{"@id":"https:\/\/www.fundacionmicrofinanzasbbva.org\/revistaprogreso\/plan-nacional-de-desarrollo-de-colombia-todos-por-un-nuevo-pais\/#primaryimage"},"thumbnailUrl":"https:\/\/www.fundacionmicrofinanzasbbva.org\/revistaprogreso\/wp-content\/uploads\/2015\/05\/colombia-industria-cafe-925x800.jpg","datePublished":"2015-05-12T11:56:04+00:00","dateModified":"2016-02-19T21:58:08+00:00","description":"Plan Nacional de Desarrollo: \"Todos por un nuevo pa\u00eds\"","breadcrumb":{"@id":"https:\/\/www.fundacionmicrofinanzasbbva.org\/revistaprogreso\/plan-nacional-de-desarrollo-de-colombia-todos-por-un-nuevo-pais\/#breadcrumb"},"inLanguage":"es","potentialAction":[{"@type":"ReadAction","target":["https:\/\/www.fundacionmicrofinanzasbbva.org\/revistaprogreso\/plan-nacional-de-desarrollo-de-colombia-todos-por-un-nuevo-pais\/"]}]},{"@type":"ImageObject","inLanguage":"es","@id":"https:\/\/www.fundacionmicrofinanzasbbva.org\/revistaprogreso\/plan-nacional-de-desarrollo-de-colombia-todos-por-un-nuevo-pais\/#primaryimage","url":"https:\/\/www.fundacionmicrofinanzasbbva.org\/revistaprogreso\/wp-content\/uploads\/2015\/05\/colombia-industria-cafe-925x800.jpg","contentUrl":"https:\/\/www.fundacionmicrofinanzasbbva.org\/revistaprogreso\/wp-content\/uploads\/2015\/05\/colombia-industria-cafe-925x800.jpg","width":925,"height":800,"caption":"Plan Nacional de Desarrollo de Colombia: todos por un nuevo pa\u00eds"},{"@type":"BreadcrumbList","@id":"https:\/\/www.fundacionmicrofinanzasbbva.org\/revistaprogreso\/plan-nacional-de-desarrollo-de-colombia-todos-por-un-nuevo-pais\/#breadcrumb","itemListElement":[{"@type":"ListItem","position":1,"name":"Portada","item":"https:\/\/www.fundacionmicrofinanzasbbva.org\/revistaprogreso\/"},{"@type":"ListItem","position":2,"name":"Plan Nacional de Desarrollo: \u00abTodos por un nuevo pa\u00eds\u00bb"}]},{"@type":"WebSite","@id":"https:\/\/www.fundacionmicrofinanzasbbva.org\/revistaprogreso\/#website","url":"https:\/\/www.fundacionmicrofinanzasbbva.org\/revistaprogreso\/","name":"Revista Progreso","description":"Revista de Actualidad Jur\u00eddica","publisher":{"@id":"https:\/\/www.fundacionmicrofinanzasbbva.org\/revistaprogreso\/#organization"},"alternateName":"Revista Progreso","potentialAction":[{"@type":"SearchAction","target":{"@type":"EntryPoint","urlTemplate":"https:\/\/www.fundacionmicrofinanzasbbva.org\/revistaprogreso\/?s={search_term_string}"},"query-input":{"@type":"PropertyValueSpecification","valueRequired":true,"valueName":"search_term_string"}}],"inLanguage":"es"},{"@type":"Organization","@id":"https:\/\/www.fundacionmicrofinanzasbbva.org\/revistaprogreso\/#organization","name":"Revista Progreso","alternateName":"Revista Progreso","url":"https:\/\/www.fundacionmicrofinanzasbbva.org\/revistaprogreso\/","logo":{"@type":"ImageObject","inLanguage":"es","@id":"https:\/\/www.fundacionmicrofinanzasbbva.org\/revistaprogreso\/#\/schema\/logo\/image\/","url":"https:\/\/www.fundacionmicrofinanzasbbva.org\/revistaprogreso\/wp-content\/uploads\/2023\/09\/Logo-FMBBVA-AZUL.png","contentUrl":"https:\/\/www.fundacionmicrofinanzasbbva.org\/revistaprogreso\/wp-content\/uploads\/2023\/09\/Logo-FMBBVA-AZUL.png","width":6173,"height":1001,"caption":"Revista Progreso"},"image":{"@id":"https:\/\/www.fundacionmicrofinanzasbbva.org\/revistaprogreso\/#\/schema\/logo\/image\/"},"sameAs":["https:\/\/www.facebook.com\/fundacionmicrofinanzasbbva","https:\/\/x.com\/FMBBVA","https:\/\/www.linkedin.com\/company\/fundacin-microfinanzas-bbva\/","https:\/\/www.instagram.com\/somosfmbbva\/"]},{"@type":"Person","@id":"https:\/\/www.fundacionmicrofinanzasbbva.org\/revistaprogreso\/#\/schema\/person\/4a3fe64f7988998aa5e22913c8147baf","name":"karessa Ramos","image":{"@type":"ImageObject","inLanguage":"es","@id":"https:\/\/www.fundacionmicrofinanzasbbva.org\/revistaprogreso\/#\/schema\/person\/image\/","url":"https:\/\/secure.gravatar.com\/avatar\/a2388109b4325a6fb9c892c3212e430cdc0835c8fc1c1a41f4cc2a3b175b81c5?s=96&d=mm&r=g","contentUrl":"https:\/\/secure.gravatar.com\/avatar\/a2388109b4325a6fb9c892c3212e430cdc0835c8fc1c1a41f4cc2a3b175b81c5?s=96&d=mm&r=g","caption":"karessa Ramos"},"url":"https:\/\/www.fundacionmicrofinanzasbbva.org\/revistaprogreso\/author\/karessa\/"}]}},"_links":{"self":[{"href":"https:\/\/www.fundacionmicrofinanzasbbva.org\/revistaprogreso\/wp-json\/wp\/v2\/posts\/62","targetHints":{"allow":["GET"]}}],"collection":[{"href":"https:\/\/www.fundacionmicrofinanzasbbva.org\/revistaprogreso\/wp-json\/wp\/v2\/posts"}],"about":[{"href":"https:\/\/www.fundacionmicrofinanzasbbva.org\/revistaprogreso\/wp-json\/wp\/v2\/types\/post"}],"author":[{"embeddable":true,"href":"https:\/\/www.fundacionmicrofinanzasbbva.org\/revistaprogreso\/wp-json\/wp\/v2\/users\/30"}],"replies":[{"embeddable":true,"href":"https:\/\/www.fundacionmicrofinanzasbbva.org\/revistaprogreso\/wp-json\/wp\/v2\/comments?post=62"}],"version-history":[{"count":0,"href":"https:\/\/www.fundacionmicrofinanzasbbva.org\/revistaprogreso\/wp-json\/wp\/v2\/posts\/62\/revisions"}],"wp:featuredmedia":[{"embeddable":true,"href":"https:\/\/www.fundacionmicrofinanzasbbva.org\/revistaprogreso\/wp-json\/wp\/v2\/media\/443"}],"wp:attachment":[{"href":"https:\/\/www.fundacionmicrofinanzasbbva.org\/revistaprogreso\/wp-json\/wp\/v2\/media?parent=62"}],"wp:term":[{"taxonomy":"post_tag","embeddable":true,"href":"https:\/\/www.fundacionmicrofinanzasbbva.org\/revistaprogreso\/wp-json\/wp\/v2\/tags?post=62"}],"curies":[{"name":"wp","href":"https:\/\/api.w.org\/{rel}","templated":true}]}}