{"id":6183,"date":"2016-12-01T09:38:55","date_gmt":"2016-12-01T09:38:55","guid":{"rendered":"http:\/\/progresomicrofinanzas.org\/?p=6183"},"modified":"2016-12-15T15:58:15","modified_gmt":"2016-12-15T15:58:15","slug":"sentencia-del-tribunal-constitucional-048416-sobre-ley-de-proteccion-de-datos-de-caracter-personal-ley-de-habeas-data","status":"publish","type":"post","link":"https:\/\/www.fundacionmicrofinanzasbbva.org\/revistaprogreso\/sentencia-del-tribunal-constitucional-048416-sobre-ley-de-proteccion-de-datos-de-caracter-personal-ley-de-habeas-data\/","title":{"rendered":"Sentencia del Tribunal Constitucional sobre Ley de Protecci\u00f3n de Datos de Car\u00e1cter Personal"},"content":{"rendered":"<div class=\"pdfprnt-buttons pdfprnt-buttons-post pdfprnt-top-right\"><a href=\"https:\/\/www.fundacionmicrofinanzasbbva.org\/revistaprogreso\/wp-json\/wp\/v2\/posts\/6183?print=pdf\" class=\"pdfprnt-button pdfprnt-button-pdf\" target=\"_blank\"><img decoding=\"async\" src=\"https:\/\/www.fundacionmicrofinanzasbbva.org\/revistaprogreso\/wp-content\/plugins\/pdf-print\/images\/pdf.png\" alt=\"image_pdf\" title=\"Ver PDF\" \/><\/a><a href=\"https:\/\/www.fundacionmicrofinanzasbbva.org\/revistaprogreso\/wp-json\/wp\/v2\/posts\/6183?print=print\" class=\"pdfprnt-button pdfprnt-button-print\" target=\"_blank\"><img decoding=\"async\" src=\"https:\/\/www.fundacionmicrofinanzasbbva.org\/revistaprogreso\/wp-content\/plugins\/pdf-print\/images\/print.png\" alt=\"image_print\" title=\"Imprimir contenido\" \/><\/a><\/div><div id=\"attachment_6187\" style=\"width: 235px\" class=\"wp-caption article__img article__img--right lightgallery lightgallery--image article__img alignright\"><img loading=\"lazy\" decoding=\"async\" aria-describedby=\"caption-attachment-6187\" class=\"wp-image-6187\" title=\"Marlen E. Jim\u00e9nez M., Gerente de Secretar\u00eda General de Banco Adopem\" src=\"http:\/\/progresomicrofinanzas.org\/wp-content\/uploads\/2016\/11\/dsc_0413-a.jpg\" alt=\"Marlen E. Jim\u00e9nez M., Gerente de Secretar\u00eda General de Banco Adopem\" width=\"225\" height=\"313\" srcset=\"https:\/\/www.fundacionmicrofinanzasbbva.org\/revistaprogreso\/wp-content\/uploads\/2016\/11\/dsc_0413-a.jpg 2364w, https:\/\/www.fundacionmicrofinanzasbbva.org\/revistaprogreso\/wp-content\/uploads\/2016\/11\/dsc_0413-a-216x300.jpg 216w, https:\/\/www.fundacionmicrofinanzasbbva.org\/revistaprogreso\/wp-content\/uploads\/2016\/11\/dsc_0413-a-768x1068.jpg 768w, https:\/\/www.fundacionmicrofinanzasbbva.org\/revistaprogreso\/wp-content\/uploads\/2016\/11\/dsc_0413-a-736x1024.jpg 736w\" sizes=\"auto, (max-width: 225px) 100vw, 225px\" \/><p id=\"caption-attachment-6187\" class=\"wp-caption article__img article__img--right lightgallery lightgallery--image article__img-text\"><em>Marlen E. Jim\u00e9nez M., Gerente de Secretar\u00eda General de Banco Adopem<\/em><\/p><\/div>\n<p><span style=\"font-weight: 400;\">La Ley n\u00famero 172-13, sobre Protecci\u00f3n de Datos de Car\u00e1cter Personal (Ley de H\u00e1beas Data), tiene por objeto la protecci\u00f3n integral de los datos personales asentados en archivos, registros p\u00fablicos, bancos de datos u otros medios t\u00e9cnicos de tratamiento de datos, destinados a dar informes, sean estos p\u00fablicos o privados.<\/span><\/p>\n<p><span style=\"font-weight: 400;\">Esta Ley fue considerada inconstitucional desde su entrada en vigor, por entenderse que algunos de sus art\u00edculos limitaban derechos ciudadanos. Tal es el caso del art\u00edculo 4, que impide que las personas afectadas por una informaci\u00f3n incorrecta o falsa contenida en los bancos de datos de los organismos de inteligencia del Estado, puedan acceder a los mismos para corregirla o suprimirla, tal y como como lo establecen los art\u00edculos 44 y 70 de la Constituci\u00f3n de la Rep\u00fablica.<\/span><\/p>\n<p><b>Acci\u00f3n de inconstitucionalidad<\/b><\/p>\n<p><span style=\"font-weight: 400;\">Con base en estos fundamentos, se present\u00f3 un recurso de acci\u00f3n directa de inconstitucionalidad incoado por la Fundaci\u00f3n Prensa y Derecho Inc., el Consejo Dominicano de Derechos Humanos, y la Alianza Ciudadana para los Derechos Fundamentales, contra los art\u00edculos 4.2; 5.6c); 8; 10.4; 25.13; 29; 40 y 88 de la referida Ley de H\u00e1beas Data.<\/span><\/p>\n<p><span style=\"font-weight: 400;\">Las pretensiones de los accionantes respecto al recurso planteado, fueron las siguientes:<\/span><\/p>\n<ul>\n<li style=\"font-weight: 400;\"><span style=\"font-weight: 400;\">Que se dicte una sentencia interpretativa en relaci\u00f3n a los art\u00edculos 4.2; 5.6c); 8; 10.4; 25.13; y 40, para ajustarlos a lo establecido en la Constituci\u00f3n;<\/span><\/li>\n<li style=\"font-weight: 400;\"><span style=\"font-weight: 400;\">Que se dicte una sentencia exhortativa en relaci\u00f3n con el art\u00edculo 29, para que las funciones atribuidas a la Superintendencia de Bancos le sean asignadas a una instituci\u00f3n independiente y vinculada a la protecci\u00f3n de los derechos fundamentales;<\/span><\/li>\n<li style=\"font-weight: 400;\"><span style=\"font-weight: 400;\">Que se declare inconstitucional el art\u00edculo 88, por violar el principio de legalidad penal.<\/span><\/li>\n<\/ul>\n<p><b>An\u00e1lisis de la Sentencia<\/b><\/p>\n<p><span style=\"font-weight: 400;\">En relaci\u00f3n a los <\/span><b>art\u00edculos 4.2 y 40<\/b><span style=\"font-weight: 400;\"> de la Ley, la Sentencia reconoce el derecho que tienen los ciudadanos de acceder a los archivos de datos personales creados por las Fuerzas Armadas y los organismos de seguridad del Estado, siempre que no est\u00e9n relacionados con una investigaci\u00f3n en curso.<\/span><\/p>\n<p><span style=\"font-weight: 400;\">El Tribunal Constitucional dictamin\u00f3 que las restricciones que establecen estos art\u00edculos s\u00f3lo son aplicables si el acceso a las informaciones de car\u00e1cter personal puede constituir un obst\u00e1culo para el cumplimiento de las funciones de los organismos de investigaci\u00f3n e inteligencia.<\/span><\/p>\n<p><span style=\"font-weight: 400;\">En relaci\u00f3n los <\/span><b>art\u00edculos 10 y 25<\/b><span style=\"font-weight: 400;\">, que regulan el procedimiento para ejercer el derecho de acceso a la informaci\u00f3n, la alta corte determin\u00f3 que el procedimiento administrativo a seguir por el titular de los datos es facultativo y, por tanto, el usuario no tendr\u00e1 necesidad de agotar el proceso administrativo antes de optar por la v\u00eda judicial.<\/span><\/p>\n<p><span style=\"font-weight: 400;\">El <\/span><b>art\u00edculo 88<\/b><span style=\"font-weight: 400;\"> de la Ley fue declarado ajustado a la Constituci\u00f3n, si bien s\u00ed considera necesario realizar una interpretaci\u00f3n en relaci\u00f3n a la expresi\u00f3n \u201csalarios m\u00ednimos vigentes\u201d, utilizada para calcular la multa aplicable en caso de violaci\u00f3n de las disposiciones contenidas en la Ley. En este sentido, considera dicha expresi\u00f3n \u201cvaga, imprecisa e indeterminada\u201d, ya que no se sabr\u00eda cu\u00e1l de los salarios m\u00ednimos tomar en consideraci\u00f3n para el c\u00e1lculo de la multa aplicable, puesto que el Comit\u00e9 Nacional de Salarios estableci\u00f3 diferentes niveles de salarios m\u00ednimos para el sector privado, y s\u00f3lo un nivel de salario m\u00ednimo para el sector p\u00fablico.<\/span><\/p>\n<p><span style=\"font-weight: 400;\">El Tribunal aclara que las multas que imponga un tribunal que conozca una demanda por violaci\u00f3n a la Ley de H\u00e1beas Data deber\u00e1n tener como base el salario m\u00ednimo del sector p\u00fablico.<\/span><\/p>\n<p><span style=\"font-weight: 400;\">En relaci\u00f3n a los <\/span><b>art\u00edculos 5.6c); 8 y 29<\/b><span style=\"font-weight: 400;\">, el Tribunal declar\u00f3 su conformidad a la Constituci\u00f3n.<\/span><\/p>\n<p><b>Legislador positivo<\/b><\/p>\n<p><span style=\"font-weight: 400;\">Con esta Sentencia interpretativa el Tribunal Constitucional se convierte en legislador positivo, ya que no se ha limitado a emitir un dictamen sobre los art\u00edculos en cuesti\u00f3n sino que los ha redactado de nuevo, para que sean conformes con la Carta Magna vigente. Por tanto, no ser\u00e1 necesario que la Ley de Habeas Data sea modificada por el Congreso Nacional para adaptar los art\u00edculos a la decisi\u00f3n del Tribunal.<\/span><\/p>\n<p><span style=\"font-weight: 400;\">La Sentencia cuenta con la aceptaci\u00f3n de los diferentes actores de la sociedad nacional, puesto que reafirma los derechos constitucionales de los ciudadanos, del respeto al honor y a la integridad, a poder acceder a sus datos personales registrados en los bancos de datos y por los organismos de seguridad, de manera que puedan reclamar, ya sea por la v\u00eda administrativa o judicial, la rectificaci\u00f3n de los mismos, y a que los jueces que tengan a su cargo expedientes con demandas por violaciones a la Ley de H\u00e1beas Data, puedan impartir justicia con una base clara.<\/span><\/p>\n","protected":false},"excerpt":{"rendered":"<p>La Ley n\u00famero 172-13, sobre Protecci\u00f3n de Datos de Car\u00e1cter Personal (Ley de H\u00e1beas Data), tiene por objeto la protecci\u00f3n integral de los datos personales asentados en archivos, registros p\u00fablicos, bancos de datos u otros medios t\u00e9cnicos de tratamiento de datos, destinados a dar informes, sean estos p\u00fablicos o privados. Esta Ley fue considerada inconstitucional [&hellip;]<\/p>\n","protected":false},"author":30,"featured_media":6748,"comment_status":"open","ping_status":"open","sticky":false,"template":"","format":"standard","meta":{"_acf_changed":false,"footnotes":""},"tags":[],"class_list":["post-6183","post","type-post","status-publish","format-standard","has-post-thumbnail","hentry","numero-9m","pais-republica-dominicana"],"acf":[],"yoast_head":"<!-- This site is optimized with the Yoast SEO plugin v26.8 - https:\/\/yoast.com\/product\/yoast-seo-wordpress\/ -->\n<title>Sentencia del Tribunal Constitucional sobre Ley de Protecci\u00f3n de Datos de Car\u00e1cter Personal<\/title>\n<meta name=\"description\" content=\"Sentencia del Tribunal Constitucional sobre Ley de Protecci\u00f3n de Datos de Car\u00e1cter Personal\" \/>\n<meta name=\"robots\" content=\"index, follow, max-snippet:-1, max-image-preview:large, max-video-preview:-1\" \/>\n<link rel=\"canonical\" href=\"https:\/\/www.fundacionmicrofinanzasbbva.org\/revistaprogreso\/sentencia-del-tribunal-constitucional-048416-sobre-ley-de-proteccion-de-datos-de-caracter-personal-ley-de-habeas-data\/\" \/>\n<meta property=\"og:locale\" content=\"es_ES\" \/>\n<meta property=\"og:type\" content=\"article\" \/>\n<meta property=\"og:title\" content=\"Sentencia del Tribunal Constitucional sobre Ley de Protecci\u00f3n de Datos de Car\u00e1cter Personal\" \/>\n<meta property=\"og:description\" content=\"Sentencia del Tribunal Constitucional sobre Ley de Protecci\u00f3n de Datos de Car\u00e1cter Personal\" \/>\n<meta property=\"og:url\" content=\"https:\/\/www.fundacionmicrofinanzasbbva.org\/revistaprogreso\/sentencia-del-tribunal-constitucional-048416-sobre-ley-de-proteccion-de-datos-de-caracter-personal-ley-de-habeas-data\/\" \/>\n<meta property=\"og:site_name\" content=\"Progreso\" \/>\n<meta property=\"article:publisher\" content=\"https:\/\/www.facebook.com\/fundacionmicrofinanzasbbva\" \/>\n<meta property=\"article:published_time\" content=\"2016-12-01T09:38:55+00:00\" \/>\n<meta property=\"article:modified_time\" content=\"2016-12-15T15:58:15+00:00\" \/>\n<meta property=\"og:image\" content=\"https:\/\/progresomicrofinanzas.org\/revistaprogreso\/wp-content\/uploads\/2016\/12\/data-protection.jpg\" \/>\n\t<meta property=\"og:image:width\" content=\"925\" \/>\n\t<meta property=\"og:image:height\" content=\"567\" \/>\n\t<meta property=\"og:image:type\" content=\"image\/jpeg\" \/>\n<meta name=\"author\" content=\"karessa Ramos\" \/>\n<meta name=\"twitter:card\" content=\"summary_large_image\" \/>\n<meta name=\"twitter:creator\" content=\"@FMBBVA\" \/>\n<meta name=\"twitter:site\" content=\"@FMBBVA\" \/>\n<meta name=\"twitter:label1\" content=\"Escrito por\" \/>\n\t<meta name=\"twitter:data1\" content=\"karessa Ramos\" \/>\n\t<meta name=\"twitter:label2\" content=\"Tiempo de lectura\" \/>\n\t<meta name=\"twitter:data2\" content=\"4 minutos\" \/>\n<script type=\"application\/ld+json\" class=\"yoast-schema-graph\">{\"@context\":\"https:\/\/schema.org\",\"@graph\":[{\"@type\":\"Article\",\"@id\":\"https:\/\/www.fundacionmicrofinanzasbbva.org\/revistaprogreso\/sentencia-del-tribunal-constitucional-048416-sobre-ley-de-proteccion-de-datos-de-caracter-personal-ley-de-habeas-data\/#article\",\"isPartOf\":{\"@id\":\"https:\/\/www.fundacionmicrofinanzasbbva.org\/revistaprogreso\/sentencia-del-tribunal-constitucional-048416-sobre-ley-de-proteccion-de-datos-de-caracter-personal-ley-de-habeas-data\/\"},\"author\":{\"name\":\"karessa Ramos\",\"@id\":\"https:\/\/www.fundacionmicrofinanzasbbva.org\/revistaprogreso\/#\/schema\/person\/4a3fe64f7988998aa5e22913c8147baf\"},\"headline\":\"Sentencia del Tribunal Constitucional sobre Ley de Protecci\u00f3n de Datos de Car\u00e1cter Personal\",\"datePublished\":\"2016-12-01T09:38:55+00:00\",\"dateModified\":\"2016-12-15T15:58:15+00:00\",\"mainEntityOfPage\":{\"@id\":\"https:\/\/www.fundacionmicrofinanzasbbva.org\/revistaprogreso\/sentencia-del-tribunal-constitucional-048416-sobre-ley-de-proteccion-de-datos-de-caracter-personal-ley-de-habeas-data\/\"},\"wordCount\":832,\"commentCount\":0,\"publisher\":{\"@id\":\"https:\/\/www.fundacionmicrofinanzasbbva.org\/revistaprogreso\/#organization\"},\"image\":{\"@id\":\"https:\/\/www.fundacionmicrofinanzasbbva.org\/revistaprogreso\/sentencia-del-tribunal-constitucional-048416-sobre-ley-de-proteccion-de-datos-de-caracter-personal-ley-de-habeas-data\/#primaryimage\"},\"thumbnailUrl\":\"https:\/\/www.fundacionmicrofinanzasbbva.org\/revistaprogreso\/wp-content\/uploads\/2016\/12\/data-protection.jpg\",\"inLanguage\":\"es\"},{\"@type\":\"WebPage\",\"@id\":\"https:\/\/www.fundacionmicrofinanzasbbva.org\/revistaprogreso\/sentencia-del-tribunal-constitucional-048416-sobre-ley-de-proteccion-de-datos-de-caracter-personal-ley-de-habeas-data\/\",\"url\":\"https:\/\/www.fundacionmicrofinanzasbbva.org\/revistaprogreso\/sentencia-del-tribunal-constitucional-048416-sobre-ley-de-proteccion-de-datos-de-caracter-personal-ley-de-habeas-data\/\",\"name\":\"Sentencia del Tribunal Constitucional sobre Ley de Protecci\u00f3n de Datos de Car\u00e1cter Personal\",\"isPartOf\":{\"@id\":\"https:\/\/www.fundacionmicrofinanzasbbva.org\/revistaprogreso\/#website\"},\"primaryImageOfPage\":{\"@id\":\"https:\/\/www.fundacionmicrofinanzasbbva.org\/revistaprogreso\/sentencia-del-tribunal-constitucional-048416-sobre-ley-de-proteccion-de-datos-de-caracter-personal-ley-de-habeas-data\/#primaryimage\"},\"image\":{\"@id\":\"https:\/\/www.fundacionmicrofinanzasbbva.org\/revistaprogreso\/sentencia-del-tribunal-constitucional-048416-sobre-ley-de-proteccion-de-datos-de-caracter-personal-ley-de-habeas-data\/#primaryimage\"},\"thumbnailUrl\":\"https:\/\/www.fundacionmicrofinanzasbbva.org\/revistaprogreso\/wp-content\/uploads\/2016\/12\/data-protection.jpg\",\"datePublished\":\"2016-12-01T09:38:55+00:00\",\"dateModified\":\"2016-12-15T15:58:15+00:00\",\"description\":\"Sentencia del Tribunal Constitucional sobre Ley de Protecci\u00f3n de Datos de Car\u00e1cter Personal\",\"breadcrumb\":{\"@id\":\"https:\/\/www.fundacionmicrofinanzasbbva.org\/revistaprogreso\/sentencia-del-tribunal-constitucional-048416-sobre-ley-de-proteccion-de-datos-de-caracter-personal-ley-de-habeas-data\/#breadcrumb\"},\"inLanguage\":\"es\",\"potentialAction\":[{\"@type\":\"ReadAction\",\"target\":[\"https:\/\/www.fundacionmicrofinanzasbbva.org\/revistaprogreso\/sentencia-del-tribunal-constitucional-048416-sobre-ley-de-proteccion-de-datos-de-caracter-personal-ley-de-habeas-data\/\"]}]},{\"@type\":\"ImageObject\",\"inLanguage\":\"es\",\"@id\":\"https:\/\/www.fundacionmicrofinanzasbbva.org\/revistaprogreso\/sentencia-del-tribunal-constitucional-048416-sobre-ley-de-proteccion-de-datos-de-caracter-personal-ley-de-habeas-data\/#primaryimage\",\"url\":\"https:\/\/www.fundacionmicrofinanzasbbva.org\/revistaprogreso\/wp-content\/uploads\/2016\/12\/data-protection.jpg\",\"contentUrl\":\"https:\/\/www.fundacionmicrofinanzasbbva.org\/revistaprogreso\/wp-content\/uploads\/2016\/12\/data-protection.jpg\",\"width\":925,\"height\":567},{\"@type\":\"BreadcrumbList\",\"@id\":\"https:\/\/www.fundacionmicrofinanzasbbva.org\/revistaprogreso\/sentencia-del-tribunal-constitucional-048416-sobre-ley-de-proteccion-de-datos-de-caracter-personal-ley-de-habeas-data\/#breadcrumb\",\"itemListElement\":[{\"@type\":\"ListItem\",\"position\":1,\"name\":\"Portada\",\"item\":\"https:\/\/www.fundacionmicrofinanzasbbva.org\/revistaprogreso\/\"},{\"@type\":\"ListItem\",\"position\":2,\"name\":\"Sentencia del Tribunal Constitucional sobre Ley de Protecci\u00f3n de Datos de Car\u00e1cter Personal\"}]},{\"@type\":\"WebSite\",\"@id\":\"https:\/\/www.fundacionmicrofinanzasbbva.org\/revistaprogreso\/#website\",\"url\":\"https:\/\/www.fundacionmicrofinanzasbbva.org\/revistaprogreso\/\",\"name\":\"Revista Progreso\",\"description\":\"Revista de Actualidad Jur\u00eddica\",\"publisher\":{\"@id\":\"https:\/\/www.fundacionmicrofinanzasbbva.org\/revistaprogreso\/#organization\"},\"alternateName\":\"Revista Progreso\",\"potentialAction\":[{\"@type\":\"SearchAction\",\"target\":{\"@type\":\"EntryPoint\",\"urlTemplate\":\"https:\/\/www.fundacionmicrofinanzasbbva.org\/revistaprogreso\/?s={search_term_string}\"},\"query-input\":{\"@type\":\"PropertyValueSpecification\",\"valueRequired\":true,\"valueName\":\"search_term_string\"}}],\"inLanguage\":\"es\"},{\"@type\":\"Organization\",\"@id\":\"https:\/\/www.fundacionmicrofinanzasbbva.org\/revistaprogreso\/#organization\",\"name\":\"Revista Progreso\",\"alternateName\":\"Revista Progreso\",\"url\":\"https:\/\/www.fundacionmicrofinanzasbbva.org\/revistaprogreso\/\",\"logo\":{\"@type\":\"ImageObject\",\"inLanguage\":\"es\",\"@id\":\"https:\/\/www.fundacionmicrofinanzasbbva.org\/revistaprogreso\/#\/schema\/logo\/image\/\",\"url\":\"https:\/\/www.fundacionmicrofinanzasbbva.org\/revistaprogreso\/wp-content\/uploads\/2023\/09\/Logo-FMBBVA-AZUL.png\",\"contentUrl\":\"https:\/\/www.fundacionmicrofinanzasbbva.org\/revistaprogreso\/wp-content\/uploads\/2023\/09\/Logo-FMBBVA-AZUL.png\",\"width\":6173,\"height\":1001,\"caption\":\"Revista Progreso\"},\"image\":{\"@id\":\"https:\/\/www.fundacionmicrofinanzasbbva.org\/revistaprogreso\/#\/schema\/logo\/image\/\"},\"sameAs\":[\"https:\/\/www.facebook.com\/fundacionmicrofinanzasbbva\",\"https:\/\/x.com\/FMBBVA\",\"https:\/\/www.linkedin.com\/company\/fundacin-microfinanzas-bbva\/\",\"https:\/\/www.instagram.com\/somosfmbbva\/\"]},{\"@type\":\"Person\",\"@id\":\"https:\/\/www.fundacionmicrofinanzasbbva.org\/revistaprogreso\/#\/schema\/person\/4a3fe64f7988998aa5e22913c8147baf\",\"name\":\"karessa Ramos\",\"image\":{\"@type\":\"ImageObject\",\"inLanguage\":\"es\",\"@id\":\"https:\/\/www.fundacionmicrofinanzasbbva.org\/revistaprogreso\/#\/schema\/person\/image\/\",\"url\":\"https:\/\/secure.gravatar.com\/avatar\/a2388109b4325a6fb9c892c3212e430cdc0835c8fc1c1a41f4cc2a3b175b81c5?s=96&d=mm&r=g\",\"contentUrl\":\"https:\/\/secure.gravatar.com\/avatar\/a2388109b4325a6fb9c892c3212e430cdc0835c8fc1c1a41f4cc2a3b175b81c5?s=96&d=mm&r=g\",\"caption\":\"karessa Ramos\"},\"url\":\"https:\/\/www.fundacionmicrofinanzasbbva.org\/revistaprogreso\/author\/karessa\/\"}]}<\/script>\n<!-- \/ Yoast SEO plugin. -->","yoast_head_json":{"title":"Sentencia del Tribunal Constitucional sobre Ley de Protecci\u00f3n de Datos de Car\u00e1cter Personal","description":"Sentencia del Tribunal Constitucional sobre Ley de Protecci\u00f3n de Datos de Car\u00e1cter Personal","robots":{"index":"index","follow":"follow","max-snippet":"max-snippet:-1","max-image-preview":"max-image-preview:large","max-video-preview":"max-video-preview:-1"},"canonical":"https:\/\/www.fundacionmicrofinanzasbbva.org\/revistaprogreso\/sentencia-del-tribunal-constitucional-048416-sobre-ley-de-proteccion-de-datos-de-caracter-personal-ley-de-habeas-data\/","og_locale":"es_ES","og_type":"article","og_title":"Sentencia del Tribunal Constitucional sobre Ley de Protecci\u00f3n de Datos de Car\u00e1cter Personal","og_description":"Sentencia del Tribunal Constitucional sobre Ley de Protecci\u00f3n de Datos de Car\u00e1cter Personal","og_url":"https:\/\/www.fundacionmicrofinanzasbbva.org\/revistaprogreso\/sentencia-del-tribunal-constitucional-048416-sobre-ley-de-proteccion-de-datos-de-caracter-personal-ley-de-habeas-data\/","og_site_name":"Progreso","article_publisher":"https:\/\/www.facebook.com\/fundacionmicrofinanzasbbva","article_published_time":"2016-12-01T09:38:55+00:00","article_modified_time":"2016-12-15T15:58:15+00:00","og_image":[{"width":925,"height":567,"url":"https:\/\/progresomicrofinanzas.org\/revistaprogreso\/wp-content\/uploads\/2016\/12\/data-protection.jpg","type":"image\/jpeg"}],"author":"karessa Ramos","twitter_card":"summary_large_image","twitter_creator":"@FMBBVA","twitter_site":"@FMBBVA","twitter_misc":{"Escrito por":"karessa Ramos","Tiempo de lectura":"4 minutos"},"schema":{"@context":"https:\/\/schema.org","@graph":[{"@type":"Article","@id":"https:\/\/www.fundacionmicrofinanzasbbva.org\/revistaprogreso\/sentencia-del-tribunal-constitucional-048416-sobre-ley-de-proteccion-de-datos-de-caracter-personal-ley-de-habeas-data\/#article","isPartOf":{"@id":"https:\/\/www.fundacionmicrofinanzasbbva.org\/revistaprogreso\/sentencia-del-tribunal-constitucional-048416-sobre-ley-de-proteccion-de-datos-de-caracter-personal-ley-de-habeas-data\/"},"author":{"name":"karessa Ramos","@id":"https:\/\/www.fundacionmicrofinanzasbbva.org\/revistaprogreso\/#\/schema\/person\/4a3fe64f7988998aa5e22913c8147baf"},"headline":"Sentencia del Tribunal Constitucional sobre Ley de Protecci\u00f3n de Datos de Car\u00e1cter Personal","datePublished":"2016-12-01T09:38:55+00:00","dateModified":"2016-12-15T15:58:15+00:00","mainEntityOfPage":{"@id":"https:\/\/www.fundacionmicrofinanzasbbva.org\/revistaprogreso\/sentencia-del-tribunal-constitucional-048416-sobre-ley-de-proteccion-de-datos-de-caracter-personal-ley-de-habeas-data\/"},"wordCount":832,"commentCount":0,"publisher":{"@id":"https:\/\/www.fundacionmicrofinanzasbbva.org\/revistaprogreso\/#organization"},"image":{"@id":"https:\/\/www.fundacionmicrofinanzasbbva.org\/revistaprogreso\/sentencia-del-tribunal-constitucional-048416-sobre-ley-de-proteccion-de-datos-de-caracter-personal-ley-de-habeas-data\/#primaryimage"},"thumbnailUrl":"https:\/\/www.fundacionmicrofinanzasbbva.org\/revistaprogreso\/wp-content\/uploads\/2016\/12\/data-protection.jpg","inLanguage":"es"},{"@type":"WebPage","@id":"https:\/\/www.fundacionmicrofinanzasbbva.org\/revistaprogreso\/sentencia-del-tribunal-constitucional-048416-sobre-ley-de-proteccion-de-datos-de-caracter-personal-ley-de-habeas-data\/","url":"https:\/\/www.fundacionmicrofinanzasbbva.org\/revistaprogreso\/sentencia-del-tribunal-constitucional-048416-sobre-ley-de-proteccion-de-datos-de-caracter-personal-ley-de-habeas-data\/","name":"Sentencia del Tribunal Constitucional sobre Ley de Protecci\u00f3n de Datos de Car\u00e1cter Personal","isPartOf":{"@id":"https:\/\/www.fundacionmicrofinanzasbbva.org\/revistaprogreso\/#website"},"primaryImageOfPage":{"@id":"https:\/\/www.fundacionmicrofinanzasbbva.org\/revistaprogreso\/sentencia-del-tribunal-constitucional-048416-sobre-ley-de-proteccion-de-datos-de-caracter-personal-ley-de-habeas-data\/#primaryimage"},"image":{"@id":"https:\/\/www.fundacionmicrofinanzasbbva.org\/revistaprogreso\/sentencia-del-tribunal-constitucional-048416-sobre-ley-de-proteccion-de-datos-de-caracter-personal-ley-de-habeas-data\/#primaryimage"},"thumbnailUrl":"https:\/\/www.fundacionmicrofinanzasbbva.org\/revistaprogreso\/wp-content\/uploads\/2016\/12\/data-protection.jpg","datePublished":"2016-12-01T09:38:55+00:00","dateModified":"2016-12-15T15:58:15+00:00","description":"Sentencia del Tribunal Constitucional sobre Ley de Protecci\u00f3n de Datos de Car\u00e1cter Personal","breadcrumb":{"@id":"https:\/\/www.fundacionmicrofinanzasbbva.org\/revistaprogreso\/sentencia-del-tribunal-constitucional-048416-sobre-ley-de-proteccion-de-datos-de-caracter-personal-ley-de-habeas-data\/#breadcrumb"},"inLanguage":"es","potentialAction":[{"@type":"ReadAction","target":["https:\/\/www.fundacionmicrofinanzasbbva.org\/revistaprogreso\/sentencia-del-tribunal-constitucional-048416-sobre-ley-de-proteccion-de-datos-de-caracter-personal-ley-de-habeas-data\/"]}]},{"@type":"ImageObject","inLanguage":"es","@id":"https:\/\/www.fundacionmicrofinanzasbbva.org\/revistaprogreso\/sentencia-del-tribunal-constitucional-048416-sobre-ley-de-proteccion-de-datos-de-caracter-personal-ley-de-habeas-data\/#primaryimage","url":"https:\/\/www.fundacionmicrofinanzasbbva.org\/revistaprogreso\/wp-content\/uploads\/2016\/12\/data-protection.jpg","contentUrl":"https:\/\/www.fundacionmicrofinanzasbbva.org\/revistaprogreso\/wp-content\/uploads\/2016\/12\/data-protection.jpg","width":925,"height":567},{"@type":"BreadcrumbList","@id":"https:\/\/www.fundacionmicrofinanzasbbva.org\/revistaprogreso\/sentencia-del-tribunal-constitucional-048416-sobre-ley-de-proteccion-de-datos-de-caracter-personal-ley-de-habeas-data\/#breadcrumb","itemListElement":[{"@type":"ListItem","position":1,"name":"Portada","item":"https:\/\/www.fundacionmicrofinanzasbbva.org\/revistaprogreso\/"},{"@type":"ListItem","position":2,"name":"Sentencia del Tribunal Constitucional sobre Ley de Protecci\u00f3n de Datos de Car\u00e1cter Personal"}]},{"@type":"WebSite","@id":"https:\/\/www.fundacionmicrofinanzasbbva.org\/revistaprogreso\/#website","url":"https:\/\/www.fundacionmicrofinanzasbbva.org\/revistaprogreso\/","name":"Revista Progreso","description":"Revista de Actualidad Jur\u00eddica","publisher":{"@id":"https:\/\/www.fundacionmicrofinanzasbbva.org\/revistaprogreso\/#organization"},"alternateName":"Revista Progreso","potentialAction":[{"@type":"SearchAction","target":{"@type":"EntryPoint","urlTemplate":"https:\/\/www.fundacionmicrofinanzasbbva.org\/revistaprogreso\/?s={search_term_string}"},"query-input":{"@type":"PropertyValueSpecification","valueRequired":true,"valueName":"search_term_string"}}],"inLanguage":"es"},{"@type":"Organization","@id":"https:\/\/www.fundacionmicrofinanzasbbva.org\/revistaprogreso\/#organization","name":"Revista Progreso","alternateName":"Revista Progreso","url":"https:\/\/www.fundacionmicrofinanzasbbva.org\/revistaprogreso\/","logo":{"@type":"ImageObject","inLanguage":"es","@id":"https:\/\/www.fundacionmicrofinanzasbbva.org\/revistaprogreso\/#\/schema\/logo\/image\/","url":"https:\/\/www.fundacionmicrofinanzasbbva.org\/revistaprogreso\/wp-content\/uploads\/2023\/09\/Logo-FMBBVA-AZUL.png","contentUrl":"https:\/\/www.fundacionmicrofinanzasbbva.org\/revistaprogreso\/wp-content\/uploads\/2023\/09\/Logo-FMBBVA-AZUL.png","width":6173,"height":1001,"caption":"Revista Progreso"},"image":{"@id":"https:\/\/www.fundacionmicrofinanzasbbva.org\/revistaprogreso\/#\/schema\/logo\/image\/"},"sameAs":["https:\/\/www.facebook.com\/fundacionmicrofinanzasbbva","https:\/\/x.com\/FMBBVA","https:\/\/www.linkedin.com\/company\/fundacin-microfinanzas-bbva\/","https:\/\/www.instagram.com\/somosfmbbva\/"]},{"@type":"Person","@id":"https:\/\/www.fundacionmicrofinanzasbbva.org\/revistaprogreso\/#\/schema\/person\/4a3fe64f7988998aa5e22913c8147baf","name":"karessa Ramos","image":{"@type":"ImageObject","inLanguage":"es","@id":"https:\/\/www.fundacionmicrofinanzasbbva.org\/revistaprogreso\/#\/schema\/person\/image\/","url":"https:\/\/secure.gravatar.com\/avatar\/a2388109b4325a6fb9c892c3212e430cdc0835c8fc1c1a41f4cc2a3b175b81c5?s=96&d=mm&r=g","contentUrl":"https:\/\/secure.gravatar.com\/avatar\/a2388109b4325a6fb9c892c3212e430cdc0835c8fc1c1a41f4cc2a3b175b81c5?s=96&d=mm&r=g","caption":"karessa Ramos"},"url":"https:\/\/www.fundacionmicrofinanzasbbva.org\/revistaprogreso\/author\/karessa\/"}]}},"_links":{"self":[{"href":"https:\/\/www.fundacionmicrofinanzasbbva.org\/revistaprogreso\/wp-json\/wp\/v2\/posts\/6183","targetHints":{"allow":["GET"]}}],"collection":[{"href":"https:\/\/www.fundacionmicrofinanzasbbva.org\/revistaprogreso\/wp-json\/wp\/v2\/posts"}],"about":[{"href":"https:\/\/www.fundacionmicrofinanzasbbva.org\/revistaprogreso\/wp-json\/wp\/v2\/types\/post"}],"author":[{"embeddable":true,"href":"https:\/\/www.fundacionmicrofinanzasbbva.org\/revistaprogreso\/wp-json\/wp\/v2\/users\/30"}],"replies":[{"embeddable":true,"href":"https:\/\/www.fundacionmicrofinanzasbbva.org\/revistaprogreso\/wp-json\/wp\/v2\/comments?post=6183"}],"version-history":[{"count":0,"href":"https:\/\/www.fundacionmicrofinanzasbbva.org\/revistaprogreso\/wp-json\/wp\/v2\/posts\/6183\/revisions"}],"wp:featuredmedia":[{"embeddable":true,"href":"https:\/\/www.fundacionmicrofinanzasbbva.org\/revistaprogreso\/wp-json\/wp\/v2\/media\/6748"}],"wp:attachment":[{"href":"https:\/\/www.fundacionmicrofinanzasbbva.org\/revistaprogreso\/wp-json\/wp\/v2\/media?parent=6183"}],"wp:term":[{"taxonomy":"post_tag","embeddable":true,"href":"https:\/\/www.fundacionmicrofinanzasbbva.org\/revistaprogreso\/wp-json\/wp\/v2\/tags?post=6183"}],"curies":[{"name":"wp","href":"https:\/\/api.w.org\/{rel}","templated":true}]}}