{"id":6088,"date":"2016-12-01T09:39:00","date_gmt":"2016-12-01T09:39:00","guid":{"rendered":"http:\/\/progresomicrofinanzas.org\/?p=6088"},"modified":"2017-11-29T12:46:18","modified_gmt":"2017-11-29T12:46:18","slug":"nuevo-proyecto-para-garantizar-la-proteccion-de-datos-personales","status":"publish","type":"post","link":"https:\/\/www.fundacionmicrofinanzasbbva.org\/revistaprogreso\/nuevo-proyecto-para-garantizar-la-proteccion-de-datos-personales\/","title":{"rendered":"Refuerzo de la protecci\u00f3n de datos personales"},"content":{"rendered":"<div class=\"pdfprnt-buttons pdfprnt-buttons-post pdfprnt-top-right\"><a href=\"https:\/\/www.fundacionmicrofinanzasbbva.org\/revistaprogreso\/wp-json\/wp\/v2\/posts\/6088?print=pdf\" class=\"pdfprnt-button pdfprnt-button-pdf\" target=\"_blank\" ><img decoding=\"async\" src=\"https:\/\/www.fundacionmicrofinanzasbbva.org\/revistaprogreso\/wp-content\/plugins\/pdf-print\/images\/pdf.png\" alt=\"image_pdf\" title=\"Ver PDF\" \/><\/a><a href=\"https:\/\/www.fundacionmicrofinanzasbbva.org\/revistaprogreso\/wp-json\/wp\/v2\/posts\/6088?print=print\" class=\"pdfprnt-button pdfprnt-button-print\" target=\"_blank\" ><img decoding=\"async\" src=\"https:\/\/www.fundacionmicrofinanzasbbva.org\/revistaprogreso\/wp-content\/plugins\/pdf-print\/images\/print.png\" alt=\"image_print\" title=\"Imprimir contenido\" \/><\/a><\/div><p><span style=\"font-weight: 400;\">El presente Proyecto surge en el marco del din\u00e1mico entorno de intercambio de informaci\u00f3n que las nuevas tecnolog\u00edas demandan. Es por ello que la respuesta de los ordenamientos jur\u00eddicos hace necesario reforzar la protecci\u00f3n de los datos personales de los ciudadanos y evitar as\u00ed que puedan ser utilizados con fines il\u00edcitos.<\/span><\/p>\n<p><span style=\"font-weight: 400;\">En este sentido, como ya lo hicieron pa\u00edses como<\/span><a href=\"http:\/\/progresomicrofinanzas.org\/tratamiento-internacional-de-datos-personales\/\"> <span style=\"font-weight: 400;\">Colombia<\/span><\/a><span style=\"font-weight: 400;\">,<\/span><a href=\"http:\/\/progresomicrofinanzas.org\/tratamiento-de-los-datos-personales-en-registros-publicos\/\"> <span style=\"font-weight: 400;\">Paraguay<\/span><\/a><span style=\"font-weight: 400;\">,<\/span><a href=\"http:\/\/progresomicrofinanzas.org\/proteccion-de-datos-personales\/\"> <span style=\"font-weight: 400;\">Rep\u00fablica Dominicana<\/span><\/a><span style=\"font-weight: 400;\">, o la<\/span><a href=\"http:\/\/progresomicrofinanzas.org\/nuevo-reglamento-europeo-proteccion-datos\/\"> <span style=\"font-weight: 400;\">Uni\u00f3n Europea<\/span><\/a><span style=\"font-weight: 400;\"> con la aprobaci\u00f3n del nuevo Reglamento de Protecci\u00f3n de Datos, Ecuador se suma a la iniciativa de garantizar el derecho de todas las personas a la intimidad y privacidad en el tratamiento de sus datos personales incluidos en bases de datos, ficheros, archivos f\u00edsicos o digitales, en entidades p\u00fablicas o privadas con fines exclusivamente financieros y mercantiles.<\/span><\/p>\n<p><span style=\"font-weight: 400;\">El Proyecto recoge un conjunto de principios generales que deben observarse en la creaci\u00f3n, administraci\u00f3n y manejo de bases de datos, ficheros, archivos f\u00edsicos o digitales, o cuando se tenga relaci\u00f3n con datos personales de terceros. Los principios son: legalidad, pertinencia, veracidad, consentimiento informado, confidencialidad y reserva.<\/span><\/p>\n<p><span style=\"font-weight: 400;\">De igual manera, reconoce ciertos derechos a las personas cuyos datos sean objeto de tratamiento, como los de conocer, actualizar o rectificar sus datos, ser informados del uso que se ha dado a sus datos, acceder de forma gratuita a sus datos, etc. Se contempla especial protecci\u00f3n a los derechos de los ni\u00f1os y adolescentes.<\/span><\/p>\n<p><span style=\"font-weight: 400;\">As\u00ed mismo, se establecen los deberes y obligaciones de aquellos responsables del tratamiento de datos personales y de las bases de datos.<\/span><\/p>\n<p><span style=\"font-weight: 400;\">El Proyecto designa a la Autoridad Nacional de Protecci\u00f3n de Datos Personales como el \u00f3rgano encargado de la vigilancia y control de dicha informaci\u00f3n, concedi\u00e9ndole ciertas atribuciones para garantizar que, en el tratamiento de los datos personales, se respeten en todo momento los principios, derechos, garant\u00edas y procedimientos legalmente previstos.<\/span><\/p>\n<p><span style=\"font-weight: 400;\">Este organismo deber\u00e1 crear el Registro Nacional de Bases de Datos en el plazo m\u00e1ximo de ciento ochenta (180) d\u00edas desde la publicaci\u00f3n de la Ley, en el que se deber\u00e1n inscribir todas las bases de datos, ficheros o archivos, de instancias p\u00fablicas y de empresas e instituciones privadas con fines exclusivamente financieros y mercantiles.<\/span><\/p>\n<p><span style=\"font-weight: 400;\">Adem\u00e1s, el Proyecto proh\u00edbe la transferencia internacional de datos personales de cualquier tipo, a pa\u00edses u organismos internacionales que no proporcionen niveles de protecci\u00f3n de datos acordes a las normas propias del pa\u00eds o a las establecidas en el derecho internacional.<\/span><\/p>\n<p><span style=\"font-weight: 400;\">Por \u00faltimo, incluye una clasificaci\u00f3n de las infracciones (leves y graves) y sanciones que se impondr\u00e1n a quienes incumplan los deberes y obligaciones recogidos en la Ley, y que ser\u00e1n determinados por la Autoridad Nacional de Datos Personales en funci\u00f3n de la gravedad del incumplimiento y de los perjuicios derivados del mismo.<\/span><\/p>\n<p><span style=\"font-weight: 400;\">Se prev\u00e9 en la Ley la elaboraci\u00f3n de un Reglamento para su aplicaci\u00f3n, en el plazo de 90 d\u00edas desde su publicaci\u00f3n.<\/span><\/p>\n<p>&nbsp;<\/p>\n<p>&nbsp;<\/p>\n<p>&nbsp;<\/p>\n","protected":false},"excerpt":{"rendered":"<p>El presente Proyecto surge en el marco del din\u00e1mico entorno de intercambio de informaci\u00f3n que las nuevas tecnolog\u00edas demandan. Es por ello que la respuesta de los ordenamientos jur\u00eddicos hace necesario reforzar la protecci\u00f3n de los datos personales de los ciudadanos y evitar as\u00ed que puedan ser utilizados con fines il\u00edcitos. En este sentido, como [&hellip;]<\/p>\n","protected":false},"author":30,"featured_media":6091,"comment_status":"open","ping_status":"open","sticky":false,"template":"","format":"standard","meta":{"_acf_changed":false,"footnotes":""},"tags":[115,116,1554,1555,304,1559,1558,1036,1553,1550,1551,1386,1556,1552,1560,1557],"class_list":["post-6088","post","type-post","status-publish","format-standard","has-post-thumbnail","hentry","tag-datos-personales","tag-transferencia-internacional","tag-archivos","tag-autoridad-nacional-de-proteccion-de-datos","tag-bases-de-datos","tag-confidencialidad","tag-consentimiento-informado","tag-ecuador","tag-ficheros","tag-informacion-personal","tag-intimidad","tag-legalidad","tag-pertinencia","tag-privacidad","tag-reserva","tag-veracidad","numero-9m","seccion-legislacion-normas-publicadas-gobierno-corporativo","pais-ecuador"],"acf":[],"yoast_head":"<!-- This site is optimized with the Yoast SEO plugin v27.4 - https:\/\/yoast.com\/product\/yoast-seo-wordpress\/ -->\n<title>Refuerzo de la protecci\u00f3n de datos personales<\/title>\n<meta name=\"description\" content=\"Ecuador publica un Proyecto de Ley para garantizar el derecho de todas las personas a la intimidad y privacidad en el tratamiento de sus datos personales.\" \/>\n<meta name=\"robots\" content=\"index, follow, max-snippet:-1, max-image-preview:large, max-video-preview:-1\" \/>\n<link rel=\"canonical\" href=\"https:\/\/www.fundacionmicrofinanzasbbva.org\/revistaprogreso\/nuevo-proyecto-para-garantizar-la-proteccion-de-datos-personales\/\" \/>\n<meta property=\"og:locale\" content=\"es_ES\" \/>\n<meta property=\"og:type\" content=\"article\" \/>\n<meta property=\"og:title\" content=\"Refuerzo de la protecci\u00f3n de datos personales\" \/>\n<meta property=\"og:description\" content=\"Ecuador publica un Proyecto de Ley para garantizar el derecho de todas las personas a la intimidad y privacidad en el tratamiento de sus datos personales.\" \/>\n<meta property=\"og:url\" content=\"https:\/\/www.fundacionmicrofinanzasbbva.org\/revistaprogreso\/nuevo-proyecto-para-garantizar-la-proteccion-de-datos-personales\/\" \/>\n<meta property=\"og:site_name\" content=\"Progreso\" \/>\n<meta property=\"article:publisher\" content=\"https:\/\/www.facebook.com\/fundacionmicrofinanzasbbva\" \/>\n<meta property=\"article:published_time\" content=\"2016-12-01T09:39:00+00:00\" \/>\n<meta property=\"article:modified_time\" content=\"2017-11-29T12:46:18+00:00\" \/>\n<meta property=\"og:image\" content=\"https:\/\/www.fundacionmicrofinanzasbbva.org\/revistaprogreso\/wp-content\/uploads\/2016\/10\/ecuador.jpg\" \/>\n\t<meta property=\"og:image:width\" content=\"925\" \/>\n\t<meta property=\"og:image:height\" content=\"800\" \/>\n\t<meta property=\"og:image:type\" content=\"image\/jpeg\" \/>\n<meta name=\"author\" content=\"karessa Ramos\" \/>\n<meta name=\"twitter:card\" content=\"summary_large_image\" \/>\n<meta name=\"twitter:creator\" content=\"@FMBBVA\" \/>\n<meta name=\"twitter:site\" content=\"@FMBBVA\" \/>\n<meta name=\"twitter:label1\" content=\"Escrito por\" \/>\n\t<meta name=\"twitter:data1\" content=\"karessa Ramos\" \/>\n\t<meta name=\"twitter:label2\" content=\"Tiempo de lectura\" \/>\n\t<meta name=\"twitter:data2\" content=\"3 minutos\" \/>\n<script type=\"application\/ld+json\" class=\"yoast-schema-graph\">{\"@context\":\"https:\\\/\\\/schema.org\",\"@graph\":[{\"@type\":\"Article\",\"@id\":\"https:\\\/\\\/www.fundacionmicrofinanzasbbva.org\\\/revistaprogreso\\\/nuevo-proyecto-para-garantizar-la-proteccion-de-datos-personales\\\/#article\",\"isPartOf\":{\"@id\":\"https:\\\/\\\/www.fundacionmicrofinanzasbbva.org\\\/revistaprogreso\\\/nuevo-proyecto-para-garantizar-la-proteccion-de-datos-personales\\\/\"},\"author\":{\"name\":\"karessa Ramos\",\"@id\":\"https:\\\/\\\/34.249.117.129\\\/revistaprogreso\\\/#\\\/schema\\\/person\\\/4a3fe64f7988998aa5e22913c8147baf\"},\"headline\":\"Refuerzo de la protecci\u00f3n de datos personales\",\"datePublished\":\"2016-12-01T09:39:00+00:00\",\"dateModified\":\"2017-11-29T12:46:18+00:00\",\"mainEntityOfPage\":{\"@id\":\"https:\\\/\\\/www.fundacionmicrofinanzasbbva.org\\\/revistaprogreso\\\/nuevo-proyecto-para-garantizar-la-proteccion-de-datos-personales\\\/\"},\"wordCount\":519,\"commentCount\":0,\"publisher\":{\"@id\":\"https:\\\/\\\/34.249.117.129\\\/revistaprogreso\\\/#organization\"},\"image\":{\"@id\":\"https:\\\/\\\/www.fundacionmicrofinanzasbbva.org\\\/revistaprogreso\\\/nuevo-proyecto-para-garantizar-la-proteccion-de-datos-personales\\\/#primaryimage\"},\"thumbnailUrl\":\"https:\\\/\\\/www.fundacionmicrofinanzasbbva.org\\\/revistaprogreso\\\/wp-content\\\/uploads\\\/2016\\\/10\\\/ecuador.jpg\",\"keywords\":[\"#datos personales\",\"#transferencia internacional\",\"archivos\",\"Autoridad Nacional de Protecci\u00f3n de Datos\",\"bases de datos\",\"confidencialidad\",\"consentimiento informado\",\"Ecuador\",\"ficheros\",\"informaci\u00f3n personal\",\"intimidad\",\"legalidad\",\"pertinencia\",\"privacidad\",\"reserva\",\"veracidad\"],\"inLanguage\":\"es\"},{\"@type\":\"WebPage\",\"@id\":\"https:\\\/\\\/www.fundacionmicrofinanzasbbva.org\\\/revistaprogreso\\\/nuevo-proyecto-para-garantizar-la-proteccion-de-datos-personales\\\/\",\"url\":\"https:\\\/\\\/www.fundacionmicrofinanzasbbva.org\\\/revistaprogreso\\\/nuevo-proyecto-para-garantizar-la-proteccion-de-datos-personales\\\/\",\"name\":\"Refuerzo de la protecci\u00f3n de datos personales\",\"isPartOf\":{\"@id\":\"https:\\\/\\\/34.249.117.129\\\/revistaprogreso\\\/#website\"},\"primaryImageOfPage\":{\"@id\":\"https:\\\/\\\/www.fundacionmicrofinanzasbbva.org\\\/revistaprogreso\\\/nuevo-proyecto-para-garantizar-la-proteccion-de-datos-personales\\\/#primaryimage\"},\"image\":{\"@id\":\"https:\\\/\\\/www.fundacionmicrofinanzasbbva.org\\\/revistaprogreso\\\/nuevo-proyecto-para-garantizar-la-proteccion-de-datos-personales\\\/#primaryimage\"},\"thumbnailUrl\":\"https:\\\/\\\/www.fundacionmicrofinanzasbbva.org\\\/revistaprogreso\\\/wp-content\\\/uploads\\\/2016\\\/10\\\/ecuador.jpg\",\"datePublished\":\"2016-12-01T09:39:00+00:00\",\"dateModified\":\"2017-11-29T12:46:18+00:00\",\"description\":\"Ecuador publica un Proyecto de Ley para garantizar el derecho de todas las personas a la intimidad y privacidad en el tratamiento de sus datos personales.\",\"breadcrumb\":{\"@id\":\"https:\\\/\\\/www.fundacionmicrofinanzasbbva.org\\\/revistaprogreso\\\/nuevo-proyecto-para-garantizar-la-proteccion-de-datos-personales\\\/#breadcrumb\"},\"inLanguage\":\"es\",\"potentialAction\":[{\"@type\":\"ReadAction\",\"target\":[\"https:\\\/\\\/www.fundacionmicrofinanzasbbva.org\\\/revistaprogreso\\\/nuevo-proyecto-para-garantizar-la-proteccion-de-datos-personales\\\/\"]}]},{\"@type\":\"ImageObject\",\"inLanguage\":\"es\",\"@id\":\"https:\\\/\\\/www.fundacionmicrofinanzasbbva.org\\\/revistaprogreso\\\/nuevo-proyecto-para-garantizar-la-proteccion-de-datos-personales\\\/#primaryimage\",\"url\":\"https:\\\/\\\/www.fundacionmicrofinanzasbbva.org\\\/revistaprogreso\\\/wp-content\\\/uploads\\\/2016\\\/10\\\/ecuador.jpg\",\"contentUrl\":\"https:\\\/\\\/www.fundacionmicrofinanzasbbva.org\\\/revistaprogreso\\\/wp-content\\\/uploads\\\/2016\\\/10\\\/ecuador.jpg\",\"width\":925,\"height\":800},{\"@type\":\"BreadcrumbList\",\"@id\":\"https:\\\/\\\/www.fundacionmicrofinanzasbbva.org\\\/revistaprogreso\\\/nuevo-proyecto-para-garantizar-la-proteccion-de-datos-personales\\\/#breadcrumb\",\"itemListElement\":[{\"@type\":\"ListItem\",\"position\":1,\"name\":\"Portada\",\"item\":\"https:\\\/\\\/34.249.117.129\\\/revistaprogreso\\\/\"},{\"@type\":\"ListItem\",\"position\":2,\"name\":\"Refuerzo de la protecci\u00f3n de datos personales\"}]},{\"@type\":\"WebSite\",\"@id\":\"https:\\\/\\\/34.249.117.129\\\/revistaprogreso\\\/#website\",\"url\":\"https:\\\/\\\/34.249.117.129\\\/revistaprogreso\\\/\",\"name\":\"Revista Progreso\",\"description\":\"Revista de Actualidad Jur\u00eddica\",\"publisher\":{\"@id\":\"https:\\\/\\\/34.249.117.129\\\/revistaprogreso\\\/#organization\"},\"alternateName\":\"Revista Progreso\",\"potentialAction\":[{\"@type\":\"SearchAction\",\"target\":{\"@type\":\"EntryPoint\",\"urlTemplate\":\"https:\\\/\\\/34.249.117.129\\\/revistaprogreso\\\/?s={search_term_string}\"},\"query-input\":{\"@type\":\"PropertyValueSpecification\",\"valueRequired\":true,\"valueName\":\"search_term_string\"}}],\"inLanguage\":\"es\"},{\"@type\":\"Organization\",\"@id\":\"https:\\\/\\\/34.249.117.129\\\/revistaprogreso\\\/#organization\",\"name\":\"Revista Progreso\",\"alternateName\":\"Revista Progreso\",\"url\":\"https:\\\/\\\/34.249.117.129\\\/revistaprogreso\\\/\",\"logo\":{\"@type\":\"ImageObject\",\"inLanguage\":\"es\",\"@id\":\"https:\\\/\\\/34.249.117.129\\\/revistaprogreso\\\/#\\\/schema\\\/logo\\\/image\\\/\",\"url\":\"https:\\\/\\\/www.fundacionmicrofinanzasbbva.org\\\/revistaprogreso\\\/wp-content\\\/uploads\\\/2023\\\/09\\\/Logo-FMBBVA-AZUL.png\",\"contentUrl\":\"https:\\\/\\\/www.fundacionmicrofinanzasbbva.org\\\/revistaprogreso\\\/wp-content\\\/uploads\\\/2023\\\/09\\\/Logo-FMBBVA-AZUL.png\",\"width\":6173,\"height\":1001,\"caption\":\"Revista Progreso\"},\"image\":{\"@id\":\"https:\\\/\\\/34.249.117.129\\\/revistaprogreso\\\/#\\\/schema\\\/logo\\\/image\\\/\"},\"sameAs\":[\"https:\\\/\\\/www.facebook.com\\\/fundacionmicrofinanzasbbva\",\"https:\\\/\\\/x.com\\\/FMBBVA\",\"https:\\\/\\\/www.linkedin.com\\\/company\\\/fundacin-microfinanzas-bbva\\\/\",\"https:\\\/\\\/www.instagram.com\\\/somosfmbbva\\\/\"]},{\"@type\":\"Person\",\"@id\":\"https:\\\/\\\/34.249.117.129\\\/revistaprogreso\\\/#\\\/schema\\\/person\\\/4a3fe64f7988998aa5e22913c8147baf\",\"name\":\"karessa Ramos\",\"image\":{\"@type\":\"ImageObject\",\"inLanguage\":\"es\",\"@id\":\"https:\\\/\\\/secure.gravatar.com\\\/avatar\\\/a2388109b4325a6fb9c892c3212e430cdc0835c8fc1c1a41f4cc2a3b175b81c5?s=96&d=mm&r=g\",\"url\":\"https:\\\/\\\/secure.gravatar.com\\\/avatar\\\/a2388109b4325a6fb9c892c3212e430cdc0835c8fc1c1a41f4cc2a3b175b81c5?s=96&d=mm&r=g\",\"contentUrl\":\"https:\\\/\\\/secure.gravatar.com\\\/avatar\\\/a2388109b4325a6fb9c892c3212e430cdc0835c8fc1c1a41f4cc2a3b175b81c5?s=96&d=mm&r=g\",\"caption\":\"karessa Ramos\"},\"url\":\"https:\\\/\\\/www.fundacionmicrofinanzasbbva.org\\\/revistaprogreso\\\/author\\\/karessa\\\/\"}]}<\/script>\n<!-- \/ Yoast SEO plugin. -->","yoast_head_json":{"title":"Refuerzo de la protecci\u00f3n de datos personales","description":"Ecuador publica un Proyecto de Ley para garantizar el derecho de todas las personas a la intimidad y privacidad en el tratamiento de sus datos personales.","robots":{"index":"index","follow":"follow","max-snippet":"max-snippet:-1","max-image-preview":"max-image-preview:large","max-video-preview":"max-video-preview:-1"},"canonical":"https:\/\/www.fundacionmicrofinanzasbbva.org\/revistaprogreso\/nuevo-proyecto-para-garantizar-la-proteccion-de-datos-personales\/","og_locale":"es_ES","og_type":"article","og_title":"Refuerzo de la protecci\u00f3n de datos personales","og_description":"Ecuador publica un Proyecto de Ley para garantizar el derecho de todas las personas a la intimidad y privacidad en el tratamiento de sus datos personales.","og_url":"https:\/\/www.fundacionmicrofinanzasbbva.org\/revistaprogreso\/nuevo-proyecto-para-garantizar-la-proteccion-de-datos-personales\/","og_site_name":"Progreso","article_publisher":"https:\/\/www.facebook.com\/fundacionmicrofinanzasbbva","article_published_time":"2016-12-01T09:39:00+00:00","article_modified_time":"2017-11-29T12:46:18+00:00","og_image":[{"width":925,"height":800,"url":"https:\/\/www.fundacionmicrofinanzasbbva.org\/revistaprogreso\/wp-content\/uploads\/2016\/10\/ecuador.jpg","type":"image\/jpeg"}],"author":"karessa Ramos","twitter_card":"summary_large_image","twitter_creator":"@FMBBVA","twitter_site":"@FMBBVA","twitter_misc":{"Escrito por":"karessa Ramos","Tiempo de lectura":"3 minutos"},"schema":{"@context":"https:\/\/schema.org","@graph":[{"@type":"Article","@id":"https:\/\/www.fundacionmicrofinanzasbbva.org\/revistaprogreso\/nuevo-proyecto-para-garantizar-la-proteccion-de-datos-personales\/#article","isPartOf":{"@id":"https:\/\/www.fundacionmicrofinanzasbbva.org\/revistaprogreso\/nuevo-proyecto-para-garantizar-la-proteccion-de-datos-personales\/"},"author":{"name":"karessa Ramos","@id":"https:\/\/34.249.117.129\/revistaprogreso\/#\/schema\/person\/4a3fe64f7988998aa5e22913c8147baf"},"headline":"Refuerzo de la protecci\u00f3n de datos personales","datePublished":"2016-12-01T09:39:00+00:00","dateModified":"2017-11-29T12:46:18+00:00","mainEntityOfPage":{"@id":"https:\/\/www.fundacionmicrofinanzasbbva.org\/revistaprogreso\/nuevo-proyecto-para-garantizar-la-proteccion-de-datos-personales\/"},"wordCount":519,"commentCount":0,"publisher":{"@id":"https:\/\/34.249.117.129\/revistaprogreso\/#organization"},"image":{"@id":"https:\/\/www.fundacionmicrofinanzasbbva.org\/revistaprogreso\/nuevo-proyecto-para-garantizar-la-proteccion-de-datos-personales\/#primaryimage"},"thumbnailUrl":"https:\/\/www.fundacionmicrofinanzasbbva.org\/revistaprogreso\/wp-content\/uploads\/2016\/10\/ecuador.jpg","keywords":["#datos personales","#transferencia internacional","archivos","Autoridad Nacional de Protecci\u00f3n de Datos","bases de datos","confidencialidad","consentimiento informado","Ecuador","ficheros","informaci\u00f3n personal","intimidad","legalidad","pertinencia","privacidad","reserva","veracidad"],"inLanguage":"es"},{"@type":"WebPage","@id":"https:\/\/www.fundacionmicrofinanzasbbva.org\/revistaprogreso\/nuevo-proyecto-para-garantizar-la-proteccion-de-datos-personales\/","url":"https:\/\/www.fundacionmicrofinanzasbbva.org\/revistaprogreso\/nuevo-proyecto-para-garantizar-la-proteccion-de-datos-personales\/","name":"Refuerzo de la protecci\u00f3n de datos personales","isPartOf":{"@id":"https:\/\/34.249.117.129\/revistaprogreso\/#website"},"primaryImageOfPage":{"@id":"https:\/\/www.fundacionmicrofinanzasbbva.org\/revistaprogreso\/nuevo-proyecto-para-garantizar-la-proteccion-de-datos-personales\/#primaryimage"},"image":{"@id":"https:\/\/www.fundacionmicrofinanzasbbva.org\/revistaprogreso\/nuevo-proyecto-para-garantizar-la-proteccion-de-datos-personales\/#primaryimage"},"thumbnailUrl":"https:\/\/www.fundacionmicrofinanzasbbva.org\/revistaprogreso\/wp-content\/uploads\/2016\/10\/ecuador.jpg","datePublished":"2016-12-01T09:39:00+00:00","dateModified":"2017-11-29T12:46:18+00:00","description":"Ecuador publica un Proyecto de Ley para garantizar el derecho de todas las personas a la intimidad y privacidad en el tratamiento de sus datos personales.","breadcrumb":{"@id":"https:\/\/www.fundacionmicrofinanzasbbva.org\/revistaprogreso\/nuevo-proyecto-para-garantizar-la-proteccion-de-datos-personales\/#breadcrumb"},"inLanguage":"es","potentialAction":[{"@type":"ReadAction","target":["https:\/\/www.fundacionmicrofinanzasbbva.org\/revistaprogreso\/nuevo-proyecto-para-garantizar-la-proteccion-de-datos-personales\/"]}]},{"@type":"ImageObject","inLanguage":"es","@id":"https:\/\/www.fundacionmicrofinanzasbbva.org\/revistaprogreso\/nuevo-proyecto-para-garantizar-la-proteccion-de-datos-personales\/#primaryimage","url":"https:\/\/www.fundacionmicrofinanzasbbva.org\/revistaprogreso\/wp-content\/uploads\/2016\/10\/ecuador.jpg","contentUrl":"https:\/\/www.fundacionmicrofinanzasbbva.org\/revistaprogreso\/wp-content\/uploads\/2016\/10\/ecuador.jpg","width":925,"height":800},{"@type":"BreadcrumbList","@id":"https:\/\/www.fundacionmicrofinanzasbbva.org\/revistaprogreso\/nuevo-proyecto-para-garantizar-la-proteccion-de-datos-personales\/#breadcrumb","itemListElement":[{"@type":"ListItem","position":1,"name":"Portada","item":"https:\/\/34.249.117.129\/revistaprogreso\/"},{"@type":"ListItem","position":2,"name":"Refuerzo de la protecci\u00f3n de datos personales"}]},{"@type":"WebSite","@id":"https:\/\/34.249.117.129\/revistaprogreso\/#website","url":"https:\/\/34.249.117.129\/revistaprogreso\/","name":"Revista Progreso","description":"Revista de Actualidad Jur\u00eddica","publisher":{"@id":"https:\/\/34.249.117.129\/revistaprogreso\/#organization"},"alternateName":"Revista Progreso","potentialAction":[{"@type":"SearchAction","target":{"@type":"EntryPoint","urlTemplate":"https:\/\/34.249.117.129\/revistaprogreso\/?s={search_term_string}"},"query-input":{"@type":"PropertyValueSpecification","valueRequired":true,"valueName":"search_term_string"}}],"inLanguage":"es"},{"@type":"Organization","@id":"https:\/\/34.249.117.129\/revistaprogreso\/#organization","name":"Revista Progreso","alternateName":"Revista Progreso","url":"https:\/\/34.249.117.129\/revistaprogreso\/","logo":{"@type":"ImageObject","inLanguage":"es","@id":"https:\/\/34.249.117.129\/revistaprogreso\/#\/schema\/logo\/image\/","url":"https:\/\/www.fundacionmicrofinanzasbbva.org\/revistaprogreso\/wp-content\/uploads\/2023\/09\/Logo-FMBBVA-AZUL.png","contentUrl":"https:\/\/www.fundacionmicrofinanzasbbva.org\/revistaprogreso\/wp-content\/uploads\/2023\/09\/Logo-FMBBVA-AZUL.png","width":6173,"height":1001,"caption":"Revista Progreso"},"image":{"@id":"https:\/\/34.249.117.129\/revistaprogreso\/#\/schema\/logo\/image\/"},"sameAs":["https:\/\/www.facebook.com\/fundacionmicrofinanzasbbva","https:\/\/x.com\/FMBBVA","https:\/\/www.linkedin.com\/company\/fundacin-microfinanzas-bbva\/","https:\/\/www.instagram.com\/somosfmbbva\/"]},{"@type":"Person","@id":"https:\/\/34.249.117.129\/revistaprogreso\/#\/schema\/person\/4a3fe64f7988998aa5e22913c8147baf","name":"karessa Ramos","image":{"@type":"ImageObject","inLanguage":"es","@id":"https:\/\/secure.gravatar.com\/avatar\/a2388109b4325a6fb9c892c3212e430cdc0835c8fc1c1a41f4cc2a3b175b81c5?s=96&d=mm&r=g","url":"https:\/\/secure.gravatar.com\/avatar\/a2388109b4325a6fb9c892c3212e430cdc0835c8fc1c1a41f4cc2a3b175b81c5?s=96&d=mm&r=g","contentUrl":"https:\/\/secure.gravatar.com\/avatar\/a2388109b4325a6fb9c892c3212e430cdc0835c8fc1c1a41f4cc2a3b175b81c5?s=96&d=mm&r=g","caption":"karessa Ramos"},"url":"https:\/\/www.fundacionmicrofinanzasbbva.org\/revistaprogreso\/author\/karessa\/"}]}},"_links":{"self":[{"href":"https:\/\/www.fundacionmicrofinanzasbbva.org\/revistaprogreso\/wp-json\/wp\/v2\/posts\/6088","targetHints":{"allow":["GET"]}}],"collection":[{"href":"https:\/\/www.fundacionmicrofinanzasbbva.org\/revistaprogreso\/wp-json\/wp\/v2\/posts"}],"about":[{"href":"https:\/\/www.fundacionmicrofinanzasbbva.org\/revistaprogreso\/wp-json\/wp\/v2\/types\/post"}],"author":[{"embeddable":true,"href":"https:\/\/www.fundacionmicrofinanzasbbva.org\/revistaprogreso\/wp-json\/wp\/v2\/users\/30"}],"replies":[{"embeddable":true,"href":"https:\/\/www.fundacionmicrofinanzasbbva.org\/revistaprogreso\/wp-json\/wp\/v2\/comments?post=6088"}],"version-history":[{"count":0,"href":"https:\/\/www.fundacionmicrofinanzasbbva.org\/revistaprogreso\/wp-json\/wp\/v2\/posts\/6088\/revisions"}],"wp:featuredmedia":[{"embeddable":true,"href":"https:\/\/www.fundacionmicrofinanzasbbva.org\/revistaprogreso\/wp-json\/wp\/v2\/media\/6091"}],"wp:attachment":[{"href":"https:\/\/www.fundacionmicrofinanzasbbva.org\/revistaprogreso\/wp-json\/wp\/v2\/media?parent=6088"}],"wp:term":[{"taxonomy":"post_tag","embeddable":true,"href":"https:\/\/www.fundacionmicrofinanzasbbva.org\/revistaprogreso\/wp-json\/wp\/v2\/tags?post=6088"}],"curies":[{"name":"wp","href":"https:\/\/api.w.org\/{rel}","templated":true}]}}