{"id":6070,"date":"2016-12-01T09:39:01","date_gmt":"2016-12-01T09:39:01","guid":{"rendered":"http:\/\/progresomicrofinanzas.org\/?p=6070"},"modified":"2017-12-19T10:21:10","modified_gmt":"2017-12-19T10:21:10","slug":"jordi-roca","status":"publish","type":"post","link":"https:\/\/www.fundacionmicrofinanzasbbva.org\/revistaprogreso\/jordi-roca\/","title":{"rendered":"Jordi Roca, Premio Nacional de Gastronom\u00eda"},"content":{"rendered":"<div class=\"pdfprnt-buttons pdfprnt-buttons-post pdfprnt-top-right\"><a href=\"https:\/\/www.fundacionmicrofinanzasbbva.org\/revistaprogreso\/wp-json\/wp\/v2\/posts\/6070?print=pdf\" class=\"pdfprnt-button pdfprnt-button-pdf\" target=\"_blank\"><img decoding=\"async\" src=\"https:\/\/www.fundacionmicrofinanzasbbva.org\/revistaprogreso\/wp-content\/plugins\/pdf-print\/images\/pdf.png\" alt=\"image_pdf\" title=\"Ver PDF\" \/><\/a><a href=\"https:\/\/www.fundacionmicrofinanzasbbva.org\/revistaprogreso\/wp-json\/wp\/v2\/posts\/6070?print=print\" class=\"pdfprnt-button pdfprnt-button-print\" target=\"_blank\"><img decoding=\"async\" src=\"https:\/\/www.fundacionmicrofinanzasbbva.org\/revistaprogreso\/wp-content\/plugins\/pdf-print\/images\/print.png\" alt=\"image_print\" title=\"Imprimir contenido\" \/><\/a><\/div><div id=\"attachment_6298\" style=\"width: 228px\" class=\"wp-caption article__img article__img--right lightgallery lightgallery--image article__img alignright\"><img loading=\"lazy\" decoding=\"async\" aria-describedby=\"caption-attachment-6298\" class=\" wp-image-6298\" src=\"http:\/\/progresomicrofinanzas.org\/wp-content\/uploads\/2016\/11\/jordi-roca.jpg\" alt=\"Jordi Roca\" width=\"218\" height=\"300\" \/><p id=\"caption-attachment-6298\" class=\"wp-caption article__img article__img--right lightgallery lightgallery--image article__img-text\"><em>Jordi Roca<\/em><\/p><\/div>\n<p><span style=\"font-weight: 400;\">Jordi, Joan y Josep Roca son propietarios de \u201cEl Celler de Can Roca\u201d en Gerona, y Premio Nacional de Gastronom\u00eda de Espa\u00f1a. Su restaurante ha sido reconocido por la revista inglesa Restaurant Magazine como uno de los mejores del mundo.<\/span><\/p>\n<p><span style=\"font-weight: 400;\">En enero de 2016 los hermanos Roca han sido nombrados Embajadores de Buena\u00a0<\/span><span style=\"font-weight: 400;\">Voluntad del Programa de Naciones Unidas para el Desarrollo (PNUD) para trabajar en estrecha colaboraci\u00f3n con el Fondo para los Objetivos de Desarrollo Sostenible (Fondo\u00a0<\/span><span style=\"font-weight: 400;\">ODS). Promover\u00e1n el apoyo a esos objetivos, acordados por los l\u00edderes mundiales para lograr un futuro en 2030 donde el hambre, el desempleo, la desigualdad y el cambio clim\u00e1tico sean cosa del pasado*.<\/span><\/p>\n<h3 style=\"padding-left: 30px;\"><b>1. \u00bfQu\u00e9 supone ser nombrados Embajadores de Buena Voluntad del PNUD y ser los primeros espec\u00edficamente dedicados a los ODS?<\/b><\/h3>\n<p><span style=\"font-weight: 400;\">Cuando descubrimos que Naciones Unidas iniciaba una nueva era en la cooperaci\u00f3n al desarrollo con los nuevos Objetivos para el Desarrollo Sostenible (ODS), vimos claramente la gran oportunidad de esta ambiciosa propuesta. Entender la comida desde tres perspectivas del desarrollo sostenible -social, econ\u00f3mico y ambiental- nos ayuda a entender muchos de los desaf\u00edos que hemos encontrado en nuestro viaje culinario por el mundo. Adem\u00e1s, nos sentimos muy orgullosos de ser los primeros embajadores de Buena Voluntad de PNUD, tras el inicio de la Agenda 2030 de Desarrollo Sostenible. Esperamos que lo que hemos aprendido en nuestro viaje culinario pueda contribuir a la labor que viene realizando el Fondo ODS en materia de acceso a la alimentaci\u00f3n, nutrici\u00f3n y creaci\u00f3n de oportunidades de empleo ya en 21 pa\u00edses.<\/span><\/p>\n<h3 style=\"padding-left: 30px;\"><b>2. \u00bfQu\u00e9 planes e iniciativas tienen previstos desarrollar como Embajadores?<\/b><\/h3>\n<p><span style=\"font-weight: 400;\">Ser embajadores es una oportunidad que desde nuestra faceta de cocineros debemos aprovechar. Desde el campo que mejor conocemos, queremos centrar nuestros esfuerzos en la promoci\u00f3n de la seguridad alimentaria y la nutrici\u00f3n, haciendo especial hincapi\u00e9 en el abastecimiento local de alimentos. Vamos a ayudar a promocionar mercados locales, con alimentos variados y nutritivos, que cubran las necesidades de abasto de la comunidad y sean una fuente de empleos dignos. <\/span><\/p>\n<p><span style=\"font-weight: 400;\">Nuestro primer proyecto como embajadores de PNUD es en Nigeria, donde trabajamos para combatir el desperdicio de alimentos por el desconocimiento de t\u00e9cnicas de conservaci\u00f3n. Vamos a crear un centro para sensibilizar sobre la seguridad alimentaria y promocionar y vender productos para los agricultores de la zona de Kaduna. El mes pasado, Josep viaj\u00f3 all\u00ed con unas muestras del trabajo que hemos realizado en casa sobre conservaci\u00f3n de alimentos para que los agricultores locales pudieran probarlos y as\u00ed poder desarrollar sistemas de conservaci\u00f3n adaptados a sus necesidades. Si esto sale bien, la idea es importar este proyecto a otros pa\u00edses de \u00c1frica.<\/span><\/p>\n<h3 style=\"padding-left: 30px;\"><b>3. La Fundaci\u00f3n Microfinanzas BBVA (FMBBVA) ha desarrollado una metodolog\u00eda, las Finanzas Productivas Responsables, cuyo prop\u00f3sito es ofrecer servicios financieros para apoyar proyectos y actividades productivas de los sectores m\u00e1s vulnerables. Por lo que ha podido conocer en sus m\u00faltiples viajes para apoyar distintos proyectos solidarios, \u00bfconsidera que las microfinanzas pueden ser como la alimentaci\u00f3n saludable, que produce desarrollo y bienestar?<\/b><\/h3>\n<p><span style=\"font-weight: 400;\">Las microfinanzas ofrecen una oportunidad real a personas con pocos recursos para emprender un negocio. Esto siempre es positivo, porque los negocios locales no solo mejoran la vida de este sector de la poblaci\u00f3n sino que tambi\u00e9n impulsan el desarrollo de las regiones en los que se sit\u00faan. Durante los viajes que realizamos antes de las giras con BBVA, solemos visitar peque\u00f1os productores locales que viven de lo que producen. Es importante que estas personas tengan acceso a los recursos necesarios para sacar adelante su negocio porque el bienestar social y el desarrollo dependen precisamente de esos peque\u00f1os agricultores o productores locales. \u00a0<\/span><\/p>\n<h3 style=\"padding-left: 30px;\"><b>4. El 31% de los clientes del Grupo de la FMBBVA se sit\u00faa en el entorno rural. D\u00edganos tres cosas que un productor agr\u00edcola deba hacer para mejorar la calidad de la producci\u00f3n.<\/b><\/h3>\n<p><span style=\"font-weight: 400;\">Es importante que los productores locales cuiden y aprendan de sus tradiciones alimentarias. Dominar las t\u00e9cnicas de preparaci\u00f3n, conservaci\u00f3n y utilizaci\u00f3n de los alimentos y minimizar la generaci\u00f3n de desechos son tambi\u00e9n necesarios para el desarrollo de su producci\u00f3n. Adem\u00e1s, ser\u00eda muy positivo que se sumaran al di\u00e1logo y se involucrasen en actividades contra el hambre y la desnutrici\u00f3n.<\/span><\/p>\n<h3 style=\"padding-left: 30px;\"><b>5. Muchos clientes de las microfinanzas tienen peque\u00f1os espacios dedicados a la cocina de recetas tradicionales. \u00bfQu\u00e9 consejos les dar\u00eda para atraer a los clientes?<\/b><\/h3>\n<p><span style=\"font-weight: 400;\">La cocina tradicional, hecha con esmero y cari\u00f1o, es un modelo de negocio que puede llegar a tener mucho \u00e9xito. Al final, la gente siempre busca volver a sus ra\u00edces, a los sabores de su infancia\u2026 Por eso, hay que intentar captar a la gente cercana, a la que vive a tu alrededor, a la que ven a diario.\u00a0Estos negocios deben desarrollarse en lo local, y de lo local, hacer algo grande.<\/span><\/p>\n<h3 style=\"padding-left: 30px;\"><b>6. Las nuevas tecnolog\u00edas est\u00e1n siendo de gran utilidad para facilitar a los clientes el acceso a servicios financieros. A su juicio, \u00bfqu\u00e9 est\u00e1 suponiendo la popularizaci\u00f3n del uso de las tecnolog\u00edas en la sociedad? \u00bfY en la restauraci\u00f3n?<\/b><\/h3>\n<p><span style=\"font-weight: 400;\">Las nuevas tecnolog\u00edas, especialmente las redes sociales, son una buena manera de divulgar el trabajo que hacemos a la gente que nos sigue y de estar un poco al tanto de las cosas que se hacen en la cocina. Nos permite saber qu\u00e9 est\u00e1 pasando, qu\u00e9 cosas se est\u00e1n haciendo y de qu\u00e9 manera responde la gente. <\/span><\/p>\n<p><span style=\"font-weight: 400;\">En nuestro caso, nosotros somos muy conscientes de que lo que se comunica a trav\u00e9s de las redes sociales tiene un gran impacto en la marca. Por eso, en las redes sociales de El Celler de Can Roca cuidamos mucho el texto y el c\u00f3mo, d\u00f3nde y qu\u00e9 vamos a comunicar. Todo el cari\u00f1o, el trabajo y el esfuerzo que ponemos en crear una reputaci\u00f3n hay que preservarlo, cuidarlo y difundirlo a trav\u00e9s de las redes sociales. A m\u00ed personalmente me fascina la inmediatez de Twitter o Instagram. En cuesti\u00f3n de segundos, consigues que tu mensaje llegue a todo el mundo. Se pueden hacer cosas muy importantes a trav\u00e9s de las plataformas sociales.<\/span><\/p>\n<h3 style=\"padding-left: 30px;\"><b>7. Recientemente ha compartido una jornada con emprendedoras de Fondo Esperanza, entidad chilena del Grupo de la Fundaci\u00f3n, que han apostado por la gastronom\u00eda o la restauraci\u00f3n para poder salir adelante. \u00bfQu\u00e9 receta les dar\u00eda para que consigan \u00e9xito en sus proyectos y as\u00ed lograr su desarrollo econ\u00f3mico y social?<\/b><\/h3>\n<div id=\"attachment_6730\" style=\"width: 404px\" class=\"wp-caption article__img article__img--right lightgallery lightgallery--image article__img alignright\"><img loading=\"lazy\" decoding=\"async\" aria-describedby=\"caption-attachment-6730\" class=\" wp-image-6730\" src=\"http:\/\/progresomicrofinanzas.org\/wp-content\/uploads\/2016\/12\/roca-2.jpg\" alt=\"\" width=\"394\" height=\"224\" \/><p id=\"caption-attachment-6730\" class=\"wp-caption article__img article__img--right lightgallery lightgallery--image article__img-text\"><em>Visita de Jordi Roca a las emprendedoras de Fondo Esperanza Chile, entidad del Grupo FMBBVA.<\/em><\/p><\/div>\n<p><span style=\"font-weight: 400;\">Lo m\u00e1s importante para que un proyecto salga adelante es trabajar duro y con pasi\u00f3n. Adem\u00e1s, hay que perseguir la innovaci\u00f3n, ir m\u00e1s all\u00e1 de lo meramente convencional para marcar la diferencia. Si uno es aut\u00e9ntico y hace lo que le gusta, las posibilidades de \u00e9xito aumentan considerablemente. En nuestro caso, como emprendedores, result\u00f3 fundamental tener muy claro qu\u00e9 es lo que quer\u00edamos hacer. Eso tambi\u00e9n es un punto muy importante. <\/span><span style=\"font-weight: 400;\">\u00a0<\/span><\/p>\n<h3 style=\"padding-left: 30px;\"><b>8. Una de las se\u00f1as de identidad del Grupo de la Fundaci\u00f3n es acompa\u00f1ar con asesor\u00eda y capacitaci\u00f3n a nuestros clientes, con el objetivo de dotarles de una cultura empresarial y financiera robusta. Los hermanos Roca han comentado que consideran una responsabilidad con la sociedad transferir sus conocimientos. \u00bfC\u00f3mo est\u00e1n canalizando este objetivo?<\/b><\/h3>\n<p><span style=\"font-weight: 400;\">Somos conscientes de que el verdadero cambio social pasa por la formaci\u00f3n. Como Embajadores del PNUD, queremos fomentar la creaci\u00f3n de centros de formaci\u00f3n donde los j\u00f3venes encuentren, a trav\u00e9s de la cocina, alternativas de vida y fuentes de ingresos sostenibles para sus familias. \u00a0Adem\u00e1s, desde El Celler de Can Roca, tambi\u00e9n aportamos nuestro granito de arena en la formaci\u00f3n de los j\u00f3venes. En este sentido, las giras BBVA que llevamos tres a\u00f1os realizando son una buena oportunidad para identificar el talento local de cada una de las ciudades a las que viajamos. Durante el tour, colaboramos con varias escuelas de hosteler\u00eda para que sus estudiantes tengan la oportunidad de trabajar con un equipo de cocina y sala como el nuestro y puedan aprender c\u00f3mo funciona un restaurante. En cada ciudad escogemos a dos estudiantes que hayan demostrado buenas habilidades, pasi\u00f3n por la gastronom\u00eda y ganas de aprender para venir a El Celler durante 4 meses con una beca.<\/span><\/p>\n<h3 style=\"padding-left: 30px;\">\u00a0<b>9. \u201cY de postre<\/b><span style=\"font-weight: 400;\">\u2026<\/span><b>\u201d \u00bfEn qu\u00e9 plato incluye el eucalipto?<\/b><\/h3>\n<p><span style=\"font-weight: 400;\">Un postre que me gusta mucho preparar es el Cromatismo verde: es un destilado de hoja de eucalipto, crema de aguacate, salsa de lima y licor de chartreuse.<\/span><\/p>\n<p>&nbsp;<\/p>\n<div class=\"progreso-foot-notes\">\n<p><i>* \u00a0 Fuente: Fondo para los Objetivos de Desarrollo Sostenible (SDGF)<\/i><\/p>\n<\/div>\n<p>&nbsp;<\/p>\n","protected":false},"excerpt":{"rendered":"<p>Jordi, Joan y Josep Roca son propietarios de \u201cEl Celler de Can Roca\u201d en Gerona, y Premio Nacional de Gastronom\u00eda de Espa\u00f1a. Su restaurante ha sido reconocido por la revista inglesa Restaurant Magazine como uno de los mejores del mundo. En enero de 2016 los hermanos Roca han sido nombrados Embajadores de Buena\u00a0Voluntad del Programa [&hellip;]<\/p>\n","protected":false},"author":30,"featured_media":9713,"comment_status":"open","ping_status":"open","sticky":false,"template":"","format":"standard","meta":{"_acf_changed":false,"footnotes":""},"tags":[],"class_list":["post-6070","post","type-post","status-publish","format-standard","has-post-thumbnail","hentry","numero-9m","seccion-entrevista"],"acf":[],"yoast_head":"<!-- This site is optimized with the Yoast SEO plugin v26.8 - https:\/\/yoast.com\/product\/yoast-seo-wordpress\/ -->\n<title>Jordi Roca, Premio Nacional de Gastronom\u00eda<\/title>\n<meta name=\"description\" content=\"Jordi Roca, Premio Nacional de Gastronom\u00eda\" \/>\n<meta name=\"robots\" content=\"index, follow, max-snippet:-1, max-image-preview:large, max-video-preview:-1\" \/>\n<link rel=\"canonical\" href=\"https:\/\/www.fundacionmicrofinanzasbbva.org\/revistaprogreso\/jordi-roca\/\" \/>\n<meta property=\"og:locale\" content=\"es_ES\" \/>\n<meta property=\"og:type\" content=\"article\" \/>\n<meta property=\"og:title\" content=\"Jordi Roca, Premio Nacional de Gastronom\u00eda\" \/>\n<meta property=\"og:description\" content=\"Jordi Roca, Premio Nacional de Gastronom\u00eda\" \/>\n<meta property=\"og:url\" content=\"https:\/\/www.fundacionmicrofinanzasbbva.org\/revistaprogreso\/jordi-roca\/\" \/>\n<meta property=\"og:site_name\" content=\"Progreso\" \/>\n<meta property=\"article:publisher\" content=\"https:\/\/www.facebook.com\/fundacionmicrofinanzasbbva\" \/>\n<meta property=\"article:published_time\" content=\"2016-12-01T09:39:01+00:00\" \/>\n<meta property=\"article:modified_time\" content=\"2017-12-19T10:21:10+00:00\" \/>\n<meta property=\"og:image\" content=\"https:\/\/fundacionmicrofinanzasbbva.org\/revistaprogreso\/wp-content\/uploads\/2017\/11\/jordi_roca_3ba-1.jpg\" \/>\n\t<meta property=\"og:image:width\" content=\"746\" \/>\n\t<meta property=\"og:image:height\" content=\"600\" \/>\n\t<meta property=\"og:image:type\" content=\"image\/jpeg\" \/>\n<meta name=\"author\" content=\"karessa Ramos\" \/>\n<meta name=\"twitter:card\" content=\"summary_large_image\" \/>\n<meta name=\"twitter:creator\" content=\"@FMBBVA\" \/>\n<meta name=\"twitter:site\" content=\"@FMBBVA\" \/>\n<meta name=\"twitter:label1\" content=\"Escrito por\" \/>\n\t<meta name=\"twitter:data1\" content=\"karessa Ramos\" \/>\n\t<meta name=\"twitter:label2\" content=\"Tiempo de lectura\" \/>\n\t<meta name=\"twitter:data2\" content=\"8 minutos\" \/>\n<script type=\"application\/ld+json\" class=\"yoast-schema-graph\">{\"@context\":\"https:\/\/schema.org\",\"@graph\":[{\"@type\":\"Article\",\"@id\":\"https:\/\/www.fundacionmicrofinanzasbbva.org\/revistaprogreso\/jordi-roca\/#article\",\"isPartOf\":{\"@id\":\"https:\/\/www.fundacionmicrofinanzasbbva.org\/revistaprogreso\/jordi-roca\/\"},\"author\":{\"name\":\"karessa Ramos\",\"@id\":\"https:\/\/www.fundacionmicrofinanzasbbva.org\/revistaprogreso\/#\/schema\/person\/4a3fe64f7988998aa5e22913c8147baf\"},\"headline\":\"Jordi Roca, Premio Nacional de Gastronom\u00eda\",\"datePublished\":\"2016-12-01T09:39:01+00:00\",\"dateModified\":\"2017-12-19T10:21:10+00:00\",\"mainEntityOfPage\":{\"@id\":\"https:\/\/www.fundacionmicrofinanzasbbva.org\/revistaprogreso\/jordi-roca\/\"},\"wordCount\":1508,\"commentCount\":0,\"publisher\":{\"@id\":\"https:\/\/www.fundacionmicrofinanzasbbva.org\/revistaprogreso\/#organization\"},\"image\":{\"@id\":\"https:\/\/www.fundacionmicrofinanzasbbva.org\/revistaprogreso\/jordi-roca\/#primaryimage\"},\"thumbnailUrl\":\"https:\/\/www.fundacionmicrofinanzasbbva.org\/revistaprogreso\/wp-content\/uploads\/2017\/11\/jordi_roca_3ba-1.jpg\",\"inLanguage\":\"es\"},{\"@type\":\"WebPage\",\"@id\":\"https:\/\/www.fundacionmicrofinanzasbbva.org\/revistaprogreso\/jordi-roca\/\",\"url\":\"https:\/\/www.fundacionmicrofinanzasbbva.org\/revistaprogreso\/jordi-roca\/\",\"name\":\"Jordi Roca, Premio Nacional de Gastronom\u00eda\",\"isPartOf\":{\"@id\":\"https:\/\/www.fundacionmicrofinanzasbbva.org\/revistaprogreso\/#website\"},\"primaryImageOfPage\":{\"@id\":\"https:\/\/www.fundacionmicrofinanzasbbva.org\/revistaprogreso\/jordi-roca\/#primaryimage\"},\"image\":{\"@id\":\"https:\/\/www.fundacionmicrofinanzasbbva.org\/revistaprogreso\/jordi-roca\/#primaryimage\"},\"thumbnailUrl\":\"https:\/\/www.fundacionmicrofinanzasbbva.org\/revistaprogreso\/wp-content\/uploads\/2017\/11\/jordi_roca_3ba-1.jpg\",\"datePublished\":\"2016-12-01T09:39:01+00:00\",\"dateModified\":\"2017-12-19T10:21:10+00:00\",\"description\":\"Jordi Roca, Premio Nacional de Gastronom\u00eda\",\"breadcrumb\":{\"@id\":\"https:\/\/www.fundacionmicrofinanzasbbva.org\/revistaprogreso\/jordi-roca\/#breadcrumb\"},\"inLanguage\":\"es\",\"potentialAction\":[{\"@type\":\"ReadAction\",\"target\":[\"https:\/\/www.fundacionmicrofinanzasbbva.org\/revistaprogreso\/jordi-roca\/\"]}]},{\"@type\":\"ImageObject\",\"inLanguage\":\"es\",\"@id\":\"https:\/\/www.fundacionmicrofinanzasbbva.org\/revistaprogreso\/jordi-roca\/#primaryimage\",\"url\":\"https:\/\/www.fundacionmicrofinanzasbbva.org\/revistaprogreso\/wp-content\/uploads\/2017\/11\/jordi_roca_3ba-1.jpg\",\"contentUrl\":\"https:\/\/www.fundacionmicrofinanzasbbva.org\/revistaprogreso\/wp-content\/uploads\/2017\/11\/jordi_roca_3ba-1.jpg\",\"width\":746,\"height\":600},{\"@type\":\"BreadcrumbList\",\"@id\":\"https:\/\/www.fundacionmicrofinanzasbbva.org\/revistaprogreso\/jordi-roca\/#breadcrumb\",\"itemListElement\":[{\"@type\":\"ListItem\",\"position\":1,\"name\":\"Portada\",\"item\":\"https:\/\/www.fundacionmicrofinanzasbbva.org\/revistaprogreso\/\"},{\"@type\":\"ListItem\",\"position\":2,\"name\":\"Jordi Roca, Premio Nacional de Gastronom\u00eda\"}]},{\"@type\":\"WebSite\",\"@id\":\"https:\/\/www.fundacionmicrofinanzasbbva.org\/revistaprogreso\/#website\",\"url\":\"https:\/\/www.fundacionmicrofinanzasbbva.org\/revistaprogreso\/\",\"name\":\"Revista Progreso\",\"description\":\"Revista de Actualidad Jur\u00eddica\",\"publisher\":{\"@id\":\"https:\/\/www.fundacionmicrofinanzasbbva.org\/revistaprogreso\/#organization\"},\"alternateName\":\"Revista Progreso\",\"potentialAction\":[{\"@type\":\"SearchAction\",\"target\":{\"@type\":\"EntryPoint\",\"urlTemplate\":\"https:\/\/www.fundacionmicrofinanzasbbva.org\/revistaprogreso\/?s={search_term_string}\"},\"query-input\":{\"@type\":\"PropertyValueSpecification\",\"valueRequired\":true,\"valueName\":\"search_term_string\"}}],\"inLanguage\":\"es\"},{\"@type\":\"Organization\",\"@id\":\"https:\/\/www.fundacionmicrofinanzasbbva.org\/revistaprogreso\/#organization\",\"name\":\"Revista Progreso\",\"alternateName\":\"Revista Progreso\",\"url\":\"https:\/\/www.fundacionmicrofinanzasbbva.org\/revistaprogreso\/\",\"logo\":{\"@type\":\"ImageObject\",\"inLanguage\":\"es\",\"@id\":\"https:\/\/www.fundacionmicrofinanzasbbva.org\/revistaprogreso\/#\/schema\/logo\/image\/\",\"url\":\"https:\/\/www.fundacionmicrofinanzasbbva.org\/revistaprogreso\/wp-content\/uploads\/2023\/09\/Logo-FMBBVA-AZUL.png\",\"contentUrl\":\"https:\/\/www.fundacionmicrofinanzasbbva.org\/revistaprogreso\/wp-content\/uploads\/2023\/09\/Logo-FMBBVA-AZUL.png\",\"width\":6173,\"height\":1001,\"caption\":\"Revista Progreso\"},\"image\":{\"@id\":\"https:\/\/www.fundacionmicrofinanzasbbva.org\/revistaprogreso\/#\/schema\/logo\/image\/\"},\"sameAs\":[\"https:\/\/www.facebook.com\/fundacionmicrofinanzasbbva\",\"https:\/\/x.com\/FMBBVA\",\"https:\/\/www.linkedin.com\/company\/fundacin-microfinanzas-bbva\/\",\"https:\/\/www.instagram.com\/somosfmbbva\/\"]},{\"@type\":\"Person\",\"@id\":\"https:\/\/www.fundacionmicrofinanzasbbva.org\/revistaprogreso\/#\/schema\/person\/4a3fe64f7988998aa5e22913c8147baf\",\"name\":\"karessa Ramos\",\"image\":{\"@type\":\"ImageObject\",\"inLanguage\":\"es\",\"@id\":\"https:\/\/www.fundacionmicrofinanzasbbva.org\/revistaprogreso\/#\/schema\/person\/image\/\",\"url\":\"https:\/\/secure.gravatar.com\/avatar\/a2388109b4325a6fb9c892c3212e430cdc0835c8fc1c1a41f4cc2a3b175b81c5?s=96&d=mm&r=g\",\"contentUrl\":\"https:\/\/secure.gravatar.com\/avatar\/a2388109b4325a6fb9c892c3212e430cdc0835c8fc1c1a41f4cc2a3b175b81c5?s=96&d=mm&r=g\",\"caption\":\"karessa Ramos\"},\"url\":\"https:\/\/www.fundacionmicrofinanzasbbva.org\/revistaprogreso\/author\/karessa\/\"}]}<\/script>\n<!-- \/ Yoast SEO plugin. -->","yoast_head_json":{"title":"Jordi Roca, Premio Nacional de Gastronom\u00eda","description":"Jordi Roca, Premio Nacional de Gastronom\u00eda","robots":{"index":"index","follow":"follow","max-snippet":"max-snippet:-1","max-image-preview":"max-image-preview:large","max-video-preview":"max-video-preview:-1"},"canonical":"https:\/\/www.fundacionmicrofinanzasbbva.org\/revistaprogreso\/jordi-roca\/","og_locale":"es_ES","og_type":"article","og_title":"Jordi Roca, Premio Nacional de Gastronom\u00eda","og_description":"Jordi Roca, Premio Nacional de Gastronom\u00eda","og_url":"https:\/\/www.fundacionmicrofinanzasbbva.org\/revistaprogreso\/jordi-roca\/","og_site_name":"Progreso","article_publisher":"https:\/\/www.facebook.com\/fundacionmicrofinanzasbbva","article_published_time":"2016-12-01T09:39:01+00:00","article_modified_time":"2017-12-19T10:21:10+00:00","og_image":[{"width":746,"height":600,"url":"https:\/\/fundacionmicrofinanzasbbva.org\/revistaprogreso\/wp-content\/uploads\/2017\/11\/jordi_roca_3ba-1.jpg","type":"image\/jpeg"}],"author":"karessa Ramos","twitter_card":"summary_large_image","twitter_creator":"@FMBBVA","twitter_site":"@FMBBVA","twitter_misc":{"Escrito por":"karessa Ramos","Tiempo de lectura":"8 minutos"},"schema":{"@context":"https:\/\/schema.org","@graph":[{"@type":"Article","@id":"https:\/\/www.fundacionmicrofinanzasbbva.org\/revistaprogreso\/jordi-roca\/#article","isPartOf":{"@id":"https:\/\/www.fundacionmicrofinanzasbbva.org\/revistaprogreso\/jordi-roca\/"},"author":{"name":"karessa Ramos","@id":"https:\/\/www.fundacionmicrofinanzasbbva.org\/revistaprogreso\/#\/schema\/person\/4a3fe64f7988998aa5e22913c8147baf"},"headline":"Jordi Roca, Premio Nacional de Gastronom\u00eda","datePublished":"2016-12-01T09:39:01+00:00","dateModified":"2017-12-19T10:21:10+00:00","mainEntityOfPage":{"@id":"https:\/\/www.fundacionmicrofinanzasbbva.org\/revistaprogreso\/jordi-roca\/"},"wordCount":1508,"commentCount":0,"publisher":{"@id":"https:\/\/www.fundacionmicrofinanzasbbva.org\/revistaprogreso\/#organization"},"image":{"@id":"https:\/\/www.fundacionmicrofinanzasbbva.org\/revistaprogreso\/jordi-roca\/#primaryimage"},"thumbnailUrl":"https:\/\/www.fundacionmicrofinanzasbbva.org\/revistaprogreso\/wp-content\/uploads\/2017\/11\/jordi_roca_3ba-1.jpg","inLanguage":"es"},{"@type":"WebPage","@id":"https:\/\/www.fundacionmicrofinanzasbbva.org\/revistaprogreso\/jordi-roca\/","url":"https:\/\/www.fundacionmicrofinanzasbbva.org\/revistaprogreso\/jordi-roca\/","name":"Jordi Roca, Premio Nacional de Gastronom\u00eda","isPartOf":{"@id":"https:\/\/www.fundacionmicrofinanzasbbva.org\/revistaprogreso\/#website"},"primaryImageOfPage":{"@id":"https:\/\/www.fundacionmicrofinanzasbbva.org\/revistaprogreso\/jordi-roca\/#primaryimage"},"image":{"@id":"https:\/\/www.fundacionmicrofinanzasbbva.org\/revistaprogreso\/jordi-roca\/#primaryimage"},"thumbnailUrl":"https:\/\/www.fundacionmicrofinanzasbbva.org\/revistaprogreso\/wp-content\/uploads\/2017\/11\/jordi_roca_3ba-1.jpg","datePublished":"2016-12-01T09:39:01+00:00","dateModified":"2017-12-19T10:21:10+00:00","description":"Jordi Roca, Premio Nacional de Gastronom\u00eda","breadcrumb":{"@id":"https:\/\/www.fundacionmicrofinanzasbbva.org\/revistaprogreso\/jordi-roca\/#breadcrumb"},"inLanguage":"es","potentialAction":[{"@type":"ReadAction","target":["https:\/\/www.fundacionmicrofinanzasbbva.org\/revistaprogreso\/jordi-roca\/"]}]},{"@type":"ImageObject","inLanguage":"es","@id":"https:\/\/www.fundacionmicrofinanzasbbva.org\/revistaprogreso\/jordi-roca\/#primaryimage","url":"https:\/\/www.fundacionmicrofinanzasbbva.org\/revistaprogreso\/wp-content\/uploads\/2017\/11\/jordi_roca_3ba-1.jpg","contentUrl":"https:\/\/www.fundacionmicrofinanzasbbva.org\/revistaprogreso\/wp-content\/uploads\/2017\/11\/jordi_roca_3ba-1.jpg","width":746,"height":600},{"@type":"BreadcrumbList","@id":"https:\/\/www.fundacionmicrofinanzasbbva.org\/revistaprogreso\/jordi-roca\/#breadcrumb","itemListElement":[{"@type":"ListItem","position":1,"name":"Portada","item":"https:\/\/www.fundacionmicrofinanzasbbva.org\/revistaprogreso\/"},{"@type":"ListItem","position":2,"name":"Jordi Roca, Premio Nacional de Gastronom\u00eda"}]},{"@type":"WebSite","@id":"https:\/\/www.fundacionmicrofinanzasbbva.org\/revistaprogreso\/#website","url":"https:\/\/www.fundacionmicrofinanzasbbva.org\/revistaprogreso\/","name":"Revista Progreso","description":"Revista de Actualidad Jur\u00eddica","publisher":{"@id":"https:\/\/www.fundacionmicrofinanzasbbva.org\/revistaprogreso\/#organization"},"alternateName":"Revista Progreso","potentialAction":[{"@type":"SearchAction","target":{"@type":"EntryPoint","urlTemplate":"https:\/\/www.fundacionmicrofinanzasbbva.org\/revistaprogreso\/?s={search_term_string}"},"query-input":{"@type":"PropertyValueSpecification","valueRequired":true,"valueName":"search_term_string"}}],"inLanguage":"es"},{"@type":"Organization","@id":"https:\/\/www.fundacionmicrofinanzasbbva.org\/revistaprogreso\/#organization","name":"Revista Progreso","alternateName":"Revista Progreso","url":"https:\/\/www.fundacionmicrofinanzasbbva.org\/revistaprogreso\/","logo":{"@type":"ImageObject","inLanguage":"es","@id":"https:\/\/www.fundacionmicrofinanzasbbva.org\/revistaprogreso\/#\/schema\/logo\/image\/","url":"https:\/\/www.fundacionmicrofinanzasbbva.org\/revistaprogreso\/wp-content\/uploads\/2023\/09\/Logo-FMBBVA-AZUL.png","contentUrl":"https:\/\/www.fundacionmicrofinanzasbbva.org\/revistaprogreso\/wp-content\/uploads\/2023\/09\/Logo-FMBBVA-AZUL.png","width":6173,"height":1001,"caption":"Revista Progreso"},"image":{"@id":"https:\/\/www.fundacionmicrofinanzasbbva.org\/revistaprogreso\/#\/schema\/logo\/image\/"},"sameAs":["https:\/\/www.facebook.com\/fundacionmicrofinanzasbbva","https:\/\/x.com\/FMBBVA","https:\/\/www.linkedin.com\/company\/fundacin-microfinanzas-bbva\/","https:\/\/www.instagram.com\/somosfmbbva\/"]},{"@type":"Person","@id":"https:\/\/www.fundacionmicrofinanzasbbva.org\/revistaprogreso\/#\/schema\/person\/4a3fe64f7988998aa5e22913c8147baf","name":"karessa Ramos","image":{"@type":"ImageObject","inLanguage":"es","@id":"https:\/\/www.fundacionmicrofinanzasbbva.org\/revistaprogreso\/#\/schema\/person\/image\/","url":"https:\/\/secure.gravatar.com\/avatar\/a2388109b4325a6fb9c892c3212e430cdc0835c8fc1c1a41f4cc2a3b175b81c5?s=96&d=mm&r=g","contentUrl":"https:\/\/secure.gravatar.com\/avatar\/a2388109b4325a6fb9c892c3212e430cdc0835c8fc1c1a41f4cc2a3b175b81c5?s=96&d=mm&r=g","caption":"karessa Ramos"},"url":"https:\/\/www.fundacionmicrofinanzasbbva.org\/revistaprogreso\/author\/karessa\/"}]}},"_links":{"self":[{"href":"https:\/\/www.fundacionmicrofinanzasbbva.org\/revistaprogreso\/wp-json\/wp\/v2\/posts\/6070","targetHints":{"allow":["GET"]}}],"collection":[{"href":"https:\/\/www.fundacionmicrofinanzasbbva.org\/revistaprogreso\/wp-json\/wp\/v2\/posts"}],"about":[{"href":"https:\/\/www.fundacionmicrofinanzasbbva.org\/revistaprogreso\/wp-json\/wp\/v2\/types\/post"}],"author":[{"embeddable":true,"href":"https:\/\/www.fundacionmicrofinanzasbbva.org\/revistaprogreso\/wp-json\/wp\/v2\/users\/30"}],"replies":[{"embeddable":true,"href":"https:\/\/www.fundacionmicrofinanzasbbva.org\/revistaprogreso\/wp-json\/wp\/v2\/comments?post=6070"}],"version-history":[{"count":0,"href":"https:\/\/www.fundacionmicrofinanzasbbva.org\/revistaprogreso\/wp-json\/wp\/v2\/posts\/6070\/revisions"}],"wp:featuredmedia":[{"embeddable":true,"href":"https:\/\/www.fundacionmicrofinanzasbbva.org\/revistaprogreso\/wp-json\/wp\/v2\/media\/9713"}],"wp:attachment":[{"href":"https:\/\/www.fundacionmicrofinanzasbbva.org\/revistaprogreso\/wp-json\/wp\/v2\/media?parent=6070"}],"wp:term":[{"taxonomy":"post_tag","embeddable":true,"href":"https:\/\/www.fundacionmicrofinanzasbbva.org\/revistaprogreso\/wp-json\/wp\/v2\/tags?post=6070"}],"curies":[{"name":"wp","href":"https:\/\/api.w.org\/{rel}","templated":true}]}}