{"id":4889,"date":"2016-06-08T15:28:42","date_gmt":"2016-06-08T15:28:42","guid":{"rendered":"http:\/\/progresomicrofinanzas.org\/?p=4889"},"modified":"2017-11-28T17:49:29","modified_gmt":"2017-11-28T17:49:29","slug":"informe-desarrollo-humano-2015-trabajo-al-servicio-del-desarrollo-humano","status":"publish","type":"post","link":"https:\/\/www.fundacionmicrofinanzasbbva.org\/revistaprogreso\/informe-desarrollo-humano-2015-trabajo-al-servicio-del-desarrollo-humano\/","title":{"rendered":"Informe de Desarrollo Humano 2015. \u00abTrabajo al servicio del Desarrollo Humano\u201c"},"content":{"rendered":"<div class=\"pdfprnt-buttons pdfprnt-buttons-post pdfprnt-top-right\"><a href=\"https:\/\/www.fundacionmicrofinanzasbbva.org\/revistaprogreso\/wp-json\/wp\/v2\/posts\/4889?print=pdf\" class=\"pdfprnt-button pdfprnt-button-pdf\" target=\"_blank\"><img decoding=\"async\" src=\"https:\/\/www.fundacionmicrofinanzasbbva.org\/revistaprogreso\/wp-content\/plugins\/pdf-print\/images\/pdf.png\" alt=\"image_pdf\" title=\"Ver PDF\" \/><\/a><a href=\"https:\/\/www.fundacionmicrofinanzasbbva.org\/revistaprogreso\/wp-json\/wp\/v2\/posts\/4889?print=print\" class=\"pdfprnt-button pdfprnt-button-print\" target=\"_blank\"><img decoding=\"async\" src=\"https:\/\/www.fundacionmicrofinanzasbbva.org\/revistaprogreso\/wp-content\/plugins\/pdf-print\/images\/print.png\" alt=\"image_print\" title=\"Imprimir contenido\" \/><\/a><\/div><p><span style=\"font-weight: 400;\">El Programa de Naciones Unidas para el Desarrollo (PNUD) publica la edici\u00f3n 2015 del Informe de Desarrollo Humano (IDH). En esta ocasi\u00f3n, el foco del documento es el trabajo, considerado impulsor din\u00e1mico para mejorar el desarrollo humano.<\/span><\/p>\n<p><span style=\"font-weight: 400;\">El documento examina la relaci\u00f3n entre el desarrollo humano (\u00edndice que mide el progreso y bienestar humano) y el trabajo desde un punto de vista amplio, considerando actividades como el cuidado de personas no remunerado, el voluntariado y el trabajo creativo o art\u00edstico. El trabajo de calidad es clave para el desarrollo humano, lo que en el informe se denomina \u201ctrabajo decente\u201d.<\/span><\/p>\n<p><span style=\"font-weight: 400;\">Una de las conclusiones del informe es que el trabajo decente, junto con otros factores como salud y educaci\u00f3n, han contribuido a lograr importantes avances en el \u00e1mbito del desarrollo. En los \u00faltimos 25 a\u00f1os, 2.000 millones de personas han salido del nivel m\u00e1s bajo de desarrollo humano; sin embargo, los beneficios del trabajo no se han distribuido por igual y quedan importantes desaf\u00edos por afrontar, como la pobreza, la desigualdad, la sostenibilidad ambiental, la inestabilidad y otros conflictos.<\/span><\/p>\n<p><span style=\"font-weight: 400;\">El documento resalta la inclusi\u00f3n financiera como eje fundamental para la transformaci\u00f3n estructural y la creaci\u00f3n de empleo, ya que la falta de acceso al sistema financiero es uno de los principales obst\u00e1culos para la actividad y el crecimiento de las empresas. De igual manera, considera que las pol\u00edticas p\u00fablicas deber\u00edan promover el acceso al sistema formal, sobre todo en zonas remotas y en sectores espec\u00edficos.<\/span><\/p>\n","protected":false},"excerpt":{"rendered":"<p>El Programa de Naciones Unidas para el Desarrollo (PNUD) publica la edici\u00f3n 2015 del Informe de Desarrollo Humano (IDH). En esta ocasi\u00f3n, el foco del documento es el trabajo, considerado impulsor din\u00e1mico para mejorar el desarrollo humano. El documento examina la relaci\u00f3n entre el desarrollo humano (\u00edndice que mide el progreso y bienestar humano) y [&hellip;]<\/p>\n","protected":false},"author":30,"featured_media":9627,"comment_status":"open","ping_status":"open","sticky":false,"template":"","format":"standard","meta":{"_acf_changed":false,"footnotes":""},"tags":[114,1026,1002,1028,1027,999,255,1030,1029],"class_list":["post-4889","post","type-post","status-publish","format-standard","has-post-thumbnail","hentry","tag-inclusion-financiera","tag-desarrollo-humano","tag-desigualdad","tag-idh","tag-informe-de-desarrollo-humano","tag-pnud","tag-pobreza","tag-sostenibilidad-ambiental","tag-trabajo-decente","numero-7m","seccion-documentos-de-interes-microfinanzas"],"acf":[],"yoast_head":"<!-- This site is optimized with the Yoast SEO plugin v26.8 - https:\/\/yoast.com\/product\/yoast-seo-wordpress\/ -->\n<title>Informe de Desarrollo Humano 2015. &quot;Trabajo al servicio del Desarrollo Humano\u201c<\/title>\n<meta name=\"description\" content=\"PNUD presenta el Informe de Desarrollo Humano 2015 centrado en el trabajo decente como clave para el desarrollo humano\" \/>\n<meta name=\"robots\" content=\"index, follow, max-snippet:-1, max-image-preview:large, max-video-preview:-1\" \/>\n<link rel=\"canonical\" href=\"https:\/\/www.fundacionmicrofinanzasbbva.org\/revistaprogreso\/informe-desarrollo-humano-2015-trabajo-al-servicio-del-desarrollo-humano\/\" \/>\n<meta property=\"og:locale\" content=\"es_ES\" \/>\n<meta property=\"og:type\" content=\"article\" \/>\n<meta property=\"og:title\" content=\"Informe de Desarrollo Humano 2015. &quot;Trabajo al servicio del Desarrollo Humano\u201c\" \/>\n<meta property=\"og:description\" content=\"PNUD presenta el Informe de Desarrollo Humano 2015 centrado en el trabajo decente como clave para el desarrollo humano\" \/>\n<meta property=\"og:url\" content=\"https:\/\/www.fundacionmicrofinanzasbbva.org\/revistaprogreso\/informe-desarrollo-humano-2015-trabajo-al-servicio-del-desarrollo-humano\/\" \/>\n<meta property=\"og:site_name\" content=\"Progreso\" \/>\n<meta property=\"article:publisher\" content=\"https:\/\/www.facebook.com\/fundacionmicrofinanzasbbva\" \/>\n<meta property=\"article:published_time\" content=\"2016-06-08T15:28:42+00:00\" \/>\n<meta property=\"article:modified_time\" content=\"2017-11-28T17:49:29+00:00\" \/>\n<meta property=\"og:image\" content=\"https:\/\/www.progresomicrofinanzas.org\/revistaprogreso\/wp-content\/uploads\/2016\/06\/7-desarrollo-hum.jpg\" \/>\n\t<meta property=\"og:image:width\" content=\"400\" \/>\n\t<meta property=\"og:image:height\" content=\"300\" \/>\n\t<meta property=\"og:image:type\" content=\"image\/jpeg\" \/>\n<meta name=\"author\" content=\"karessa Ramos\" \/>\n<meta name=\"twitter:card\" content=\"summary_large_image\" \/>\n<meta name=\"twitter:creator\" content=\"@FMBBVA\" \/>\n<meta name=\"twitter:site\" content=\"@FMBBVA\" \/>\n<meta name=\"twitter:label1\" content=\"Escrito por\" \/>\n\t<meta name=\"twitter:data1\" content=\"karessa Ramos\" \/>\n\t<meta name=\"twitter:label2\" content=\"Tiempo de lectura\" \/>\n\t<meta name=\"twitter:data2\" content=\"1 minuto\" \/>\n<script type=\"application\/ld+json\" class=\"yoast-schema-graph\">{\"@context\":\"https:\/\/schema.org\",\"@graph\":[{\"@type\":\"Article\",\"@id\":\"https:\/\/www.fundacionmicrofinanzasbbva.org\/revistaprogreso\/informe-desarrollo-humano-2015-trabajo-al-servicio-del-desarrollo-humano\/#article\",\"isPartOf\":{\"@id\":\"https:\/\/www.fundacionmicrofinanzasbbva.org\/revistaprogreso\/informe-desarrollo-humano-2015-trabajo-al-servicio-del-desarrollo-humano\/\"},\"author\":{\"name\":\"karessa Ramos\",\"@id\":\"https:\/\/www.fundacionmicrofinanzasbbva.org\/revistaprogreso\/#\/schema\/person\/4a3fe64f7988998aa5e22913c8147baf\"},\"headline\":\"Informe de Desarrollo Humano 2015. \u00abTrabajo al servicio del Desarrollo Humano\u201c\",\"datePublished\":\"2016-06-08T15:28:42+00:00\",\"dateModified\":\"2017-11-28T17:49:29+00:00\",\"mainEntityOfPage\":{\"@id\":\"https:\/\/www.fundacionmicrofinanzasbbva.org\/revistaprogreso\/informe-desarrollo-humano-2015-trabajo-al-servicio-del-desarrollo-humano\/\"},\"wordCount\":268,\"commentCount\":0,\"publisher\":{\"@id\":\"https:\/\/www.fundacionmicrofinanzasbbva.org\/revistaprogreso\/#organization\"},\"image\":{\"@id\":\"https:\/\/www.fundacionmicrofinanzasbbva.org\/revistaprogreso\/informe-desarrollo-humano-2015-trabajo-al-servicio-del-desarrollo-humano\/#primaryimage\"},\"thumbnailUrl\":\"https:\/\/www.fundacionmicrofinanzasbbva.org\/revistaprogreso\/wp-content\/uploads\/2016\/06\/7-desarrollo-hum.jpg\",\"keywords\":[\"#inclusi\u00f3n financiera\",\"desarrollo humano\",\"desigualdad\",\"IDH\",\"Informe de Desarrollo Humano\",\"PNUD\",\"pobreza\",\"sostenibilidad ambiental\",\"trabajo decente\"],\"inLanguage\":\"es\"},{\"@type\":\"WebPage\",\"@id\":\"https:\/\/www.fundacionmicrofinanzasbbva.org\/revistaprogreso\/informe-desarrollo-humano-2015-trabajo-al-servicio-del-desarrollo-humano\/\",\"url\":\"https:\/\/www.fundacionmicrofinanzasbbva.org\/revistaprogreso\/informe-desarrollo-humano-2015-trabajo-al-servicio-del-desarrollo-humano\/\",\"name\":\"Informe de Desarrollo Humano 2015. \\\"Trabajo al servicio del Desarrollo Humano\u201c\",\"isPartOf\":{\"@id\":\"https:\/\/www.fundacionmicrofinanzasbbva.org\/revistaprogreso\/#website\"},\"primaryImageOfPage\":{\"@id\":\"https:\/\/www.fundacionmicrofinanzasbbva.org\/revistaprogreso\/informe-desarrollo-humano-2015-trabajo-al-servicio-del-desarrollo-humano\/#primaryimage\"},\"image\":{\"@id\":\"https:\/\/www.fundacionmicrofinanzasbbva.org\/revistaprogreso\/informe-desarrollo-humano-2015-trabajo-al-servicio-del-desarrollo-humano\/#primaryimage\"},\"thumbnailUrl\":\"https:\/\/www.fundacionmicrofinanzasbbva.org\/revistaprogreso\/wp-content\/uploads\/2016\/06\/7-desarrollo-hum.jpg\",\"datePublished\":\"2016-06-08T15:28:42+00:00\",\"dateModified\":\"2017-11-28T17:49:29+00:00\",\"description\":\"PNUD presenta el Informe de Desarrollo Humano 2015 centrado en el trabajo decente como clave para el desarrollo humano\",\"breadcrumb\":{\"@id\":\"https:\/\/www.fundacionmicrofinanzasbbva.org\/revistaprogreso\/informe-desarrollo-humano-2015-trabajo-al-servicio-del-desarrollo-humano\/#breadcrumb\"},\"inLanguage\":\"es\",\"potentialAction\":[{\"@type\":\"ReadAction\",\"target\":[\"https:\/\/www.fundacionmicrofinanzasbbva.org\/revistaprogreso\/informe-desarrollo-humano-2015-trabajo-al-servicio-del-desarrollo-humano\/\"]}]},{\"@type\":\"ImageObject\",\"inLanguage\":\"es\",\"@id\":\"https:\/\/www.fundacionmicrofinanzasbbva.org\/revistaprogreso\/informe-desarrollo-humano-2015-trabajo-al-servicio-del-desarrollo-humano\/#primaryimage\",\"url\":\"https:\/\/www.fundacionmicrofinanzasbbva.org\/revistaprogreso\/wp-content\/uploads\/2016\/06\/7-desarrollo-hum.jpg\",\"contentUrl\":\"https:\/\/www.fundacionmicrofinanzasbbva.org\/revistaprogreso\/wp-content\/uploads\/2016\/06\/7-desarrollo-hum.jpg\",\"width\":400,\"height\":300},{\"@type\":\"BreadcrumbList\",\"@id\":\"https:\/\/www.fundacionmicrofinanzasbbva.org\/revistaprogreso\/informe-desarrollo-humano-2015-trabajo-al-servicio-del-desarrollo-humano\/#breadcrumb\",\"itemListElement\":[{\"@type\":\"ListItem\",\"position\":1,\"name\":\"Portada\",\"item\":\"https:\/\/www.fundacionmicrofinanzasbbva.org\/revistaprogreso\/\"},{\"@type\":\"ListItem\",\"position\":2,\"name\":\"Informe de Desarrollo Humano 2015. \u00abTrabajo al servicio del Desarrollo Humano\u201c\"}]},{\"@type\":\"WebSite\",\"@id\":\"https:\/\/www.fundacionmicrofinanzasbbva.org\/revistaprogreso\/#website\",\"url\":\"https:\/\/www.fundacionmicrofinanzasbbva.org\/revistaprogreso\/\",\"name\":\"Revista Progreso\",\"description\":\"Revista de Actualidad Jur\u00eddica\",\"publisher\":{\"@id\":\"https:\/\/www.fundacionmicrofinanzasbbva.org\/revistaprogreso\/#organization\"},\"alternateName\":\"Revista Progreso\",\"potentialAction\":[{\"@type\":\"SearchAction\",\"target\":{\"@type\":\"EntryPoint\",\"urlTemplate\":\"https:\/\/www.fundacionmicrofinanzasbbva.org\/revistaprogreso\/?s={search_term_string}\"},\"query-input\":{\"@type\":\"PropertyValueSpecification\",\"valueRequired\":true,\"valueName\":\"search_term_string\"}}],\"inLanguage\":\"es\"},{\"@type\":\"Organization\",\"@id\":\"https:\/\/www.fundacionmicrofinanzasbbva.org\/revistaprogreso\/#organization\",\"name\":\"Revista Progreso\",\"alternateName\":\"Revista Progreso\",\"url\":\"https:\/\/www.fundacionmicrofinanzasbbva.org\/revistaprogreso\/\",\"logo\":{\"@type\":\"ImageObject\",\"inLanguage\":\"es\",\"@id\":\"https:\/\/www.fundacionmicrofinanzasbbva.org\/revistaprogreso\/#\/schema\/logo\/image\/\",\"url\":\"https:\/\/www.fundacionmicrofinanzasbbva.org\/revistaprogreso\/wp-content\/uploads\/2023\/09\/Logo-FMBBVA-AZUL.png\",\"contentUrl\":\"https:\/\/www.fundacionmicrofinanzasbbva.org\/revistaprogreso\/wp-content\/uploads\/2023\/09\/Logo-FMBBVA-AZUL.png\",\"width\":6173,\"height\":1001,\"caption\":\"Revista Progreso\"},\"image\":{\"@id\":\"https:\/\/www.fundacionmicrofinanzasbbva.org\/revistaprogreso\/#\/schema\/logo\/image\/\"},\"sameAs\":[\"https:\/\/www.facebook.com\/fundacionmicrofinanzasbbva\",\"https:\/\/x.com\/FMBBVA\",\"https:\/\/www.linkedin.com\/company\/fundacin-microfinanzas-bbva\/\",\"https:\/\/www.instagram.com\/somosfmbbva\/\"]},{\"@type\":\"Person\",\"@id\":\"https:\/\/www.fundacionmicrofinanzasbbva.org\/revistaprogreso\/#\/schema\/person\/4a3fe64f7988998aa5e22913c8147baf\",\"name\":\"karessa Ramos\",\"image\":{\"@type\":\"ImageObject\",\"inLanguage\":\"es\",\"@id\":\"https:\/\/www.fundacionmicrofinanzasbbva.org\/revistaprogreso\/#\/schema\/person\/image\/\",\"url\":\"https:\/\/secure.gravatar.com\/avatar\/a2388109b4325a6fb9c892c3212e430cdc0835c8fc1c1a41f4cc2a3b175b81c5?s=96&d=mm&r=g\",\"contentUrl\":\"https:\/\/secure.gravatar.com\/avatar\/a2388109b4325a6fb9c892c3212e430cdc0835c8fc1c1a41f4cc2a3b175b81c5?s=96&d=mm&r=g\",\"caption\":\"karessa Ramos\"},\"url\":\"https:\/\/www.fundacionmicrofinanzasbbva.org\/revistaprogreso\/author\/karessa\/\"}]}<\/script>\n<!-- \/ Yoast SEO plugin. -->","yoast_head_json":{"title":"Informe de Desarrollo Humano 2015. \"Trabajo al servicio del Desarrollo Humano\u201c","description":"PNUD presenta el Informe de Desarrollo Humano 2015 centrado en el trabajo decente como clave para el desarrollo humano","robots":{"index":"index","follow":"follow","max-snippet":"max-snippet:-1","max-image-preview":"max-image-preview:large","max-video-preview":"max-video-preview:-1"},"canonical":"https:\/\/www.fundacionmicrofinanzasbbva.org\/revistaprogreso\/informe-desarrollo-humano-2015-trabajo-al-servicio-del-desarrollo-humano\/","og_locale":"es_ES","og_type":"article","og_title":"Informe de Desarrollo Humano 2015. \"Trabajo al servicio del Desarrollo Humano\u201c","og_description":"PNUD presenta el Informe de Desarrollo Humano 2015 centrado en el trabajo decente como clave para el desarrollo humano","og_url":"https:\/\/www.fundacionmicrofinanzasbbva.org\/revistaprogreso\/informe-desarrollo-humano-2015-trabajo-al-servicio-del-desarrollo-humano\/","og_site_name":"Progreso","article_publisher":"https:\/\/www.facebook.com\/fundacionmicrofinanzasbbva","article_published_time":"2016-06-08T15:28:42+00:00","article_modified_time":"2017-11-28T17:49:29+00:00","og_image":[{"width":400,"height":300,"url":"https:\/\/www.progresomicrofinanzas.org\/revistaprogreso\/wp-content\/uploads\/2016\/06\/7-desarrollo-hum.jpg","type":"image\/jpeg"}],"author":"karessa Ramos","twitter_card":"summary_large_image","twitter_creator":"@FMBBVA","twitter_site":"@FMBBVA","twitter_misc":{"Escrito por":"karessa Ramos","Tiempo de lectura":"1 minuto"},"schema":{"@context":"https:\/\/schema.org","@graph":[{"@type":"Article","@id":"https:\/\/www.fundacionmicrofinanzasbbva.org\/revistaprogreso\/informe-desarrollo-humano-2015-trabajo-al-servicio-del-desarrollo-humano\/#article","isPartOf":{"@id":"https:\/\/www.fundacionmicrofinanzasbbva.org\/revistaprogreso\/informe-desarrollo-humano-2015-trabajo-al-servicio-del-desarrollo-humano\/"},"author":{"name":"karessa Ramos","@id":"https:\/\/www.fundacionmicrofinanzasbbva.org\/revistaprogreso\/#\/schema\/person\/4a3fe64f7988998aa5e22913c8147baf"},"headline":"Informe de Desarrollo Humano 2015. \u00abTrabajo al servicio del Desarrollo Humano\u201c","datePublished":"2016-06-08T15:28:42+00:00","dateModified":"2017-11-28T17:49:29+00:00","mainEntityOfPage":{"@id":"https:\/\/www.fundacionmicrofinanzasbbva.org\/revistaprogreso\/informe-desarrollo-humano-2015-trabajo-al-servicio-del-desarrollo-humano\/"},"wordCount":268,"commentCount":0,"publisher":{"@id":"https:\/\/www.fundacionmicrofinanzasbbva.org\/revistaprogreso\/#organization"},"image":{"@id":"https:\/\/www.fundacionmicrofinanzasbbva.org\/revistaprogreso\/informe-desarrollo-humano-2015-trabajo-al-servicio-del-desarrollo-humano\/#primaryimage"},"thumbnailUrl":"https:\/\/www.fundacionmicrofinanzasbbva.org\/revistaprogreso\/wp-content\/uploads\/2016\/06\/7-desarrollo-hum.jpg","keywords":["#inclusi\u00f3n financiera","desarrollo humano","desigualdad","IDH","Informe de Desarrollo Humano","PNUD","pobreza","sostenibilidad ambiental","trabajo decente"],"inLanguage":"es"},{"@type":"WebPage","@id":"https:\/\/www.fundacionmicrofinanzasbbva.org\/revistaprogreso\/informe-desarrollo-humano-2015-trabajo-al-servicio-del-desarrollo-humano\/","url":"https:\/\/www.fundacionmicrofinanzasbbva.org\/revistaprogreso\/informe-desarrollo-humano-2015-trabajo-al-servicio-del-desarrollo-humano\/","name":"Informe de Desarrollo Humano 2015. \"Trabajo al servicio del Desarrollo Humano\u201c","isPartOf":{"@id":"https:\/\/www.fundacionmicrofinanzasbbva.org\/revistaprogreso\/#website"},"primaryImageOfPage":{"@id":"https:\/\/www.fundacionmicrofinanzasbbva.org\/revistaprogreso\/informe-desarrollo-humano-2015-trabajo-al-servicio-del-desarrollo-humano\/#primaryimage"},"image":{"@id":"https:\/\/www.fundacionmicrofinanzasbbva.org\/revistaprogreso\/informe-desarrollo-humano-2015-trabajo-al-servicio-del-desarrollo-humano\/#primaryimage"},"thumbnailUrl":"https:\/\/www.fundacionmicrofinanzasbbva.org\/revistaprogreso\/wp-content\/uploads\/2016\/06\/7-desarrollo-hum.jpg","datePublished":"2016-06-08T15:28:42+00:00","dateModified":"2017-11-28T17:49:29+00:00","description":"PNUD presenta el Informe de Desarrollo Humano 2015 centrado en el trabajo decente como clave para el desarrollo humano","breadcrumb":{"@id":"https:\/\/www.fundacionmicrofinanzasbbva.org\/revistaprogreso\/informe-desarrollo-humano-2015-trabajo-al-servicio-del-desarrollo-humano\/#breadcrumb"},"inLanguage":"es","potentialAction":[{"@type":"ReadAction","target":["https:\/\/www.fundacionmicrofinanzasbbva.org\/revistaprogreso\/informe-desarrollo-humano-2015-trabajo-al-servicio-del-desarrollo-humano\/"]}]},{"@type":"ImageObject","inLanguage":"es","@id":"https:\/\/www.fundacionmicrofinanzasbbva.org\/revistaprogreso\/informe-desarrollo-humano-2015-trabajo-al-servicio-del-desarrollo-humano\/#primaryimage","url":"https:\/\/www.fundacionmicrofinanzasbbva.org\/revistaprogreso\/wp-content\/uploads\/2016\/06\/7-desarrollo-hum.jpg","contentUrl":"https:\/\/www.fundacionmicrofinanzasbbva.org\/revistaprogreso\/wp-content\/uploads\/2016\/06\/7-desarrollo-hum.jpg","width":400,"height":300},{"@type":"BreadcrumbList","@id":"https:\/\/www.fundacionmicrofinanzasbbva.org\/revistaprogreso\/informe-desarrollo-humano-2015-trabajo-al-servicio-del-desarrollo-humano\/#breadcrumb","itemListElement":[{"@type":"ListItem","position":1,"name":"Portada","item":"https:\/\/www.fundacionmicrofinanzasbbva.org\/revistaprogreso\/"},{"@type":"ListItem","position":2,"name":"Informe de Desarrollo Humano 2015. \u00abTrabajo al servicio del Desarrollo Humano\u201c"}]},{"@type":"WebSite","@id":"https:\/\/www.fundacionmicrofinanzasbbva.org\/revistaprogreso\/#website","url":"https:\/\/www.fundacionmicrofinanzasbbva.org\/revistaprogreso\/","name":"Revista Progreso","description":"Revista de Actualidad Jur\u00eddica","publisher":{"@id":"https:\/\/www.fundacionmicrofinanzasbbva.org\/revistaprogreso\/#organization"},"alternateName":"Revista Progreso","potentialAction":[{"@type":"SearchAction","target":{"@type":"EntryPoint","urlTemplate":"https:\/\/www.fundacionmicrofinanzasbbva.org\/revistaprogreso\/?s={search_term_string}"},"query-input":{"@type":"PropertyValueSpecification","valueRequired":true,"valueName":"search_term_string"}}],"inLanguage":"es"},{"@type":"Organization","@id":"https:\/\/www.fundacionmicrofinanzasbbva.org\/revistaprogreso\/#organization","name":"Revista Progreso","alternateName":"Revista Progreso","url":"https:\/\/www.fundacionmicrofinanzasbbva.org\/revistaprogreso\/","logo":{"@type":"ImageObject","inLanguage":"es","@id":"https:\/\/www.fundacionmicrofinanzasbbva.org\/revistaprogreso\/#\/schema\/logo\/image\/","url":"https:\/\/www.fundacionmicrofinanzasbbva.org\/revistaprogreso\/wp-content\/uploads\/2023\/09\/Logo-FMBBVA-AZUL.png","contentUrl":"https:\/\/www.fundacionmicrofinanzasbbva.org\/revistaprogreso\/wp-content\/uploads\/2023\/09\/Logo-FMBBVA-AZUL.png","width":6173,"height":1001,"caption":"Revista Progreso"},"image":{"@id":"https:\/\/www.fundacionmicrofinanzasbbva.org\/revistaprogreso\/#\/schema\/logo\/image\/"},"sameAs":["https:\/\/www.facebook.com\/fundacionmicrofinanzasbbva","https:\/\/x.com\/FMBBVA","https:\/\/www.linkedin.com\/company\/fundacin-microfinanzas-bbva\/","https:\/\/www.instagram.com\/somosfmbbva\/"]},{"@type":"Person","@id":"https:\/\/www.fundacionmicrofinanzasbbva.org\/revistaprogreso\/#\/schema\/person\/4a3fe64f7988998aa5e22913c8147baf","name":"karessa Ramos","image":{"@type":"ImageObject","inLanguage":"es","@id":"https:\/\/www.fundacionmicrofinanzasbbva.org\/revistaprogreso\/#\/schema\/person\/image\/","url":"https:\/\/secure.gravatar.com\/avatar\/a2388109b4325a6fb9c892c3212e430cdc0835c8fc1c1a41f4cc2a3b175b81c5?s=96&d=mm&r=g","contentUrl":"https:\/\/secure.gravatar.com\/avatar\/a2388109b4325a6fb9c892c3212e430cdc0835c8fc1c1a41f4cc2a3b175b81c5?s=96&d=mm&r=g","caption":"karessa Ramos"},"url":"https:\/\/www.fundacionmicrofinanzasbbva.org\/revistaprogreso\/author\/karessa\/"}]}},"_links":{"self":[{"href":"https:\/\/www.fundacionmicrofinanzasbbva.org\/revistaprogreso\/wp-json\/wp\/v2\/posts\/4889","targetHints":{"allow":["GET"]}}],"collection":[{"href":"https:\/\/www.fundacionmicrofinanzasbbva.org\/revistaprogreso\/wp-json\/wp\/v2\/posts"}],"about":[{"href":"https:\/\/www.fundacionmicrofinanzasbbva.org\/revistaprogreso\/wp-json\/wp\/v2\/types\/post"}],"author":[{"embeddable":true,"href":"https:\/\/www.fundacionmicrofinanzasbbva.org\/revistaprogreso\/wp-json\/wp\/v2\/users\/30"}],"replies":[{"embeddable":true,"href":"https:\/\/www.fundacionmicrofinanzasbbva.org\/revistaprogreso\/wp-json\/wp\/v2\/comments?post=4889"}],"version-history":[{"count":0,"href":"https:\/\/www.fundacionmicrofinanzasbbva.org\/revistaprogreso\/wp-json\/wp\/v2\/posts\/4889\/revisions"}],"wp:featuredmedia":[{"embeddable":true,"href":"https:\/\/www.fundacionmicrofinanzasbbva.org\/revistaprogreso\/wp-json\/wp\/v2\/media\/9627"}],"wp:attachment":[{"href":"https:\/\/www.fundacionmicrofinanzasbbva.org\/revistaprogreso\/wp-json\/wp\/v2\/media?parent=4889"}],"wp:term":[{"taxonomy":"post_tag","embeddable":true,"href":"https:\/\/www.fundacionmicrofinanzasbbva.org\/revistaprogreso\/wp-json\/wp\/v2\/tags?post=4889"}],"curies":[{"name":"wp","href":"https:\/\/api.w.org\/{rel}","templated":true}]}}