{"id":4755,"date":"2016-05-31T09:21:09","date_gmt":"2016-05-31T09:21:09","guid":{"rendered":"http:\/\/progresomicrofinanzas.org\/?p=4755"},"modified":"2017-11-20T11:30:18","modified_gmt":"2017-11-20T11:30:18","slug":"las-garantias-mobiliarias-garantias-admisibles","status":"publish","type":"post","link":"https:\/\/www.fundacionmicrofinanzasbbva.org\/revistaprogreso\/las-garantias-mobiliarias-garantias-admisibles\/","title":{"rendered":"Las garant\u00edas mobiliarias como garant\u00edas admisibles"},"content":{"rendered":"<div class=\"pdfprnt-buttons pdfprnt-buttons-post pdfprnt-top-right\"><a href=\"https:\/\/www.fundacionmicrofinanzasbbva.org\/revistaprogreso\/wp-json\/wp\/v2\/posts\/4755?print=pdf\" class=\"pdfprnt-button pdfprnt-button-pdf\" target=\"_blank\" ><img decoding=\"async\" src=\"https:\/\/www.fundacionmicrofinanzasbbva.org\/revistaprogreso\/wp-content\/plugins\/pdf-print\/images\/pdf.png\" alt=\"image_pdf\" title=\"Ver PDF\" \/><\/a><a href=\"https:\/\/www.fundacionmicrofinanzasbbva.org\/revistaprogreso\/wp-json\/wp\/v2\/posts\/4755?print=print\" class=\"pdfprnt-button pdfprnt-button-print\" target=\"_blank\" ><img decoding=\"async\" src=\"https:\/\/www.fundacionmicrofinanzasbbva.org\/revistaprogreso\/wp-content\/plugins\/pdf-print\/images\/print.png\" alt=\"image_print\" title=\"Imprimir contenido\" \/><\/a><\/div><p><span style=\"font-weight: 400;\">A partir del 17 de marzo de 2016, las garant\u00edas mobiliarias son consideradas formalmente como garant\u00edas admisibles en la realizaci\u00f3n de operaciones activas de los establecimientos de cr\u00e9dito en Colombia. Esto implica que en adelante podr\u00e1n garantizar obligaciones que en su conjunto excedan el 10% del patrimonio t\u00e9cnico del establecimiento de cr\u00e9dito acreedor.<\/span><\/p>\n<p><span style=\"font-weight: 400;\">En l\u00ednea con la anterior novedad, se dispuso que el activo circulante del deudor sirva tambi\u00e9n como garant\u00eda admisible.<\/span><\/p>\n<p><span style=\"font-weight: 400;\">Esta nueva reglamentaci\u00f3n sobre las garant\u00edas mobiliarias da mayor seguridad jur\u00eddica a su esquema normativo, de cara a las operaciones de cr\u00e9dito realizadas por los establecimientos de cr\u00e9dito en Colombia.<\/span><\/p>\n<p>&nbsp;<\/p>\n","protected":false},"excerpt":{"rendered":"<p>A partir del 17 de marzo de 2016, las garant\u00edas mobiliarias son consideradas formalmente como garant\u00edas admisibles en la realizaci\u00f3n de operaciones activas de los establecimientos de cr\u00e9dito en Colombia. Esto implica que en adelante podr\u00e1n garantizar obligaciones que en su conjunto excedan el 10% del patrimonio t\u00e9cnico del establecimiento de cr\u00e9dito acreedor. En l\u00ednea [&hellip;]<\/p>\n","protected":false},"author":30,"featured_media":4758,"comment_status":"open","ping_status":"open","sticky":false,"template":"","format":"standard","meta":{"_acf_changed":false,"footnotes":""},"tags":[208,689,957,224],"class_list":["post-4755","post","type-post","status-publish","format-standard","has-post-thumbnail","hentry","tag-colombia","tag-garantias","tag-garantias-admisibles","tag-garantias-mobiliarias","numero-7m","seccion-legislacion-normas-publicadas-microfinanzas","pais-colombia"],"acf":[],"yoast_head":"<!-- This site is optimized with the Yoast SEO plugin v27.4 - https:\/\/yoast.com\/product\/yoast-seo-wordpress\/ -->\n<title>Las garant\u00edas mobiliarias como garant\u00edas admisibles<\/title>\n<meta name=\"description\" content=\"Colombia. Las garant\u00edas mobiliarias se incluyen en la lista de garant\u00edas admisibles para garantizar cr\u00e9ditos otorgados por los establecimientos de cr\u00e9dito.\" \/>\n<meta name=\"robots\" content=\"index, follow, max-snippet:-1, max-image-preview:large, max-video-preview:-1\" \/>\n<link rel=\"canonical\" href=\"https:\/\/www.fundacionmicrofinanzasbbva.org\/revistaprogreso\/las-garantias-mobiliarias-garantias-admisibles\/\" \/>\n<meta property=\"og:locale\" content=\"es_ES\" \/>\n<meta property=\"og:type\" content=\"article\" \/>\n<meta property=\"og:title\" content=\"Las garant\u00edas mobiliarias como garant\u00edas admisibles\" \/>\n<meta property=\"og:description\" content=\"Colombia. Las garant\u00edas mobiliarias se incluyen en la lista de garant\u00edas admisibles para garantizar cr\u00e9ditos otorgados por los establecimientos de cr\u00e9dito.\" \/>\n<meta property=\"og:url\" content=\"https:\/\/www.fundacionmicrofinanzasbbva.org\/revistaprogreso\/las-garantias-mobiliarias-garantias-admisibles\/\" \/>\n<meta property=\"og:site_name\" content=\"Progreso\" \/>\n<meta property=\"article:publisher\" content=\"https:\/\/www.facebook.com\/fundacionmicrofinanzasbbva\" \/>\n<meta property=\"article:published_time\" content=\"2016-05-31T09:21:09+00:00\" \/>\n<meta property=\"article:modified_time\" content=\"2017-11-20T11:30:18+00:00\" \/>\n<meta property=\"og:image\" content=\"https:\/\/www.fundacionmicrofinanzasbbva.org\/revistaprogreso\/wp-content\/uploads\/2016\/05\/colombia-garantias-mob.jpg\" \/>\n\t<meta property=\"og:image:width\" content=\"925\" \/>\n\t<meta property=\"og:image:height\" content=\"800\" \/>\n\t<meta property=\"og:image:type\" content=\"image\/jpeg\" \/>\n<meta name=\"author\" content=\"karessa Ramos\" \/>\n<meta name=\"twitter:card\" content=\"summary_large_image\" \/>\n<meta name=\"twitter:creator\" content=\"@FMBBVA\" \/>\n<meta name=\"twitter:site\" content=\"@FMBBVA\" \/>\n<meta name=\"twitter:label1\" content=\"Escrito por\" \/>\n\t<meta name=\"twitter:data1\" content=\"karessa Ramos\" \/>\n\t<meta name=\"twitter:label2\" content=\"Tiempo de lectura\" \/>\n\t<meta name=\"twitter:data2\" content=\"1 minuto\" \/>\n<script type=\"application\/ld+json\" class=\"yoast-schema-graph\">{\"@context\":\"https:\\\/\\\/schema.org\",\"@graph\":[{\"@type\":\"Article\",\"@id\":\"https:\\\/\\\/www.fundacionmicrofinanzasbbva.org\\\/revistaprogreso\\\/las-garantias-mobiliarias-garantias-admisibles\\\/#article\",\"isPartOf\":{\"@id\":\"https:\\\/\\\/www.fundacionmicrofinanzasbbva.org\\\/revistaprogreso\\\/las-garantias-mobiliarias-garantias-admisibles\\\/\"},\"author\":{\"name\":\"karessa Ramos\",\"@id\":\"https:\\\/\\\/www.progresomicrofinanzas.org\\\/revistaprogreso\\\/#\\\/schema\\\/person\\\/4a3fe64f7988998aa5e22913c8147baf\"},\"headline\":\"Las garant\u00edas mobiliarias como garant\u00edas admisibles\",\"datePublished\":\"2016-05-31T09:21:09+00:00\",\"dateModified\":\"2017-11-20T11:30:18+00:00\",\"mainEntityOfPage\":{\"@id\":\"https:\\\/\\\/www.fundacionmicrofinanzasbbva.org\\\/revistaprogreso\\\/las-garantias-mobiliarias-garantias-admisibles\\\/\"},\"wordCount\":123,\"commentCount\":0,\"publisher\":{\"@id\":\"https:\\\/\\\/www.progresomicrofinanzas.org\\\/revistaprogreso\\\/#organization\"},\"image\":{\"@id\":\"https:\\\/\\\/www.fundacionmicrofinanzasbbva.org\\\/revistaprogreso\\\/las-garantias-mobiliarias-garantias-admisibles\\\/#primaryimage\"},\"thumbnailUrl\":\"https:\\\/\\\/www.fundacionmicrofinanzasbbva.org\\\/revistaprogreso\\\/wp-content\\\/uploads\\\/2016\\\/05\\\/colombia-garantias-mob.jpg\",\"keywords\":[\"Colombia\",\"garant\u00edas\",\"garant\u00edas admisibles\",\"garant\u00edas mobiliarias\"],\"inLanguage\":\"es\"},{\"@type\":\"WebPage\",\"@id\":\"https:\\\/\\\/www.fundacionmicrofinanzasbbva.org\\\/revistaprogreso\\\/las-garantias-mobiliarias-garantias-admisibles\\\/\",\"url\":\"https:\\\/\\\/www.fundacionmicrofinanzasbbva.org\\\/revistaprogreso\\\/las-garantias-mobiliarias-garantias-admisibles\\\/\",\"name\":\"Las garant\u00edas mobiliarias como garant\u00edas admisibles\",\"isPartOf\":{\"@id\":\"https:\\\/\\\/www.progresomicrofinanzas.org\\\/revistaprogreso\\\/#website\"},\"primaryImageOfPage\":{\"@id\":\"https:\\\/\\\/www.fundacionmicrofinanzasbbva.org\\\/revistaprogreso\\\/las-garantias-mobiliarias-garantias-admisibles\\\/#primaryimage\"},\"image\":{\"@id\":\"https:\\\/\\\/www.fundacionmicrofinanzasbbva.org\\\/revistaprogreso\\\/las-garantias-mobiliarias-garantias-admisibles\\\/#primaryimage\"},\"thumbnailUrl\":\"https:\\\/\\\/www.fundacionmicrofinanzasbbva.org\\\/revistaprogreso\\\/wp-content\\\/uploads\\\/2016\\\/05\\\/colombia-garantias-mob.jpg\",\"datePublished\":\"2016-05-31T09:21:09+00:00\",\"dateModified\":\"2017-11-20T11:30:18+00:00\",\"description\":\"Colombia. Las garant\u00edas mobiliarias se incluyen en la lista de garant\u00edas admisibles para garantizar cr\u00e9ditos otorgados por los establecimientos de cr\u00e9dito.\",\"breadcrumb\":{\"@id\":\"https:\\\/\\\/www.fundacionmicrofinanzasbbva.org\\\/revistaprogreso\\\/las-garantias-mobiliarias-garantias-admisibles\\\/#breadcrumb\"},\"inLanguage\":\"es\",\"potentialAction\":[{\"@type\":\"ReadAction\",\"target\":[\"https:\\\/\\\/www.fundacionmicrofinanzasbbva.org\\\/revistaprogreso\\\/las-garantias-mobiliarias-garantias-admisibles\\\/\"]}]},{\"@type\":\"ImageObject\",\"inLanguage\":\"es\",\"@id\":\"https:\\\/\\\/www.fundacionmicrofinanzasbbva.org\\\/revistaprogreso\\\/las-garantias-mobiliarias-garantias-admisibles\\\/#primaryimage\",\"url\":\"https:\\\/\\\/www.fundacionmicrofinanzasbbva.org\\\/revistaprogreso\\\/wp-content\\\/uploads\\\/2016\\\/05\\\/colombia-garantias-mob.jpg\",\"contentUrl\":\"https:\\\/\\\/www.fundacionmicrofinanzasbbva.org\\\/revistaprogreso\\\/wp-content\\\/uploads\\\/2016\\\/05\\\/colombia-garantias-mob.jpg\",\"width\":925,\"height\":800},{\"@type\":\"BreadcrumbList\",\"@id\":\"https:\\\/\\\/www.fundacionmicrofinanzasbbva.org\\\/revistaprogreso\\\/las-garantias-mobiliarias-garantias-admisibles\\\/#breadcrumb\",\"itemListElement\":[{\"@type\":\"ListItem\",\"position\":1,\"name\":\"Portada\",\"item\":\"https:\\\/\\\/www.progresomicrofinanzas.org\\\/revistaprogreso\\\/\"},{\"@type\":\"ListItem\",\"position\":2,\"name\":\"Las garant\u00edas mobiliarias como garant\u00edas admisibles\"}]},{\"@type\":\"WebSite\",\"@id\":\"https:\\\/\\\/www.progresomicrofinanzas.org\\\/revistaprogreso\\\/#website\",\"url\":\"https:\\\/\\\/www.progresomicrofinanzas.org\\\/revistaprogreso\\\/\",\"name\":\"Revista Progreso\",\"description\":\"Revista de Actualidad Jur\u00eddica\",\"publisher\":{\"@id\":\"https:\\\/\\\/www.progresomicrofinanzas.org\\\/revistaprogreso\\\/#organization\"},\"alternateName\":\"Revista Progreso\",\"potentialAction\":[{\"@type\":\"SearchAction\",\"target\":{\"@type\":\"EntryPoint\",\"urlTemplate\":\"https:\\\/\\\/www.progresomicrofinanzas.org\\\/revistaprogreso\\\/?s={search_term_string}\"},\"query-input\":{\"@type\":\"PropertyValueSpecification\",\"valueRequired\":true,\"valueName\":\"search_term_string\"}}],\"inLanguage\":\"es\"},{\"@type\":\"Organization\",\"@id\":\"https:\\\/\\\/www.progresomicrofinanzas.org\\\/revistaprogreso\\\/#organization\",\"name\":\"Revista Progreso\",\"alternateName\":\"Revista Progreso\",\"url\":\"https:\\\/\\\/www.progresomicrofinanzas.org\\\/revistaprogreso\\\/\",\"logo\":{\"@type\":\"ImageObject\",\"inLanguage\":\"es\",\"@id\":\"https:\\\/\\\/www.progresomicrofinanzas.org\\\/revistaprogreso\\\/#\\\/schema\\\/logo\\\/image\\\/\",\"url\":\"https:\\\/\\\/www.fundacionmicrofinanzasbbva.org\\\/revistaprogreso\\\/wp-content\\\/uploads\\\/2023\\\/09\\\/Logo-FMBBVA-AZUL.png\",\"contentUrl\":\"https:\\\/\\\/www.fundacionmicrofinanzasbbva.org\\\/revistaprogreso\\\/wp-content\\\/uploads\\\/2023\\\/09\\\/Logo-FMBBVA-AZUL.png\",\"width\":6173,\"height\":1001,\"caption\":\"Revista Progreso\"},\"image\":{\"@id\":\"https:\\\/\\\/www.progresomicrofinanzas.org\\\/revistaprogreso\\\/#\\\/schema\\\/logo\\\/image\\\/\"},\"sameAs\":[\"https:\\\/\\\/www.facebook.com\\\/fundacionmicrofinanzasbbva\",\"https:\\\/\\\/x.com\\\/FMBBVA\",\"https:\\\/\\\/www.linkedin.com\\\/company\\\/fundacin-microfinanzas-bbva\\\/\",\"https:\\\/\\\/www.instagram.com\\\/somosfmbbva\\\/\"]},{\"@type\":\"Person\",\"@id\":\"https:\\\/\\\/www.progresomicrofinanzas.org\\\/revistaprogreso\\\/#\\\/schema\\\/person\\\/4a3fe64f7988998aa5e22913c8147baf\",\"name\":\"karessa Ramos\",\"image\":{\"@type\":\"ImageObject\",\"inLanguage\":\"es\",\"@id\":\"https:\\\/\\\/secure.gravatar.com\\\/avatar\\\/a2388109b4325a6fb9c892c3212e430cdc0835c8fc1c1a41f4cc2a3b175b81c5?s=96&d=mm&r=g\",\"url\":\"https:\\\/\\\/secure.gravatar.com\\\/avatar\\\/a2388109b4325a6fb9c892c3212e430cdc0835c8fc1c1a41f4cc2a3b175b81c5?s=96&d=mm&r=g\",\"contentUrl\":\"https:\\\/\\\/secure.gravatar.com\\\/avatar\\\/a2388109b4325a6fb9c892c3212e430cdc0835c8fc1c1a41f4cc2a3b175b81c5?s=96&d=mm&r=g\",\"caption\":\"karessa Ramos\"},\"url\":\"https:\\\/\\\/www.fundacionmicrofinanzasbbva.org\\\/revistaprogreso\\\/author\\\/karessa\\\/\"}]}<\/script>\n<!-- \/ Yoast SEO plugin. -->","yoast_head_json":{"title":"Las garant\u00edas mobiliarias como garant\u00edas admisibles","description":"Colombia. Las garant\u00edas mobiliarias se incluyen en la lista de garant\u00edas admisibles para garantizar cr\u00e9ditos otorgados por los establecimientos de cr\u00e9dito.","robots":{"index":"index","follow":"follow","max-snippet":"max-snippet:-1","max-image-preview":"max-image-preview:large","max-video-preview":"max-video-preview:-1"},"canonical":"https:\/\/www.fundacionmicrofinanzasbbva.org\/revistaprogreso\/las-garantias-mobiliarias-garantias-admisibles\/","og_locale":"es_ES","og_type":"article","og_title":"Las garant\u00edas mobiliarias como garant\u00edas admisibles","og_description":"Colombia. Las garant\u00edas mobiliarias se incluyen en la lista de garant\u00edas admisibles para garantizar cr\u00e9ditos otorgados por los establecimientos de cr\u00e9dito.","og_url":"https:\/\/www.fundacionmicrofinanzasbbva.org\/revistaprogreso\/las-garantias-mobiliarias-garantias-admisibles\/","og_site_name":"Progreso","article_publisher":"https:\/\/www.facebook.com\/fundacionmicrofinanzasbbva","article_published_time":"2016-05-31T09:21:09+00:00","article_modified_time":"2017-11-20T11:30:18+00:00","og_image":[{"width":925,"height":800,"url":"https:\/\/www.fundacionmicrofinanzasbbva.org\/revistaprogreso\/wp-content\/uploads\/2016\/05\/colombia-garantias-mob.jpg","type":"image\/jpeg"}],"author":"karessa Ramos","twitter_card":"summary_large_image","twitter_creator":"@FMBBVA","twitter_site":"@FMBBVA","twitter_misc":{"Escrito por":"karessa Ramos","Tiempo de lectura":"1 minuto"},"schema":{"@context":"https:\/\/schema.org","@graph":[{"@type":"Article","@id":"https:\/\/www.fundacionmicrofinanzasbbva.org\/revistaprogreso\/las-garantias-mobiliarias-garantias-admisibles\/#article","isPartOf":{"@id":"https:\/\/www.fundacionmicrofinanzasbbva.org\/revistaprogreso\/las-garantias-mobiliarias-garantias-admisibles\/"},"author":{"name":"karessa Ramos","@id":"https:\/\/www.progresomicrofinanzas.org\/revistaprogreso\/#\/schema\/person\/4a3fe64f7988998aa5e22913c8147baf"},"headline":"Las garant\u00edas mobiliarias como garant\u00edas admisibles","datePublished":"2016-05-31T09:21:09+00:00","dateModified":"2017-11-20T11:30:18+00:00","mainEntityOfPage":{"@id":"https:\/\/www.fundacionmicrofinanzasbbva.org\/revistaprogreso\/las-garantias-mobiliarias-garantias-admisibles\/"},"wordCount":123,"commentCount":0,"publisher":{"@id":"https:\/\/www.progresomicrofinanzas.org\/revistaprogreso\/#organization"},"image":{"@id":"https:\/\/www.fundacionmicrofinanzasbbva.org\/revistaprogreso\/las-garantias-mobiliarias-garantias-admisibles\/#primaryimage"},"thumbnailUrl":"https:\/\/www.fundacionmicrofinanzasbbva.org\/revistaprogreso\/wp-content\/uploads\/2016\/05\/colombia-garantias-mob.jpg","keywords":["Colombia","garant\u00edas","garant\u00edas admisibles","garant\u00edas mobiliarias"],"inLanguage":"es"},{"@type":"WebPage","@id":"https:\/\/www.fundacionmicrofinanzasbbva.org\/revistaprogreso\/las-garantias-mobiliarias-garantias-admisibles\/","url":"https:\/\/www.fundacionmicrofinanzasbbva.org\/revistaprogreso\/las-garantias-mobiliarias-garantias-admisibles\/","name":"Las garant\u00edas mobiliarias como garant\u00edas admisibles","isPartOf":{"@id":"https:\/\/www.progresomicrofinanzas.org\/revistaprogreso\/#website"},"primaryImageOfPage":{"@id":"https:\/\/www.fundacionmicrofinanzasbbva.org\/revistaprogreso\/las-garantias-mobiliarias-garantias-admisibles\/#primaryimage"},"image":{"@id":"https:\/\/www.fundacionmicrofinanzasbbva.org\/revistaprogreso\/las-garantias-mobiliarias-garantias-admisibles\/#primaryimage"},"thumbnailUrl":"https:\/\/www.fundacionmicrofinanzasbbva.org\/revistaprogreso\/wp-content\/uploads\/2016\/05\/colombia-garantias-mob.jpg","datePublished":"2016-05-31T09:21:09+00:00","dateModified":"2017-11-20T11:30:18+00:00","description":"Colombia. Las garant\u00edas mobiliarias se incluyen en la lista de garant\u00edas admisibles para garantizar cr\u00e9ditos otorgados por los establecimientos de cr\u00e9dito.","breadcrumb":{"@id":"https:\/\/www.fundacionmicrofinanzasbbva.org\/revistaprogreso\/las-garantias-mobiliarias-garantias-admisibles\/#breadcrumb"},"inLanguage":"es","potentialAction":[{"@type":"ReadAction","target":["https:\/\/www.fundacionmicrofinanzasbbva.org\/revistaprogreso\/las-garantias-mobiliarias-garantias-admisibles\/"]}]},{"@type":"ImageObject","inLanguage":"es","@id":"https:\/\/www.fundacionmicrofinanzasbbva.org\/revistaprogreso\/las-garantias-mobiliarias-garantias-admisibles\/#primaryimage","url":"https:\/\/www.fundacionmicrofinanzasbbva.org\/revistaprogreso\/wp-content\/uploads\/2016\/05\/colombia-garantias-mob.jpg","contentUrl":"https:\/\/www.fundacionmicrofinanzasbbva.org\/revistaprogreso\/wp-content\/uploads\/2016\/05\/colombia-garantias-mob.jpg","width":925,"height":800},{"@type":"BreadcrumbList","@id":"https:\/\/www.fundacionmicrofinanzasbbva.org\/revistaprogreso\/las-garantias-mobiliarias-garantias-admisibles\/#breadcrumb","itemListElement":[{"@type":"ListItem","position":1,"name":"Portada","item":"https:\/\/www.progresomicrofinanzas.org\/revistaprogreso\/"},{"@type":"ListItem","position":2,"name":"Las garant\u00edas mobiliarias como garant\u00edas admisibles"}]},{"@type":"WebSite","@id":"https:\/\/www.progresomicrofinanzas.org\/revistaprogreso\/#website","url":"https:\/\/www.progresomicrofinanzas.org\/revistaprogreso\/","name":"Revista Progreso","description":"Revista de Actualidad Jur\u00eddica","publisher":{"@id":"https:\/\/www.progresomicrofinanzas.org\/revistaprogreso\/#organization"},"alternateName":"Revista Progreso","potentialAction":[{"@type":"SearchAction","target":{"@type":"EntryPoint","urlTemplate":"https:\/\/www.progresomicrofinanzas.org\/revistaprogreso\/?s={search_term_string}"},"query-input":{"@type":"PropertyValueSpecification","valueRequired":true,"valueName":"search_term_string"}}],"inLanguage":"es"},{"@type":"Organization","@id":"https:\/\/www.progresomicrofinanzas.org\/revistaprogreso\/#organization","name":"Revista Progreso","alternateName":"Revista Progreso","url":"https:\/\/www.progresomicrofinanzas.org\/revistaprogreso\/","logo":{"@type":"ImageObject","inLanguage":"es","@id":"https:\/\/www.progresomicrofinanzas.org\/revistaprogreso\/#\/schema\/logo\/image\/","url":"https:\/\/www.fundacionmicrofinanzasbbva.org\/revistaprogreso\/wp-content\/uploads\/2023\/09\/Logo-FMBBVA-AZUL.png","contentUrl":"https:\/\/www.fundacionmicrofinanzasbbva.org\/revistaprogreso\/wp-content\/uploads\/2023\/09\/Logo-FMBBVA-AZUL.png","width":6173,"height":1001,"caption":"Revista Progreso"},"image":{"@id":"https:\/\/www.progresomicrofinanzas.org\/revistaprogreso\/#\/schema\/logo\/image\/"},"sameAs":["https:\/\/www.facebook.com\/fundacionmicrofinanzasbbva","https:\/\/x.com\/FMBBVA","https:\/\/www.linkedin.com\/company\/fundacin-microfinanzas-bbva\/","https:\/\/www.instagram.com\/somosfmbbva\/"]},{"@type":"Person","@id":"https:\/\/www.progresomicrofinanzas.org\/revistaprogreso\/#\/schema\/person\/4a3fe64f7988998aa5e22913c8147baf","name":"karessa Ramos","image":{"@type":"ImageObject","inLanguage":"es","@id":"https:\/\/secure.gravatar.com\/avatar\/a2388109b4325a6fb9c892c3212e430cdc0835c8fc1c1a41f4cc2a3b175b81c5?s=96&d=mm&r=g","url":"https:\/\/secure.gravatar.com\/avatar\/a2388109b4325a6fb9c892c3212e430cdc0835c8fc1c1a41f4cc2a3b175b81c5?s=96&d=mm&r=g","contentUrl":"https:\/\/secure.gravatar.com\/avatar\/a2388109b4325a6fb9c892c3212e430cdc0835c8fc1c1a41f4cc2a3b175b81c5?s=96&d=mm&r=g","caption":"karessa Ramos"},"url":"https:\/\/www.fundacionmicrofinanzasbbva.org\/revistaprogreso\/author\/karessa\/"}]}},"_links":{"self":[{"href":"https:\/\/www.fundacionmicrofinanzasbbva.org\/revistaprogreso\/wp-json\/wp\/v2\/posts\/4755","targetHints":{"allow":["GET"]}}],"collection":[{"href":"https:\/\/www.fundacionmicrofinanzasbbva.org\/revistaprogreso\/wp-json\/wp\/v2\/posts"}],"about":[{"href":"https:\/\/www.fundacionmicrofinanzasbbva.org\/revistaprogreso\/wp-json\/wp\/v2\/types\/post"}],"author":[{"embeddable":true,"href":"https:\/\/www.fundacionmicrofinanzasbbva.org\/revistaprogreso\/wp-json\/wp\/v2\/users\/30"}],"replies":[{"embeddable":true,"href":"https:\/\/www.fundacionmicrofinanzasbbva.org\/revistaprogreso\/wp-json\/wp\/v2\/comments?post=4755"}],"version-history":[{"count":0,"href":"https:\/\/www.fundacionmicrofinanzasbbva.org\/revistaprogreso\/wp-json\/wp\/v2\/posts\/4755\/revisions"}],"wp:featuredmedia":[{"embeddable":true,"href":"https:\/\/www.fundacionmicrofinanzasbbva.org\/revistaprogreso\/wp-json\/wp\/v2\/media\/4758"}],"wp:attachment":[{"href":"https:\/\/www.fundacionmicrofinanzasbbva.org\/revistaprogreso\/wp-json\/wp\/v2\/media?parent=4755"}],"wp:term":[{"taxonomy":"post_tag","embeddable":true,"href":"https:\/\/www.fundacionmicrofinanzasbbva.org\/revistaprogreso\/wp-json\/wp\/v2\/tags?post=4755"}],"curies":[{"name":"wp","href":"https:\/\/api.w.org\/{rel}","templated":true}]}}