{"id":3984,"date":"2016-02-25T10:05:05","date_gmt":"2016-02-25T10:05:05","guid":{"rendered":"http:\/\/progresomicrofinanzas.org\/?p=3984"},"modified":"2017-11-29T10:07:03","modified_gmt":"2017-11-29T10:07:03","slug":"inclusion-financiera-en-el-peru-principales-desafios-de-politicas-publicas","status":"publish","type":"post","link":"https:\/\/www.fundacionmicrofinanzasbbva.org\/revistaprogreso\/inclusion-financiera-en-el-peru-principales-desafios-de-politicas-publicas\/","title":{"rendered":"Inclusi\u00f3n financiera en el Per\u00fa: principales desaf\u00edos de pol\u00edticas p\u00fablicas"},"content":{"rendered":"<div class=\"pdfprnt-buttons pdfprnt-buttons-post pdfprnt-top-right\"><a href=\"https:\/\/www.fundacionmicrofinanzasbbva.org\/revistaprogreso\/wp-json\/wp\/v2\/posts\/3984?print=pdf\" class=\"pdfprnt-button pdfprnt-button-pdf\" target=\"_blank\" ><img decoding=\"async\" src=\"https:\/\/www.fundacionmicrofinanzasbbva.org\/revistaprogreso\/wp-content\/plugins\/pdf-print\/images\/pdf.png\" alt=\"image_pdf\" title=\"Ver PDF\" \/><\/a><a href=\"https:\/\/www.fundacionmicrofinanzasbbva.org\/revistaprogreso\/wp-json\/wp\/v2\/posts\/3984?print=print\" class=\"pdfprnt-button pdfprnt-button-print\" target=\"_blank\" ><img decoding=\"async\" src=\"https:\/\/www.fundacionmicrofinanzasbbva.org\/revistaprogreso\/wp-content\/plugins\/pdf-print\/images\/print.png\" alt=\"image_print\" title=\"Imprimir contenido\" \/><\/a><\/div><p><span style=\"font-weight: 400;\">El presente documento analiza el nivel de inclusi\u00f3n financiera y sus principales retos en Per\u00fa. Aporta recomendaciones dirigidas a guiar las pol\u00edticas p\u00fablicas y desarrollar un marco jur\u00eddico apropiado para la inclusi\u00f3n financiera.<\/span><\/p>\n<p><span style=\"font-weight: 400;\">Como principales desaf\u00edos destaca:<\/span><\/p>\n<p><span style=\"font-weight: 400;\">(i) Promover el acceso al sistema financiero<\/span><\/p>\n<p><span style=\"font-weight: 400;\">(ii) Dise\u00f1ar productos y servicios financieros adaptados a las necesidades de los usuarios<\/span><\/p>\n<p><span style=\"font-weight: 400;\">(iii) Implementar iniciativas de educaci\u00f3n financiera<\/span><\/p>\n<p><span style=\"font-weight: 400;\">(iv) Fortalecer los mecanismos y procesos de protecci\u00f3n al consumidor<\/span><\/p>\n<p><span style=\"font-weight: 400;\">(v) Promover estrategias de coordinaci\u00f3n intersectorial e interinstitucional<\/span><\/p>\n<p><span style=\"font-weight: 400;\">(vi) Promover el liderazgo del Banco de la Naci\u00f3n en la inclusi\u00f3n financiera<\/span><\/p>\n<p><span style=\"font-weight: 400;\">Para ello, se recomienda (i) la mejora de las infraestructuras con el fin de aumentar la expansi\u00f3n geogr\u00e1fica y la penetraci\u00f3n, (ii) el desarrollo e implementaci\u00f3n de canales financieros alternativos, como la banca m\u00f3vil y <\/span><span style=\"font-weight: 400;\"><a href=\"http:\/\/progresomicrofinanzas.org\/corresponsales-bancarios-y-estrategias-de-inclusion-financiera-en-latino-america\/\">corresponsales bancarios<\/a><\/span><span style=\"font-weight: 400;\">, (iii) la educaci\u00f3n financiera en todos los sectores y desde una edad temprana, como pilar fundamental para la inclusi\u00f3n, (iv) el fortalecimiento de la protecci\u00f3n al consumidor a trav\u00e9s de una mejor regulaci\u00f3n y educaci\u00f3n financiera; y (v) un papel m\u00e1s activo en la promoci\u00f3n de la inclusi\u00f3n financiera por parte del Banco de la Naci\u00f3n, aprovechando su alcance geogr\u00e1fico y experiencia adquirida. <\/span><\/p>\n","protected":false},"excerpt":{"rendered":"<p>El presente documento analiza el nivel de inclusi\u00f3n financiera y sus principales retos en Per\u00fa. Aporta recomendaciones dirigidas a guiar las pol\u00edticas p\u00fablicas y desarrollar un marco jur\u00eddico apropiado para la inclusi\u00f3n financiera. Como principales desaf\u00edos destaca: (i) Promover el acceso al sistema financiero (ii) Dise\u00f1ar productos y servicios financieros adaptados a las necesidades de [&hellip;]<\/p>\n","protected":false},"author":30,"featured_media":9663,"comment_status":"open","ping_status":"open","sticky":false,"template":"","format":"standard","meta":{"_acf_changed":false,"footnotes":""},"tags":[134,114,122,792,797,298,317],"class_list":["post-3984","post","type-post","status-publish","format-standard","has-post-thumbnail","hentry","tag-corresponsales-bancarios","tag-inclusion-financiera","tag-proteccion-al-consumidor","tag-banca-movil","tag-banco-de-la-nacion","tag-educacion-financiera","tag-peru","numero-6m","seccion-documentos-de-interes-microfinanzas"],"acf":[],"yoast_head":"<!-- This site is optimized with the Yoast SEO plugin v27.4 - https:\/\/yoast.com\/product\/yoast-seo-wordpress\/ -->\n<title>Inclusi\u00f3n financiera en el Per\u00fa: principales desaf\u00edos de pol\u00edticas p\u00fablicas<\/title>\n<meta name=\"description\" content=\"Inclusi\u00f3n financiera en el Per\u00fa: principales desaf\u00edos de pol\u00edticas p\u00fablicas\" \/>\n<meta name=\"robots\" content=\"index, follow, max-snippet:-1, max-image-preview:large, max-video-preview:-1\" \/>\n<link rel=\"canonical\" href=\"https:\/\/www.fundacionmicrofinanzasbbva.org\/revistaprogreso\/inclusion-financiera-en-el-peru-principales-desafios-de-politicas-publicas\/\" \/>\n<meta property=\"og:locale\" content=\"es_ES\" \/>\n<meta property=\"og:type\" content=\"article\" \/>\n<meta property=\"og:title\" content=\"Inclusi\u00f3n financiera en el Per\u00fa: principales desaf\u00edos de pol\u00edticas p\u00fablicas\" \/>\n<meta property=\"og:description\" content=\"Inclusi\u00f3n financiera en el Per\u00fa: principales desaf\u00edos de pol\u00edticas p\u00fablicas\" \/>\n<meta property=\"og:url\" content=\"https:\/\/www.fundacionmicrofinanzasbbva.org\/revistaprogreso\/inclusion-financiera-en-el-peru-principales-desafios-de-politicas-publicas\/\" \/>\n<meta property=\"og:site_name\" content=\"Progreso\" \/>\n<meta property=\"article:publisher\" content=\"https:\/\/www.facebook.com\/fundacionmicrofinanzasbbva\" \/>\n<meta property=\"article:published_time\" content=\"2016-02-25T10:05:05+00:00\" \/>\n<meta property=\"article:modified_time\" content=\"2017-11-29T10:07:03+00:00\" \/>\n<meta property=\"og:image\" content=\"https:\/\/www.fundacionmicrofinanzasbbva.org\/revistaprogreso\/wp-content\/uploads\/2016\/02\/6-incl-fin-peru.jpg\" \/>\n\t<meta property=\"og:image:width\" content=\"400\" \/>\n\t<meta property=\"og:image:height\" content=\"300\" \/>\n\t<meta property=\"og:image:type\" content=\"image\/jpeg\" \/>\n<meta name=\"author\" content=\"karessa Ramos\" \/>\n<meta name=\"twitter:card\" content=\"summary_large_image\" \/>\n<meta name=\"twitter:creator\" content=\"@FMBBVA\" \/>\n<meta name=\"twitter:site\" content=\"@FMBBVA\" \/>\n<meta name=\"twitter:label1\" content=\"Escrito por\" \/>\n\t<meta name=\"twitter:data1\" content=\"karessa Ramos\" \/>\n\t<meta name=\"twitter:label2\" content=\"Tiempo de lectura\" \/>\n\t<meta name=\"twitter:data2\" content=\"1 minuto\" \/>\n<script type=\"application\/ld+json\" class=\"yoast-schema-graph\">{\"@context\":\"https:\\\/\\\/schema.org\",\"@graph\":[{\"@type\":\"Article\",\"@id\":\"https:\\\/\\\/www.fundacionmicrofinanzasbbva.org\\\/revistaprogreso\\\/inclusion-financiera-en-el-peru-principales-desafios-de-politicas-publicas\\\/#article\",\"isPartOf\":{\"@id\":\"https:\\\/\\\/www.fundacionmicrofinanzasbbva.org\\\/revistaprogreso\\\/inclusion-financiera-en-el-peru-principales-desafios-de-politicas-publicas\\\/\"},\"author\":{\"name\":\"karessa Ramos\",\"@id\":\"https:\\\/\\\/34.249.117.129\\\/revistaprogreso\\\/en\\\/#\\\/schema\\\/person\\\/4a3fe64f7988998aa5e22913c8147baf\"},\"headline\":\"Inclusi\u00f3n financiera en el Per\u00fa: principales desaf\u00edos de pol\u00edticas p\u00fablicas\",\"datePublished\":\"2016-02-25T10:05:05+00:00\",\"dateModified\":\"2017-11-29T10:07:03+00:00\",\"mainEntityOfPage\":{\"@id\":\"https:\\\/\\\/www.fundacionmicrofinanzasbbva.org\\\/revistaprogreso\\\/inclusion-financiera-en-el-peru-principales-desafios-de-politicas-publicas\\\/\"},\"wordCount\":236,\"commentCount\":0,\"publisher\":{\"@id\":\"https:\\\/\\\/34.249.117.129\\\/revistaprogreso\\\/en\\\/#organization\"},\"image\":{\"@id\":\"https:\\\/\\\/www.fundacionmicrofinanzasbbva.org\\\/revistaprogreso\\\/inclusion-financiera-en-el-peru-principales-desafios-de-politicas-publicas\\\/#primaryimage\"},\"thumbnailUrl\":\"https:\\\/\\\/www.fundacionmicrofinanzasbbva.org\\\/revistaprogreso\\\/wp-content\\\/uploads\\\/2016\\\/02\\\/6-incl-fin-peru.jpg\",\"keywords\":[\"#corresponsales bancarios\",\"#inclusi\u00f3n financiera\",\"#protecci\u00f3n al consumidor\",\"banca m\u00f3vil\",\"Banco de la Naci\u00f3n\",\"educaci\u00f3n financiera\",\"Per\u00fa\"],\"inLanguage\":\"es\"},{\"@type\":\"WebPage\",\"@id\":\"https:\\\/\\\/www.fundacionmicrofinanzasbbva.org\\\/revistaprogreso\\\/inclusion-financiera-en-el-peru-principales-desafios-de-politicas-publicas\\\/\",\"url\":\"https:\\\/\\\/www.fundacionmicrofinanzasbbva.org\\\/revistaprogreso\\\/inclusion-financiera-en-el-peru-principales-desafios-de-politicas-publicas\\\/\",\"name\":\"Inclusi\u00f3n financiera en el Per\u00fa: principales desaf\u00edos de pol\u00edticas p\u00fablicas\",\"isPartOf\":{\"@id\":\"https:\\\/\\\/34.249.117.129\\\/revistaprogreso\\\/en\\\/#website\"},\"primaryImageOfPage\":{\"@id\":\"https:\\\/\\\/www.fundacionmicrofinanzasbbva.org\\\/revistaprogreso\\\/inclusion-financiera-en-el-peru-principales-desafios-de-politicas-publicas\\\/#primaryimage\"},\"image\":{\"@id\":\"https:\\\/\\\/www.fundacionmicrofinanzasbbva.org\\\/revistaprogreso\\\/inclusion-financiera-en-el-peru-principales-desafios-de-politicas-publicas\\\/#primaryimage\"},\"thumbnailUrl\":\"https:\\\/\\\/www.fundacionmicrofinanzasbbva.org\\\/revistaprogreso\\\/wp-content\\\/uploads\\\/2016\\\/02\\\/6-incl-fin-peru.jpg\",\"datePublished\":\"2016-02-25T10:05:05+00:00\",\"dateModified\":\"2017-11-29T10:07:03+00:00\",\"description\":\"Inclusi\u00f3n financiera en el Per\u00fa: principales desaf\u00edos de pol\u00edticas p\u00fablicas\",\"breadcrumb\":{\"@id\":\"https:\\\/\\\/www.fundacionmicrofinanzasbbva.org\\\/revistaprogreso\\\/inclusion-financiera-en-el-peru-principales-desafios-de-politicas-publicas\\\/#breadcrumb\"},\"inLanguage\":\"es\",\"potentialAction\":[{\"@type\":\"ReadAction\",\"target\":[\"https:\\\/\\\/www.fundacionmicrofinanzasbbva.org\\\/revistaprogreso\\\/inclusion-financiera-en-el-peru-principales-desafios-de-politicas-publicas\\\/\"]}]},{\"@type\":\"ImageObject\",\"inLanguage\":\"es\",\"@id\":\"https:\\\/\\\/www.fundacionmicrofinanzasbbva.org\\\/revistaprogreso\\\/inclusion-financiera-en-el-peru-principales-desafios-de-politicas-publicas\\\/#primaryimage\",\"url\":\"https:\\\/\\\/www.fundacionmicrofinanzasbbva.org\\\/revistaprogreso\\\/wp-content\\\/uploads\\\/2016\\\/02\\\/6-incl-fin-peru.jpg\",\"contentUrl\":\"https:\\\/\\\/www.fundacionmicrofinanzasbbva.org\\\/revistaprogreso\\\/wp-content\\\/uploads\\\/2016\\\/02\\\/6-incl-fin-peru.jpg\",\"width\":400,\"height\":300},{\"@type\":\"BreadcrumbList\",\"@id\":\"https:\\\/\\\/www.fundacionmicrofinanzasbbva.org\\\/revistaprogreso\\\/inclusion-financiera-en-el-peru-principales-desafios-de-politicas-publicas\\\/#breadcrumb\",\"itemListElement\":[{\"@type\":\"ListItem\",\"position\":1,\"name\":\"Portada\",\"item\":\"https:\\\/\\\/34.249.117.129\\\/revistaprogreso\\\/en\\\/\"},{\"@type\":\"ListItem\",\"position\":2,\"name\":\"Inclusi\u00f3n financiera en el Per\u00fa: principales desaf\u00edos de pol\u00edticas p\u00fablicas\"}]},{\"@type\":\"WebSite\",\"@id\":\"https:\\\/\\\/34.249.117.129\\\/revistaprogreso\\\/en\\\/#website\",\"url\":\"https:\\\/\\\/34.249.117.129\\\/revistaprogreso\\\/en\\\/\",\"name\":\"Revista Progreso\",\"description\":\"Revista de Actualidad Jur\u00eddica\",\"publisher\":{\"@id\":\"https:\\\/\\\/34.249.117.129\\\/revistaprogreso\\\/en\\\/#organization\"},\"alternateName\":\"Revista Progreso\",\"potentialAction\":[{\"@type\":\"SearchAction\",\"target\":{\"@type\":\"EntryPoint\",\"urlTemplate\":\"https:\\\/\\\/34.249.117.129\\\/revistaprogreso\\\/en\\\/?s={search_term_string}\"},\"query-input\":{\"@type\":\"PropertyValueSpecification\",\"valueRequired\":true,\"valueName\":\"search_term_string\"}}],\"inLanguage\":\"es\"},{\"@type\":\"Organization\",\"@id\":\"https:\\\/\\\/34.249.117.129\\\/revistaprogreso\\\/en\\\/#organization\",\"name\":\"Revista Progreso\",\"alternateName\":\"Revista Progreso\",\"url\":\"https:\\\/\\\/34.249.117.129\\\/revistaprogreso\\\/en\\\/\",\"logo\":{\"@type\":\"ImageObject\",\"inLanguage\":\"es\",\"@id\":\"https:\\\/\\\/34.249.117.129\\\/revistaprogreso\\\/en\\\/#\\\/schema\\\/logo\\\/image\\\/\",\"url\":\"https:\\\/\\\/www.fundacionmicrofinanzasbbva.org\\\/revistaprogreso\\\/wp-content\\\/uploads\\\/2023\\\/09\\\/Logo-FMBBVA-AZUL.png\",\"contentUrl\":\"https:\\\/\\\/www.fundacionmicrofinanzasbbva.org\\\/revistaprogreso\\\/wp-content\\\/uploads\\\/2023\\\/09\\\/Logo-FMBBVA-AZUL.png\",\"width\":6173,\"height\":1001,\"caption\":\"Revista Progreso\"},\"image\":{\"@id\":\"https:\\\/\\\/34.249.117.129\\\/revistaprogreso\\\/en\\\/#\\\/schema\\\/logo\\\/image\\\/\"},\"sameAs\":[\"https:\\\/\\\/www.facebook.com\\\/fundacionmicrofinanzasbbva\",\"https:\\\/\\\/x.com\\\/FMBBVA\",\"https:\\\/\\\/www.linkedin.com\\\/company\\\/fundacin-microfinanzas-bbva\\\/\",\"https:\\\/\\\/www.instagram.com\\\/somosfmbbva\\\/\"]},{\"@type\":\"Person\",\"@id\":\"https:\\\/\\\/34.249.117.129\\\/revistaprogreso\\\/en\\\/#\\\/schema\\\/person\\\/4a3fe64f7988998aa5e22913c8147baf\",\"name\":\"karessa Ramos\",\"image\":{\"@type\":\"ImageObject\",\"inLanguage\":\"es\",\"@id\":\"https:\\\/\\\/secure.gravatar.com\\\/avatar\\\/a2388109b4325a6fb9c892c3212e430cdc0835c8fc1c1a41f4cc2a3b175b81c5?s=96&d=mm&r=g\",\"url\":\"https:\\\/\\\/secure.gravatar.com\\\/avatar\\\/a2388109b4325a6fb9c892c3212e430cdc0835c8fc1c1a41f4cc2a3b175b81c5?s=96&d=mm&r=g\",\"contentUrl\":\"https:\\\/\\\/secure.gravatar.com\\\/avatar\\\/a2388109b4325a6fb9c892c3212e430cdc0835c8fc1c1a41f4cc2a3b175b81c5?s=96&d=mm&r=g\",\"caption\":\"karessa Ramos\"},\"url\":\"https:\\\/\\\/www.fundacionmicrofinanzasbbva.org\\\/revistaprogreso\\\/author\\\/karessa\\\/\"}]}<\/script>\n<!-- \/ Yoast SEO plugin. -->","yoast_head_json":{"title":"Inclusi\u00f3n financiera en el Per\u00fa: principales desaf\u00edos de pol\u00edticas p\u00fablicas","description":"Inclusi\u00f3n financiera en el Per\u00fa: principales desaf\u00edos de pol\u00edticas p\u00fablicas","robots":{"index":"index","follow":"follow","max-snippet":"max-snippet:-1","max-image-preview":"max-image-preview:large","max-video-preview":"max-video-preview:-1"},"canonical":"https:\/\/www.fundacionmicrofinanzasbbva.org\/revistaprogreso\/inclusion-financiera-en-el-peru-principales-desafios-de-politicas-publicas\/","og_locale":"es_ES","og_type":"article","og_title":"Inclusi\u00f3n financiera en el Per\u00fa: principales desaf\u00edos de pol\u00edticas p\u00fablicas","og_description":"Inclusi\u00f3n financiera en el Per\u00fa: principales desaf\u00edos de pol\u00edticas p\u00fablicas","og_url":"https:\/\/www.fundacionmicrofinanzasbbva.org\/revistaprogreso\/inclusion-financiera-en-el-peru-principales-desafios-de-politicas-publicas\/","og_site_name":"Progreso","article_publisher":"https:\/\/www.facebook.com\/fundacionmicrofinanzasbbva","article_published_time":"2016-02-25T10:05:05+00:00","article_modified_time":"2017-11-29T10:07:03+00:00","og_image":[{"width":400,"height":300,"url":"https:\/\/www.fundacionmicrofinanzasbbva.org\/revistaprogreso\/wp-content\/uploads\/2016\/02\/6-incl-fin-peru.jpg","type":"image\/jpeg"}],"author":"karessa Ramos","twitter_card":"summary_large_image","twitter_creator":"@FMBBVA","twitter_site":"@FMBBVA","twitter_misc":{"Escrito por":"karessa Ramos","Tiempo de lectura":"1 minuto"},"schema":{"@context":"https:\/\/schema.org","@graph":[{"@type":"Article","@id":"https:\/\/www.fundacionmicrofinanzasbbva.org\/revistaprogreso\/inclusion-financiera-en-el-peru-principales-desafios-de-politicas-publicas\/#article","isPartOf":{"@id":"https:\/\/www.fundacionmicrofinanzasbbva.org\/revistaprogreso\/inclusion-financiera-en-el-peru-principales-desafios-de-politicas-publicas\/"},"author":{"name":"karessa Ramos","@id":"https:\/\/34.249.117.129\/revistaprogreso\/en\/#\/schema\/person\/4a3fe64f7988998aa5e22913c8147baf"},"headline":"Inclusi\u00f3n financiera en el Per\u00fa: principales desaf\u00edos de pol\u00edticas p\u00fablicas","datePublished":"2016-02-25T10:05:05+00:00","dateModified":"2017-11-29T10:07:03+00:00","mainEntityOfPage":{"@id":"https:\/\/www.fundacionmicrofinanzasbbva.org\/revistaprogreso\/inclusion-financiera-en-el-peru-principales-desafios-de-politicas-publicas\/"},"wordCount":236,"commentCount":0,"publisher":{"@id":"https:\/\/34.249.117.129\/revistaprogreso\/en\/#organization"},"image":{"@id":"https:\/\/www.fundacionmicrofinanzasbbva.org\/revistaprogreso\/inclusion-financiera-en-el-peru-principales-desafios-de-politicas-publicas\/#primaryimage"},"thumbnailUrl":"https:\/\/www.fundacionmicrofinanzasbbva.org\/revistaprogreso\/wp-content\/uploads\/2016\/02\/6-incl-fin-peru.jpg","keywords":["#corresponsales bancarios","#inclusi\u00f3n financiera","#protecci\u00f3n al consumidor","banca m\u00f3vil","Banco de la Naci\u00f3n","educaci\u00f3n financiera","Per\u00fa"],"inLanguage":"es"},{"@type":"WebPage","@id":"https:\/\/www.fundacionmicrofinanzasbbva.org\/revistaprogreso\/inclusion-financiera-en-el-peru-principales-desafios-de-politicas-publicas\/","url":"https:\/\/www.fundacionmicrofinanzasbbva.org\/revistaprogreso\/inclusion-financiera-en-el-peru-principales-desafios-de-politicas-publicas\/","name":"Inclusi\u00f3n financiera en el Per\u00fa: principales desaf\u00edos de pol\u00edticas p\u00fablicas","isPartOf":{"@id":"https:\/\/34.249.117.129\/revistaprogreso\/en\/#website"},"primaryImageOfPage":{"@id":"https:\/\/www.fundacionmicrofinanzasbbva.org\/revistaprogreso\/inclusion-financiera-en-el-peru-principales-desafios-de-politicas-publicas\/#primaryimage"},"image":{"@id":"https:\/\/www.fundacionmicrofinanzasbbva.org\/revistaprogreso\/inclusion-financiera-en-el-peru-principales-desafios-de-politicas-publicas\/#primaryimage"},"thumbnailUrl":"https:\/\/www.fundacionmicrofinanzasbbva.org\/revistaprogreso\/wp-content\/uploads\/2016\/02\/6-incl-fin-peru.jpg","datePublished":"2016-02-25T10:05:05+00:00","dateModified":"2017-11-29T10:07:03+00:00","description":"Inclusi\u00f3n financiera en el Per\u00fa: principales desaf\u00edos de pol\u00edticas p\u00fablicas","breadcrumb":{"@id":"https:\/\/www.fundacionmicrofinanzasbbva.org\/revistaprogreso\/inclusion-financiera-en-el-peru-principales-desafios-de-politicas-publicas\/#breadcrumb"},"inLanguage":"es","potentialAction":[{"@type":"ReadAction","target":["https:\/\/www.fundacionmicrofinanzasbbva.org\/revistaprogreso\/inclusion-financiera-en-el-peru-principales-desafios-de-politicas-publicas\/"]}]},{"@type":"ImageObject","inLanguage":"es","@id":"https:\/\/www.fundacionmicrofinanzasbbva.org\/revistaprogreso\/inclusion-financiera-en-el-peru-principales-desafios-de-politicas-publicas\/#primaryimage","url":"https:\/\/www.fundacionmicrofinanzasbbva.org\/revistaprogreso\/wp-content\/uploads\/2016\/02\/6-incl-fin-peru.jpg","contentUrl":"https:\/\/www.fundacionmicrofinanzasbbva.org\/revistaprogreso\/wp-content\/uploads\/2016\/02\/6-incl-fin-peru.jpg","width":400,"height":300},{"@type":"BreadcrumbList","@id":"https:\/\/www.fundacionmicrofinanzasbbva.org\/revistaprogreso\/inclusion-financiera-en-el-peru-principales-desafios-de-politicas-publicas\/#breadcrumb","itemListElement":[{"@type":"ListItem","position":1,"name":"Portada","item":"https:\/\/34.249.117.129\/revistaprogreso\/en\/"},{"@type":"ListItem","position":2,"name":"Inclusi\u00f3n financiera en el Per\u00fa: principales desaf\u00edos de pol\u00edticas p\u00fablicas"}]},{"@type":"WebSite","@id":"https:\/\/34.249.117.129\/revistaprogreso\/en\/#website","url":"https:\/\/34.249.117.129\/revistaprogreso\/en\/","name":"Revista Progreso","description":"Revista de Actualidad Jur\u00eddica","publisher":{"@id":"https:\/\/34.249.117.129\/revistaprogreso\/en\/#organization"},"alternateName":"Revista Progreso","potentialAction":[{"@type":"SearchAction","target":{"@type":"EntryPoint","urlTemplate":"https:\/\/34.249.117.129\/revistaprogreso\/en\/?s={search_term_string}"},"query-input":{"@type":"PropertyValueSpecification","valueRequired":true,"valueName":"search_term_string"}}],"inLanguage":"es"},{"@type":"Organization","@id":"https:\/\/34.249.117.129\/revistaprogreso\/en\/#organization","name":"Revista Progreso","alternateName":"Revista Progreso","url":"https:\/\/34.249.117.129\/revistaprogreso\/en\/","logo":{"@type":"ImageObject","inLanguage":"es","@id":"https:\/\/34.249.117.129\/revistaprogreso\/en\/#\/schema\/logo\/image\/","url":"https:\/\/www.fundacionmicrofinanzasbbva.org\/revistaprogreso\/wp-content\/uploads\/2023\/09\/Logo-FMBBVA-AZUL.png","contentUrl":"https:\/\/www.fundacionmicrofinanzasbbva.org\/revistaprogreso\/wp-content\/uploads\/2023\/09\/Logo-FMBBVA-AZUL.png","width":6173,"height":1001,"caption":"Revista Progreso"},"image":{"@id":"https:\/\/34.249.117.129\/revistaprogreso\/en\/#\/schema\/logo\/image\/"},"sameAs":["https:\/\/www.facebook.com\/fundacionmicrofinanzasbbva","https:\/\/x.com\/FMBBVA","https:\/\/www.linkedin.com\/company\/fundacin-microfinanzas-bbva\/","https:\/\/www.instagram.com\/somosfmbbva\/"]},{"@type":"Person","@id":"https:\/\/34.249.117.129\/revistaprogreso\/en\/#\/schema\/person\/4a3fe64f7988998aa5e22913c8147baf","name":"karessa Ramos","image":{"@type":"ImageObject","inLanguage":"es","@id":"https:\/\/secure.gravatar.com\/avatar\/a2388109b4325a6fb9c892c3212e430cdc0835c8fc1c1a41f4cc2a3b175b81c5?s=96&d=mm&r=g","url":"https:\/\/secure.gravatar.com\/avatar\/a2388109b4325a6fb9c892c3212e430cdc0835c8fc1c1a41f4cc2a3b175b81c5?s=96&d=mm&r=g","contentUrl":"https:\/\/secure.gravatar.com\/avatar\/a2388109b4325a6fb9c892c3212e430cdc0835c8fc1c1a41f4cc2a3b175b81c5?s=96&d=mm&r=g","caption":"karessa Ramos"},"url":"https:\/\/www.fundacionmicrofinanzasbbva.org\/revistaprogreso\/author\/karessa\/"}]}},"_links":{"self":[{"href":"https:\/\/www.fundacionmicrofinanzasbbva.org\/revistaprogreso\/wp-json\/wp\/v2\/posts\/3984","targetHints":{"allow":["GET"]}}],"collection":[{"href":"https:\/\/www.fundacionmicrofinanzasbbva.org\/revistaprogreso\/wp-json\/wp\/v2\/posts"}],"about":[{"href":"https:\/\/www.fundacionmicrofinanzasbbva.org\/revistaprogreso\/wp-json\/wp\/v2\/types\/post"}],"author":[{"embeddable":true,"href":"https:\/\/www.fundacionmicrofinanzasbbva.org\/revistaprogreso\/wp-json\/wp\/v2\/users\/30"}],"replies":[{"embeddable":true,"href":"https:\/\/www.fundacionmicrofinanzasbbva.org\/revistaprogreso\/wp-json\/wp\/v2\/comments?post=3984"}],"version-history":[{"count":0,"href":"https:\/\/www.fundacionmicrofinanzasbbva.org\/revistaprogreso\/wp-json\/wp\/v2\/posts\/3984\/revisions"}],"wp:featuredmedia":[{"embeddable":true,"href":"https:\/\/www.fundacionmicrofinanzasbbva.org\/revistaprogreso\/wp-json\/wp\/v2\/media\/9663"}],"wp:attachment":[{"href":"https:\/\/www.fundacionmicrofinanzasbbva.org\/revistaprogreso\/wp-json\/wp\/v2\/media?parent=3984"}],"wp:term":[{"taxonomy":"post_tag","embeddable":true,"href":"https:\/\/www.fundacionmicrofinanzasbbva.org\/revistaprogreso\/wp-json\/wp\/v2\/tags?post=3984"}],"curies":[{"name":"wp","href":"https:\/\/api.w.org\/{rel}","templated":true}]}}