{"id":3596,"date":"2016-02-25T10:05:07","date_gmt":"2016-02-25T10:05:07","guid":{"rendered":"http:\/\/progresomicrofinanzas.org\/?p=3596"},"modified":"2017-11-20T16:37:09","modified_gmt":"2017-11-20T16:37:09","slug":"aceptacion-del-cargo-de-director-de-manera-expresa-y-por-escrito","status":"publish","type":"post","link":"https:\/\/www.fundacionmicrofinanzasbbva.org\/revistaprogreso\/aceptacion-del-cargo-de-director-de-manera-expresa-y-por-escrito\/","title":{"rendered":"Aceptaci\u00f3n por escrito del cargo de director"},"content":{"rendered":"<div class=\"pdfprnt-buttons pdfprnt-buttons-post pdfprnt-top-right\"><a href=\"https:\/\/www.fundacionmicrofinanzasbbva.org\/revistaprogreso\/wp-json\/wp\/v2\/posts\/3596?print=pdf\" class=\"pdfprnt-button pdfprnt-button-pdf\" target=\"_blank\"><img decoding=\"async\" src=\"https:\/\/www.fundacionmicrofinanzasbbva.org\/revistaprogreso\/wp-content\/plugins\/pdf-print\/images\/pdf.png\" alt=\"image_pdf\" title=\"Ver PDF\" \/><\/a><a href=\"https:\/\/www.fundacionmicrofinanzasbbva.org\/revistaprogreso\/wp-json\/wp\/v2\/posts\/3596?print=print\" class=\"pdfprnt-button pdfprnt-button-print\" target=\"_blank\"><img decoding=\"async\" src=\"https:\/\/www.fundacionmicrofinanzasbbva.org\/revistaprogreso\/wp-content\/plugins\/pdf-print\/images\/print.png\" alt=\"image_print\" title=\"Imprimir contenido\" \/><\/a><\/div><p>Mediante Ley N\u00b0 30354, se crea el art\u00edculo 152-A\u00b0 y se modifica el art\u00edculo 170\u00b0 de la Ley General de Sociedades del Per\u00fa.<\/p>\n<p>El nuevo art\u00edculo 152-A\u00b0 dispone que la persona que sea elegida como director de una sociedad deber\u00e1 aceptar el cargo de manera expresa y por escrito, debiendo legalizar su firma ante notario p\u00fablico o, en su caso, ante el juez. Dicha manifestaci\u00f3n ser\u00e1 anexada al documento de constituci\u00f3n de la sociedad o en el acto jur\u00eddico que se requiera, para su inscripci\u00f3n en Registros P\u00fablicos.<\/p>\n<p>La disposici\u00f3n es aplicable tanto a los directores titulares, como a los alternos, suplentes y reemplazantes, seg\u00fan el caso.<\/p>\n<p>Todo parece indicar que el motivo de la creaci\u00f3n del art\u00edculo 152-A\u00b0 es evitar que aquel director de una empresa que est\u00e9 o pueda estar implicada en operaciones il\u00edcitas, pretenda eximir su responsabilidad alegando que nunca acept\u00f3 el nombramiento como director.<\/p>\n<p>Asimismo, la norma agrega un \u00faltimo p\u00e1rrafo al art\u00edculo 170 (actas del Directorio) de la Ley General de Sociedades, para establecer que, por solicitud del gerente general o de cualquiera de los integrantes del Directorio, durante la sesi\u00f3n podr\u00e1 estar presente un notario p\u00fablico, designado por los solicitantes, para certificar la autenticidad de los acuerdos adoptados. Se prev\u00e9, adem\u00e1s, que en m\u00e9rito a esta certificaci\u00f3n, los acuerdos de Directorio podr\u00e1n ejecutarse de inmediato.<\/p>\n<p>Dicha certificaci\u00f3n notarial de los acuerdos de Directorio habilita la inscripci\u00f3n de los acuerdos adoptados en el registro correspondiente.<\/p>\n<p>&nbsp;<\/p>\n<p><em>\u00a0<\/em><\/p>\n","protected":false},"excerpt":{"rendered":"<p>Mediante Ley N\u00b0 30354, se crea el art\u00edculo 152-A\u00b0 y se modifica el art\u00edculo 170\u00b0 de la Ley General de Sociedades del Per\u00fa. El nuevo art\u00edculo 152-A\u00b0 dispone que la persona que sea elegida como director de una sociedad deber\u00e1 aceptar el cargo de manera expresa y por escrito, debiendo legalizar su firma ante notario [&hellip;]<\/p>\n","protected":false},"author":30,"featured_media":3597,"comment_status":"open","ping_status":"open","sticky":false,"template":"","format":"standard","meta":{"_acf_changed":false,"footnotes":""},"tags":[753,755,201,203,84,752,751,754,317,216,745],"class_list":["post-3596","post","type-post","status-publish","format-standard","has-post-thumbnail","hentry","tag-acuerdos","tag-certificacion","tag-director","tag-directores","tag-directorio","tag-inscripcion","tag-ley-general-de-sociedades","tag-notario-publico","tag-peru","tag-registro","tag-responsabilidad","numero-6m","seccion-legislacion-normas-publicadas-gobierno-corporativo","pais-peru"],"acf":[],"yoast_head":"<!-- This site is optimized with the Yoast SEO plugin v26.8 - https:\/\/yoast.com\/product\/yoast-seo-wordpress\/ -->\n<title>Aceptaci\u00f3n por escrito del cargo de director<\/title>\n<meta name=\"description\" content=\"Aceptaci\u00f3n del cargo de director de manera expresa y por escrito.\" \/>\n<meta name=\"robots\" content=\"index, follow, max-snippet:-1, max-image-preview:large, max-video-preview:-1\" \/>\n<link rel=\"canonical\" href=\"https:\/\/www.fundacionmicrofinanzasbbva.org\/revistaprogreso\/aceptacion-del-cargo-de-director-de-manera-expresa-y-por-escrito\/\" \/>\n<meta property=\"og:locale\" content=\"es_ES\" \/>\n<meta property=\"og:type\" content=\"article\" \/>\n<meta property=\"og:title\" content=\"Aceptaci\u00f3n por escrito del cargo de director\" \/>\n<meta property=\"og:description\" content=\"Aceptaci\u00f3n del cargo de director de manera expresa y por escrito.\" \/>\n<meta property=\"og:url\" content=\"https:\/\/www.fundacionmicrofinanzasbbva.org\/revistaprogreso\/aceptacion-del-cargo-de-director-de-manera-expresa-y-por-escrito\/\" \/>\n<meta property=\"og:site_name\" content=\"Progreso\" \/>\n<meta property=\"article:publisher\" content=\"https:\/\/www.facebook.com\/fundacionmicrofinanzasbbva\" \/>\n<meta property=\"article:published_time\" content=\"2016-02-25T10:05:07+00:00\" \/>\n<meta property=\"article:modified_time\" content=\"2017-11-20T16:37:09+00:00\" \/>\n<meta property=\"og:image\" content=\"https:\/\/www.fundacionmicrofinanzasbbva.org\/revistaprogreso\/wp-content\/uploads\/2016\/02\/lima1a.jpg\" \/>\n\t<meta property=\"og:image:width\" content=\"925\" \/>\n\t<meta property=\"og:image:height\" content=\"800\" \/>\n\t<meta property=\"og:image:type\" content=\"image\/jpeg\" \/>\n<meta name=\"author\" content=\"karessa Ramos\" \/>\n<meta name=\"twitter:card\" content=\"summary_large_image\" \/>\n<meta name=\"twitter:creator\" content=\"@FMBBVA\" \/>\n<meta name=\"twitter:site\" content=\"@FMBBVA\" \/>\n<meta name=\"twitter:label1\" content=\"Escrito por\" \/>\n\t<meta name=\"twitter:data1\" content=\"karessa Ramos\" \/>\n\t<meta name=\"twitter:label2\" content=\"Tiempo de lectura\" \/>\n\t<meta name=\"twitter:data2\" content=\"1 minuto\" \/>\n<script type=\"application\/ld+json\" class=\"yoast-schema-graph\">{\"@context\":\"https:\/\/schema.org\",\"@graph\":[{\"@type\":\"Article\",\"@id\":\"https:\/\/www.fundacionmicrofinanzasbbva.org\/revistaprogreso\/aceptacion-del-cargo-de-director-de-manera-expresa-y-por-escrito\/#article\",\"isPartOf\":{\"@id\":\"https:\/\/www.fundacionmicrofinanzasbbva.org\/revistaprogreso\/aceptacion-del-cargo-de-director-de-manera-expresa-y-por-escrito\/\"},\"author\":{\"name\":\"karessa Ramos\",\"@id\":\"https:\/\/www.fundacionmicrofinanzasbbva.org\/revistaprogreso\/#\/schema\/person\/4a3fe64f7988998aa5e22913c8147baf\"},\"headline\":\"Aceptaci\u00f3n por escrito del cargo de director\",\"datePublished\":\"2016-02-25T10:05:07+00:00\",\"dateModified\":\"2017-11-20T16:37:09+00:00\",\"mainEntityOfPage\":{\"@id\":\"https:\/\/www.fundacionmicrofinanzasbbva.org\/revistaprogreso\/aceptacion-del-cargo-de-director-de-manera-expresa-y-por-escrito\/\"},\"wordCount\":270,\"commentCount\":0,\"publisher\":{\"@id\":\"https:\/\/www.fundacionmicrofinanzasbbva.org\/revistaprogreso\/#organization\"},\"image\":{\"@id\":\"https:\/\/www.fundacionmicrofinanzasbbva.org\/revistaprogreso\/aceptacion-del-cargo-de-director-de-manera-expresa-y-por-escrito\/#primaryimage\"},\"thumbnailUrl\":\"https:\/\/www.fundacionmicrofinanzasbbva.org\/revistaprogreso\/wp-content\/uploads\/2016\/02\/lima1a.jpg\",\"keywords\":[\"acuerdos\",\"certificaci\u00f3n\",\"director\",\"directores\",\"Directorio\",\"inscripci\u00f3n\",\"Ley General de Sociedades\",\"notario p\u00fablico\",\"Per\u00fa\",\"registro\",\"responsabilidad\"],\"inLanguage\":\"es\"},{\"@type\":\"WebPage\",\"@id\":\"https:\/\/www.fundacionmicrofinanzasbbva.org\/revistaprogreso\/aceptacion-del-cargo-de-director-de-manera-expresa-y-por-escrito\/\",\"url\":\"https:\/\/www.fundacionmicrofinanzasbbva.org\/revistaprogreso\/aceptacion-del-cargo-de-director-de-manera-expresa-y-por-escrito\/\",\"name\":\"Aceptaci\u00f3n por escrito del cargo de director\",\"isPartOf\":{\"@id\":\"https:\/\/www.fundacionmicrofinanzasbbva.org\/revistaprogreso\/#website\"},\"primaryImageOfPage\":{\"@id\":\"https:\/\/www.fundacionmicrofinanzasbbva.org\/revistaprogreso\/aceptacion-del-cargo-de-director-de-manera-expresa-y-por-escrito\/#primaryimage\"},\"image\":{\"@id\":\"https:\/\/www.fundacionmicrofinanzasbbva.org\/revistaprogreso\/aceptacion-del-cargo-de-director-de-manera-expresa-y-por-escrito\/#primaryimage\"},\"thumbnailUrl\":\"https:\/\/www.fundacionmicrofinanzasbbva.org\/revistaprogreso\/wp-content\/uploads\/2016\/02\/lima1a.jpg\",\"datePublished\":\"2016-02-25T10:05:07+00:00\",\"dateModified\":\"2017-11-20T16:37:09+00:00\",\"description\":\"Aceptaci\u00f3n del cargo de director de manera expresa y por escrito.\",\"breadcrumb\":{\"@id\":\"https:\/\/www.fundacionmicrofinanzasbbva.org\/revistaprogreso\/aceptacion-del-cargo-de-director-de-manera-expresa-y-por-escrito\/#breadcrumb\"},\"inLanguage\":\"es\",\"potentialAction\":[{\"@type\":\"ReadAction\",\"target\":[\"https:\/\/www.fundacionmicrofinanzasbbva.org\/revistaprogreso\/aceptacion-del-cargo-de-director-de-manera-expresa-y-por-escrito\/\"]}]},{\"@type\":\"ImageObject\",\"inLanguage\":\"es\",\"@id\":\"https:\/\/www.fundacionmicrofinanzasbbva.org\/revistaprogreso\/aceptacion-del-cargo-de-director-de-manera-expresa-y-por-escrito\/#primaryimage\",\"url\":\"https:\/\/www.fundacionmicrofinanzasbbva.org\/revistaprogreso\/wp-content\/uploads\/2016\/02\/lima1a.jpg\",\"contentUrl\":\"https:\/\/www.fundacionmicrofinanzasbbva.org\/revistaprogreso\/wp-content\/uploads\/2016\/02\/lima1a.jpg\",\"width\":925,\"height\":800},{\"@type\":\"BreadcrumbList\",\"@id\":\"https:\/\/www.fundacionmicrofinanzasbbva.org\/revistaprogreso\/aceptacion-del-cargo-de-director-de-manera-expresa-y-por-escrito\/#breadcrumb\",\"itemListElement\":[{\"@type\":\"ListItem\",\"position\":1,\"name\":\"Portada\",\"item\":\"https:\/\/www.fundacionmicrofinanzasbbva.org\/revistaprogreso\/\"},{\"@type\":\"ListItem\",\"position\":2,\"name\":\"Aceptaci\u00f3n por escrito del cargo de director\"}]},{\"@type\":\"WebSite\",\"@id\":\"https:\/\/www.fundacionmicrofinanzasbbva.org\/revistaprogreso\/#website\",\"url\":\"https:\/\/www.fundacionmicrofinanzasbbva.org\/revistaprogreso\/\",\"name\":\"Revista Progreso\",\"description\":\"Revista de Actualidad Jur\u00eddica\",\"publisher\":{\"@id\":\"https:\/\/www.fundacionmicrofinanzasbbva.org\/revistaprogreso\/#organization\"},\"alternateName\":\"Revista Progreso\",\"potentialAction\":[{\"@type\":\"SearchAction\",\"target\":{\"@type\":\"EntryPoint\",\"urlTemplate\":\"https:\/\/www.fundacionmicrofinanzasbbva.org\/revistaprogreso\/?s={search_term_string}\"},\"query-input\":{\"@type\":\"PropertyValueSpecification\",\"valueRequired\":true,\"valueName\":\"search_term_string\"}}],\"inLanguage\":\"es\"},{\"@type\":\"Organization\",\"@id\":\"https:\/\/www.fundacionmicrofinanzasbbva.org\/revistaprogreso\/#organization\",\"name\":\"Revista Progreso\",\"alternateName\":\"Revista Progreso\",\"url\":\"https:\/\/www.fundacionmicrofinanzasbbva.org\/revistaprogreso\/\",\"logo\":{\"@type\":\"ImageObject\",\"inLanguage\":\"es\",\"@id\":\"https:\/\/www.fundacionmicrofinanzasbbva.org\/revistaprogreso\/#\/schema\/logo\/image\/\",\"url\":\"https:\/\/www.fundacionmicrofinanzasbbva.org\/revistaprogreso\/wp-content\/uploads\/2023\/09\/Logo-FMBBVA-AZUL.png\",\"contentUrl\":\"https:\/\/www.fundacionmicrofinanzasbbva.org\/revistaprogreso\/wp-content\/uploads\/2023\/09\/Logo-FMBBVA-AZUL.png\",\"width\":6173,\"height\":1001,\"caption\":\"Revista Progreso\"},\"image\":{\"@id\":\"https:\/\/www.fundacionmicrofinanzasbbva.org\/revistaprogreso\/#\/schema\/logo\/image\/\"},\"sameAs\":[\"https:\/\/www.facebook.com\/fundacionmicrofinanzasbbva\",\"https:\/\/x.com\/FMBBVA\",\"https:\/\/www.linkedin.com\/company\/fundacin-microfinanzas-bbva\/\",\"https:\/\/www.instagram.com\/somosfmbbva\/\"]},{\"@type\":\"Person\",\"@id\":\"https:\/\/www.fundacionmicrofinanzasbbva.org\/revistaprogreso\/#\/schema\/person\/4a3fe64f7988998aa5e22913c8147baf\",\"name\":\"karessa Ramos\",\"image\":{\"@type\":\"ImageObject\",\"inLanguage\":\"es\",\"@id\":\"https:\/\/www.fundacionmicrofinanzasbbva.org\/revistaprogreso\/#\/schema\/person\/image\/\",\"url\":\"https:\/\/secure.gravatar.com\/avatar\/a2388109b4325a6fb9c892c3212e430cdc0835c8fc1c1a41f4cc2a3b175b81c5?s=96&d=mm&r=g\",\"contentUrl\":\"https:\/\/secure.gravatar.com\/avatar\/a2388109b4325a6fb9c892c3212e430cdc0835c8fc1c1a41f4cc2a3b175b81c5?s=96&d=mm&r=g\",\"caption\":\"karessa Ramos\"},\"url\":\"https:\/\/www.fundacionmicrofinanzasbbva.org\/revistaprogreso\/author\/karessa\/\"}]}<\/script>\n<!-- \/ Yoast SEO plugin. -->","yoast_head_json":{"title":"Aceptaci\u00f3n por escrito del cargo de director","description":"Aceptaci\u00f3n del cargo de director de manera expresa y por escrito.","robots":{"index":"index","follow":"follow","max-snippet":"max-snippet:-1","max-image-preview":"max-image-preview:large","max-video-preview":"max-video-preview:-1"},"canonical":"https:\/\/www.fundacionmicrofinanzasbbva.org\/revistaprogreso\/aceptacion-del-cargo-de-director-de-manera-expresa-y-por-escrito\/","og_locale":"es_ES","og_type":"article","og_title":"Aceptaci\u00f3n por escrito del cargo de director","og_description":"Aceptaci\u00f3n del cargo de director de manera expresa y por escrito.","og_url":"https:\/\/www.fundacionmicrofinanzasbbva.org\/revistaprogreso\/aceptacion-del-cargo-de-director-de-manera-expresa-y-por-escrito\/","og_site_name":"Progreso","article_publisher":"https:\/\/www.facebook.com\/fundacionmicrofinanzasbbva","article_published_time":"2016-02-25T10:05:07+00:00","article_modified_time":"2017-11-20T16:37:09+00:00","og_image":[{"width":925,"height":800,"url":"https:\/\/www.fundacionmicrofinanzasbbva.org\/revistaprogreso\/wp-content\/uploads\/2016\/02\/lima1a.jpg","type":"image\/jpeg"}],"author":"karessa Ramos","twitter_card":"summary_large_image","twitter_creator":"@FMBBVA","twitter_site":"@FMBBVA","twitter_misc":{"Escrito por":"karessa Ramos","Tiempo de lectura":"1 minuto"},"schema":{"@context":"https:\/\/schema.org","@graph":[{"@type":"Article","@id":"https:\/\/www.fundacionmicrofinanzasbbva.org\/revistaprogreso\/aceptacion-del-cargo-de-director-de-manera-expresa-y-por-escrito\/#article","isPartOf":{"@id":"https:\/\/www.fundacionmicrofinanzasbbva.org\/revistaprogreso\/aceptacion-del-cargo-de-director-de-manera-expresa-y-por-escrito\/"},"author":{"name":"karessa Ramos","@id":"https:\/\/www.fundacionmicrofinanzasbbva.org\/revistaprogreso\/#\/schema\/person\/4a3fe64f7988998aa5e22913c8147baf"},"headline":"Aceptaci\u00f3n por escrito del cargo de director","datePublished":"2016-02-25T10:05:07+00:00","dateModified":"2017-11-20T16:37:09+00:00","mainEntityOfPage":{"@id":"https:\/\/www.fundacionmicrofinanzasbbva.org\/revistaprogreso\/aceptacion-del-cargo-de-director-de-manera-expresa-y-por-escrito\/"},"wordCount":270,"commentCount":0,"publisher":{"@id":"https:\/\/www.fundacionmicrofinanzasbbva.org\/revistaprogreso\/#organization"},"image":{"@id":"https:\/\/www.fundacionmicrofinanzasbbva.org\/revistaprogreso\/aceptacion-del-cargo-de-director-de-manera-expresa-y-por-escrito\/#primaryimage"},"thumbnailUrl":"https:\/\/www.fundacionmicrofinanzasbbva.org\/revistaprogreso\/wp-content\/uploads\/2016\/02\/lima1a.jpg","keywords":["acuerdos","certificaci\u00f3n","director","directores","Directorio","inscripci\u00f3n","Ley General de Sociedades","notario p\u00fablico","Per\u00fa","registro","responsabilidad"],"inLanguage":"es"},{"@type":"WebPage","@id":"https:\/\/www.fundacionmicrofinanzasbbva.org\/revistaprogreso\/aceptacion-del-cargo-de-director-de-manera-expresa-y-por-escrito\/","url":"https:\/\/www.fundacionmicrofinanzasbbva.org\/revistaprogreso\/aceptacion-del-cargo-de-director-de-manera-expresa-y-por-escrito\/","name":"Aceptaci\u00f3n por escrito del cargo de director","isPartOf":{"@id":"https:\/\/www.fundacionmicrofinanzasbbva.org\/revistaprogreso\/#website"},"primaryImageOfPage":{"@id":"https:\/\/www.fundacionmicrofinanzasbbva.org\/revistaprogreso\/aceptacion-del-cargo-de-director-de-manera-expresa-y-por-escrito\/#primaryimage"},"image":{"@id":"https:\/\/www.fundacionmicrofinanzasbbva.org\/revistaprogreso\/aceptacion-del-cargo-de-director-de-manera-expresa-y-por-escrito\/#primaryimage"},"thumbnailUrl":"https:\/\/www.fundacionmicrofinanzasbbva.org\/revistaprogreso\/wp-content\/uploads\/2016\/02\/lima1a.jpg","datePublished":"2016-02-25T10:05:07+00:00","dateModified":"2017-11-20T16:37:09+00:00","description":"Aceptaci\u00f3n del cargo de director de manera expresa y por escrito.","breadcrumb":{"@id":"https:\/\/www.fundacionmicrofinanzasbbva.org\/revistaprogreso\/aceptacion-del-cargo-de-director-de-manera-expresa-y-por-escrito\/#breadcrumb"},"inLanguage":"es","potentialAction":[{"@type":"ReadAction","target":["https:\/\/www.fundacionmicrofinanzasbbva.org\/revistaprogreso\/aceptacion-del-cargo-de-director-de-manera-expresa-y-por-escrito\/"]}]},{"@type":"ImageObject","inLanguage":"es","@id":"https:\/\/www.fundacionmicrofinanzasbbva.org\/revistaprogreso\/aceptacion-del-cargo-de-director-de-manera-expresa-y-por-escrito\/#primaryimage","url":"https:\/\/www.fundacionmicrofinanzasbbva.org\/revistaprogreso\/wp-content\/uploads\/2016\/02\/lima1a.jpg","contentUrl":"https:\/\/www.fundacionmicrofinanzasbbva.org\/revistaprogreso\/wp-content\/uploads\/2016\/02\/lima1a.jpg","width":925,"height":800},{"@type":"BreadcrumbList","@id":"https:\/\/www.fundacionmicrofinanzasbbva.org\/revistaprogreso\/aceptacion-del-cargo-de-director-de-manera-expresa-y-por-escrito\/#breadcrumb","itemListElement":[{"@type":"ListItem","position":1,"name":"Portada","item":"https:\/\/www.fundacionmicrofinanzasbbva.org\/revistaprogreso\/"},{"@type":"ListItem","position":2,"name":"Aceptaci\u00f3n por escrito del cargo de director"}]},{"@type":"WebSite","@id":"https:\/\/www.fundacionmicrofinanzasbbva.org\/revistaprogreso\/#website","url":"https:\/\/www.fundacionmicrofinanzasbbva.org\/revistaprogreso\/","name":"Revista Progreso","description":"Revista de Actualidad Jur\u00eddica","publisher":{"@id":"https:\/\/www.fundacionmicrofinanzasbbva.org\/revistaprogreso\/#organization"},"alternateName":"Revista Progreso","potentialAction":[{"@type":"SearchAction","target":{"@type":"EntryPoint","urlTemplate":"https:\/\/www.fundacionmicrofinanzasbbva.org\/revistaprogreso\/?s={search_term_string}"},"query-input":{"@type":"PropertyValueSpecification","valueRequired":true,"valueName":"search_term_string"}}],"inLanguage":"es"},{"@type":"Organization","@id":"https:\/\/www.fundacionmicrofinanzasbbva.org\/revistaprogreso\/#organization","name":"Revista Progreso","alternateName":"Revista Progreso","url":"https:\/\/www.fundacionmicrofinanzasbbva.org\/revistaprogreso\/","logo":{"@type":"ImageObject","inLanguage":"es","@id":"https:\/\/www.fundacionmicrofinanzasbbva.org\/revistaprogreso\/#\/schema\/logo\/image\/","url":"https:\/\/www.fundacionmicrofinanzasbbva.org\/revistaprogreso\/wp-content\/uploads\/2023\/09\/Logo-FMBBVA-AZUL.png","contentUrl":"https:\/\/www.fundacionmicrofinanzasbbva.org\/revistaprogreso\/wp-content\/uploads\/2023\/09\/Logo-FMBBVA-AZUL.png","width":6173,"height":1001,"caption":"Revista Progreso"},"image":{"@id":"https:\/\/www.fundacionmicrofinanzasbbva.org\/revistaprogreso\/#\/schema\/logo\/image\/"},"sameAs":["https:\/\/www.facebook.com\/fundacionmicrofinanzasbbva","https:\/\/x.com\/FMBBVA","https:\/\/www.linkedin.com\/company\/fundacin-microfinanzas-bbva\/","https:\/\/www.instagram.com\/somosfmbbva\/"]},{"@type":"Person","@id":"https:\/\/www.fundacionmicrofinanzasbbva.org\/revistaprogreso\/#\/schema\/person\/4a3fe64f7988998aa5e22913c8147baf","name":"karessa Ramos","image":{"@type":"ImageObject","inLanguage":"es","@id":"https:\/\/www.fundacionmicrofinanzasbbva.org\/revistaprogreso\/#\/schema\/person\/image\/","url":"https:\/\/secure.gravatar.com\/avatar\/a2388109b4325a6fb9c892c3212e430cdc0835c8fc1c1a41f4cc2a3b175b81c5?s=96&d=mm&r=g","contentUrl":"https:\/\/secure.gravatar.com\/avatar\/a2388109b4325a6fb9c892c3212e430cdc0835c8fc1c1a41f4cc2a3b175b81c5?s=96&d=mm&r=g","caption":"karessa Ramos"},"url":"https:\/\/www.fundacionmicrofinanzasbbva.org\/revistaprogreso\/author\/karessa\/"}]}},"_links":{"self":[{"href":"https:\/\/www.fundacionmicrofinanzasbbva.org\/revistaprogreso\/wp-json\/wp\/v2\/posts\/3596","targetHints":{"allow":["GET"]}}],"collection":[{"href":"https:\/\/www.fundacionmicrofinanzasbbva.org\/revistaprogreso\/wp-json\/wp\/v2\/posts"}],"about":[{"href":"https:\/\/www.fundacionmicrofinanzasbbva.org\/revistaprogreso\/wp-json\/wp\/v2\/types\/post"}],"author":[{"embeddable":true,"href":"https:\/\/www.fundacionmicrofinanzasbbva.org\/revistaprogreso\/wp-json\/wp\/v2\/users\/30"}],"replies":[{"embeddable":true,"href":"https:\/\/www.fundacionmicrofinanzasbbva.org\/revistaprogreso\/wp-json\/wp\/v2\/comments?post=3596"}],"version-history":[{"count":0,"href":"https:\/\/www.fundacionmicrofinanzasbbva.org\/revistaprogreso\/wp-json\/wp\/v2\/posts\/3596\/revisions"}],"wp:featuredmedia":[{"embeddable":true,"href":"https:\/\/www.fundacionmicrofinanzasbbva.org\/revistaprogreso\/wp-json\/wp\/v2\/media\/3597"}],"wp:attachment":[{"href":"https:\/\/www.fundacionmicrofinanzasbbva.org\/revistaprogreso\/wp-json\/wp\/v2\/media?parent=3596"}],"wp:term":[{"taxonomy":"post_tag","embeddable":true,"href":"https:\/\/www.fundacionmicrofinanzasbbva.org\/revistaprogreso\/wp-json\/wp\/v2\/tags?post=3596"}],"curies":[{"name":"wp","href":"https:\/\/api.w.org\/{rel}","templated":true}]}}