{"id":31,"date":"2015-05-12T11:49:28","date_gmt":"2015-05-12T11:49:28","guid":{"rendered":"http:\/\/progresomicrofinanzas.org\/?p=31"},"modified":"2016-02-17T11:57:06","modified_gmt":"2016-02-17T11:57:06","slug":"impulso-del-sector-productivo-y-la-vivienda-social","status":"publish","type":"post","link":"https:\/\/www.fundacionmicrofinanzasbbva.org\/revistaprogreso\/impulso-del-sector-productivo-y-la-vivienda-social\/","title":{"rendered":"Impulso del sector productivo y la vivienda social"},"content":{"rendered":"<div class=\"pdfprnt-buttons pdfprnt-buttons-post pdfprnt-top-right\"><a href=\"https:\/\/www.fundacionmicrofinanzasbbva.org\/revistaprogreso\/wp-json\/wp\/v2\/posts\/31?print=pdf\" class=\"pdfprnt-button pdfprnt-button-pdf\" target=\"_blank\"><img decoding=\"async\" src=\"https:\/\/www.fundacionmicrofinanzasbbva.org\/revistaprogreso\/wp-content\/plugins\/pdf-print\/images\/pdf.png\" alt=\"image_pdf\" title=\"Ver PDF\" \/><\/a><a href=\"https:\/\/www.fundacionmicrofinanzasbbva.org\/revistaprogreso\/wp-json\/wp\/v2\/posts\/31?print=print\" class=\"pdfprnt-button pdfprnt-button-print\" target=\"_blank\"><img decoding=\"async\" src=\"https:\/\/www.fundacionmicrofinanzasbbva.org\/revistaprogreso\/wp-content\/plugins\/pdf-print\/images\/print.png\" alt=\"image_print\" title=\"Imprimir contenido\" \/><\/a><\/div><p>El 23 de enero de 2015 fue aprobada por el Ministerio de Econom\u00eda y Finanzas P\u00fablicas la Resoluci\u00f3n Ministerial 031, que establece, en virtud del art\u00edculo 66 de la Ley de Servicios Financieros, los objetivos de colocaci\u00f3n de cr\u00e9ditos destinados al sector productivo y a la financiaci\u00f3n de vivienda de inter\u00e9s social que deber\u00e1n cumplir los bancos m\u00faltiples, bancos Pyme y mutuales de ahorro y pr\u00e9stamo.<\/p>\n<p>La disposici\u00f3n desarrolla la f\u00f3rmula a trav\u00e9s de la cual cada entidad de intermediaci\u00f3n financiera deber\u00e1 adecuar su cartera de cr\u00e9dito a las metas establecidas en la Ley de Servicios Financieros. En este sentido, los bancos m\u00faltiples deber\u00e1n destinar al menos un 60% de su cartera de cr\u00e9dito al sector productivo y de vivienda social y los bancos Pyme y entidades financieras de vivienda un 50% a estas actividades.<\/p>\n<p>El incumplimiento de las metas exigidas ser\u00e1 objeto de sanci\u00f3n de acuerdo a lo establecido en el r\u00e9gimen sancionatorio de la Autoridad de Supervisi\u00f3n Financiera (Asfi), facultando\u00a0 a la misma a suspender determinadas operaciones, con el fin de garantizar el cumplimiento de dichos porcentajes de cr\u00e9dito.<\/p>\n<p>Estos objetivos de cartera de cr\u00e9dito se han configurado seg\u00fan lo establecido en la Ley de Servicios Financieros de Bolivia, que dispone que los niveles m\u00ednimos de cartera deber\u00e1n priorizar la asignaci\u00f3n de recursos con destino a vivienda de inter\u00e9s social y al sector productivo principalmente en el sector de la micro, peque\u00f1a y mediana empresa urbana y rural, artesanos y organizaciones econ\u00f3micas comunitarias.<\/p>\n<p>La consecuci\u00f3n de estos porcentajes de cr\u00e9dito tendr\u00e1 un fuerte impacto en el sistema financiero de Bolivia, ya que las entidades financieras cuya cartera de cr\u00e9dito se destine al microcr\u00e9dito se ver\u00e1n obligadas a alterar su estrategia crediticia y centrarse en otorgar cr\u00e9ditos, adem\u00e1s de al sector productivo, al de vivienda social.<\/p>\n","protected":false},"excerpt":{"rendered":"<p>El 23 de enero de 2015 fue aprobada por el Ministerio de Econom\u00eda y Finanzas P\u00fablicas la Resoluci\u00f3n Ministerial 031, que establece, en virtud del art\u00edculo 66 de la Ley de Servicios Financieros, los objetivos de colocaci\u00f3n de cr\u00e9ditos destinados al sector productivo y a la financiaci\u00f3n de vivienda de inter\u00e9s social que deber\u00e1n cumplir [&hellip;]<\/p>\n","protected":false},"author":30,"featured_media":484,"comment_status":"open","ping_status":"open","sticky":false,"template":"","format":"standard","meta":{"_acf_changed":false,"footnotes":""},"tags":[],"class_list":["post-31","post","type-post","status-publish","format-standard","has-post-thumbnail","hentry","numero-3m","seccion-legislacion-normas-publicadas-microfinanzas","pais-bolivia"],"acf":[],"yoast_head":"<!-- This site is optimized with the Yoast SEO plugin v26.8 - https:\/\/yoast.com\/product\/yoast-seo-wordpress\/ -->\n<title>Impulso del sector productivo y la vivienda social<\/title>\n<meta name=\"description\" content=\"Impulso del sector productivo y la vivienda social\" \/>\n<meta name=\"robots\" content=\"index, follow, max-snippet:-1, max-image-preview:large, max-video-preview:-1\" \/>\n<link rel=\"canonical\" href=\"https:\/\/www.fundacionmicrofinanzasbbva.org\/revistaprogreso\/impulso-del-sector-productivo-y-la-vivienda-social\/\" \/>\n<meta property=\"og:locale\" content=\"es_ES\" \/>\n<meta property=\"og:type\" content=\"article\" \/>\n<meta property=\"og:title\" content=\"Impulso del sector productivo y la vivienda social\" \/>\n<meta property=\"og:description\" content=\"Impulso del sector productivo y la vivienda social\" \/>\n<meta property=\"og:url\" content=\"https:\/\/www.fundacionmicrofinanzasbbva.org\/revistaprogreso\/impulso-del-sector-productivo-y-la-vivienda-social\/\" \/>\n<meta property=\"og:site_name\" content=\"Progreso\" \/>\n<meta property=\"article:publisher\" content=\"https:\/\/www.facebook.com\/fundacionmicrofinanzasbbva\" \/>\n<meta property=\"article:published_time\" content=\"2015-05-12T11:49:28+00:00\" \/>\n<meta property=\"article:modified_time\" content=\"2016-02-17T11:57:06+00:00\" \/>\n<meta property=\"og:image\" content=\"https:\/\/progresomicrofinanzas.org\/revistaprogreso\/wp-content\/uploads\/2015\/05\/bolivia-vivienda-social-925x800.jpg\" \/>\n\t<meta property=\"og:image:width\" content=\"925\" \/>\n\t<meta property=\"og:image:height\" content=\"800\" \/>\n\t<meta property=\"og:image:type\" content=\"image\/jpeg\" \/>\n<meta name=\"author\" content=\"karessa Ramos\" \/>\n<meta name=\"twitter:card\" content=\"summary_large_image\" \/>\n<meta name=\"twitter:creator\" content=\"@FMBBVA\" \/>\n<meta name=\"twitter:site\" content=\"@FMBBVA\" \/>\n<meta name=\"twitter:label1\" content=\"Escrito por\" \/>\n\t<meta name=\"twitter:data1\" content=\"karessa Ramos\" \/>\n\t<meta name=\"twitter:label2\" content=\"Tiempo de lectura\" \/>\n\t<meta name=\"twitter:data2\" content=\"2 minutos\" \/>\n<script type=\"application\/ld+json\" class=\"yoast-schema-graph\">{\"@context\":\"https:\/\/schema.org\",\"@graph\":[{\"@type\":\"Article\",\"@id\":\"https:\/\/www.fundacionmicrofinanzasbbva.org\/revistaprogreso\/impulso-del-sector-productivo-y-la-vivienda-social\/#article\",\"isPartOf\":{\"@id\":\"https:\/\/www.fundacionmicrofinanzasbbva.org\/revistaprogreso\/impulso-del-sector-productivo-y-la-vivienda-social\/\"},\"author\":{\"name\":\"karessa Ramos\",\"@id\":\"https:\/\/www.fundacionmicrofinanzasbbva.org\/revistaprogreso\/#\/schema\/person\/4a3fe64f7988998aa5e22913c8147baf\"},\"headline\":\"Impulso del sector productivo y la vivienda social\",\"datePublished\":\"2015-05-12T11:49:28+00:00\",\"dateModified\":\"2016-02-17T11:57:06+00:00\",\"mainEntityOfPage\":{\"@id\":\"https:\/\/www.fundacionmicrofinanzasbbva.org\/revistaprogreso\/impulso-del-sector-productivo-y-la-vivienda-social\/\"},\"wordCount\":337,\"commentCount\":0,\"publisher\":{\"@id\":\"https:\/\/www.fundacionmicrofinanzasbbva.org\/revistaprogreso\/#organization\"},\"image\":{\"@id\":\"https:\/\/www.fundacionmicrofinanzasbbva.org\/revistaprogreso\/impulso-del-sector-productivo-y-la-vivienda-social\/#primaryimage\"},\"thumbnailUrl\":\"https:\/\/www.fundacionmicrofinanzasbbva.org\/revistaprogreso\/wp-content\/uploads\/2015\/05\/bolivia-vivienda-social-925x800.jpg\",\"inLanguage\":\"es\"},{\"@type\":\"WebPage\",\"@id\":\"https:\/\/www.fundacionmicrofinanzasbbva.org\/revistaprogreso\/impulso-del-sector-productivo-y-la-vivienda-social\/\",\"url\":\"https:\/\/www.fundacionmicrofinanzasbbva.org\/revistaprogreso\/impulso-del-sector-productivo-y-la-vivienda-social\/\",\"name\":\"Impulso del sector productivo y la vivienda social\",\"isPartOf\":{\"@id\":\"https:\/\/www.fundacionmicrofinanzasbbva.org\/revistaprogreso\/#website\"},\"primaryImageOfPage\":{\"@id\":\"https:\/\/www.fundacionmicrofinanzasbbva.org\/revistaprogreso\/impulso-del-sector-productivo-y-la-vivienda-social\/#primaryimage\"},\"image\":{\"@id\":\"https:\/\/www.fundacionmicrofinanzasbbva.org\/revistaprogreso\/impulso-del-sector-productivo-y-la-vivienda-social\/#primaryimage\"},\"thumbnailUrl\":\"https:\/\/www.fundacionmicrofinanzasbbva.org\/revistaprogreso\/wp-content\/uploads\/2015\/05\/bolivia-vivienda-social-925x800.jpg\",\"datePublished\":\"2015-05-12T11:49:28+00:00\",\"dateModified\":\"2016-02-17T11:57:06+00:00\",\"description\":\"Impulso del sector productivo y la vivienda social\",\"breadcrumb\":{\"@id\":\"https:\/\/www.fundacionmicrofinanzasbbva.org\/revistaprogreso\/impulso-del-sector-productivo-y-la-vivienda-social\/#breadcrumb\"},\"inLanguage\":\"es\",\"potentialAction\":[{\"@type\":\"ReadAction\",\"target\":[\"https:\/\/www.fundacionmicrofinanzasbbva.org\/revistaprogreso\/impulso-del-sector-productivo-y-la-vivienda-social\/\"]}]},{\"@type\":\"ImageObject\",\"inLanguage\":\"es\",\"@id\":\"https:\/\/www.fundacionmicrofinanzasbbva.org\/revistaprogreso\/impulso-del-sector-productivo-y-la-vivienda-social\/#primaryimage\",\"url\":\"https:\/\/www.fundacionmicrofinanzasbbva.org\/revistaprogreso\/wp-content\/uploads\/2015\/05\/bolivia-vivienda-social-925x800.jpg\",\"contentUrl\":\"https:\/\/www.fundacionmicrofinanzasbbva.org\/revistaprogreso\/wp-content\/uploads\/2015\/05\/bolivia-vivienda-social-925x800.jpg\",\"width\":925,\"height\":800,\"caption\":\"Impulso del sector productivo y la vivienda social\"},{\"@type\":\"BreadcrumbList\",\"@id\":\"https:\/\/www.fundacionmicrofinanzasbbva.org\/revistaprogreso\/impulso-del-sector-productivo-y-la-vivienda-social\/#breadcrumb\",\"itemListElement\":[{\"@type\":\"ListItem\",\"position\":1,\"name\":\"Portada\",\"item\":\"https:\/\/www.fundacionmicrofinanzasbbva.org\/revistaprogreso\/\"},{\"@type\":\"ListItem\",\"position\":2,\"name\":\"Impulso del sector productivo y la vivienda social\"}]},{\"@type\":\"WebSite\",\"@id\":\"https:\/\/www.fundacionmicrofinanzasbbva.org\/revistaprogreso\/#website\",\"url\":\"https:\/\/www.fundacionmicrofinanzasbbva.org\/revistaprogreso\/\",\"name\":\"Revista Progreso\",\"description\":\"Revista de Actualidad Jur\u00eddica\",\"publisher\":{\"@id\":\"https:\/\/www.fundacionmicrofinanzasbbva.org\/revistaprogreso\/#organization\"},\"alternateName\":\"Revista Progreso\",\"potentialAction\":[{\"@type\":\"SearchAction\",\"target\":{\"@type\":\"EntryPoint\",\"urlTemplate\":\"https:\/\/www.fundacionmicrofinanzasbbva.org\/revistaprogreso\/?s={search_term_string}\"},\"query-input\":{\"@type\":\"PropertyValueSpecification\",\"valueRequired\":true,\"valueName\":\"search_term_string\"}}],\"inLanguage\":\"es\"},{\"@type\":\"Organization\",\"@id\":\"https:\/\/www.fundacionmicrofinanzasbbva.org\/revistaprogreso\/#organization\",\"name\":\"Revista Progreso\",\"alternateName\":\"Revista Progreso\",\"url\":\"https:\/\/www.fundacionmicrofinanzasbbva.org\/revistaprogreso\/\",\"logo\":{\"@type\":\"ImageObject\",\"inLanguage\":\"es\",\"@id\":\"https:\/\/www.fundacionmicrofinanzasbbva.org\/revistaprogreso\/#\/schema\/logo\/image\/\",\"url\":\"https:\/\/www.fundacionmicrofinanzasbbva.org\/revistaprogreso\/wp-content\/uploads\/2023\/09\/Logo-FMBBVA-AZUL.png\",\"contentUrl\":\"https:\/\/www.fundacionmicrofinanzasbbva.org\/revistaprogreso\/wp-content\/uploads\/2023\/09\/Logo-FMBBVA-AZUL.png\",\"width\":6173,\"height\":1001,\"caption\":\"Revista Progreso\"},\"image\":{\"@id\":\"https:\/\/www.fundacionmicrofinanzasbbva.org\/revistaprogreso\/#\/schema\/logo\/image\/\"},\"sameAs\":[\"https:\/\/www.facebook.com\/fundacionmicrofinanzasbbva\",\"https:\/\/x.com\/FMBBVA\",\"https:\/\/www.linkedin.com\/company\/fundacin-microfinanzas-bbva\/\",\"https:\/\/www.instagram.com\/somosfmbbva\/\"]},{\"@type\":\"Person\",\"@id\":\"https:\/\/www.fundacionmicrofinanzasbbva.org\/revistaprogreso\/#\/schema\/person\/4a3fe64f7988998aa5e22913c8147baf\",\"name\":\"karessa Ramos\",\"image\":{\"@type\":\"ImageObject\",\"inLanguage\":\"es\",\"@id\":\"https:\/\/www.fundacionmicrofinanzasbbva.org\/revistaprogreso\/#\/schema\/person\/image\/\",\"url\":\"https:\/\/secure.gravatar.com\/avatar\/a2388109b4325a6fb9c892c3212e430cdc0835c8fc1c1a41f4cc2a3b175b81c5?s=96&d=mm&r=g\",\"contentUrl\":\"https:\/\/secure.gravatar.com\/avatar\/a2388109b4325a6fb9c892c3212e430cdc0835c8fc1c1a41f4cc2a3b175b81c5?s=96&d=mm&r=g\",\"caption\":\"karessa Ramos\"},\"url\":\"https:\/\/www.fundacionmicrofinanzasbbva.org\/revistaprogreso\/author\/karessa\/\"}]}<\/script>\n<!-- \/ Yoast SEO plugin. -->","yoast_head_json":{"title":"Impulso del sector productivo y la vivienda social","description":"Impulso del sector productivo y la vivienda social","robots":{"index":"index","follow":"follow","max-snippet":"max-snippet:-1","max-image-preview":"max-image-preview:large","max-video-preview":"max-video-preview:-1"},"canonical":"https:\/\/www.fundacionmicrofinanzasbbva.org\/revistaprogreso\/impulso-del-sector-productivo-y-la-vivienda-social\/","og_locale":"es_ES","og_type":"article","og_title":"Impulso del sector productivo y la vivienda social","og_description":"Impulso del sector productivo y la vivienda social","og_url":"https:\/\/www.fundacionmicrofinanzasbbva.org\/revistaprogreso\/impulso-del-sector-productivo-y-la-vivienda-social\/","og_site_name":"Progreso","article_publisher":"https:\/\/www.facebook.com\/fundacionmicrofinanzasbbva","article_published_time":"2015-05-12T11:49:28+00:00","article_modified_time":"2016-02-17T11:57:06+00:00","og_image":[{"width":925,"height":800,"url":"https:\/\/progresomicrofinanzas.org\/revistaprogreso\/wp-content\/uploads\/2015\/05\/bolivia-vivienda-social-925x800.jpg","type":"image\/jpeg"}],"author":"karessa Ramos","twitter_card":"summary_large_image","twitter_creator":"@FMBBVA","twitter_site":"@FMBBVA","twitter_misc":{"Escrito por":"karessa Ramos","Tiempo de lectura":"2 minutos"},"schema":{"@context":"https:\/\/schema.org","@graph":[{"@type":"Article","@id":"https:\/\/www.fundacionmicrofinanzasbbva.org\/revistaprogreso\/impulso-del-sector-productivo-y-la-vivienda-social\/#article","isPartOf":{"@id":"https:\/\/www.fundacionmicrofinanzasbbva.org\/revistaprogreso\/impulso-del-sector-productivo-y-la-vivienda-social\/"},"author":{"name":"karessa Ramos","@id":"https:\/\/www.fundacionmicrofinanzasbbva.org\/revistaprogreso\/#\/schema\/person\/4a3fe64f7988998aa5e22913c8147baf"},"headline":"Impulso del sector productivo y la vivienda social","datePublished":"2015-05-12T11:49:28+00:00","dateModified":"2016-02-17T11:57:06+00:00","mainEntityOfPage":{"@id":"https:\/\/www.fundacionmicrofinanzasbbva.org\/revistaprogreso\/impulso-del-sector-productivo-y-la-vivienda-social\/"},"wordCount":337,"commentCount":0,"publisher":{"@id":"https:\/\/www.fundacionmicrofinanzasbbva.org\/revistaprogreso\/#organization"},"image":{"@id":"https:\/\/www.fundacionmicrofinanzasbbva.org\/revistaprogreso\/impulso-del-sector-productivo-y-la-vivienda-social\/#primaryimage"},"thumbnailUrl":"https:\/\/www.fundacionmicrofinanzasbbva.org\/revistaprogreso\/wp-content\/uploads\/2015\/05\/bolivia-vivienda-social-925x800.jpg","inLanguage":"es"},{"@type":"WebPage","@id":"https:\/\/www.fundacionmicrofinanzasbbva.org\/revistaprogreso\/impulso-del-sector-productivo-y-la-vivienda-social\/","url":"https:\/\/www.fundacionmicrofinanzasbbva.org\/revistaprogreso\/impulso-del-sector-productivo-y-la-vivienda-social\/","name":"Impulso del sector productivo y la vivienda social","isPartOf":{"@id":"https:\/\/www.fundacionmicrofinanzasbbva.org\/revistaprogreso\/#website"},"primaryImageOfPage":{"@id":"https:\/\/www.fundacionmicrofinanzasbbva.org\/revistaprogreso\/impulso-del-sector-productivo-y-la-vivienda-social\/#primaryimage"},"image":{"@id":"https:\/\/www.fundacionmicrofinanzasbbva.org\/revistaprogreso\/impulso-del-sector-productivo-y-la-vivienda-social\/#primaryimage"},"thumbnailUrl":"https:\/\/www.fundacionmicrofinanzasbbva.org\/revistaprogreso\/wp-content\/uploads\/2015\/05\/bolivia-vivienda-social-925x800.jpg","datePublished":"2015-05-12T11:49:28+00:00","dateModified":"2016-02-17T11:57:06+00:00","description":"Impulso del sector productivo y la vivienda social","breadcrumb":{"@id":"https:\/\/www.fundacionmicrofinanzasbbva.org\/revistaprogreso\/impulso-del-sector-productivo-y-la-vivienda-social\/#breadcrumb"},"inLanguage":"es","potentialAction":[{"@type":"ReadAction","target":["https:\/\/www.fundacionmicrofinanzasbbva.org\/revistaprogreso\/impulso-del-sector-productivo-y-la-vivienda-social\/"]}]},{"@type":"ImageObject","inLanguage":"es","@id":"https:\/\/www.fundacionmicrofinanzasbbva.org\/revistaprogreso\/impulso-del-sector-productivo-y-la-vivienda-social\/#primaryimage","url":"https:\/\/www.fundacionmicrofinanzasbbva.org\/revistaprogreso\/wp-content\/uploads\/2015\/05\/bolivia-vivienda-social-925x800.jpg","contentUrl":"https:\/\/www.fundacionmicrofinanzasbbva.org\/revistaprogreso\/wp-content\/uploads\/2015\/05\/bolivia-vivienda-social-925x800.jpg","width":925,"height":800,"caption":"Impulso del sector productivo y la vivienda social"},{"@type":"BreadcrumbList","@id":"https:\/\/www.fundacionmicrofinanzasbbva.org\/revistaprogreso\/impulso-del-sector-productivo-y-la-vivienda-social\/#breadcrumb","itemListElement":[{"@type":"ListItem","position":1,"name":"Portada","item":"https:\/\/www.fundacionmicrofinanzasbbva.org\/revistaprogreso\/"},{"@type":"ListItem","position":2,"name":"Impulso del sector productivo y la vivienda social"}]},{"@type":"WebSite","@id":"https:\/\/www.fundacionmicrofinanzasbbva.org\/revistaprogreso\/#website","url":"https:\/\/www.fundacionmicrofinanzasbbva.org\/revistaprogreso\/","name":"Revista Progreso","description":"Revista de Actualidad Jur\u00eddica","publisher":{"@id":"https:\/\/www.fundacionmicrofinanzasbbva.org\/revistaprogreso\/#organization"},"alternateName":"Revista Progreso","potentialAction":[{"@type":"SearchAction","target":{"@type":"EntryPoint","urlTemplate":"https:\/\/www.fundacionmicrofinanzasbbva.org\/revistaprogreso\/?s={search_term_string}"},"query-input":{"@type":"PropertyValueSpecification","valueRequired":true,"valueName":"search_term_string"}}],"inLanguage":"es"},{"@type":"Organization","@id":"https:\/\/www.fundacionmicrofinanzasbbva.org\/revistaprogreso\/#organization","name":"Revista Progreso","alternateName":"Revista Progreso","url":"https:\/\/www.fundacionmicrofinanzasbbva.org\/revistaprogreso\/","logo":{"@type":"ImageObject","inLanguage":"es","@id":"https:\/\/www.fundacionmicrofinanzasbbva.org\/revistaprogreso\/#\/schema\/logo\/image\/","url":"https:\/\/www.fundacionmicrofinanzasbbva.org\/revistaprogreso\/wp-content\/uploads\/2023\/09\/Logo-FMBBVA-AZUL.png","contentUrl":"https:\/\/www.fundacionmicrofinanzasbbva.org\/revistaprogreso\/wp-content\/uploads\/2023\/09\/Logo-FMBBVA-AZUL.png","width":6173,"height":1001,"caption":"Revista Progreso"},"image":{"@id":"https:\/\/www.fundacionmicrofinanzasbbva.org\/revistaprogreso\/#\/schema\/logo\/image\/"},"sameAs":["https:\/\/www.facebook.com\/fundacionmicrofinanzasbbva","https:\/\/x.com\/FMBBVA","https:\/\/www.linkedin.com\/company\/fundacin-microfinanzas-bbva\/","https:\/\/www.instagram.com\/somosfmbbva\/"]},{"@type":"Person","@id":"https:\/\/www.fundacionmicrofinanzasbbva.org\/revistaprogreso\/#\/schema\/person\/4a3fe64f7988998aa5e22913c8147baf","name":"karessa Ramos","image":{"@type":"ImageObject","inLanguage":"es","@id":"https:\/\/www.fundacionmicrofinanzasbbva.org\/revistaprogreso\/#\/schema\/person\/image\/","url":"https:\/\/secure.gravatar.com\/avatar\/a2388109b4325a6fb9c892c3212e430cdc0835c8fc1c1a41f4cc2a3b175b81c5?s=96&d=mm&r=g","contentUrl":"https:\/\/secure.gravatar.com\/avatar\/a2388109b4325a6fb9c892c3212e430cdc0835c8fc1c1a41f4cc2a3b175b81c5?s=96&d=mm&r=g","caption":"karessa Ramos"},"url":"https:\/\/www.fundacionmicrofinanzasbbva.org\/revistaprogreso\/author\/karessa\/"}]}},"_links":{"self":[{"href":"https:\/\/www.fundacionmicrofinanzasbbva.org\/revistaprogreso\/wp-json\/wp\/v2\/posts\/31","targetHints":{"allow":["GET"]}}],"collection":[{"href":"https:\/\/www.fundacionmicrofinanzasbbva.org\/revistaprogreso\/wp-json\/wp\/v2\/posts"}],"about":[{"href":"https:\/\/www.fundacionmicrofinanzasbbva.org\/revistaprogreso\/wp-json\/wp\/v2\/types\/post"}],"author":[{"embeddable":true,"href":"https:\/\/www.fundacionmicrofinanzasbbva.org\/revistaprogreso\/wp-json\/wp\/v2\/users\/30"}],"replies":[{"embeddable":true,"href":"https:\/\/www.fundacionmicrofinanzasbbva.org\/revistaprogreso\/wp-json\/wp\/v2\/comments?post=31"}],"version-history":[{"count":0,"href":"https:\/\/www.fundacionmicrofinanzasbbva.org\/revistaprogreso\/wp-json\/wp\/v2\/posts\/31\/revisions"}],"wp:featuredmedia":[{"embeddable":true,"href":"https:\/\/www.fundacionmicrofinanzasbbva.org\/revistaprogreso\/wp-json\/wp\/v2\/media\/484"}],"wp:attachment":[{"href":"https:\/\/www.fundacionmicrofinanzasbbva.org\/revistaprogreso\/wp-json\/wp\/v2\/media?parent=31"}],"wp:term":[{"taxonomy":"post_tag","embeddable":true,"href":"https:\/\/www.fundacionmicrofinanzasbbva.org\/revistaprogreso\/wp-json\/wp\/v2\/tags?post=31"}],"curies":[{"name":"wp","href":"https:\/\/api.w.org\/{rel}","templated":true}]}}