{"id":2662,"date":"2015-12-14T09:07:56","date_gmt":"2015-12-14T09:07:56","guid":{"rendered":"http:\/\/progresomicrofinanzas.org\/?p=2662"},"modified":"2016-02-25T12:10:43","modified_gmt":"2016-02-25T12:10:43","slug":"nuevas-reglas-para-el-registro-de-garantias-mobiliarias","status":"publish","type":"post","link":"https:\/\/www.fundacionmicrofinanzasbbva.org\/revistaprogreso\/nuevas-reglas-para-el-registro-de-garantias-mobiliarias\/","title":{"rendered":"Reglas para registro de Garant\u00edas Mobiliarias"},"content":{"rendered":"<div class=\"pdfprnt-buttons pdfprnt-buttons-post pdfprnt-top-right\"><a href=\"https:\/\/www.fundacionmicrofinanzasbbva.org\/revistaprogreso\/wp-json\/wp\/v2\/posts\/2662?print=pdf\" class=\"pdfprnt-button pdfprnt-button-pdf\" target=\"_blank\"><img decoding=\"async\" src=\"https:\/\/www.fundacionmicrofinanzasbbva.org\/revistaprogreso\/wp-content\/plugins\/pdf-print\/images\/pdf.png\" alt=\"image_pdf\" title=\"Ver PDF\" \/><\/a><a href=\"https:\/\/www.fundacionmicrofinanzasbbva.org\/revistaprogreso\/wp-json\/wp\/v2\/posts\/2662?print=print\" class=\"pdfprnt-button pdfprnt-button-print\" target=\"_blank\"><img decoding=\"async\" src=\"https:\/\/www.fundacionmicrofinanzasbbva.org\/revistaprogreso\/wp-content\/plugins\/pdf-print\/images\/print.png\" alt=\"image_print\" title=\"Imprimir contenido\" \/><\/a><\/div><p>El gobierno colombiano ha expedido el Decreto 1835 de 2015 dando claridad a algunos aspectos del registro de garant\u00edas mobiliarias como facilitador del otorgamiento de financiaci\u00f3n a peque\u00f1os y medianos empresarios. Dentro de los aspectos tocados por la norma resaltamos:<\/p>\n<ul>\n<li>Se incluye un glosario de t\u00e9rminos aplicables al registro de garant\u00edas mobiliarias tales como, acreedor garantizado, folio electr\u00f3nico, formulario de registro, etc.<\/li>\n<li>Se precisan las funciones de tipo operativo del registro de garant\u00edas mobiliarias, como asignar n\u00famero serial de registro, proveer certificaciones y copias, etc.<\/li>\n<li>El acceso al registro de garant\u00edas mobiliarias ser\u00e1 abierto y de disponibilidad 7\/24.<\/li>\n<li>Se definen los requisitos para el registro de garant\u00edas mobiliarias en el sistema, los cuales consistir\u00e1n en la creaci\u00f3n de un usuario, pago de los derechos de registro y diligenciamiento del formulario.<\/li>\n<li>Se define la vigencia de la inscripci\u00f3n de la garant\u00eda.<\/li>\n<li>Informaci\u00f3n m\u00ednima a proveer al sistema para el registro de garant\u00edas mobiliarias.<\/li>\n<\/ul>\n<p><strong>Un sistema de registro de <\/strong><strong>garant\u00edas mobiliarias <\/strong><strong>m\u00e1s sencillo<\/strong><\/p>\n<p>Este Decreto despeja varias dudas que exist\u00edan en el mercado con respecto a la aplicaci\u00f3n de la Ley de Garant\u00edas Mobiliarias (1676 de 2013), analizada en <a href=\"http:\/\/progresomicrofinanzas.org\/regimen-de-garantias-mobiliarias\/\">Progreso 1<\/a>, cuya eficacia est\u00e1 intr\u00ednsecamente relacionada con el buen desempe\u00f1o del sistema de registro que crea.<\/p>\n<p>Puesto en marcha este sistema de registro de garant\u00edas mobiliarias de manera correcta, abre puertas para la utilizaci\u00f3n de bienes muebles como garant\u00edas realizables para operaciones de cr\u00e9dito, lo que redunda en un incentivo a la financiaci\u00f3n empresarial en el pa\u00eds.<\/p>\n<p>En Progreso 1 tambi\u00e9n vimos c\u00f3mo se regulan las garant\u00edas mobiliarias en <a href=\"http:\/\/progresomicrofinanzas.org\/modernizacion-del-sistema-de-garantias-mobiliarias\/\">Panam\u00e1<\/a> y <a href=\"http:\/\/progresomicrofinanzas.org\/nueva-ley-de-garantias-mobiliarias\/\">Per\u00fa<\/a>.<\/p>\n","protected":false},"excerpt":{"rendered":"<p>El gobierno colombiano ha expedido el Decreto 1835 de 2015 dando claridad a algunos aspectos del registro de garant\u00edas mobiliarias como facilitador del otorgamiento de financiaci\u00f3n a peque\u00f1os y medianos empresarios. Dentro de los aspectos tocados por la norma resaltamos: Se incluye un glosario de t\u00e9rminos aplicables al registro de garant\u00edas mobiliarias tales como, acreedor [&hellip;]<\/p>\n","protected":false},"author":30,"featured_media":2665,"comment_status":"open","ping_status":"open","sticky":false,"template":"","format":"standard","meta":{"_acf_changed":false,"footnotes":""},"tags":[151,137,225,227,208,226,228,224],"class_list":["post-2662","post","type-post","status-publish","format-standard","has-post-thumbnail","hentry","tag-financiacion-empresarial","tag-informacion","tag-acreedor","tag-bienes-muebles","tag-colombia","tag-derechos-de-registro","tag-empresarios","tag-garantias-mobiliarias","numero-5m","seccion-legislacion-normas-publicadas-microfinanzas","pais-colombia"],"acf":[],"yoast_head":"<!-- This site is optimized with the Yoast SEO plugin v26.8 - https:\/\/yoast.com\/product\/yoast-seo-wordpress\/ -->\n<title>Nuevas Reglas para el Registro de Garant\u00edas Mobiliarias<\/title>\n<meta name=\"description\" content=\"Modificaci\u00f3n de las normas relativas al registro de garant\u00edas mobiliarias\" \/>\n<meta name=\"robots\" content=\"index, follow, max-snippet:-1, max-image-preview:large, max-video-preview:-1\" \/>\n<link rel=\"canonical\" href=\"https:\/\/www.fundacionmicrofinanzasbbva.org\/revistaprogreso\/nuevas-reglas-para-el-registro-de-garantias-mobiliarias\/\" \/>\n<meta property=\"og:locale\" content=\"es_ES\" \/>\n<meta property=\"og:type\" content=\"article\" \/>\n<meta property=\"og:title\" content=\"Nuevas Reglas para el Registro de Garant\u00edas Mobiliarias\" \/>\n<meta property=\"og:description\" content=\"Modificaci\u00f3n de las normas relativas al registro de garant\u00edas mobiliarias\" \/>\n<meta property=\"og:url\" content=\"https:\/\/www.fundacionmicrofinanzasbbva.org\/revistaprogreso\/nuevas-reglas-para-el-registro-de-garantias-mobiliarias\/\" \/>\n<meta property=\"og:site_name\" content=\"Progreso\" \/>\n<meta property=\"article:publisher\" content=\"https:\/\/www.facebook.com\/fundacionmicrofinanzasbbva\" \/>\n<meta property=\"article:published_time\" content=\"2015-12-14T09:07:56+00:00\" \/>\n<meta property=\"article:modified_time\" content=\"2016-02-25T12:10:43+00:00\" \/>\n<meta property=\"og:image\" content=\"https:\/\/fundacionmicrofinanzasbbva.org\/revistaprogreso\/wp-content\/uploads\/2015\/11\/garantias-mobiliarias1.jpg\" \/>\n\t<meta property=\"og:image:width\" content=\"925\" \/>\n\t<meta property=\"og:image:height\" content=\"800\" \/>\n\t<meta property=\"og:image:type\" content=\"image\/jpeg\" \/>\n<meta name=\"author\" content=\"karessa Ramos\" \/>\n<meta name=\"twitter:card\" content=\"summary_large_image\" \/>\n<meta name=\"twitter:creator\" content=\"@FMBBVA\" \/>\n<meta name=\"twitter:site\" content=\"@FMBBVA\" \/>\n<meta name=\"twitter:label1\" content=\"Escrito por\" \/>\n\t<meta name=\"twitter:data1\" content=\"karessa Ramos\" \/>\n\t<meta name=\"twitter:label2\" content=\"Tiempo de lectura\" \/>\n\t<meta name=\"twitter:data2\" content=\"1 minuto\" \/>\n<script type=\"application\/ld+json\" class=\"yoast-schema-graph\">{\"@context\":\"https:\/\/schema.org\",\"@graph\":[{\"@type\":\"Article\",\"@id\":\"https:\/\/www.fundacionmicrofinanzasbbva.org\/revistaprogreso\/nuevas-reglas-para-el-registro-de-garantias-mobiliarias\/#article\",\"isPartOf\":{\"@id\":\"https:\/\/www.fundacionmicrofinanzasbbva.org\/revistaprogreso\/nuevas-reglas-para-el-registro-de-garantias-mobiliarias\/\"},\"author\":{\"name\":\"karessa Ramos\",\"@id\":\"https:\/\/www.fundacionmicrofinanzasbbva.org\/revistaprogreso\/#\/schema\/person\/4a3fe64f7988998aa5e22913c8147baf\"},\"headline\":\"Reglas para registro de Garant\u00edas Mobiliarias\",\"datePublished\":\"2015-12-14T09:07:56+00:00\",\"dateModified\":\"2016-02-25T12:10:43+00:00\",\"mainEntityOfPage\":{\"@id\":\"https:\/\/www.fundacionmicrofinanzasbbva.org\/revistaprogreso\/nuevas-reglas-para-el-registro-de-garantias-mobiliarias\/\"},\"wordCount\":293,\"commentCount\":0,\"publisher\":{\"@id\":\"https:\/\/www.fundacionmicrofinanzasbbva.org\/revistaprogreso\/#organization\"},\"image\":{\"@id\":\"https:\/\/www.fundacionmicrofinanzasbbva.org\/revistaprogreso\/nuevas-reglas-para-el-registro-de-garantias-mobiliarias\/#primaryimage\"},\"thumbnailUrl\":\"https:\/\/www.fundacionmicrofinanzasbbva.org\/revistaprogreso\/wp-content\/uploads\/2015\/11\/garantias-mobiliarias1.jpg\",\"keywords\":[\"#financiaci\u00f3n empresarial\",\"#informaci\u00f3n\",\"acreedor\",\"bienes muebles\",\"Colombia\",\"derechos de registro\",\"empresarios\",\"garant\u00edas mobiliarias\"],\"inLanguage\":\"es\"},{\"@type\":\"WebPage\",\"@id\":\"https:\/\/www.fundacionmicrofinanzasbbva.org\/revistaprogreso\/nuevas-reglas-para-el-registro-de-garantias-mobiliarias\/\",\"url\":\"https:\/\/www.fundacionmicrofinanzasbbva.org\/revistaprogreso\/nuevas-reglas-para-el-registro-de-garantias-mobiliarias\/\",\"name\":\"Nuevas Reglas para el Registro de Garant\u00edas Mobiliarias\",\"isPartOf\":{\"@id\":\"https:\/\/www.fundacionmicrofinanzasbbva.org\/revistaprogreso\/#website\"},\"primaryImageOfPage\":{\"@id\":\"https:\/\/www.fundacionmicrofinanzasbbva.org\/revistaprogreso\/nuevas-reglas-para-el-registro-de-garantias-mobiliarias\/#primaryimage\"},\"image\":{\"@id\":\"https:\/\/www.fundacionmicrofinanzasbbva.org\/revistaprogreso\/nuevas-reglas-para-el-registro-de-garantias-mobiliarias\/#primaryimage\"},\"thumbnailUrl\":\"https:\/\/www.fundacionmicrofinanzasbbva.org\/revistaprogreso\/wp-content\/uploads\/2015\/11\/garantias-mobiliarias1.jpg\",\"datePublished\":\"2015-12-14T09:07:56+00:00\",\"dateModified\":\"2016-02-25T12:10:43+00:00\",\"description\":\"Modificaci\u00f3n de las normas relativas al registro de garant\u00edas mobiliarias\",\"breadcrumb\":{\"@id\":\"https:\/\/www.fundacionmicrofinanzasbbva.org\/revistaprogreso\/nuevas-reglas-para-el-registro-de-garantias-mobiliarias\/#breadcrumb\"},\"inLanguage\":\"es\",\"potentialAction\":[{\"@type\":\"ReadAction\",\"target\":[\"https:\/\/www.fundacionmicrofinanzasbbva.org\/revistaprogreso\/nuevas-reglas-para-el-registro-de-garantias-mobiliarias\/\"]}]},{\"@type\":\"ImageObject\",\"inLanguage\":\"es\",\"@id\":\"https:\/\/www.fundacionmicrofinanzasbbva.org\/revistaprogreso\/nuevas-reglas-para-el-registro-de-garantias-mobiliarias\/#primaryimage\",\"url\":\"https:\/\/www.fundacionmicrofinanzasbbva.org\/revistaprogreso\/wp-content\/uploads\/2015\/11\/garantias-mobiliarias1.jpg\",\"contentUrl\":\"https:\/\/www.fundacionmicrofinanzasbbva.org\/revistaprogreso\/wp-content\/uploads\/2015\/11\/garantias-mobiliarias1.jpg\",\"width\":925,\"height\":800},{\"@type\":\"BreadcrumbList\",\"@id\":\"https:\/\/www.fundacionmicrofinanzasbbva.org\/revistaprogreso\/nuevas-reglas-para-el-registro-de-garantias-mobiliarias\/#breadcrumb\",\"itemListElement\":[{\"@type\":\"ListItem\",\"position\":1,\"name\":\"Portada\",\"item\":\"https:\/\/www.fundacionmicrofinanzasbbva.org\/revistaprogreso\/\"},{\"@type\":\"ListItem\",\"position\":2,\"name\":\"Reglas para registro de Garant\u00edas Mobiliarias\"}]},{\"@type\":\"WebSite\",\"@id\":\"https:\/\/www.fundacionmicrofinanzasbbva.org\/revistaprogreso\/#website\",\"url\":\"https:\/\/www.fundacionmicrofinanzasbbva.org\/revistaprogreso\/\",\"name\":\"Revista Progreso\",\"description\":\"Revista de Actualidad Jur\u00eddica\",\"publisher\":{\"@id\":\"https:\/\/www.fundacionmicrofinanzasbbva.org\/revistaprogreso\/#organization\"},\"alternateName\":\"Revista Progreso\",\"potentialAction\":[{\"@type\":\"SearchAction\",\"target\":{\"@type\":\"EntryPoint\",\"urlTemplate\":\"https:\/\/www.fundacionmicrofinanzasbbva.org\/revistaprogreso\/?s={search_term_string}\"},\"query-input\":{\"@type\":\"PropertyValueSpecification\",\"valueRequired\":true,\"valueName\":\"search_term_string\"}}],\"inLanguage\":\"es\"},{\"@type\":\"Organization\",\"@id\":\"https:\/\/www.fundacionmicrofinanzasbbva.org\/revistaprogreso\/#organization\",\"name\":\"Revista Progreso\",\"alternateName\":\"Revista Progreso\",\"url\":\"https:\/\/www.fundacionmicrofinanzasbbva.org\/revistaprogreso\/\",\"logo\":{\"@type\":\"ImageObject\",\"inLanguage\":\"es\",\"@id\":\"https:\/\/www.fundacionmicrofinanzasbbva.org\/revistaprogreso\/#\/schema\/logo\/image\/\",\"url\":\"https:\/\/www.fundacionmicrofinanzasbbva.org\/revistaprogreso\/wp-content\/uploads\/2023\/09\/Logo-FMBBVA-AZUL.png\",\"contentUrl\":\"https:\/\/www.fundacionmicrofinanzasbbva.org\/revistaprogreso\/wp-content\/uploads\/2023\/09\/Logo-FMBBVA-AZUL.png\",\"width\":6173,\"height\":1001,\"caption\":\"Revista Progreso\"},\"image\":{\"@id\":\"https:\/\/www.fundacionmicrofinanzasbbva.org\/revistaprogreso\/#\/schema\/logo\/image\/\"},\"sameAs\":[\"https:\/\/www.facebook.com\/fundacionmicrofinanzasbbva\",\"https:\/\/x.com\/FMBBVA\",\"https:\/\/www.linkedin.com\/company\/fundacin-microfinanzas-bbva\/\",\"https:\/\/www.instagram.com\/somosfmbbva\/\"]},{\"@type\":\"Person\",\"@id\":\"https:\/\/www.fundacionmicrofinanzasbbva.org\/revistaprogreso\/#\/schema\/person\/4a3fe64f7988998aa5e22913c8147baf\",\"name\":\"karessa Ramos\",\"image\":{\"@type\":\"ImageObject\",\"inLanguage\":\"es\",\"@id\":\"https:\/\/www.fundacionmicrofinanzasbbva.org\/revistaprogreso\/#\/schema\/person\/image\/\",\"url\":\"https:\/\/secure.gravatar.com\/avatar\/a2388109b4325a6fb9c892c3212e430cdc0835c8fc1c1a41f4cc2a3b175b81c5?s=96&d=mm&r=g\",\"contentUrl\":\"https:\/\/secure.gravatar.com\/avatar\/a2388109b4325a6fb9c892c3212e430cdc0835c8fc1c1a41f4cc2a3b175b81c5?s=96&d=mm&r=g\",\"caption\":\"karessa Ramos\"},\"url\":\"https:\/\/www.fundacionmicrofinanzasbbva.org\/revistaprogreso\/author\/karessa\/\"}]}<\/script>\n<!-- \/ Yoast SEO plugin. -->","yoast_head_json":{"title":"Nuevas Reglas para el Registro de Garant\u00edas Mobiliarias","description":"Modificaci\u00f3n de las normas relativas al registro de garant\u00edas mobiliarias","robots":{"index":"index","follow":"follow","max-snippet":"max-snippet:-1","max-image-preview":"max-image-preview:large","max-video-preview":"max-video-preview:-1"},"canonical":"https:\/\/www.fundacionmicrofinanzasbbva.org\/revistaprogreso\/nuevas-reglas-para-el-registro-de-garantias-mobiliarias\/","og_locale":"es_ES","og_type":"article","og_title":"Nuevas Reglas para el Registro de Garant\u00edas Mobiliarias","og_description":"Modificaci\u00f3n de las normas relativas al registro de garant\u00edas mobiliarias","og_url":"https:\/\/www.fundacionmicrofinanzasbbva.org\/revistaprogreso\/nuevas-reglas-para-el-registro-de-garantias-mobiliarias\/","og_site_name":"Progreso","article_publisher":"https:\/\/www.facebook.com\/fundacionmicrofinanzasbbva","article_published_time":"2015-12-14T09:07:56+00:00","article_modified_time":"2016-02-25T12:10:43+00:00","og_image":[{"width":925,"height":800,"url":"https:\/\/fundacionmicrofinanzasbbva.org\/revistaprogreso\/wp-content\/uploads\/2015\/11\/garantias-mobiliarias1.jpg","type":"image\/jpeg"}],"author":"karessa Ramos","twitter_card":"summary_large_image","twitter_creator":"@FMBBVA","twitter_site":"@FMBBVA","twitter_misc":{"Escrito por":"karessa Ramos","Tiempo de lectura":"1 minuto"},"schema":{"@context":"https:\/\/schema.org","@graph":[{"@type":"Article","@id":"https:\/\/www.fundacionmicrofinanzasbbva.org\/revistaprogreso\/nuevas-reglas-para-el-registro-de-garantias-mobiliarias\/#article","isPartOf":{"@id":"https:\/\/www.fundacionmicrofinanzasbbva.org\/revistaprogreso\/nuevas-reglas-para-el-registro-de-garantias-mobiliarias\/"},"author":{"name":"karessa Ramos","@id":"https:\/\/www.fundacionmicrofinanzasbbva.org\/revistaprogreso\/#\/schema\/person\/4a3fe64f7988998aa5e22913c8147baf"},"headline":"Reglas para registro de Garant\u00edas Mobiliarias","datePublished":"2015-12-14T09:07:56+00:00","dateModified":"2016-02-25T12:10:43+00:00","mainEntityOfPage":{"@id":"https:\/\/www.fundacionmicrofinanzasbbva.org\/revistaprogreso\/nuevas-reglas-para-el-registro-de-garantias-mobiliarias\/"},"wordCount":293,"commentCount":0,"publisher":{"@id":"https:\/\/www.fundacionmicrofinanzasbbva.org\/revistaprogreso\/#organization"},"image":{"@id":"https:\/\/www.fundacionmicrofinanzasbbva.org\/revistaprogreso\/nuevas-reglas-para-el-registro-de-garantias-mobiliarias\/#primaryimage"},"thumbnailUrl":"https:\/\/www.fundacionmicrofinanzasbbva.org\/revistaprogreso\/wp-content\/uploads\/2015\/11\/garantias-mobiliarias1.jpg","keywords":["#financiaci\u00f3n empresarial","#informaci\u00f3n","acreedor","bienes muebles","Colombia","derechos de registro","empresarios","garant\u00edas mobiliarias"],"inLanguage":"es"},{"@type":"WebPage","@id":"https:\/\/www.fundacionmicrofinanzasbbva.org\/revistaprogreso\/nuevas-reglas-para-el-registro-de-garantias-mobiliarias\/","url":"https:\/\/www.fundacionmicrofinanzasbbva.org\/revistaprogreso\/nuevas-reglas-para-el-registro-de-garantias-mobiliarias\/","name":"Nuevas Reglas para el Registro de Garant\u00edas Mobiliarias","isPartOf":{"@id":"https:\/\/www.fundacionmicrofinanzasbbva.org\/revistaprogreso\/#website"},"primaryImageOfPage":{"@id":"https:\/\/www.fundacionmicrofinanzasbbva.org\/revistaprogreso\/nuevas-reglas-para-el-registro-de-garantias-mobiliarias\/#primaryimage"},"image":{"@id":"https:\/\/www.fundacionmicrofinanzasbbva.org\/revistaprogreso\/nuevas-reglas-para-el-registro-de-garantias-mobiliarias\/#primaryimage"},"thumbnailUrl":"https:\/\/www.fundacionmicrofinanzasbbva.org\/revistaprogreso\/wp-content\/uploads\/2015\/11\/garantias-mobiliarias1.jpg","datePublished":"2015-12-14T09:07:56+00:00","dateModified":"2016-02-25T12:10:43+00:00","description":"Modificaci\u00f3n de las normas relativas al registro de garant\u00edas mobiliarias","breadcrumb":{"@id":"https:\/\/www.fundacionmicrofinanzasbbva.org\/revistaprogreso\/nuevas-reglas-para-el-registro-de-garantias-mobiliarias\/#breadcrumb"},"inLanguage":"es","potentialAction":[{"@type":"ReadAction","target":["https:\/\/www.fundacionmicrofinanzasbbva.org\/revistaprogreso\/nuevas-reglas-para-el-registro-de-garantias-mobiliarias\/"]}]},{"@type":"ImageObject","inLanguage":"es","@id":"https:\/\/www.fundacionmicrofinanzasbbva.org\/revistaprogreso\/nuevas-reglas-para-el-registro-de-garantias-mobiliarias\/#primaryimage","url":"https:\/\/www.fundacionmicrofinanzasbbva.org\/revistaprogreso\/wp-content\/uploads\/2015\/11\/garantias-mobiliarias1.jpg","contentUrl":"https:\/\/www.fundacionmicrofinanzasbbva.org\/revistaprogreso\/wp-content\/uploads\/2015\/11\/garantias-mobiliarias1.jpg","width":925,"height":800},{"@type":"BreadcrumbList","@id":"https:\/\/www.fundacionmicrofinanzasbbva.org\/revistaprogreso\/nuevas-reglas-para-el-registro-de-garantias-mobiliarias\/#breadcrumb","itemListElement":[{"@type":"ListItem","position":1,"name":"Portada","item":"https:\/\/www.fundacionmicrofinanzasbbva.org\/revistaprogreso\/"},{"@type":"ListItem","position":2,"name":"Reglas para registro de Garant\u00edas Mobiliarias"}]},{"@type":"WebSite","@id":"https:\/\/www.fundacionmicrofinanzasbbva.org\/revistaprogreso\/#website","url":"https:\/\/www.fundacionmicrofinanzasbbva.org\/revistaprogreso\/","name":"Revista Progreso","description":"Revista de Actualidad Jur\u00eddica","publisher":{"@id":"https:\/\/www.fundacionmicrofinanzasbbva.org\/revistaprogreso\/#organization"},"alternateName":"Revista Progreso","potentialAction":[{"@type":"SearchAction","target":{"@type":"EntryPoint","urlTemplate":"https:\/\/www.fundacionmicrofinanzasbbva.org\/revistaprogreso\/?s={search_term_string}"},"query-input":{"@type":"PropertyValueSpecification","valueRequired":true,"valueName":"search_term_string"}}],"inLanguage":"es"},{"@type":"Organization","@id":"https:\/\/www.fundacionmicrofinanzasbbva.org\/revistaprogreso\/#organization","name":"Revista Progreso","alternateName":"Revista Progreso","url":"https:\/\/www.fundacionmicrofinanzasbbva.org\/revistaprogreso\/","logo":{"@type":"ImageObject","inLanguage":"es","@id":"https:\/\/www.fundacionmicrofinanzasbbva.org\/revistaprogreso\/#\/schema\/logo\/image\/","url":"https:\/\/www.fundacionmicrofinanzasbbva.org\/revistaprogreso\/wp-content\/uploads\/2023\/09\/Logo-FMBBVA-AZUL.png","contentUrl":"https:\/\/www.fundacionmicrofinanzasbbva.org\/revistaprogreso\/wp-content\/uploads\/2023\/09\/Logo-FMBBVA-AZUL.png","width":6173,"height":1001,"caption":"Revista Progreso"},"image":{"@id":"https:\/\/www.fundacionmicrofinanzasbbva.org\/revistaprogreso\/#\/schema\/logo\/image\/"},"sameAs":["https:\/\/www.facebook.com\/fundacionmicrofinanzasbbva","https:\/\/x.com\/FMBBVA","https:\/\/www.linkedin.com\/company\/fundacin-microfinanzas-bbva\/","https:\/\/www.instagram.com\/somosfmbbva\/"]},{"@type":"Person","@id":"https:\/\/www.fundacionmicrofinanzasbbva.org\/revistaprogreso\/#\/schema\/person\/4a3fe64f7988998aa5e22913c8147baf","name":"karessa Ramos","image":{"@type":"ImageObject","inLanguage":"es","@id":"https:\/\/www.fundacionmicrofinanzasbbva.org\/revistaprogreso\/#\/schema\/person\/image\/","url":"https:\/\/secure.gravatar.com\/avatar\/a2388109b4325a6fb9c892c3212e430cdc0835c8fc1c1a41f4cc2a3b175b81c5?s=96&d=mm&r=g","contentUrl":"https:\/\/secure.gravatar.com\/avatar\/a2388109b4325a6fb9c892c3212e430cdc0835c8fc1c1a41f4cc2a3b175b81c5?s=96&d=mm&r=g","caption":"karessa Ramos"},"url":"https:\/\/www.fundacionmicrofinanzasbbva.org\/revistaprogreso\/author\/karessa\/"}]}},"_links":{"self":[{"href":"https:\/\/www.fundacionmicrofinanzasbbva.org\/revistaprogreso\/wp-json\/wp\/v2\/posts\/2662","targetHints":{"allow":["GET"]}}],"collection":[{"href":"https:\/\/www.fundacionmicrofinanzasbbva.org\/revistaprogreso\/wp-json\/wp\/v2\/posts"}],"about":[{"href":"https:\/\/www.fundacionmicrofinanzasbbva.org\/revistaprogreso\/wp-json\/wp\/v2\/types\/post"}],"author":[{"embeddable":true,"href":"https:\/\/www.fundacionmicrofinanzasbbva.org\/revistaprogreso\/wp-json\/wp\/v2\/users\/30"}],"replies":[{"embeddable":true,"href":"https:\/\/www.fundacionmicrofinanzasbbva.org\/revistaprogreso\/wp-json\/wp\/v2\/comments?post=2662"}],"version-history":[{"count":0,"href":"https:\/\/www.fundacionmicrofinanzasbbva.org\/revistaprogreso\/wp-json\/wp\/v2\/posts\/2662\/revisions"}],"wp:featuredmedia":[{"embeddable":true,"href":"https:\/\/www.fundacionmicrofinanzasbbva.org\/revistaprogreso\/wp-json\/wp\/v2\/media\/2665"}],"wp:attachment":[{"href":"https:\/\/www.fundacionmicrofinanzasbbva.org\/revistaprogreso\/wp-json\/wp\/v2\/media?parent=2662"}],"wp:term":[{"taxonomy":"post_tag","embeddable":true,"href":"https:\/\/www.fundacionmicrofinanzasbbva.org\/revistaprogreso\/wp-json\/wp\/v2\/tags?post=2662"}],"curies":[{"name":"wp","href":"https:\/\/api.w.org\/{rel}","templated":true}]}}