{"id":20055,"date":"2022-06-06T14:31:16","date_gmt":"2022-06-06T14:31:16","guid":{"rendered":"https:\/\/www.fundacionmicrofinanzasbbva.org\/revistaprogreso\/?p=20055"},"modified":"2022-06-07T08:42:50","modified_gmt":"2022-06-07T08:42:50","slug":"quienes-son-los-pobres-por-que-y-como-se-sienten-pobres","status":"publish","type":"post","link":"https:\/\/www.fundacionmicrofinanzasbbva.org\/revistaprogreso\/quienes-son-los-pobres-por-que-y-como-se-sienten-pobres\/","title":{"rendered":"Qui\u00e9nes son los pobres; por qu\u00e9 y c\u00f3mo se sienten pobres"},"content":{"rendered":"<div class=\"pdfprnt-buttons pdfprnt-buttons-post pdfprnt-top-right\"><a href=\"https:\/\/www.fundacionmicrofinanzasbbva.org\/revistaprogreso\/wp-json\/wp\/v2\/posts\/20055?print=pdf\" class=\"pdfprnt-button pdfprnt-button-pdf\" target=\"_blank\" ><img decoding=\"async\" src=\"https:\/\/www.fundacionmicrofinanzasbbva.org\/revistaprogreso\/wp-content\/plugins\/pdf-print\/images\/pdf.png\" alt=\"image_pdf\" title=\"Ver PDF\" \/><\/a><a href=\"https:\/\/www.fundacionmicrofinanzasbbva.org\/revistaprogreso\/wp-json\/wp\/v2\/posts\/20055?print=print\" class=\"pdfprnt-button pdfprnt-button-print\" target=\"_blank\" ><img decoding=\"async\" src=\"https:\/\/www.fundacionmicrofinanzasbbva.org\/revistaprogreso\/wp-content\/plugins\/pdf-print\/images\/print.png\" alt=\"image_print\" title=\"Imprimir contenido\" \/><\/a><\/div><p>La antigua Roma de la \u00e9poca de Julio C\u00e9sar fue la primera gran metr\u00f3polis de m\u00e1s de un mill\u00f3n de habitantes. Era una ciudad multicultural donde conviv\u00edan ricos, pobres y esclavos; con barrios marginales hacinados, con viviendas de m\u00faltiples ocupaciones\u2026 es la<b> primera gran referencia de una concentraci\u00f3n de pobreza urbana<\/b> que se conoce.<\/p>\n<p>Hoy, 2000 a\u00f1os despu\u00e9s, el 14% de los habitantes de Roma se encuentra en riesgo de pobreza, evidenciando que este es un <b>concepto complejo<\/b> y que est\u00e1 a\u00fan vigente a pesar de los avances. El concepto de pobreza no es de creaci\u00f3n moderna y ha experimentado una evoluci\u00f3n de su significado, siendo la pobreza de la antig\u00fcedad muy distinta a la actual.<\/p>\n<p>Sin embargo, lo que se mantiene es que la pobreza en l\u00edneas generales es una se\u00f1al de que algo no anda bien, es \u201cla fiebre\u201d de las sociedades\u00a0 y constituye una forma de privaci\u00f3n inaceptable, cuyas causas son multifactoriales o multidimensionales. Es <b>un fen\u00f3meno social y econ\u00f3mico complejo de m\u00faltiples facetas y causas<\/b> que abarcan carencias en los aspectos del bienestar individual y colectivo.<\/p>\n<p>En la actualidad alrededor del 11% de la poblaci\u00f3n mundial vive con menos de 2,15 d\u00f3lares de paridad de poder de compra (ppc) diarios, un umbral basado en el promedio de las l\u00edneas de pobreza nacionales de los pa\u00edses m\u00e1s pobres. Esto equivale a 847 millones de pobres extremos. Si utilizamos un umbral de 5,5 d\u00f3lares de paridad de poder de compra basado en el promedio de las l\u00edneas de pobreza de los pa\u00edses de ingresos medios y altos, alrededor de 3.300 millones de personas que representan el 43% de la poblaci\u00f3n mundial estar\u00edan en situaci\u00f3n de pobreza.<\/p>\n<p>Esta identificaci\u00f3n es generalmente la m\u00e1s utilizada y hace uso de un l\u00edmite de ingresos llamado l\u00ednea de pobreza y eval\u00faa si un individuo alcanza este nivel y le permite consumir una canasta de bienes y servicios m\u00ednima establecida.<\/p>\n<p>Esta aproximaci\u00f3n se conoce como <b>pobreza monetaria<\/b>. La segunda l\u00ednea (5,5$ ppc) refleja una aproximaci\u00f3n global de pobreza, mientras que la primera corresponde a la pobreza extrema. Un paso m\u00e1s all\u00e1 en esta direcci\u00f3n ser\u00eda llevar esta medici\u00f3n a la realidad de las canastas de cada pa\u00eds y establecer las l\u00edneas de pobreza nacionales, detall\u00e1ndolas adem\u00e1s por regiones geogr\u00e1ficas, para recoger las diferencias entre las zonas rurales y urbanas.<\/p>\n<p>Sin embargo la medici\u00f3n es mucho m\u00e1s compleja. <b>Cada a\u00f1o, millones de personas en todo el mundo salen y entran en la pobreza<\/b>, por lo que \u00e9sta no es est\u00e1tica, sino din\u00e1mica, y va m\u00e1s all\u00e1 de la falta de dinero. La pobreza monetaria muestra s\u00f3lo una parte del fen\u00f3meno y presupone que hogares que tienen los mismos ingresos gozan de niveles de vida similares y,\u00a0 aunque el ingreso es un buen indicador del nivel de vida, no consigue reflejar todas las posibles situaciones.<\/p>\n<p>La pobreza no es homog\u00e9nea. Una persona que es pobre puede sufrir m\u00faltiples desventajas al mismo tiempo. Puede recibir muy poca educaci\u00f3n, tener un trabajo precario, una mala salud, puede carecer de agua limpia o electricidad. Esto le puede ocurrir tambi\u00e9n a muchas personas catalogadas como no pobres, por lo que enfocarse en un solo factor, tal como el ingreso, no es suficiente para capturar la verdadera realidad de la pobreza.<\/p>\n<p>Es por ello que es necesario evaluar el car\u00e1cter multidimensional de la pobreza, que permite crear una imagen m\u00e1s completa, permitiendo no solo identificar qui\u00e9nes son pobres, sino sobre todo la naturaleza de sus carencias m\u00e1s all\u00e1 del acceso o no al consumo de una determinada canasta. Ayuda a identificar las m\u00faltiples privaciones que enfrentan los hogares de forma simult\u00e1nea, en dimensiones tales como educaci\u00f3n, salud, trabajo, la vivienda y su entorno, entre otros.<\/p>\n<p>Permite medir de forma directa las condiciones de vida de los hogares que van m\u00e1s all\u00e1 de la falta de ingresos, y considera m\u00faltiples aristas del desarrollo humano, teniendo en cuenta las privaciones en distintas dimensiones que afectan lo que las personas pueden ser y hacer con su vida. Estos planteamientos tienen como fundamento te\u00f3rico conceptual el enfoque de capacidades desarrollado inicialmente por el economista Amartya Sen.<\/p>\n<p>Las propuestas m\u00e1s novedosas en este sentido han sido impulsadas, entre otros, por el <a href=\"https:\/\/feature.undp.org\/multidimensional-poverty\/es\/\">Programa de Naciones Unidas para el Desarrollo<\/a> (PNUD) y la <a href=\"https:\/\/ophi.org.uk\/\">Iniciativa de Oxford sobre la Pobreza y el Desarrollo Humano<\/a> (OPHI), apuntando hacia dos aspectos fundamentales: por un lado, reconocer<b> la pobreza como una forma de carencia social <\/b>en oposici\u00f3n a la visi\u00f3n de privaci\u00f3n fisiol\u00f3gica y, por el otro, su comprensi\u00f3n como un fen\u00f3meno multidimensional en tanto que no es s\u00f3lo una cuesti\u00f3n de ingresos, y para medirla es necesario tomar en cuenta otras variables.<\/p>\n<p>La forma de aproximarse a esta medici\u00f3n es construir un conjunto de indicadores para cada una de las dimensiones a evaluar. Los indicadores son seleccionados para cada dimensi\u00f3n, estableci\u00e9ndose que un hogar y por ende sus integrantes son considerados pobres si muestran privaci\u00f3n en por lo menos un 33% del total de indicadores que se eval\u00faan, y en pobreza extrema si sufren carencias en al menos la mitad de estos indicadores.<\/p>\n<p>Esta aproximaci\u00f3n permite medir tanto la incidencia de la pobreza, es decir, la proporci\u00f3n de personas en una poblaci\u00f3n que son pobres multidimensionales, como su intensidad, revisando el n\u00famero promedio de carencias que cada hogar pobre y personas que lo componen experimenta al mismo tiempo.<\/p>\n<p>Estas definiciones permiten determinar tanto la <b>pobreza absoluta<\/b>, que es la situaci\u00f3n en la cual no est\u00e1n cubiertas las necesidades b\u00e1sicas del individuo, permitiendo adem\u00e1s homologar el criterio, dado que una persona considerada pobre siguiendo esta definici\u00f3n se califica de la misma forma en todo el mundo, como la denominada <b>pobreza relativa<\/b>, donde se considera que una persona es pobre cuando se encuentra en una situaci\u00f3n de clara desventaja, econ\u00f3mica y social, respecto al resto de personas de su entorno. Este \u00faltimo concepto est\u00e1 muy ligado a la noci\u00f3n de desigualdad.<\/p>\n<p>Existe otra dimensi\u00f3n m\u00e1s compleja, que es la <b>visi\u00f3n subjetiva que los individuos u hogares tienen de su posici\u00f3n econ\u00f3mica<\/b>, permitiendo incorporarla al an\u00e1lisis: es la autoevaluaci\u00f3n que las personas hacen de su situaci\u00f3n.\u00a0 Qui\u00e9n puede saber mejor que ellos mismos cu\u00e1les son sus necesidades y c\u00f3mo las perciben, es decir, por qu\u00e9 y c\u00f3mo se sienten pobres. Este an\u00e1lisis complementario permite caracterizar el fen\u00f3meno y\u00a0 contribuir al dise\u00f1o de pol\u00edticas eficientes y adecuadas para combatir la pobreza.<\/p>\n<p>Afinar la medici\u00f3n de pobreza se convierte en esencial para el dise\u00f1o de las pol\u00edticas p\u00fablicas que se proponen combatirla. Conocer su naturaleza e intensidad, ayuda a proporcionar y orientar, no solo el dise\u00f1o de dichas pol\u00edticas y programas, sino tambi\u00e9n las iniciativas inclusivas que despliegan los actores privados en su actuaci\u00f3n dentro de la sociedad.\u00a0 Para ello es necesario identificar con toda precisi\u00f3n a su poblaci\u00f3n objetivo, hogar por hogar y persona por persona, as\u00ed como las m\u00faltiples dimensiones de sus carencias, para poder generar el mayor impacto posible en su mitigaci\u00f3n.<\/p>\n<p><b>La\u00a0 pobreza es un\u00a0 fen\u00f3meno multidimensional<\/b>, que requiere ser abordado desde m\u00faltiples\u00a0 enfoques con el objetivo de contrarrestar sus impactos tanto entre las personas que la padecen en el presente como su transferencia a las generaciones futuras. Para ello<b> todas las aproximaciones de medici\u00f3n son complementarias<\/b> y permiten una comprensi\u00f3n m\u00e1s completa de esta ancestral situaci\u00f3n de muchos dentro de las sociedades.<\/p>\n<p>&nbsp;<\/p>\n","protected":false},"excerpt":{"rendered":"<p>La antigua Roma de la \u00e9poca de Julio C\u00e9sar fue la primera gran metr\u00f3polis de m\u00e1s de un mill\u00f3n de habitantes. Era una ciudad multicultural donde conviv\u00edan ricos, pobres y esclavos; con barrios marginales hacinados, con viviendas de m\u00faltiples ocupaciones\u2026 es la primera gran referencia de una concentraci\u00f3n de pobreza urbana que se conoce. Hoy, [&hellip;]<\/p>\n","protected":false},"author":30,"featured_media":20056,"comment_status":"open","ping_status":"open","sticky":false,"template":"","format":"standard","meta":{"_acf_changed":false,"footnotes":""},"tags":[],"class_list":["post-20055","post","type-post","status-publish","format-standard","has-post-thumbnail","hentry","numero-28m","seccion-editorial"],"acf":[],"yoast_head":"<!-- This site is optimized with the Yoast SEO plugin v27.4 - https:\/\/yoast.com\/product\/yoast-seo-wordpress\/ -->\n<title>Qui\u00e9nes son los pobres; por qu\u00e9 y c\u00f3mo se sienten pobres<\/title>\n<meta name=\"description\" content=\"Giovanni di Pl\u00e1cido, director de An\u00e1lisis y Estudios de la FMBBVA, nos cuenta en este editorial qu\u00e9 es el \u00cdndice de Pobreza Multidimensional\" \/>\n<meta name=\"robots\" content=\"index, follow, max-snippet:-1, max-image-preview:large, max-video-preview:-1\" \/>\n<link rel=\"canonical\" href=\"https:\/\/www.fundacionmicrofinanzasbbva.org\/revistaprogreso\/quienes-son-los-pobres-por-que-y-como-se-sienten-pobres\/\" \/>\n<meta property=\"og:locale\" content=\"es_ES\" \/>\n<meta property=\"og:type\" content=\"article\" \/>\n<meta property=\"og:title\" content=\"Qui\u00e9nes son los pobres; por qu\u00e9 y c\u00f3mo se sienten pobres\" \/>\n<meta property=\"og:description\" content=\"Giovanni di Pl\u00e1cido, director de An\u00e1lisis y Estudios de la FMBBVA, nos cuenta en este editorial qu\u00e9 es el \u00cdndice de Pobreza Multidimensional\" \/>\n<meta property=\"og:url\" content=\"https:\/\/www.fundacionmicrofinanzasbbva.org\/revistaprogreso\/quienes-son-los-pobres-por-que-y-como-se-sienten-pobres\/\" \/>\n<meta property=\"og:site_name\" content=\"Progreso\" \/>\n<meta property=\"article:publisher\" content=\"https:\/\/www.facebook.com\/fundacionmicrofinanzasbbva\" \/>\n<meta property=\"article:published_time\" content=\"2022-06-06T14:31:16+00:00\" \/>\n<meta property=\"article:modified_time\" content=\"2022-06-07T08:42:50+00:00\" \/>\n<meta property=\"og:image\" content=\"https:\/\/www.fundacionmicrofinanzasbbva.org\/revistaprogreso\/wp-content\/uploads\/2022\/06\/Giovanni-Di-Placido-scaled.jpg\" \/>\n\t<meta property=\"og:image:width\" content=\"2560\" \/>\n\t<meta property=\"og:image:height\" content=\"1709\" \/>\n\t<meta property=\"og:image:type\" content=\"image\/jpeg\" \/>\n<meta name=\"author\" content=\"karessa Ramos\" \/>\n<meta name=\"twitter:card\" content=\"summary_large_image\" \/>\n<meta name=\"twitter:creator\" content=\"@FMBBVA\" \/>\n<meta name=\"twitter:site\" content=\"@FMBBVA\" \/>\n<meta name=\"twitter:label1\" content=\"Escrito por\" \/>\n\t<meta name=\"twitter:data1\" content=\"karessa Ramos\" \/>\n\t<meta name=\"twitter:label2\" content=\"Tiempo de lectura\" \/>\n\t<meta name=\"twitter:data2\" content=\"6 minutos\" \/>\n<script type=\"application\/ld+json\" class=\"yoast-schema-graph\">{\"@context\":\"https:\\\/\\\/schema.org\",\"@graph\":[{\"@type\":\"Article\",\"@id\":\"https:\\\/\\\/www.fundacionmicrofinanzasbbva.org\\\/revistaprogreso\\\/quienes-son-los-pobres-por-que-y-como-se-sienten-pobres\\\/#article\",\"isPartOf\":{\"@id\":\"https:\\\/\\\/www.fundacionmicrofinanzasbbva.org\\\/revistaprogreso\\\/quienes-son-los-pobres-por-que-y-como-se-sienten-pobres\\\/\"},\"author\":{\"name\":\"karessa Ramos\",\"@id\":\"https:\\\/\\\/www.progresomicrofinanzas.org\\\/revistaprogreso\\\/#\\\/schema\\\/person\\\/4a3fe64f7988998aa5e22913c8147baf\"},\"headline\":\"Qui\u00e9nes son los pobres; por qu\u00e9 y c\u00f3mo se sienten pobres\",\"datePublished\":\"2022-06-06T14:31:16+00:00\",\"dateModified\":\"2022-06-07T08:42:50+00:00\",\"mainEntityOfPage\":{\"@id\":\"https:\\\/\\\/www.fundacionmicrofinanzasbbva.org\\\/revistaprogreso\\\/quienes-son-los-pobres-por-que-y-como-se-sienten-pobres\\\/\"},\"wordCount\":1346,\"commentCount\":0,\"publisher\":{\"@id\":\"https:\\\/\\\/www.progresomicrofinanzas.org\\\/revistaprogreso\\\/#organization\"},\"image\":{\"@id\":\"https:\\\/\\\/www.fundacionmicrofinanzasbbva.org\\\/revistaprogreso\\\/quienes-son-los-pobres-por-que-y-como-se-sienten-pobres\\\/#primaryimage\"},\"thumbnailUrl\":\"https:\\\/\\\/www.fundacionmicrofinanzasbbva.org\\\/revistaprogreso\\\/wp-content\\\/uploads\\\/2022\\\/06\\\/Giovanni-Di-Placido-scaled.jpg\",\"inLanguage\":\"es\"},{\"@type\":\"WebPage\",\"@id\":\"https:\\\/\\\/www.fundacionmicrofinanzasbbva.org\\\/revistaprogreso\\\/quienes-son-los-pobres-por-que-y-como-se-sienten-pobres\\\/\",\"url\":\"https:\\\/\\\/www.fundacionmicrofinanzasbbva.org\\\/revistaprogreso\\\/quienes-son-los-pobres-por-que-y-como-se-sienten-pobres\\\/\",\"name\":\"Qui\u00e9nes son los pobres; por qu\u00e9 y c\u00f3mo se sienten pobres\",\"isPartOf\":{\"@id\":\"https:\\\/\\\/www.progresomicrofinanzas.org\\\/revistaprogreso\\\/#website\"},\"primaryImageOfPage\":{\"@id\":\"https:\\\/\\\/www.fundacionmicrofinanzasbbva.org\\\/revistaprogreso\\\/quienes-son-los-pobres-por-que-y-como-se-sienten-pobres\\\/#primaryimage\"},\"image\":{\"@id\":\"https:\\\/\\\/www.fundacionmicrofinanzasbbva.org\\\/revistaprogreso\\\/quienes-son-los-pobres-por-que-y-como-se-sienten-pobres\\\/#primaryimage\"},\"thumbnailUrl\":\"https:\\\/\\\/www.fundacionmicrofinanzasbbva.org\\\/revistaprogreso\\\/wp-content\\\/uploads\\\/2022\\\/06\\\/Giovanni-Di-Placido-scaled.jpg\",\"datePublished\":\"2022-06-06T14:31:16+00:00\",\"dateModified\":\"2022-06-07T08:42:50+00:00\",\"description\":\"Giovanni di Pl\u00e1cido, director de An\u00e1lisis y Estudios de la FMBBVA, nos cuenta en este editorial qu\u00e9 es el \u00cdndice de Pobreza Multidimensional\",\"breadcrumb\":{\"@id\":\"https:\\\/\\\/www.fundacionmicrofinanzasbbva.org\\\/revistaprogreso\\\/quienes-son-los-pobres-por-que-y-como-se-sienten-pobres\\\/#breadcrumb\"},\"inLanguage\":\"es\",\"potentialAction\":[{\"@type\":\"ReadAction\",\"target\":[\"https:\\\/\\\/www.fundacionmicrofinanzasbbva.org\\\/revistaprogreso\\\/quienes-son-los-pobres-por-que-y-como-se-sienten-pobres\\\/\"]}]},{\"@type\":\"ImageObject\",\"inLanguage\":\"es\",\"@id\":\"https:\\\/\\\/www.fundacionmicrofinanzasbbva.org\\\/revistaprogreso\\\/quienes-son-los-pobres-por-que-y-como-se-sienten-pobres\\\/#primaryimage\",\"url\":\"https:\\\/\\\/www.fundacionmicrofinanzasbbva.org\\\/revistaprogreso\\\/wp-content\\\/uploads\\\/2022\\\/06\\\/Giovanni-Di-Placido-scaled.jpg\",\"contentUrl\":\"https:\\\/\\\/www.fundacionmicrofinanzasbbva.org\\\/revistaprogreso\\\/wp-content\\\/uploads\\\/2022\\\/06\\\/Giovanni-Di-Placido-scaled.jpg\",\"width\":2560,\"height\":1709,\"caption\":\"Giovanni di Pl\u00e1cido FMBBVA\"},{\"@type\":\"BreadcrumbList\",\"@id\":\"https:\\\/\\\/www.fundacionmicrofinanzasbbva.org\\\/revistaprogreso\\\/quienes-son-los-pobres-por-que-y-como-se-sienten-pobres\\\/#breadcrumb\",\"itemListElement\":[{\"@type\":\"ListItem\",\"position\":1,\"name\":\"Portada\",\"item\":\"https:\\\/\\\/www.progresomicrofinanzas.org\\\/revistaprogreso\\\/\"},{\"@type\":\"ListItem\",\"position\":2,\"name\":\"Qui\u00e9nes son los pobres; por qu\u00e9 y c\u00f3mo se sienten pobres\"}]},{\"@type\":\"WebSite\",\"@id\":\"https:\\\/\\\/www.progresomicrofinanzas.org\\\/revistaprogreso\\\/#website\",\"url\":\"https:\\\/\\\/www.progresomicrofinanzas.org\\\/revistaprogreso\\\/\",\"name\":\"Revista Progreso\",\"description\":\"Revista de Actualidad Jur\u00eddica\",\"publisher\":{\"@id\":\"https:\\\/\\\/www.progresomicrofinanzas.org\\\/revistaprogreso\\\/#organization\"},\"alternateName\":\"Revista Progreso\",\"potentialAction\":[{\"@type\":\"SearchAction\",\"target\":{\"@type\":\"EntryPoint\",\"urlTemplate\":\"https:\\\/\\\/www.progresomicrofinanzas.org\\\/revistaprogreso\\\/?s={search_term_string}\"},\"query-input\":{\"@type\":\"PropertyValueSpecification\",\"valueRequired\":true,\"valueName\":\"search_term_string\"}}],\"inLanguage\":\"es\"},{\"@type\":\"Organization\",\"@id\":\"https:\\\/\\\/www.progresomicrofinanzas.org\\\/revistaprogreso\\\/#organization\",\"name\":\"Revista Progreso\",\"alternateName\":\"Revista Progreso\",\"url\":\"https:\\\/\\\/www.progresomicrofinanzas.org\\\/revistaprogreso\\\/\",\"logo\":{\"@type\":\"ImageObject\",\"inLanguage\":\"es\",\"@id\":\"https:\\\/\\\/www.progresomicrofinanzas.org\\\/revistaprogreso\\\/#\\\/schema\\\/logo\\\/image\\\/\",\"url\":\"https:\\\/\\\/www.fundacionmicrofinanzasbbva.org\\\/revistaprogreso\\\/wp-content\\\/uploads\\\/2023\\\/09\\\/Logo-FMBBVA-AZUL.png\",\"contentUrl\":\"https:\\\/\\\/www.fundacionmicrofinanzasbbva.org\\\/revistaprogreso\\\/wp-content\\\/uploads\\\/2023\\\/09\\\/Logo-FMBBVA-AZUL.png\",\"width\":6173,\"height\":1001,\"caption\":\"Revista Progreso\"},\"image\":{\"@id\":\"https:\\\/\\\/www.progresomicrofinanzas.org\\\/revistaprogreso\\\/#\\\/schema\\\/logo\\\/image\\\/\"},\"sameAs\":[\"https:\\\/\\\/www.facebook.com\\\/fundacionmicrofinanzasbbva\",\"https:\\\/\\\/x.com\\\/FMBBVA\",\"https:\\\/\\\/www.linkedin.com\\\/company\\\/fundacin-microfinanzas-bbva\\\/\",\"https:\\\/\\\/www.instagram.com\\\/somosfmbbva\\\/\"]},{\"@type\":\"Person\",\"@id\":\"https:\\\/\\\/www.progresomicrofinanzas.org\\\/revistaprogreso\\\/#\\\/schema\\\/person\\\/4a3fe64f7988998aa5e22913c8147baf\",\"name\":\"karessa Ramos\",\"image\":{\"@type\":\"ImageObject\",\"inLanguage\":\"es\",\"@id\":\"https:\\\/\\\/secure.gravatar.com\\\/avatar\\\/a2388109b4325a6fb9c892c3212e430cdc0835c8fc1c1a41f4cc2a3b175b81c5?s=96&d=mm&r=g\",\"url\":\"https:\\\/\\\/secure.gravatar.com\\\/avatar\\\/a2388109b4325a6fb9c892c3212e430cdc0835c8fc1c1a41f4cc2a3b175b81c5?s=96&d=mm&r=g\",\"contentUrl\":\"https:\\\/\\\/secure.gravatar.com\\\/avatar\\\/a2388109b4325a6fb9c892c3212e430cdc0835c8fc1c1a41f4cc2a3b175b81c5?s=96&d=mm&r=g\",\"caption\":\"karessa Ramos\"},\"url\":\"https:\\\/\\\/www.fundacionmicrofinanzasbbva.org\\\/revistaprogreso\\\/author\\\/karessa\\\/\"}]}<\/script>\n<!-- \/ Yoast SEO plugin. -->","yoast_head_json":{"title":"Qui\u00e9nes son los pobres; por qu\u00e9 y c\u00f3mo se sienten pobres","description":"Giovanni di Pl\u00e1cido, director de An\u00e1lisis y Estudios de la FMBBVA, nos cuenta en este editorial qu\u00e9 es el \u00cdndice de Pobreza Multidimensional","robots":{"index":"index","follow":"follow","max-snippet":"max-snippet:-1","max-image-preview":"max-image-preview:large","max-video-preview":"max-video-preview:-1"},"canonical":"https:\/\/www.fundacionmicrofinanzasbbva.org\/revistaprogreso\/quienes-son-los-pobres-por-que-y-como-se-sienten-pobres\/","og_locale":"es_ES","og_type":"article","og_title":"Qui\u00e9nes son los pobres; por qu\u00e9 y c\u00f3mo se sienten pobres","og_description":"Giovanni di Pl\u00e1cido, director de An\u00e1lisis y Estudios de la FMBBVA, nos cuenta en este editorial qu\u00e9 es el \u00cdndice de Pobreza Multidimensional","og_url":"https:\/\/www.fundacionmicrofinanzasbbva.org\/revistaprogreso\/quienes-son-los-pobres-por-que-y-como-se-sienten-pobres\/","og_site_name":"Progreso","article_publisher":"https:\/\/www.facebook.com\/fundacionmicrofinanzasbbva","article_published_time":"2022-06-06T14:31:16+00:00","article_modified_time":"2022-06-07T08:42:50+00:00","og_image":[{"width":2560,"height":1709,"url":"https:\/\/www.fundacionmicrofinanzasbbva.org\/revistaprogreso\/wp-content\/uploads\/2022\/06\/Giovanni-Di-Placido-scaled.jpg","type":"image\/jpeg"}],"author":"karessa Ramos","twitter_card":"summary_large_image","twitter_creator":"@FMBBVA","twitter_site":"@FMBBVA","twitter_misc":{"Escrito por":"karessa Ramos","Tiempo de lectura":"6 minutos"},"schema":{"@context":"https:\/\/schema.org","@graph":[{"@type":"Article","@id":"https:\/\/www.fundacionmicrofinanzasbbva.org\/revistaprogreso\/quienes-son-los-pobres-por-que-y-como-se-sienten-pobres\/#article","isPartOf":{"@id":"https:\/\/www.fundacionmicrofinanzasbbva.org\/revistaprogreso\/quienes-son-los-pobres-por-que-y-como-se-sienten-pobres\/"},"author":{"name":"karessa Ramos","@id":"https:\/\/www.progresomicrofinanzas.org\/revistaprogreso\/#\/schema\/person\/4a3fe64f7988998aa5e22913c8147baf"},"headline":"Qui\u00e9nes son los pobres; por qu\u00e9 y c\u00f3mo se sienten pobres","datePublished":"2022-06-06T14:31:16+00:00","dateModified":"2022-06-07T08:42:50+00:00","mainEntityOfPage":{"@id":"https:\/\/www.fundacionmicrofinanzasbbva.org\/revistaprogreso\/quienes-son-los-pobres-por-que-y-como-se-sienten-pobres\/"},"wordCount":1346,"commentCount":0,"publisher":{"@id":"https:\/\/www.progresomicrofinanzas.org\/revistaprogreso\/#organization"},"image":{"@id":"https:\/\/www.fundacionmicrofinanzasbbva.org\/revistaprogreso\/quienes-son-los-pobres-por-que-y-como-se-sienten-pobres\/#primaryimage"},"thumbnailUrl":"https:\/\/www.fundacionmicrofinanzasbbva.org\/revistaprogreso\/wp-content\/uploads\/2022\/06\/Giovanni-Di-Placido-scaled.jpg","inLanguage":"es"},{"@type":"WebPage","@id":"https:\/\/www.fundacionmicrofinanzasbbva.org\/revistaprogreso\/quienes-son-los-pobres-por-que-y-como-se-sienten-pobres\/","url":"https:\/\/www.fundacionmicrofinanzasbbva.org\/revistaprogreso\/quienes-son-los-pobres-por-que-y-como-se-sienten-pobres\/","name":"Qui\u00e9nes son los pobres; por qu\u00e9 y c\u00f3mo se sienten pobres","isPartOf":{"@id":"https:\/\/www.progresomicrofinanzas.org\/revistaprogreso\/#website"},"primaryImageOfPage":{"@id":"https:\/\/www.fundacionmicrofinanzasbbva.org\/revistaprogreso\/quienes-son-los-pobres-por-que-y-como-se-sienten-pobres\/#primaryimage"},"image":{"@id":"https:\/\/www.fundacionmicrofinanzasbbva.org\/revistaprogreso\/quienes-son-los-pobres-por-que-y-como-se-sienten-pobres\/#primaryimage"},"thumbnailUrl":"https:\/\/www.fundacionmicrofinanzasbbva.org\/revistaprogreso\/wp-content\/uploads\/2022\/06\/Giovanni-Di-Placido-scaled.jpg","datePublished":"2022-06-06T14:31:16+00:00","dateModified":"2022-06-07T08:42:50+00:00","description":"Giovanni di Pl\u00e1cido, director de An\u00e1lisis y Estudios de la FMBBVA, nos cuenta en este editorial qu\u00e9 es el \u00cdndice de Pobreza Multidimensional","breadcrumb":{"@id":"https:\/\/www.fundacionmicrofinanzasbbva.org\/revistaprogreso\/quienes-son-los-pobres-por-que-y-como-se-sienten-pobres\/#breadcrumb"},"inLanguage":"es","potentialAction":[{"@type":"ReadAction","target":["https:\/\/www.fundacionmicrofinanzasbbva.org\/revistaprogreso\/quienes-son-los-pobres-por-que-y-como-se-sienten-pobres\/"]}]},{"@type":"ImageObject","inLanguage":"es","@id":"https:\/\/www.fundacionmicrofinanzasbbva.org\/revistaprogreso\/quienes-son-los-pobres-por-que-y-como-se-sienten-pobres\/#primaryimage","url":"https:\/\/www.fundacionmicrofinanzasbbva.org\/revistaprogreso\/wp-content\/uploads\/2022\/06\/Giovanni-Di-Placido-scaled.jpg","contentUrl":"https:\/\/www.fundacionmicrofinanzasbbva.org\/revistaprogreso\/wp-content\/uploads\/2022\/06\/Giovanni-Di-Placido-scaled.jpg","width":2560,"height":1709,"caption":"Giovanni di Pl\u00e1cido FMBBVA"},{"@type":"BreadcrumbList","@id":"https:\/\/www.fundacionmicrofinanzasbbva.org\/revistaprogreso\/quienes-son-los-pobres-por-que-y-como-se-sienten-pobres\/#breadcrumb","itemListElement":[{"@type":"ListItem","position":1,"name":"Portada","item":"https:\/\/www.progresomicrofinanzas.org\/revistaprogreso\/"},{"@type":"ListItem","position":2,"name":"Qui\u00e9nes son los pobres; por qu\u00e9 y c\u00f3mo se sienten pobres"}]},{"@type":"WebSite","@id":"https:\/\/www.progresomicrofinanzas.org\/revistaprogreso\/#website","url":"https:\/\/www.progresomicrofinanzas.org\/revistaprogreso\/","name":"Revista Progreso","description":"Revista de Actualidad Jur\u00eddica","publisher":{"@id":"https:\/\/www.progresomicrofinanzas.org\/revistaprogreso\/#organization"},"alternateName":"Revista Progreso","potentialAction":[{"@type":"SearchAction","target":{"@type":"EntryPoint","urlTemplate":"https:\/\/www.progresomicrofinanzas.org\/revistaprogreso\/?s={search_term_string}"},"query-input":{"@type":"PropertyValueSpecification","valueRequired":true,"valueName":"search_term_string"}}],"inLanguage":"es"},{"@type":"Organization","@id":"https:\/\/www.progresomicrofinanzas.org\/revistaprogreso\/#organization","name":"Revista Progreso","alternateName":"Revista Progreso","url":"https:\/\/www.progresomicrofinanzas.org\/revistaprogreso\/","logo":{"@type":"ImageObject","inLanguage":"es","@id":"https:\/\/www.progresomicrofinanzas.org\/revistaprogreso\/#\/schema\/logo\/image\/","url":"https:\/\/www.fundacionmicrofinanzasbbva.org\/revistaprogreso\/wp-content\/uploads\/2023\/09\/Logo-FMBBVA-AZUL.png","contentUrl":"https:\/\/www.fundacionmicrofinanzasbbva.org\/revistaprogreso\/wp-content\/uploads\/2023\/09\/Logo-FMBBVA-AZUL.png","width":6173,"height":1001,"caption":"Revista Progreso"},"image":{"@id":"https:\/\/www.progresomicrofinanzas.org\/revistaprogreso\/#\/schema\/logo\/image\/"},"sameAs":["https:\/\/www.facebook.com\/fundacionmicrofinanzasbbva","https:\/\/x.com\/FMBBVA","https:\/\/www.linkedin.com\/company\/fundacin-microfinanzas-bbva\/","https:\/\/www.instagram.com\/somosfmbbva\/"]},{"@type":"Person","@id":"https:\/\/www.progresomicrofinanzas.org\/revistaprogreso\/#\/schema\/person\/4a3fe64f7988998aa5e22913c8147baf","name":"karessa Ramos","image":{"@type":"ImageObject","inLanguage":"es","@id":"https:\/\/secure.gravatar.com\/avatar\/a2388109b4325a6fb9c892c3212e430cdc0835c8fc1c1a41f4cc2a3b175b81c5?s=96&d=mm&r=g","url":"https:\/\/secure.gravatar.com\/avatar\/a2388109b4325a6fb9c892c3212e430cdc0835c8fc1c1a41f4cc2a3b175b81c5?s=96&d=mm&r=g","contentUrl":"https:\/\/secure.gravatar.com\/avatar\/a2388109b4325a6fb9c892c3212e430cdc0835c8fc1c1a41f4cc2a3b175b81c5?s=96&d=mm&r=g","caption":"karessa Ramos"},"url":"https:\/\/www.fundacionmicrofinanzasbbva.org\/revistaprogreso\/author\/karessa\/"}]}},"_links":{"self":[{"href":"https:\/\/www.fundacionmicrofinanzasbbva.org\/revistaprogreso\/wp-json\/wp\/v2\/posts\/20055","targetHints":{"allow":["GET"]}}],"collection":[{"href":"https:\/\/www.fundacionmicrofinanzasbbva.org\/revistaprogreso\/wp-json\/wp\/v2\/posts"}],"about":[{"href":"https:\/\/www.fundacionmicrofinanzasbbva.org\/revistaprogreso\/wp-json\/wp\/v2\/types\/post"}],"author":[{"embeddable":true,"href":"https:\/\/www.fundacionmicrofinanzasbbva.org\/revistaprogreso\/wp-json\/wp\/v2\/users\/30"}],"replies":[{"embeddable":true,"href":"https:\/\/www.fundacionmicrofinanzasbbva.org\/revistaprogreso\/wp-json\/wp\/v2\/comments?post=20055"}],"version-history":[{"count":0,"href":"https:\/\/www.fundacionmicrofinanzasbbva.org\/revistaprogreso\/wp-json\/wp\/v2\/posts\/20055\/revisions"}],"wp:featuredmedia":[{"embeddable":true,"href":"https:\/\/www.fundacionmicrofinanzasbbva.org\/revistaprogreso\/wp-json\/wp\/v2\/media\/20056"}],"wp:attachment":[{"href":"https:\/\/www.fundacionmicrofinanzasbbva.org\/revistaprogreso\/wp-json\/wp\/v2\/media?parent=20055"}],"wp:term":[{"taxonomy":"post_tag","embeddable":true,"href":"https:\/\/www.fundacionmicrofinanzasbbva.org\/revistaprogreso\/wp-json\/wp\/v2\/tags?post=20055"}],"curies":[{"name":"wp","href":"https:\/\/api.w.org\/{rel}","templated":true}]}}