{"id":19192,"date":"2022-02-03T10:49:41","date_gmt":"2022-02-03T10:49:41","guid":{"rendered":"https:\/\/www.fundacionmicrofinanzasbbva.org\/revistaprogreso\/?p=19192"},"modified":"2022-02-03T10:49:41","modified_gmt":"2022-02-03T10:49:41","slug":"impacto-de-la-covid-19-sobre-la-mipyme-en-iberoamerica","status":"publish","type":"post","link":"https:\/\/www.fundacionmicrofinanzasbbva.org\/revistaprogreso\/impacto-de-la-covid-19-sobre-la-mipyme-en-iberoamerica\/","title":{"rendered":"Impacto de la COVID-19 sobre la MiPYME en Iberoam\u00e9rica"},"content":{"rendered":"<div class=\"pdfprnt-buttons pdfprnt-buttons-post pdfprnt-top-right\"><a href=\"https:\/\/www.fundacionmicrofinanzasbbva.org\/revistaprogreso\/wp-json\/wp\/v2\/posts\/19192?print=pdf\" class=\"pdfprnt-button pdfprnt-button-pdf\" target=\"_blank\" ><img decoding=\"async\" src=\"https:\/\/www.fundacionmicrofinanzasbbva.org\/revistaprogreso\/wp-content\/plugins\/pdf-print\/images\/pdf.png\" alt=\"image_pdf\" title=\"Ver PDF\" \/><\/a><a href=\"https:\/\/www.fundacionmicrofinanzasbbva.org\/revistaprogreso\/wp-json\/wp\/v2\/posts\/19192?print=print\" class=\"pdfprnt-button pdfprnt-button-print\" target=\"_blank\" ><img decoding=\"async\" src=\"https:\/\/www.fundacionmicrofinanzasbbva.org\/revistaprogreso\/wp-content\/plugins\/pdf-print\/images\/print.png\" alt=\"image_print\" title=\"Imprimir contenido\" \/><\/a><\/div><p>En noviembre de 2021 se public\u00f3 el informe \u201cImpacto econ\u00f3mico de la crisis COVID-19 sobre la MiPYME en Iberoam\u00e9rica\u201d, un documento elaborado por investigadores de diferentes universidades iberoamericanas e instituciones oficiales de apoyo a la mipyme, a partir de datos[2] extra\u00eddos de las encuestas realizadas a empresas de diferentes tama\u00f1os, tipolog\u00edas y sectores de toda Iberoam\u00e9rica.<\/p>\n<p>En el documento se describe el impacto de la crisis COVID-19 en el empleo, en las ventas, en el acceso a la financiaci\u00f3n y en la actividad innovadora de las Mipymes; y se incluyen adem\u00e1s, cuadros y gr\u00e1ficos en los que se diferencian los resultados obtenidos seg\u00fan la tipolog\u00eda de empresa encuestada.<\/p>\n<p>El informe pretende ser de utilidad a empresas y a otros agentes econ\u00f3micos y sociales puesto que facilita informaci\u00f3n relevante que puede servir de gu\u00eda para el establecimiento de pol\u00edticas de apoyo a estas empresas. Y todo ello, con el fin de plantear las estrategias m\u00e1s efectivas para hacer frente a la reactivaci\u00f3n econ\u00f3mica que necesita esta regi\u00f3n.<\/p>\n<p>&nbsp;<\/p>\n<div class=\"note\">\n<p>[1] El observatorio es una estrategia de la Alianza Interredes para la cooperaci\u00f3n acad\u00e9mica entre redes universitarias: la Fundaci\u00f3n para el An\u00e1lisis Estrat\u00e9gico y Desarrollo de la Pyme \u2013 AEDPYME-, la Red Universitaria Iberoamericana sobre Creaci\u00f3n de Empresas y Emprendimiento -MOTIVA-, la Red Latinoamericana de Innovaci\u00f3n y Emprendimiento -RLIE- del Consejo Latinoamericano de Escuelas de Administraci\u00f3n -CLADEA- y la Red Universitaria de Emprendimiento REUNE de la Asociaci\u00f3n Colombiana de Universidades ASCUN.<\/p>\n<p>[2] El an\u00e1lisis se ha llevado a cabo a partir de la informaci\u00f3n procedente de una encuesta realizada a directivos de 9.300 mipymes iberoamericanas. La recogida de informaci\u00f3n fue online con seguimiento telef\u00f3nico. El trabajo de campo se realiz\u00f3 durante los meses de febrero, marzo, abril y mayo de 2021.<\/p>\n<\/div>\n<p>&nbsp;<\/p>\n","protected":false},"excerpt":{"rendered":"<p>En noviembre de 2021 se public\u00f3 el informe \u201cImpacto econ\u00f3mico de la crisis COVID-19 sobre la MiPYME en Iberoam\u00e9rica\u201d, un documento elaborado por investigadores de diferentes universidades iberoamericanas e instituciones oficiales de apoyo a la mipyme, a partir de datos[2] extra\u00eddos de las encuestas realizadas a empresas de diferentes tama\u00f1os, tipolog\u00edas y sectores de toda [&hellip;]<\/p>\n","protected":false},"author":30,"featured_media":19193,"comment_status":"open","ping_status":"open","sticky":false,"template":"","format":"standard","meta":{"_acf_changed":false,"footnotes":""},"tags":[],"class_list":["post-19192","post","type-post","status-publish","format-standard","has-post-thumbnail","hentry","numero-27m","seccion-documentos-de-interes-microfinanzas"],"acf":[],"yoast_head":"<!-- This site is optimized with the Yoast SEO plugin v27.4 - https:\/\/yoast.com\/product\/yoast-seo-wordpress\/ -->\n<title>Impacto de la COVID-19 sobre la MiPYME en Iberoam\u00e9rica<\/title>\n<meta name=\"description\" content=\"Impacto de la COVID-19 sobre la MiPYME en Iberoam\u00e9rica\" \/>\n<meta name=\"robots\" content=\"index, follow, max-snippet:-1, max-image-preview:large, max-video-preview:-1\" \/>\n<link rel=\"canonical\" href=\"https:\/\/www.fundacionmicrofinanzasbbva.org\/revistaprogreso\/impacto-de-la-covid-19-sobre-la-mipyme-en-iberoamerica\/\" \/>\n<meta property=\"og:locale\" content=\"es_ES\" \/>\n<meta property=\"og:type\" content=\"article\" \/>\n<meta property=\"og:title\" content=\"Impacto de la COVID-19 sobre la MiPYME en Iberoam\u00e9rica\" \/>\n<meta property=\"og:description\" content=\"Impacto de la COVID-19 sobre la MiPYME en Iberoam\u00e9rica\" \/>\n<meta property=\"og:url\" content=\"https:\/\/www.fundacionmicrofinanzasbbva.org\/revistaprogreso\/impacto-de-la-covid-19-sobre-la-mipyme-en-iberoamerica\/\" \/>\n<meta property=\"og:site_name\" content=\"Progreso\" \/>\n<meta property=\"article:publisher\" content=\"https:\/\/www.facebook.com\/fundacionmicrofinanzasbbva\" \/>\n<meta property=\"article:published_time\" content=\"2022-02-03T10:49:41+00:00\" \/>\n<meta property=\"og:image\" content=\"https:\/\/www.fundacionmicrofinanzasbbva.org\/revistaprogreso\/wp-content\/uploads\/2022\/02\/Mujer-cose-mascarilla-casera1.jpg\" \/>\n\t<meta property=\"og:image:width\" content=\"400\" \/>\n\t<meta property=\"og:image:height\" content=\"300\" \/>\n\t<meta property=\"og:image:type\" content=\"image\/jpeg\" \/>\n<meta name=\"author\" content=\"karessa Ramos\" \/>\n<meta name=\"twitter:card\" content=\"summary_large_image\" \/>\n<meta name=\"twitter:creator\" content=\"@FMBBVA\" \/>\n<meta name=\"twitter:site\" content=\"@FMBBVA\" \/>\n<meta name=\"twitter:label1\" content=\"Escrito por\" \/>\n\t<meta name=\"twitter:data1\" content=\"karessa Ramos\" \/>\n\t<meta name=\"twitter:label2\" content=\"Tiempo de lectura\" \/>\n\t<meta name=\"twitter:data2\" content=\"2 minutos\" \/>\n<script type=\"application\/ld+json\" class=\"yoast-schema-graph\">{\"@context\":\"https:\\\/\\\/schema.org\",\"@graph\":[{\"@type\":\"Article\",\"@id\":\"https:\\\/\\\/www.fundacionmicrofinanzasbbva.org\\\/revistaprogreso\\\/impacto-de-la-covid-19-sobre-la-mipyme-en-iberoamerica\\\/#article\",\"isPartOf\":{\"@id\":\"https:\\\/\\\/www.fundacionmicrofinanzasbbva.org\\\/revistaprogreso\\\/impacto-de-la-covid-19-sobre-la-mipyme-en-iberoamerica\\\/\"},\"author\":{\"name\":\"karessa Ramos\",\"@id\":\"https:\\\/\\\/34.249.117.129\\\/revistaprogreso\\\/#\\\/schema\\\/person\\\/4a3fe64f7988998aa5e22913c8147baf\"},\"headline\":\"Impacto de la COVID-19 sobre la MiPYME en Iberoam\u00e9rica\",\"datePublished\":\"2022-02-03T10:49:41+00:00\",\"mainEntityOfPage\":{\"@id\":\"https:\\\/\\\/www.fundacionmicrofinanzasbbva.org\\\/revistaprogreso\\\/impacto-de-la-covid-19-sobre-la-mipyme-en-iberoamerica\\\/\"},\"wordCount\":325,\"commentCount\":0,\"publisher\":{\"@id\":\"https:\\\/\\\/34.249.117.129\\\/revistaprogreso\\\/#organization\"},\"image\":{\"@id\":\"https:\\\/\\\/www.fundacionmicrofinanzasbbva.org\\\/revistaprogreso\\\/impacto-de-la-covid-19-sobre-la-mipyme-en-iberoamerica\\\/#primaryimage\"},\"thumbnailUrl\":\"https:\\\/\\\/www.fundacionmicrofinanzasbbva.org\\\/revistaprogreso\\\/wp-content\\\/uploads\\\/2022\\\/02\\\/Mujer-cose-mascarilla-casera1.jpg\",\"inLanguage\":\"es\"},{\"@type\":\"WebPage\",\"@id\":\"https:\\\/\\\/www.fundacionmicrofinanzasbbva.org\\\/revistaprogreso\\\/impacto-de-la-covid-19-sobre-la-mipyme-en-iberoamerica\\\/\",\"url\":\"https:\\\/\\\/www.fundacionmicrofinanzasbbva.org\\\/revistaprogreso\\\/impacto-de-la-covid-19-sobre-la-mipyme-en-iberoamerica\\\/\",\"name\":\"Impacto de la COVID-19 sobre la MiPYME en Iberoam\u00e9rica\",\"isPartOf\":{\"@id\":\"https:\\\/\\\/34.249.117.129\\\/revistaprogreso\\\/#website\"},\"primaryImageOfPage\":{\"@id\":\"https:\\\/\\\/www.fundacionmicrofinanzasbbva.org\\\/revistaprogreso\\\/impacto-de-la-covid-19-sobre-la-mipyme-en-iberoamerica\\\/#primaryimage\"},\"image\":{\"@id\":\"https:\\\/\\\/www.fundacionmicrofinanzasbbva.org\\\/revistaprogreso\\\/impacto-de-la-covid-19-sobre-la-mipyme-en-iberoamerica\\\/#primaryimage\"},\"thumbnailUrl\":\"https:\\\/\\\/www.fundacionmicrofinanzasbbva.org\\\/revistaprogreso\\\/wp-content\\\/uploads\\\/2022\\\/02\\\/Mujer-cose-mascarilla-casera1.jpg\",\"datePublished\":\"2022-02-03T10:49:41+00:00\",\"description\":\"Impacto de la COVID-19 sobre la MiPYME en Iberoam\u00e9rica\",\"breadcrumb\":{\"@id\":\"https:\\\/\\\/www.fundacionmicrofinanzasbbva.org\\\/revistaprogreso\\\/impacto-de-la-covid-19-sobre-la-mipyme-en-iberoamerica\\\/#breadcrumb\"},\"inLanguage\":\"es\",\"potentialAction\":[{\"@type\":\"ReadAction\",\"target\":[\"https:\\\/\\\/www.fundacionmicrofinanzasbbva.org\\\/revistaprogreso\\\/impacto-de-la-covid-19-sobre-la-mipyme-en-iberoamerica\\\/\"]}]},{\"@type\":\"ImageObject\",\"inLanguage\":\"es\",\"@id\":\"https:\\\/\\\/www.fundacionmicrofinanzasbbva.org\\\/revistaprogreso\\\/impacto-de-la-covid-19-sobre-la-mipyme-en-iberoamerica\\\/#primaryimage\",\"url\":\"https:\\\/\\\/www.fundacionmicrofinanzasbbva.org\\\/revistaprogreso\\\/wp-content\\\/uploads\\\/2022\\\/02\\\/Mujer-cose-mascarilla-casera1.jpg\",\"contentUrl\":\"https:\\\/\\\/www.fundacionmicrofinanzasbbva.org\\\/revistaprogreso\\\/wp-content\\\/uploads\\\/2022\\\/02\\\/Mujer-cose-mascarilla-casera1.jpg\",\"width\":400,\"height\":300},{\"@type\":\"BreadcrumbList\",\"@id\":\"https:\\\/\\\/www.fundacionmicrofinanzasbbva.org\\\/revistaprogreso\\\/impacto-de-la-covid-19-sobre-la-mipyme-en-iberoamerica\\\/#breadcrumb\",\"itemListElement\":[{\"@type\":\"ListItem\",\"position\":1,\"name\":\"Portada\",\"item\":\"https:\\\/\\\/34.249.117.129\\\/revistaprogreso\\\/\"},{\"@type\":\"ListItem\",\"position\":2,\"name\":\"Impacto de la COVID-19 sobre la MiPYME en Iberoam\u00e9rica\"}]},{\"@type\":\"WebSite\",\"@id\":\"https:\\\/\\\/34.249.117.129\\\/revistaprogreso\\\/#website\",\"url\":\"https:\\\/\\\/34.249.117.129\\\/revistaprogreso\\\/\",\"name\":\"Revista Progreso\",\"description\":\"Revista de Actualidad Jur\u00eddica\",\"publisher\":{\"@id\":\"https:\\\/\\\/34.249.117.129\\\/revistaprogreso\\\/#organization\"},\"alternateName\":\"Revista Progreso\",\"potentialAction\":[{\"@type\":\"SearchAction\",\"target\":{\"@type\":\"EntryPoint\",\"urlTemplate\":\"https:\\\/\\\/34.249.117.129\\\/revistaprogreso\\\/?s={search_term_string}\"},\"query-input\":{\"@type\":\"PropertyValueSpecification\",\"valueRequired\":true,\"valueName\":\"search_term_string\"}}],\"inLanguage\":\"es\"},{\"@type\":\"Organization\",\"@id\":\"https:\\\/\\\/34.249.117.129\\\/revistaprogreso\\\/#organization\",\"name\":\"Revista Progreso\",\"alternateName\":\"Revista Progreso\",\"url\":\"https:\\\/\\\/34.249.117.129\\\/revistaprogreso\\\/\",\"logo\":{\"@type\":\"ImageObject\",\"inLanguage\":\"es\",\"@id\":\"https:\\\/\\\/34.249.117.129\\\/revistaprogreso\\\/#\\\/schema\\\/logo\\\/image\\\/\",\"url\":\"https:\\\/\\\/www.fundacionmicrofinanzasbbva.org\\\/revistaprogreso\\\/wp-content\\\/uploads\\\/2023\\\/09\\\/Logo-FMBBVA-AZUL.png\",\"contentUrl\":\"https:\\\/\\\/www.fundacionmicrofinanzasbbva.org\\\/revistaprogreso\\\/wp-content\\\/uploads\\\/2023\\\/09\\\/Logo-FMBBVA-AZUL.png\",\"width\":6173,\"height\":1001,\"caption\":\"Revista Progreso\"},\"image\":{\"@id\":\"https:\\\/\\\/34.249.117.129\\\/revistaprogreso\\\/#\\\/schema\\\/logo\\\/image\\\/\"},\"sameAs\":[\"https:\\\/\\\/www.facebook.com\\\/fundacionmicrofinanzasbbva\",\"https:\\\/\\\/x.com\\\/FMBBVA\",\"https:\\\/\\\/www.linkedin.com\\\/company\\\/fundacin-microfinanzas-bbva\\\/\",\"https:\\\/\\\/www.instagram.com\\\/somosfmbbva\\\/\"]},{\"@type\":\"Person\",\"@id\":\"https:\\\/\\\/34.249.117.129\\\/revistaprogreso\\\/#\\\/schema\\\/person\\\/4a3fe64f7988998aa5e22913c8147baf\",\"name\":\"karessa Ramos\",\"image\":{\"@type\":\"ImageObject\",\"inLanguage\":\"es\",\"@id\":\"https:\\\/\\\/secure.gravatar.com\\\/avatar\\\/a2388109b4325a6fb9c892c3212e430cdc0835c8fc1c1a41f4cc2a3b175b81c5?s=96&d=mm&r=g\",\"url\":\"https:\\\/\\\/secure.gravatar.com\\\/avatar\\\/a2388109b4325a6fb9c892c3212e430cdc0835c8fc1c1a41f4cc2a3b175b81c5?s=96&d=mm&r=g\",\"contentUrl\":\"https:\\\/\\\/secure.gravatar.com\\\/avatar\\\/a2388109b4325a6fb9c892c3212e430cdc0835c8fc1c1a41f4cc2a3b175b81c5?s=96&d=mm&r=g\",\"caption\":\"karessa Ramos\"},\"url\":\"https:\\\/\\\/www.fundacionmicrofinanzasbbva.org\\\/revistaprogreso\\\/author\\\/karessa\\\/\"}]}<\/script>\n<!-- \/ Yoast SEO plugin. -->","yoast_head_json":{"title":"Impacto de la COVID-19 sobre la MiPYME en Iberoam\u00e9rica","description":"Impacto de la COVID-19 sobre la MiPYME en Iberoam\u00e9rica","robots":{"index":"index","follow":"follow","max-snippet":"max-snippet:-1","max-image-preview":"max-image-preview:large","max-video-preview":"max-video-preview:-1"},"canonical":"https:\/\/www.fundacionmicrofinanzasbbva.org\/revistaprogreso\/impacto-de-la-covid-19-sobre-la-mipyme-en-iberoamerica\/","og_locale":"es_ES","og_type":"article","og_title":"Impacto de la COVID-19 sobre la MiPYME en Iberoam\u00e9rica","og_description":"Impacto de la COVID-19 sobre la MiPYME en Iberoam\u00e9rica","og_url":"https:\/\/www.fundacionmicrofinanzasbbva.org\/revistaprogreso\/impacto-de-la-covid-19-sobre-la-mipyme-en-iberoamerica\/","og_site_name":"Progreso","article_publisher":"https:\/\/www.facebook.com\/fundacionmicrofinanzasbbva","article_published_time":"2022-02-03T10:49:41+00:00","og_image":[{"width":400,"height":300,"url":"https:\/\/www.fundacionmicrofinanzasbbva.org\/revistaprogreso\/wp-content\/uploads\/2022\/02\/Mujer-cose-mascarilla-casera1.jpg","type":"image\/jpeg"}],"author":"karessa Ramos","twitter_card":"summary_large_image","twitter_creator":"@FMBBVA","twitter_site":"@FMBBVA","twitter_misc":{"Escrito por":"karessa Ramos","Tiempo de lectura":"2 minutos"},"schema":{"@context":"https:\/\/schema.org","@graph":[{"@type":"Article","@id":"https:\/\/www.fundacionmicrofinanzasbbva.org\/revistaprogreso\/impacto-de-la-covid-19-sobre-la-mipyme-en-iberoamerica\/#article","isPartOf":{"@id":"https:\/\/www.fundacionmicrofinanzasbbva.org\/revistaprogreso\/impacto-de-la-covid-19-sobre-la-mipyme-en-iberoamerica\/"},"author":{"name":"karessa Ramos","@id":"https:\/\/34.249.117.129\/revistaprogreso\/#\/schema\/person\/4a3fe64f7988998aa5e22913c8147baf"},"headline":"Impacto de la COVID-19 sobre la MiPYME en Iberoam\u00e9rica","datePublished":"2022-02-03T10:49:41+00:00","mainEntityOfPage":{"@id":"https:\/\/www.fundacionmicrofinanzasbbva.org\/revistaprogreso\/impacto-de-la-covid-19-sobre-la-mipyme-en-iberoamerica\/"},"wordCount":325,"commentCount":0,"publisher":{"@id":"https:\/\/34.249.117.129\/revistaprogreso\/#organization"},"image":{"@id":"https:\/\/www.fundacionmicrofinanzasbbva.org\/revistaprogreso\/impacto-de-la-covid-19-sobre-la-mipyme-en-iberoamerica\/#primaryimage"},"thumbnailUrl":"https:\/\/www.fundacionmicrofinanzasbbva.org\/revistaprogreso\/wp-content\/uploads\/2022\/02\/Mujer-cose-mascarilla-casera1.jpg","inLanguage":"es"},{"@type":"WebPage","@id":"https:\/\/www.fundacionmicrofinanzasbbva.org\/revistaprogreso\/impacto-de-la-covid-19-sobre-la-mipyme-en-iberoamerica\/","url":"https:\/\/www.fundacionmicrofinanzasbbva.org\/revistaprogreso\/impacto-de-la-covid-19-sobre-la-mipyme-en-iberoamerica\/","name":"Impacto de la COVID-19 sobre la MiPYME en Iberoam\u00e9rica","isPartOf":{"@id":"https:\/\/34.249.117.129\/revistaprogreso\/#website"},"primaryImageOfPage":{"@id":"https:\/\/www.fundacionmicrofinanzasbbva.org\/revistaprogreso\/impacto-de-la-covid-19-sobre-la-mipyme-en-iberoamerica\/#primaryimage"},"image":{"@id":"https:\/\/www.fundacionmicrofinanzasbbva.org\/revistaprogreso\/impacto-de-la-covid-19-sobre-la-mipyme-en-iberoamerica\/#primaryimage"},"thumbnailUrl":"https:\/\/www.fundacionmicrofinanzasbbva.org\/revistaprogreso\/wp-content\/uploads\/2022\/02\/Mujer-cose-mascarilla-casera1.jpg","datePublished":"2022-02-03T10:49:41+00:00","description":"Impacto de la COVID-19 sobre la MiPYME en Iberoam\u00e9rica","breadcrumb":{"@id":"https:\/\/www.fundacionmicrofinanzasbbva.org\/revistaprogreso\/impacto-de-la-covid-19-sobre-la-mipyme-en-iberoamerica\/#breadcrumb"},"inLanguage":"es","potentialAction":[{"@type":"ReadAction","target":["https:\/\/www.fundacionmicrofinanzasbbva.org\/revistaprogreso\/impacto-de-la-covid-19-sobre-la-mipyme-en-iberoamerica\/"]}]},{"@type":"ImageObject","inLanguage":"es","@id":"https:\/\/www.fundacionmicrofinanzasbbva.org\/revistaprogreso\/impacto-de-la-covid-19-sobre-la-mipyme-en-iberoamerica\/#primaryimage","url":"https:\/\/www.fundacionmicrofinanzasbbva.org\/revistaprogreso\/wp-content\/uploads\/2022\/02\/Mujer-cose-mascarilla-casera1.jpg","contentUrl":"https:\/\/www.fundacionmicrofinanzasbbva.org\/revistaprogreso\/wp-content\/uploads\/2022\/02\/Mujer-cose-mascarilla-casera1.jpg","width":400,"height":300},{"@type":"BreadcrumbList","@id":"https:\/\/www.fundacionmicrofinanzasbbva.org\/revistaprogreso\/impacto-de-la-covid-19-sobre-la-mipyme-en-iberoamerica\/#breadcrumb","itemListElement":[{"@type":"ListItem","position":1,"name":"Portada","item":"https:\/\/34.249.117.129\/revistaprogreso\/"},{"@type":"ListItem","position":2,"name":"Impacto de la COVID-19 sobre la MiPYME en Iberoam\u00e9rica"}]},{"@type":"WebSite","@id":"https:\/\/34.249.117.129\/revistaprogreso\/#website","url":"https:\/\/34.249.117.129\/revistaprogreso\/","name":"Revista Progreso","description":"Revista de Actualidad Jur\u00eddica","publisher":{"@id":"https:\/\/34.249.117.129\/revistaprogreso\/#organization"},"alternateName":"Revista Progreso","potentialAction":[{"@type":"SearchAction","target":{"@type":"EntryPoint","urlTemplate":"https:\/\/34.249.117.129\/revistaprogreso\/?s={search_term_string}"},"query-input":{"@type":"PropertyValueSpecification","valueRequired":true,"valueName":"search_term_string"}}],"inLanguage":"es"},{"@type":"Organization","@id":"https:\/\/34.249.117.129\/revistaprogreso\/#organization","name":"Revista Progreso","alternateName":"Revista Progreso","url":"https:\/\/34.249.117.129\/revistaprogreso\/","logo":{"@type":"ImageObject","inLanguage":"es","@id":"https:\/\/34.249.117.129\/revistaprogreso\/#\/schema\/logo\/image\/","url":"https:\/\/www.fundacionmicrofinanzasbbva.org\/revistaprogreso\/wp-content\/uploads\/2023\/09\/Logo-FMBBVA-AZUL.png","contentUrl":"https:\/\/www.fundacionmicrofinanzasbbva.org\/revistaprogreso\/wp-content\/uploads\/2023\/09\/Logo-FMBBVA-AZUL.png","width":6173,"height":1001,"caption":"Revista Progreso"},"image":{"@id":"https:\/\/34.249.117.129\/revistaprogreso\/#\/schema\/logo\/image\/"},"sameAs":["https:\/\/www.facebook.com\/fundacionmicrofinanzasbbva","https:\/\/x.com\/FMBBVA","https:\/\/www.linkedin.com\/company\/fundacin-microfinanzas-bbva\/","https:\/\/www.instagram.com\/somosfmbbva\/"]},{"@type":"Person","@id":"https:\/\/34.249.117.129\/revistaprogreso\/#\/schema\/person\/4a3fe64f7988998aa5e22913c8147baf","name":"karessa Ramos","image":{"@type":"ImageObject","inLanguage":"es","@id":"https:\/\/secure.gravatar.com\/avatar\/a2388109b4325a6fb9c892c3212e430cdc0835c8fc1c1a41f4cc2a3b175b81c5?s=96&d=mm&r=g","url":"https:\/\/secure.gravatar.com\/avatar\/a2388109b4325a6fb9c892c3212e430cdc0835c8fc1c1a41f4cc2a3b175b81c5?s=96&d=mm&r=g","contentUrl":"https:\/\/secure.gravatar.com\/avatar\/a2388109b4325a6fb9c892c3212e430cdc0835c8fc1c1a41f4cc2a3b175b81c5?s=96&d=mm&r=g","caption":"karessa Ramos"},"url":"https:\/\/www.fundacionmicrofinanzasbbva.org\/revistaprogreso\/author\/karessa\/"}]}},"_links":{"self":[{"href":"https:\/\/www.fundacionmicrofinanzasbbva.org\/revistaprogreso\/wp-json\/wp\/v2\/posts\/19192","targetHints":{"allow":["GET"]}}],"collection":[{"href":"https:\/\/www.fundacionmicrofinanzasbbva.org\/revistaprogreso\/wp-json\/wp\/v2\/posts"}],"about":[{"href":"https:\/\/www.fundacionmicrofinanzasbbva.org\/revistaprogreso\/wp-json\/wp\/v2\/types\/post"}],"author":[{"embeddable":true,"href":"https:\/\/www.fundacionmicrofinanzasbbva.org\/revistaprogreso\/wp-json\/wp\/v2\/users\/30"}],"replies":[{"embeddable":true,"href":"https:\/\/www.fundacionmicrofinanzasbbva.org\/revistaprogreso\/wp-json\/wp\/v2\/comments?post=19192"}],"version-history":[{"count":0,"href":"https:\/\/www.fundacionmicrofinanzasbbva.org\/revistaprogreso\/wp-json\/wp\/v2\/posts\/19192\/revisions"}],"wp:featuredmedia":[{"embeddable":true,"href":"https:\/\/www.fundacionmicrofinanzasbbva.org\/revistaprogreso\/wp-json\/wp\/v2\/media\/19193"}],"wp:attachment":[{"href":"https:\/\/www.fundacionmicrofinanzasbbva.org\/revistaprogreso\/wp-json\/wp\/v2\/media?parent=19192"}],"wp:term":[{"taxonomy":"post_tag","embeddable":true,"href":"https:\/\/www.fundacionmicrofinanzasbbva.org\/revistaprogreso\/wp-json\/wp\/v2\/tags?post=19192"}],"curies":[{"name":"wp","href":"https:\/\/api.w.org\/{rel}","templated":true}]}}