{"id":1752,"date":"2015-08-11T09:06:43","date_gmt":"2015-08-11T09:06:43","guid":{"rendered":"http:\/\/progresomicrofinanzas.org\/?p=1752"},"modified":"2016-02-17T11:38:12","modified_gmt":"2016-02-17T11:38:12","slug":"fondo-de-microfinanzas-rurales","status":"publish","type":"post","link":"https:\/\/www.fundacionmicrofinanzasbbva.org\/revistaprogreso\/fondo-de-microfinanzas-rurales\/","title":{"rendered":"Fondo de Microfinanzas Rurales"},"content":{"rendered":"<div class=\"pdfprnt-buttons pdfprnt-buttons-post pdfprnt-top-right\"><a href=\"https:\/\/www.fundacionmicrofinanzasbbva.org\/revistaprogreso\/wp-json\/wp\/v2\/posts\/1752?print=pdf\" class=\"pdfprnt-button pdfprnt-button-pdf\" target=\"_blank\"><img decoding=\"async\" src=\"https:\/\/www.fundacionmicrofinanzasbbva.org\/revistaprogreso\/wp-content\/plugins\/pdf-print\/images\/pdf.png\" alt=\"image_pdf\" title=\"Ver PDF\" \/><\/a><a href=\"https:\/\/www.fundacionmicrofinanzasbbva.org\/revistaprogreso\/wp-json\/wp\/v2\/posts\/1752?print=print\" class=\"pdfprnt-button pdfprnt-button-print\" target=\"_blank\"><img decoding=\"async\" src=\"https:\/\/www.fundacionmicrofinanzasbbva.org\/revistaprogreso\/wp-content\/plugins\/pdf-print\/images\/print.png\" alt=\"image_print\" title=\"Imprimir contenido\" \/><\/a><\/div><p style=\"text-align: justify;\">El gobierno colombiano reglament\u00f3 el Fondo de Microfinanzas Rurales, creado por la Ley 1731 de 2014, de la siguiente manera:<\/p>\n<ul style=\"text-align: justify;\">\n<li>Define la finalidad del Fondo de Microfinanzas Rurales (en adelante, \u201cel Fondo\u201d) como el fomento del acceso a productos financieros por parte de peque\u00f1os productores, micro, peque\u00f1as y medianas empresas (MIPYMES) que desarrollen su actividad econ\u00f3mica en el sector rural.<\/li>\n<li>Define las microfinanzas rurales como aquellos servicios financieros, tales como microcr\u00e9ditos, microseguros, microleasing, microfactoring, microgarant\u00edas y microahorro, otorgados con tecnolog\u00eda microfinanciera y con destino a los peque\u00f1os productores y a las MIPYMES que desarrollan sus actividades en el sector rural.<\/li>\n<li>Define la tecnolog\u00eda microfinanciera como la metodolog\u00eda especial para la evaluaci\u00f3n del riesgo, colocaci\u00f3n, administraci\u00f3n, control y seguimiento de las operaciones, y el acceso prevalente de los usuarios arriba se\u00f1alados a los servicios financieros.<\/li>\n<li>Establece como su administrador al Fondo para el Financiamiento del Sector Agropecuario (Finagro), entidad p\u00fablica especializada en l\u00edneas de redescuento en el sector agropecuario.<\/li>\n<li>Indica que el Fondo recibir\u00e1 una inyecci\u00f3n de capital inicial por parte del gobierno nacional a trav\u00e9s del Ministerio de Agricultura y Desarrollo Rural, y que a partir de la colocaci\u00f3n de cr\u00e9ditos o redescuento de cartera deber\u00e1 ser auto-sostenible.<\/li>\n<li>Establece reglas relativas a fondos de solidaridad agropecuarios que se activan cuando los productos agropecuarios sufren bajas considerables de precio en el mercado, con estrategias como compra de cartera a entidades no financieras, recompra de tierras, etc.<\/li>\n<\/ul>\n<p style=\"text-align: justify;\"><strong>Actividades objeto de financiaci\u00f3n<\/strong><\/p>\n<p style=\"text-align: justify;\">El Decreto dispone como actividades objeto de financiaci\u00f3n aquellas que favorezcan a la poblaci\u00f3n rural, propiciando (i) el acceso a instrumentos de financiamiento, entre ellos, esquemas de garant\u00eda y cadenas de valor, mecanismos de cr\u00e9dito, ahorro, inversi\u00f3n, seguros, y coberturas de riesgos; (ii) educaci\u00f3n financiera; (iii) incorporaci\u00f3n de tecnolog\u00edas de movilidad.<\/p>\n","protected":false},"excerpt":{"rendered":"<p>El gobierno colombiano reglament\u00f3 el Fondo de Microfinanzas Rurales, creado por la Ley 1731 de 2014, de la siguiente manera: Define la finalidad del Fondo de Microfinanzas Rurales (en adelante, \u201cel Fondo\u201d) como el fomento del acceso a productos financieros por parte de peque\u00f1os productores, micro, peque\u00f1as y medianas empresas (MIPYMES) que desarrollen su actividad [&hellip;]<\/p>\n","protected":false},"author":11,"featured_media":1830,"comment_status":"open","ping_status":"open","sticky":false,"template":"","format":"standard","meta":{"_acf_changed":false,"footnotes":""},"tags":[],"class_list":["post-1752","post","type-post","status-publish","format-standard","has-post-thumbnail","hentry","numero-4m","seccion-legislacion-normas-publicadas-microfinanzas","pais-colombia"],"acf":[],"yoast_head":"<!-- This site is optimized with the Yoast SEO plugin v26.8 - https:\/\/yoast.com\/product\/yoast-seo-wordpress\/ -->\n<title>Fondo de Microfinanzas Rurales<\/title>\n<meta name=\"description\" content=\"El gobierno reglament\u00f3 el Fondo de Microfinanzas Rurales. Esta norma representa una oportunidad para el crecimiento de las entidades microfinancieras.\" \/>\n<meta name=\"robots\" content=\"index, follow, max-snippet:-1, max-image-preview:large, max-video-preview:-1\" \/>\n<link rel=\"canonical\" href=\"https:\/\/www.fundacionmicrofinanzasbbva.org\/revistaprogreso\/fondo-de-microfinanzas-rurales\/\" \/>\n<meta property=\"og:locale\" content=\"es_ES\" \/>\n<meta property=\"og:type\" content=\"article\" \/>\n<meta property=\"og:title\" content=\"Fondo de Microfinanzas Rurales\" \/>\n<meta property=\"og:description\" content=\"El gobierno reglament\u00f3 el Fondo de Microfinanzas Rurales. Esta norma representa una oportunidad para el crecimiento de las entidades microfinancieras.\" \/>\n<meta property=\"og:url\" content=\"https:\/\/www.fundacionmicrofinanzasbbva.org\/revistaprogreso\/fondo-de-microfinanzas-rurales\/\" \/>\n<meta property=\"og:site_name\" content=\"Progreso\" \/>\n<meta property=\"article:publisher\" content=\"https:\/\/www.facebook.com\/fundacionmicrofinanzasbbva\" \/>\n<meta property=\"article:published_time\" content=\"2015-08-11T09:06:43+00:00\" \/>\n<meta property=\"article:modified_time\" content=\"2016-02-17T11:38:12+00:00\" \/>\n<meta property=\"og:image\" content=\"https:\/\/fundacionmicrofinanzasbbva.org\/revistaprogreso\/wp-content\/uploads\/2015\/08\/shutterstock_34770964-122.jpg\" \/>\n\t<meta property=\"og:image:width\" content=\"1205\" \/>\n\t<meta property=\"og:image:height\" content=\"804\" \/>\n\t<meta property=\"og:image:type\" content=\"image\/jpeg\" \/>\n<meta name=\"author\" content=\"Cristina\" \/>\n<meta name=\"twitter:card\" content=\"summary_large_image\" \/>\n<meta name=\"twitter:creator\" content=\"@FMBBVA\" \/>\n<meta name=\"twitter:site\" content=\"@FMBBVA\" \/>\n<meta name=\"twitter:label1\" content=\"Escrito por\" \/>\n\t<meta name=\"twitter:data1\" content=\"Cristina\" \/>\n\t<meta name=\"twitter:label2\" content=\"Tiempo de lectura\" \/>\n\t<meta name=\"twitter:data2\" content=\"2 minutos\" \/>\n<script type=\"application\/ld+json\" class=\"yoast-schema-graph\">{\"@context\":\"https:\/\/schema.org\",\"@graph\":[{\"@type\":\"Article\",\"@id\":\"https:\/\/www.fundacionmicrofinanzasbbva.org\/revistaprogreso\/fondo-de-microfinanzas-rurales\/#article\",\"isPartOf\":{\"@id\":\"https:\/\/www.fundacionmicrofinanzasbbva.org\/revistaprogreso\/fondo-de-microfinanzas-rurales\/\"},\"author\":{\"name\":\"Cristina\",\"@id\":\"https:\/\/www.fundacionmicrofinanzasbbva.org\/revistaprogreso\/#\/schema\/person\/cf80fbfed0e1db989213ebe755675079\"},\"headline\":\"Fondo de Microfinanzas Rurales\",\"datePublished\":\"2015-08-11T09:06:43+00:00\",\"dateModified\":\"2016-02-17T11:38:12+00:00\",\"mainEntityOfPage\":{\"@id\":\"https:\/\/www.fundacionmicrofinanzasbbva.org\/revistaprogreso\/fondo-de-microfinanzas-rurales\/\"},\"wordCount\":320,\"commentCount\":0,\"publisher\":{\"@id\":\"https:\/\/www.fundacionmicrofinanzasbbva.org\/revistaprogreso\/#organization\"},\"image\":{\"@id\":\"https:\/\/www.fundacionmicrofinanzasbbva.org\/revistaprogreso\/fondo-de-microfinanzas-rurales\/#primaryimage\"},\"thumbnailUrl\":\"https:\/\/www.fundacionmicrofinanzasbbva.org\/revistaprogreso\/wp-content\/uploads\/2015\/08\/shutterstock_34770964-122.jpg\",\"inLanguage\":\"es\"},{\"@type\":\"WebPage\",\"@id\":\"https:\/\/www.fundacionmicrofinanzasbbva.org\/revistaprogreso\/fondo-de-microfinanzas-rurales\/\",\"url\":\"https:\/\/www.fundacionmicrofinanzasbbva.org\/revistaprogreso\/fondo-de-microfinanzas-rurales\/\",\"name\":\"Fondo de Microfinanzas Rurales\",\"isPartOf\":{\"@id\":\"https:\/\/www.fundacionmicrofinanzasbbva.org\/revistaprogreso\/#website\"},\"primaryImageOfPage\":{\"@id\":\"https:\/\/www.fundacionmicrofinanzasbbva.org\/revistaprogreso\/fondo-de-microfinanzas-rurales\/#primaryimage\"},\"image\":{\"@id\":\"https:\/\/www.fundacionmicrofinanzasbbva.org\/revistaprogreso\/fondo-de-microfinanzas-rurales\/#primaryimage\"},\"thumbnailUrl\":\"https:\/\/www.fundacionmicrofinanzasbbva.org\/revistaprogreso\/wp-content\/uploads\/2015\/08\/shutterstock_34770964-122.jpg\",\"datePublished\":\"2015-08-11T09:06:43+00:00\",\"dateModified\":\"2016-02-17T11:38:12+00:00\",\"description\":\"El gobierno reglament\u00f3 el Fondo de Microfinanzas Rurales. Esta norma representa una oportunidad para el crecimiento de las entidades microfinancieras.\",\"breadcrumb\":{\"@id\":\"https:\/\/www.fundacionmicrofinanzasbbva.org\/revistaprogreso\/fondo-de-microfinanzas-rurales\/#breadcrumb\"},\"inLanguage\":\"es\",\"potentialAction\":[{\"@type\":\"ReadAction\",\"target\":[\"https:\/\/www.fundacionmicrofinanzasbbva.org\/revistaprogreso\/fondo-de-microfinanzas-rurales\/\"]}]},{\"@type\":\"ImageObject\",\"inLanguage\":\"es\",\"@id\":\"https:\/\/www.fundacionmicrofinanzasbbva.org\/revistaprogreso\/fondo-de-microfinanzas-rurales\/#primaryimage\",\"url\":\"https:\/\/www.fundacionmicrofinanzasbbva.org\/revistaprogreso\/wp-content\/uploads\/2015\/08\/shutterstock_34770964-122.jpg\",\"contentUrl\":\"https:\/\/www.fundacionmicrofinanzasbbva.org\/revistaprogreso\/wp-content\/uploads\/2015\/08\/shutterstock_34770964-122.jpg\",\"width\":1205,\"height\":804},{\"@type\":\"BreadcrumbList\",\"@id\":\"https:\/\/www.fundacionmicrofinanzasbbva.org\/revistaprogreso\/fondo-de-microfinanzas-rurales\/#breadcrumb\",\"itemListElement\":[{\"@type\":\"ListItem\",\"position\":1,\"name\":\"Portada\",\"item\":\"https:\/\/www.fundacionmicrofinanzasbbva.org\/revistaprogreso\/\"},{\"@type\":\"ListItem\",\"position\":2,\"name\":\"Fondo de Microfinanzas Rurales\"}]},{\"@type\":\"WebSite\",\"@id\":\"https:\/\/www.fundacionmicrofinanzasbbva.org\/revistaprogreso\/#website\",\"url\":\"https:\/\/www.fundacionmicrofinanzasbbva.org\/revistaprogreso\/\",\"name\":\"Revista Progreso\",\"description\":\"Revista de Actualidad Jur\u00eddica\",\"publisher\":{\"@id\":\"https:\/\/www.fundacionmicrofinanzasbbva.org\/revistaprogreso\/#organization\"},\"alternateName\":\"Revista Progreso\",\"potentialAction\":[{\"@type\":\"SearchAction\",\"target\":{\"@type\":\"EntryPoint\",\"urlTemplate\":\"https:\/\/www.fundacionmicrofinanzasbbva.org\/revistaprogreso\/?s={search_term_string}\"},\"query-input\":{\"@type\":\"PropertyValueSpecification\",\"valueRequired\":true,\"valueName\":\"search_term_string\"}}],\"inLanguage\":\"es\"},{\"@type\":\"Organization\",\"@id\":\"https:\/\/www.fundacionmicrofinanzasbbva.org\/revistaprogreso\/#organization\",\"name\":\"Revista Progreso\",\"alternateName\":\"Revista Progreso\",\"url\":\"https:\/\/www.fundacionmicrofinanzasbbva.org\/revistaprogreso\/\",\"logo\":{\"@type\":\"ImageObject\",\"inLanguage\":\"es\",\"@id\":\"https:\/\/www.fundacionmicrofinanzasbbva.org\/revistaprogreso\/#\/schema\/logo\/image\/\",\"url\":\"https:\/\/www.fundacionmicrofinanzasbbva.org\/revistaprogreso\/wp-content\/uploads\/2023\/09\/Logo-FMBBVA-AZUL.png\",\"contentUrl\":\"https:\/\/www.fundacionmicrofinanzasbbva.org\/revistaprogreso\/wp-content\/uploads\/2023\/09\/Logo-FMBBVA-AZUL.png\",\"width\":6173,\"height\":1001,\"caption\":\"Revista Progreso\"},\"image\":{\"@id\":\"https:\/\/www.fundacionmicrofinanzasbbva.org\/revistaprogreso\/#\/schema\/logo\/image\/\"},\"sameAs\":[\"https:\/\/www.facebook.com\/fundacionmicrofinanzasbbva\",\"https:\/\/x.com\/FMBBVA\",\"https:\/\/www.linkedin.com\/company\/fundacin-microfinanzas-bbva\/\",\"https:\/\/www.instagram.com\/somosfmbbva\/\"]},{\"@type\":\"Person\",\"@id\":\"https:\/\/www.fundacionmicrofinanzasbbva.org\/revistaprogreso\/#\/schema\/person\/cf80fbfed0e1db989213ebe755675079\",\"name\":\"Cristina\",\"image\":{\"@type\":\"ImageObject\",\"inLanguage\":\"es\",\"@id\":\"https:\/\/www.fundacionmicrofinanzasbbva.org\/revistaprogreso\/#\/schema\/person\/image\/\",\"url\":\"https:\/\/secure.gravatar.com\/avatar\/738f3fd2d0242bdc57233b9c1b03f825511099f3fcd5fb146b7c318c598541f6?s=96&d=mm&r=g\",\"contentUrl\":\"https:\/\/secure.gravatar.com\/avatar\/738f3fd2d0242bdc57233b9c1b03f825511099f3fcd5fb146b7c318c598541f6?s=96&d=mm&r=g\",\"caption\":\"Cristina\"},\"url\":\"https:\/\/www.fundacionmicrofinanzasbbva.org\/revistaprogreso\/author\/cristina\/\"}]}<\/script>\n<!-- \/ Yoast SEO plugin. -->","yoast_head_json":{"title":"Fondo de Microfinanzas Rurales","description":"El gobierno reglament\u00f3 el Fondo de Microfinanzas Rurales. Esta norma representa una oportunidad para el crecimiento de las entidades microfinancieras.","robots":{"index":"index","follow":"follow","max-snippet":"max-snippet:-1","max-image-preview":"max-image-preview:large","max-video-preview":"max-video-preview:-1"},"canonical":"https:\/\/www.fundacionmicrofinanzasbbva.org\/revistaprogreso\/fondo-de-microfinanzas-rurales\/","og_locale":"es_ES","og_type":"article","og_title":"Fondo de Microfinanzas Rurales","og_description":"El gobierno reglament\u00f3 el Fondo de Microfinanzas Rurales. Esta norma representa una oportunidad para el crecimiento de las entidades microfinancieras.","og_url":"https:\/\/www.fundacionmicrofinanzasbbva.org\/revistaprogreso\/fondo-de-microfinanzas-rurales\/","og_site_name":"Progreso","article_publisher":"https:\/\/www.facebook.com\/fundacionmicrofinanzasbbva","article_published_time":"2015-08-11T09:06:43+00:00","article_modified_time":"2016-02-17T11:38:12+00:00","og_image":[{"width":1205,"height":804,"url":"https:\/\/fundacionmicrofinanzasbbva.org\/revistaprogreso\/wp-content\/uploads\/2015\/08\/shutterstock_34770964-122.jpg","type":"image\/jpeg"}],"author":"Cristina","twitter_card":"summary_large_image","twitter_creator":"@FMBBVA","twitter_site":"@FMBBVA","twitter_misc":{"Escrito por":"Cristina","Tiempo de lectura":"2 minutos"},"schema":{"@context":"https:\/\/schema.org","@graph":[{"@type":"Article","@id":"https:\/\/www.fundacionmicrofinanzasbbva.org\/revistaprogreso\/fondo-de-microfinanzas-rurales\/#article","isPartOf":{"@id":"https:\/\/www.fundacionmicrofinanzasbbva.org\/revistaprogreso\/fondo-de-microfinanzas-rurales\/"},"author":{"name":"Cristina","@id":"https:\/\/www.fundacionmicrofinanzasbbva.org\/revistaprogreso\/#\/schema\/person\/cf80fbfed0e1db989213ebe755675079"},"headline":"Fondo de Microfinanzas Rurales","datePublished":"2015-08-11T09:06:43+00:00","dateModified":"2016-02-17T11:38:12+00:00","mainEntityOfPage":{"@id":"https:\/\/www.fundacionmicrofinanzasbbva.org\/revistaprogreso\/fondo-de-microfinanzas-rurales\/"},"wordCount":320,"commentCount":0,"publisher":{"@id":"https:\/\/www.fundacionmicrofinanzasbbva.org\/revistaprogreso\/#organization"},"image":{"@id":"https:\/\/www.fundacionmicrofinanzasbbva.org\/revistaprogreso\/fondo-de-microfinanzas-rurales\/#primaryimage"},"thumbnailUrl":"https:\/\/www.fundacionmicrofinanzasbbva.org\/revistaprogreso\/wp-content\/uploads\/2015\/08\/shutterstock_34770964-122.jpg","inLanguage":"es"},{"@type":"WebPage","@id":"https:\/\/www.fundacionmicrofinanzasbbva.org\/revistaprogreso\/fondo-de-microfinanzas-rurales\/","url":"https:\/\/www.fundacionmicrofinanzasbbva.org\/revistaprogreso\/fondo-de-microfinanzas-rurales\/","name":"Fondo de Microfinanzas Rurales","isPartOf":{"@id":"https:\/\/www.fundacionmicrofinanzasbbva.org\/revistaprogreso\/#website"},"primaryImageOfPage":{"@id":"https:\/\/www.fundacionmicrofinanzasbbva.org\/revistaprogreso\/fondo-de-microfinanzas-rurales\/#primaryimage"},"image":{"@id":"https:\/\/www.fundacionmicrofinanzasbbva.org\/revistaprogreso\/fondo-de-microfinanzas-rurales\/#primaryimage"},"thumbnailUrl":"https:\/\/www.fundacionmicrofinanzasbbva.org\/revistaprogreso\/wp-content\/uploads\/2015\/08\/shutterstock_34770964-122.jpg","datePublished":"2015-08-11T09:06:43+00:00","dateModified":"2016-02-17T11:38:12+00:00","description":"El gobierno reglament\u00f3 el Fondo de Microfinanzas Rurales. Esta norma representa una oportunidad para el crecimiento de las entidades microfinancieras.","breadcrumb":{"@id":"https:\/\/www.fundacionmicrofinanzasbbva.org\/revistaprogreso\/fondo-de-microfinanzas-rurales\/#breadcrumb"},"inLanguage":"es","potentialAction":[{"@type":"ReadAction","target":["https:\/\/www.fundacionmicrofinanzasbbva.org\/revistaprogreso\/fondo-de-microfinanzas-rurales\/"]}]},{"@type":"ImageObject","inLanguage":"es","@id":"https:\/\/www.fundacionmicrofinanzasbbva.org\/revistaprogreso\/fondo-de-microfinanzas-rurales\/#primaryimage","url":"https:\/\/www.fundacionmicrofinanzasbbva.org\/revistaprogreso\/wp-content\/uploads\/2015\/08\/shutterstock_34770964-122.jpg","contentUrl":"https:\/\/www.fundacionmicrofinanzasbbva.org\/revistaprogreso\/wp-content\/uploads\/2015\/08\/shutterstock_34770964-122.jpg","width":1205,"height":804},{"@type":"BreadcrumbList","@id":"https:\/\/www.fundacionmicrofinanzasbbva.org\/revistaprogreso\/fondo-de-microfinanzas-rurales\/#breadcrumb","itemListElement":[{"@type":"ListItem","position":1,"name":"Portada","item":"https:\/\/www.fundacionmicrofinanzasbbva.org\/revistaprogreso\/"},{"@type":"ListItem","position":2,"name":"Fondo de Microfinanzas Rurales"}]},{"@type":"WebSite","@id":"https:\/\/www.fundacionmicrofinanzasbbva.org\/revistaprogreso\/#website","url":"https:\/\/www.fundacionmicrofinanzasbbva.org\/revistaprogreso\/","name":"Revista Progreso","description":"Revista de Actualidad Jur\u00eddica","publisher":{"@id":"https:\/\/www.fundacionmicrofinanzasbbva.org\/revistaprogreso\/#organization"},"alternateName":"Revista Progreso","potentialAction":[{"@type":"SearchAction","target":{"@type":"EntryPoint","urlTemplate":"https:\/\/www.fundacionmicrofinanzasbbva.org\/revistaprogreso\/?s={search_term_string}"},"query-input":{"@type":"PropertyValueSpecification","valueRequired":true,"valueName":"search_term_string"}}],"inLanguage":"es"},{"@type":"Organization","@id":"https:\/\/www.fundacionmicrofinanzasbbva.org\/revistaprogreso\/#organization","name":"Revista Progreso","alternateName":"Revista Progreso","url":"https:\/\/www.fundacionmicrofinanzasbbva.org\/revistaprogreso\/","logo":{"@type":"ImageObject","inLanguage":"es","@id":"https:\/\/www.fundacionmicrofinanzasbbva.org\/revistaprogreso\/#\/schema\/logo\/image\/","url":"https:\/\/www.fundacionmicrofinanzasbbva.org\/revistaprogreso\/wp-content\/uploads\/2023\/09\/Logo-FMBBVA-AZUL.png","contentUrl":"https:\/\/www.fundacionmicrofinanzasbbva.org\/revistaprogreso\/wp-content\/uploads\/2023\/09\/Logo-FMBBVA-AZUL.png","width":6173,"height":1001,"caption":"Revista Progreso"},"image":{"@id":"https:\/\/www.fundacionmicrofinanzasbbva.org\/revistaprogreso\/#\/schema\/logo\/image\/"},"sameAs":["https:\/\/www.facebook.com\/fundacionmicrofinanzasbbva","https:\/\/x.com\/FMBBVA","https:\/\/www.linkedin.com\/company\/fundacin-microfinanzas-bbva\/","https:\/\/www.instagram.com\/somosfmbbva\/"]},{"@type":"Person","@id":"https:\/\/www.fundacionmicrofinanzasbbva.org\/revistaprogreso\/#\/schema\/person\/cf80fbfed0e1db989213ebe755675079","name":"Cristina","image":{"@type":"ImageObject","inLanguage":"es","@id":"https:\/\/www.fundacionmicrofinanzasbbva.org\/revistaprogreso\/#\/schema\/person\/image\/","url":"https:\/\/secure.gravatar.com\/avatar\/738f3fd2d0242bdc57233b9c1b03f825511099f3fcd5fb146b7c318c598541f6?s=96&d=mm&r=g","contentUrl":"https:\/\/secure.gravatar.com\/avatar\/738f3fd2d0242bdc57233b9c1b03f825511099f3fcd5fb146b7c318c598541f6?s=96&d=mm&r=g","caption":"Cristina"},"url":"https:\/\/www.fundacionmicrofinanzasbbva.org\/revistaprogreso\/author\/cristina\/"}]}},"_links":{"self":[{"href":"https:\/\/www.fundacionmicrofinanzasbbva.org\/revistaprogreso\/wp-json\/wp\/v2\/posts\/1752","targetHints":{"allow":["GET"]}}],"collection":[{"href":"https:\/\/www.fundacionmicrofinanzasbbva.org\/revistaprogreso\/wp-json\/wp\/v2\/posts"}],"about":[{"href":"https:\/\/www.fundacionmicrofinanzasbbva.org\/revistaprogreso\/wp-json\/wp\/v2\/types\/post"}],"author":[{"embeddable":true,"href":"https:\/\/www.fundacionmicrofinanzasbbva.org\/revistaprogreso\/wp-json\/wp\/v2\/users\/11"}],"replies":[{"embeddable":true,"href":"https:\/\/www.fundacionmicrofinanzasbbva.org\/revistaprogreso\/wp-json\/wp\/v2\/comments?post=1752"}],"version-history":[{"count":0,"href":"https:\/\/www.fundacionmicrofinanzasbbva.org\/revistaprogreso\/wp-json\/wp\/v2\/posts\/1752\/revisions"}],"wp:featuredmedia":[{"embeddable":true,"href":"https:\/\/www.fundacionmicrofinanzasbbva.org\/revistaprogreso\/wp-json\/wp\/v2\/media\/1830"}],"wp:attachment":[{"href":"https:\/\/www.fundacionmicrofinanzasbbva.org\/revistaprogreso\/wp-json\/wp\/v2\/media?parent=1752"}],"wp:term":[{"taxonomy":"post_tag","embeddable":true,"href":"https:\/\/www.fundacionmicrofinanzasbbva.org\/revistaprogreso\/wp-json\/wp\/v2\/tags?post=1752"}],"curies":[{"name":"wp","href":"https:\/\/api.w.org\/{rel}","templated":true}]}}