{"id":16151,"date":"2020-06-03T07:49:09","date_gmt":"2020-06-03T07:49:09","guid":{"rendered":"http:\/\/fundacionmicrofinanzasbbva.org\/revistaprogreso\/?p=16151"},"modified":"2020-06-08T16:19:14","modified_gmt":"2020-06-08T16:19:14","slug":"la-agenda-2030-nuevo-contexto-mundial-regional","status":"publish","type":"post","link":"https:\/\/www.fundacionmicrofinanzasbbva.org\/revistaprogreso\/la-agenda-2030-nuevo-contexto-mundial-regional\/","title":{"rendered":"La Agenda 2030 en el nuevo contexto mundial y regional"},"content":{"rendered":"<div class=\"pdfprnt-buttons pdfprnt-buttons-post pdfprnt-top-right\"><a href=\"https:\/\/www.fundacionmicrofinanzasbbva.org\/revistaprogreso\/wp-json\/wp\/v2\/posts\/16151?print=pdf\" class=\"pdfprnt-button pdfprnt-button-pdf\" target=\"_blank\" ><img decoding=\"async\" src=\"https:\/\/www.fundacionmicrofinanzasbbva.org\/revistaprogreso\/wp-content\/plugins\/pdf-print\/images\/pdf.png\" alt=\"image_pdf\" title=\"Ver PDF\" \/><\/a><a href=\"https:\/\/www.fundacionmicrofinanzasbbva.org\/revistaprogreso\/wp-json\/wp\/v2\/posts\/16151?print=print\" class=\"pdfprnt-button pdfprnt-button-print\" target=\"_blank\" ><img decoding=\"async\" src=\"https:\/\/www.fundacionmicrofinanzasbbva.org\/revistaprogreso\/wp-content\/plugins\/pdf-print\/images\/print.png\" alt=\"image_print\" title=\"Imprimir contenido\" \/><\/a><\/div><p>El pasado mes de abril la Comisi\u00f3n Econ\u00f3mica para Am\u00e9rica Latina y el Caribe (CEPAL) public\u00f3 un documento en el que se contemplan los escenarios y proyecciones de la Agenda 2030 en el nuevo contexto mundial y regional surgido como consecuencia de la crisis de la COVID-19.<\/p>\n<p>Esta publicaci\u00f3n[1] analiza el grado de avance de la regi\u00f3n respecto a la implementaci\u00f3n de los Objetivos de Desarrollo Sostenible (ODS), analiza los efectos de la COVID-19 que impactan en cada una de sus metas y pone de relieve que ahora, m\u00e1s que nunca, la Agenda 2030 sigue estando presente al constituir la base para avanzar hacia un desarrollo en la regi\u00f3n.<\/p>\n<p>De acuerdo con la informaci\u00f3n examinada para la elaboraci\u00f3n del informe, el contexto internacional y la realidad latinoamericana se han vuelto m\u00e1s dif\u00edciles para avanzar hacia el logro de los ODS. As\u00ed, tal y como se afirma en el documento, en el escenario internacional actual, la desaceleraci\u00f3n del crecimiento econ\u00f3mico, la creciente desigualdad y la d\u00e9bil respuesta a la emergencia ambiental se han traducido en un fuerte resurgimiento de las tendencias proteccionistas que carecen de una visi\u00f3n que trascienda lo nacional.<\/p>\n<p>Ante este panorama poco alentador, la CEPAL propone implementar acciones vinculadas entre s\u00ed: un est\u00edmulo fiscal coordinado internacionalmente para apoyar los servicios de salud y proteger los empleos, el mantenimiento de las cadenas internacionales de suministro, -particularmente las de medicinas, alimentos y energ\u00eda-; el fortalecimiento de mecanismos para asegurar la liquidez de las empresas, o el aplazamiento del servicio de la deuda externa de pa\u00edses muy endeudados; entre otras.<\/p>\n<p>La conclusi\u00f3n de la publicaci\u00f3n reviste un matiz positivo: aunque la integralidad de la Agenda 2030 est\u00e1 en riesgo, la pandemia de la COVID-19 puede suponer una oportunidad para recordar los beneficios del multilateralismo y fortalecer las acciones hacia el modelo de desarrollo sostenible e inclusivo propugnado por los ODS. Es m\u00e1s, la Cuarta Reuni\u00f3n del Foro de los Pa\u00edses de Am\u00e9rica Latina y el Caribe sobre el Desarrollo Sostenible[2] deber\u00e1 ser una instancia f\u00e9rtil que permita superar los modelos que debilitaron la capacidad de respuesta ante la presente crisis sanitaria y humanitaria.<\/p>\n<p>Consulta el documento<a href=\"https:\/\/www.cepal.org\/es\/publicaciones\/45336-la-agenda-2030-desarrollo-sostenible-nuevo-contexto-mundial-regional-escenarios\"> aqu\u00ed<\/a>.<\/p>\n<div class=\"note\">\n<p>&nbsp;<\/p>\n<p>[1]La Agenda 2030 para el Desarrollo Sostenible en el nuevo contexto mundial y regional: escenarios y proyecciones en la presente crisis (LC\/PUB.2020\/5), Santiago, 2020.<\/p>\n<p>[2]Su celebraci\u00f3n (marzo de 2020) fue pospuesta como consecuencia de la COVID-19<\/p>\n<\/div>\n","protected":false},"excerpt":{"rendered":"<p>El pasado mes de abril la Comisi\u00f3n Econ\u00f3mica para Am\u00e9rica Latina y el Caribe (CEPAL) public\u00f3 un documento en el que se contemplan los escenarios y proyecciones de la Agenda 2030 en el nuevo contexto mundial y regional surgido como consecuencia de la crisis de la COVID-19. Esta publicaci\u00f3n[1] analiza el grado de avance de [&hellip;]<\/p>\n","protected":false},"author":30,"featured_media":16224,"comment_status":"open","ping_status":"open","sticky":false,"template":"","format":"standard","meta":{"_acf_changed":false,"footnotes":""},"tags":[],"class_list":["post-16151","post","type-post","status-publish","format-standard","has-post-thumbnail","hentry","numero-22m","seccion-documentos-de-interes-microfinanzas"],"acf":[],"yoast_head":"<!-- This site is optimized with the Yoast SEO plugin v27.4 - https:\/\/yoast.com\/product\/yoast-seo-wordpress\/ -->\n<title>La Agenda 2030 en el nuevo contexto mundial y regional<\/title>\n<meta name=\"description\" content=\"La Agenda 2030 en el nuevo contexto mundial y regional\" \/>\n<meta name=\"robots\" content=\"index, follow, max-snippet:-1, max-image-preview:large, max-video-preview:-1\" \/>\n<link rel=\"canonical\" href=\"https:\/\/www.fundacionmicrofinanzasbbva.org\/revistaprogreso\/la-agenda-2030-nuevo-contexto-mundial-regional\/\" \/>\n<meta property=\"og:locale\" content=\"es_ES\" \/>\n<meta property=\"og:type\" content=\"article\" \/>\n<meta property=\"og:title\" content=\"La Agenda 2030 en el nuevo contexto mundial y regional\" \/>\n<meta property=\"og:description\" content=\"La Agenda 2030 en el nuevo contexto mundial y regional\" \/>\n<meta property=\"og:url\" content=\"https:\/\/www.fundacionmicrofinanzasbbva.org\/revistaprogreso\/la-agenda-2030-nuevo-contexto-mundial-regional\/\" \/>\n<meta property=\"og:site_name\" content=\"Progreso\" \/>\n<meta property=\"article:publisher\" content=\"https:\/\/www.facebook.com\/fundacionmicrofinanzasbbva\" \/>\n<meta property=\"article:published_time\" content=\"2020-06-03T07:49:09+00:00\" \/>\n<meta property=\"article:modified_time\" content=\"2020-06-08T16:19:14+00:00\" \/>\n<meta property=\"og:image\" content=\"https:\/\/www.progresomicrofinanzas.org\/revistaprogreso\/wp-content\/uploads\/2020\/05\/shutterstock_1674933541_opt.jpg\" \/>\n\t<meta property=\"og:image:width\" content=\"400\" \/>\n\t<meta property=\"og:image:height\" content=\"236\" \/>\n\t<meta property=\"og:image:type\" content=\"image\/jpeg\" \/>\n<meta name=\"author\" content=\"karessa Ramos\" \/>\n<meta name=\"twitter:card\" content=\"summary_large_image\" \/>\n<meta name=\"twitter:creator\" content=\"@FMBBVA\" \/>\n<meta name=\"twitter:site\" content=\"@FMBBVA\" \/>\n<meta name=\"twitter:label1\" content=\"Escrito por\" \/>\n\t<meta name=\"twitter:data1\" content=\"karessa Ramos\" \/>\n\t<meta name=\"twitter:label2\" content=\"Tiempo de lectura\" \/>\n\t<meta name=\"twitter:data2\" content=\"2 minutos\" \/>\n<script type=\"application\/ld+json\" class=\"yoast-schema-graph\">{\"@context\":\"https:\\\/\\\/schema.org\",\"@graph\":[{\"@type\":\"Article\",\"@id\":\"https:\\\/\\\/www.fundacionmicrofinanzasbbva.org\\\/revistaprogreso\\\/la-agenda-2030-nuevo-contexto-mundial-regional\\\/#article\",\"isPartOf\":{\"@id\":\"https:\\\/\\\/www.fundacionmicrofinanzasbbva.org\\\/revistaprogreso\\\/la-agenda-2030-nuevo-contexto-mundial-regional\\\/\"},\"author\":{\"name\":\"karessa Ramos\",\"@id\":\"https:\\\/\\\/34.249.117.129\\\/revistaprogreso\\\/en\\\/#\\\/schema\\\/person\\\/4a3fe64f7988998aa5e22913c8147baf\"},\"headline\":\"La Agenda 2030 en el nuevo contexto mundial y regional\",\"datePublished\":\"2020-06-03T07:49:09+00:00\",\"dateModified\":\"2020-06-08T16:19:14+00:00\",\"mainEntityOfPage\":{\"@id\":\"https:\\\/\\\/www.fundacionmicrofinanzasbbva.org\\\/revistaprogreso\\\/la-agenda-2030-nuevo-contexto-mundial-regional\\\/\"},\"wordCount\":424,\"commentCount\":0,\"publisher\":{\"@id\":\"https:\\\/\\\/34.249.117.129\\\/revistaprogreso\\\/en\\\/#organization\"},\"image\":{\"@id\":\"https:\\\/\\\/www.fundacionmicrofinanzasbbva.org\\\/revistaprogreso\\\/la-agenda-2030-nuevo-contexto-mundial-regional\\\/#primaryimage\"},\"thumbnailUrl\":\"https:\\\/\\\/www.fundacionmicrofinanzasbbva.org\\\/revistaprogreso\\\/wp-content\\\/uploads\\\/2020\\\/05\\\/shutterstock_1674933541_opt.jpg\",\"inLanguage\":\"es\"},{\"@type\":\"WebPage\",\"@id\":\"https:\\\/\\\/www.fundacionmicrofinanzasbbva.org\\\/revistaprogreso\\\/la-agenda-2030-nuevo-contexto-mundial-regional\\\/\",\"url\":\"https:\\\/\\\/www.fundacionmicrofinanzasbbva.org\\\/revistaprogreso\\\/la-agenda-2030-nuevo-contexto-mundial-regional\\\/\",\"name\":\"La Agenda 2030 en el nuevo contexto mundial y regional\",\"isPartOf\":{\"@id\":\"https:\\\/\\\/34.249.117.129\\\/revistaprogreso\\\/en\\\/#website\"},\"primaryImageOfPage\":{\"@id\":\"https:\\\/\\\/www.fundacionmicrofinanzasbbva.org\\\/revistaprogreso\\\/la-agenda-2030-nuevo-contexto-mundial-regional\\\/#primaryimage\"},\"image\":{\"@id\":\"https:\\\/\\\/www.fundacionmicrofinanzasbbva.org\\\/revistaprogreso\\\/la-agenda-2030-nuevo-contexto-mundial-regional\\\/#primaryimage\"},\"thumbnailUrl\":\"https:\\\/\\\/www.fundacionmicrofinanzasbbva.org\\\/revistaprogreso\\\/wp-content\\\/uploads\\\/2020\\\/05\\\/shutterstock_1674933541_opt.jpg\",\"datePublished\":\"2020-06-03T07:49:09+00:00\",\"dateModified\":\"2020-06-08T16:19:14+00:00\",\"description\":\"La Agenda 2030 en el nuevo contexto mundial y regional\",\"breadcrumb\":{\"@id\":\"https:\\\/\\\/www.fundacionmicrofinanzasbbva.org\\\/revistaprogreso\\\/la-agenda-2030-nuevo-contexto-mundial-regional\\\/#breadcrumb\"},\"inLanguage\":\"es\",\"potentialAction\":[{\"@type\":\"ReadAction\",\"target\":[\"https:\\\/\\\/www.fundacionmicrofinanzasbbva.org\\\/revistaprogreso\\\/la-agenda-2030-nuevo-contexto-mundial-regional\\\/\"]}]},{\"@type\":\"ImageObject\",\"inLanguage\":\"es\",\"@id\":\"https:\\\/\\\/www.fundacionmicrofinanzasbbva.org\\\/revistaprogreso\\\/la-agenda-2030-nuevo-contexto-mundial-regional\\\/#primaryimage\",\"url\":\"https:\\\/\\\/www.fundacionmicrofinanzasbbva.org\\\/revistaprogreso\\\/wp-content\\\/uploads\\\/2020\\\/05\\\/shutterstock_1674933541_opt.jpg\",\"contentUrl\":\"https:\\\/\\\/www.fundacionmicrofinanzasbbva.org\\\/revistaprogreso\\\/wp-content\\\/uploads\\\/2020\\\/05\\\/shutterstock_1674933541_opt.jpg\",\"width\":400,\"height\":236},{\"@type\":\"BreadcrumbList\",\"@id\":\"https:\\\/\\\/www.fundacionmicrofinanzasbbva.org\\\/revistaprogreso\\\/la-agenda-2030-nuevo-contexto-mundial-regional\\\/#breadcrumb\",\"itemListElement\":[{\"@type\":\"ListItem\",\"position\":1,\"name\":\"Portada\",\"item\":\"https:\\\/\\\/34.249.117.129\\\/revistaprogreso\\\/en\\\/\"},{\"@type\":\"ListItem\",\"position\":2,\"name\":\"La Agenda 2030 en el nuevo contexto mundial y regional\"}]},{\"@type\":\"WebSite\",\"@id\":\"https:\\\/\\\/34.249.117.129\\\/revistaprogreso\\\/en\\\/#website\",\"url\":\"https:\\\/\\\/34.249.117.129\\\/revistaprogreso\\\/en\\\/\",\"name\":\"Revista Progreso\",\"description\":\"Revista de Actualidad Jur\u00eddica\",\"publisher\":{\"@id\":\"https:\\\/\\\/34.249.117.129\\\/revistaprogreso\\\/en\\\/#organization\"},\"alternateName\":\"Revista Progreso\",\"potentialAction\":[{\"@type\":\"SearchAction\",\"target\":{\"@type\":\"EntryPoint\",\"urlTemplate\":\"https:\\\/\\\/34.249.117.129\\\/revistaprogreso\\\/en\\\/?s={search_term_string}\"},\"query-input\":{\"@type\":\"PropertyValueSpecification\",\"valueRequired\":true,\"valueName\":\"search_term_string\"}}],\"inLanguage\":\"es\"},{\"@type\":\"Organization\",\"@id\":\"https:\\\/\\\/34.249.117.129\\\/revistaprogreso\\\/en\\\/#organization\",\"name\":\"Revista Progreso\",\"alternateName\":\"Revista Progreso\",\"url\":\"https:\\\/\\\/34.249.117.129\\\/revistaprogreso\\\/en\\\/\",\"logo\":{\"@type\":\"ImageObject\",\"inLanguage\":\"es\",\"@id\":\"https:\\\/\\\/34.249.117.129\\\/revistaprogreso\\\/en\\\/#\\\/schema\\\/logo\\\/image\\\/\",\"url\":\"https:\\\/\\\/www.fundacionmicrofinanzasbbva.org\\\/revistaprogreso\\\/wp-content\\\/uploads\\\/2023\\\/09\\\/Logo-FMBBVA-AZUL.png\",\"contentUrl\":\"https:\\\/\\\/www.fundacionmicrofinanzasbbva.org\\\/revistaprogreso\\\/wp-content\\\/uploads\\\/2023\\\/09\\\/Logo-FMBBVA-AZUL.png\",\"width\":6173,\"height\":1001,\"caption\":\"Revista Progreso\"},\"image\":{\"@id\":\"https:\\\/\\\/34.249.117.129\\\/revistaprogreso\\\/en\\\/#\\\/schema\\\/logo\\\/image\\\/\"},\"sameAs\":[\"https:\\\/\\\/www.facebook.com\\\/fundacionmicrofinanzasbbva\",\"https:\\\/\\\/x.com\\\/FMBBVA\",\"https:\\\/\\\/www.linkedin.com\\\/company\\\/fundacin-microfinanzas-bbva\\\/\",\"https:\\\/\\\/www.instagram.com\\\/somosfmbbva\\\/\"]},{\"@type\":\"Person\",\"@id\":\"https:\\\/\\\/34.249.117.129\\\/revistaprogreso\\\/en\\\/#\\\/schema\\\/person\\\/4a3fe64f7988998aa5e22913c8147baf\",\"name\":\"karessa Ramos\",\"image\":{\"@type\":\"ImageObject\",\"inLanguage\":\"es\",\"@id\":\"https:\\\/\\\/secure.gravatar.com\\\/avatar\\\/a2388109b4325a6fb9c892c3212e430cdc0835c8fc1c1a41f4cc2a3b175b81c5?s=96&d=mm&r=g\",\"url\":\"https:\\\/\\\/secure.gravatar.com\\\/avatar\\\/a2388109b4325a6fb9c892c3212e430cdc0835c8fc1c1a41f4cc2a3b175b81c5?s=96&d=mm&r=g\",\"contentUrl\":\"https:\\\/\\\/secure.gravatar.com\\\/avatar\\\/a2388109b4325a6fb9c892c3212e430cdc0835c8fc1c1a41f4cc2a3b175b81c5?s=96&d=mm&r=g\",\"caption\":\"karessa Ramos\"},\"url\":\"https:\\\/\\\/www.fundacionmicrofinanzasbbva.org\\\/revistaprogreso\\\/author\\\/karessa\\\/\"}]}<\/script>\n<!-- \/ Yoast SEO plugin. -->","yoast_head_json":{"title":"La Agenda 2030 en el nuevo contexto mundial y regional","description":"La Agenda 2030 en el nuevo contexto mundial y regional","robots":{"index":"index","follow":"follow","max-snippet":"max-snippet:-1","max-image-preview":"max-image-preview:large","max-video-preview":"max-video-preview:-1"},"canonical":"https:\/\/www.fundacionmicrofinanzasbbva.org\/revistaprogreso\/la-agenda-2030-nuevo-contexto-mundial-regional\/","og_locale":"es_ES","og_type":"article","og_title":"La Agenda 2030 en el nuevo contexto mundial y regional","og_description":"La Agenda 2030 en el nuevo contexto mundial y regional","og_url":"https:\/\/www.fundacionmicrofinanzasbbva.org\/revistaprogreso\/la-agenda-2030-nuevo-contexto-mundial-regional\/","og_site_name":"Progreso","article_publisher":"https:\/\/www.facebook.com\/fundacionmicrofinanzasbbva","article_published_time":"2020-06-03T07:49:09+00:00","article_modified_time":"2020-06-08T16:19:14+00:00","og_image":[{"width":400,"height":236,"url":"https:\/\/www.progresomicrofinanzas.org\/revistaprogreso\/wp-content\/uploads\/2020\/05\/shutterstock_1674933541_opt.jpg","type":"image\/jpeg"}],"author":"karessa Ramos","twitter_card":"summary_large_image","twitter_creator":"@FMBBVA","twitter_site":"@FMBBVA","twitter_misc":{"Escrito por":"karessa Ramos","Tiempo de lectura":"2 minutos"},"schema":{"@context":"https:\/\/schema.org","@graph":[{"@type":"Article","@id":"https:\/\/www.fundacionmicrofinanzasbbva.org\/revistaprogreso\/la-agenda-2030-nuevo-contexto-mundial-regional\/#article","isPartOf":{"@id":"https:\/\/www.fundacionmicrofinanzasbbva.org\/revistaprogreso\/la-agenda-2030-nuevo-contexto-mundial-regional\/"},"author":{"name":"karessa Ramos","@id":"https:\/\/34.249.117.129\/revistaprogreso\/en\/#\/schema\/person\/4a3fe64f7988998aa5e22913c8147baf"},"headline":"La Agenda 2030 en el nuevo contexto mundial y regional","datePublished":"2020-06-03T07:49:09+00:00","dateModified":"2020-06-08T16:19:14+00:00","mainEntityOfPage":{"@id":"https:\/\/www.fundacionmicrofinanzasbbva.org\/revistaprogreso\/la-agenda-2030-nuevo-contexto-mundial-regional\/"},"wordCount":424,"commentCount":0,"publisher":{"@id":"https:\/\/34.249.117.129\/revistaprogreso\/en\/#organization"},"image":{"@id":"https:\/\/www.fundacionmicrofinanzasbbva.org\/revistaprogreso\/la-agenda-2030-nuevo-contexto-mundial-regional\/#primaryimage"},"thumbnailUrl":"https:\/\/www.fundacionmicrofinanzasbbva.org\/revistaprogreso\/wp-content\/uploads\/2020\/05\/shutterstock_1674933541_opt.jpg","inLanguage":"es"},{"@type":"WebPage","@id":"https:\/\/www.fundacionmicrofinanzasbbva.org\/revistaprogreso\/la-agenda-2030-nuevo-contexto-mundial-regional\/","url":"https:\/\/www.fundacionmicrofinanzasbbva.org\/revistaprogreso\/la-agenda-2030-nuevo-contexto-mundial-regional\/","name":"La Agenda 2030 en el nuevo contexto mundial y regional","isPartOf":{"@id":"https:\/\/34.249.117.129\/revistaprogreso\/en\/#website"},"primaryImageOfPage":{"@id":"https:\/\/www.fundacionmicrofinanzasbbva.org\/revistaprogreso\/la-agenda-2030-nuevo-contexto-mundial-regional\/#primaryimage"},"image":{"@id":"https:\/\/www.fundacionmicrofinanzasbbva.org\/revistaprogreso\/la-agenda-2030-nuevo-contexto-mundial-regional\/#primaryimage"},"thumbnailUrl":"https:\/\/www.fundacionmicrofinanzasbbva.org\/revistaprogreso\/wp-content\/uploads\/2020\/05\/shutterstock_1674933541_opt.jpg","datePublished":"2020-06-03T07:49:09+00:00","dateModified":"2020-06-08T16:19:14+00:00","description":"La Agenda 2030 en el nuevo contexto mundial y regional","breadcrumb":{"@id":"https:\/\/www.fundacionmicrofinanzasbbva.org\/revistaprogreso\/la-agenda-2030-nuevo-contexto-mundial-regional\/#breadcrumb"},"inLanguage":"es","potentialAction":[{"@type":"ReadAction","target":["https:\/\/www.fundacionmicrofinanzasbbva.org\/revistaprogreso\/la-agenda-2030-nuevo-contexto-mundial-regional\/"]}]},{"@type":"ImageObject","inLanguage":"es","@id":"https:\/\/www.fundacionmicrofinanzasbbva.org\/revistaprogreso\/la-agenda-2030-nuevo-contexto-mundial-regional\/#primaryimage","url":"https:\/\/www.fundacionmicrofinanzasbbva.org\/revistaprogreso\/wp-content\/uploads\/2020\/05\/shutterstock_1674933541_opt.jpg","contentUrl":"https:\/\/www.fundacionmicrofinanzasbbva.org\/revistaprogreso\/wp-content\/uploads\/2020\/05\/shutterstock_1674933541_opt.jpg","width":400,"height":236},{"@type":"BreadcrumbList","@id":"https:\/\/www.fundacionmicrofinanzasbbva.org\/revistaprogreso\/la-agenda-2030-nuevo-contexto-mundial-regional\/#breadcrumb","itemListElement":[{"@type":"ListItem","position":1,"name":"Portada","item":"https:\/\/34.249.117.129\/revistaprogreso\/en\/"},{"@type":"ListItem","position":2,"name":"La Agenda 2030 en el nuevo contexto mundial y regional"}]},{"@type":"WebSite","@id":"https:\/\/34.249.117.129\/revistaprogreso\/en\/#website","url":"https:\/\/34.249.117.129\/revistaprogreso\/en\/","name":"Revista Progreso","description":"Revista de Actualidad Jur\u00eddica","publisher":{"@id":"https:\/\/34.249.117.129\/revistaprogreso\/en\/#organization"},"alternateName":"Revista Progreso","potentialAction":[{"@type":"SearchAction","target":{"@type":"EntryPoint","urlTemplate":"https:\/\/34.249.117.129\/revistaprogreso\/en\/?s={search_term_string}"},"query-input":{"@type":"PropertyValueSpecification","valueRequired":true,"valueName":"search_term_string"}}],"inLanguage":"es"},{"@type":"Organization","@id":"https:\/\/34.249.117.129\/revistaprogreso\/en\/#organization","name":"Revista Progreso","alternateName":"Revista Progreso","url":"https:\/\/34.249.117.129\/revistaprogreso\/en\/","logo":{"@type":"ImageObject","inLanguage":"es","@id":"https:\/\/34.249.117.129\/revistaprogreso\/en\/#\/schema\/logo\/image\/","url":"https:\/\/www.fundacionmicrofinanzasbbva.org\/revistaprogreso\/wp-content\/uploads\/2023\/09\/Logo-FMBBVA-AZUL.png","contentUrl":"https:\/\/www.fundacionmicrofinanzasbbva.org\/revistaprogreso\/wp-content\/uploads\/2023\/09\/Logo-FMBBVA-AZUL.png","width":6173,"height":1001,"caption":"Revista Progreso"},"image":{"@id":"https:\/\/34.249.117.129\/revistaprogreso\/en\/#\/schema\/logo\/image\/"},"sameAs":["https:\/\/www.facebook.com\/fundacionmicrofinanzasbbva","https:\/\/x.com\/FMBBVA","https:\/\/www.linkedin.com\/company\/fundacin-microfinanzas-bbva\/","https:\/\/www.instagram.com\/somosfmbbva\/"]},{"@type":"Person","@id":"https:\/\/34.249.117.129\/revistaprogreso\/en\/#\/schema\/person\/4a3fe64f7988998aa5e22913c8147baf","name":"karessa Ramos","image":{"@type":"ImageObject","inLanguage":"es","@id":"https:\/\/secure.gravatar.com\/avatar\/a2388109b4325a6fb9c892c3212e430cdc0835c8fc1c1a41f4cc2a3b175b81c5?s=96&d=mm&r=g","url":"https:\/\/secure.gravatar.com\/avatar\/a2388109b4325a6fb9c892c3212e430cdc0835c8fc1c1a41f4cc2a3b175b81c5?s=96&d=mm&r=g","contentUrl":"https:\/\/secure.gravatar.com\/avatar\/a2388109b4325a6fb9c892c3212e430cdc0835c8fc1c1a41f4cc2a3b175b81c5?s=96&d=mm&r=g","caption":"karessa Ramos"},"url":"https:\/\/www.fundacionmicrofinanzasbbva.org\/revistaprogreso\/author\/karessa\/"}]}},"_links":{"self":[{"href":"https:\/\/www.fundacionmicrofinanzasbbva.org\/revistaprogreso\/wp-json\/wp\/v2\/posts\/16151","targetHints":{"allow":["GET"]}}],"collection":[{"href":"https:\/\/www.fundacionmicrofinanzasbbva.org\/revistaprogreso\/wp-json\/wp\/v2\/posts"}],"about":[{"href":"https:\/\/www.fundacionmicrofinanzasbbva.org\/revistaprogreso\/wp-json\/wp\/v2\/types\/post"}],"author":[{"embeddable":true,"href":"https:\/\/www.fundacionmicrofinanzasbbva.org\/revistaprogreso\/wp-json\/wp\/v2\/users\/30"}],"replies":[{"embeddable":true,"href":"https:\/\/www.fundacionmicrofinanzasbbva.org\/revistaprogreso\/wp-json\/wp\/v2\/comments?post=16151"}],"version-history":[{"count":0,"href":"https:\/\/www.fundacionmicrofinanzasbbva.org\/revistaprogreso\/wp-json\/wp\/v2\/posts\/16151\/revisions"}],"wp:featuredmedia":[{"embeddable":true,"href":"https:\/\/www.fundacionmicrofinanzasbbva.org\/revistaprogreso\/wp-json\/wp\/v2\/media\/16224"}],"wp:attachment":[{"href":"https:\/\/www.fundacionmicrofinanzasbbva.org\/revistaprogreso\/wp-json\/wp\/v2\/media?parent=16151"}],"wp:term":[{"taxonomy":"post_tag","embeddable":true,"href":"https:\/\/www.fundacionmicrofinanzasbbva.org\/revistaprogreso\/wp-json\/wp\/v2\/tags?post=16151"}],"curies":[{"name":"wp","href":"https:\/\/api.w.org\/{rel}","templated":true}]}}