{"id":14434,"date":"2019-06-18T09:54:19","date_gmt":"2019-06-18T09:54:19","guid":{"rendered":"http:\/\/www.progresomicrofinanzas.org\/?p=14434"},"modified":"2019-06-20T16:32:37","modified_gmt":"2019-06-20T16:32:37","slug":"manuel-escudero","status":"publish","type":"post","link":"https:\/\/www.fundacionmicrofinanzasbbva.org\/revistaprogreso\/manuel-escudero\/","title":{"rendered":"Manuel Escudero, Embajador y Representante Permanente de Espa\u00f1a ante la OCDE"},"content":{"rendered":"<div class=\"pdfprnt-buttons pdfprnt-buttons-post pdfprnt-top-right\"><a href=\"https:\/\/www.fundacionmicrofinanzasbbva.org\/revistaprogreso\/wp-json\/wp\/v2\/posts\/14434?print=pdf\" class=\"pdfprnt-button pdfprnt-button-pdf\" target=\"_blank\"><img decoding=\"async\" src=\"https:\/\/www.fundacionmicrofinanzasbbva.org\/revistaprogreso\/wp-content\/plugins\/pdf-print\/images\/pdf.png\" alt=\"image_pdf\" title=\"Ver PDF\" \/><\/a><a href=\"https:\/\/www.fundacionmicrofinanzasbbva.org\/revistaprogreso\/wp-json\/wp\/v2\/posts\/14434?print=print\" class=\"pdfprnt-button pdfprnt-button-print\" target=\"_blank\"><img decoding=\"async\" src=\"https:\/\/www.fundacionmicrofinanzasbbva.org\/revistaprogreso\/wp-content\/plugins\/pdf-print\/images\/print.png\" alt=\"image_print\" title=\"Imprimir contenido\" \/><\/a><\/div><p>Manuel Escudero, Embajador y Representante Permanente de Espa\u00f1a ante la OCDE, fue nombrado el pasado mes de diciembre Presidente de la Junta de Gobierno del Centro de Desarrollo de la OCDE.<\/p>\n<p>&nbsp;<\/p>\n<ol>\n<li><strong> \u00a0 La OCDE trabaja para hacer frente a los desaf\u00edos econ\u00f3micos y sociales de la globalizaci\u00f3n. \u00bfCu\u00e1les dir\u00eda que son, en este momento, los retos a los que hacer frente y las oportunidades que ofrece?<\/strong><\/li>\n<\/ol>\n<p>El Centro de Desarrollo de la OCDE es el \u00fanico lugar en el mundo donde \u00a0pa\u00edses desarrollados y pa\u00edses en v\u00edas de desarrollo y pa\u00edses emergentes (58 pa\u00edses) se dan cita para hablar de pol\u00edticas de desarrollo, de crecimiento econ\u00f3mico, etc. La OCDE se est\u00e1 abriendo poco a poco a las realidades de una multitud de pa\u00edses que, sin llegar a los est\u00e1ndares que tienen los pa\u00edses de la OCDE, se van acercando a ellos. De esta manera, el di\u00e1logo existente es tremendamente fruct\u00edfero: tanto desde el punto de vista de nuevos conceptos de desarrollo como por ejemplo, el SIGI, como desde otros como los partenariados publico privados.<\/p>\n<p>En el Centro de Desarrollo de la OCDE est\u00e1n pa\u00edses como China, India, Indonesia, Brasil o Sud\u00e1frica; es decir, todos los pa\u00edses emergentes, muchos pa\u00edses africanos, latinoamericanos y asi\u00e1ticos. Una diversidad que favorece y enriquece los di\u00e1logos, las conversaciones, las publicaciones y las pol\u00edticas que se van decidiendo.<\/p>\n<p>Adem\u00e1s, el concepto de desarrollo est\u00e1 cambiando: existen muchos pa\u00edses que est\u00e1n pasando de ser pa\u00edses con baja renta a ser pa\u00edses con renta media, o pa\u00edses con renta alta que ya no \u201cgrad\u00faan\u201d para la ayuda al desarrollo, pero que siguen necesitando alg\u00fan tipo de apoyo que ya no es de ayuda al desarrollo, que ya es\u00a0 de partenariados privados, de inversiones, y de conseguir que el mercado funcione. Esto son pol\u00edticas que se est\u00e1n discutiendo en el Centro.<\/p>\n<ol start=\"2\">\n<li><strong> \u00a0 El Centro tambi\u00e9n fomenta pol\u00edticas de igualdad de g\u00e9nero. \u00bfCree que har\u00e1n falta esos 200 a\u00f1os que estableci\u00f3 el Foro Econ\u00f3mico Mundial para cerrar la brecha de g\u00e9nero?<\/strong><\/li>\n<\/ol>\n<p>Esto no es \u201c<em>rocket science<\/em>\u201d, se necesita una voluntad pol\u00edtica, que es el factor determinante para avanzar m\u00e1s r\u00e1pidamente. Tanto en el terreno legislativo, eliminando barreras de discriminaci\u00f3n de la mujer, como en el terreno de las pol\u00edticas, allanando el camino para que no haya discriminaciones en el \u00e1mbito dom\u00e9stico, f\u00edsico, econ\u00f3mico y financiero, o de las libertades civiles. Es decir, legislaci\u00f3n, pol\u00edticas y, finalmente un cambio de actitudes, de normas sociales, que solo se consiguir\u00e1 en la medida en que se realicen estos cambios legislativos y pol\u00edticos y, con un papel muy importante y determinante de la cultura como una pol\u00edtica envolvente que empieza a situar a la mujer en un plano de igualdad con el hombre.<\/p>\n<ol start=\"3\">\n<li><strong> \u00a0 \u00bfCu\u00e1l es el papel que desarrolla el sector privado para reducir estas brechas?<\/strong><\/li>\n<\/ol>\n<p>El papel del sector privado es important\u00edsimo porque la reducci\u00f3n de estas brechas no se logra a golpe de decreto. El tema de la brecha salarial y de la conciliaci\u00f3n de la vida personal y familiar esto se consigue no solo por la voluntad pol\u00edtica desde el Gobierno y el Parlamento, sino tambi\u00e9n por el compromiso de las empresas en esta misma direcci\u00f3n. Por tanto, somos aliados naturales y desde luego, en lo que a la igualdad dentro del terreno laboral se refiere -abarcando desde la brecha salarial hasta la paridad en los puestos de alta direcci\u00f3n- tenemos que estar todos sentados en la misma mesa.<\/p>\n<ol start=\"4\">\n<li><strong> \u00a0 Otro de las prioridades sin duda en las agendas internacionales es el cuidado del medio ambiente y la sosteniblidad. \u00bfQu\u00e9 iniciativas y\/o estrategias considera que podr\u00edan tener un mayor impacto en la concienciaci\u00f3n sobre la importancia del medio ambiente?<\/strong><\/li>\n<\/ol>\n<p>Respecto a este asunto, hay que considerar no solo el trabajo del Centro sino tambi\u00e9n lo que est\u00e1 realizando la propia OCDE. Nos encontramos en un tiempo de transici\u00f3n energ\u00e9tica y ecol\u00f3gica en la cual, por desgracia, el problema ya no es si evitamos la subida de dos grados de temperatura, sino c\u00f3mo la humanidad se va a adaptar a esos dos grados o m\u00e1s. Por tanto, hay que defender con u\u00f1as y dientes el multilateralismo, la Convenci\u00f3n de Par\u00eds y dem\u00e1s acuerdos en este sentido.<\/p>\n<ol start=\"5\">\n<li><strong>\u00a0 El Centro realiza, entre otros, informes econ\u00f3micos sobre Am\u00e9rica Latina \u00bfEn qu\u00e9 medida considera que las microfinanzas contribuyen a favorecer la inclusi\u00f3n econ\u00f3mica y social de las clases m\u00e1s desfavorecidas?<\/strong><\/li>\n<\/ol>\n<p>Evidentemente es un elemento determinante que hay que llevarlo a m\u00e1s escala. En ese sentido llevarlo a m\u00e1s escala tambi\u00e9n depende de las propias pol\u00edticas p\u00fablicas. Considero tambi\u00e9n que en Am\u00e9rica Latina esto se tiene que dar cita con otra cuesti\u00f3n muy compleja que es la cuesti\u00f3n de la lucha contra la informalidad; porque tenemos que hacer aflorar un 40% (m\u00e1s o menos) de econom\u00eda sumergida en Am\u00e9rica Latina que nos va a posibilitar que el continente se modernice. Ya no estoy hablando de desarrollo, estoy hablando de modernizaci\u00f3n. Creo que tenemos que empezar a hablar en este sentido. La cuesti\u00f3n ya no es el desarrollo tal como se ha entendido; ahora lo que tenemos que ver es c\u00f3mo podemos entre todos modernizar Am\u00e9rica Latina.<\/p>\n<ol start=\"6\">\n<li><strong>\u00a0 Por \u00faltimo, y considerando su faceta de escritor. \u00bfPodr\u00eda recomendar alg\u00fan libro a nuestros lectores?<\/strong><\/li>\n<\/ol>\n<p>Recomiendo la lectura de una publicaci\u00f3n de la OCDE de la que se pueden sacar muchas conclusiones. No es un libro que tenga una trama pero me impact\u00f3. La publicaci\u00f3n se titula \u201c<em>The Squeezed Middle Class<\/em>\u201d; es decir, la exprimida clase media, y retrata lo que est\u00e1 pasando desde hace 30 a\u00f1os con la clase media en todos los pa\u00edses desarrollados.<\/p>\n","protected":false},"excerpt":{"rendered":"<p>Manuel Escudero, Embajador y Representante Permanente de Espa\u00f1a ante la OCDE, fue nombrado el pasado mes de diciembre Presidente de la Junta de Gobierno del Centro de Desarrollo de la OCDE. &nbsp; \u00a0 La OCDE trabaja para hacer frente a los desaf\u00edos econ\u00f3micos y sociales de la globalizaci\u00f3n. \u00bfCu\u00e1les dir\u00eda que son, en este momento, [&hellip;]<\/p>\n","protected":false},"author":30,"featured_media":14435,"comment_status":"open","ping_status":"open","sticky":false,"template":"","format":"standard","meta":{"_acf_changed":false,"footnotes":""},"tags":[],"class_list":["post-14434","post","type-post","status-publish","format-standard","has-post-thumbnail","hentry","numero-19m","seccion-entrevista"],"acf":[],"yoast_head":"<!-- This site is optimized with the Yoast SEO plugin v26.8 - https:\/\/yoast.com\/product\/yoast-seo-wordpress\/ -->\n<title>Manuel Escudero, Embajador y Representante Permanente de Espa\u00f1a ante la OCDE<\/title>\n<meta name=\"description\" content=\"Manuel Escudero, Embajador y Representante Permanente de Espa\u00f1a ante la OCDE\" \/>\n<meta name=\"robots\" content=\"index, follow, max-snippet:-1, max-image-preview:large, max-video-preview:-1\" \/>\n<link rel=\"canonical\" href=\"https:\/\/www.fundacionmicrofinanzasbbva.org\/revistaprogreso\/manuel-escudero\/\" \/>\n<meta property=\"og:locale\" content=\"es_ES\" \/>\n<meta property=\"og:type\" content=\"article\" \/>\n<meta property=\"og:title\" content=\"Manuel Escudero, Embajador y Representante Permanente de Espa\u00f1a ante la OCDE\" \/>\n<meta property=\"og:description\" content=\"Manuel Escudero, Embajador y Representante Permanente de Espa\u00f1a ante la OCDE\" \/>\n<meta property=\"og:url\" content=\"https:\/\/www.fundacionmicrofinanzasbbva.org\/revistaprogreso\/manuel-escudero\/\" \/>\n<meta property=\"og:site_name\" content=\"Progreso\" \/>\n<meta property=\"article:publisher\" content=\"https:\/\/www.facebook.com\/fundacionmicrofinanzasbbva\" \/>\n<meta property=\"article:published_time\" content=\"2019-06-18T09:54:19+00:00\" \/>\n<meta property=\"article:modified_time\" content=\"2019-06-20T16:32:37+00:00\" \/>\n<meta property=\"og:image\" content=\"https:\/\/www.fundacionmicrofinanzasbbva.org\/revistaprogreso\/wp-content\/uploads\/2019\/06\/manuel-escudero.jpg\" \/>\n\t<meta property=\"og:image:width\" content=\"320\" \/>\n\t<meta property=\"og:image:height\" content=\"280\" \/>\n\t<meta property=\"og:image:type\" content=\"image\/jpeg\" \/>\n<meta name=\"author\" content=\"karessa Ramos\" \/>\n<meta name=\"twitter:card\" content=\"summary_large_image\" \/>\n<meta name=\"twitter:creator\" content=\"@FMBBVA\" \/>\n<meta name=\"twitter:site\" content=\"@FMBBVA\" \/>\n<meta name=\"twitter:label1\" content=\"Escrito por\" \/>\n\t<meta name=\"twitter:data1\" content=\"karessa Ramos\" \/>\n\t<meta name=\"twitter:label2\" content=\"Tiempo de lectura\" \/>\n\t<meta name=\"twitter:data2\" content=\"5 minutos\" \/>\n<script type=\"application\/ld+json\" class=\"yoast-schema-graph\">{\"@context\":\"https:\/\/schema.org\",\"@graph\":[{\"@type\":\"Article\",\"@id\":\"https:\/\/www.fundacionmicrofinanzasbbva.org\/revistaprogreso\/manuel-escudero\/#article\",\"isPartOf\":{\"@id\":\"https:\/\/www.fundacionmicrofinanzasbbva.org\/revistaprogreso\/manuel-escudero\/\"},\"author\":{\"name\":\"karessa Ramos\",\"@id\":\"https:\/\/www.fundacionmicrofinanzasbbva.org\/revistaprogreso\/#\/schema\/person\/4a3fe64f7988998aa5e22913c8147baf\"},\"headline\":\"Manuel Escudero, Embajador y Representante Permanente de Espa\u00f1a ante la OCDE\",\"datePublished\":\"2019-06-18T09:54:19+00:00\",\"dateModified\":\"2019-06-20T16:32:37+00:00\",\"mainEntityOfPage\":{\"@id\":\"https:\/\/www.fundacionmicrofinanzasbbva.org\/revistaprogreso\/manuel-escudero\/\"},\"wordCount\":1034,\"commentCount\":0,\"publisher\":{\"@id\":\"https:\/\/www.fundacionmicrofinanzasbbva.org\/revistaprogreso\/#organization\"},\"image\":{\"@id\":\"https:\/\/www.fundacionmicrofinanzasbbva.org\/revistaprogreso\/manuel-escudero\/#primaryimage\"},\"thumbnailUrl\":\"https:\/\/www.fundacionmicrofinanzasbbva.org\/revistaprogreso\/wp-content\/uploads\/2019\/06\/manuel-escudero.jpg\",\"inLanguage\":\"es\"},{\"@type\":\"WebPage\",\"@id\":\"https:\/\/www.fundacionmicrofinanzasbbva.org\/revistaprogreso\/manuel-escudero\/\",\"url\":\"https:\/\/www.fundacionmicrofinanzasbbva.org\/revistaprogreso\/manuel-escudero\/\",\"name\":\"Manuel Escudero, Embajador y Representante Permanente de Espa\u00f1a ante la OCDE\",\"isPartOf\":{\"@id\":\"https:\/\/www.fundacionmicrofinanzasbbva.org\/revistaprogreso\/#website\"},\"primaryImageOfPage\":{\"@id\":\"https:\/\/www.fundacionmicrofinanzasbbva.org\/revistaprogreso\/manuel-escudero\/#primaryimage\"},\"image\":{\"@id\":\"https:\/\/www.fundacionmicrofinanzasbbva.org\/revistaprogreso\/manuel-escudero\/#primaryimage\"},\"thumbnailUrl\":\"https:\/\/www.fundacionmicrofinanzasbbva.org\/revistaprogreso\/wp-content\/uploads\/2019\/06\/manuel-escudero.jpg\",\"datePublished\":\"2019-06-18T09:54:19+00:00\",\"dateModified\":\"2019-06-20T16:32:37+00:00\",\"description\":\"Manuel Escudero, Embajador y Representante Permanente de Espa\u00f1a ante la OCDE\",\"breadcrumb\":{\"@id\":\"https:\/\/www.fundacionmicrofinanzasbbva.org\/revistaprogreso\/manuel-escudero\/#breadcrumb\"},\"inLanguage\":\"es\",\"potentialAction\":[{\"@type\":\"ReadAction\",\"target\":[\"https:\/\/www.fundacionmicrofinanzasbbva.org\/revistaprogreso\/manuel-escudero\/\"]}]},{\"@type\":\"ImageObject\",\"inLanguage\":\"es\",\"@id\":\"https:\/\/www.fundacionmicrofinanzasbbva.org\/revistaprogreso\/manuel-escudero\/#primaryimage\",\"url\":\"https:\/\/www.fundacionmicrofinanzasbbva.org\/revistaprogreso\/wp-content\/uploads\/2019\/06\/manuel-escudero.jpg\",\"contentUrl\":\"https:\/\/www.fundacionmicrofinanzasbbva.org\/revistaprogreso\/wp-content\/uploads\/2019\/06\/manuel-escudero.jpg\",\"width\":320,\"height\":280},{\"@type\":\"BreadcrumbList\",\"@id\":\"https:\/\/www.fundacionmicrofinanzasbbva.org\/revistaprogreso\/manuel-escudero\/#breadcrumb\",\"itemListElement\":[{\"@type\":\"ListItem\",\"position\":1,\"name\":\"Portada\",\"item\":\"https:\/\/www.fundacionmicrofinanzasbbva.org\/revistaprogreso\/\"},{\"@type\":\"ListItem\",\"position\":2,\"name\":\"Manuel Escudero, Embajador y Representante Permanente de Espa\u00f1a ante la OCDE\"}]},{\"@type\":\"WebSite\",\"@id\":\"https:\/\/www.fundacionmicrofinanzasbbva.org\/revistaprogreso\/#website\",\"url\":\"https:\/\/www.fundacionmicrofinanzasbbva.org\/revistaprogreso\/\",\"name\":\"Revista Progreso\",\"description\":\"Revista de Actualidad Jur\u00eddica\",\"publisher\":{\"@id\":\"https:\/\/www.fundacionmicrofinanzasbbva.org\/revistaprogreso\/#organization\"},\"alternateName\":\"Revista Progreso\",\"potentialAction\":[{\"@type\":\"SearchAction\",\"target\":{\"@type\":\"EntryPoint\",\"urlTemplate\":\"https:\/\/www.fundacionmicrofinanzasbbva.org\/revistaprogreso\/?s={search_term_string}\"},\"query-input\":{\"@type\":\"PropertyValueSpecification\",\"valueRequired\":true,\"valueName\":\"search_term_string\"}}],\"inLanguage\":\"es\"},{\"@type\":\"Organization\",\"@id\":\"https:\/\/www.fundacionmicrofinanzasbbva.org\/revistaprogreso\/#organization\",\"name\":\"Revista Progreso\",\"alternateName\":\"Revista Progreso\",\"url\":\"https:\/\/www.fundacionmicrofinanzasbbva.org\/revistaprogreso\/\",\"logo\":{\"@type\":\"ImageObject\",\"inLanguage\":\"es\",\"@id\":\"https:\/\/www.fundacionmicrofinanzasbbva.org\/revistaprogreso\/#\/schema\/logo\/image\/\",\"url\":\"https:\/\/www.fundacionmicrofinanzasbbva.org\/revistaprogreso\/wp-content\/uploads\/2023\/09\/Logo-FMBBVA-AZUL.png\",\"contentUrl\":\"https:\/\/www.fundacionmicrofinanzasbbva.org\/revistaprogreso\/wp-content\/uploads\/2023\/09\/Logo-FMBBVA-AZUL.png\",\"width\":6173,\"height\":1001,\"caption\":\"Revista Progreso\"},\"image\":{\"@id\":\"https:\/\/www.fundacionmicrofinanzasbbva.org\/revistaprogreso\/#\/schema\/logo\/image\/\"},\"sameAs\":[\"https:\/\/www.facebook.com\/fundacionmicrofinanzasbbva\",\"https:\/\/x.com\/FMBBVA\",\"https:\/\/www.linkedin.com\/company\/fundacin-microfinanzas-bbva\/\",\"https:\/\/www.instagram.com\/somosfmbbva\/\"]},{\"@type\":\"Person\",\"@id\":\"https:\/\/www.fundacionmicrofinanzasbbva.org\/revistaprogreso\/#\/schema\/person\/4a3fe64f7988998aa5e22913c8147baf\",\"name\":\"karessa Ramos\",\"image\":{\"@type\":\"ImageObject\",\"inLanguage\":\"es\",\"@id\":\"https:\/\/www.fundacionmicrofinanzasbbva.org\/revistaprogreso\/#\/schema\/person\/image\/\",\"url\":\"https:\/\/secure.gravatar.com\/avatar\/a2388109b4325a6fb9c892c3212e430cdc0835c8fc1c1a41f4cc2a3b175b81c5?s=96&d=mm&r=g\",\"contentUrl\":\"https:\/\/secure.gravatar.com\/avatar\/a2388109b4325a6fb9c892c3212e430cdc0835c8fc1c1a41f4cc2a3b175b81c5?s=96&d=mm&r=g\",\"caption\":\"karessa Ramos\"},\"url\":\"https:\/\/www.fundacionmicrofinanzasbbva.org\/revistaprogreso\/author\/karessa\/\"}]}<\/script>\n<!-- \/ Yoast SEO plugin. -->","yoast_head_json":{"title":"Manuel Escudero, Embajador y Representante Permanente de Espa\u00f1a ante la OCDE","description":"Manuel Escudero, Embajador y Representante Permanente de Espa\u00f1a ante la OCDE","robots":{"index":"index","follow":"follow","max-snippet":"max-snippet:-1","max-image-preview":"max-image-preview:large","max-video-preview":"max-video-preview:-1"},"canonical":"https:\/\/www.fundacionmicrofinanzasbbva.org\/revistaprogreso\/manuel-escudero\/","og_locale":"es_ES","og_type":"article","og_title":"Manuel Escudero, Embajador y Representante Permanente de Espa\u00f1a ante la OCDE","og_description":"Manuel Escudero, Embajador y Representante Permanente de Espa\u00f1a ante la OCDE","og_url":"https:\/\/www.fundacionmicrofinanzasbbva.org\/revistaprogreso\/manuel-escudero\/","og_site_name":"Progreso","article_publisher":"https:\/\/www.facebook.com\/fundacionmicrofinanzasbbva","article_published_time":"2019-06-18T09:54:19+00:00","article_modified_time":"2019-06-20T16:32:37+00:00","og_image":[{"width":320,"height":280,"url":"https:\/\/www.fundacionmicrofinanzasbbva.org\/revistaprogreso\/wp-content\/uploads\/2019\/06\/manuel-escudero.jpg","type":"image\/jpeg"}],"author":"karessa Ramos","twitter_card":"summary_large_image","twitter_creator":"@FMBBVA","twitter_site":"@FMBBVA","twitter_misc":{"Escrito por":"karessa Ramos","Tiempo de lectura":"5 minutos"},"schema":{"@context":"https:\/\/schema.org","@graph":[{"@type":"Article","@id":"https:\/\/www.fundacionmicrofinanzasbbva.org\/revistaprogreso\/manuel-escudero\/#article","isPartOf":{"@id":"https:\/\/www.fundacionmicrofinanzasbbva.org\/revistaprogreso\/manuel-escudero\/"},"author":{"name":"karessa Ramos","@id":"https:\/\/www.fundacionmicrofinanzasbbva.org\/revistaprogreso\/#\/schema\/person\/4a3fe64f7988998aa5e22913c8147baf"},"headline":"Manuel Escudero, Embajador y Representante Permanente de Espa\u00f1a ante la OCDE","datePublished":"2019-06-18T09:54:19+00:00","dateModified":"2019-06-20T16:32:37+00:00","mainEntityOfPage":{"@id":"https:\/\/www.fundacionmicrofinanzasbbva.org\/revistaprogreso\/manuel-escudero\/"},"wordCount":1034,"commentCount":0,"publisher":{"@id":"https:\/\/www.fundacionmicrofinanzasbbva.org\/revistaprogreso\/#organization"},"image":{"@id":"https:\/\/www.fundacionmicrofinanzasbbva.org\/revistaprogreso\/manuel-escudero\/#primaryimage"},"thumbnailUrl":"https:\/\/www.fundacionmicrofinanzasbbva.org\/revistaprogreso\/wp-content\/uploads\/2019\/06\/manuel-escudero.jpg","inLanguage":"es"},{"@type":"WebPage","@id":"https:\/\/www.fundacionmicrofinanzasbbva.org\/revistaprogreso\/manuel-escudero\/","url":"https:\/\/www.fundacionmicrofinanzasbbva.org\/revistaprogreso\/manuel-escudero\/","name":"Manuel Escudero, Embajador y Representante Permanente de Espa\u00f1a ante la OCDE","isPartOf":{"@id":"https:\/\/www.fundacionmicrofinanzasbbva.org\/revistaprogreso\/#website"},"primaryImageOfPage":{"@id":"https:\/\/www.fundacionmicrofinanzasbbva.org\/revistaprogreso\/manuel-escudero\/#primaryimage"},"image":{"@id":"https:\/\/www.fundacionmicrofinanzasbbva.org\/revistaprogreso\/manuel-escudero\/#primaryimage"},"thumbnailUrl":"https:\/\/www.fundacionmicrofinanzasbbva.org\/revistaprogreso\/wp-content\/uploads\/2019\/06\/manuel-escudero.jpg","datePublished":"2019-06-18T09:54:19+00:00","dateModified":"2019-06-20T16:32:37+00:00","description":"Manuel Escudero, Embajador y Representante Permanente de Espa\u00f1a ante la OCDE","breadcrumb":{"@id":"https:\/\/www.fundacionmicrofinanzasbbva.org\/revistaprogreso\/manuel-escudero\/#breadcrumb"},"inLanguage":"es","potentialAction":[{"@type":"ReadAction","target":["https:\/\/www.fundacionmicrofinanzasbbva.org\/revistaprogreso\/manuel-escudero\/"]}]},{"@type":"ImageObject","inLanguage":"es","@id":"https:\/\/www.fundacionmicrofinanzasbbva.org\/revistaprogreso\/manuel-escudero\/#primaryimage","url":"https:\/\/www.fundacionmicrofinanzasbbva.org\/revistaprogreso\/wp-content\/uploads\/2019\/06\/manuel-escudero.jpg","contentUrl":"https:\/\/www.fundacionmicrofinanzasbbva.org\/revistaprogreso\/wp-content\/uploads\/2019\/06\/manuel-escudero.jpg","width":320,"height":280},{"@type":"BreadcrumbList","@id":"https:\/\/www.fundacionmicrofinanzasbbva.org\/revistaprogreso\/manuel-escudero\/#breadcrumb","itemListElement":[{"@type":"ListItem","position":1,"name":"Portada","item":"https:\/\/www.fundacionmicrofinanzasbbva.org\/revistaprogreso\/"},{"@type":"ListItem","position":2,"name":"Manuel Escudero, Embajador y Representante Permanente de Espa\u00f1a ante la OCDE"}]},{"@type":"WebSite","@id":"https:\/\/www.fundacionmicrofinanzasbbva.org\/revistaprogreso\/#website","url":"https:\/\/www.fundacionmicrofinanzasbbva.org\/revistaprogreso\/","name":"Revista Progreso","description":"Revista de Actualidad Jur\u00eddica","publisher":{"@id":"https:\/\/www.fundacionmicrofinanzasbbva.org\/revistaprogreso\/#organization"},"alternateName":"Revista Progreso","potentialAction":[{"@type":"SearchAction","target":{"@type":"EntryPoint","urlTemplate":"https:\/\/www.fundacionmicrofinanzasbbva.org\/revistaprogreso\/?s={search_term_string}"},"query-input":{"@type":"PropertyValueSpecification","valueRequired":true,"valueName":"search_term_string"}}],"inLanguage":"es"},{"@type":"Organization","@id":"https:\/\/www.fundacionmicrofinanzasbbva.org\/revistaprogreso\/#organization","name":"Revista Progreso","alternateName":"Revista Progreso","url":"https:\/\/www.fundacionmicrofinanzasbbva.org\/revistaprogreso\/","logo":{"@type":"ImageObject","inLanguage":"es","@id":"https:\/\/www.fundacionmicrofinanzasbbva.org\/revistaprogreso\/#\/schema\/logo\/image\/","url":"https:\/\/www.fundacionmicrofinanzasbbva.org\/revistaprogreso\/wp-content\/uploads\/2023\/09\/Logo-FMBBVA-AZUL.png","contentUrl":"https:\/\/www.fundacionmicrofinanzasbbva.org\/revistaprogreso\/wp-content\/uploads\/2023\/09\/Logo-FMBBVA-AZUL.png","width":6173,"height":1001,"caption":"Revista Progreso"},"image":{"@id":"https:\/\/www.fundacionmicrofinanzasbbva.org\/revistaprogreso\/#\/schema\/logo\/image\/"},"sameAs":["https:\/\/www.facebook.com\/fundacionmicrofinanzasbbva","https:\/\/x.com\/FMBBVA","https:\/\/www.linkedin.com\/company\/fundacin-microfinanzas-bbva\/","https:\/\/www.instagram.com\/somosfmbbva\/"]},{"@type":"Person","@id":"https:\/\/www.fundacionmicrofinanzasbbva.org\/revistaprogreso\/#\/schema\/person\/4a3fe64f7988998aa5e22913c8147baf","name":"karessa Ramos","image":{"@type":"ImageObject","inLanguage":"es","@id":"https:\/\/www.fundacionmicrofinanzasbbva.org\/revistaprogreso\/#\/schema\/person\/image\/","url":"https:\/\/secure.gravatar.com\/avatar\/a2388109b4325a6fb9c892c3212e430cdc0835c8fc1c1a41f4cc2a3b175b81c5?s=96&d=mm&r=g","contentUrl":"https:\/\/secure.gravatar.com\/avatar\/a2388109b4325a6fb9c892c3212e430cdc0835c8fc1c1a41f4cc2a3b175b81c5?s=96&d=mm&r=g","caption":"karessa Ramos"},"url":"https:\/\/www.fundacionmicrofinanzasbbva.org\/revistaprogreso\/author\/karessa\/"}]}},"_links":{"self":[{"href":"https:\/\/www.fundacionmicrofinanzasbbva.org\/revistaprogreso\/wp-json\/wp\/v2\/posts\/14434","targetHints":{"allow":["GET"]}}],"collection":[{"href":"https:\/\/www.fundacionmicrofinanzasbbva.org\/revistaprogreso\/wp-json\/wp\/v2\/posts"}],"about":[{"href":"https:\/\/www.fundacionmicrofinanzasbbva.org\/revistaprogreso\/wp-json\/wp\/v2\/types\/post"}],"author":[{"embeddable":true,"href":"https:\/\/www.fundacionmicrofinanzasbbva.org\/revistaprogreso\/wp-json\/wp\/v2\/users\/30"}],"replies":[{"embeddable":true,"href":"https:\/\/www.fundacionmicrofinanzasbbva.org\/revistaprogreso\/wp-json\/wp\/v2\/comments?post=14434"}],"version-history":[{"count":0,"href":"https:\/\/www.fundacionmicrofinanzasbbva.org\/revistaprogreso\/wp-json\/wp\/v2\/posts\/14434\/revisions"}],"wp:featuredmedia":[{"embeddable":true,"href":"https:\/\/www.fundacionmicrofinanzasbbva.org\/revistaprogreso\/wp-json\/wp\/v2\/media\/14435"}],"wp:attachment":[{"href":"https:\/\/www.fundacionmicrofinanzasbbva.org\/revistaprogreso\/wp-json\/wp\/v2\/media?parent=14434"}],"wp:term":[{"taxonomy":"post_tag","embeddable":true,"href":"https:\/\/www.fundacionmicrofinanzasbbva.org\/revistaprogreso\/wp-json\/wp\/v2\/tags?post=14434"}],"curies":[{"name":"wp","href":"https:\/\/api.w.org\/{rel}","templated":true}]}}