{"id":14280,"date":"2019-05-30T17:09:42","date_gmt":"2019-05-30T17:09:42","guid":{"rendered":"http:\/\/www.progresomicrofinanzas.org\/?p=14280"},"modified":"2019-06-19T09:23:18","modified_gmt":"2019-06-19T09:23:18","slug":"decreto-ley-365-2018-de-cooperativas-agropecuarias","status":"publish","type":"post","link":"https:\/\/www.fundacionmicrofinanzasbbva.org\/revistaprogreso\/decreto-ley-365-2018-de-cooperativas-agropecuarias\/","title":{"rendered":"Ley de Cooperativas Agropecuarias"},"content":{"rendered":"<div class=\"pdfprnt-buttons pdfprnt-buttons-post pdfprnt-top-right\"><a href=\"https:\/\/www.fundacionmicrofinanzasbbva.org\/revistaprogreso\/wp-json\/wp\/v2\/posts\/14280?print=pdf\" class=\"pdfprnt-button pdfprnt-button-pdf\" target=\"_blank\"><img decoding=\"async\" src=\"https:\/\/www.fundacionmicrofinanzasbbva.org\/revistaprogreso\/wp-content\/plugins\/pdf-print\/images\/pdf.png\" alt=\"image_pdf\" title=\"Ver PDF\" \/><\/a><a href=\"https:\/\/www.fundacionmicrofinanzasbbva.org\/revistaprogreso\/wp-json\/wp\/v2\/posts\/14280?print=print\" class=\"pdfprnt-button pdfprnt-button-print\" target=\"_blank\"><img decoding=\"async\" src=\"https:\/\/www.fundacionmicrofinanzasbbva.org\/revistaprogreso\/wp-content\/plugins\/pdf-print\/images\/print.png\" alt=\"image_print\" title=\"Imprimir contenido\" \/><\/a><\/div><p>El pasado 24 de mayo se public\u00f3 en la Gaceta Oficial el Decreto-Ley 365\/2018 de cooperativas agropecuarias. Adem\u00e1s, este mismo bolet\u00edn inclu\u00eda el Decreto 354\/2018 que lo reglamenta y desarrolla.<\/p>\n<p>La norma, cuyo objetivo es establecer los principios generales sobre la constituci\u00f3n, funcionamiento, escisi\u00f3n, fusi\u00f3n y extinci\u00f3n de las cooperativas agropecuarias, regula los siguientes aspectos:<\/p>\n<h4><strong>Definici\u00f3n de Cooperativa agropecuaria<\/strong><\/h4>\n<p>De acuerdo con la norma una Cooperativa agropecuaria es una organizaci\u00f3n econ\u00f3mica y social que forma parte del sistema de producci\u00f3n agropecuaria y forestal que tiene por objeto la producci\u00f3n y comercializaci\u00f3n de bienes -fundamentalmente agropecuarios-, as\u00ed como la prestaci\u00f3n de servicios mediante la gesti\u00f3n colectiva para la satisfacci\u00f3n del inter\u00e9s social y el de los cooperativistas.<\/p>\n<h4><strong>Tipos de cooperativas agropecuarias<\/strong><\/h4>\n<p>El Decreto Ley distingue tres tipos de cooperativas:<\/p>\n<ol>\n<li>Unidad B\u00e1sica de Producci\u00f3n Cooperativa: formada por personas naturales que aportan su trabajo o los bienes que poseen, recibe la tierra en usufructo, y su patrimonio lo integran los bienes adquiridos por compraventa o cualquier otro t\u00edtulo, as\u00ed como los obtenidos con los procesos productivos que desarrolle.<\/li>\n<li>\u00a0Cooperativa de Producci\u00f3n Agropecuaria: constituida por agricultores peque\u00f1os que aportan tierra u otros bienes de su propiedad al patrimonio de la cooperativa que, una vez creada, puede recibir tierras en usufructo. Se integra, adem\u00e1s, por otras personas naturales que concluyan satisfactoriamente el per\u00edodo de prueba y sean admitidos por la asamblea general de la cooperativa.<\/li>\n<li>Cooperativa de Cr\u00e9ditos y Servicios: conformada por agricultores peque\u00f1os que mantienen la propiedad o usufructo de sus respectivas tierras y dem\u00e1s bienes, as\u00ed como de la producci\u00f3n que obtienen. Se compone, adem\u00e1s, por los familiares de los agricultores que est\u00e9n vinculados a la tierra, los apicultores sin tierra y los trabajadores contratados que sean aceptados como miembros por la asamblea general de la cooperativa. Tiene como funciones principales gestionar el acceso de sus cooperativistas a los cr\u00e9ditos bancarios, a los insumos y a los servicios que completan los ciclos tecnol\u00f3gicos; contratar y comercializar las producciones y servicios, as\u00ed como contribuir al desarrollo integral de la propia cooperativa y la comunidad donde est\u00e1 domiciliada.<\/li>\n<\/ol>\n<h4><strong>Principios rectores de las cooperativas agropecuarias <\/strong><\/h4>\n<p>La norma contiene los principios que han de regir el funcionamiento de las cooperativas agropecuarias: voluntariedad, cooperaci\u00f3n y ayuda mutua, autosostenibilidad econ\u00f3mica, disciplina cooperativista, indivisibilidad del patrimonio, igualdad de derechos de los cooperativistas, territorialidad y responsabilidad social, entre otros.<\/p>\n<h4><strong>Otros aspectos<u><br \/>\n<\/u><\/strong><\/h4>\n<p>El Decreto-Ley contempla adem\u00e1s el proceso de constituci\u00f3n de las cooperativas agropecuarias, las relaciones que mantienen con el Estado y otros entes p\u00fablicos; su r\u00e9gimen econ\u00f3mico; la situaci\u00f3n y r\u00e9gimen disciplinario de los cooperativistas y trabajadores contratados; adem\u00e1s de la fusi\u00f3n, escisi\u00f3n y extinci\u00f3n de las mismas.<\/p>\n<h4><strong>Reglamento de desarrollo: Decreto 354<\/strong><\/h4>\n<p>La norma que reglamenta el Decreto-Ley 365, desarrolla las cuestiones relativas a su constituci\u00f3n, funciones que desempe\u00f1a, r\u00e9gimen econ\u00f3mico o los deberes y derechos de los cooperativistas.<\/p>\n<p>Adicionalmente, contiene un cap\u00edtulo dedicado a la direcci\u00f3n de estas organizaciones. En este sentido, regula la elecci\u00f3n y funciones de la asamblea general, la junta directiva, la comisi\u00f3n de control y fiscalizaci\u00f3n, as\u00ed como las obligaciones y atribuciones del presidente de la cooperativa agropecuaria.<\/p>\n","protected":false},"excerpt":{"rendered":"<p>El pasado 24 de mayo se public\u00f3 en la Gaceta Oficial el Decreto-Ley 365\/2018 de cooperativas agropecuarias. Adem\u00e1s, este mismo bolet\u00edn inclu\u00eda el Decreto 354\/2018 que lo reglamenta y desarrolla. La norma, cuyo objetivo es establecer los principios generales sobre la constituci\u00f3n, funcionamiento, escisi\u00f3n, fusi\u00f3n y extinci\u00f3n de las cooperativas agropecuarias, regula los siguientes aspectos: [&hellip;]<\/p>\n","protected":false},"author":30,"featured_media":14299,"comment_status":"open","ping_status":"open","sticky":false,"template":"","format":"standard","meta":{"_acf_changed":false,"footnotes":""},"tags":[2148,245,4386,3513,4385,1389,313,3561,3560],"class_list":["post-14280","post","type-post","status-publish","format-standard","has-post-thumbnail","hentry","tag-acceso-a-tierra","tag-agropecuario","tag-asamblea-general","tag-cooperativas","tag-gestion-colectiva","tag-junta-directiva","tag-sector-agropecuario","tag-tierra","tag-usufructo","numero-19m","seccion-legislacion-normas-publicadas-microfinanzas","pais-cuba"],"acf":[],"yoast_head":"<!-- This site is optimized with the Yoast SEO plugin v26.8 - https:\/\/yoast.com\/product\/yoast-seo-wordpress\/ -->\n<title>Ley de Cooperativas Agropecuarias<\/title>\n<meta name=\"description\" content=\"El pasado 24 de mayo se public\u00f3 en la Gaceta Oficial el Decreto-Ley 365\/2018 de cooperativas agropecuarias y el Decreto 354\/2018 que lo reglamenta\" \/>\n<meta name=\"robots\" content=\"index, follow, max-snippet:-1, max-image-preview:large, max-video-preview:-1\" \/>\n<link rel=\"canonical\" href=\"https:\/\/www.fundacionmicrofinanzasbbva.org\/revistaprogreso\/decreto-ley-365-2018-de-cooperativas-agropecuarias\/\" \/>\n<meta property=\"og:locale\" content=\"es_ES\" \/>\n<meta property=\"og:type\" content=\"article\" \/>\n<meta property=\"og:title\" content=\"Ley de Cooperativas Agropecuarias\" \/>\n<meta property=\"og:description\" content=\"El pasado 24 de mayo se public\u00f3 en la Gaceta Oficial el Decreto-Ley 365\/2018 de cooperativas agropecuarias y el Decreto 354\/2018 que lo reglamenta\" \/>\n<meta property=\"og:url\" content=\"https:\/\/www.fundacionmicrofinanzasbbva.org\/revistaprogreso\/decreto-ley-365-2018-de-cooperativas-agropecuarias\/\" \/>\n<meta property=\"og:site_name\" content=\"Progreso\" \/>\n<meta property=\"article:publisher\" content=\"https:\/\/www.facebook.com\/fundacionmicrofinanzasbbva\" \/>\n<meta property=\"article:published_time\" content=\"2019-05-30T17:09:42+00:00\" \/>\n<meta property=\"article:modified_time\" content=\"2019-06-19T09:23:18+00:00\" \/>\n<meta property=\"og:image\" content=\"https:\/\/www.fundacionmicrofinanzasbbva.org\/revistaprogreso\/wp-content\/uploads\/2019\/05\/shutterstock_551089642bis.jpg\" \/>\n\t<meta property=\"og:image:width\" content=\"400\" \/>\n\t<meta property=\"og:image:height\" content=\"300\" \/>\n\t<meta property=\"og:image:type\" content=\"image\/jpeg\" \/>\n<meta name=\"author\" content=\"karessa Ramos\" \/>\n<meta name=\"twitter:card\" content=\"summary_large_image\" \/>\n<meta name=\"twitter:creator\" content=\"@FMBBVA\" \/>\n<meta name=\"twitter:site\" content=\"@FMBBVA\" \/>\n<meta name=\"twitter:label1\" content=\"Escrito por\" \/>\n\t<meta name=\"twitter:data1\" content=\"karessa Ramos\" \/>\n\t<meta name=\"twitter:label2\" content=\"Tiempo de lectura\" \/>\n\t<meta name=\"twitter:data2\" content=\"3 minutos\" \/>\n<script type=\"application\/ld+json\" class=\"yoast-schema-graph\">{\"@context\":\"https:\/\/schema.org\",\"@graph\":[{\"@type\":\"Article\",\"@id\":\"https:\/\/www.fundacionmicrofinanzasbbva.org\/revistaprogreso\/decreto-ley-365-2018-de-cooperativas-agropecuarias\/#article\",\"isPartOf\":{\"@id\":\"https:\/\/www.fundacionmicrofinanzasbbva.org\/revistaprogreso\/decreto-ley-365-2018-de-cooperativas-agropecuarias\/\"},\"author\":{\"name\":\"karessa Ramos\",\"@id\":\"https:\/\/www.fundacionmicrofinanzasbbva.org\/revistaprogreso\/#\/schema\/person\/4a3fe64f7988998aa5e22913c8147baf\"},\"headline\":\"Ley de Cooperativas Agropecuarias\",\"datePublished\":\"2019-05-30T17:09:42+00:00\",\"dateModified\":\"2019-06-19T09:23:18+00:00\",\"mainEntityOfPage\":{\"@id\":\"https:\/\/www.fundacionmicrofinanzasbbva.org\/revistaprogreso\/decreto-ley-365-2018-de-cooperativas-agropecuarias\/\"},\"wordCount\":566,\"commentCount\":0,\"publisher\":{\"@id\":\"https:\/\/www.fundacionmicrofinanzasbbva.org\/revistaprogreso\/#organization\"},\"image\":{\"@id\":\"https:\/\/www.fundacionmicrofinanzasbbva.org\/revistaprogreso\/decreto-ley-365-2018-de-cooperativas-agropecuarias\/#primaryimage\"},\"thumbnailUrl\":\"https:\/\/www.fundacionmicrofinanzasbbva.org\/revistaprogreso\/wp-content\/uploads\/2019\/05\/shutterstock_551089642bis.jpg\",\"keywords\":[\"acceso a tierra\",\"agropecuario\",\"asamblea general\",\"cooperativas\",\"gesti\u00f3n colectiva\",\"junta directiva\",\"sector agropecuario\",\"tierra\",\"usufructo\"],\"inLanguage\":\"es\"},{\"@type\":\"WebPage\",\"@id\":\"https:\/\/www.fundacionmicrofinanzasbbva.org\/revistaprogreso\/decreto-ley-365-2018-de-cooperativas-agropecuarias\/\",\"url\":\"https:\/\/www.fundacionmicrofinanzasbbva.org\/revistaprogreso\/decreto-ley-365-2018-de-cooperativas-agropecuarias\/\",\"name\":\"Ley de Cooperativas Agropecuarias\",\"isPartOf\":{\"@id\":\"https:\/\/www.fundacionmicrofinanzasbbva.org\/revistaprogreso\/#website\"},\"primaryImageOfPage\":{\"@id\":\"https:\/\/www.fundacionmicrofinanzasbbva.org\/revistaprogreso\/decreto-ley-365-2018-de-cooperativas-agropecuarias\/#primaryimage\"},\"image\":{\"@id\":\"https:\/\/www.fundacionmicrofinanzasbbva.org\/revistaprogreso\/decreto-ley-365-2018-de-cooperativas-agropecuarias\/#primaryimage\"},\"thumbnailUrl\":\"https:\/\/www.fundacionmicrofinanzasbbva.org\/revistaprogreso\/wp-content\/uploads\/2019\/05\/shutterstock_551089642bis.jpg\",\"datePublished\":\"2019-05-30T17:09:42+00:00\",\"dateModified\":\"2019-06-19T09:23:18+00:00\",\"description\":\"El pasado 24 de mayo se public\u00f3 en la Gaceta Oficial el Decreto-Ley 365\/2018 de cooperativas agropecuarias y el Decreto 354\/2018 que lo reglamenta\",\"breadcrumb\":{\"@id\":\"https:\/\/www.fundacionmicrofinanzasbbva.org\/revistaprogreso\/decreto-ley-365-2018-de-cooperativas-agropecuarias\/#breadcrumb\"},\"inLanguage\":\"es\",\"potentialAction\":[{\"@type\":\"ReadAction\",\"target\":[\"https:\/\/www.fundacionmicrofinanzasbbva.org\/revistaprogreso\/decreto-ley-365-2018-de-cooperativas-agropecuarias\/\"]}]},{\"@type\":\"ImageObject\",\"inLanguage\":\"es\",\"@id\":\"https:\/\/www.fundacionmicrofinanzasbbva.org\/revistaprogreso\/decreto-ley-365-2018-de-cooperativas-agropecuarias\/#primaryimage\",\"url\":\"https:\/\/www.fundacionmicrofinanzasbbva.org\/revistaprogreso\/wp-content\/uploads\/2019\/05\/shutterstock_551089642bis.jpg\",\"contentUrl\":\"https:\/\/www.fundacionmicrofinanzasbbva.org\/revistaprogreso\/wp-content\/uploads\/2019\/05\/shutterstock_551089642bis.jpg\",\"width\":400,\"height\":300},{\"@type\":\"BreadcrumbList\",\"@id\":\"https:\/\/www.fundacionmicrofinanzasbbva.org\/revistaprogreso\/decreto-ley-365-2018-de-cooperativas-agropecuarias\/#breadcrumb\",\"itemListElement\":[{\"@type\":\"ListItem\",\"position\":1,\"name\":\"Portada\",\"item\":\"https:\/\/www.fundacionmicrofinanzasbbva.org\/revistaprogreso\/\"},{\"@type\":\"ListItem\",\"position\":2,\"name\":\"Ley de Cooperativas Agropecuarias\"}]},{\"@type\":\"WebSite\",\"@id\":\"https:\/\/www.fundacionmicrofinanzasbbva.org\/revistaprogreso\/#website\",\"url\":\"https:\/\/www.fundacionmicrofinanzasbbva.org\/revistaprogreso\/\",\"name\":\"Revista Progreso\",\"description\":\"Revista de Actualidad Jur\u00eddica\",\"publisher\":{\"@id\":\"https:\/\/www.fundacionmicrofinanzasbbva.org\/revistaprogreso\/#organization\"},\"alternateName\":\"Revista Progreso\",\"potentialAction\":[{\"@type\":\"SearchAction\",\"target\":{\"@type\":\"EntryPoint\",\"urlTemplate\":\"https:\/\/www.fundacionmicrofinanzasbbva.org\/revistaprogreso\/?s={search_term_string}\"},\"query-input\":{\"@type\":\"PropertyValueSpecification\",\"valueRequired\":true,\"valueName\":\"search_term_string\"}}],\"inLanguage\":\"es\"},{\"@type\":\"Organization\",\"@id\":\"https:\/\/www.fundacionmicrofinanzasbbva.org\/revistaprogreso\/#organization\",\"name\":\"Revista Progreso\",\"alternateName\":\"Revista Progreso\",\"url\":\"https:\/\/www.fundacionmicrofinanzasbbva.org\/revistaprogreso\/\",\"logo\":{\"@type\":\"ImageObject\",\"inLanguage\":\"es\",\"@id\":\"https:\/\/www.fundacionmicrofinanzasbbva.org\/revistaprogreso\/#\/schema\/logo\/image\/\",\"url\":\"https:\/\/www.fundacionmicrofinanzasbbva.org\/revistaprogreso\/wp-content\/uploads\/2023\/09\/Logo-FMBBVA-AZUL.png\",\"contentUrl\":\"https:\/\/www.fundacionmicrofinanzasbbva.org\/revistaprogreso\/wp-content\/uploads\/2023\/09\/Logo-FMBBVA-AZUL.png\",\"width\":6173,\"height\":1001,\"caption\":\"Revista Progreso\"},\"image\":{\"@id\":\"https:\/\/www.fundacionmicrofinanzasbbva.org\/revistaprogreso\/#\/schema\/logo\/image\/\"},\"sameAs\":[\"https:\/\/www.facebook.com\/fundacionmicrofinanzasbbva\",\"https:\/\/x.com\/FMBBVA\",\"https:\/\/www.linkedin.com\/company\/fundacin-microfinanzas-bbva\/\",\"https:\/\/www.instagram.com\/somosfmbbva\/\"]},{\"@type\":\"Person\",\"@id\":\"https:\/\/www.fundacionmicrofinanzasbbva.org\/revistaprogreso\/#\/schema\/person\/4a3fe64f7988998aa5e22913c8147baf\",\"name\":\"karessa Ramos\",\"image\":{\"@type\":\"ImageObject\",\"inLanguage\":\"es\",\"@id\":\"https:\/\/www.fundacionmicrofinanzasbbva.org\/revistaprogreso\/#\/schema\/person\/image\/\",\"url\":\"https:\/\/secure.gravatar.com\/avatar\/a2388109b4325a6fb9c892c3212e430cdc0835c8fc1c1a41f4cc2a3b175b81c5?s=96&d=mm&r=g\",\"contentUrl\":\"https:\/\/secure.gravatar.com\/avatar\/a2388109b4325a6fb9c892c3212e430cdc0835c8fc1c1a41f4cc2a3b175b81c5?s=96&d=mm&r=g\",\"caption\":\"karessa Ramos\"},\"url\":\"https:\/\/www.fundacionmicrofinanzasbbva.org\/revistaprogreso\/author\/karessa\/\"}]}<\/script>\n<!-- \/ Yoast SEO plugin. -->","yoast_head_json":{"title":"Ley de Cooperativas Agropecuarias","description":"El pasado 24 de mayo se public\u00f3 en la Gaceta Oficial el Decreto-Ley 365\/2018 de cooperativas agropecuarias y el Decreto 354\/2018 que lo reglamenta","robots":{"index":"index","follow":"follow","max-snippet":"max-snippet:-1","max-image-preview":"max-image-preview:large","max-video-preview":"max-video-preview:-1"},"canonical":"https:\/\/www.fundacionmicrofinanzasbbva.org\/revistaprogreso\/decreto-ley-365-2018-de-cooperativas-agropecuarias\/","og_locale":"es_ES","og_type":"article","og_title":"Ley de Cooperativas Agropecuarias","og_description":"El pasado 24 de mayo se public\u00f3 en la Gaceta Oficial el Decreto-Ley 365\/2018 de cooperativas agropecuarias y el Decreto 354\/2018 que lo reglamenta","og_url":"https:\/\/www.fundacionmicrofinanzasbbva.org\/revistaprogreso\/decreto-ley-365-2018-de-cooperativas-agropecuarias\/","og_site_name":"Progreso","article_publisher":"https:\/\/www.facebook.com\/fundacionmicrofinanzasbbva","article_published_time":"2019-05-30T17:09:42+00:00","article_modified_time":"2019-06-19T09:23:18+00:00","og_image":[{"width":400,"height":300,"url":"https:\/\/www.fundacionmicrofinanzasbbva.org\/revistaprogreso\/wp-content\/uploads\/2019\/05\/shutterstock_551089642bis.jpg","type":"image\/jpeg"}],"author":"karessa Ramos","twitter_card":"summary_large_image","twitter_creator":"@FMBBVA","twitter_site":"@FMBBVA","twitter_misc":{"Escrito por":"karessa Ramos","Tiempo de lectura":"3 minutos"},"schema":{"@context":"https:\/\/schema.org","@graph":[{"@type":"Article","@id":"https:\/\/www.fundacionmicrofinanzasbbva.org\/revistaprogreso\/decreto-ley-365-2018-de-cooperativas-agropecuarias\/#article","isPartOf":{"@id":"https:\/\/www.fundacionmicrofinanzasbbva.org\/revistaprogreso\/decreto-ley-365-2018-de-cooperativas-agropecuarias\/"},"author":{"name":"karessa Ramos","@id":"https:\/\/www.fundacionmicrofinanzasbbva.org\/revistaprogreso\/#\/schema\/person\/4a3fe64f7988998aa5e22913c8147baf"},"headline":"Ley de Cooperativas Agropecuarias","datePublished":"2019-05-30T17:09:42+00:00","dateModified":"2019-06-19T09:23:18+00:00","mainEntityOfPage":{"@id":"https:\/\/www.fundacionmicrofinanzasbbva.org\/revistaprogreso\/decreto-ley-365-2018-de-cooperativas-agropecuarias\/"},"wordCount":566,"commentCount":0,"publisher":{"@id":"https:\/\/www.fundacionmicrofinanzasbbva.org\/revistaprogreso\/#organization"},"image":{"@id":"https:\/\/www.fundacionmicrofinanzasbbva.org\/revistaprogreso\/decreto-ley-365-2018-de-cooperativas-agropecuarias\/#primaryimage"},"thumbnailUrl":"https:\/\/www.fundacionmicrofinanzasbbva.org\/revistaprogreso\/wp-content\/uploads\/2019\/05\/shutterstock_551089642bis.jpg","keywords":["acceso a tierra","agropecuario","asamblea general","cooperativas","gesti\u00f3n colectiva","junta directiva","sector agropecuario","tierra","usufructo"],"inLanguage":"es"},{"@type":"WebPage","@id":"https:\/\/www.fundacionmicrofinanzasbbva.org\/revistaprogreso\/decreto-ley-365-2018-de-cooperativas-agropecuarias\/","url":"https:\/\/www.fundacionmicrofinanzasbbva.org\/revistaprogreso\/decreto-ley-365-2018-de-cooperativas-agropecuarias\/","name":"Ley de Cooperativas Agropecuarias","isPartOf":{"@id":"https:\/\/www.fundacionmicrofinanzasbbva.org\/revistaprogreso\/#website"},"primaryImageOfPage":{"@id":"https:\/\/www.fundacionmicrofinanzasbbva.org\/revistaprogreso\/decreto-ley-365-2018-de-cooperativas-agropecuarias\/#primaryimage"},"image":{"@id":"https:\/\/www.fundacionmicrofinanzasbbva.org\/revistaprogreso\/decreto-ley-365-2018-de-cooperativas-agropecuarias\/#primaryimage"},"thumbnailUrl":"https:\/\/www.fundacionmicrofinanzasbbva.org\/revistaprogreso\/wp-content\/uploads\/2019\/05\/shutterstock_551089642bis.jpg","datePublished":"2019-05-30T17:09:42+00:00","dateModified":"2019-06-19T09:23:18+00:00","description":"El pasado 24 de mayo se public\u00f3 en la Gaceta Oficial el Decreto-Ley 365\/2018 de cooperativas agropecuarias y el Decreto 354\/2018 que lo reglamenta","breadcrumb":{"@id":"https:\/\/www.fundacionmicrofinanzasbbva.org\/revistaprogreso\/decreto-ley-365-2018-de-cooperativas-agropecuarias\/#breadcrumb"},"inLanguage":"es","potentialAction":[{"@type":"ReadAction","target":["https:\/\/www.fundacionmicrofinanzasbbva.org\/revistaprogreso\/decreto-ley-365-2018-de-cooperativas-agropecuarias\/"]}]},{"@type":"ImageObject","inLanguage":"es","@id":"https:\/\/www.fundacionmicrofinanzasbbva.org\/revistaprogreso\/decreto-ley-365-2018-de-cooperativas-agropecuarias\/#primaryimage","url":"https:\/\/www.fundacionmicrofinanzasbbva.org\/revistaprogreso\/wp-content\/uploads\/2019\/05\/shutterstock_551089642bis.jpg","contentUrl":"https:\/\/www.fundacionmicrofinanzasbbva.org\/revistaprogreso\/wp-content\/uploads\/2019\/05\/shutterstock_551089642bis.jpg","width":400,"height":300},{"@type":"BreadcrumbList","@id":"https:\/\/www.fundacionmicrofinanzasbbva.org\/revistaprogreso\/decreto-ley-365-2018-de-cooperativas-agropecuarias\/#breadcrumb","itemListElement":[{"@type":"ListItem","position":1,"name":"Portada","item":"https:\/\/www.fundacionmicrofinanzasbbva.org\/revistaprogreso\/"},{"@type":"ListItem","position":2,"name":"Ley de Cooperativas Agropecuarias"}]},{"@type":"WebSite","@id":"https:\/\/www.fundacionmicrofinanzasbbva.org\/revistaprogreso\/#website","url":"https:\/\/www.fundacionmicrofinanzasbbva.org\/revistaprogreso\/","name":"Revista Progreso","description":"Revista de Actualidad Jur\u00eddica","publisher":{"@id":"https:\/\/www.fundacionmicrofinanzasbbva.org\/revistaprogreso\/#organization"},"alternateName":"Revista Progreso","potentialAction":[{"@type":"SearchAction","target":{"@type":"EntryPoint","urlTemplate":"https:\/\/www.fundacionmicrofinanzasbbva.org\/revistaprogreso\/?s={search_term_string}"},"query-input":{"@type":"PropertyValueSpecification","valueRequired":true,"valueName":"search_term_string"}}],"inLanguage":"es"},{"@type":"Organization","@id":"https:\/\/www.fundacionmicrofinanzasbbva.org\/revistaprogreso\/#organization","name":"Revista Progreso","alternateName":"Revista Progreso","url":"https:\/\/www.fundacionmicrofinanzasbbva.org\/revistaprogreso\/","logo":{"@type":"ImageObject","inLanguage":"es","@id":"https:\/\/www.fundacionmicrofinanzasbbva.org\/revistaprogreso\/#\/schema\/logo\/image\/","url":"https:\/\/www.fundacionmicrofinanzasbbva.org\/revistaprogreso\/wp-content\/uploads\/2023\/09\/Logo-FMBBVA-AZUL.png","contentUrl":"https:\/\/www.fundacionmicrofinanzasbbva.org\/revistaprogreso\/wp-content\/uploads\/2023\/09\/Logo-FMBBVA-AZUL.png","width":6173,"height":1001,"caption":"Revista Progreso"},"image":{"@id":"https:\/\/www.fundacionmicrofinanzasbbva.org\/revistaprogreso\/#\/schema\/logo\/image\/"},"sameAs":["https:\/\/www.facebook.com\/fundacionmicrofinanzasbbva","https:\/\/x.com\/FMBBVA","https:\/\/www.linkedin.com\/company\/fundacin-microfinanzas-bbva\/","https:\/\/www.instagram.com\/somosfmbbva\/"]},{"@type":"Person","@id":"https:\/\/www.fundacionmicrofinanzasbbva.org\/revistaprogreso\/#\/schema\/person\/4a3fe64f7988998aa5e22913c8147baf","name":"karessa Ramos","image":{"@type":"ImageObject","inLanguage":"es","@id":"https:\/\/www.fundacionmicrofinanzasbbva.org\/revistaprogreso\/#\/schema\/person\/image\/","url":"https:\/\/secure.gravatar.com\/avatar\/a2388109b4325a6fb9c892c3212e430cdc0835c8fc1c1a41f4cc2a3b175b81c5?s=96&d=mm&r=g","contentUrl":"https:\/\/secure.gravatar.com\/avatar\/a2388109b4325a6fb9c892c3212e430cdc0835c8fc1c1a41f4cc2a3b175b81c5?s=96&d=mm&r=g","caption":"karessa Ramos"},"url":"https:\/\/www.fundacionmicrofinanzasbbva.org\/revistaprogreso\/author\/karessa\/"}]}},"_links":{"self":[{"href":"https:\/\/www.fundacionmicrofinanzasbbva.org\/revistaprogreso\/wp-json\/wp\/v2\/posts\/14280","targetHints":{"allow":["GET"]}}],"collection":[{"href":"https:\/\/www.fundacionmicrofinanzasbbva.org\/revistaprogreso\/wp-json\/wp\/v2\/posts"}],"about":[{"href":"https:\/\/www.fundacionmicrofinanzasbbva.org\/revistaprogreso\/wp-json\/wp\/v2\/types\/post"}],"author":[{"embeddable":true,"href":"https:\/\/www.fundacionmicrofinanzasbbva.org\/revistaprogreso\/wp-json\/wp\/v2\/users\/30"}],"replies":[{"embeddable":true,"href":"https:\/\/www.fundacionmicrofinanzasbbva.org\/revistaprogreso\/wp-json\/wp\/v2\/comments?post=14280"}],"version-history":[{"count":0,"href":"https:\/\/www.fundacionmicrofinanzasbbva.org\/revistaprogreso\/wp-json\/wp\/v2\/posts\/14280\/revisions"}],"wp:featuredmedia":[{"embeddable":true,"href":"https:\/\/www.fundacionmicrofinanzasbbva.org\/revistaprogreso\/wp-json\/wp\/v2\/media\/14299"}],"wp:attachment":[{"href":"https:\/\/www.fundacionmicrofinanzasbbva.org\/revistaprogreso\/wp-json\/wp\/v2\/media?parent=14280"}],"wp:term":[{"taxonomy":"post_tag","embeddable":true,"href":"https:\/\/www.fundacionmicrofinanzasbbva.org\/revistaprogreso\/wp-json\/wp\/v2\/tags?post=14280"}],"curies":[{"name":"wp","href":"https:\/\/api.w.org\/{rel}","templated":true}]}}