{"id":14091,"date":"2019-05-09T15:12:01","date_gmt":"2019-05-09T15:12:01","guid":{"rendered":"http:\/\/www.progresomicrofinanzas.org\/?p=14091"},"modified":"2019-06-13T09:06:30","modified_gmt":"2019-06-13T09:06:30","slug":"avanza-la-aprobacion-proyectos-modificaran-la-ley-habeas-data","status":"publish","type":"post","link":"https:\/\/www.fundacionmicrofinanzasbbva.org\/revistaprogreso\/avanza-la-aprobacion-proyectos-modificaran-la-ley-habeas-data\/","title":{"rendered":"Avanza la aprobaci\u00f3n de proyectos que modificar\u00e1n la ley de habeas data"},"content":{"rendered":"<div class=\"pdfprnt-buttons pdfprnt-buttons-post pdfprnt-top-right\"><a href=\"https:\/\/www.fundacionmicrofinanzasbbva.org\/revistaprogreso\/wp-json\/wp\/v2\/posts\/14091?print=pdf\" class=\"pdfprnt-button pdfprnt-button-pdf\" target=\"_blank\"><img decoding=\"async\" src=\"https:\/\/www.fundacionmicrofinanzasbbva.org\/revistaprogreso\/wp-content\/plugins\/pdf-print\/images\/pdf.png\" alt=\"image_pdf\" title=\"Ver PDF\" \/><\/a><a href=\"https:\/\/www.fundacionmicrofinanzasbbva.org\/revistaprogreso\/wp-json\/wp\/v2\/posts\/14091?print=print\" class=\"pdfprnt-button pdfprnt-button-print\" target=\"_blank\"><img decoding=\"async\" src=\"https:\/\/www.fundacionmicrofinanzasbbva.org\/revistaprogreso\/wp-content\/plugins\/pdf-print\/images\/print.png\" alt=\"image_print\" title=\"Imprimir contenido\" \/><\/a><\/div><p>Actualmente se encuentra en tr\u00e1mite de aprobaci\u00f3n en el Congreso el <strong>proyecto de ley 324 de 2018<\/strong> por medio del cual se busca modificar la Ley de Habeas Data Financiero expedida en 2008, la cual tiene por objeto desarrollar el derecho constitucional que tienen todas las personas a conocer, actualizar y rectificar las informaciones que se hayan recogido sobre ellas en bancos de datos, particularmente informaci\u00f3n financiera y crediticia, comercial, de servicios.<\/p>\n<p><b>Alivio a peque\u00f1os productores, j\u00f3venes y mujeres rurales<\/b><\/p>\n<p>En concreto, con dicho proyecto se promueve un alivio para los peque\u00f1os productores, j\u00f3venes y mujeres rurales que han sido reportados ante centrales de informaci\u00f3n pero que actualmente ya se encuentran al d\u00eda en sus obligaciones con el sector financiero, despu\u00e9s de haber sido beneficiarios de los cr\u00e9ditos agropecuarios seg\u00fan la clasificaci\u00f3n del Fondo para el Financiamiento Agropecuario (FINAGRO), estableciendo el t\u00e9rmino de permanencia de la informaci\u00f3n de los datos negativos de estos beneficiarios en un mes, contado a partir de la fecha en que sean pagadas las cuotas vencidas o sea pagada la obligaci\u00f3n vencida.<\/p>\n<p><b>Ley de habeas data financiero<\/b><\/p>\n<p>El pasado 26 de marzo se aprob\u00f3 en Segundo Debate el texto del <strong>proyecto de ley 053-2018S<\/strong> que busca la modificaci\u00f3n de la Ley que regula el derecho de Habeas Data de informaci\u00f3n financiera, proyecto que hab\u00eda sido comentado en<a href=\"http:\/\/progresomicrofinanzas.org\/fortalecimiento-la-ley-habeas-data-financiero\/\"> Progreso 18<\/a>.<\/p>\n<p>El texto aprobado en esta ocasi\u00f3n present\u00f3 algunas modificaciones frente al texto anterior, espec\u00edficamente respecto a la obligaci\u00f3n de actualizar la calificaci\u00f3n interna del cliente de manera simult\u00e1nea al retiro del dato negativo o la cesaci\u00f3n del incumplimiento. Sin embargo, es importante recordar que el proyecto normativo actualmente contin\u00faa su tr\u00e1mite de aprobaci\u00f3n en la C\u00e1mara de Representantes del Congreso de Colombia, por lo que puede ser objeto de modificaciones en los pr\u00f3ximos debates.<\/p>\n<p>A continuaci\u00f3n realizamos un resumen de los aspectos m\u00e1s relevantes de la norma:<\/p>\n<ul>\n<li>El t\u00e9rmino m\u00e1ximo de permanencia del dato negativo ser\u00e1 de 2 a\u00f1os, contados a partir del pago de las cuotas vencidas o de la extinci\u00f3n de la obligaci\u00f3n.<\/li>\n<li>El reporte negativo de obligaciones menores al 20% de 1 SMLMV (47\u20ac) s\u00f3lo procede con dos notificaciones previas al titular.<\/li>\n<li>Se proceder\u00e1 a la actualizaci\u00f3n de calificaci\u00f3n interna de forma simult\u00e1nea con retiro de dato negativo o la cesaci\u00f3n del incumplimiento.<\/li>\n<li>El dato negativo caducar\u00e1 a los 5 a\u00f1os, contados desde la entrada en mora o inmediatamente al terminar el proceso judicial.<\/li>\n<li>La consulta de la informaci\u00f3n por parte del titular ser\u00e1 siempre gratuita y no disminuir\u00e1 calificaci\u00f3n.<\/li>\n<li>La Fuente de informaci\u00f3n tendr\u00e1 la obligaci\u00f3n de reportar el dato negativo a m\u00e1s tardar en 18 meses desde que se hizo exigible la obligaci\u00f3n del titular.<\/li>\n<li>Si el dato se reporta sin haber notificado previamente al titular se deber\u00e1 retirar y cumplir con la notificaci\u00f3n.<\/li>\n<li>No podr\u00e1 consultarse la informaci\u00f3n con fines de toma de decisiones laborales.<\/li>\n<\/ul>\n<p>La norma establece un periodo de transici\u00f3n, en el cual:<\/p>\n<ul>\n<li>Los titulares que paguen dentro de los 6 meses siguientes a la expedici\u00f3n de la ley, permanecer\u00e1n reportados solamente durante 6 meses.<\/li>\n<li>Para los titulares cuya informaci\u00f3n haya permanecido por lo menos 6 meses desde la extinci\u00f3n de su obligaci\u00f3n se deber\u00e1 eliminar inmediatamente del dato.<\/li>\n<li>Los titulares que no han cumplido los 6 meses, seguir\u00e1n reportados por el tiempo que falte para cumplir los 6 meses.<\/li>\n<\/ul>\n<p>Adem\u00e1s, es importante recordar que tambi\u00e9n se encuentran en tr\u00e1mite de aprobaci\u00f3n en el Congreso de Colombia el <strong>proyecto de ley 350 de 2019<\/strong> radicado recientemente ante el Senado, con el cual se pretende establecer que los reportes de informaci\u00f3n negativa sobre incumplimiento de obligaciones no procedan cuando el saldo de la obligaci\u00f3n sea inferior a dos salarios m\u00ednimos diarios legales vigentes de Colombia (15\u20ac aprox.).<\/p>\n","protected":false},"excerpt":{"rendered":"<p>Actualmente se encuentra en tr\u00e1mite de aprobaci\u00f3n en el Congreso el proyecto de ley 324 de 2018 por medio del cual se busca modificar la Ley de Habeas Data Financiero expedida en 2008, la cual tiene por objeto desarrollar el derecho constitucional que tienen todas las personas a conocer, actualizar y rectificar las informaciones que [&hellip;]<\/p>\n","protected":false},"author":30,"featured_media":14134,"comment_status":"open","ping_status":"open","sticky":false,"template":"","format":"standard","meta":{"_acf_changed":false,"footnotes":""},"tags":[4354,2715,4352,211,4353,208,1440,4124,4350,4128,4349,837,4351],"class_list":["post-14091","post","type-post","status-publish","format-standard","has-post-thumbnail","hentry","tag-bancos-de-datos","tag-calificacion","tag-camara","tag-camara-de-representantes","tag-centrales-de-informacion","tag-colombia","tag-dato-negativo","tag-habeas-data-financiero","tag-ley-1266-de-2008","tag-proyecto-de-ley-no-053-de-2018","tag-proyecto-de-ley-no-324-de-2018","tag-reporte","tag-senado","numero-19m","seccion-legislacion-normas-publicadas-gobierno-corporativo","pais-colombia"],"acf":[],"yoast_head":"<!-- This site is optimized with the Yoast SEO plugin v26.8 - https:\/\/yoast.com\/product\/yoast-seo-wordpress\/ -->\n<title>Avanza la aprobaci\u00f3n de proyectos que modificar\u00e1n la ley de habeas data<\/title>\n<meta name=\"description\" content=\"Proyectos de ley buscan modificar la ley de habeas data financiera para aliviar a peque\u00f1os productores, j\u00f3venes y mujeres rurales que han sido reportados\" \/>\n<meta name=\"robots\" content=\"index, follow, max-snippet:-1, max-image-preview:large, max-video-preview:-1\" \/>\n<link rel=\"canonical\" href=\"https:\/\/www.fundacionmicrofinanzasbbva.org\/revistaprogreso\/avanza-la-aprobacion-proyectos-modificaran-la-ley-habeas-data\/\" \/>\n<meta property=\"og:locale\" content=\"es_ES\" \/>\n<meta property=\"og:type\" content=\"article\" \/>\n<meta property=\"og:title\" content=\"Avanza la aprobaci\u00f3n de proyectos que modificar\u00e1n la ley de habeas data\" \/>\n<meta property=\"og:description\" content=\"Proyectos de ley buscan modificar la ley de habeas data financiera para aliviar a peque\u00f1os productores, j\u00f3venes y mujeres rurales que han sido reportados\" \/>\n<meta property=\"og:url\" content=\"https:\/\/www.fundacionmicrofinanzasbbva.org\/revistaprogreso\/avanza-la-aprobacion-proyectos-modificaran-la-ley-habeas-data\/\" \/>\n<meta property=\"og:site_name\" content=\"Progreso\" \/>\n<meta property=\"article:publisher\" content=\"https:\/\/www.facebook.com\/fundacionmicrofinanzasbbva\" \/>\n<meta property=\"article:published_time\" content=\"2019-05-09T15:12:01+00:00\" \/>\n<meta property=\"article:modified_time\" content=\"2019-06-13T09:06:30+00:00\" \/>\n<meta property=\"og:image\" content=\"https:\/\/www.fundacionmicrofinanzasbbva.org\/revistaprogreso\/wp-content\/uploads\/2019\/05\/Habeas-data.jpg\" \/>\n\t<meta property=\"og:image:width\" content=\"400\" \/>\n\t<meta property=\"og:image:height\" content=\"300\" \/>\n\t<meta property=\"og:image:type\" content=\"image\/jpeg\" \/>\n<meta name=\"author\" content=\"karessa Ramos\" \/>\n<meta name=\"twitter:card\" content=\"summary_large_image\" \/>\n<meta name=\"twitter:creator\" content=\"@FMBBVA\" \/>\n<meta name=\"twitter:site\" content=\"@FMBBVA\" \/>\n<meta name=\"twitter:label1\" content=\"Escrito por\" \/>\n\t<meta name=\"twitter:data1\" content=\"karessa Ramos\" \/>\n\t<meta name=\"twitter:label2\" content=\"Tiempo de lectura\" \/>\n\t<meta name=\"twitter:data2\" content=\"3 minutos\" \/>\n<script type=\"application\/ld+json\" class=\"yoast-schema-graph\">{\"@context\":\"https:\/\/schema.org\",\"@graph\":[{\"@type\":\"Article\",\"@id\":\"https:\/\/www.fundacionmicrofinanzasbbva.org\/revistaprogreso\/avanza-la-aprobacion-proyectos-modificaran-la-ley-habeas-data\/#article\",\"isPartOf\":{\"@id\":\"https:\/\/www.fundacionmicrofinanzasbbva.org\/revistaprogreso\/avanza-la-aprobacion-proyectos-modificaran-la-ley-habeas-data\/\"},\"author\":{\"name\":\"karessa Ramos\",\"@id\":\"https:\/\/www.fundacionmicrofinanzasbbva.org\/revistaprogreso\/#\/schema\/person\/4a3fe64f7988998aa5e22913c8147baf\"},\"headline\":\"Avanza la aprobaci\u00f3n de proyectos que modificar\u00e1n la ley de habeas data\",\"datePublished\":\"2019-05-09T15:12:01+00:00\",\"dateModified\":\"2019-06-13T09:06:30+00:00\",\"mainEntityOfPage\":{\"@id\":\"https:\/\/www.fundacionmicrofinanzasbbva.org\/revistaprogreso\/avanza-la-aprobacion-proyectos-modificaran-la-ley-habeas-data\/\"},\"wordCount\":678,\"commentCount\":0,\"publisher\":{\"@id\":\"https:\/\/www.fundacionmicrofinanzasbbva.org\/revistaprogreso\/#organization\"},\"image\":{\"@id\":\"https:\/\/www.fundacionmicrofinanzasbbva.org\/revistaprogreso\/avanza-la-aprobacion-proyectos-modificaran-la-ley-habeas-data\/#primaryimage\"},\"thumbnailUrl\":\"https:\/\/www.fundacionmicrofinanzasbbva.org\/revistaprogreso\/wp-content\/uploads\/2019\/05\/Habeas-data.jpg\",\"keywords\":[\"bancos de datos\",\"calificaci\u00f3n\",\"c\u00e1mara\",\"C\u00e1mara de Representantes\",\"centrales de informaci\u00f3n\",\"Colombia\",\"dato negativo\",\"habeas data financiero\",\"ley 1266 de 2008\",\"Proyecto de Ley No. 053 de 2018\",\"proyecto de ley no. 324 de 2018\",\"reporte\",\"senado\"],\"inLanguage\":\"es\"},{\"@type\":\"WebPage\",\"@id\":\"https:\/\/www.fundacionmicrofinanzasbbva.org\/revistaprogreso\/avanza-la-aprobacion-proyectos-modificaran-la-ley-habeas-data\/\",\"url\":\"https:\/\/www.fundacionmicrofinanzasbbva.org\/revistaprogreso\/avanza-la-aprobacion-proyectos-modificaran-la-ley-habeas-data\/\",\"name\":\"Avanza la aprobaci\u00f3n de proyectos que modificar\u00e1n la ley de habeas data\",\"isPartOf\":{\"@id\":\"https:\/\/www.fundacionmicrofinanzasbbva.org\/revistaprogreso\/#website\"},\"primaryImageOfPage\":{\"@id\":\"https:\/\/www.fundacionmicrofinanzasbbva.org\/revistaprogreso\/avanza-la-aprobacion-proyectos-modificaran-la-ley-habeas-data\/#primaryimage\"},\"image\":{\"@id\":\"https:\/\/www.fundacionmicrofinanzasbbva.org\/revistaprogreso\/avanza-la-aprobacion-proyectos-modificaran-la-ley-habeas-data\/#primaryimage\"},\"thumbnailUrl\":\"https:\/\/www.fundacionmicrofinanzasbbva.org\/revistaprogreso\/wp-content\/uploads\/2019\/05\/Habeas-data.jpg\",\"datePublished\":\"2019-05-09T15:12:01+00:00\",\"dateModified\":\"2019-06-13T09:06:30+00:00\",\"description\":\"Proyectos de ley buscan modificar la ley de habeas data financiera para aliviar a peque\u00f1os productores, j\u00f3venes y mujeres rurales que han sido reportados\",\"breadcrumb\":{\"@id\":\"https:\/\/www.fundacionmicrofinanzasbbva.org\/revistaprogreso\/avanza-la-aprobacion-proyectos-modificaran-la-ley-habeas-data\/#breadcrumb\"},\"inLanguage\":\"es\",\"potentialAction\":[{\"@type\":\"ReadAction\",\"target\":[\"https:\/\/www.fundacionmicrofinanzasbbva.org\/revistaprogreso\/avanza-la-aprobacion-proyectos-modificaran-la-ley-habeas-data\/\"]}]},{\"@type\":\"ImageObject\",\"inLanguage\":\"es\",\"@id\":\"https:\/\/www.fundacionmicrofinanzasbbva.org\/revistaprogreso\/avanza-la-aprobacion-proyectos-modificaran-la-ley-habeas-data\/#primaryimage\",\"url\":\"https:\/\/www.fundacionmicrofinanzasbbva.org\/revistaprogreso\/wp-content\/uploads\/2019\/05\/Habeas-data.jpg\",\"contentUrl\":\"https:\/\/www.fundacionmicrofinanzasbbva.org\/revistaprogreso\/wp-content\/uploads\/2019\/05\/Habeas-data.jpg\",\"width\":400,\"height\":300},{\"@type\":\"BreadcrumbList\",\"@id\":\"https:\/\/www.fundacionmicrofinanzasbbva.org\/revistaprogreso\/avanza-la-aprobacion-proyectos-modificaran-la-ley-habeas-data\/#breadcrumb\",\"itemListElement\":[{\"@type\":\"ListItem\",\"position\":1,\"name\":\"Portada\",\"item\":\"https:\/\/www.fundacionmicrofinanzasbbva.org\/revistaprogreso\/\"},{\"@type\":\"ListItem\",\"position\":2,\"name\":\"Avanza la aprobaci\u00f3n de proyectos que modificar\u00e1n la ley de habeas data\"}]},{\"@type\":\"WebSite\",\"@id\":\"https:\/\/www.fundacionmicrofinanzasbbva.org\/revistaprogreso\/#website\",\"url\":\"https:\/\/www.fundacionmicrofinanzasbbva.org\/revistaprogreso\/\",\"name\":\"Revista Progreso\",\"description\":\"Revista de Actualidad Jur\u00eddica\",\"publisher\":{\"@id\":\"https:\/\/www.fundacionmicrofinanzasbbva.org\/revistaprogreso\/#organization\"},\"alternateName\":\"Revista Progreso\",\"potentialAction\":[{\"@type\":\"SearchAction\",\"target\":{\"@type\":\"EntryPoint\",\"urlTemplate\":\"https:\/\/www.fundacionmicrofinanzasbbva.org\/revistaprogreso\/?s={search_term_string}\"},\"query-input\":{\"@type\":\"PropertyValueSpecification\",\"valueRequired\":true,\"valueName\":\"search_term_string\"}}],\"inLanguage\":\"es\"},{\"@type\":\"Organization\",\"@id\":\"https:\/\/www.fundacionmicrofinanzasbbva.org\/revistaprogreso\/#organization\",\"name\":\"Revista Progreso\",\"alternateName\":\"Revista Progreso\",\"url\":\"https:\/\/www.fundacionmicrofinanzasbbva.org\/revistaprogreso\/\",\"logo\":{\"@type\":\"ImageObject\",\"inLanguage\":\"es\",\"@id\":\"https:\/\/www.fundacionmicrofinanzasbbva.org\/revistaprogreso\/#\/schema\/logo\/image\/\",\"url\":\"https:\/\/www.fundacionmicrofinanzasbbva.org\/revistaprogreso\/wp-content\/uploads\/2023\/09\/Logo-FMBBVA-AZUL.png\",\"contentUrl\":\"https:\/\/www.fundacionmicrofinanzasbbva.org\/revistaprogreso\/wp-content\/uploads\/2023\/09\/Logo-FMBBVA-AZUL.png\",\"width\":6173,\"height\":1001,\"caption\":\"Revista Progreso\"},\"image\":{\"@id\":\"https:\/\/www.fundacionmicrofinanzasbbva.org\/revistaprogreso\/#\/schema\/logo\/image\/\"},\"sameAs\":[\"https:\/\/www.facebook.com\/fundacionmicrofinanzasbbva\",\"https:\/\/x.com\/FMBBVA\",\"https:\/\/www.linkedin.com\/company\/fundacin-microfinanzas-bbva\/\",\"https:\/\/www.instagram.com\/somosfmbbva\/\"]},{\"@type\":\"Person\",\"@id\":\"https:\/\/www.fundacionmicrofinanzasbbva.org\/revistaprogreso\/#\/schema\/person\/4a3fe64f7988998aa5e22913c8147baf\",\"name\":\"karessa Ramos\",\"image\":{\"@type\":\"ImageObject\",\"inLanguage\":\"es\",\"@id\":\"https:\/\/www.fundacionmicrofinanzasbbva.org\/revistaprogreso\/#\/schema\/person\/image\/\",\"url\":\"https:\/\/secure.gravatar.com\/avatar\/a2388109b4325a6fb9c892c3212e430cdc0835c8fc1c1a41f4cc2a3b175b81c5?s=96&d=mm&r=g\",\"contentUrl\":\"https:\/\/secure.gravatar.com\/avatar\/a2388109b4325a6fb9c892c3212e430cdc0835c8fc1c1a41f4cc2a3b175b81c5?s=96&d=mm&r=g\",\"caption\":\"karessa Ramos\"},\"url\":\"https:\/\/www.fundacionmicrofinanzasbbva.org\/revistaprogreso\/author\/karessa\/\"}]}<\/script>\n<!-- \/ Yoast SEO plugin. -->","yoast_head_json":{"title":"Avanza la aprobaci\u00f3n de proyectos que modificar\u00e1n la ley de habeas data","description":"Proyectos de ley buscan modificar la ley de habeas data financiera para aliviar a peque\u00f1os productores, j\u00f3venes y mujeres rurales que han sido reportados","robots":{"index":"index","follow":"follow","max-snippet":"max-snippet:-1","max-image-preview":"max-image-preview:large","max-video-preview":"max-video-preview:-1"},"canonical":"https:\/\/www.fundacionmicrofinanzasbbva.org\/revistaprogreso\/avanza-la-aprobacion-proyectos-modificaran-la-ley-habeas-data\/","og_locale":"es_ES","og_type":"article","og_title":"Avanza la aprobaci\u00f3n de proyectos que modificar\u00e1n la ley de habeas data","og_description":"Proyectos de ley buscan modificar la ley de habeas data financiera para aliviar a peque\u00f1os productores, j\u00f3venes y mujeres rurales que han sido reportados","og_url":"https:\/\/www.fundacionmicrofinanzasbbva.org\/revistaprogreso\/avanza-la-aprobacion-proyectos-modificaran-la-ley-habeas-data\/","og_site_name":"Progreso","article_publisher":"https:\/\/www.facebook.com\/fundacionmicrofinanzasbbva","article_published_time":"2019-05-09T15:12:01+00:00","article_modified_time":"2019-06-13T09:06:30+00:00","og_image":[{"width":400,"height":300,"url":"https:\/\/www.fundacionmicrofinanzasbbva.org\/revistaprogreso\/wp-content\/uploads\/2019\/05\/Habeas-data.jpg","type":"image\/jpeg"}],"author":"karessa Ramos","twitter_card":"summary_large_image","twitter_creator":"@FMBBVA","twitter_site":"@FMBBVA","twitter_misc":{"Escrito por":"karessa Ramos","Tiempo de lectura":"3 minutos"},"schema":{"@context":"https:\/\/schema.org","@graph":[{"@type":"Article","@id":"https:\/\/www.fundacionmicrofinanzasbbva.org\/revistaprogreso\/avanza-la-aprobacion-proyectos-modificaran-la-ley-habeas-data\/#article","isPartOf":{"@id":"https:\/\/www.fundacionmicrofinanzasbbva.org\/revistaprogreso\/avanza-la-aprobacion-proyectos-modificaran-la-ley-habeas-data\/"},"author":{"name":"karessa Ramos","@id":"https:\/\/www.fundacionmicrofinanzasbbva.org\/revistaprogreso\/#\/schema\/person\/4a3fe64f7988998aa5e22913c8147baf"},"headline":"Avanza la aprobaci\u00f3n de proyectos que modificar\u00e1n la ley de habeas data","datePublished":"2019-05-09T15:12:01+00:00","dateModified":"2019-06-13T09:06:30+00:00","mainEntityOfPage":{"@id":"https:\/\/www.fundacionmicrofinanzasbbva.org\/revistaprogreso\/avanza-la-aprobacion-proyectos-modificaran-la-ley-habeas-data\/"},"wordCount":678,"commentCount":0,"publisher":{"@id":"https:\/\/www.fundacionmicrofinanzasbbva.org\/revistaprogreso\/#organization"},"image":{"@id":"https:\/\/www.fundacionmicrofinanzasbbva.org\/revistaprogreso\/avanza-la-aprobacion-proyectos-modificaran-la-ley-habeas-data\/#primaryimage"},"thumbnailUrl":"https:\/\/www.fundacionmicrofinanzasbbva.org\/revistaprogreso\/wp-content\/uploads\/2019\/05\/Habeas-data.jpg","keywords":["bancos de datos","calificaci\u00f3n","c\u00e1mara","C\u00e1mara de Representantes","centrales de informaci\u00f3n","Colombia","dato negativo","habeas data financiero","ley 1266 de 2008","Proyecto de Ley No. 053 de 2018","proyecto de ley no. 324 de 2018","reporte","senado"],"inLanguage":"es"},{"@type":"WebPage","@id":"https:\/\/www.fundacionmicrofinanzasbbva.org\/revistaprogreso\/avanza-la-aprobacion-proyectos-modificaran-la-ley-habeas-data\/","url":"https:\/\/www.fundacionmicrofinanzasbbva.org\/revistaprogreso\/avanza-la-aprobacion-proyectos-modificaran-la-ley-habeas-data\/","name":"Avanza la aprobaci\u00f3n de proyectos que modificar\u00e1n la ley de habeas data","isPartOf":{"@id":"https:\/\/www.fundacionmicrofinanzasbbva.org\/revistaprogreso\/#website"},"primaryImageOfPage":{"@id":"https:\/\/www.fundacionmicrofinanzasbbva.org\/revistaprogreso\/avanza-la-aprobacion-proyectos-modificaran-la-ley-habeas-data\/#primaryimage"},"image":{"@id":"https:\/\/www.fundacionmicrofinanzasbbva.org\/revistaprogreso\/avanza-la-aprobacion-proyectos-modificaran-la-ley-habeas-data\/#primaryimage"},"thumbnailUrl":"https:\/\/www.fundacionmicrofinanzasbbva.org\/revistaprogreso\/wp-content\/uploads\/2019\/05\/Habeas-data.jpg","datePublished":"2019-05-09T15:12:01+00:00","dateModified":"2019-06-13T09:06:30+00:00","description":"Proyectos de ley buscan modificar la ley de habeas data financiera para aliviar a peque\u00f1os productores, j\u00f3venes y mujeres rurales que han sido reportados","breadcrumb":{"@id":"https:\/\/www.fundacionmicrofinanzasbbva.org\/revistaprogreso\/avanza-la-aprobacion-proyectos-modificaran-la-ley-habeas-data\/#breadcrumb"},"inLanguage":"es","potentialAction":[{"@type":"ReadAction","target":["https:\/\/www.fundacionmicrofinanzasbbva.org\/revistaprogreso\/avanza-la-aprobacion-proyectos-modificaran-la-ley-habeas-data\/"]}]},{"@type":"ImageObject","inLanguage":"es","@id":"https:\/\/www.fundacionmicrofinanzasbbva.org\/revistaprogreso\/avanza-la-aprobacion-proyectos-modificaran-la-ley-habeas-data\/#primaryimage","url":"https:\/\/www.fundacionmicrofinanzasbbva.org\/revistaprogreso\/wp-content\/uploads\/2019\/05\/Habeas-data.jpg","contentUrl":"https:\/\/www.fundacionmicrofinanzasbbva.org\/revistaprogreso\/wp-content\/uploads\/2019\/05\/Habeas-data.jpg","width":400,"height":300},{"@type":"BreadcrumbList","@id":"https:\/\/www.fundacionmicrofinanzasbbva.org\/revistaprogreso\/avanza-la-aprobacion-proyectos-modificaran-la-ley-habeas-data\/#breadcrumb","itemListElement":[{"@type":"ListItem","position":1,"name":"Portada","item":"https:\/\/www.fundacionmicrofinanzasbbva.org\/revistaprogreso\/"},{"@type":"ListItem","position":2,"name":"Avanza la aprobaci\u00f3n de proyectos que modificar\u00e1n la ley de habeas data"}]},{"@type":"WebSite","@id":"https:\/\/www.fundacionmicrofinanzasbbva.org\/revistaprogreso\/#website","url":"https:\/\/www.fundacionmicrofinanzasbbva.org\/revistaprogreso\/","name":"Revista Progreso","description":"Revista de Actualidad Jur\u00eddica","publisher":{"@id":"https:\/\/www.fundacionmicrofinanzasbbva.org\/revistaprogreso\/#organization"},"alternateName":"Revista Progreso","potentialAction":[{"@type":"SearchAction","target":{"@type":"EntryPoint","urlTemplate":"https:\/\/www.fundacionmicrofinanzasbbva.org\/revistaprogreso\/?s={search_term_string}"},"query-input":{"@type":"PropertyValueSpecification","valueRequired":true,"valueName":"search_term_string"}}],"inLanguage":"es"},{"@type":"Organization","@id":"https:\/\/www.fundacionmicrofinanzasbbva.org\/revistaprogreso\/#organization","name":"Revista Progreso","alternateName":"Revista Progreso","url":"https:\/\/www.fundacionmicrofinanzasbbva.org\/revistaprogreso\/","logo":{"@type":"ImageObject","inLanguage":"es","@id":"https:\/\/www.fundacionmicrofinanzasbbva.org\/revistaprogreso\/#\/schema\/logo\/image\/","url":"https:\/\/www.fundacionmicrofinanzasbbva.org\/revistaprogreso\/wp-content\/uploads\/2023\/09\/Logo-FMBBVA-AZUL.png","contentUrl":"https:\/\/www.fundacionmicrofinanzasbbva.org\/revistaprogreso\/wp-content\/uploads\/2023\/09\/Logo-FMBBVA-AZUL.png","width":6173,"height":1001,"caption":"Revista Progreso"},"image":{"@id":"https:\/\/www.fundacionmicrofinanzasbbva.org\/revistaprogreso\/#\/schema\/logo\/image\/"},"sameAs":["https:\/\/www.facebook.com\/fundacionmicrofinanzasbbva","https:\/\/x.com\/FMBBVA","https:\/\/www.linkedin.com\/company\/fundacin-microfinanzas-bbva\/","https:\/\/www.instagram.com\/somosfmbbva\/"]},{"@type":"Person","@id":"https:\/\/www.fundacionmicrofinanzasbbva.org\/revistaprogreso\/#\/schema\/person\/4a3fe64f7988998aa5e22913c8147baf","name":"karessa Ramos","image":{"@type":"ImageObject","inLanguage":"es","@id":"https:\/\/www.fundacionmicrofinanzasbbva.org\/revistaprogreso\/#\/schema\/person\/image\/","url":"https:\/\/secure.gravatar.com\/avatar\/a2388109b4325a6fb9c892c3212e430cdc0835c8fc1c1a41f4cc2a3b175b81c5?s=96&d=mm&r=g","contentUrl":"https:\/\/secure.gravatar.com\/avatar\/a2388109b4325a6fb9c892c3212e430cdc0835c8fc1c1a41f4cc2a3b175b81c5?s=96&d=mm&r=g","caption":"karessa Ramos"},"url":"https:\/\/www.fundacionmicrofinanzasbbva.org\/revistaprogreso\/author\/karessa\/"}]}},"_links":{"self":[{"href":"https:\/\/www.fundacionmicrofinanzasbbva.org\/revistaprogreso\/wp-json\/wp\/v2\/posts\/14091","targetHints":{"allow":["GET"]}}],"collection":[{"href":"https:\/\/www.fundacionmicrofinanzasbbva.org\/revistaprogreso\/wp-json\/wp\/v2\/posts"}],"about":[{"href":"https:\/\/www.fundacionmicrofinanzasbbva.org\/revistaprogreso\/wp-json\/wp\/v2\/types\/post"}],"author":[{"embeddable":true,"href":"https:\/\/www.fundacionmicrofinanzasbbva.org\/revistaprogreso\/wp-json\/wp\/v2\/users\/30"}],"replies":[{"embeddable":true,"href":"https:\/\/www.fundacionmicrofinanzasbbva.org\/revistaprogreso\/wp-json\/wp\/v2\/comments?post=14091"}],"version-history":[{"count":0,"href":"https:\/\/www.fundacionmicrofinanzasbbva.org\/revistaprogreso\/wp-json\/wp\/v2\/posts\/14091\/revisions"}],"wp:featuredmedia":[{"embeddable":true,"href":"https:\/\/www.fundacionmicrofinanzasbbva.org\/revistaprogreso\/wp-json\/wp\/v2\/media\/14134"}],"wp:attachment":[{"href":"https:\/\/www.fundacionmicrofinanzasbbva.org\/revistaprogreso\/wp-json\/wp\/v2\/media?parent=14091"}],"wp:term":[{"taxonomy":"post_tag","embeddable":true,"href":"https:\/\/www.fundacionmicrofinanzasbbva.org\/revistaprogreso\/wp-json\/wp\/v2\/tags?post=14091"}],"curies":[{"name":"wp","href":"https:\/\/api.w.org\/{rel}","templated":true}]}}