{"id":1349,"date":"2015-07-02T11:38:52","date_gmt":"2015-07-02T11:38:52","guid":{"rendered":"http:\/\/progresomicrofinanzas.org\/?p=1349"},"modified":"2016-02-19T21:30:14","modified_gmt":"2016-02-19T21:30:14","slug":"nueva-ley-de-garantias-mobiliarias","status":"publish","type":"post","link":"https:\/\/www.fundacionmicrofinanzasbbva.org\/revistaprogreso\/nueva-ley-de-garantias-mobiliarias\/","title":{"rendered":"Nueva Ley de Garant\u00edas Mobiliarias"},"content":{"rendered":"<div class=\"pdfprnt-buttons pdfprnt-buttons-post pdfprnt-top-right\"><a href=\"https:\/\/www.fundacionmicrofinanzasbbva.org\/revistaprogreso\/wp-json\/wp\/v2\/posts\/1349?print=pdf\" class=\"pdfprnt-button pdfprnt-button-pdf\" target=\"_blank\" ><img decoding=\"async\" src=\"https:\/\/www.fundacionmicrofinanzasbbva.org\/revistaprogreso\/wp-content\/plugins\/pdf-print\/images\/pdf.png\" alt=\"image_pdf\" title=\"Ver PDF\" \/><\/a><a href=\"https:\/\/www.fundacionmicrofinanzasbbva.org\/revistaprogreso\/wp-json\/wp\/v2\/posts\/1349?print=print\" class=\"pdfprnt-button pdfprnt-button-print\" target=\"_blank\" ><img decoding=\"async\" src=\"https:\/\/www.fundacionmicrofinanzasbbva.org\/revistaprogreso\/wp-content\/plugins\/pdf-print\/images\/print.png\" alt=\"image_print\" title=\"Imprimir contenido\" \/><\/a><\/div><p>El Poder Ejecutivo, como parte del paquete de medidas de reactivaci\u00f3n econ\u00f3mica, ha planteado el presente Proyecto de Ley con la finalidad de reducir los costos de transacci\u00f3n en la constituci\u00f3n de garant\u00edas mobiliarias, as\u00ed como ampliar el \u00e1mbito de cobertura de dichas garant\u00edas, para as\u00ed generar mayor acceso al cr\u00e9dito.<\/p>\n<p>Entre las principales propuestas de modificaci\u00f3n se encuentran las siguientes: (i) la creaci\u00f3n de un Registro P\u00fablico Virtual que sustituya al actual Registro Mobiliario de Contratos; (ii) el acceso gratuito al Registro Virtual; (iii) la ejecuci\u00f3n inmediata de las Garant\u00edas Mobiliarias sin necesidad de notificar notarialmente al deudor; (iv) la posibilidad de realizar actos jur\u00eddicos relativos a la garant\u00eda a trav\u00e9s de notificaciones por correo electr\u00f3nico.<\/p>\n<p>Actualmente este Proyecto se encuentra en revisi\u00f3n por la Comisi\u00f3n del Congreso de la Rep\u00fablica<\/p>\n","protected":false},"excerpt":{"rendered":"<p>El Poder Ejecutivo, como parte del paquete de medidas de reactivaci\u00f3n econ\u00f3mica, ha planteado el presente Proyecto de Ley con la finalidad de reducir los costos de transacci\u00f3n en la constituci\u00f3n de garant\u00edas mobiliarias, as\u00ed como ampliar el \u00e1mbito de cobertura de dichas garant\u00edas, para as\u00ed generar mayor acceso al cr\u00e9dito. Entre las principales propuestas [&hellip;]<\/p>\n","protected":false},"author":11,"featured_media":3828,"comment_status":"open","ping_status":"open","sticky":false,"template":"","format":"standard","meta":{"_acf_changed":false,"footnotes":""},"tags":[],"class_list":["post-1349","post","type-post","status-publish","format-standard","has-post-thumbnail","hentry","numero-1m","seccion-legislacion-normas-publicadas-microfinanzas","pais-peru"],"acf":[],"yoast_head":"<!-- This site is optimized with the Yoast SEO plugin v27.4 - https:\/\/yoast.com\/product\/yoast-seo-wordpress\/ -->\n<title>Nueva Ley de Garant\u00edas Mobiliarias<\/title>\n<meta name=\"description\" content=\"Se ha planteado el presente Proyecto de Ley con la finalidad de reducir los costos de transacci\u00f3n en la constituci\u00f3n de garant\u00edas mobiliarias\" \/>\n<meta name=\"robots\" content=\"index, follow, max-snippet:-1, max-image-preview:large, max-video-preview:-1\" \/>\n<link rel=\"canonical\" href=\"https:\/\/www.fundacionmicrofinanzasbbva.org\/revistaprogreso\/nueva-ley-de-garantias-mobiliarias\/\" \/>\n<meta property=\"og:locale\" content=\"es_ES\" \/>\n<meta property=\"og:type\" content=\"article\" \/>\n<meta property=\"og:title\" content=\"Nueva Ley de Garant\u00edas Mobiliarias\" \/>\n<meta property=\"og:description\" content=\"Se ha planteado el presente Proyecto de Ley con la finalidad de reducir los costos de transacci\u00f3n en la constituci\u00f3n de garant\u00edas mobiliarias\" \/>\n<meta property=\"og:url\" content=\"https:\/\/www.fundacionmicrofinanzasbbva.org\/revistaprogreso\/nueva-ley-de-garantias-mobiliarias\/\" \/>\n<meta property=\"og:site_name\" content=\"Progreso\" \/>\n<meta property=\"article:publisher\" content=\"https:\/\/www.facebook.com\/fundacionmicrofinanzasbbva\" \/>\n<meta property=\"article:published_time\" content=\"2015-07-02T11:38:52+00:00\" \/>\n<meta property=\"article:modified_time\" content=\"2016-02-19T21:30:14+00:00\" \/>\n<meta property=\"og:image\" content=\"https:\/\/www.progresomicrofinanzas.org\/revistaprogreso\/wp-content\/uploads\/2015\/07\/garantia-mobiliaria.jpg\" \/>\n\t<meta property=\"og:image:width\" content=\"925\" \/>\n\t<meta property=\"og:image:height\" content=\"800\" \/>\n\t<meta property=\"og:image:type\" content=\"image\/jpeg\" \/>\n<meta name=\"author\" content=\"Cristina\" \/>\n<meta name=\"twitter:card\" content=\"summary_large_image\" \/>\n<meta name=\"twitter:creator\" content=\"@FMBBVA\" \/>\n<meta name=\"twitter:site\" content=\"@FMBBVA\" \/>\n<meta name=\"twitter:label1\" content=\"Escrito por\" \/>\n\t<meta name=\"twitter:data1\" content=\"Cristina\" \/>\n\t<meta name=\"twitter:label2\" content=\"Tiempo de lectura\" \/>\n\t<meta name=\"twitter:data2\" content=\"1 minuto\" \/>\n<script type=\"application\/ld+json\" class=\"yoast-schema-graph\">{\"@context\":\"https:\\\/\\\/schema.org\",\"@graph\":[{\"@type\":\"Article\",\"@id\":\"https:\\\/\\\/www.fundacionmicrofinanzasbbva.org\\\/revistaprogreso\\\/nueva-ley-de-garantias-mobiliarias\\\/#article\",\"isPartOf\":{\"@id\":\"https:\\\/\\\/www.fundacionmicrofinanzasbbva.org\\\/revistaprogreso\\\/nueva-ley-de-garantias-mobiliarias\\\/\"},\"author\":{\"name\":\"Cristina\",\"@id\":\"https:\\\/\\\/www.progresomicrofinanzas.org\\\/revistaprogreso\\\/#\\\/schema\\\/person\\\/cf80fbfed0e1db989213ebe755675079\"},\"headline\":\"Nueva Ley de Garant\u00edas Mobiliarias\",\"datePublished\":\"2015-07-02T11:38:52+00:00\",\"dateModified\":\"2016-02-19T21:30:14+00:00\",\"mainEntityOfPage\":{\"@id\":\"https:\\\/\\\/www.fundacionmicrofinanzasbbva.org\\\/revistaprogreso\\\/nueva-ley-de-garantias-mobiliarias\\\/\"},\"wordCount\":157,\"commentCount\":0,\"publisher\":{\"@id\":\"https:\\\/\\\/www.progresomicrofinanzas.org\\\/revistaprogreso\\\/#organization\"},\"image\":{\"@id\":\"https:\\\/\\\/www.fundacionmicrofinanzasbbva.org\\\/revistaprogreso\\\/nueva-ley-de-garantias-mobiliarias\\\/#primaryimage\"},\"thumbnailUrl\":\"https:\\\/\\\/www.fundacionmicrofinanzasbbva.org\\\/revistaprogreso\\\/wp-content\\\/uploads\\\/2015\\\/07\\\/garantia-mobiliaria.jpg\",\"inLanguage\":\"es\"},{\"@type\":\"WebPage\",\"@id\":\"https:\\\/\\\/www.fundacionmicrofinanzasbbva.org\\\/revistaprogreso\\\/nueva-ley-de-garantias-mobiliarias\\\/\",\"url\":\"https:\\\/\\\/www.fundacionmicrofinanzasbbva.org\\\/revistaprogreso\\\/nueva-ley-de-garantias-mobiliarias\\\/\",\"name\":\"Nueva Ley de Garant\u00edas Mobiliarias\",\"isPartOf\":{\"@id\":\"https:\\\/\\\/www.progresomicrofinanzas.org\\\/revistaprogreso\\\/#website\"},\"primaryImageOfPage\":{\"@id\":\"https:\\\/\\\/www.fundacionmicrofinanzasbbva.org\\\/revistaprogreso\\\/nueva-ley-de-garantias-mobiliarias\\\/#primaryimage\"},\"image\":{\"@id\":\"https:\\\/\\\/www.fundacionmicrofinanzasbbva.org\\\/revistaprogreso\\\/nueva-ley-de-garantias-mobiliarias\\\/#primaryimage\"},\"thumbnailUrl\":\"https:\\\/\\\/www.fundacionmicrofinanzasbbva.org\\\/revistaprogreso\\\/wp-content\\\/uploads\\\/2015\\\/07\\\/garantia-mobiliaria.jpg\",\"datePublished\":\"2015-07-02T11:38:52+00:00\",\"dateModified\":\"2016-02-19T21:30:14+00:00\",\"description\":\"Se ha planteado el presente Proyecto de Ley con la finalidad de reducir los costos de transacci\u00f3n en la constituci\u00f3n de garant\u00edas mobiliarias\",\"breadcrumb\":{\"@id\":\"https:\\\/\\\/www.fundacionmicrofinanzasbbva.org\\\/revistaprogreso\\\/nueva-ley-de-garantias-mobiliarias\\\/#breadcrumb\"},\"inLanguage\":\"es\",\"potentialAction\":[{\"@type\":\"ReadAction\",\"target\":[\"https:\\\/\\\/www.fundacionmicrofinanzasbbva.org\\\/revistaprogreso\\\/nueva-ley-de-garantias-mobiliarias\\\/\"]}]},{\"@type\":\"ImageObject\",\"inLanguage\":\"es\",\"@id\":\"https:\\\/\\\/www.fundacionmicrofinanzasbbva.org\\\/revistaprogreso\\\/nueva-ley-de-garantias-mobiliarias\\\/#primaryimage\",\"url\":\"https:\\\/\\\/www.fundacionmicrofinanzasbbva.org\\\/revistaprogreso\\\/wp-content\\\/uploads\\\/2015\\\/07\\\/garantia-mobiliaria.jpg\",\"contentUrl\":\"https:\\\/\\\/www.fundacionmicrofinanzasbbva.org\\\/revistaprogreso\\\/wp-content\\\/uploads\\\/2015\\\/07\\\/garantia-mobiliaria.jpg\",\"width\":925,\"height\":800},{\"@type\":\"BreadcrumbList\",\"@id\":\"https:\\\/\\\/www.fundacionmicrofinanzasbbva.org\\\/revistaprogreso\\\/nueva-ley-de-garantias-mobiliarias\\\/#breadcrumb\",\"itemListElement\":[{\"@type\":\"ListItem\",\"position\":1,\"name\":\"Portada\",\"item\":\"https:\\\/\\\/www.progresomicrofinanzas.org\\\/revistaprogreso\\\/\"},{\"@type\":\"ListItem\",\"position\":2,\"name\":\"Nueva Ley de Garant\u00edas Mobiliarias\"}]},{\"@type\":\"WebSite\",\"@id\":\"https:\\\/\\\/www.progresomicrofinanzas.org\\\/revistaprogreso\\\/#website\",\"url\":\"https:\\\/\\\/www.progresomicrofinanzas.org\\\/revistaprogreso\\\/\",\"name\":\"Revista Progreso\",\"description\":\"Revista de Actualidad Jur\u00eddica\",\"publisher\":{\"@id\":\"https:\\\/\\\/www.progresomicrofinanzas.org\\\/revistaprogreso\\\/#organization\"},\"alternateName\":\"Revista Progreso\",\"potentialAction\":[{\"@type\":\"SearchAction\",\"target\":{\"@type\":\"EntryPoint\",\"urlTemplate\":\"https:\\\/\\\/www.progresomicrofinanzas.org\\\/revistaprogreso\\\/?s={search_term_string}\"},\"query-input\":{\"@type\":\"PropertyValueSpecification\",\"valueRequired\":true,\"valueName\":\"search_term_string\"}}],\"inLanguage\":\"es\"},{\"@type\":\"Organization\",\"@id\":\"https:\\\/\\\/www.progresomicrofinanzas.org\\\/revistaprogreso\\\/#organization\",\"name\":\"Revista Progreso\",\"alternateName\":\"Revista Progreso\",\"url\":\"https:\\\/\\\/www.progresomicrofinanzas.org\\\/revistaprogreso\\\/\",\"logo\":{\"@type\":\"ImageObject\",\"inLanguage\":\"es\",\"@id\":\"https:\\\/\\\/www.progresomicrofinanzas.org\\\/revistaprogreso\\\/#\\\/schema\\\/logo\\\/image\\\/\",\"url\":\"https:\\\/\\\/www.fundacionmicrofinanzasbbva.org\\\/revistaprogreso\\\/wp-content\\\/uploads\\\/2023\\\/09\\\/Logo-FMBBVA-AZUL.png\",\"contentUrl\":\"https:\\\/\\\/www.fundacionmicrofinanzasbbva.org\\\/revistaprogreso\\\/wp-content\\\/uploads\\\/2023\\\/09\\\/Logo-FMBBVA-AZUL.png\",\"width\":6173,\"height\":1001,\"caption\":\"Revista Progreso\"},\"image\":{\"@id\":\"https:\\\/\\\/www.progresomicrofinanzas.org\\\/revistaprogreso\\\/#\\\/schema\\\/logo\\\/image\\\/\"},\"sameAs\":[\"https:\\\/\\\/www.facebook.com\\\/fundacionmicrofinanzasbbva\",\"https:\\\/\\\/x.com\\\/FMBBVA\",\"https:\\\/\\\/www.linkedin.com\\\/company\\\/fundacin-microfinanzas-bbva\\\/\",\"https:\\\/\\\/www.instagram.com\\\/somosfmbbva\\\/\"]},{\"@type\":\"Person\",\"@id\":\"https:\\\/\\\/www.progresomicrofinanzas.org\\\/revistaprogreso\\\/#\\\/schema\\\/person\\\/cf80fbfed0e1db989213ebe755675079\",\"name\":\"Cristina\",\"image\":{\"@type\":\"ImageObject\",\"inLanguage\":\"es\",\"@id\":\"https:\\\/\\\/secure.gravatar.com\\\/avatar\\\/738f3fd2d0242bdc57233b9c1b03f825511099f3fcd5fb146b7c318c598541f6?s=96&d=mm&r=g\",\"url\":\"https:\\\/\\\/secure.gravatar.com\\\/avatar\\\/738f3fd2d0242bdc57233b9c1b03f825511099f3fcd5fb146b7c318c598541f6?s=96&d=mm&r=g\",\"contentUrl\":\"https:\\\/\\\/secure.gravatar.com\\\/avatar\\\/738f3fd2d0242bdc57233b9c1b03f825511099f3fcd5fb146b7c318c598541f6?s=96&d=mm&r=g\",\"caption\":\"Cristina\"},\"url\":\"https:\\\/\\\/www.fundacionmicrofinanzasbbva.org\\\/revistaprogreso\\\/author\\\/cristina\\\/\"}]}<\/script>\n<!-- \/ Yoast SEO plugin. -->","yoast_head_json":{"title":"Nueva Ley de Garant\u00edas Mobiliarias","description":"Se ha planteado el presente Proyecto de Ley con la finalidad de reducir los costos de transacci\u00f3n en la constituci\u00f3n de garant\u00edas mobiliarias","robots":{"index":"index","follow":"follow","max-snippet":"max-snippet:-1","max-image-preview":"max-image-preview:large","max-video-preview":"max-video-preview:-1"},"canonical":"https:\/\/www.fundacionmicrofinanzasbbva.org\/revistaprogreso\/nueva-ley-de-garantias-mobiliarias\/","og_locale":"es_ES","og_type":"article","og_title":"Nueva Ley de Garant\u00edas Mobiliarias","og_description":"Se ha planteado el presente Proyecto de Ley con la finalidad de reducir los costos de transacci\u00f3n en la constituci\u00f3n de garant\u00edas mobiliarias","og_url":"https:\/\/www.fundacionmicrofinanzasbbva.org\/revistaprogreso\/nueva-ley-de-garantias-mobiliarias\/","og_site_name":"Progreso","article_publisher":"https:\/\/www.facebook.com\/fundacionmicrofinanzasbbva","article_published_time":"2015-07-02T11:38:52+00:00","article_modified_time":"2016-02-19T21:30:14+00:00","og_image":[{"width":925,"height":800,"url":"https:\/\/www.progresomicrofinanzas.org\/revistaprogreso\/wp-content\/uploads\/2015\/07\/garantia-mobiliaria.jpg","type":"image\/jpeg"}],"author":"Cristina","twitter_card":"summary_large_image","twitter_creator":"@FMBBVA","twitter_site":"@FMBBVA","twitter_misc":{"Escrito por":"Cristina","Tiempo de lectura":"1 minuto"},"schema":{"@context":"https:\/\/schema.org","@graph":[{"@type":"Article","@id":"https:\/\/www.fundacionmicrofinanzasbbva.org\/revistaprogreso\/nueva-ley-de-garantias-mobiliarias\/#article","isPartOf":{"@id":"https:\/\/www.fundacionmicrofinanzasbbva.org\/revistaprogreso\/nueva-ley-de-garantias-mobiliarias\/"},"author":{"name":"Cristina","@id":"https:\/\/www.progresomicrofinanzas.org\/revistaprogreso\/#\/schema\/person\/cf80fbfed0e1db989213ebe755675079"},"headline":"Nueva Ley de Garant\u00edas Mobiliarias","datePublished":"2015-07-02T11:38:52+00:00","dateModified":"2016-02-19T21:30:14+00:00","mainEntityOfPage":{"@id":"https:\/\/www.fundacionmicrofinanzasbbva.org\/revistaprogreso\/nueva-ley-de-garantias-mobiliarias\/"},"wordCount":157,"commentCount":0,"publisher":{"@id":"https:\/\/www.progresomicrofinanzas.org\/revistaprogreso\/#organization"},"image":{"@id":"https:\/\/www.fundacionmicrofinanzasbbva.org\/revistaprogreso\/nueva-ley-de-garantias-mobiliarias\/#primaryimage"},"thumbnailUrl":"https:\/\/www.fundacionmicrofinanzasbbva.org\/revistaprogreso\/wp-content\/uploads\/2015\/07\/garantia-mobiliaria.jpg","inLanguage":"es"},{"@type":"WebPage","@id":"https:\/\/www.fundacionmicrofinanzasbbva.org\/revistaprogreso\/nueva-ley-de-garantias-mobiliarias\/","url":"https:\/\/www.fundacionmicrofinanzasbbva.org\/revistaprogreso\/nueva-ley-de-garantias-mobiliarias\/","name":"Nueva Ley de Garant\u00edas Mobiliarias","isPartOf":{"@id":"https:\/\/www.progresomicrofinanzas.org\/revistaprogreso\/#website"},"primaryImageOfPage":{"@id":"https:\/\/www.fundacionmicrofinanzasbbva.org\/revistaprogreso\/nueva-ley-de-garantias-mobiliarias\/#primaryimage"},"image":{"@id":"https:\/\/www.fundacionmicrofinanzasbbva.org\/revistaprogreso\/nueva-ley-de-garantias-mobiliarias\/#primaryimage"},"thumbnailUrl":"https:\/\/www.fundacionmicrofinanzasbbva.org\/revistaprogreso\/wp-content\/uploads\/2015\/07\/garantia-mobiliaria.jpg","datePublished":"2015-07-02T11:38:52+00:00","dateModified":"2016-02-19T21:30:14+00:00","description":"Se ha planteado el presente Proyecto de Ley con la finalidad de reducir los costos de transacci\u00f3n en la constituci\u00f3n de garant\u00edas mobiliarias","breadcrumb":{"@id":"https:\/\/www.fundacionmicrofinanzasbbva.org\/revistaprogreso\/nueva-ley-de-garantias-mobiliarias\/#breadcrumb"},"inLanguage":"es","potentialAction":[{"@type":"ReadAction","target":["https:\/\/www.fundacionmicrofinanzasbbva.org\/revistaprogreso\/nueva-ley-de-garantias-mobiliarias\/"]}]},{"@type":"ImageObject","inLanguage":"es","@id":"https:\/\/www.fundacionmicrofinanzasbbva.org\/revistaprogreso\/nueva-ley-de-garantias-mobiliarias\/#primaryimage","url":"https:\/\/www.fundacionmicrofinanzasbbva.org\/revistaprogreso\/wp-content\/uploads\/2015\/07\/garantia-mobiliaria.jpg","contentUrl":"https:\/\/www.fundacionmicrofinanzasbbva.org\/revistaprogreso\/wp-content\/uploads\/2015\/07\/garantia-mobiliaria.jpg","width":925,"height":800},{"@type":"BreadcrumbList","@id":"https:\/\/www.fundacionmicrofinanzasbbva.org\/revistaprogreso\/nueva-ley-de-garantias-mobiliarias\/#breadcrumb","itemListElement":[{"@type":"ListItem","position":1,"name":"Portada","item":"https:\/\/www.progresomicrofinanzas.org\/revistaprogreso\/"},{"@type":"ListItem","position":2,"name":"Nueva Ley de Garant\u00edas Mobiliarias"}]},{"@type":"WebSite","@id":"https:\/\/www.progresomicrofinanzas.org\/revistaprogreso\/#website","url":"https:\/\/www.progresomicrofinanzas.org\/revistaprogreso\/","name":"Revista Progreso","description":"Revista de Actualidad Jur\u00eddica","publisher":{"@id":"https:\/\/www.progresomicrofinanzas.org\/revistaprogreso\/#organization"},"alternateName":"Revista Progreso","potentialAction":[{"@type":"SearchAction","target":{"@type":"EntryPoint","urlTemplate":"https:\/\/www.progresomicrofinanzas.org\/revistaprogreso\/?s={search_term_string}"},"query-input":{"@type":"PropertyValueSpecification","valueRequired":true,"valueName":"search_term_string"}}],"inLanguage":"es"},{"@type":"Organization","@id":"https:\/\/www.progresomicrofinanzas.org\/revistaprogreso\/#organization","name":"Revista Progreso","alternateName":"Revista Progreso","url":"https:\/\/www.progresomicrofinanzas.org\/revistaprogreso\/","logo":{"@type":"ImageObject","inLanguage":"es","@id":"https:\/\/www.progresomicrofinanzas.org\/revistaprogreso\/#\/schema\/logo\/image\/","url":"https:\/\/www.fundacionmicrofinanzasbbva.org\/revistaprogreso\/wp-content\/uploads\/2023\/09\/Logo-FMBBVA-AZUL.png","contentUrl":"https:\/\/www.fundacionmicrofinanzasbbva.org\/revistaprogreso\/wp-content\/uploads\/2023\/09\/Logo-FMBBVA-AZUL.png","width":6173,"height":1001,"caption":"Revista Progreso"},"image":{"@id":"https:\/\/www.progresomicrofinanzas.org\/revistaprogreso\/#\/schema\/logo\/image\/"},"sameAs":["https:\/\/www.facebook.com\/fundacionmicrofinanzasbbva","https:\/\/x.com\/FMBBVA","https:\/\/www.linkedin.com\/company\/fundacin-microfinanzas-bbva\/","https:\/\/www.instagram.com\/somosfmbbva\/"]},{"@type":"Person","@id":"https:\/\/www.progresomicrofinanzas.org\/revistaprogreso\/#\/schema\/person\/cf80fbfed0e1db989213ebe755675079","name":"Cristina","image":{"@type":"ImageObject","inLanguage":"es","@id":"https:\/\/secure.gravatar.com\/avatar\/738f3fd2d0242bdc57233b9c1b03f825511099f3fcd5fb146b7c318c598541f6?s=96&d=mm&r=g","url":"https:\/\/secure.gravatar.com\/avatar\/738f3fd2d0242bdc57233b9c1b03f825511099f3fcd5fb146b7c318c598541f6?s=96&d=mm&r=g","contentUrl":"https:\/\/secure.gravatar.com\/avatar\/738f3fd2d0242bdc57233b9c1b03f825511099f3fcd5fb146b7c318c598541f6?s=96&d=mm&r=g","caption":"Cristina"},"url":"https:\/\/www.fundacionmicrofinanzasbbva.org\/revistaprogreso\/author\/cristina\/"}]}},"_links":{"self":[{"href":"https:\/\/www.fundacionmicrofinanzasbbva.org\/revistaprogreso\/wp-json\/wp\/v2\/posts\/1349","targetHints":{"allow":["GET"]}}],"collection":[{"href":"https:\/\/www.fundacionmicrofinanzasbbva.org\/revistaprogreso\/wp-json\/wp\/v2\/posts"}],"about":[{"href":"https:\/\/www.fundacionmicrofinanzasbbva.org\/revistaprogreso\/wp-json\/wp\/v2\/types\/post"}],"author":[{"embeddable":true,"href":"https:\/\/www.fundacionmicrofinanzasbbva.org\/revistaprogreso\/wp-json\/wp\/v2\/users\/11"}],"replies":[{"embeddable":true,"href":"https:\/\/www.fundacionmicrofinanzasbbva.org\/revistaprogreso\/wp-json\/wp\/v2\/comments?post=1349"}],"version-history":[{"count":0,"href":"https:\/\/www.fundacionmicrofinanzasbbva.org\/revistaprogreso\/wp-json\/wp\/v2\/posts\/1349\/revisions"}],"wp:featuredmedia":[{"embeddable":true,"href":"https:\/\/www.fundacionmicrofinanzasbbva.org\/revistaprogreso\/wp-json\/wp\/v2\/media\/3828"}],"wp:attachment":[{"href":"https:\/\/www.fundacionmicrofinanzasbbva.org\/revistaprogreso\/wp-json\/wp\/v2\/media?parent=1349"}],"wp:term":[{"taxonomy":"post_tag","embeddable":true,"href":"https:\/\/www.fundacionmicrofinanzasbbva.org\/revistaprogreso\/wp-json\/wp\/v2\/tags?post=1349"}],"curies":[{"name":"wp","href":"https:\/\/api.w.org\/{rel}","templated":true}]}}