{"id":13135,"date":"2019-02-26T09:50:42","date_gmt":"2019-02-26T09:50:42","guid":{"rendered":"http:\/\/www.progresomicrofinanzas.org\/?p=13135\/"},"modified":"2019-03-27T17:49:30","modified_gmt":"2019-03-27T17:49:30","slug":"reglamento-para-aplicacion-de-la-ley-de-fomento-productivo","status":"publish","type":"post","link":"https:\/\/www.fundacionmicrofinanzasbbva.org\/revistaprogreso\/reglamento-para-aplicacion-de-la-ley-de-fomento-productivo\/","title":{"rendered":"Reglamento para aplicaci\u00f3n de la ley de Fomento Productivo"},"content":{"rendered":"<div class=\"pdfprnt-buttons pdfprnt-buttons-post pdfprnt-top-right\"><a href=\"https:\/\/www.fundacionmicrofinanzasbbva.org\/revistaprogreso\/wp-json\/wp\/v2\/posts\/13135?print=pdf\" class=\"pdfprnt-button pdfprnt-button-pdf\" target=\"_blank\" ><img decoding=\"async\" src=\"https:\/\/www.fundacionmicrofinanzasbbva.org\/revistaprogreso\/wp-content\/plugins\/pdf-print\/images\/pdf.png\" alt=\"image_pdf\" title=\"Ver PDF\" \/><\/a><a href=\"https:\/\/www.fundacionmicrofinanzasbbva.org\/revistaprogreso\/wp-json\/wp\/v2\/posts\/13135?print=print\" class=\"pdfprnt-button pdfprnt-button-print\" target=\"_blank\" ><img decoding=\"async\" src=\"https:\/\/www.fundacionmicrofinanzasbbva.org\/revistaprogreso\/wp-content\/plugins\/pdf-print\/images\/print.png\" alt=\"image_print\" title=\"Imprimir contenido\" \/><\/a><\/div><p>El pasado 18 de diciembre se expidi\u00f3 el Reglamento que desarrolla la Ley Org\u00e1nica para el Fomento Productivo, atracci\u00f3n de inversiones, generaci\u00f3n de empleo, y estabilidad y equilibrio fiscal comentada en <a href=\"http:\/\/progresomicrofinanzas.org\/ley-fomento-productivo\/\">Progreso 16<\/a>.<\/p>\n<p>La norma, que mantiene el esp\u00edritu inclusivo de la Ley que reglamenta, concreta y clarifica la aplicaci\u00f3n de la misma evitando as\u00ed distintas interpretaciones y aportando seguridad a aquellos contribuyentes que quieran acogerse a los beneficios.<\/p>\n<p>Alguno de los aspectos m\u00e1s relevantes que contempla el Reglamento son:<\/p>\n<p><b>Modificaciones a leyes sectoriales<\/b><\/p>\n<p>Se introducen numerosas modificaciones a normas sectoriales. Entre ellas, se modifica el Reglamento para la aplicaci\u00f3n de la Ley de R\u00e9gimen Tributario Interno, el Reglamento para la aplicaci\u00f3n del Impuesto a la Salida de Divisas (IDS), el Reglamento relativo a la Estructura de Desarrollo Productivo o el Reglamento para la aplicaci\u00f3n de la Ley del Registro \u00danico de Contribuyentes (RUC), entre otras.<\/p>\n<p><b>Atracci\u00f3n de inversiones<\/b><\/p>\n<ul>\n<li>Clarifica el concepto de nueva inversi\u00f3n, haciendo prevalecer el lugar (ciudad) en donde se ejecuta la inversi\u00f3n, sobre la ubicaci\u00f3n del domicilio de la empresa.<\/li>\n<li>Permite la ejecuci\u00f3n inmediata de las inversiones nacionales y extranjeras, detallando de forma sencilla los procesos que deben seguirse en la aplicaci\u00f3n de la Ley.<\/li>\n<\/ul>\n<p><b>Exenci\u00f3n de impuestos<\/b><\/p>\n<ul>\n<li>Optimiza el esquema de la devoluci\u00f3n del Impuesto sobre el Valor A\u00f1adido (IVA) y del Impuesto a la Salida de Divisas (ISD) para las exportaciones.<\/li>\n<li>Reconoce autom\u00e1ticamente el incentivo para la exoneraci\u00f3n del Impuesto a la Renta (IR) para empresas nuevas, condicionando esta exenci\u00f3n a la tasa de crecimiento de sus activos para las empresas ya existentes.<\/li>\n<li>Permite la exoneraci\u00f3n del ISD sobre los dividendos a aquellas empresas que realicen reinversiones por lo menos del 50% de sus utilidades.<\/li>\n<\/ul>\n<p><b>Medio ambiente<\/b><\/p>\n<ul>\n<li>Establece un procedimiento simplificado de licenciamiento ambiental. A estos efectos, contempla una nueva modalidad contractual, de forma que las actividades de bajo impacto ambiental, siempre y cuando cumplan los requisitos previos, tendr\u00e1n la aprobaci\u00f3n inmediata, y las de mediano y alto impacto, deber\u00e1n presentar estudios que garanticen la protecci\u00f3n de la naturaleza.<\/li>\n<\/ul>\n<p><b>Otros<\/b><\/p>\n<ul>\n<li>Incorpora los procedimientos a seguir para monitorear el cumplimiento de las reglas fiscales, garantizando la permanencia de los programas sociales y la protecci\u00f3n a los m\u00e1s vulnerables.<\/li>\n<li>Posibilita la agilizaci\u00f3n de los tr\u00e1mites aduaneros, la equidad para empresas artesanales e incentivos y facilidades para quienes declaren si tienen fondos en para\u00edsos fiscales.<\/li>\n<li>Regula el Fondo de garant\u00edas para la Econom\u00eda Popular y solidaria para avanzar en el fomento de este sector<\/li>\n<\/ul>\n","protected":false},"excerpt":{"rendered":"<p>El pasado 18 de diciembre se expidi\u00f3 el Reglamento que desarrolla la Ley Org\u00e1nica para el Fomento Productivo, atracci\u00f3n de inversiones, generaci\u00f3n de empleo, y estabilidad y equilibrio fiscal comentada en Progreso 16. La norma, que mantiene el esp\u00edritu inclusivo de la Ley que reglamenta, concreta y clarifica la aplicaci\u00f3n de la misma evitando as\u00ed [&hellip;]<\/p>\n","protected":false},"author":30,"featured_media":13790,"comment_status":"open","ping_status":"open","sticky":false,"template":"","format":"standard","meta":{"_acf_changed":false,"footnotes":""},"tags":[113,1036,794,2886,3485,3487,3488,1602,1565,3486],"class_list":["post-13135","post","type-post","status-publish","format-standard","has-post-thumbnail","hentry","tag-inclusion-social","tag-ecuador","tag-empleo","tag-exencion-fiscal","tag-fomento-productivo","tag-impuesto-a-la-renta-ir","tag-impuesto-de-salida-de-divisas-isd","tag-inversiones","tag-medio-ambiente","tag-remision-de-intereses","numero-18m","seccion-legislacion-normas-publicadas-microfinanzas","pais-ecuador"],"acf":[],"yoast_head":"<!-- This site is optimized with the Yoast SEO plugin v27.4 - https:\/\/yoast.com\/product\/yoast-seo-wordpress\/ -->\n<title>Reglamento para aplicaci\u00f3n de la ley de Fomento Productivo<\/title>\n<meta name=\"description\" content=\"Reglamento para la aplicaci\u00f3n de la Ley Org\u00e1nica para el fomento productivo, atracci\u00f3n de inversiones, generaci\u00f3n de empleo, y estabilidad y fiscal\" \/>\n<meta name=\"robots\" content=\"index, follow, max-snippet:-1, max-image-preview:large, max-video-preview:-1\" \/>\n<link rel=\"canonical\" href=\"https:\/\/www.fundacionmicrofinanzasbbva.org\/revistaprogreso\/reglamento-para-aplicacion-de-la-ley-de-fomento-productivo\/\" \/>\n<meta property=\"og:locale\" content=\"es_ES\" \/>\n<meta property=\"og:type\" content=\"article\" \/>\n<meta property=\"og:title\" content=\"Reglamento para aplicaci\u00f3n de la ley de Fomento Productivo\" \/>\n<meta property=\"og:description\" content=\"Reglamento para la aplicaci\u00f3n de la Ley Org\u00e1nica para el fomento productivo, atracci\u00f3n de inversiones, generaci\u00f3n de empleo, y estabilidad y fiscal\" \/>\n<meta property=\"og:url\" content=\"https:\/\/www.fundacionmicrofinanzasbbva.org\/revistaprogreso\/reglamento-para-aplicacion-de-la-ley-de-fomento-productivo\/\" \/>\n<meta property=\"og:site_name\" content=\"Progreso\" \/>\n<meta property=\"article:publisher\" content=\"https:\/\/www.facebook.com\/fundacionmicrofinanzasbbva\" \/>\n<meta property=\"article:published_time\" content=\"2019-02-26T09:50:42+00:00\" \/>\n<meta property=\"article:modified_time\" content=\"2019-03-27T17:49:30+00:00\" \/>\n<meta property=\"og:image\" content=\"https:\/\/www.progresomicrofinanzas.org\/revistaprogreso\/wp-content\/uploads\/2019\/02\/Ecuador-bis.jpg\" \/>\n\t<meta property=\"og:image:width\" content=\"400\" \/>\n\t<meta property=\"og:image:height\" content=\"300\" \/>\n\t<meta property=\"og:image:type\" content=\"image\/jpeg\" \/>\n<meta name=\"author\" content=\"karessa Ramos\" \/>\n<meta name=\"twitter:card\" content=\"summary_large_image\" \/>\n<meta name=\"twitter:creator\" content=\"@FMBBVA\" \/>\n<meta name=\"twitter:site\" content=\"@FMBBVA\" \/>\n<meta name=\"twitter:label1\" content=\"Escrito por\" \/>\n\t<meta name=\"twitter:data1\" content=\"karessa Ramos\" \/>\n\t<meta name=\"twitter:label2\" content=\"Tiempo de lectura\" \/>\n\t<meta name=\"twitter:data2\" content=\"2 minutos\" \/>\n<script type=\"application\/ld+json\" class=\"yoast-schema-graph\">{\"@context\":\"https:\\\/\\\/schema.org\",\"@graph\":[{\"@type\":\"Article\",\"@id\":\"https:\\\/\\\/www.fundacionmicrofinanzasbbva.org\\\/revistaprogreso\\\/reglamento-para-aplicacion-de-la-ley-de-fomento-productivo\\\/#article\",\"isPartOf\":{\"@id\":\"https:\\\/\\\/www.fundacionmicrofinanzasbbva.org\\\/revistaprogreso\\\/reglamento-para-aplicacion-de-la-ley-de-fomento-productivo\\\/\"},\"author\":{\"name\":\"karessa Ramos\",\"@id\":\"https:\\\/\\\/www.progresomicrofinanzas.org\\\/revistaprogreso\\\/#\\\/schema\\\/person\\\/4a3fe64f7988998aa5e22913c8147baf\"},\"headline\":\"Reglamento para aplicaci\u00f3n de la ley de Fomento Productivo\",\"datePublished\":\"2019-02-26T09:50:42+00:00\",\"dateModified\":\"2019-03-27T17:49:30+00:00\",\"mainEntityOfPage\":{\"@id\":\"https:\\\/\\\/www.fundacionmicrofinanzasbbva.org\\\/revistaprogreso\\\/reglamento-para-aplicacion-de-la-ley-de-fomento-productivo\\\/\"},\"wordCount\":448,\"commentCount\":0,\"publisher\":{\"@id\":\"https:\\\/\\\/www.progresomicrofinanzas.org\\\/revistaprogreso\\\/#organization\"},\"image\":{\"@id\":\"https:\\\/\\\/www.fundacionmicrofinanzasbbva.org\\\/revistaprogreso\\\/reglamento-para-aplicacion-de-la-ley-de-fomento-productivo\\\/#primaryimage\"},\"thumbnailUrl\":\"https:\\\/\\\/www.fundacionmicrofinanzasbbva.org\\\/revistaprogreso\\\/wp-content\\\/uploads\\\/2019\\\/02\\\/Ecuador-bis.jpg\",\"keywords\":[\"#inclusi\u00f3n social\",\"Ecuador\",\"empleo\",\"exenci\u00f3n fiscal\",\"fomento productivo\",\"Impuesto a la Renta (IR)\",\"Impuesto de Salida de Divisas (ISD)\",\"inversiones\",\"medio ambiente\",\"remisi\u00f3n de intereses\"],\"inLanguage\":\"es\"},{\"@type\":\"WebPage\",\"@id\":\"https:\\\/\\\/www.fundacionmicrofinanzasbbva.org\\\/revistaprogreso\\\/reglamento-para-aplicacion-de-la-ley-de-fomento-productivo\\\/\",\"url\":\"https:\\\/\\\/www.fundacionmicrofinanzasbbva.org\\\/revistaprogreso\\\/reglamento-para-aplicacion-de-la-ley-de-fomento-productivo\\\/\",\"name\":\"Reglamento para aplicaci\u00f3n de la ley de Fomento Productivo\",\"isPartOf\":{\"@id\":\"https:\\\/\\\/www.progresomicrofinanzas.org\\\/revistaprogreso\\\/#website\"},\"primaryImageOfPage\":{\"@id\":\"https:\\\/\\\/www.fundacionmicrofinanzasbbva.org\\\/revistaprogreso\\\/reglamento-para-aplicacion-de-la-ley-de-fomento-productivo\\\/#primaryimage\"},\"image\":{\"@id\":\"https:\\\/\\\/www.fundacionmicrofinanzasbbva.org\\\/revistaprogreso\\\/reglamento-para-aplicacion-de-la-ley-de-fomento-productivo\\\/#primaryimage\"},\"thumbnailUrl\":\"https:\\\/\\\/www.fundacionmicrofinanzasbbva.org\\\/revistaprogreso\\\/wp-content\\\/uploads\\\/2019\\\/02\\\/Ecuador-bis.jpg\",\"datePublished\":\"2019-02-26T09:50:42+00:00\",\"dateModified\":\"2019-03-27T17:49:30+00:00\",\"description\":\"Reglamento para la aplicaci\u00f3n de la Ley Org\u00e1nica para el fomento productivo, atracci\u00f3n de inversiones, generaci\u00f3n de empleo, y estabilidad y fiscal\",\"breadcrumb\":{\"@id\":\"https:\\\/\\\/www.fundacionmicrofinanzasbbva.org\\\/revistaprogreso\\\/reglamento-para-aplicacion-de-la-ley-de-fomento-productivo\\\/#breadcrumb\"},\"inLanguage\":\"es\",\"potentialAction\":[{\"@type\":\"ReadAction\",\"target\":[\"https:\\\/\\\/www.fundacionmicrofinanzasbbva.org\\\/revistaprogreso\\\/reglamento-para-aplicacion-de-la-ley-de-fomento-productivo\\\/\"]}]},{\"@type\":\"ImageObject\",\"inLanguage\":\"es\",\"@id\":\"https:\\\/\\\/www.fundacionmicrofinanzasbbva.org\\\/revistaprogreso\\\/reglamento-para-aplicacion-de-la-ley-de-fomento-productivo\\\/#primaryimage\",\"url\":\"https:\\\/\\\/www.fundacionmicrofinanzasbbva.org\\\/revistaprogreso\\\/wp-content\\\/uploads\\\/2019\\\/02\\\/Ecuador-bis.jpg\",\"contentUrl\":\"https:\\\/\\\/www.fundacionmicrofinanzasbbva.org\\\/revistaprogreso\\\/wp-content\\\/uploads\\\/2019\\\/02\\\/Ecuador-bis.jpg\",\"width\":400,\"height\":300},{\"@type\":\"BreadcrumbList\",\"@id\":\"https:\\\/\\\/www.fundacionmicrofinanzasbbva.org\\\/revistaprogreso\\\/reglamento-para-aplicacion-de-la-ley-de-fomento-productivo\\\/#breadcrumb\",\"itemListElement\":[{\"@type\":\"ListItem\",\"position\":1,\"name\":\"Portada\",\"item\":\"https:\\\/\\\/www.progresomicrofinanzas.org\\\/revistaprogreso\\\/\"},{\"@type\":\"ListItem\",\"position\":2,\"name\":\"Reglamento para aplicaci\u00f3n de la ley de Fomento Productivo\"}]},{\"@type\":\"WebSite\",\"@id\":\"https:\\\/\\\/www.progresomicrofinanzas.org\\\/revistaprogreso\\\/#website\",\"url\":\"https:\\\/\\\/www.progresomicrofinanzas.org\\\/revistaprogreso\\\/\",\"name\":\"Revista Progreso\",\"description\":\"Revista de Actualidad Jur\u00eddica\",\"publisher\":{\"@id\":\"https:\\\/\\\/www.progresomicrofinanzas.org\\\/revistaprogreso\\\/#organization\"},\"alternateName\":\"Revista Progreso\",\"potentialAction\":[{\"@type\":\"SearchAction\",\"target\":{\"@type\":\"EntryPoint\",\"urlTemplate\":\"https:\\\/\\\/www.progresomicrofinanzas.org\\\/revistaprogreso\\\/?s={search_term_string}\"},\"query-input\":{\"@type\":\"PropertyValueSpecification\",\"valueRequired\":true,\"valueName\":\"search_term_string\"}}],\"inLanguage\":\"es\"},{\"@type\":\"Organization\",\"@id\":\"https:\\\/\\\/www.progresomicrofinanzas.org\\\/revistaprogreso\\\/#organization\",\"name\":\"Revista Progreso\",\"alternateName\":\"Revista Progreso\",\"url\":\"https:\\\/\\\/www.progresomicrofinanzas.org\\\/revistaprogreso\\\/\",\"logo\":{\"@type\":\"ImageObject\",\"inLanguage\":\"es\",\"@id\":\"https:\\\/\\\/www.progresomicrofinanzas.org\\\/revistaprogreso\\\/#\\\/schema\\\/logo\\\/image\\\/\",\"url\":\"https:\\\/\\\/www.fundacionmicrofinanzasbbva.org\\\/revistaprogreso\\\/wp-content\\\/uploads\\\/2023\\\/09\\\/Logo-FMBBVA-AZUL.png\",\"contentUrl\":\"https:\\\/\\\/www.fundacionmicrofinanzasbbva.org\\\/revistaprogreso\\\/wp-content\\\/uploads\\\/2023\\\/09\\\/Logo-FMBBVA-AZUL.png\",\"width\":6173,\"height\":1001,\"caption\":\"Revista Progreso\"},\"image\":{\"@id\":\"https:\\\/\\\/www.progresomicrofinanzas.org\\\/revistaprogreso\\\/#\\\/schema\\\/logo\\\/image\\\/\"},\"sameAs\":[\"https:\\\/\\\/www.facebook.com\\\/fundacionmicrofinanzasbbva\",\"https:\\\/\\\/x.com\\\/FMBBVA\",\"https:\\\/\\\/www.linkedin.com\\\/company\\\/fundacin-microfinanzas-bbva\\\/\",\"https:\\\/\\\/www.instagram.com\\\/somosfmbbva\\\/\"]},{\"@type\":\"Person\",\"@id\":\"https:\\\/\\\/www.progresomicrofinanzas.org\\\/revistaprogreso\\\/#\\\/schema\\\/person\\\/4a3fe64f7988998aa5e22913c8147baf\",\"name\":\"karessa Ramos\",\"image\":{\"@type\":\"ImageObject\",\"inLanguage\":\"es\",\"@id\":\"https:\\\/\\\/secure.gravatar.com\\\/avatar\\\/a2388109b4325a6fb9c892c3212e430cdc0835c8fc1c1a41f4cc2a3b175b81c5?s=96&d=mm&r=g\",\"url\":\"https:\\\/\\\/secure.gravatar.com\\\/avatar\\\/a2388109b4325a6fb9c892c3212e430cdc0835c8fc1c1a41f4cc2a3b175b81c5?s=96&d=mm&r=g\",\"contentUrl\":\"https:\\\/\\\/secure.gravatar.com\\\/avatar\\\/a2388109b4325a6fb9c892c3212e430cdc0835c8fc1c1a41f4cc2a3b175b81c5?s=96&d=mm&r=g\",\"caption\":\"karessa Ramos\"},\"url\":\"https:\\\/\\\/www.fundacionmicrofinanzasbbva.org\\\/revistaprogreso\\\/author\\\/karessa\\\/\"}]}<\/script>\n<!-- \/ Yoast SEO plugin. -->","yoast_head_json":{"title":"Reglamento para aplicaci\u00f3n de la ley de Fomento Productivo","description":"Reglamento para la aplicaci\u00f3n de la Ley Org\u00e1nica para el fomento productivo, atracci\u00f3n de inversiones, generaci\u00f3n de empleo, y estabilidad y fiscal","robots":{"index":"index","follow":"follow","max-snippet":"max-snippet:-1","max-image-preview":"max-image-preview:large","max-video-preview":"max-video-preview:-1"},"canonical":"https:\/\/www.fundacionmicrofinanzasbbva.org\/revistaprogreso\/reglamento-para-aplicacion-de-la-ley-de-fomento-productivo\/","og_locale":"es_ES","og_type":"article","og_title":"Reglamento para aplicaci\u00f3n de la ley de Fomento Productivo","og_description":"Reglamento para la aplicaci\u00f3n de la Ley Org\u00e1nica para el fomento productivo, atracci\u00f3n de inversiones, generaci\u00f3n de empleo, y estabilidad y fiscal","og_url":"https:\/\/www.fundacionmicrofinanzasbbva.org\/revistaprogreso\/reglamento-para-aplicacion-de-la-ley-de-fomento-productivo\/","og_site_name":"Progreso","article_publisher":"https:\/\/www.facebook.com\/fundacionmicrofinanzasbbva","article_published_time":"2019-02-26T09:50:42+00:00","article_modified_time":"2019-03-27T17:49:30+00:00","og_image":[{"width":400,"height":300,"url":"https:\/\/www.progresomicrofinanzas.org\/revistaprogreso\/wp-content\/uploads\/2019\/02\/Ecuador-bis.jpg","type":"image\/jpeg"}],"author":"karessa Ramos","twitter_card":"summary_large_image","twitter_creator":"@FMBBVA","twitter_site":"@FMBBVA","twitter_misc":{"Escrito por":"karessa Ramos","Tiempo de lectura":"2 minutos"},"schema":{"@context":"https:\/\/schema.org","@graph":[{"@type":"Article","@id":"https:\/\/www.fundacionmicrofinanzasbbva.org\/revistaprogreso\/reglamento-para-aplicacion-de-la-ley-de-fomento-productivo\/#article","isPartOf":{"@id":"https:\/\/www.fundacionmicrofinanzasbbva.org\/revistaprogreso\/reglamento-para-aplicacion-de-la-ley-de-fomento-productivo\/"},"author":{"name":"karessa Ramos","@id":"https:\/\/www.progresomicrofinanzas.org\/revistaprogreso\/#\/schema\/person\/4a3fe64f7988998aa5e22913c8147baf"},"headline":"Reglamento para aplicaci\u00f3n de la ley de Fomento Productivo","datePublished":"2019-02-26T09:50:42+00:00","dateModified":"2019-03-27T17:49:30+00:00","mainEntityOfPage":{"@id":"https:\/\/www.fundacionmicrofinanzasbbva.org\/revistaprogreso\/reglamento-para-aplicacion-de-la-ley-de-fomento-productivo\/"},"wordCount":448,"commentCount":0,"publisher":{"@id":"https:\/\/www.progresomicrofinanzas.org\/revistaprogreso\/#organization"},"image":{"@id":"https:\/\/www.fundacionmicrofinanzasbbva.org\/revistaprogreso\/reglamento-para-aplicacion-de-la-ley-de-fomento-productivo\/#primaryimage"},"thumbnailUrl":"https:\/\/www.fundacionmicrofinanzasbbva.org\/revistaprogreso\/wp-content\/uploads\/2019\/02\/Ecuador-bis.jpg","keywords":["#inclusi\u00f3n social","Ecuador","empleo","exenci\u00f3n fiscal","fomento productivo","Impuesto a la Renta (IR)","Impuesto de Salida de Divisas (ISD)","inversiones","medio ambiente","remisi\u00f3n de intereses"],"inLanguage":"es"},{"@type":"WebPage","@id":"https:\/\/www.fundacionmicrofinanzasbbva.org\/revistaprogreso\/reglamento-para-aplicacion-de-la-ley-de-fomento-productivo\/","url":"https:\/\/www.fundacionmicrofinanzasbbva.org\/revistaprogreso\/reglamento-para-aplicacion-de-la-ley-de-fomento-productivo\/","name":"Reglamento para aplicaci\u00f3n de la ley de Fomento Productivo","isPartOf":{"@id":"https:\/\/www.progresomicrofinanzas.org\/revistaprogreso\/#website"},"primaryImageOfPage":{"@id":"https:\/\/www.fundacionmicrofinanzasbbva.org\/revistaprogreso\/reglamento-para-aplicacion-de-la-ley-de-fomento-productivo\/#primaryimage"},"image":{"@id":"https:\/\/www.fundacionmicrofinanzasbbva.org\/revistaprogreso\/reglamento-para-aplicacion-de-la-ley-de-fomento-productivo\/#primaryimage"},"thumbnailUrl":"https:\/\/www.fundacionmicrofinanzasbbva.org\/revistaprogreso\/wp-content\/uploads\/2019\/02\/Ecuador-bis.jpg","datePublished":"2019-02-26T09:50:42+00:00","dateModified":"2019-03-27T17:49:30+00:00","description":"Reglamento para la aplicaci\u00f3n de la Ley Org\u00e1nica para el fomento productivo, atracci\u00f3n de inversiones, generaci\u00f3n de empleo, y estabilidad y fiscal","breadcrumb":{"@id":"https:\/\/www.fundacionmicrofinanzasbbva.org\/revistaprogreso\/reglamento-para-aplicacion-de-la-ley-de-fomento-productivo\/#breadcrumb"},"inLanguage":"es","potentialAction":[{"@type":"ReadAction","target":["https:\/\/www.fundacionmicrofinanzasbbva.org\/revistaprogreso\/reglamento-para-aplicacion-de-la-ley-de-fomento-productivo\/"]}]},{"@type":"ImageObject","inLanguage":"es","@id":"https:\/\/www.fundacionmicrofinanzasbbva.org\/revistaprogreso\/reglamento-para-aplicacion-de-la-ley-de-fomento-productivo\/#primaryimage","url":"https:\/\/www.fundacionmicrofinanzasbbva.org\/revistaprogreso\/wp-content\/uploads\/2019\/02\/Ecuador-bis.jpg","contentUrl":"https:\/\/www.fundacionmicrofinanzasbbva.org\/revistaprogreso\/wp-content\/uploads\/2019\/02\/Ecuador-bis.jpg","width":400,"height":300},{"@type":"BreadcrumbList","@id":"https:\/\/www.fundacionmicrofinanzasbbva.org\/revistaprogreso\/reglamento-para-aplicacion-de-la-ley-de-fomento-productivo\/#breadcrumb","itemListElement":[{"@type":"ListItem","position":1,"name":"Portada","item":"https:\/\/www.progresomicrofinanzas.org\/revistaprogreso\/"},{"@type":"ListItem","position":2,"name":"Reglamento para aplicaci\u00f3n de la ley de Fomento Productivo"}]},{"@type":"WebSite","@id":"https:\/\/www.progresomicrofinanzas.org\/revistaprogreso\/#website","url":"https:\/\/www.progresomicrofinanzas.org\/revistaprogreso\/","name":"Revista Progreso","description":"Revista de Actualidad Jur\u00eddica","publisher":{"@id":"https:\/\/www.progresomicrofinanzas.org\/revistaprogreso\/#organization"},"alternateName":"Revista Progreso","potentialAction":[{"@type":"SearchAction","target":{"@type":"EntryPoint","urlTemplate":"https:\/\/www.progresomicrofinanzas.org\/revistaprogreso\/?s={search_term_string}"},"query-input":{"@type":"PropertyValueSpecification","valueRequired":true,"valueName":"search_term_string"}}],"inLanguage":"es"},{"@type":"Organization","@id":"https:\/\/www.progresomicrofinanzas.org\/revistaprogreso\/#organization","name":"Revista Progreso","alternateName":"Revista Progreso","url":"https:\/\/www.progresomicrofinanzas.org\/revistaprogreso\/","logo":{"@type":"ImageObject","inLanguage":"es","@id":"https:\/\/www.progresomicrofinanzas.org\/revistaprogreso\/#\/schema\/logo\/image\/","url":"https:\/\/www.fundacionmicrofinanzasbbva.org\/revistaprogreso\/wp-content\/uploads\/2023\/09\/Logo-FMBBVA-AZUL.png","contentUrl":"https:\/\/www.fundacionmicrofinanzasbbva.org\/revistaprogreso\/wp-content\/uploads\/2023\/09\/Logo-FMBBVA-AZUL.png","width":6173,"height":1001,"caption":"Revista Progreso"},"image":{"@id":"https:\/\/www.progresomicrofinanzas.org\/revistaprogreso\/#\/schema\/logo\/image\/"},"sameAs":["https:\/\/www.facebook.com\/fundacionmicrofinanzasbbva","https:\/\/x.com\/FMBBVA","https:\/\/www.linkedin.com\/company\/fundacin-microfinanzas-bbva\/","https:\/\/www.instagram.com\/somosfmbbva\/"]},{"@type":"Person","@id":"https:\/\/www.progresomicrofinanzas.org\/revistaprogreso\/#\/schema\/person\/4a3fe64f7988998aa5e22913c8147baf","name":"karessa Ramos","image":{"@type":"ImageObject","inLanguage":"es","@id":"https:\/\/secure.gravatar.com\/avatar\/a2388109b4325a6fb9c892c3212e430cdc0835c8fc1c1a41f4cc2a3b175b81c5?s=96&d=mm&r=g","url":"https:\/\/secure.gravatar.com\/avatar\/a2388109b4325a6fb9c892c3212e430cdc0835c8fc1c1a41f4cc2a3b175b81c5?s=96&d=mm&r=g","contentUrl":"https:\/\/secure.gravatar.com\/avatar\/a2388109b4325a6fb9c892c3212e430cdc0835c8fc1c1a41f4cc2a3b175b81c5?s=96&d=mm&r=g","caption":"karessa Ramos"},"url":"https:\/\/www.fundacionmicrofinanzasbbva.org\/revistaprogreso\/author\/karessa\/"}]}},"_links":{"self":[{"href":"https:\/\/www.fundacionmicrofinanzasbbva.org\/revistaprogreso\/wp-json\/wp\/v2\/posts\/13135","targetHints":{"allow":["GET"]}}],"collection":[{"href":"https:\/\/www.fundacionmicrofinanzasbbva.org\/revistaprogreso\/wp-json\/wp\/v2\/posts"}],"about":[{"href":"https:\/\/www.fundacionmicrofinanzasbbva.org\/revistaprogreso\/wp-json\/wp\/v2\/types\/post"}],"author":[{"embeddable":true,"href":"https:\/\/www.fundacionmicrofinanzasbbva.org\/revistaprogreso\/wp-json\/wp\/v2\/users\/30"}],"replies":[{"embeddable":true,"href":"https:\/\/www.fundacionmicrofinanzasbbva.org\/revistaprogreso\/wp-json\/wp\/v2\/comments?post=13135"}],"version-history":[{"count":0,"href":"https:\/\/www.fundacionmicrofinanzasbbva.org\/revistaprogreso\/wp-json\/wp\/v2\/posts\/13135\/revisions"}],"wp:featuredmedia":[{"embeddable":true,"href":"https:\/\/www.fundacionmicrofinanzasbbva.org\/revistaprogreso\/wp-json\/wp\/v2\/media\/13790"}],"wp:attachment":[{"href":"https:\/\/www.fundacionmicrofinanzasbbva.org\/revistaprogreso\/wp-json\/wp\/v2\/media?parent=13135"}],"wp:term":[{"taxonomy":"post_tag","embeddable":true,"href":"https:\/\/www.fundacionmicrofinanzasbbva.org\/revistaprogreso\/wp-json\/wp\/v2\/tags?post=13135"}],"curies":[{"name":"wp","href":"https:\/\/api.w.org\/{rel}","templated":true}]}}