{"id":12615,"date":"2018-11-08T12:05:59","date_gmt":"2018-11-08T12:05:59","guid":{"rendered":"http:\/\/progresomicrofinanzas.org\/?p=12615\/"},"modified":"2018-11-08T12:05:59","modified_gmt":"2018-11-08T12:05:59","slug":"transposicion-la-directiva-europea-materia-prevencion-blanqueo-capitales","status":"publish","type":"post","link":"https:\/\/www.fundacionmicrofinanzasbbva.org\/revistaprogreso\/transposicion-la-directiva-europea-materia-prevencion-blanqueo-capitales\/","title":{"rendered":"Transposici\u00f3n de la Directiva europea en materia de prevenci\u00f3n de blanqueo de capitales"},"content":{"rendered":"<div class=\"pdfprnt-buttons pdfprnt-buttons-post pdfprnt-top-right\"><a href=\"https:\/\/www.fundacionmicrofinanzasbbva.org\/revistaprogreso\/wp-json\/wp\/v2\/posts\/12615?print=pdf\" class=\"pdfprnt-button pdfprnt-button-pdf\" target=\"_blank\" ><img decoding=\"async\" src=\"https:\/\/www.fundacionmicrofinanzasbbva.org\/revistaprogreso\/wp-content\/plugins\/pdf-print\/images\/pdf.png\" alt=\"image_pdf\" title=\"Ver PDF\" \/><\/a><a href=\"https:\/\/www.fundacionmicrofinanzasbbva.org\/revistaprogreso\/wp-json\/wp\/v2\/posts\/12615?print=print\" class=\"pdfprnt-button pdfprnt-button-print\" target=\"_blank\" ><img decoding=\"async\" src=\"https:\/\/www.fundacionmicrofinanzasbbva.org\/revistaprogreso\/wp-content\/plugins\/pdf-print\/images\/print.png\" alt=\"image_print\" title=\"Imprimir contenido\" \/><\/a><\/div><p><span style=\"font-weight: 400;\">A comienzos del mes de septiembre se public\u00f3 el Real \u2013 Decreto ley para transponer, entre otras, la Directiva (UE) 849\/2015 del Parlamento Europeo y del Consejo, de 20 de mayo, (\u201cDirectiva 849\/2015\u201d) que incluy\u00f3 numerosas modificaciones en la Ley 10\/2010, de 28 de abril, de prevenci\u00f3n de blanqueo de capitales y financiaci\u00f3n del terrorismo. A continuaci\u00f3n analizamos las principales novedades presentadas:<\/span><\/p>\n<p><b>Sujetos obligados<\/b><\/p>\n<p><span style=\"font-weight: 400;\">Se incluyen como sujetos obligados a aquellas personas que, por cuenta de terceros, ejerzan funciones de secretarios no consejeros de consejos de administraci\u00f3n o de asesores externos de una sociedad.<\/span><\/p>\n<p><b>Debida diligencia reforzada<\/b><\/p>\n<p><span style=\"font-weight: 400;\">Se incorpora la obligaci\u00f3n de los sujetos obligados de aplicar medidas de debida diligencia reforzadas en relaci\u00f3n con aquellos pa\u00edses que presenten deficiencias estrat\u00e9gicas<\/span><span style=\"font-weight: 400;\">*<\/span><span style=\"font-weight: 400;\"> en sus sistemas de lucha contra el blanqueo de capitales y la financiaci\u00f3n del terrorismo. Tambi\u00e9n en aquellos supuestos que se determinen reglamentariamente por presentar un alto riesgo de blanqueo de capitales o de financiaci\u00f3n al terrorismo, as\u00ed como en todas las situaciones que, por su propia naturaleza, puedan presentar un riesgo m\u00e1s elevado, siempre que se trate de actividades de banca privada y operaciones de env\u00edo de dinero y de cambio de moneda extranjera que superen los umbrales establecidos reglamentariamente.<\/span><\/p>\n<p><span style=\"font-weight: 400;\">La diligencia reforzada ser\u00e1 igualmente aplicable para las personas con responsabilidad p\u00fablica, siendo necesario obtener autorizaci\u00f3n por parte de un superior jer\u00e1rquico para poder establecer o mantener relaciones de negocios con ellas. Los procedimientos internos de la entidad determinar\u00e1n, en concreto, el superior jer\u00e1rquico que corresponda otorgar la autorizaci\u00f3n, en funci\u00f3n del riesgo de la operaci\u00f3n o del cliente en concreto. Adem\u00e1s, esta autorizaci\u00f3n solo podr\u00e1 concederse por quienes conozcan suficientemente el nivel de exposici\u00f3n del sujeto obligado al riesgo de blanqueo de capitales y de la financiaci\u00f3n del terrorismo.<\/span><\/p>\n<p><b>Conservaci\u00f3n de documentaci\u00f3n<\/b><\/p>\n<p><span style=\"font-weight: 400;\">Se mantiene el deber de conservar la documentaci\u00f3n que formalice el cumplimiento de las obligaciones legales durante un plazo de 10 a\u00f1os, aunque se modifica respecto a la Ley anterior, ya que una vez transcurridos esos a\u00f1os se proceder\u00e1 a su eliminaci\u00f3n.<\/span><\/p>\n<p><span style=\"font-weight: 400;\">Adem\u00e1s, se incluye que tras 5 a\u00f1os desde la terminaci\u00f3n de la relaci\u00f3n de negocios o la ejecuci\u00f3n de la operaci\u00f3n ocasional, la documentaci\u00f3n conservada solamente ser\u00e1 accesible por los \u00f3rganos de control interno de la entidad y, en su caso, por los encargados de su defensa legal.<\/span><\/p>\n<p><b>Canal de denuncias interno<\/b><\/p>\n<p><span style=\"font-weight: 400;\">Se establece la obligatoriedad de establecer un canal interno para que empleados, directivos, agentes, puedan, incluso de manera an\u00f3nima, denunciar espec\u00edficamente posibles incumplimientos en materia de blanqueo de capitales y de financiaci\u00f3n del terrorismo. Este canal tambi\u00e9n podr\u00e1 integrarse en otro que ya tenga establecido la entidad para informar sobre otras conductas e incumplimientos que no est\u00e9n relacionados con dichas materias.<\/span><\/p>\n<p><span style=\"font-weight: 400;\">En todo caso, los sujetos obligados deber\u00e1n adoptar las medidas necesarias para garantizar que los empleados, directivos o agentes que informen de las infracciones est\u00e9n protegidos frente a eventuales represalias, discriminaciones o tratos injustos.<\/span><\/p>\n<p><b>\u00d3rgano de control interno<\/b><\/p>\n<p><span style=\"font-weight: 400;\">Se incluye la obligaci\u00f3n de los sujetos obligados de designar como representante ante el Servicio Ejecutivo de la Comisi\u00f3n a una persona residente en Espa\u00f1a que ejerza el cargo de administrador o director de la entidad, y para grupos con varios sujetos obligados, se podr\u00e1 designar una \u00fanica persona que represente a todos ellos y que ejerza dicho cargo en la sociedad dominante.<\/span><\/p>\n<p><span style=\"font-weight: 400;\">Por otra parte, las entidades deber\u00e1n establecer un \u00f3rgano de control interno adecuado que ser\u00e1 responsable del cumplimiento de las pol\u00edticas y procedimientos en materia de debida diligencia, informaci\u00f3n, conservaci\u00f3n de documentos, control interno, evaluaci\u00f3n y gesti\u00f3n de riesgos y comunicaci\u00f3n, a fin de prevenir e impedir operaciones relacionadas con el blanqueo de capitales o la financiaci\u00f3n del terrorismo.<\/span><\/p>\n<p><span style=\"font-weight: 400;\">Este \u00f3rgano deber\u00e1 reunirse, con la periodicidad que se determine en el procedimiento de control interno, y levantar\u00e1 acta expresa de los acuerdos adoptados. Adem\u00e1s, estar\u00e1 funcionalmente separado de la unidad de auditor\u00eda interna de la sociedad.<\/span><\/p>\n<p><span style=\"font-weight: 400;\">Adem\u00e1s, este \u00f3rgano ser\u00e1 examinado anualmente por un experto externo, y los resultados de este examen se consignar\u00e1n en un informe escrito que valorar\u00e1 su eficacia operativa y propondr\u00e1, en su caso, eventuales rectificaciones o mejoras. Este informe podr\u00e1 ser sustituido por un informe de seguimiento emitido por el experto independiente, en los dos a\u00f1os sucesivos desde la emisi\u00f3n de dicho informe.<\/span><\/p>\n<p><span style=\"font-weight: 400;\">En todo caso, el informe se presentar\u00e1 al consejo de administraci\u00f3n o al \u00f3rgano equivalente de la sociedad para que, en su caso, adopte las medidas necesarias para solventar las deficiencias detectadas. <\/span><\/p>\n<p><b>Registro de prestadores de servicios<\/b><\/p>\n<p><span style=\"font-weight: 400;\">Se contempla la obligaci\u00f3n de que las personas f\u00edsicas o jur\u00eddicas que, de forma profesional o empresarial, presten por cuenta de terceros los servicios recogidos en el art\u00edculo 2.1.o) de la Ley<\/span><span style=\"font-weight: 400;\">**<\/span><span style=\"font-weight: 400;\"> de sociedades y fideicomisos, se inscriban en el Registro Mercantil competente por raz\u00f3n de su domicilio, previamente al inicio de sus actividades.<\/span><\/p>\n<p><span style=\"font-weight: 400;\">Si ya estuvieran realizando tales actividades, tendr\u00e1n un a\u00f1o para inscribirse; y aquellas que ya estuvieran inscritas, tendr\u00e1n el mismo plazo para presentar en el registro una manifestaci\u00f3n de estar sometidas a las normas establecidas en esta Ley, junto con una manifestaci\u00f3n de quienes sean sus titulares reales, en el caso de personas jur\u00eddicas.<\/span><\/p>\n<p><span style=\"font-weight: 400;\">El incumplimiento de estas obligaciones supondr\u00e1 una infracci\u00f3n leve.<\/span><\/p>\n<p><b>R\u00e9gimen sancionador<\/b><\/p>\n<p><span style=\"font-weight: 400;\">Finalmente, se agravan las sanciones por infracciones leves, graves y muy graves, y se incorporan nuevas sanciones, en concreto para aquellas personas responsables de la infracci\u00f3n que ejerzan cargos de administraci\u00f3n o direcci\u00f3n, o la funci\u00f3n de experto externo, en la sociedad obligada.<\/span><\/p>\n<p><span style=\"font-weight: 400;\">Respecto a las infracciones muy graves:<\/span><\/p>\n<ul>\n<li style=\"font-weight: 400;\"><span style=\"font-weight: 400;\">Multa a cada persona por un importe de entre sesenta mil y diez millones de euros, junto con una amonestaci\u00f3n p\u00fablica<\/span><\/li>\n<li style=\"font-weight: 400;\"><span style=\"font-weight: 400;\">Separaci\u00f3n del cargo, con inhabilitaci\u00f3n para ejercer cargos de administraci\u00f3n o direcci\u00f3n en cualquier entidad obligada por la Ley, por un plazo m\u00e1ximo de diez a\u00f1os<\/span><\/li>\n<\/ul>\n<p><span style=\"font-weight: 400;\">Estas sanciones tambi\u00e9n ir\u00e1n acompa\u00f1adas de un requerimiento al infractor para que finalice su conducta y se abstenga de repetirla.<\/span><\/p>\n<p><span style=\"font-weight: 400;\">Respecto a las infracciones graves:<\/span><\/p>\n<ul>\n<li style=\"font-weight: 400;\"><span style=\"font-weight: 400;\">Multa a cada persona por un importe m\u00ednimo de tres mil euros y un m\u00e1ximo de hasta cinco millones de euros, junto con una amonestaci\u00f3n p\u00fablica o privada<\/span><\/li>\n<li style=\"font-weight: 400;\"><span style=\"font-weight: 400;\">Separaci\u00f3n del cargo, con inhabilitaci\u00f3n 5 para ejercer cargos de administraci\u00f3n o direcci\u00f3n en cualquier entidad obligada por la Ley, por un plazo m\u00e1ximo de cinco a\u00f1os<\/span><\/li>\n<\/ul>\n<div class=\"note\">\n<p><span style=\"font-weight: 400;\">*\u00a0<\/span><span style=\"font-weight: 400;\">Los pa\u00edses con deficiencias estrat\u00e9gicas figurar\u00e1n en la decisi\u00f3n que adopte la Comisi\u00f3n Europea, conforme a lo dispuesto en el art\u00edculo 9 de la Directiva 849\/2015.<\/span><\/p>\n<p><span style=\"font-weight: 400;\">**\u00a0<\/span><span style=\"font-weight: 400;\">Las personas que con car\u00e1cter profesional y con arreglo a la normativa espec\u00edfica que en cada caso sea aplicable presten los siguientes servicios por cuenta de terceros: constituir sociedades u otras personas jur\u00eddicas; ejercer funciones de direcci\u00f3n o de secretarios no consejeros de consejo de administraci\u00f3n o de asesor\u00eda externa de una sociedad, socio de una asociaci\u00f3n o funciones similares en relaci\u00f3n con otras personas jur\u00eddicas o disponer que otra persona ejerza dichas funciones; facilitar un domicilio social o una direcci\u00f3n comercial, postal, administrativa y otros servicios afines a una sociedad, una asociaci\u00f3n o cualquier otro instrumento o persona jur\u00eddicos; ejercer funciones de fiduciario en un fideicomiso (<\/span><span style=\"font-weight: 400;\">trust<\/span><span style=\"font-weight: 400;\">) o instrumento jur\u00eddico similar o disponer que otra persona ejerza dichas funciones; o ejercer funciones de accionista por cuenta de otra persona, exceptuando las sociedades que coticen en un mercado regulado de la Uni\u00f3n Europea y que est\u00e9n sujetas a requisitos de informaci\u00f3n acordes con el Derecho de la Uni\u00f3n o a normas internacionales equivalentes que garanticen la adecuada transparencia de la informaci\u00f3n sobre la propiedad, o disponer que otra persona ejerza dichas funciones.<\/span><\/p>\n<\/div>\n","protected":false},"excerpt":{"rendered":"<p>A comienzos del mes de septiembre se public\u00f3 el Real \u2013 Decreto ley para transponer, entre otras, la Directiva (UE) 849\/2015 del Parlamento Europeo y del Consejo, de 20 de mayo, (\u201cDirectiva 849\/2015\u201d) que incluy\u00f3 numerosas modificaciones en la Ley 10\/2010, de 28 de abril, de prevenci\u00f3n de blanqueo de capitales y financiaci\u00f3n del terrorismo. [&hellip;]<\/p>\n","protected":false},"author":30,"featured_media":12619,"comment_status":"open","ping_status":"open","sticky":false,"template":"","format":"standard","meta":{"_acf_changed":false,"footnotes":""},"tags":[109,3777,3778,3406,319,1094,194,3774,323,85,3775,3776],"class_list":["post-12615","post","type-post","status-publish","format-standard","has-post-thumbnail","hentry","tag-espana","tag-asesor-externo","tag-asesoria-externa","tag-blanqueo","tag-blanqueo-de-capitales","tag-canal-de-denuncias","tag-control-interno","tag-directiva-8492015","tag-financiacion-del-terrorismo","tag-gobierno-corporativo","tag-registro-de-prestadores-de-servicios","tag-secretario-no-consejero","numero-17m","seccion-legislacion-normas-publicadas-gobierno-corporativo","pais-espana"],"acf":[],"yoast_head":"<!-- This site is optimized with the Yoast SEO plugin v27.4 - https:\/\/yoast.com\/product\/yoast-seo-wordpress\/ -->\n<title>Transposici\u00f3n de la Directiva europea en materia de prevenci\u00f3n de blanqueo de capitales<\/title>\n<meta name=\"description\" content=\"A comienzos del mes de septiembre se public\u00f3 el Real \u2013 Decreto ley para transponer la Directiva (UE) 849\/2015 del Parlamento Europeo y del Consejo, de 20 de mayo, que incluy\u00f3 numerosas modificaciones en la Ley 10\/2010, de 28 de abril, de prevenci\u00f3n de blanqueo de capitales y financiaci\u00f3n del terrorismo.\" \/>\n<meta name=\"robots\" content=\"index, follow, max-snippet:-1, max-image-preview:large, max-video-preview:-1\" \/>\n<link rel=\"canonical\" href=\"https:\/\/www.fundacionmicrofinanzasbbva.org\/revistaprogreso\/transposicion-la-directiva-europea-materia-prevencion-blanqueo-capitales\/\" \/>\n<meta property=\"og:locale\" content=\"es_ES\" \/>\n<meta property=\"og:type\" content=\"article\" \/>\n<meta property=\"og:title\" content=\"Transposici\u00f3n de la Directiva europea en materia de prevenci\u00f3n de blanqueo de capitales\" \/>\n<meta property=\"og:description\" content=\"A comienzos del mes de septiembre se public\u00f3 el Real \u2013 Decreto ley para transponer la Directiva (UE) 849\/2015 del Parlamento Europeo y del Consejo, de 20 de mayo, que incluy\u00f3 numerosas modificaciones en la Ley 10\/2010, de 28 de abril, de prevenci\u00f3n de blanqueo de capitales y financiaci\u00f3n del terrorismo.\" \/>\n<meta property=\"og:url\" content=\"https:\/\/www.fundacionmicrofinanzasbbva.org\/revistaprogreso\/transposicion-la-directiva-europea-materia-prevencion-blanqueo-capitales\/\" \/>\n<meta property=\"og:site_name\" content=\"Progreso\" \/>\n<meta property=\"article:publisher\" content=\"https:\/\/www.facebook.com\/fundacionmicrofinanzasbbva\" \/>\n<meta property=\"article:published_time\" content=\"2018-11-08T12:05:59+00:00\" \/>\n<meta property=\"og:image\" content=\"https:\/\/progresomicrofinanzas.org\/revistaprogreso\/wp-content\/uploads\/2018\/10\/Esp-blanqueo.jpg\" \/>\n\t<meta property=\"og:image:width\" content=\"400\" \/>\n\t<meta property=\"og:image:height\" content=\"300\" \/>\n\t<meta property=\"og:image:type\" content=\"image\/jpeg\" \/>\n<meta name=\"author\" content=\"karessa Ramos\" \/>\n<meta name=\"twitter:card\" content=\"summary_large_image\" \/>\n<meta name=\"twitter:creator\" content=\"@FMBBVA\" \/>\n<meta name=\"twitter:site\" content=\"@FMBBVA\" \/>\n<meta name=\"twitter:label1\" content=\"Escrito por\" \/>\n\t<meta name=\"twitter:data1\" content=\"karessa Ramos\" \/>\n\t<meta name=\"twitter:label2\" content=\"Tiempo de lectura\" \/>\n\t<meta name=\"twitter:data2\" content=\"7 minutos\" \/>\n<script type=\"application\/ld+json\" class=\"yoast-schema-graph\">{\"@context\":\"https:\\\/\\\/schema.org\",\"@graph\":[{\"@type\":\"Article\",\"@id\":\"https:\\\/\\\/www.fundacionmicrofinanzasbbva.org\\\/revistaprogreso\\\/transposicion-la-directiva-europea-materia-prevencion-blanqueo-capitales\\\/#article\",\"isPartOf\":{\"@id\":\"https:\\\/\\\/www.fundacionmicrofinanzasbbva.org\\\/revistaprogreso\\\/transposicion-la-directiva-europea-materia-prevencion-blanqueo-capitales\\\/\"},\"author\":{\"name\":\"karessa Ramos\",\"@id\":\"https:\\\/\\\/34.249.117.129\\\/revistaprogreso\\\/en\\\/#\\\/schema\\\/person\\\/4a3fe64f7988998aa5e22913c8147baf\"},\"headline\":\"Transposici\u00f3n de la Directiva europea en materia de prevenci\u00f3n de blanqueo de capitales\",\"datePublished\":\"2018-11-08T12:05:59+00:00\",\"mainEntityOfPage\":{\"@id\":\"https:\\\/\\\/www.fundacionmicrofinanzasbbva.org\\\/revistaprogreso\\\/transposicion-la-directiva-europea-materia-prevencion-blanqueo-capitales\\\/\"},\"wordCount\":1378,\"commentCount\":0,\"publisher\":{\"@id\":\"https:\\\/\\\/34.249.117.129\\\/revistaprogreso\\\/en\\\/#organization\"},\"image\":{\"@id\":\"https:\\\/\\\/www.fundacionmicrofinanzasbbva.org\\\/revistaprogreso\\\/transposicion-la-directiva-europea-materia-prevencion-blanqueo-capitales\\\/#primaryimage\"},\"thumbnailUrl\":\"https:\\\/\\\/www.fundacionmicrofinanzasbbva.org\\\/revistaprogreso\\\/wp-content\\\/uploads\\\/2018\\\/10\\\/Esp-blanqueo.jpg\",\"keywords\":[\"#Espa\u00f1a\",\"asesor externo\",\"asesor\u00eda externa\",\"blanqueo\",\"blanqueo de capitales\",\"canal de denuncias\",\"control interno\",\"Directiva 849\\\/2015\",\"financiaci\u00f3n del terrorismo\",\"gobierno corporativo\",\"registro de prestadores de servicios\",\"secretario no consejero\"],\"inLanguage\":\"es\"},{\"@type\":\"WebPage\",\"@id\":\"https:\\\/\\\/www.fundacionmicrofinanzasbbva.org\\\/revistaprogreso\\\/transposicion-la-directiva-europea-materia-prevencion-blanqueo-capitales\\\/\",\"url\":\"https:\\\/\\\/www.fundacionmicrofinanzasbbva.org\\\/revistaprogreso\\\/transposicion-la-directiva-europea-materia-prevencion-blanqueo-capitales\\\/\",\"name\":\"Transposici\u00f3n de la Directiva europea en materia de prevenci\u00f3n de blanqueo de capitales\",\"isPartOf\":{\"@id\":\"https:\\\/\\\/34.249.117.129\\\/revistaprogreso\\\/en\\\/#website\"},\"primaryImageOfPage\":{\"@id\":\"https:\\\/\\\/www.fundacionmicrofinanzasbbva.org\\\/revistaprogreso\\\/transposicion-la-directiva-europea-materia-prevencion-blanqueo-capitales\\\/#primaryimage\"},\"image\":{\"@id\":\"https:\\\/\\\/www.fundacionmicrofinanzasbbva.org\\\/revistaprogreso\\\/transposicion-la-directiva-europea-materia-prevencion-blanqueo-capitales\\\/#primaryimage\"},\"thumbnailUrl\":\"https:\\\/\\\/www.fundacionmicrofinanzasbbva.org\\\/revistaprogreso\\\/wp-content\\\/uploads\\\/2018\\\/10\\\/Esp-blanqueo.jpg\",\"datePublished\":\"2018-11-08T12:05:59+00:00\",\"description\":\"A comienzos del mes de septiembre se public\u00f3 el Real \u2013 Decreto ley para transponer la Directiva (UE) 849\\\/2015 del Parlamento Europeo y del Consejo, de 20 de mayo, que incluy\u00f3 numerosas modificaciones en la Ley 10\\\/2010, de 28 de abril, de prevenci\u00f3n de blanqueo de capitales y financiaci\u00f3n del terrorismo.\",\"breadcrumb\":{\"@id\":\"https:\\\/\\\/www.fundacionmicrofinanzasbbva.org\\\/revistaprogreso\\\/transposicion-la-directiva-europea-materia-prevencion-blanqueo-capitales\\\/#breadcrumb\"},\"inLanguage\":\"es\",\"potentialAction\":[{\"@type\":\"ReadAction\",\"target\":[\"https:\\\/\\\/www.fundacionmicrofinanzasbbva.org\\\/revistaprogreso\\\/transposicion-la-directiva-europea-materia-prevencion-blanqueo-capitales\\\/\"]}]},{\"@type\":\"ImageObject\",\"inLanguage\":\"es\",\"@id\":\"https:\\\/\\\/www.fundacionmicrofinanzasbbva.org\\\/revistaprogreso\\\/transposicion-la-directiva-europea-materia-prevencion-blanqueo-capitales\\\/#primaryimage\",\"url\":\"https:\\\/\\\/www.fundacionmicrofinanzasbbva.org\\\/revistaprogreso\\\/wp-content\\\/uploads\\\/2018\\\/10\\\/Esp-blanqueo.jpg\",\"contentUrl\":\"https:\\\/\\\/www.fundacionmicrofinanzasbbva.org\\\/revistaprogreso\\\/wp-content\\\/uploads\\\/2018\\\/10\\\/Esp-blanqueo.jpg\",\"width\":400,\"height\":300},{\"@type\":\"BreadcrumbList\",\"@id\":\"https:\\\/\\\/www.fundacionmicrofinanzasbbva.org\\\/revistaprogreso\\\/transposicion-la-directiva-europea-materia-prevencion-blanqueo-capitales\\\/#breadcrumb\",\"itemListElement\":[{\"@type\":\"ListItem\",\"position\":1,\"name\":\"Portada\",\"item\":\"https:\\\/\\\/34.249.117.129\\\/revistaprogreso\\\/en\\\/\"},{\"@type\":\"ListItem\",\"position\":2,\"name\":\"Transposici\u00f3n de la Directiva europea en materia de prevenci\u00f3n de blanqueo de capitales\"}]},{\"@type\":\"WebSite\",\"@id\":\"https:\\\/\\\/34.249.117.129\\\/revistaprogreso\\\/en\\\/#website\",\"url\":\"https:\\\/\\\/34.249.117.129\\\/revistaprogreso\\\/en\\\/\",\"name\":\"Revista Progreso\",\"description\":\"Revista de Actualidad Jur\u00eddica\",\"publisher\":{\"@id\":\"https:\\\/\\\/34.249.117.129\\\/revistaprogreso\\\/en\\\/#organization\"},\"alternateName\":\"Revista Progreso\",\"potentialAction\":[{\"@type\":\"SearchAction\",\"target\":{\"@type\":\"EntryPoint\",\"urlTemplate\":\"https:\\\/\\\/34.249.117.129\\\/revistaprogreso\\\/en\\\/?s={search_term_string}\"},\"query-input\":{\"@type\":\"PropertyValueSpecification\",\"valueRequired\":true,\"valueName\":\"search_term_string\"}}],\"inLanguage\":\"es\"},{\"@type\":\"Organization\",\"@id\":\"https:\\\/\\\/34.249.117.129\\\/revistaprogreso\\\/en\\\/#organization\",\"name\":\"Revista Progreso\",\"alternateName\":\"Revista Progreso\",\"url\":\"https:\\\/\\\/34.249.117.129\\\/revistaprogreso\\\/en\\\/\",\"logo\":{\"@type\":\"ImageObject\",\"inLanguage\":\"es\",\"@id\":\"https:\\\/\\\/34.249.117.129\\\/revistaprogreso\\\/en\\\/#\\\/schema\\\/logo\\\/image\\\/\",\"url\":\"https:\\\/\\\/www.fundacionmicrofinanzasbbva.org\\\/revistaprogreso\\\/wp-content\\\/uploads\\\/2023\\\/09\\\/Logo-FMBBVA-AZUL.png\",\"contentUrl\":\"https:\\\/\\\/www.fundacionmicrofinanzasbbva.org\\\/revistaprogreso\\\/wp-content\\\/uploads\\\/2023\\\/09\\\/Logo-FMBBVA-AZUL.png\",\"width\":6173,\"height\":1001,\"caption\":\"Revista Progreso\"},\"image\":{\"@id\":\"https:\\\/\\\/34.249.117.129\\\/revistaprogreso\\\/en\\\/#\\\/schema\\\/logo\\\/image\\\/\"},\"sameAs\":[\"https:\\\/\\\/www.facebook.com\\\/fundacionmicrofinanzasbbva\",\"https:\\\/\\\/x.com\\\/FMBBVA\",\"https:\\\/\\\/www.linkedin.com\\\/company\\\/fundacin-microfinanzas-bbva\\\/\",\"https:\\\/\\\/www.instagram.com\\\/somosfmbbva\\\/\"]},{\"@type\":\"Person\",\"@id\":\"https:\\\/\\\/34.249.117.129\\\/revistaprogreso\\\/en\\\/#\\\/schema\\\/person\\\/4a3fe64f7988998aa5e22913c8147baf\",\"name\":\"karessa Ramos\",\"image\":{\"@type\":\"ImageObject\",\"inLanguage\":\"es\",\"@id\":\"https:\\\/\\\/secure.gravatar.com\\\/avatar\\\/a2388109b4325a6fb9c892c3212e430cdc0835c8fc1c1a41f4cc2a3b175b81c5?s=96&d=mm&r=g\",\"url\":\"https:\\\/\\\/secure.gravatar.com\\\/avatar\\\/a2388109b4325a6fb9c892c3212e430cdc0835c8fc1c1a41f4cc2a3b175b81c5?s=96&d=mm&r=g\",\"contentUrl\":\"https:\\\/\\\/secure.gravatar.com\\\/avatar\\\/a2388109b4325a6fb9c892c3212e430cdc0835c8fc1c1a41f4cc2a3b175b81c5?s=96&d=mm&r=g\",\"caption\":\"karessa Ramos\"},\"url\":\"https:\\\/\\\/www.fundacionmicrofinanzasbbva.org\\\/revistaprogreso\\\/author\\\/karessa\\\/\"}]}<\/script>\n<!-- \/ Yoast SEO plugin. -->","yoast_head_json":{"title":"Transposici\u00f3n de la Directiva europea en materia de prevenci\u00f3n de blanqueo de capitales","description":"A comienzos del mes de septiembre se public\u00f3 el Real \u2013 Decreto ley para transponer la Directiva (UE) 849\/2015 del Parlamento Europeo y del Consejo, de 20 de mayo, que incluy\u00f3 numerosas modificaciones en la Ley 10\/2010, de 28 de abril, de prevenci\u00f3n de blanqueo de capitales y financiaci\u00f3n del terrorismo.","robots":{"index":"index","follow":"follow","max-snippet":"max-snippet:-1","max-image-preview":"max-image-preview:large","max-video-preview":"max-video-preview:-1"},"canonical":"https:\/\/www.fundacionmicrofinanzasbbva.org\/revistaprogreso\/transposicion-la-directiva-europea-materia-prevencion-blanqueo-capitales\/","og_locale":"es_ES","og_type":"article","og_title":"Transposici\u00f3n de la Directiva europea en materia de prevenci\u00f3n de blanqueo de capitales","og_description":"A comienzos del mes de septiembre se public\u00f3 el Real \u2013 Decreto ley para transponer la Directiva (UE) 849\/2015 del Parlamento Europeo y del Consejo, de 20 de mayo, que incluy\u00f3 numerosas modificaciones en la Ley 10\/2010, de 28 de abril, de prevenci\u00f3n de blanqueo de capitales y financiaci\u00f3n del terrorismo.","og_url":"https:\/\/www.fundacionmicrofinanzasbbva.org\/revistaprogreso\/transposicion-la-directiva-europea-materia-prevencion-blanqueo-capitales\/","og_site_name":"Progreso","article_publisher":"https:\/\/www.facebook.com\/fundacionmicrofinanzasbbva","article_published_time":"2018-11-08T12:05:59+00:00","og_image":[{"width":400,"height":300,"url":"https:\/\/progresomicrofinanzas.org\/revistaprogreso\/wp-content\/uploads\/2018\/10\/Esp-blanqueo.jpg","type":"image\/jpeg"}],"author":"karessa Ramos","twitter_card":"summary_large_image","twitter_creator":"@FMBBVA","twitter_site":"@FMBBVA","twitter_misc":{"Escrito por":"karessa Ramos","Tiempo de lectura":"7 minutos"},"schema":{"@context":"https:\/\/schema.org","@graph":[{"@type":"Article","@id":"https:\/\/www.fundacionmicrofinanzasbbva.org\/revistaprogreso\/transposicion-la-directiva-europea-materia-prevencion-blanqueo-capitales\/#article","isPartOf":{"@id":"https:\/\/www.fundacionmicrofinanzasbbva.org\/revistaprogreso\/transposicion-la-directiva-europea-materia-prevencion-blanqueo-capitales\/"},"author":{"name":"karessa Ramos","@id":"https:\/\/34.249.117.129\/revistaprogreso\/en\/#\/schema\/person\/4a3fe64f7988998aa5e22913c8147baf"},"headline":"Transposici\u00f3n de la Directiva europea en materia de prevenci\u00f3n de blanqueo de capitales","datePublished":"2018-11-08T12:05:59+00:00","mainEntityOfPage":{"@id":"https:\/\/www.fundacionmicrofinanzasbbva.org\/revistaprogreso\/transposicion-la-directiva-europea-materia-prevencion-blanqueo-capitales\/"},"wordCount":1378,"commentCount":0,"publisher":{"@id":"https:\/\/34.249.117.129\/revistaprogreso\/en\/#organization"},"image":{"@id":"https:\/\/www.fundacionmicrofinanzasbbva.org\/revistaprogreso\/transposicion-la-directiva-europea-materia-prevencion-blanqueo-capitales\/#primaryimage"},"thumbnailUrl":"https:\/\/www.fundacionmicrofinanzasbbva.org\/revistaprogreso\/wp-content\/uploads\/2018\/10\/Esp-blanqueo.jpg","keywords":["#Espa\u00f1a","asesor externo","asesor\u00eda externa","blanqueo","blanqueo de capitales","canal de denuncias","control interno","Directiva 849\/2015","financiaci\u00f3n del terrorismo","gobierno corporativo","registro de prestadores de servicios","secretario no consejero"],"inLanguage":"es"},{"@type":"WebPage","@id":"https:\/\/www.fundacionmicrofinanzasbbva.org\/revistaprogreso\/transposicion-la-directiva-europea-materia-prevencion-blanqueo-capitales\/","url":"https:\/\/www.fundacionmicrofinanzasbbva.org\/revistaprogreso\/transposicion-la-directiva-europea-materia-prevencion-blanqueo-capitales\/","name":"Transposici\u00f3n de la Directiva europea en materia de prevenci\u00f3n de blanqueo de capitales","isPartOf":{"@id":"https:\/\/34.249.117.129\/revistaprogreso\/en\/#website"},"primaryImageOfPage":{"@id":"https:\/\/www.fundacionmicrofinanzasbbva.org\/revistaprogreso\/transposicion-la-directiva-europea-materia-prevencion-blanqueo-capitales\/#primaryimage"},"image":{"@id":"https:\/\/www.fundacionmicrofinanzasbbva.org\/revistaprogreso\/transposicion-la-directiva-europea-materia-prevencion-blanqueo-capitales\/#primaryimage"},"thumbnailUrl":"https:\/\/www.fundacionmicrofinanzasbbva.org\/revistaprogreso\/wp-content\/uploads\/2018\/10\/Esp-blanqueo.jpg","datePublished":"2018-11-08T12:05:59+00:00","description":"A comienzos del mes de septiembre se public\u00f3 el Real \u2013 Decreto ley para transponer la Directiva (UE) 849\/2015 del Parlamento Europeo y del Consejo, de 20 de mayo, que incluy\u00f3 numerosas modificaciones en la Ley 10\/2010, de 28 de abril, de prevenci\u00f3n de blanqueo de capitales y financiaci\u00f3n del terrorismo.","breadcrumb":{"@id":"https:\/\/www.fundacionmicrofinanzasbbva.org\/revistaprogreso\/transposicion-la-directiva-europea-materia-prevencion-blanqueo-capitales\/#breadcrumb"},"inLanguage":"es","potentialAction":[{"@type":"ReadAction","target":["https:\/\/www.fundacionmicrofinanzasbbva.org\/revistaprogreso\/transposicion-la-directiva-europea-materia-prevencion-blanqueo-capitales\/"]}]},{"@type":"ImageObject","inLanguage":"es","@id":"https:\/\/www.fundacionmicrofinanzasbbva.org\/revistaprogreso\/transposicion-la-directiva-europea-materia-prevencion-blanqueo-capitales\/#primaryimage","url":"https:\/\/www.fundacionmicrofinanzasbbva.org\/revistaprogreso\/wp-content\/uploads\/2018\/10\/Esp-blanqueo.jpg","contentUrl":"https:\/\/www.fundacionmicrofinanzasbbva.org\/revistaprogreso\/wp-content\/uploads\/2018\/10\/Esp-blanqueo.jpg","width":400,"height":300},{"@type":"BreadcrumbList","@id":"https:\/\/www.fundacionmicrofinanzasbbva.org\/revistaprogreso\/transposicion-la-directiva-europea-materia-prevencion-blanqueo-capitales\/#breadcrumb","itemListElement":[{"@type":"ListItem","position":1,"name":"Portada","item":"https:\/\/34.249.117.129\/revistaprogreso\/en\/"},{"@type":"ListItem","position":2,"name":"Transposici\u00f3n de la Directiva europea en materia de prevenci\u00f3n de blanqueo de capitales"}]},{"@type":"WebSite","@id":"https:\/\/34.249.117.129\/revistaprogreso\/en\/#website","url":"https:\/\/34.249.117.129\/revistaprogreso\/en\/","name":"Revista Progreso","description":"Revista de Actualidad Jur\u00eddica","publisher":{"@id":"https:\/\/34.249.117.129\/revistaprogreso\/en\/#organization"},"alternateName":"Revista Progreso","potentialAction":[{"@type":"SearchAction","target":{"@type":"EntryPoint","urlTemplate":"https:\/\/34.249.117.129\/revistaprogreso\/en\/?s={search_term_string}"},"query-input":{"@type":"PropertyValueSpecification","valueRequired":true,"valueName":"search_term_string"}}],"inLanguage":"es"},{"@type":"Organization","@id":"https:\/\/34.249.117.129\/revistaprogreso\/en\/#organization","name":"Revista Progreso","alternateName":"Revista Progreso","url":"https:\/\/34.249.117.129\/revistaprogreso\/en\/","logo":{"@type":"ImageObject","inLanguage":"es","@id":"https:\/\/34.249.117.129\/revistaprogreso\/en\/#\/schema\/logo\/image\/","url":"https:\/\/www.fundacionmicrofinanzasbbva.org\/revistaprogreso\/wp-content\/uploads\/2023\/09\/Logo-FMBBVA-AZUL.png","contentUrl":"https:\/\/www.fundacionmicrofinanzasbbva.org\/revistaprogreso\/wp-content\/uploads\/2023\/09\/Logo-FMBBVA-AZUL.png","width":6173,"height":1001,"caption":"Revista Progreso"},"image":{"@id":"https:\/\/34.249.117.129\/revistaprogreso\/en\/#\/schema\/logo\/image\/"},"sameAs":["https:\/\/www.facebook.com\/fundacionmicrofinanzasbbva","https:\/\/x.com\/FMBBVA","https:\/\/www.linkedin.com\/company\/fundacin-microfinanzas-bbva\/","https:\/\/www.instagram.com\/somosfmbbva\/"]},{"@type":"Person","@id":"https:\/\/34.249.117.129\/revistaprogreso\/en\/#\/schema\/person\/4a3fe64f7988998aa5e22913c8147baf","name":"karessa Ramos","image":{"@type":"ImageObject","inLanguage":"es","@id":"https:\/\/secure.gravatar.com\/avatar\/a2388109b4325a6fb9c892c3212e430cdc0835c8fc1c1a41f4cc2a3b175b81c5?s=96&d=mm&r=g","url":"https:\/\/secure.gravatar.com\/avatar\/a2388109b4325a6fb9c892c3212e430cdc0835c8fc1c1a41f4cc2a3b175b81c5?s=96&d=mm&r=g","contentUrl":"https:\/\/secure.gravatar.com\/avatar\/a2388109b4325a6fb9c892c3212e430cdc0835c8fc1c1a41f4cc2a3b175b81c5?s=96&d=mm&r=g","caption":"karessa Ramos"},"url":"https:\/\/www.fundacionmicrofinanzasbbva.org\/revistaprogreso\/author\/karessa\/"}]}},"_links":{"self":[{"href":"https:\/\/www.fundacionmicrofinanzasbbva.org\/revistaprogreso\/wp-json\/wp\/v2\/posts\/12615","targetHints":{"allow":["GET"]}}],"collection":[{"href":"https:\/\/www.fundacionmicrofinanzasbbva.org\/revistaprogreso\/wp-json\/wp\/v2\/posts"}],"about":[{"href":"https:\/\/www.fundacionmicrofinanzasbbva.org\/revistaprogreso\/wp-json\/wp\/v2\/types\/post"}],"author":[{"embeddable":true,"href":"https:\/\/www.fundacionmicrofinanzasbbva.org\/revistaprogreso\/wp-json\/wp\/v2\/users\/30"}],"replies":[{"embeddable":true,"href":"https:\/\/www.fundacionmicrofinanzasbbva.org\/revistaprogreso\/wp-json\/wp\/v2\/comments?post=12615"}],"version-history":[{"count":0,"href":"https:\/\/www.fundacionmicrofinanzasbbva.org\/revistaprogreso\/wp-json\/wp\/v2\/posts\/12615\/revisions"}],"wp:featuredmedia":[{"embeddable":true,"href":"https:\/\/www.fundacionmicrofinanzasbbva.org\/revistaprogreso\/wp-json\/wp\/v2\/media\/12619"}],"wp:attachment":[{"href":"https:\/\/www.fundacionmicrofinanzasbbva.org\/revistaprogreso\/wp-json\/wp\/v2\/media?parent=12615"}],"wp:term":[{"taxonomy":"post_tag","embeddable":true,"href":"https:\/\/www.fundacionmicrofinanzasbbva.org\/revistaprogreso\/wp-json\/wp\/v2\/tags?post=12615"}],"curies":[{"name":"wp","href":"https:\/\/api.w.org\/{rel}","templated":true}]}}