{"id":21358,"date":"2023-12-20T14:33:35","date_gmt":"2023-12-20T13:33:35","guid":{"rendered":"https:\/\/www.fundacionmicrofinanzasbbva.org\/revistaprogreso\/la-estrategia-de-digitalizacion-de-la-fmbbva-para-apoyar-un-progreso-inclusivo\/"},"modified":"2024-08-05T08:36:28","modified_gmt":"2024-08-05T06:36:28","slug":"digitalizacion-para-apoyar-un-progreso-inclusivo","status":"publish","type":"post","link":"https:\/\/www.fundacionmicrofinanzasbbva.org\/revistaprogreso\/en\/digitalizacion-para-apoyar-un-progreso-inclusivo\/","title":{"rendered":"Digitalizaci\u00f3n para apoyar un progreso inclusivo\u00a0"},"content":{"rendered":"<div class=\"pdfprnt-buttons pdfprnt-buttons-post pdfprnt-top-right\"><a href=\"https:\/\/www.fundacionmicrofinanzasbbva.org\/revistaprogreso\/en\/wp-json\/wp\/v2\/posts\/21358?print=pdf\" class=\"pdfprnt-button pdfprnt-button-pdf\" target=\"_blank\" ><img decoding=\"async\" src=\"https:\/\/www.fundacionmicrofinanzasbbva.org\/revistaprogreso\/wp-content\/plugins\/pdf-print\/images\/pdf.png\" alt=\"image_pdf\" title=\"View PDF\" \/><\/a><a href=\"https:\/\/www.fundacionmicrofinanzasbbva.org\/revistaprogreso\/en\/wp-json\/wp\/v2\/posts\/21358?print=print\" class=\"pdfprnt-button pdfprnt-button-print\" target=\"_blank\" ><img decoding=\"async\" src=\"https:\/\/www.fundacionmicrofinanzasbbva.org\/revistaprogreso\/wp-content\/plugins\/pdf-print\/images\/print.png\" alt=\"image_print\" title=\"Print Content\" \/><\/a><\/div><p><span style=\"font-weight: 400;\">En un mundo en constante transformaci\u00f3n digital, el acceso a la tecnolog\u00eda no es igualitario. Actualmente un tercio de la poblaci\u00f3n mundial sigue sin estar conectada. Este dato de la Uni\u00f3n Internacional de Telecomunicaciones (UIT), organismo especializado en tecnolog\u00eda de las Naciones Unidas, informa que hoy 2.600 millones de personas no acceden a Internet ni a las ventajas educativas, sociales o econ\u00f3micas que se derivan de ese acceso. Suelen ser poblaciones ya de por s\u00ed excluidas, como personas de escasos ingresos, o que viven en zonas rurales, mujeres, de m\u00e1s edad o con menor nivel educativo.\u00a0 <\/span><b>\u00a0<\/b><\/p>\n<p><b>La innovaci\u00f3n est\u00e1 en el ADN de la FMBBVA<\/b><span style=\"font-weight: 400;\">. Usa las nuevas tecnolog\u00edas para cerrar las diferentes brechas y afrontar retos como la inclusi\u00f3n financiera, la igualdad de g\u00e9nero y la sostenibilidad ambiental.<\/span><\/p>\n<p><span style=\"font-weight: 400;\">Durante el <a href=\"https:\/\/www.fundacionmicrofinanzasbbva.org\/la-reina-testigo-de-como-las-herramientas-digitales-mejoran-la-vida-de-millones-de-emprendedores-vulnerables\/\">acto <\/a><\/span><i><span style=\"font-weight: 400;\">Tecnolog\u00eda para cerrar brechas. Creando sin l\u00edmites<\/span><\/i><span style=\"font-weight: 400;\">, en el panel <\/span><i><span style=\"font-weight: 400;\">Microfinanzas en la era digital, <\/span><\/i><span style=\"font-weight: 400;\">expertos de la FMBBVA y de sus entidades en Per\u00fa, Rep\u00fablica Dominicana y Panam\u00e1 han explicado los <\/span><b>avances tecnol\u00f3gicos que la Fundaci\u00f3n pone a disposici\u00f3n de 3 millones de emprendedores vulnerables en Am\u00e9rica Latina y c\u00f3mo esas tecnolog\u00edas tambi\u00e9n han mejorado y agilizado los sistemas de trabajo de los asesores<\/b><span style=\"font-weight: 400;\">.<\/span><\/p>\n<p><span style=\"font-weight: 400;\">El Gerente de Transformaci\u00f3n Digital de <\/span><a href=\"https:\/\/www.fundacionmicrofinanzasbbva.org\/entidades\/microserfin\/\"><span style=\"font-weight: 400;\">Microserfin<\/span><\/a><span style=\"font-weight: 400;\"> destacaba la puesta en marcha de un asistente virtual dise\u00f1ado con inteligencia artificial para que en las visitas a los hogares-empresa de los emprendedores los asesores tengan la informaci\u00f3n necesaria para apoyarles de la mejor manera. \u201cPodr\u00e1 conversar de forma natural con ellos y en un lenguaje sencillo. Si tienen alguna duda puntual, el asistente les dar\u00e1 r\u00e1pido la informaci\u00f3n correcta. Esto les permite orientar mejor al emprendedor sobre las distintas opciones financieras y de capacitaci\u00f3n m\u00e1s \u00fatiles para su negocio, y as\u00ed generar m\u00e1s confianza. <strong>La tecnolog\u00eda refuerza nuestro modelo relacional<\/strong>. <strong>Estamos aplicando inteligencia artificial para potenciarlo<\/strong> sin perder el acompa\u00f1amiento cercano y \u00e1gil\u201d, explicaba Oliver Calvo.<\/span><\/p>\n<div id=\"attachment_21176\" style=\"width: 2570px\" class=\"wp-caption article__img article__img--right lightgallery lightgallery--image article__img aligncenter\"><a class=\"img__link js-lightgallery__item\"  href=\"https:\/\/www.fundacionmicrofinanzasbbva.org\/revistaprogreso\/wp-content\/uploads\/2023\/12\/Oliver-Calvo-Gerente-Transformacion-Digital-de-Microserfin-y-Mercedes-Canalda-de-Beras-Goico-presidenta-ejecutiva-de-Banco-Adopem-en-el-panel-de-expertos-scaled.jpg\"><img loading=\"lazy\" decoding=\"async\" aria-describedby=\"caption-attachment-21176\" class=\"wp-image-21176 size-full\" src=\"https:\/\/www.fundacionmicrofinanzasbbva.org\/revistaprogreso\/wp-content\/uploads\/2023\/12\/Oliver-Calvo-Gerente-Transformacion-Digital-de-Microserfin-y-Mercedes-Canalda-de-Beras-Goico-presidenta-ejecutiva-de-Banco-Adopem-en-el-panel-de-expertos-scaled.jpg\" alt=\"\" width=\"2560\" height=\"1707\" srcset=\"https:\/\/www.fundacionmicrofinanzasbbva.org\/revistaprogreso\/wp-content\/uploads\/2023\/12\/Oliver-Calvo-Gerente-Transformacion-Digital-de-Microserfin-y-Mercedes-Canalda-de-Beras-Goico-presidenta-ejecutiva-de-Banco-Adopem-en-el-panel-de-expertos-scaled.jpg 2560w, https:\/\/www.fundacionmicrofinanzasbbva.org\/revistaprogreso\/wp-content\/uploads\/2023\/12\/Oliver-Calvo-Gerente-Transformacion-Digital-de-Microserfin-y-Mercedes-Canalda-de-Beras-Goico-presidenta-ejecutiva-de-Banco-Adopem-en-el-panel-de-expertos-300x200.jpg 300w, https:\/\/www.fundacionmicrofinanzasbbva.org\/revistaprogreso\/wp-content\/uploads\/2023\/12\/Oliver-Calvo-Gerente-Transformacion-Digital-de-Microserfin-y-Mercedes-Canalda-de-Beras-Goico-presidenta-ejecutiva-de-Banco-Adopem-en-el-panel-de-expertos-1024x683.jpg 1024w, https:\/\/www.fundacionmicrofinanzasbbva.org\/revistaprogreso\/wp-content\/uploads\/2023\/12\/Oliver-Calvo-Gerente-Transformacion-Digital-de-Microserfin-y-Mercedes-Canalda-de-Beras-Goico-presidenta-ejecutiva-de-Banco-Adopem-en-el-panel-de-expertos-768x512.jpg 768w, https:\/\/www.fundacionmicrofinanzasbbva.org\/revistaprogreso\/wp-content\/uploads\/2023\/12\/Oliver-Calvo-Gerente-Transformacion-Digital-de-Microserfin-y-Mercedes-Canalda-de-Beras-Goico-presidenta-ejecutiva-de-Banco-Adopem-en-el-panel-de-expertos-1536x1024.jpg 1536w, https:\/\/www.fundacionmicrofinanzasbbva.org\/revistaprogreso\/wp-content\/uploads\/2023\/12\/Oliver-Calvo-Gerente-Transformacion-Digital-de-Microserfin-y-Mercedes-Canalda-de-Beras-Goico-presidenta-ejecutiva-de-Banco-Adopem-en-el-panel-de-expertos-2048x1365.jpg 2048w\" sizes=\"auto, (max-width: 2560px) 100vw, 2560px\" \/><\/a><p id=\"caption-attachment-21176\" class=\"wp-caption article__img article__img--right lightgallery lightgallery--image article__img-text\">Oliver Calvo, Gerente Transformaci\u00f3n Digital de Microserfin, y Mercedes Canalda de Beras -Goico, presidenta ejecutiva de Banco Adopem, en el panel de expertos<\/p><\/div>\n<p><b>Ese modelo relacional es la se\u00f1a de identidad de la FMBBVA<\/b><span style=\"font-weight: 400;\">.\u00a0 Por su situaci\u00f3n socioecon\u00f3mica los emprendedores en ocasiones utilizan las nuevas tecnolog\u00edas y otras veces son reticentes a usarlas.<\/span><b> Vencer el miedo a la digitalizaci\u00f3n con un acompa\u00f1amiento formativo mejora el rendimiento de sus negocios, les permite descubrir las posibilidades, por ejemplo, de las ventas online, y ser due\u00f1os de su tiempo cuando hacen gestiones administrativas desde sus tel\u00e9fonos m\u00f3viles sin tener que ir a la sucursal<\/b><span style=\"font-weight: 400;\">. \u201cEs importante destacar la humanizaci\u00f3n de la tecnolog\u00eda a trav\u00e9s de las esquinas digitales, espacios destinados en nuestra red de oficinas donde nuestro equipo de embajadores digitales (influencer digitales) acompa\u00f1an a los emprendedores en el camino a su digitalizaci\u00f3n\u201d, se\u00f1alaba Yuri Dolorier, Gerente de Divisi\u00f3n de Operaciones, Tecnolog\u00eda y Canales de <\/span><a href=\"https:\/\/www.fundacionmicrofinanzasbbva.org\/entidades\/financiera-confianza-s-a-a\/\"><span style=\"font-weight: 400;\">Financiera Confianza<\/span><\/a><span style=\"font-weight: 400;\">.<\/span><\/p>\n<div id=\"attachment_21178\" style=\"width: 1034px\" class=\"wp-caption article__img article__img--right lightgallery lightgallery--image article__img aligncenter\"><a class=\"img__link js-lightgallery__item\"  href=\"https:\/\/www.fundacionmicrofinanzasbbva.org\/revistaprogreso\/wp-content\/uploads\/2023\/12\/De-izq.-a-dcha.-Elizabeth-Prado-presentadora-del-acto-Yuri-Dolorier-de-Financiera-Confianza-y-Gabriela-Eguidazu-de-la-FMBBVA-scaled.jpg\"><img loading=\"lazy\" decoding=\"async\" aria-describedby=\"caption-attachment-21178\" class=\"wp-image-21178 size-large\" src=\"https:\/\/www.fundacionmicrofinanzasbbva.org\/revistaprogreso\/wp-content\/uploads\/2023\/12\/De-izq.-a-dcha.-Elizabeth-Prado-presentadora-del-acto-Yuri-Dolorier-de-Financiera-Confianza-y-Gabriela-Eguidazu-de-la-FMBBVA-1024x683.jpg\" alt=\"\" width=\"1024\" height=\"683\" srcset=\"https:\/\/www.fundacionmicrofinanzasbbva.org\/revistaprogreso\/wp-content\/uploads\/2023\/12\/De-izq.-a-dcha.-Elizabeth-Prado-presentadora-del-acto-Yuri-Dolorier-de-Financiera-Confianza-y-Gabriela-Eguidazu-de-la-FMBBVA-1024x683.jpg 1024w, https:\/\/www.fundacionmicrofinanzasbbva.org\/revistaprogreso\/wp-content\/uploads\/2023\/12\/De-izq.-a-dcha.-Elizabeth-Prado-presentadora-del-acto-Yuri-Dolorier-de-Financiera-Confianza-y-Gabriela-Eguidazu-de-la-FMBBVA-300x200.jpg 300w, https:\/\/www.fundacionmicrofinanzasbbva.org\/revistaprogreso\/wp-content\/uploads\/2023\/12\/De-izq.-a-dcha.-Elizabeth-Prado-presentadora-del-acto-Yuri-Dolorier-de-Financiera-Confianza-y-Gabriela-Eguidazu-de-la-FMBBVA-768x512.jpg 768w, https:\/\/www.fundacionmicrofinanzasbbva.org\/revistaprogreso\/wp-content\/uploads\/2023\/12\/De-izq.-a-dcha.-Elizabeth-Prado-presentadora-del-acto-Yuri-Dolorier-de-Financiera-Confianza-y-Gabriela-Eguidazu-de-la-FMBBVA-1536x1024.jpg 1536w, https:\/\/www.fundacionmicrofinanzasbbva.org\/revistaprogreso\/wp-content\/uploads\/2023\/12\/De-izq.-a-dcha.-Elizabeth-Prado-presentadora-del-acto-Yuri-Dolorier-de-Financiera-Confianza-y-Gabriela-Eguidazu-de-la-FMBBVA-2048x1365.jpg 2048w\" sizes=\"auto, (max-width: 1024px) 100vw, 1024px\" \/><\/a><p id=\"caption-attachment-21178\" class=\"wp-caption article__img article__img--right lightgallery lightgallery--image article__img-text\">De izq. a dcha. Elizabeth Prado, presentadora del acto; Yuri Dolorier, de Financiera Confianza, y Gabriela Eguidazu, de la FMBBVA<\/p><\/div>\n<p><b>La FMBBVA tiene una estrategia consolidada de transformaci\u00f3n digital que le ha permitido desarrollar un ecosistema dise\u00f1ado para dar mejor servicio a los emprendedores<\/b><span style=\"font-weight: 400;\">. \u201cContamos con una aplicaci\u00f3n para que los asesores puedan atender a los clientes en sus negocios, y est\u00e1 integrada con el expediente digital. Adem\u00e1s, la aplicaci\u00f3n para los corresponsales bancarios nos ha permitido m\u00e1s presencia, cercan\u00eda y llegar a zonas m\u00e1s excluidas. Tenemos la aplicaci\u00f3n <\/span><i><span style=\"font-weight: 400;\">Appdopem<\/span><\/i><span style=\"font-weight: 400;\">, dise\u00f1ada para que los emprendedores gestionen sus finanzas de forma aut\u00f3noma y hagan pagos, transferencias, etc. Adem\u00e1s contamos con un canal de atenci\u00f3n por <\/span><i><span style=\"font-weight: 400;\">Whatsapp<\/span><\/i><span style=\"font-weight: 400;\">, entre otras soluciones para potenciar al m\u00e1ximo nuestra banca relacional con nuevas herramientas tecnol\u00f3gicas\u201d, detallaba Mercedes Canalda de Beras -Goico, presidenta ejecutiva de <\/span><a href=\"https:\/\/www.fundacionmicrofinanzasbbva.org\/entidades\/banco-de-ahorro-y-credito-adopem\/\"><span style=\"font-weight: 400;\">Banco Adopem<\/span><\/a><span style=\"font-weight: 400;\">.<\/span><\/p>\n<p><span style=\"font-weight: 400;\">Gabriela Eguidazu, directora de Innovaci\u00f3n y Crecimiento Inclusivo de la FMBBVA, cerraba el panel de expertos con una frase que resume de forma muy acertada la labor que la Fundaci\u00f3n realiza en Am\u00e9rica Latina desde hace ya 16 a\u00f1os: <\/span><b>\u201cCuando combinamos el esfuerzo y las ganas de los emprendedores para salir adelante con nuestra experiencia, la tecnolog\u00eda y nuestras herramientas, logramos cambiar la vida de estas personas\u201d<\/b><span style=\"font-weight: 400;\">.<\/span><\/p>\n","protected":false},"excerpt":{"rendered":"<p>En un mundo en constante transformaci\u00f3n digital, el acceso a la tecnolog\u00eda no es igualitario. Actualmente un tercio de la poblaci\u00f3n mundial sigue sin estar conectada. Este dato de la Uni\u00f3n Internacional de Telecomunicaciones (UIT), organismo especializado en tecnolog\u00eda de las Naciones Unidas, informa que hoy 2.600 millones de personas no acceden a Internet ni [&hellip;]<\/p>\n","protected":false},"author":11,"featured_media":21182,"comment_status":"closed","ping_status":"closed","sticky":false,"template":"","format":"standard","meta":{"_acf_changed":false,"footnotes":""},"tags":[4845,6457,6458,5550,6447],"class_list":["post-21358","post","type-post","status-publish","format-standard","has-post-thumbnail","hentry","tag-digitalizacion-en","tag-ecosistema-digital-en","tag-esquinas-digitales-en","tag-inteligencia-artificial-en","tag-tecnologia-en","numero-32-en","seccion-published-and-draft-legislation-microfinance","pais-dominican-republic","pais-panama-en","pais-peru-en","pais-spain"],"acf":[],"yoast_head":"<!-- This site is optimized with the Yoast SEO plugin v27.4 - https:\/\/yoast.com\/product\/yoast-seo-wordpress\/ -->\n<title>Digitalizaci\u00f3n para apoyar un progreso inclusivo\u00a0<\/title>\n<meta name=\"description\" content=\"La tecnolog\u00eda de la FMBBVA promueve la inclusi\u00f3n financiera, la igualdad de g\u00e9nero y la sostenibilidad ambiental\" \/>\n<meta name=\"robots\" content=\"index, follow, max-snippet:-1, max-image-preview:large, max-video-preview:-1\" \/>\n<link rel=\"canonical\" href=\"https:\/\/www.fundacionmicrofinanzasbbva.org\/revistaprogreso\/en\/digitalizacion-para-apoyar-un-progreso-inclusivo\/\" \/>\n<meta property=\"og:locale\" content=\"en_US\" \/>\n<meta property=\"og:type\" content=\"article\" \/>\n<meta property=\"og:title\" content=\"Digitalizaci\u00f3n para apoyar un progreso inclusivo\u00a0\" \/>\n<meta property=\"og:description\" content=\"La tecnolog\u00eda de la FMBBVA promueve la inclusi\u00f3n financiera, la igualdad de g\u00e9nero y la sostenibilidad ambiental\" \/>\n<meta property=\"og:url\" content=\"https:\/\/www.fundacionmicrofinanzasbbva.org\/revistaprogreso\/en\/digitalizacion-para-apoyar-un-progreso-inclusivo\/\" \/>\n<meta property=\"og:site_name\" content=\"Progreso\" \/>\n<meta property=\"article:publisher\" content=\"https:\/\/www.facebook.com\/fundacionmicrofinanzasbbva\" \/>\n<meta property=\"article:published_time\" content=\"2023-12-20T13:33:35+00:00\" \/>\n<meta property=\"article:modified_time\" content=\"2024-08-05T06:36:28+00:00\" \/>\n<meta property=\"og:image\" content=\"https:\/\/fundacionmicrofinanzasbbva.org\/revistaprogreso\/wp-content\/uploads\/2023\/12\/Panel-de-expertos-acto-FMBBVA-sobre-brecha-digital-scaled.jpg\" \/>\n\t<meta property=\"og:image:width\" content=\"2560\" \/>\n\t<meta property=\"og:image:height\" content=\"1707\" \/>\n\t<meta property=\"og:image:type\" content=\"image\/jpeg\" \/>\n<meta name=\"author\" content=\"Cristina\" \/>\n<meta name=\"twitter:card\" content=\"summary_large_image\" \/>\n<meta name=\"twitter:creator\" content=\"@FMBBVA\" \/>\n<meta name=\"twitter:site\" content=\"@FMBBVA\" \/>\n<meta name=\"twitter:label1\" content=\"Written by\" \/>\n\t<meta name=\"twitter:data1\" content=\"Cristina\" \/>\n\t<meta name=\"twitter:label2\" content=\"Est. reading time\" \/>\n\t<meta name=\"twitter:data2\" content=\"4 minutes\" \/>\n<script type=\"application\/ld+json\" class=\"yoast-schema-graph\">{\"@context\":\"https:\\\/\\\/schema.org\",\"@graph\":[{\"@type\":\"Article\",\"@id\":\"https:\\\/\\\/www.fundacionmicrofinanzasbbva.org\\\/revistaprogreso\\\/en\\\/digitalizacion-para-apoyar-un-progreso-inclusivo\\\/#article\",\"isPartOf\":{\"@id\":\"https:\\\/\\\/www.fundacionmicrofinanzasbbva.org\\\/revistaprogreso\\\/en\\\/digitalizacion-para-apoyar-un-progreso-inclusivo\\\/\"},\"author\":{\"name\":\"Cristina\",\"@id\":\"https:\\\/\\\/34.249.117.129\\\/revistaprogreso\\\/#\\\/schema\\\/person\\\/cf80fbfed0e1db989213ebe755675079\"},\"headline\":\"Digitalizaci\u00f3n para apoyar un progreso inclusivo\u00a0\",\"datePublished\":\"2023-12-20T13:33:35+00:00\",\"dateModified\":\"2024-08-05T06:36:28+00:00\",\"mainEntityOfPage\":{\"@id\":\"https:\\\/\\\/www.fundacionmicrofinanzasbbva.org\\\/revistaprogreso\\\/en\\\/digitalizacion-para-apoyar-un-progreso-inclusivo\\\/\"},\"wordCount\":760,\"publisher\":{\"@id\":\"https:\\\/\\\/34.249.117.129\\\/revistaprogreso\\\/#organization\"},\"image\":{\"@id\":\"https:\\\/\\\/www.fundacionmicrofinanzasbbva.org\\\/revistaprogreso\\\/en\\\/digitalizacion-para-apoyar-un-progreso-inclusivo\\\/#primaryimage\"},\"thumbnailUrl\":\"https:\\\/\\\/www.fundacionmicrofinanzasbbva.org\\\/revistaprogreso\\\/wp-content\\\/uploads\\\/2023\\\/12\\\/Panel-de-expertos-acto-FMBBVA-sobre-brecha-digital-scaled.jpg\",\"keywords\":[\"digitalizaci\u00f3n\",\"Ecosistema digital\",\"Esquinas digitales\",\"inteligencia artificial\",\"tecnolog\u00eda\"],\"inLanguage\":\"en-US\"},{\"@type\":\"WebPage\",\"@id\":\"https:\\\/\\\/www.fundacionmicrofinanzasbbva.org\\\/revistaprogreso\\\/en\\\/digitalizacion-para-apoyar-un-progreso-inclusivo\\\/\",\"url\":\"https:\\\/\\\/www.fundacionmicrofinanzasbbva.org\\\/revistaprogreso\\\/en\\\/digitalizacion-para-apoyar-un-progreso-inclusivo\\\/\",\"name\":\"Digitalizaci\u00f3n para apoyar un progreso inclusivo\u00a0\",\"isPartOf\":{\"@id\":\"https:\\\/\\\/34.249.117.129\\\/revistaprogreso\\\/#website\"},\"primaryImageOfPage\":{\"@id\":\"https:\\\/\\\/www.fundacionmicrofinanzasbbva.org\\\/revistaprogreso\\\/en\\\/digitalizacion-para-apoyar-un-progreso-inclusivo\\\/#primaryimage\"},\"image\":{\"@id\":\"https:\\\/\\\/www.fundacionmicrofinanzasbbva.org\\\/revistaprogreso\\\/en\\\/digitalizacion-para-apoyar-un-progreso-inclusivo\\\/#primaryimage\"},\"thumbnailUrl\":\"https:\\\/\\\/www.fundacionmicrofinanzasbbva.org\\\/revistaprogreso\\\/wp-content\\\/uploads\\\/2023\\\/12\\\/Panel-de-expertos-acto-FMBBVA-sobre-brecha-digital-scaled.jpg\",\"datePublished\":\"2023-12-20T13:33:35+00:00\",\"dateModified\":\"2024-08-05T06:36:28+00:00\",\"description\":\"La tecnolog\u00eda de la FMBBVA promueve la inclusi\u00f3n financiera, la igualdad de g\u00e9nero y la sostenibilidad ambiental\",\"breadcrumb\":{\"@id\":\"https:\\\/\\\/www.fundacionmicrofinanzasbbva.org\\\/revistaprogreso\\\/en\\\/digitalizacion-para-apoyar-un-progreso-inclusivo\\\/#breadcrumb\"},\"inLanguage\":\"en-US\",\"potentialAction\":[{\"@type\":\"ReadAction\",\"target\":[\"https:\\\/\\\/www.fundacionmicrofinanzasbbva.org\\\/revistaprogreso\\\/en\\\/digitalizacion-para-apoyar-un-progreso-inclusivo\\\/\"]}]},{\"@type\":\"ImageObject\",\"inLanguage\":\"en-US\",\"@id\":\"https:\\\/\\\/www.fundacionmicrofinanzasbbva.org\\\/revistaprogreso\\\/en\\\/digitalizacion-para-apoyar-un-progreso-inclusivo\\\/#primaryimage\",\"url\":\"https:\\\/\\\/www.fundacionmicrofinanzasbbva.org\\\/revistaprogreso\\\/wp-content\\\/uploads\\\/2023\\\/12\\\/Panel-de-expertos-acto-FMBBVA-sobre-brecha-digital-scaled.jpg\",\"contentUrl\":\"https:\\\/\\\/www.fundacionmicrofinanzasbbva.org\\\/revistaprogreso\\\/wp-content\\\/uploads\\\/2023\\\/12\\\/Panel-de-expertos-acto-FMBBVA-sobre-brecha-digital-scaled.jpg\",\"width\":2560,\"height\":1707,\"caption\":\"https:\\\/\\\/drive.google.com\\\/file\\\/d\\\/1A87lJ5E1GBFpM_AkKA3gGxtVevDuIxEo\\\/view?usp=drive_link\"},{\"@type\":\"BreadcrumbList\",\"@id\":\"https:\\\/\\\/www.fundacionmicrofinanzasbbva.org\\\/revistaprogreso\\\/en\\\/digitalizacion-para-apoyar-un-progreso-inclusivo\\\/#breadcrumb\",\"itemListElement\":[{\"@type\":\"ListItem\",\"position\":1,\"name\":\"Portada\",\"item\":\"https:\\\/\\\/34.249.117.129\\\/revistaprogreso\\\/\"},{\"@type\":\"ListItem\",\"position\":2,\"name\":\"Digitalizaci\u00f3n para apoyar un progreso inclusivo\u00a0\"}]},{\"@type\":\"WebSite\",\"@id\":\"https:\\\/\\\/34.249.117.129\\\/revistaprogreso\\\/#website\",\"url\":\"https:\\\/\\\/34.249.117.129\\\/revistaprogreso\\\/\",\"name\":\"Revista Progreso\",\"description\":\"Legal news update\",\"publisher\":{\"@id\":\"https:\\\/\\\/34.249.117.129\\\/revistaprogreso\\\/#organization\"},\"alternateName\":\"Revista Progreso\",\"potentialAction\":[{\"@type\":\"SearchAction\",\"target\":{\"@type\":\"EntryPoint\",\"urlTemplate\":\"https:\\\/\\\/34.249.117.129\\\/revistaprogreso\\\/?s={search_term_string}\"},\"query-input\":{\"@type\":\"PropertyValueSpecification\",\"valueRequired\":true,\"valueName\":\"search_term_string\"}}],\"inLanguage\":\"en-US\"},{\"@type\":\"Organization\",\"@id\":\"https:\\\/\\\/34.249.117.129\\\/revistaprogreso\\\/#organization\",\"name\":\"Revista Progreso\",\"alternateName\":\"Revista Progreso\",\"url\":\"https:\\\/\\\/34.249.117.129\\\/revistaprogreso\\\/\",\"logo\":{\"@type\":\"ImageObject\",\"inLanguage\":\"en-US\",\"@id\":\"https:\\\/\\\/34.249.117.129\\\/revistaprogreso\\\/#\\\/schema\\\/logo\\\/image\\\/\",\"url\":\"https:\\\/\\\/www.fundacionmicrofinanzasbbva.org\\\/revistaprogreso\\\/wp-content\\\/uploads\\\/2023\\\/09\\\/Logo-FMBBVA-AZUL.png\",\"contentUrl\":\"https:\\\/\\\/www.fundacionmicrofinanzasbbva.org\\\/revistaprogreso\\\/wp-content\\\/uploads\\\/2023\\\/09\\\/Logo-FMBBVA-AZUL.png\",\"width\":6173,\"height\":1001,\"caption\":\"Revista Progreso\"},\"image\":{\"@id\":\"https:\\\/\\\/34.249.117.129\\\/revistaprogreso\\\/#\\\/schema\\\/logo\\\/image\\\/\"},\"sameAs\":[\"https:\\\/\\\/www.facebook.com\\\/fundacionmicrofinanzasbbva\",\"https:\\\/\\\/x.com\\\/FMBBVA\",\"https:\\\/\\\/www.linkedin.com\\\/company\\\/fundacin-microfinanzas-bbva\\\/\",\"https:\\\/\\\/www.instagram.com\\\/somosfmbbva\\\/\"]},{\"@type\":\"Person\",\"@id\":\"https:\\\/\\\/34.249.117.129\\\/revistaprogreso\\\/#\\\/schema\\\/person\\\/cf80fbfed0e1db989213ebe755675079\",\"name\":\"Cristina\",\"image\":{\"@type\":\"ImageObject\",\"inLanguage\":\"en-US\",\"@id\":\"https:\\\/\\\/secure.gravatar.com\\\/avatar\\\/738f3fd2d0242bdc57233b9c1b03f825511099f3fcd5fb146b7c318c598541f6?s=96&d=mm&r=g\",\"url\":\"https:\\\/\\\/secure.gravatar.com\\\/avatar\\\/738f3fd2d0242bdc57233b9c1b03f825511099f3fcd5fb146b7c318c598541f6?s=96&d=mm&r=g\",\"contentUrl\":\"https:\\\/\\\/secure.gravatar.com\\\/avatar\\\/738f3fd2d0242bdc57233b9c1b03f825511099f3fcd5fb146b7c318c598541f6?s=96&d=mm&r=g\",\"caption\":\"Cristina\"},\"url\":\"https:\\\/\\\/www.fundacionmicrofinanzasbbva.org\\\/revistaprogreso\\\/en\\\/author\\\/cristina\\\/\"}]}<\/script>\n<!-- \/ Yoast SEO plugin. -->","yoast_head_json":{"title":"Digitalizaci\u00f3n para apoyar un progreso inclusivo\u00a0","description":"La tecnolog\u00eda de la FMBBVA promueve la inclusi\u00f3n financiera, la igualdad de g\u00e9nero y la sostenibilidad ambiental","robots":{"index":"index","follow":"follow","max-snippet":"max-snippet:-1","max-image-preview":"max-image-preview:large","max-video-preview":"max-video-preview:-1"},"canonical":"https:\/\/www.fundacionmicrofinanzasbbva.org\/revistaprogreso\/en\/digitalizacion-para-apoyar-un-progreso-inclusivo\/","og_locale":"en_US","og_type":"article","og_title":"Digitalizaci\u00f3n para apoyar un progreso inclusivo\u00a0","og_description":"La tecnolog\u00eda de la FMBBVA promueve la inclusi\u00f3n financiera, la igualdad de g\u00e9nero y la sostenibilidad ambiental","og_url":"https:\/\/www.fundacionmicrofinanzasbbva.org\/revistaprogreso\/en\/digitalizacion-para-apoyar-un-progreso-inclusivo\/","og_site_name":"Progreso","article_publisher":"https:\/\/www.facebook.com\/fundacionmicrofinanzasbbva","article_published_time":"2023-12-20T13:33:35+00:00","article_modified_time":"2024-08-05T06:36:28+00:00","og_image":[{"width":2560,"height":1707,"url":"https:\/\/fundacionmicrofinanzasbbva.org\/revistaprogreso\/wp-content\/uploads\/2023\/12\/Panel-de-expertos-acto-FMBBVA-sobre-brecha-digital-scaled.jpg","type":"image\/jpeg"}],"author":"Cristina","twitter_card":"summary_large_image","twitter_creator":"@FMBBVA","twitter_site":"@FMBBVA","twitter_misc":{"Written by":"Cristina","Est. reading time":"4 minutes"},"schema":{"@context":"https:\/\/schema.org","@graph":[{"@type":"Article","@id":"https:\/\/www.fundacionmicrofinanzasbbva.org\/revistaprogreso\/en\/digitalizacion-para-apoyar-un-progreso-inclusivo\/#article","isPartOf":{"@id":"https:\/\/www.fundacionmicrofinanzasbbva.org\/revistaprogreso\/en\/digitalizacion-para-apoyar-un-progreso-inclusivo\/"},"author":{"name":"Cristina","@id":"https:\/\/34.249.117.129\/revistaprogreso\/#\/schema\/person\/cf80fbfed0e1db989213ebe755675079"},"headline":"Digitalizaci\u00f3n para apoyar un progreso inclusivo\u00a0","datePublished":"2023-12-20T13:33:35+00:00","dateModified":"2024-08-05T06:36:28+00:00","mainEntityOfPage":{"@id":"https:\/\/www.fundacionmicrofinanzasbbva.org\/revistaprogreso\/en\/digitalizacion-para-apoyar-un-progreso-inclusivo\/"},"wordCount":760,"publisher":{"@id":"https:\/\/34.249.117.129\/revistaprogreso\/#organization"},"image":{"@id":"https:\/\/www.fundacionmicrofinanzasbbva.org\/revistaprogreso\/en\/digitalizacion-para-apoyar-un-progreso-inclusivo\/#primaryimage"},"thumbnailUrl":"https:\/\/www.fundacionmicrofinanzasbbva.org\/revistaprogreso\/wp-content\/uploads\/2023\/12\/Panel-de-expertos-acto-FMBBVA-sobre-brecha-digital-scaled.jpg","keywords":["digitalizaci\u00f3n","Ecosistema digital","Esquinas digitales","inteligencia artificial","tecnolog\u00eda"],"inLanguage":"en-US"},{"@type":"WebPage","@id":"https:\/\/www.fundacionmicrofinanzasbbva.org\/revistaprogreso\/en\/digitalizacion-para-apoyar-un-progreso-inclusivo\/","url":"https:\/\/www.fundacionmicrofinanzasbbva.org\/revistaprogreso\/en\/digitalizacion-para-apoyar-un-progreso-inclusivo\/","name":"Digitalizaci\u00f3n para apoyar un progreso inclusivo\u00a0","isPartOf":{"@id":"https:\/\/34.249.117.129\/revistaprogreso\/#website"},"primaryImageOfPage":{"@id":"https:\/\/www.fundacionmicrofinanzasbbva.org\/revistaprogreso\/en\/digitalizacion-para-apoyar-un-progreso-inclusivo\/#primaryimage"},"image":{"@id":"https:\/\/www.fundacionmicrofinanzasbbva.org\/revistaprogreso\/en\/digitalizacion-para-apoyar-un-progreso-inclusivo\/#primaryimage"},"thumbnailUrl":"https:\/\/www.fundacionmicrofinanzasbbva.org\/revistaprogreso\/wp-content\/uploads\/2023\/12\/Panel-de-expertos-acto-FMBBVA-sobre-brecha-digital-scaled.jpg","datePublished":"2023-12-20T13:33:35+00:00","dateModified":"2024-08-05T06:36:28+00:00","description":"La tecnolog\u00eda de la FMBBVA promueve la inclusi\u00f3n financiera, la igualdad de g\u00e9nero y la sostenibilidad ambiental","breadcrumb":{"@id":"https:\/\/www.fundacionmicrofinanzasbbva.org\/revistaprogreso\/en\/digitalizacion-para-apoyar-un-progreso-inclusivo\/#breadcrumb"},"inLanguage":"en-US","potentialAction":[{"@type":"ReadAction","target":["https:\/\/www.fundacionmicrofinanzasbbva.org\/revistaprogreso\/en\/digitalizacion-para-apoyar-un-progreso-inclusivo\/"]}]},{"@type":"ImageObject","inLanguage":"en-US","@id":"https:\/\/www.fundacionmicrofinanzasbbva.org\/revistaprogreso\/en\/digitalizacion-para-apoyar-un-progreso-inclusivo\/#primaryimage","url":"https:\/\/www.fundacionmicrofinanzasbbva.org\/revistaprogreso\/wp-content\/uploads\/2023\/12\/Panel-de-expertos-acto-FMBBVA-sobre-brecha-digital-scaled.jpg","contentUrl":"https:\/\/www.fundacionmicrofinanzasbbva.org\/revistaprogreso\/wp-content\/uploads\/2023\/12\/Panel-de-expertos-acto-FMBBVA-sobre-brecha-digital-scaled.jpg","width":2560,"height":1707,"caption":"https:\/\/drive.google.com\/file\/d\/1A87lJ5E1GBFpM_AkKA3gGxtVevDuIxEo\/view?usp=drive_link"},{"@type":"BreadcrumbList","@id":"https:\/\/www.fundacionmicrofinanzasbbva.org\/revistaprogreso\/en\/digitalizacion-para-apoyar-un-progreso-inclusivo\/#breadcrumb","itemListElement":[{"@type":"ListItem","position":1,"name":"Portada","item":"https:\/\/34.249.117.129\/revistaprogreso\/"},{"@type":"ListItem","position":2,"name":"Digitalizaci\u00f3n para apoyar un progreso inclusivo\u00a0"}]},{"@type":"WebSite","@id":"https:\/\/34.249.117.129\/revistaprogreso\/#website","url":"https:\/\/34.249.117.129\/revistaprogreso\/","name":"Revista Progreso","description":"Legal news update","publisher":{"@id":"https:\/\/34.249.117.129\/revistaprogreso\/#organization"},"alternateName":"Revista Progreso","potentialAction":[{"@type":"SearchAction","target":{"@type":"EntryPoint","urlTemplate":"https:\/\/34.249.117.129\/revistaprogreso\/?s={search_term_string}"},"query-input":{"@type":"PropertyValueSpecification","valueRequired":true,"valueName":"search_term_string"}}],"inLanguage":"en-US"},{"@type":"Organization","@id":"https:\/\/34.249.117.129\/revistaprogreso\/#organization","name":"Revista Progreso","alternateName":"Revista Progreso","url":"https:\/\/34.249.117.129\/revistaprogreso\/","logo":{"@type":"ImageObject","inLanguage":"en-US","@id":"https:\/\/34.249.117.129\/revistaprogreso\/#\/schema\/logo\/image\/","url":"https:\/\/www.fundacionmicrofinanzasbbva.org\/revistaprogreso\/wp-content\/uploads\/2023\/09\/Logo-FMBBVA-AZUL.png","contentUrl":"https:\/\/www.fundacionmicrofinanzasbbva.org\/revistaprogreso\/wp-content\/uploads\/2023\/09\/Logo-FMBBVA-AZUL.png","width":6173,"height":1001,"caption":"Revista Progreso"},"image":{"@id":"https:\/\/34.249.117.129\/revistaprogreso\/#\/schema\/logo\/image\/"},"sameAs":["https:\/\/www.facebook.com\/fundacionmicrofinanzasbbva","https:\/\/x.com\/FMBBVA","https:\/\/www.linkedin.com\/company\/fundacin-microfinanzas-bbva\/","https:\/\/www.instagram.com\/somosfmbbva\/"]},{"@type":"Person","@id":"https:\/\/34.249.117.129\/revistaprogreso\/#\/schema\/person\/cf80fbfed0e1db989213ebe755675079","name":"Cristina","image":{"@type":"ImageObject","inLanguage":"en-US","@id":"https:\/\/secure.gravatar.com\/avatar\/738f3fd2d0242bdc57233b9c1b03f825511099f3fcd5fb146b7c318c598541f6?s=96&d=mm&r=g","url":"https:\/\/secure.gravatar.com\/avatar\/738f3fd2d0242bdc57233b9c1b03f825511099f3fcd5fb146b7c318c598541f6?s=96&d=mm&r=g","contentUrl":"https:\/\/secure.gravatar.com\/avatar\/738f3fd2d0242bdc57233b9c1b03f825511099f3fcd5fb146b7c318c598541f6?s=96&d=mm&r=g","caption":"Cristina"},"url":"https:\/\/www.fundacionmicrofinanzasbbva.org\/revistaprogreso\/en\/author\/cristina\/"}]}},"_links":{"self":[{"href":"https:\/\/www.fundacionmicrofinanzasbbva.org\/revistaprogreso\/en\/wp-json\/wp\/v2\/posts\/21358","targetHints":{"allow":["GET"]}}],"collection":[{"href":"https:\/\/www.fundacionmicrofinanzasbbva.org\/revistaprogreso\/en\/wp-json\/wp\/v2\/posts"}],"about":[{"href":"https:\/\/www.fundacionmicrofinanzasbbva.org\/revistaprogreso\/en\/wp-json\/wp\/v2\/types\/post"}],"author":[{"embeddable":true,"href":"https:\/\/www.fundacionmicrofinanzasbbva.org\/revistaprogreso\/en\/wp-json\/wp\/v2\/users\/11"}],"replies":[{"embeddable":true,"href":"https:\/\/www.fundacionmicrofinanzasbbva.org\/revistaprogreso\/en\/wp-json\/wp\/v2\/comments?post=21358"}],"version-history":[{"count":0,"href":"https:\/\/www.fundacionmicrofinanzasbbva.org\/revistaprogreso\/en\/wp-json\/wp\/v2\/posts\/21358\/revisions"}],"wp:featuredmedia":[{"embeddable":true,"href":"https:\/\/www.fundacionmicrofinanzasbbva.org\/revistaprogreso\/en\/wp-json\/wp\/v2\/media\/21182"}],"wp:attachment":[{"href":"https:\/\/www.fundacionmicrofinanzasbbva.org\/revistaprogreso\/en\/wp-json\/wp\/v2\/media?parent=21358"}],"wp:term":[{"taxonomy":"post_tag","embeddable":true,"href":"https:\/\/www.fundacionmicrofinanzasbbva.org\/revistaprogreso\/en\/wp-json\/wp\/v2\/tags?post=21358"}],"curies":[{"name":"wp","href":"https:\/\/api.w.org\/{rel}","templated":true}]}}