{"id":21352,"date":"2023-12-20T14:38:00","date_gmt":"2023-12-20T13:38:00","guid":{"rendered":"https:\/\/www.fundacionmicrofinanzasbbva.org\/revistaprogreso\/fomento-del-emprendimiento-formacion-y-desarrollo-empresarial-de-mujeres\/"},"modified":"2023-12-20T18:01:21","modified_gmt":"2023-12-20T17:01:21","slug":"fomento-del-emprendimiento-formacion-y-desarrollo-empresarial-de-mujeres","status":"publish","type":"post","link":"https:\/\/www.fundacionmicrofinanzasbbva.org\/revistaprogreso\/en\/fomento-del-emprendimiento-formacion-y-desarrollo-empresarial-de-mujeres\/","title":{"rendered":"Fomento del emprendimiento, formaci\u00f3n y desarrollo empresarial de mujeres"},"content":{"rendered":"<div class=\"pdfprnt-buttons pdfprnt-buttons-post pdfprnt-top-right\"><a href=\"https:\/\/www.fundacionmicrofinanzasbbva.org\/revistaprogreso\/en\/wp-json\/wp\/v2\/posts\/21352?print=pdf\" class=\"pdfprnt-button pdfprnt-button-pdf\" target=\"_blank\" ><img decoding=\"async\" src=\"https:\/\/www.fundacionmicrofinanzasbbva.org\/revistaprogreso\/wp-content\/plugins\/pdf-print\/images\/pdf.png\" alt=\"image_pdf\" title=\"View PDF\" \/><\/a><a href=\"https:\/\/www.fundacionmicrofinanzasbbva.org\/revistaprogreso\/en\/wp-json\/wp\/v2\/posts\/21352?print=print\" class=\"pdfprnt-button pdfprnt-button-print\" target=\"_blank\" ><img decoding=\"async\" src=\"https:\/\/www.fundacionmicrofinanzasbbva.org\/revistaprogreso\/wp-content\/plugins\/pdf-print\/images\/print.png\" alt=\"image_print\" title=\"Print Content\" \/><\/a><\/div><p><span style=\"font-weight: 400;\">El pasado mes de octubre se public\u00f3 la <\/span><b>Ley para el Fomento de la Inclusi\u00f3n y Participaci\u00f3n de las Mujeres en los Programas para el Emprendimiento, Formaci\u00f3n y Desarrollo Empresarial<\/b><span style=\"font-weight: 400;\">.<\/span><\/p>\n<p><b>Participaci\u00f3n m\u00ednima de mujeres<\/b><\/p>\n<p><span style=\"font-weight: 400;\">La ley tiene por objeto disminuir la brecha de g\u00e9nero en el pa\u00eds, al garantizar la obligaci\u00f3n de participaci\u00f3n m\u00ednima de mujeres en los proyectos, programas, instrumentos, fondos y recursos dirigidos al fomento del desarrollo empresarial, emprendimiento, innovaci\u00f3n y formaci\u00f3n de las personas; organizados por las entidades del orden nacional y del Sistema Nacional de Competitividad e Innovaci\u00f3n.<\/span><\/p>\n<p><span style=\"font-weight: 400;\">Adem\u00e1s, fomenta la vinculaci\u00f3n de las mujeres a los programas de formaci\u00f3n en carreras STEM (Ciencia, Tecnolog\u00eda, Ingenier\u00eda y Matem\u00e1ticas) de entidades nacionales, sectores administrativos e instituciones de educaci\u00f3n superior, en el marco de su autonom\u00eda.<\/span><\/p>\n<p><b>Fomento desarrollo empresarial<\/b><\/p>\n<p>La Consejer\u00eda Presidencial para la Equidad de la Mujer, conjuntamente con el Ministerio de Comercio, el SENA, la Direcci\u00f3n de Mujer Rural del Ministerio de Agricultura, iNNpulsa Colombia y el Ministerio de la Informaci\u00f3n y las Comunicaciones; y contando tambi\u00e9n con la participaci\u00f3n de las entidades territoriales y organizaciones no gubernamentales de mujer, ser\u00e1n los organismos encargados de elaborar, en los seis meses siguientes a la expedici\u00f3n de la ley, un documento que trace los principios, objetivos, criterios, procedimientos de diagn\u00f3stico e indicadores de verificaci\u00f3n y seguimiento cualitativo y cuantitativo.<\/p>\n<div id=\"attachment_21201\" style=\"width: 310px\" class=\"wp-caption article__img article__img--right lightgallery lightgallery--image article__img alignleft\"><a class=\"img__link js-lightgallery__item\"  href=\"https:\/\/www.fundacionmicrofinanzasbbva.org\/revistaprogreso\/wp-content\/uploads\/2023\/12\/La-emprendedora-colombiana-Marina-Uriana-con-su-asesor.-Bancamia-FMBBVA-scaled.jpg\"><img loading=\"lazy\" decoding=\"async\" aria-describedby=\"caption-attachment-21201\" class=\"size-medium wp-image-21201\" src=\"https:\/\/www.fundacionmicrofinanzasbbva.org\/revistaprogreso\/wp-content\/uploads\/2023\/12\/La-emprendedora-colombiana-Marina-Uriana-con-su-asesor.-Bancamia-FMBBVA-300x200.jpg\" alt=\"\" width=\"300\" height=\"200\" srcset=\"https:\/\/www.fundacionmicrofinanzasbbva.org\/revistaprogreso\/wp-content\/uploads\/2023\/12\/La-emprendedora-colombiana-Marina-Uriana-con-su-asesor.-Bancamia-FMBBVA-300x200.jpg 300w, https:\/\/www.fundacionmicrofinanzasbbva.org\/revistaprogreso\/wp-content\/uploads\/2023\/12\/La-emprendedora-colombiana-Marina-Uriana-con-su-asesor.-Bancamia-FMBBVA-1024x683.jpg 1024w, https:\/\/www.fundacionmicrofinanzasbbva.org\/revistaprogreso\/wp-content\/uploads\/2023\/12\/La-emprendedora-colombiana-Marina-Uriana-con-su-asesor.-Bancamia-FMBBVA-768x513.jpg 768w, https:\/\/www.fundacionmicrofinanzasbbva.org\/revistaprogreso\/wp-content\/uploads\/2023\/12\/La-emprendedora-colombiana-Marina-Uriana-con-su-asesor.-Bancamia-FMBBVA-1536x1025.jpg 1536w, https:\/\/www.fundacionmicrofinanzasbbva.org\/revistaprogreso\/wp-content\/uploads\/2023\/12\/La-emprendedora-colombiana-Marina-Uriana-con-su-asesor.-Bancamia-FMBBVA-2048x1367.jpg 2048w\" sizes=\"auto, (max-width: 300px) 100vw, 300px\" \/><\/a><p id=\"caption-attachment-21201\" class=\"wp-caption article__img article__img--right lightgallery lightgallery--image article__img-text\">La emprendedora colombiana Marina Uriana con su asesor. Bancam\u00eda (FMBBVA)<\/p><\/div>\n<p><span style=\"font-weight: 400;\">Dichos principios orientar\u00e1n la identificaci\u00f3n de brechas de g\u00e9nero y las asignaciones del porcentaje m\u00ednimo obligatorio de mujeres a cumplir en cada programa de fomento al desarrollo empresarial, emprendimiento, innovaci\u00f3n y formaci\u00f3n, distribuyendo este porcentaje, bajo criterios de igualdad y equidad, en cada uno de los departamentos.<\/span><\/p>\n<p><span style=\"font-weight: 400;\">Este documento ser\u00e1 usado por las dem\u00e1s entidades del orden nacional y territorial convocantes para cumplir con la obligaci\u00f3n de definir el porcentaje m\u00ednimo de participaci\u00f3n de mujeres en las particularidades de sus programas y mitigar la brecha identificada en el mismo.<\/span><\/p>\n<p>Ley 2337 de 2023 Congreso de la Rep\u00fablica de Colombia: <a href=\"https:\/\/www.alcaldiabogota.gov.co\/sisjur\/normas\/Norma1.jsp?i=149897&amp;dt=S\" target=\"_blank\" rel=\"noopener\">AQU\u00cd<\/a><\/p>\n","protected":false},"excerpt":{"rendered":"<p>El pasado mes de octubre se public\u00f3 la Ley para el Fomento de la Inclusi\u00f3n y Participaci\u00f3n de las Mujeres en los Programas para el Emprendimiento, Formaci\u00f3n y Desarrollo Empresarial. Participaci\u00f3n m\u00ednima de mujeres La ley tiene por objeto disminuir la brecha de g\u00e9nero en el pa\u00eds, al garantizar la obligaci\u00f3n de participaci\u00f3n m\u00ednima de [&hellip;]<\/p>\n","protected":false},"author":11,"featured_media":0,"comment_status":"open","ping_status":"open","sticky":false,"template":"","format":"standard","meta":{"_acf_changed":false,"footnotes":""},"tags":[642,5941,5320,4248,5476,6449,4649,4650,4798,4654,1246],"class_list":["post-21352","post","type-post","status-publish","format-standard","hentry","tag-inclusion-en-2","tag-brecha-de-genero-en","tag-desarrollo-empresarial-en","tag-emprendimiento-en","tag-equidad-en","tag-formacion-en","tag-genero-en","tag-igualdad-en","tag-innovacion-en","tag-mujeres-en","tag-rural-en-2","numero-32-en","seccion-trending-topics","pais-colombia-en"],"acf":[],"yoast_head":"<!-- This site is optimized with the Yoast SEO plugin v27.4 - https:\/\/yoast.com\/product\/yoast-seo-wordpress\/ -->\n<title>Fomento del emprendimiento, formaci\u00f3n y desarrollo empresarial de mujeres<\/title>\n<meta name=\"description\" content=\"Ley para la Inclusi\u00f3n y Participaci\u00f3n de las Mujeres en los programas para el Emprendimiento, Formaci\u00f3n y Desarrollo Empresarial en Colombia\" \/>\n<meta name=\"robots\" content=\"index, follow, max-snippet:-1, max-image-preview:large, max-video-preview:-1\" \/>\n<link rel=\"canonical\" href=\"https:\/\/www.fundacionmicrofinanzasbbva.org\/revistaprogreso\/en\/fomento-del-emprendimiento-formacion-y-desarrollo-empresarial-de-mujeres\/\" \/>\n<meta property=\"og:locale\" content=\"en_US\" \/>\n<meta property=\"og:type\" content=\"article\" \/>\n<meta property=\"og:title\" content=\"Fomento del emprendimiento, formaci\u00f3n y desarrollo empresarial de mujeres\" \/>\n<meta property=\"og:description\" content=\"Ley para la Inclusi\u00f3n y Participaci\u00f3n de las Mujeres en los programas para el Emprendimiento, Formaci\u00f3n y Desarrollo Empresarial en Colombia\" \/>\n<meta property=\"og:url\" content=\"https:\/\/www.fundacionmicrofinanzasbbva.org\/revistaprogreso\/en\/fomento-del-emprendimiento-formacion-y-desarrollo-empresarial-de-mujeres\/\" \/>\n<meta property=\"og:site_name\" content=\"Progreso\" \/>\n<meta property=\"article:publisher\" content=\"https:\/\/www.facebook.com\/fundacionmicrofinanzasbbva\" \/>\n<meta property=\"article:published_time\" content=\"2023-12-20T13:38:00+00:00\" \/>\n<meta property=\"article:modified_time\" content=\"2023-12-20T17:01:21+00:00\" \/>\n<meta property=\"og:image\" content=\"https:\/\/www.fundacionmicrofinanzasbbva.org\/revistaprogreso\/wp-content\/uploads\/2023\/12\/La-emprendedora-colombiana-Marina-Uriana-con-su-asesor.-Bancamia-FMBBVA-300x200.jpg\" \/>\n<meta name=\"author\" content=\"Cristina\" \/>\n<meta name=\"twitter:card\" content=\"summary_large_image\" \/>\n<meta name=\"twitter:creator\" content=\"@FMBBVA\" \/>\n<meta name=\"twitter:site\" content=\"@FMBBVA\" \/>\n<meta name=\"twitter:label1\" content=\"Written by\" \/>\n\t<meta name=\"twitter:data1\" content=\"Cristina\" \/>\n\t<meta name=\"twitter:label2\" content=\"Est. reading time\" \/>\n\t<meta name=\"twitter:data2\" content=\"2 minutes\" \/>\n<script type=\"application\/ld+json\" class=\"yoast-schema-graph\">{\"@context\":\"https:\\\/\\\/schema.org\",\"@graph\":[{\"@type\":\"Article\",\"@id\":\"https:\\\/\\\/www.fundacionmicrofinanzasbbva.org\\\/revistaprogreso\\\/en\\\/fomento-del-emprendimiento-formacion-y-desarrollo-empresarial-de-mujeres\\\/#article\",\"isPartOf\":{\"@id\":\"https:\\\/\\\/www.fundacionmicrofinanzasbbva.org\\\/revistaprogreso\\\/en\\\/fomento-del-emprendimiento-formacion-y-desarrollo-empresarial-de-mujeres\\\/\"},\"author\":{\"name\":\"Cristina\",\"@id\":\"https:\\\/\\\/34.249.117.129\\\/revistaprogreso\\\/en\\\/#\\\/schema\\\/person\\\/cf80fbfed0e1db989213ebe755675079\"},\"headline\":\"Fomento del emprendimiento, formaci\u00f3n y desarrollo empresarial de mujeres\",\"datePublished\":\"2023-12-20T13:38:00+00:00\",\"dateModified\":\"2023-12-20T17:01:21+00:00\",\"mainEntityOfPage\":{\"@id\":\"https:\\\/\\\/www.fundacionmicrofinanzasbbva.org\\\/revistaprogreso\\\/en\\\/fomento-del-emprendimiento-formacion-y-desarrollo-empresarial-de-mujeres\\\/\"},\"wordCount\":388,\"commentCount\":0,\"publisher\":{\"@id\":\"https:\\\/\\\/34.249.117.129\\\/revistaprogreso\\\/en\\\/#organization\"},\"image\":{\"@id\":\"https:\\\/\\\/www.fundacionmicrofinanzasbbva.org\\\/revistaprogreso\\\/en\\\/fomento-del-emprendimiento-formacion-y-desarrollo-empresarial-de-mujeres\\\/#primaryimage\"},\"thumbnailUrl\":\"https:\\\/\\\/www.fundacionmicrofinanzasbbva.org\\\/revistaprogreso\\\/wp-content\\\/uploads\\\/2023\\\/12\\\/La-emprendedora-colombiana-Marina-Uriana-con-su-asesor.-Bancamia-FMBBVA-300x200.jpg\",\"keywords\":[\"#inclusi\u00f3n\",\"brecha de g\u00e9nero\",\"desarrollo empresarial\",\"emprendimiento\",\"equidad\",\"formaci\u00f3n\",\"g\u00e9nero\",\"igualdad\",\"innovaci\u00f3n\",\"mujeres\",\"Rural\"],\"inLanguage\":\"en-US\"},{\"@type\":\"WebPage\",\"@id\":\"https:\\\/\\\/www.fundacionmicrofinanzasbbva.org\\\/revistaprogreso\\\/en\\\/fomento-del-emprendimiento-formacion-y-desarrollo-empresarial-de-mujeres\\\/\",\"url\":\"https:\\\/\\\/www.fundacionmicrofinanzasbbva.org\\\/revistaprogreso\\\/en\\\/fomento-del-emprendimiento-formacion-y-desarrollo-empresarial-de-mujeres\\\/\",\"name\":\"Fomento del emprendimiento, formaci\u00f3n y desarrollo empresarial de mujeres\",\"isPartOf\":{\"@id\":\"https:\\\/\\\/34.249.117.129\\\/revistaprogreso\\\/en\\\/#website\"},\"primaryImageOfPage\":{\"@id\":\"https:\\\/\\\/www.fundacionmicrofinanzasbbva.org\\\/revistaprogreso\\\/en\\\/fomento-del-emprendimiento-formacion-y-desarrollo-empresarial-de-mujeres\\\/#primaryimage\"},\"image\":{\"@id\":\"https:\\\/\\\/www.fundacionmicrofinanzasbbva.org\\\/revistaprogreso\\\/en\\\/fomento-del-emprendimiento-formacion-y-desarrollo-empresarial-de-mujeres\\\/#primaryimage\"},\"thumbnailUrl\":\"https:\\\/\\\/www.fundacionmicrofinanzasbbva.org\\\/revistaprogreso\\\/wp-content\\\/uploads\\\/2023\\\/12\\\/La-emprendedora-colombiana-Marina-Uriana-con-su-asesor.-Bancamia-FMBBVA-300x200.jpg\",\"datePublished\":\"2023-12-20T13:38:00+00:00\",\"dateModified\":\"2023-12-20T17:01:21+00:00\",\"description\":\"Ley para la Inclusi\u00f3n y Participaci\u00f3n de las Mujeres en los programas para el Emprendimiento, Formaci\u00f3n y Desarrollo Empresarial en Colombia\",\"breadcrumb\":{\"@id\":\"https:\\\/\\\/www.fundacionmicrofinanzasbbva.org\\\/revistaprogreso\\\/en\\\/fomento-del-emprendimiento-formacion-y-desarrollo-empresarial-de-mujeres\\\/#breadcrumb\"},\"inLanguage\":\"en-US\",\"potentialAction\":[{\"@type\":\"ReadAction\",\"target\":[\"https:\\\/\\\/www.fundacionmicrofinanzasbbva.org\\\/revistaprogreso\\\/en\\\/fomento-del-emprendimiento-formacion-y-desarrollo-empresarial-de-mujeres\\\/\"]}]},{\"@type\":\"ImageObject\",\"inLanguage\":\"en-US\",\"@id\":\"https:\\\/\\\/www.fundacionmicrofinanzasbbva.org\\\/revistaprogreso\\\/en\\\/fomento-del-emprendimiento-formacion-y-desarrollo-empresarial-de-mujeres\\\/#primaryimage\",\"url\":\"https:\\\/\\\/www.fundacionmicrofinanzasbbva.org\\\/revistaprogreso\\\/wp-content\\\/uploads\\\/2023\\\/12\\\/La-emprendedora-colombiana-Marina-Uriana-con-su-asesor.-Bancamia-FMBBVA-300x200.jpg\",\"contentUrl\":\"https:\\\/\\\/www.fundacionmicrofinanzasbbva.org\\\/revistaprogreso\\\/wp-content\\\/uploads\\\/2023\\\/12\\\/La-emprendedora-colombiana-Marina-Uriana-con-su-asesor.-Bancamia-FMBBVA-300x200.jpg\"},{\"@type\":\"BreadcrumbList\",\"@id\":\"https:\\\/\\\/www.fundacionmicrofinanzasbbva.org\\\/revistaprogreso\\\/en\\\/fomento-del-emprendimiento-formacion-y-desarrollo-empresarial-de-mujeres\\\/#breadcrumb\",\"itemListElement\":[{\"@type\":\"ListItem\",\"position\":1,\"name\":\"Portada\",\"item\":\"https:\\\/\\\/34.249.117.129\\\/revistaprogreso\\\/en\\\/\"},{\"@type\":\"ListItem\",\"position\":2,\"name\":\"Fomento del emprendimiento, formaci\u00f3n y desarrollo empresarial de mujeres\"}]},{\"@type\":\"WebSite\",\"@id\":\"https:\\\/\\\/34.249.117.129\\\/revistaprogreso\\\/en\\\/#website\",\"url\":\"https:\\\/\\\/34.249.117.129\\\/revistaprogreso\\\/en\\\/\",\"name\":\"Revista Progreso\",\"description\":\"Legal news update\",\"publisher\":{\"@id\":\"https:\\\/\\\/34.249.117.129\\\/revistaprogreso\\\/en\\\/#organization\"},\"alternateName\":\"Revista Progreso\",\"potentialAction\":[{\"@type\":\"SearchAction\",\"target\":{\"@type\":\"EntryPoint\",\"urlTemplate\":\"https:\\\/\\\/34.249.117.129\\\/revistaprogreso\\\/en\\\/?s={search_term_string}\"},\"query-input\":{\"@type\":\"PropertyValueSpecification\",\"valueRequired\":true,\"valueName\":\"search_term_string\"}}],\"inLanguage\":\"en-US\"},{\"@type\":\"Organization\",\"@id\":\"https:\\\/\\\/34.249.117.129\\\/revistaprogreso\\\/en\\\/#organization\",\"name\":\"Revista Progreso\",\"alternateName\":\"Revista Progreso\",\"url\":\"https:\\\/\\\/34.249.117.129\\\/revistaprogreso\\\/en\\\/\",\"logo\":{\"@type\":\"ImageObject\",\"inLanguage\":\"en-US\",\"@id\":\"https:\\\/\\\/34.249.117.129\\\/revistaprogreso\\\/en\\\/#\\\/schema\\\/logo\\\/image\\\/\",\"url\":\"https:\\\/\\\/www.fundacionmicrofinanzasbbva.org\\\/revistaprogreso\\\/wp-content\\\/uploads\\\/2023\\\/09\\\/Logo-FMBBVA-AZUL.png\",\"contentUrl\":\"https:\\\/\\\/www.fundacionmicrofinanzasbbva.org\\\/revistaprogreso\\\/wp-content\\\/uploads\\\/2023\\\/09\\\/Logo-FMBBVA-AZUL.png\",\"width\":6173,\"height\":1001,\"caption\":\"Revista Progreso\"},\"image\":{\"@id\":\"https:\\\/\\\/34.249.117.129\\\/revistaprogreso\\\/en\\\/#\\\/schema\\\/logo\\\/image\\\/\"},\"sameAs\":[\"https:\\\/\\\/www.facebook.com\\\/fundacionmicrofinanzasbbva\",\"https:\\\/\\\/x.com\\\/FMBBVA\",\"https:\\\/\\\/www.linkedin.com\\\/company\\\/fundacin-microfinanzas-bbva\\\/\",\"https:\\\/\\\/www.instagram.com\\\/somosfmbbva\\\/\"]},{\"@type\":\"Person\",\"@id\":\"https:\\\/\\\/34.249.117.129\\\/revistaprogreso\\\/en\\\/#\\\/schema\\\/person\\\/cf80fbfed0e1db989213ebe755675079\",\"name\":\"Cristina\",\"image\":{\"@type\":\"ImageObject\",\"inLanguage\":\"en-US\",\"@id\":\"https:\\\/\\\/secure.gravatar.com\\\/avatar\\\/738f3fd2d0242bdc57233b9c1b03f825511099f3fcd5fb146b7c318c598541f6?s=96&d=mm&r=g\",\"url\":\"https:\\\/\\\/secure.gravatar.com\\\/avatar\\\/738f3fd2d0242bdc57233b9c1b03f825511099f3fcd5fb146b7c318c598541f6?s=96&d=mm&r=g\",\"contentUrl\":\"https:\\\/\\\/secure.gravatar.com\\\/avatar\\\/738f3fd2d0242bdc57233b9c1b03f825511099f3fcd5fb146b7c318c598541f6?s=96&d=mm&r=g\",\"caption\":\"Cristina\"},\"url\":\"https:\\\/\\\/www.fundacionmicrofinanzasbbva.org\\\/revistaprogreso\\\/en\\\/author\\\/cristina\\\/\"}]}<\/script>\n<!-- \/ Yoast SEO plugin. -->","yoast_head_json":{"title":"Fomento del emprendimiento, formaci\u00f3n y desarrollo empresarial de mujeres","description":"Ley para la Inclusi\u00f3n y Participaci\u00f3n de las Mujeres en los programas para el Emprendimiento, Formaci\u00f3n y Desarrollo Empresarial en Colombia","robots":{"index":"index","follow":"follow","max-snippet":"max-snippet:-1","max-image-preview":"max-image-preview:large","max-video-preview":"max-video-preview:-1"},"canonical":"https:\/\/www.fundacionmicrofinanzasbbva.org\/revistaprogreso\/en\/fomento-del-emprendimiento-formacion-y-desarrollo-empresarial-de-mujeres\/","og_locale":"en_US","og_type":"article","og_title":"Fomento del emprendimiento, formaci\u00f3n y desarrollo empresarial de mujeres","og_description":"Ley para la Inclusi\u00f3n y Participaci\u00f3n de las Mujeres en los programas para el Emprendimiento, Formaci\u00f3n y Desarrollo Empresarial en Colombia","og_url":"https:\/\/www.fundacionmicrofinanzasbbva.org\/revistaprogreso\/en\/fomento-del-emprendimiento-formacion-y-desarrollo-empresarial-de-mujeres\/","og_site_name":"Progreso","article_publisher":"https:\/\/www.facebook.com\/fundacionmicrofinanzasbbva","article_published_time":"2023-12-20T13:38:00+00:00","article_modified_time":"2023-12-20T17:01:21+00:00","og_image":[{"url":"https:\/\/www.fundacionmicrofinanzasbbva.org\/revistaprogreso\/wp-content\/uploads\/2023\/12\/La-emprendedora-colombiana-Marina-Uriana-con-su-asesor.-Bancamia-FMBBVA-300x200.jpg","type":"","width":"","height":""}],"author":"Cristina","twitter_card":"summary_large_image","twitter_creator":"@FMBBVA","twitter_site":"@FMBBVA","twitter_misc":{"Written by":"Cristina","Est. reading time":"2 minutes"},"schema":{"@context":"https:\/\/schema.org","@graph":[{"@type":"Article","@id":"https:\/\/www.fundacionmicrofinanzasbbva.org\/revistaprogreso\/en\/fomento-del-emprendimiento-formacion-y-desarrollo-empresarial-de-mujeres\/#article","isPartOf":{"@id":"https:\/\/www.fundacionmicrofinanzasbbva.org\/revistaprogreso\/en\/fomento-del-emprendimiento-formacion-y-desarrollo-empresarial-de-mujeres\/"},"author":{"name":"Cristina","@id":"https:\/\/34.249.117.129\/revistaprogreso\/en\/#\/schema\/person\/cf80fbfed0e1db989213ebe755675079"},"headline":"Fomento del emprendimiento, formaci\u00f3n y desarrollo empresarial de mujeres","datePublished":"2023-12-20T13:38:00+00:00","dateModified":"2023-12-20T17:01:21+00:00","mainEntityOfPage":{"@id":"https:\/\/www.fundacionmicrofinanzasbbva.org\/revistaprogreso\/en\/fomento-del-emprendimiento-formacion-y-desarrollo-empresarial-de-mujeres\/"},"wordCount":388,"commentCount":0,"publisher":{"@id":"https:\/\/34.249.117.129\/revistaprogreso\/en\/#organization"},"image":{"@id":"https:\/\/www.fundacionmicrofinanzasbbva.org\/revistaprogreso\/en\/fomento-del-emprendimiento-formacion-y-desarrollo-empresarial-de-mujeres\/#primaryimage"},"thumbnailUrl":"https:\/\/www.fundacionmicrofinanzasbbva.org\/revistaprogreso\/wp-content\/uploads\/2023\/12\/La-emprendedora-colombiana-Marina-Uriana-con-su-asesor.-Bancamia-FMBBVA-300x200.jpg","keywords":["#inclusi\u00f3n","brecha de g\u00e9nero","desarrollo empresarial","emprendimiento","equidad","formaci\u00f3n","g\u00e9nero","igualdad","innovaci\u00f3n","mujeres","Rural"],"inLanguage":"en-US"},{"@type":"WebPage","@id":"https:\/\/www.fundacionmicrofinanzasbbva.org\/revistaprogreso\/en\/fomento-del-emprendimiento-formacion-y-desarrollo-empresarial-de-mujeres\/","url":"https:\/\/www.fundacionmicrofinanzasbbva.org\/revistaprogreso\/en\/fomento-del-emprendimiento-formacion-y-desarrollo-empresarial-de-mujeres\/","name":"Fomento del emprendimiento, formaci\u00f3n y desarrollo empresarial de mujeres","isPartOf":{"@id":"https:\/\/34.249.117.129\/revistaprogreso\/en\/#website"},"primaryImageOfPage":{"@id":"https:\/\/www.fundacionmicrofinanzasbbva.org\/revistaprogreso\/en\/fomento-del-emprendimiento-formacion-y-desarrollo-empresarial-de-mujeres\/#primaryimage"},"image":{"@id":"https:\/\/www.fundacionmicrofinanzasbbva.org\/revistaprogreso\/en\/fomento-del-emprendimiento-formacion-y-desarrollo-empresarial-de-mujeres\/#primaryimage"},"thumbnailUrl":"https:\/\/www.fundacionmicrofinanzasbbva.org\/revistaprogreso\/wp-content\/uploads\/2023\/12\/La-emprendedora-colombiana-Marina-Uriana-con-su-asesor.-Bancamia-FMBBVA-300x200.jpg","datePublished":"2023-12-20T13:38:00+00:00","dateModified":"2023-12-20T17:01:21+00:00","description":"Ley para la Inclusi\u00f3n y Participaci\u00f3n de las Mujeres en los programas para el Emprendimiento, Formaci\u00f3n y Desarrollo Empresarial en Colombia","breadcrumb":{"@id":"https:\/\/www.fundacionmicrofinanzasbbva.org\/revistaprogreso\/en\/fomento-del-emprendimiento-formacion-y-desarrollo-empresarial-de-mujeres\/#breadcrumb"},"inLanguage":"en-US","potentialAction":[{"@type":"ReadAction","target":["https:\/\/www.fundacionmicrofinanzasbbva.org\/revistaprogreso\/en\/fomento-del-emprendimiento-formacion-y-desarrollo-empresarial-de-mujeres\/"]}]},{"@type":"ImageObject","inLanguage":"en-US","@id":"https:\/\/www.fundacionmicrofinanzasbbva.org\/revistaprogreso\/en\/fomento-del-emprendimiento-formacion-y-desarrollo-empresarial-de-mujeres\/#primaryimage","url":"https:\/\/www.fundacionmicrofinanzasbbva.org\/revistaprogreso\/wp-content\/uploads\/2023\/12\/La-emprendedora-colombiana-Marina-Uriana-con-su-asesor.-Bancamia-FMBBVA-300x200.jpg","contentUrl":"https:\/\/www.fundacionmicrofinanzasbbva.org\/revistaprogreso\/wp-content\/uploads\/2023\/12\/La-emprendedora-colombiana-Marina-Uriana-con-su-asesor.-Bancamia-FMBBVA-300x200.jpg"},{"@type":"BreadcrumbList","@id":"https:\/\/www.fundacionmicrofinanzasbbva.org\/revistaprogreso\/en\/fomento-del-emprendimiento-formacion-y-desarrollo-empresarial-de-mujeres\/#breadcrumb","itemListElement":[{"@type":"ListItem","position":1,"name":"Portada","item":"https:\/\/34.249.117.129\/revistaprogreso\/en\/"},{"@type":"ListItem","position":2,"name":"Fomento del emprendimiento, formaci\u00f3n y desarrollo empresarial de mujeres"}]},{"@type":"WebSite","@id":"https:\/\/34.249.117.129\/revistaprogreso\/en\/#website","url":"https:\/\/34.249.117.129\/revistaprogreso\/en\/","name":"Revista Progreso","description":"Legal news update","publisher":{"@id":"https:\/\/34.249.117.129\/revistaprogreso\/en\/#organization"},"alternateName":"Revista Progreso","potentialAction":[{"@type":"SearchAction","target":{"@type":"EntryPoint","urlTemplate":"https:\/\/34.249.117.129\/revistaprogreso\/en\/?s={search_term_string}"},"query-input":{"@type":"PropertyValueSpecification","valueRequired":true,"valueName":"search_term_string"}}],"inLanguage":"en-US"},{"@type":"Organization","@id":"https:\/\/34.249.117.129\/revistaprogreso\/en\/#organization","name":"Revista Progreso","alternateName":"Revista Progreso","url":"https:\/\/34.249.117.129\/revistaprogreso\/en\/","logo":{"@type":"ImageObject","inLanguage":"en-US","@id":"https:\/\/34.249.117.129\/revistaprogreso\/en\/#\/schema\/logo\/image\/","url":"https:\/\/www.fundacionmicrofinanzasbbva.org\/revistaprogreso\/wp-content\/uploads\/2023\/09\/Logo-FMBBVA-AZUL.png","contentUrl":"https:\/\/www.fundacionmicrofinanzasbbva.org\/revistaprogreso\/wp-content\/uploads\/2023\/09\/Logo-FMBBVA-AZUL.png","width":6173,"height":1001,"caption":"Revista Progreso"},"image":{"@id":"https:\/\/34.249.117.129\/revistaprogreso\/en\/#\/schema\/logo\/image\/"},"sameAs":["https:\/\/www.facebook.com\/fundacionmicrofinanzasbbva","https:\/\/x.com\/FMBBVA","https:\/\/www.linkedin.com\/company\/fundacin-microfinanzas-bbva\/","https:\/\/www.instagram.com\/somosfmbbva\/"]},{"@type":"Person","@id":"https:\/\/34.249.117.129\/revistaprogreso\/en\/#\/schema\/person\/cf80fbfed0e1db989213ebe755675079","name":"Cristina","image":{"@type":"ImageObject","inLanguage":"en-US","@id":"https:\/\/secure.gravatar.com\/avatar\/738f3fd2d0242bdc57233b9c1b03f825511099f3fcd5fb146b7c318c598541f6?s=96&d=mm&r=g","url":"https:\/\/secure.gravatar.com\/avatar\/738f3fd2d0242bdc57233b9c1b03f825511099f3fcd5fb146b7c318c598541f6?s=96&d=mm&r=g","contentUrl":"https:\/\/secure.gravatar.com\/avatar\/738f3fd2d0242bdc57233b9c1b03f825511099f3fcd5fb146b7c318c598541f6?s=96&d=mm&r=g","caption":"Cristina"},"url":"https:\/\/www.fundacionmicrofinanzasbbva.org\/revistaprogreso\/en\/author\/cristina\/"}]}},"_links":{"self":[{"href":"https:\/\/www.fundacionmicrofinanzasbbva.org\/revistaprogreso\/en\/wp-json\/wp\/v2\/posts\/21352","targetHints":{"allow":["GET"]}}],"collection":[{"href":"https:\/\/www.fundacionmicrofinanzasbbva.org\/revistaprogreso\/en\/wp-json\/wp\/v2\/posts"}],"about":[{"href":"https:\/\/www.fundacionmicrofinanzasbbva.org\/revistaprogreso\/en\/wp-json\/wp\/v2\/types\/post"}],"author":[{"embeddable":true,"href":"https:\/\/www.fundacionmicrofinanzasbbva.org\/revistaprogreso\/en\/wp-json\/wp\/v2\/users\/11"}],"replies":[{"embeddable":true,"href":"https:\/\/www.fundacionmicrofinanzasbbva.org\/revistaprogreso\/en\/wp-json\/wp\/v2\/comments?post=21352"}],"version-history":[{"count":0,"href":"https:\/\/www.fundacionmicrofinanzasbbva.org\/revistaprogreso\/en\/wp-json\/wp\/v2\/posts\/21352\/revisions"}],"wp:attachment":[{"href":"https:\/\/www.fundacionmicrofinanzasbbva.org\/revistaprogreso\/en\/wp-json\/wp\/v2\/media?parent=21352"}],"wp:term":[{"taxonomy":"post_tag","embeddable":true,"href":"https:\/\/www.fundacionmicrofinanzasbbva.org\/revistaprogreso\/en\/wp-json\/wp\/v2\/tags?post=21352"}],"curies":[{"name":"wp","href":"https:\/\/api.w.org\/{rel}","templated":true}]}}