{"id":19265,"date":"2022-02-03T16:41:49","date_gmt":"2022-02-03T16:41:49","guid":{"rendered":"https:\/\/www.fundacionmicrofinanzasbbva.org\/revistaprogreso\/sostenibilidad-y-gobierno-corporativo-en-la-memoria-anual\/"},"modified":"2022-02-08T15:36:32","modified_gmt":"2022-02-08T15:36:32","slug":"sostenibilidad-y-gobierno-corporativo-en-la-memoria-anual","status":"publish","type":"post","link":"https:\/\/www.fundacionmicrofinanzasbbva.org\/revistaprogreso\/en\/sostenibilidad-y-gobierno-corporativo-en-la-memoria-anual\/","title":{"rendered":"Sostenibilidad y gobierno corporativo en la Memoria Anual"},"content":{"rendered":"<div class=\"pdfprnt-buttons pdfprnt-buttons-post pdfprnt-top-right\"><a href=\"https:\/\/www.fundacionmicrofinanzasbbva.org\/revistaprogreso\/en\/wp-json\/wp\/v2\/posts\/19265?print=pdf\" class=\"pdfprnt-button pdfprnt-button-pdf\" target=\"_blank\"><img decoding=\"async\" src=\"https:\/\/www.fundacionmicrofinanzasbbva.org\/revistaprogreso\/wp-content\/plugins\/pdf-print\/images\/pdf.png\" alt=\"image_pdf\" title=\"View PDF\" \/><\/a><a href=\"https:\/\/www.fundacionmicrofinanzasbbva.org\/revistaprogreso\/en\/wp-json\/wp\/v2\/posts\/19265?print=print\" class=\"pdfprnt-button pdfprnt-button-print\" target=\"_blank\"><img decoding=\"async\" src=\"https:\/\/www.fundacionmicrofinanzasbbva.org\/revistaprogreso\/wp-content\/plugins\/pdf-print\/images\/print.png\" alt=\"image_print\" title=\"Print Content\" \/><\/a><\/div><p>El pasado 12 de noviembre la Comisi\u00f3n para el Mercado Financiero (CMF) public\u00f3 la Norma de Car\u00e1cter General (NCG) 461 que modifica el contenido de las memorias anuales que deben elaborar y remitir las entidades supervisadas a la CMF, incorporando el deber de informar sobre temas de sostenibilidad y gobierno corporativo.<\/p>\n<p>Esta nueva norma modifica la NCG N\u00b030 en lo referente al contenido de las memorias anuales, contemplando tem\u00e1ticas de sostenibilidad de manera integral a lo largo de ese reporte, y respondiendo, de esta manera, a los est\u00e1ndares que se han ido adoptando a nivel internacional y a las exigencias actuales de los inversionistas.<\/p>\n<h4><b>Aspectos principales sobre los que reportar<\/b><\/h4>\n<p>La norma, que deroga la antigua NCG N\u00b0385, exige a las entidades supervisadas por la CMF que reporten sus pol\u00edticas, pr\u00e1cticas y metas adoptadas en materia medioambiental, social y de gobernanza (ASG o ESG por sus siglas en ingl\u00e9s) y entre los aspectos m\u00e1s novedosos, destacan los siguientes:<\/p>\n<ol>\n<li><b> <\/b><b> <\/b><b>\u00cdndice de contenidos<\/b>: se debe incluir el \u00edndice de contenidos haciendo referencia a los est\u00e1ndares internacionales de reporte que haya tomado como referencia la entidad.<\/li>\n<li><b> <\/b><b> <\/b><b>Perfil de la entidad<\/b>: tal y como exige la norma, son diversos los aspectos sobre los que hay que informar. Entre ellos:<\/li>\n<\/ol>\n<ul>\n<li>\u00a0 Misi\u00f3n, visi\u00f3n, prop\u00f3sito y valores corporativos de la entidad. En concreto, debe se\u00f1alarse si se adhiere o no a los Principios Rectores sobre Derechos Humanos y Empresas emanados de las Naciones Unidas, u otro est\u00e1ndar equivalente.<\/li>\n<li>\u00a0 Informaci\u00f3n hist\u00f3rica: se deber\u00e1 realizar una descripci\u00f3n de la historia de la entidad desde su constituci\u00f3n a la fecha.<\/li>\n<li>\u00a0 Propiedad: situaci\u00f3n de control y cambios importantes respecto al mismo, identificaci\u00f3n de socios o accionistas mayoritarios, tipos de acciones y sus caracter\u00edsticas, pol\u00edtica de dividendos y transacciones en bolsas, entre otros.<b><br \/>\n<\/b><\/li>\n<\/ul>\n<ol start=\"3\">\n<li><b> Gobierno corporativo: <\/b>el informe deber\u00e1 incluir un marco de gobernanza en el que se defina la estructura y funcionamiento del gobierno corporativo de la entidad, haciendo referencia a la adopci\u00f3n de buenas pr\u00e1cticas.<\/li>\n<\/ol>\n<p>Respecto del Directorio u \u00f3rgano de administraci\u00f3n equivalente, se deber\u00e1 reportar la identificaci\u00f3n de cada uno de sus integrantes, se\u00f1alando la fecha de su nombramiento, los ingresos de sus miembros con ocasi\u00f3n de sus labores en el Directorio y la periodicidad con la cual se informa de los asuntos relacionados con las materias ambientales y sociales.<\/p>\n<p>Por otro lado, deber\u00e1 indicarse si el Directorio eval\u00faa regularmente su desempe\u00f1o colectivo y\/o individual, adem\u00e1s del de sus Comit\u00e9s, se\u00f1alando la periodicidad con la que se realiza.<\/p>\n<p>Tambi\u00e9n ser\u00e1 objeto de reporte la informaci\u00f3n relativa a los Comit\u00e9s de directorio, los ejecutivos principales, la adherencia a c\u00f3digos nacionales o internacionales, o las pol\u00edticas de gesti\u00f3n de riesgos, entre otros.<\/p>\n<ol start=\"4\">\n<li><b> <\/b><b> <\/b><b>Estrategia: <\/b>se deber\u00e1n indicar los horizontes temporales a corto, medio y largo plazo relevantes para la entidad, considerando la vida \u00fatil de sus activos o infraestructura de la misma, los objetivos estrat\u00e9gicos y los planes de inversi\u00f3n.<b><\/b><\/li>\n<li><b> <\/b><b> <\/b><b>Personas: <\/b>la Memoria incluir\u00e1 informaci\u00f3n sobre la dotaci\u00f3n de personal, debiendo informar sobre la diversidad de la plantilla, indicando n\u00famero de personas por sexo, nacionalidad, rango de edad o discapacidad. Adem\u00e1s se deber\u00e1 reportar sobre pol\u00edticas de equidad que adopta la entidad, informando la brecha salarial anual por sexo y las pol\u00edticas para prevenir y gestionar el acoso laboral y sexual en el marco laboral.<\/li>\n<li><b> <\/b><b> <\/b><b>Modelos de negocio: <\/b>se describir\u00e1 el o los sectores industriales econ\u00f3micos en los cuales se desarrollan las actividades de la entidad, tipos de negocio desarrollados, grupos de inter\u00e9s, instalaciones de la entidad, informaci\u00f3n sobre entidades subsidiarias o asociadas, e inversi\u00f3n en otras entidades.<\/li>\n<li><b> <\/b><b> <\/b><b>Proveedores: <\/b>las entidades deber\u00e1n incluir un apartado dedicado a la gesti\u00f3n de proveedores en el que se informe sobre las pol\u00edticas de pago y las evaluaciones que se realizan a los mismos.<\/li>\n<li><b> <\/b><b> <\/b><b>Indicadores: <\/b>la memoria contendr\u00e1 informaci\u00f3n sobre el cumplimiento legal y normativo respecto a clientes, trabajadores, requerimientos medioambientales y cuestiones de libre competencia. Adicionalmente, deber\u00e1 reportar las m\u00e9tricas en materia de sostenibilidad que resulten materiales para la entidad de acuerdo con su sector industrial, A estos efectos, se estar\u00e1 a la clasificaci\u00f3n de industrias <i>Sustainable Industry Classification System<\/i> (SICS) que a juicio del directorio u \u00f3rgano de administraci\u00f3n resulte m\u00e1s pertinente, y a la definici\u00f3n de m\u00e9tricas <i>Sustainability Accounting Standards<\/i> establecidas por el <i>Sustainability Accounting Standards Board<\/i> (SASB).<b><\/b><\/li>\n<li><b> <\/b><b> <\/b><b>Hechos relevantes: <\/b>las entidades deber\u00e1n adjuntar un resumen de los hechos esenciales o relevantes divulgados por la entidad durante el per\u00edodo anual, indicando los efectos que ellos han tenido o puedan tener en la marcha de la entidad, en sus valores o en la oferta de ellos.<\/li>\n<li><b> Comentarios de accionistas y del comit\u00e9 de directores: <\/b>deber\u00e1 incluirse una s\u00edntesis fiel de los comentarios y proposiciones relativas a la marcha de los negocios sociales, formuladas por accionistas y por el Comit\u00e9 de Directores y en caso de no existir, deber\u00e1 se\u00f1alarlo expresamente.<\/li>\n<li><b> Informes financieros: <\/b>se deber\u00e1 se\u00f1alar la disponibilidad de los estados financieros de la entidad en el sitio en Internet de la CMF y en el de la propia entidad, en caso de tenerlo, indicando las URLs de ambos.<\/li>\n<\/ol>\n<h4><b>Entrada en vigor<\/b><\/h4>\n<p>La norma comenzar\u00e1 a regir para las memorias anuales de los ejercicios de los a\u00f1os 2022, 2023 o 2024, dependiendo del monto total de activos de cada entidad y de la naturaleza jur\u00eddica de las mismas, sin perjuicio de la posibilidad de las compa\u00f1\u00edas de adaptar sus memorias anuales a las nuevas exigencias voluntariamente con anterioridad a las fechas se\u00f1aladas:<\/p>\n<ul>\n<li>\u00a0<b>A partir del 31 de diciembre de 2022:<\/b> para las sociedades an\u00f3nimas abiertas que superen el equivalente a 20 millones de Unidades Financieras (UF) en activos totales consolidados calculados a la fecha de inicio del ejercicio al que se refiere la memoria.<\/li>\n<li>\u00a0<b>A partir del 31 de diciembre de 2023:<\/b> para las sociedades an\u00f3nimas abiertas que superen el equivalente a 1 mill\u00f3n de UF en activos totales consolidados calculados a la fecha de inicio del ejercicio al que se refiere la memoria.<\/li>\n<li>\u00a0<b>A partir del 31 de diciembre de 2024<\/b>: para las entidades no contempladas en los casos anteriores, como sociedades an\u00f3nimas especiales inscritas en el Registro de Valores como bancos, compa\u00f1\u00edas de seguros, entidades de infraestructura y administradoras generales de fondos.<\/li>\n<\/ul>\n<p>&nbsp;<\/p>\n","protected":false},"excerpt":{"rendered":"<p>El pasado 12 de noviembre la Comisi\u00f3n para el Mercado Financiero (CMF) public\u00f3 la Norma de Car\u00e1cter General (NCG) 461 que modifica el contenido de las memorias anuales que deben elaborar y remitir las entidades supervisadas a la CMF, incorporando el deber de informar sobre temas de sostenibilidad y gobierno corporativo. Esta nueva norma modifica [&hellip;]<\/p>\n","protected":false},"author":30,"featured_media":19262,"comment_status":"open","ping_status":"open","sticky":false,"template":"","format":"standard","meta":{"_acf_changed":false,"footnotes":""},"tags":[4752,4974,4687,5940,5941,4735,654,5184,5942,3448,4765,4766,5943,5944,5945,5946],"class_list":["post-19265","post","type-post","status-publish","format-standard","has-post-thumbnail","hentry","tag-accionistas-en","tag-remuneracion-en","tag-riesgos-en","tag-asg-en","tag-brecha-de-genero-en","tag-buenas-practicas-en","tag-chile-en-2","tag-clientes-en","tag-directorio-en","tag-esg-en-2","tag-gobierno-corporativo-en","tag-grupos-de-interes-en","tag-hechos-relevantes-en","tag-informes-financieros-en","tag-memoria-anual-en","tag-politicas-en","numero-27m-en","seccion-published-and-draft-legislation-corporate-governance","pais-chile-en"],"acf":[],"yoast_head":"<!-- This site is optimized with the Yoast SEO plugin v26.8 - https:\/\/yoast.com\/product\/yoast-seo-wordpress\/ -->\n<title>Sostenibilidad y gobierno corporativo en la Memoria Anual<\/title>\n<meta name=\"description\" content=\"Norma de Car\u00e1cter General NCG 461 de memorias anuales incorporando el deber de informar sobre temas de sostenibilidad y gobierno corporativo\" \/>\n<meta name=\"robots\" content=\"index, follow, max-snippet:-1, max-image-preview:large, max-video-preview:-1\" \/>\n<link rel=\"canonical\" href=\"https:\/\/www.fundacionmicrofinanzasbbva.org\/revistaprogreso\/en\/sostenibilidad-y-gobierno-corporativo-en-la-memoria-anual\/\" \/>\n<meta property=\"og:locale\" content=\"en_US\" \/>\n<meta property=\"og:type\" content=\"article\" \/>\n<meta property=\"og:title\" content=\"Sostenibilidad y gobierno corporativo en la Memoria Anual\" \/>\n<meta property=\"og:description\" content=\"Norma de Car\u00e1cter General NCG 461 de memorias anuales incorporando el deber de informar sobre temas de sostenibilidad y gobierno corporativo\" \/>\n<meta property=\"og:url\" content=\"https:\/\/www.fundacionmicrofinanzasbbva.org\/revistaprogreso\/en\/sostenibilidad-y-gobierno-corporativo-en-la-memoria-anual\/\" \/>\n<meta property=\"og:site_name\" content=\"Progreso\" \/>\n<meta property=\"article:publisher\" content=\"https:\/\/www.facebook.com\/fundacionmicrofinanzasbbva\" \/>\n<meta property=\"article:published_time\" content=\"2022-02-03T16:41:49+00:00\" \/>\n<meta property=\"article:modified_time\" content=\"2022-02-08T15:36:32+00:00\" \/>\n<meta property=\"og:image\" content=\"https:\/\/progresomicrofinanzas.org\/revistaprogreso\/wp-content\/uploads\/2022\/02\/Balanza-hecha-un-plantas.-Derecho-y-ecologia1.jpg\" \/>\n\t<meta property=\"og:image:width\" content=\"400\" \/>\n\t<meta property=\"og:image:height\" content=\"300\" \/>\n\t<meta property=\"og:image:type\" content=\"image\/jpeg\" \/>\n<meta name=\"author\" content=\"karessa Ramos\" \/>\n<meta name=\"twitter:card\" content=\"summary_large_image\" \/>\n<meta name=\"twitter:creator\" content=\"@FMBBVA\" \/>\n<meta name=\"twitter:site\" content=\"@FMBBVA\" \/>\n<meta name=\"twitter:label1\" content=\"Written by\" \/>\n\t<meta name=\"twitter:data1\" content=\"karessa Ramos\" \/>\n\t<meta name=\"twitter:label2\" content=\"Est. reading time\" \/>\n\t<meta name=\"twitter:data2\" content=\"5 minutes\" \/>\n<script type=\"application\/ld+json\" class=\"yoast-schema-graph\">{\"@context\":\"https:\/\/schema.org\",\"@graph\":[{\"@type\":\"Article\",\"@id\":\"https:\/\/www.fundacionmicrofinanzasbbva.org\/revistaprogreso\/en\/sostenibilidad-y-gobierno-corporativo-en-la-memoria-anual\/#article\",\"isPartOf\":{\"@id\":\"https:\/\/www.fundacionmicrofinanzasbbva.org\/revistaprogreso\/en\/sostenibilidad-y-gobierno-corporativo-en-la-memoria-anual\/\"},\"author\":{\"name\":\"karessa Ramos\",\"@id\":\"https:\/\/www.fundacionmicrofinanzasbbva.org\/revistaprogreso\/en\/#\/schema\/person\/4a3fe64f7988998aa5e22913c8147baf\"},\"headline\":\"Sostenibilidad y gobierno corporativo en la Memoria Anual\",\"datePublished\":\"2022-02-03T16:41:49+00:00\",\"dateModified\":\"2022-02-08T15:36:32+00:00\",\"mainEntityOfPage\":{\"@id\":\"https:\/\/www.fundacionmicrofinanzasbbva.org\/revistaprogreso\/en\/sostenibilidad-y-gobierno-corporativo-en-la-memoria-anual\/\"},\"wordCount\":1091,\"commentCount\":0,\"publisher\":{\"@id\":\"https:\/\/www.fundacionmicrofinanzasbbva.org\/revistaprogreso\/en\/#organization\"},\"image\":{\"@id\":\"https:\/\/www.fundacionmicrofinanzasbbva.org\/revistaprogreso\/en\/sostenibilidad-y-gobierno-corporativo-en-la-memoria-anual\/#primaryimage\"},\"thumbnailUrl\":\"https:\/\/www.fundacionmicrofinanzasbbva.org\/revistaprogreso\/wp-content\/uploads\/2022\/02\/Balanza-hecha-un-plantas.-Derecho-y-ecologia1.jpg\",\"keywords\":[\"#accionistas\",\"#remuneraci\u00f3n\",\"#riesgos\",\"ASG\",\"brecha de g\u00e9nero\",\"buenas pr\u00e1cticas\",\"Chile\",\"clientes\",\"Directorio\",\"ESG\",\"gobierno corporativo\",\"grupos de inter\u00e9s\",\"hechos relevantes.\",\"informes financieros\",\"Memoria anual\",\"pol\u00edticas\"],\"inLanguage\":\"en-US\"},{\"@type\":\"WebPage\",\"@id\":\"https:\/\/www.fundacionmicrofinanzasbbva.org\/revistaprogreso\/en\/sostenibilidad-y-gobierno-corporativo-en-la-memoria-anual\/\",\"url\":\"https:\/\/www.fundacionmicrofinanzasbbva.org\/revistaprogreso\/en\/sostenibilidad-y-gobierno-corporativo-en-la-memoria-anual\/\",\"name\":\"Sostenibilidad y gobierno corporativo en la Memoria Anual\",\"isPartOf\":{\"@id\":\"https:\/\/www.fundacionmicrofinanzasbbva.org\/revistaprogreso\/en\/#website\"},\"primaryImageOfPage\":{\"@id\":\"https:\/\/www.fundacionmicrofinanzasbbva.org\/revistaprogreso\/en\/sostenibilidad-y-gobierno-corporativo-en-la-memoria-anual\/#primaryimage\"},\"image\":{\"@id\":\"https:\/\/www.fundacionmicrofinanzasbbva.org\/revistaprogreso\/en\/sostenibilidad-y-gobierno-corporativo-en-la-memoria-anual\/#primaryimage\"},\"thumbnailUrl\":\"https:\/\/www.fundacionmicrofinanzasbbva.org\/revistaprogreso\/wp-content\/uploads\/2022\/02\/Balanza-hecha-un-plantas.-Derecho-y-ecologia1.jpg\",\"datePublished\":\"2022-02-03T16:41:49+00:00\",\"dateModified\":\"2022-02-08T15:36:32+00:00\",\"description\":\"Norma de Car\u00e1cter General NCG 461 de memorias anuales incorporando el deber de informar sobre temas de sostenibilidad y gobierno corporativo\",\"breadcrumb\":{\"@id\":\"https:\/\/www.fundacionmicrofinanzasbbva.org\/revistaprogreso\/en\/sostenibilidad-y-gobierno-corporativo-en-la-memoria-anual\/#breadcrumb\"},\"inLanguage\":\"en-US\",\"potentialAction\":[{\"@type\":\"ReadAction\",\"target\":[\"https:\/\/www.fundacionmicrofinanzasbbva.org\/revistaprogreso\/en\/sostenibilidad-y-gobierno-corporativo-en-la-memoria-anual\/\"]}]},{\"@type\":\"ImageObject\",\"inLanguage\":\"en-US\",\"@id\":\"https:\/\/www.fundacionmicrofinanzasbbva.org\/revistaprogreso\/en\/sostenibilidad-y-gobierno-corporativo-en-la-memoria-anual\/#primaryimage\",\"url\":\"https:\/\/www.fundacionmicrofinanzasbbva.org\/revistaprogreso\/wp-content\/uploads\/2022\/02\/Balanza-hecha-un-plantas.-Derecho-y-ecologia1.jpg\",\"contentUrl\":\"https:\/\/www.fundacionmicrofinanzasbbva.org\/revistaprogreso\/wp-content\/uploads\/2022\/02\/Balanza-hecha-un-plantas.-Derecho-y-ecologia1.jpg\",\"width\":400,\"height\":300},{\"@type\":\"BreadcrumbList\",\"@id\":\"https:\/\/www.fundacionmicrofinanzasbbva.org\/revistaprogreso\/en\/sostenibilidad-y-gobierno-corporativo-en-la-memoria-anual\/#breadcrumb\",\"itemListElement\":[{\"@type\":\"ListItem\",\"position\":1,\"name\":\"Portada\",\"item\":\"https:\/\/www.fundacionmicrofinanzasbbva.org\/revistaprogreso\/en\/\"},{\"@type\":\"ListItem\",\"position\":2,\"name\":\"Sostenibilidad y gobierno corporativo en la Memoria Anual\"}]},{\"@type\":\"WebSite\",\"@id\":\"https:\/\/www.fundacionmicrofinanzasbbva.org\/revistaprogreso\/en\/#website\",\"url\":\"https:\/\/www.fundacionmicrofinanzasbbva.org\/revistaprogreso\/en\/\",\"name\":\"Revista Progreso\",\"description\":\"Legal news update\",\"publisher\":{\"@id\":\"https:\/\/www.fundacionmicrofinanzasbbva.org\/revistaprogreso\/en\/#organization\"},\"alternateName\":\"Revista Progreso\",\"potentialAction\":[{\"@type\":\"SearchAction\",\"target\":{\"@type\":\"EntryPoint\",\"urlTemplate\":\"https:\/\/www.fundacionmicrofinanzasbbva.org\/revistaprogreso\/en\/?s={search_term_string}\"},\"query-input\":{\"@type\":\"PropertyValueSpecification\",\"valueRequired\":true,\"valueName\":\"search_term_string\"}}],\"inLanguage\":\"en-US\"},{\"@type\":\"Organization\",\"@id\":\"https:\/\/www.fundacionmicrofinanzasbbva.org\/revistaprogreso\/en\/#organization\",\"name\":\"Revista Progreso\",\"alternateName\":\"Revista Progreso\",\"url\":\"https:\/\/www.fundacionmicrofinanzasbbva.org\/revistaprogreso\/en\/\",\"logo\":{\"@type\":\"ImageObject\",\"inLanguage\":\"en-US\",\"@id\":\"https:\/\/www.fundacionmicrofinanzasbbva.org\/revistaprogreso\/en\/#\/schema\/logo\/image\/\",\"url\":\"https:\/\/www.fundacionmicrofinanzasbbva.org\/revistaprogreso\/wp-content\/uploads\/2023\/09\/Logo-FMBBVA-AZUL.png\",\"contentUrl\":\"https:\/\/www.fundacionmicrofinanzasbbva.org\/revistaprogreso\/wp-content\/uploads\/2023\/09\/Logo-FMBBVA-AZUL.png\",\"width\":6173,\"height\":1001,\"caption\":\"Revista Progreso\"},\"image\":{\"@id\":\"https:\/\/www.fundacionmicrofinanzasbbva.org\/revistaprogreso\/en\/#\/schema\/logo\/image\/\"},\"sameAs\":[\"https:\/\/www.facebook.com\/fundacionmicrofinanzasbbva\",\"https:\/\/x.com\/FMBBVA\",\"https:\/\/www.linkedin.com\/company\/fundacin-microfinanzas-bbva\/\",\"https:\/\/www.instagram.com\/somosfmbbva\/\"]},{\"@type\":\"Person\",\"@id\":\"https:\/\/www.fundacionmicrofinanzasbbva.org\/revistaprogreso\/en\/#\/schema\/person\/4a3fe64f7988998aa5e22913c8147baf\",\"name\":\"karessa Ramos\",\"image\":{\"@type\":\"ImageObject\",\"inLanguage\":\"en-US\",\"@id\":\"https:\/\/www.fundacionmicrofinanzasbbva.org\/revistaprogreso\/en\/#\/schema\/person\/image\/\",\"url\":\"https:\/\/secure.gravatar.com\/avatar\/a2388109b4325a6fb9c892c3212e430cdc0835c8fc1c1a41f4cc2a3b175b81c5?s=96&d=mm&r=g\",\"contentUrl\":\"https:\/\/secure.gravatar.com\/avatar\/a2388109b4325a6fb9c892c3212e430cdc0835c8fc1c1a41f4cc2a3b175b81c5?s=96&d=mm&r=g\",\"caption\":\"karessa Ramos\"},\"url\":\"https:\/\/www.fundacionmicrofinanzasbbva.org\/revistaprogreso\/en\/author\/karessa\/\"}]}<\/script>\n<!-- \/ Yoast SEO plugin. -->","yoast_head_json":{"title":"Sostenibilidad y gobierno corporativo en la Memoria Anual","description":"Norma de Car\u00e1cter General NCG 461 de memorias anuales incorporando el deber de informar sobre temas de sostenibilidad y gobierno corporativo","robots":{"index":"index","follow":"follow","max-snippet":"max-snippet:-1","max-image-preview":"max-image-preview:large","max-video-preview":"max-video-preview:-1"},"canonical":"https:\/\/www.fundacionmicrofinanzasbbva.org\/revistaprogreso\/en\/sostenibilidad-y-gobierno-corporativo-en-la-memoria-anual\/","og_locale":"en_US","og_type":"article","og_title":"Sostenibilidad y gobierno corporativo en la Memoria Anual","og_description":"Norma de Car\u00e1cter General NCG 461 de memorias anuales incorporando el deber de informar sobre temas de sostenibilidad y gobierno corporativo","og_url":"https:\/\/www.fundacionmicrofinanzasbbva.org\/revistaprogreso\/en\/sostenibilidad-y-gobierno-corporativo-en-la-memoria-anual\/","og_site_name":"Progreso","article_publisher":"https:\/\/www.facebook.com\/fundacionmicrofinanzasbbva","article_published_time":"2022-02-03T16:41:49+00:00","article_modified_time":"2022-02-08T15:36:32+00:00","og_image":[{"width":400,"height":300,"url":"https:\/\/progresomicrofinanzas.org\/revistaprogreso\/wp-content\/uploads\/2022\/02\/Balanza-hecha-un-plantas.-Derecho-y-ecologia1.jpg","type":"image\/jpeg"}],"author":"karessa Ramos","twitter_card":"summary_large_image","twitter_creator":"@FMBBVA","twitter_site":"@FMBBVA","twitter_misc":{"Written by":"karessa Ramos","Est. reading time":"5 minutes"},"schema":{"@context":"https:\/\/schema.org","@graph":[{"@type":"Article","@id":"https:\/\/www.fundacionmicrofinanzasbbva.org\/revistaprogreso\/en\/sostenibilidad-y-gobierno-corporativo-en-la-memoria-anual\/#article","isPartOf":{"@id":"https:\/\/www.fundacionmicrofinanzasbbva.org\/revistaprogreso\/en\/sostenibilidad-y-gobierno-corporativo-en-la-memoria-anual\/"},"author":{"name":"karessa Ramos","@id":"https:\/\/www.fundacionmicrofinanzasbbva.org\/revistaprogreso\/en\/#\/schema\/person\/4a3fe64f7988998aa5e22913c8147baf"},"headline":"Sostenibilidad y gobierno corporativo en la Memoria Anual","datePublished":"2022-02-03T16:41:49+00:00","dateModified":"2022-02-08T15:36:32+00:00","mainEntityOfPage":{"@id":"https:\/\/www.fundacionmicrofinanzasbbva.org\/revistaprogreso\/en\/sostenibilidad-y-gobierno-corporativo-en-la-memoria-anual\/"},"wordCount":1091,"commentCount":0,"publisher":{"@id":"https:\/\/www.fundacionmicrofinanzasbbva.org\/revistaprogreso\/en\/#organization"},"image":{"@id":"https:\/\/www.fundacionmicrofinanzasbbva.org\/revistaprogreso\/en\/sostenibilidad-y-gobierno-corporativo-en-la-memoria-anual\/#primaryimage"},"thumbnailUrl":"https:\/\/www.fundacionmicrofinanzasbbva.org\/revistaprogreso\/wp-content\/uploads\/2022\/02\/Balanza-hecha-un-plantas.-Derecho-y-ecologia1.jpg","keywords":["#accionistas","#remuneraci\u00f3n","#riesgos","ASG","brecha de g\u00e9nero","buenas pr\u00e1cticas","Chile","clientes","Directorio","ESG","gobierno corporativo","grupos de inter\u00e9s","hechos relevantes.","informes financieros","Memoria anual","pol\u00edticas"],"inLanguage":"en-US"},{"@type":"WebPage","@id":"https:\/\/www.fundacionmicrofinanzasbbva.org\/revistaprogreso\/en\/sostenibilidad-y-gobierno-corporativo-en-la-memoria-anual\/","url":"https:\/\/www.fundacionmicrofinanzasbbva.org\/revistaprogreso\/en\/sostenibilidad-y-gobierno-corporativo-en-la-memoria-anual\/","name":"Sostenibilidad y gobierno corporativo en la Memoria Anual","isPartOf":{"@id":"https:\/\/www.fundacionmicrofinanzasbbva.org\/revistaprogreso\/en\/#website"},"primaryImageOfPage":{"@id":"https:\/\/www.fundacionmicrofinanzasbbva.org\/revistaprogreso\/en\/sostenibilidad-y-gobierno-corporativo-en-la-memoria-anual\/#primaryimage"},"image":{"@id":"https:\/\/www.fundacionmicrofinanzasbbva.org\/revistaprogreso\/en\/sostenibilidad-y-gobierno-corporativo-en-la-memoria-anual\/#primaryimage"},"thumbnailUrl":"https:\/\/www.fundacionmicrofinanzasbbva.org\/revistaprogreso\/wp-content\/uploads\/2022\/02\/Balanza-hecha-un-plantas.-Derecho-y-ecologia1.jpg","datePublished":"2022-02-03T16:41:49+00:00","dateModified":"2022-02-08T15:36:32+00:00","description":"Norma de Car\u00e1cter General NCG 461 de memorias anuales incorporando el deber de informar sobre temas de sostenibilidad y gobierno corporativo","breadcrumb":{"@id":"https:\/\/www.fundacionmicrofinanzasbbva.org\/revistaprogreso\/en\/sostenibilidad-y-gobierno-corporativo-en-la-memoria-anual\/#breadcrumb"},"inLanguage":"en-US","potentialAction":[{"@type":"ReadAction","target":["https:\/\/www.fundacionmicrofinanzasbbva.org\/revistaprogreso\/en\/sostenibilidad-y-gobierno-corporativo-en-la-memoria-anual\/"]}]},{"@type":"ImageObject","inLanguage":"en-US","@id":"https:\/\/www.fundacionmicrofinanzasbbva.org\/revistaprogreso\/en\/sostenibilidad-y-gobierno-corporativo-en-la-memoria-anual\/#primaryimage","url":"https:\/\/www.fundacionmicrofinanzasbbva.org\/revistaprogreso\/wp-content\/uploads\/2022\/02\/Balanza-hecha-un-plantas.-Derecho-y-ecologia1.jpg","contentUrl":"https:\/\/www.fundacionmicrofinanzasbbva.org\/revistaprogreso\/wp-content\/uploads\/2022\/02\/Balanza-hecha-un-plantas.-Derecho-y-ecologia1.jpg","width":400,"height":300},{"@type":"BreadcrumbList","@id":"https:\/\/www.fundacionmicrofinanzasbbva.org\/revistaprogreso\/en\/sostenibilidad-y-gobierno-corporativo-en-la-memoria-anual\/#breadcrumb","itemListElement":[{"@type":"ListItem","position":1,"name":"Portada","item":"https:\/\/www.fundacionmicrofinanzasbbva.org\/revistaprogreso\/en\/"},{"@type":"ListItem","position":2,"name":"Sostenibilidad y gobierno corporativo en la Memoria Anual"}]},{"@type":"WebSite","@id":"https:\/\/www.fundacionmicrofinanzasbbva.org\/revistaprogreso\/en\/#website","url":"https:\/\/www.fundacionmicrofinanzasbbva.org\/revistaprogreso\/en\/","name":"Revista Progreso","description":"Legal news update","publisher":{"@id":"https:\/\/www.fundacionmicrofinanzasbbva.org\/revistaprogreso\/en\/#organization"},"alternateName":"Revista Progreso","potentialAction":[{"@type":"SearchAction","target":{"@type":"EntryPoint","urlTemplate":"https:\/\/www.fundacionmicrofinanzasbbva.org\/revistaprogreso\/en\/?s={search_term_string}"},"query-input":{"@type":"PropertyValueSpecification","valueRequired":true,"valueName":"search_term_string"}}],"inLanguage":"en-US"},{"@type":"Organization","@id":"https:\/\/www.fundacionmicrofinanzasbbva.org\/revistaprogreso\/en\/#organization","name":"Revista Progreso","alternateName":"Revista Progreso","url":"https:\/\/www.fundacionmicrofinanzasbbva.org\/revistaprogreso\/en\/","logo":{"@type":"ImageObject","inLanguage":"en-US","@id":"https:\/\/www.fundacionmicrofinanzasbbva.org\/revistaprogreso\/en\/#\/schema\/logo\/image\/","url":"https:\/\/www.fundacionmicrofinanzasbbva.org\/revistaprogreso\/wp-content\/uploads\/2023\/09\/Logo-FMBBVA-AZUL.png","contentUrl":"https:\/\/www.fundacionmicrofinanzasbbva.org\/revistaprogreso\/wp-content\/uploads\/2023\/09\/Logo-FMBBVA-AZUL.png","width":6173,"height":1001,"caption":"Revista Progreso"},"image":{"@id":"https:\/\/www.fundacionmicrofinanzasbbva.org\/revistaprogreso\/en\/#\/schema\/logo\/image\/"},"sameAs":["https:\/\/www.facebook.com\/fundacionmicrofinanzasbbva","https:\/\/x.com\/FMBBVA","https:\/\/www.linkedin.com\/company\/fundacin-microfinanzas-bbva\/","https:\/\/www.instagram.com\/somosfmbbva\/"]},{"@type":"Person","@id":"https:\/\/www.fundacionmicrofinanzasbbva.org\/revistaprogreso\/en\/#\/schema\/person\/4a3fe64f7988998aa5e22913c8147baf","name":"karessa Ramos","image":{"@type":"ImageObject","inLanguage":"en-US","@id":"https:\/\/www.fundacionmicrofinanzasbbva.org\/revistaprogreso\/en\/#\/schema\/person\/image\/","url":"https:\/\/secure.gravatar.com\/avatar\/a2388109b4325a6fb9c892c3212e430cdc0835c8fc1c1a41f4cc2a3b175b81c5?s=96&d=mm&r=g","contentUrl":"https:\/\/secure.gravatar.com\/avatar\/a2388109b4325a6fb9c892c3212e430cdc0835c8fc1c1a41f4cc2a3b175b81c5?s=96&d=mm&r=g","caption":"karessa Ramos"},"url":"https:\/\/www.fundacionmicrofinanzasbbva.org\/revistaprogreso\/en\/author\/karessa\/"}]}},"_links":{"self":[{"href":"https:\/\/www.fundacionmicrofinanzasbbva.org\/revistaprogreso\/en\/wp-json\/wp\/v2\/posts\/19265","targetHints":{"allow":["GET"]}}],"collection":[{"href":"https:\/\/www.fundacionmicrofinanzasbbva.org\/revistaprogreso\/en\/wp-json\/wp\/v2\/posts"}],"about":[{"href":"https:\/\/www.fundacionmicrofinanzasbbva.org\/revistaprogreso\/en\/wp-json\/wp\/v2\/types\/post"}],"author":[{"embeddable":true,"href":"https:\/\/www.fundacionmicrofinanzasbbva.org\/revistaprogreso\/en\/wp-json\/wp\/v2\/users\/30"}],"replies":[{"embeddable":true,"href":"https:\/\/www.fundacionmicrofinanzasbbva.org\/revistaprogreso\/en\/wp-json\/wp\/v2\/comments?post=19265"}],"version-history":[{"count":0,"href":"https:\/\/www.fundacionmicrofinanzasbbva.org\/revistaprogreso\/en\/wp-json\/wp\/v2\/posts\/19265\/revisions"}],"wp:featuredmedia":[{"embeddable":true,"href":"https:\/\/www.fundacionmicrofinanzasbbva.org\/revistaprogreso\/en\/wp-json\/wp\/v2\/media\/19262"}],"wp:attachment":[{"href":"https:\/\/www.fundacionmicrofinanzasbbva.org\/revistaprogreso\/en\/wp-json\/wp\/v2\/media?parent=19265"}],"wp:term":[{"taxonomy":"post_tag","embeddable":true,"href":"https:\/\/www.fundacionmicrofinanzasbbva.org\/revistaprogreso\/en\/wp-json\/wp\/v2\/tags?post=19265"}],"curies":[{"name":"wp","href":"https:\/\/api.w.org\/{rel}","templated":true}]}}