{"id":17260,"date":"2020-10-21T08:32:32","date_gmt":"2020-10-21T08:32:32","guid":{"rendered":"http:\/\/fundacionmicrofinanzasbbva.org\/revistaprogreso\/?p=17260"},"modified":"2020-10-21T08:56:12","modified_gmt":"2020-10-21T08:56:12","slug":"nuevo-marco-facilitar-las-inversiones-sostenibles","status":"publish","type":"post","link":"https:\/\/www.fundacionmicrofinanzasbbva.org\/revistaprogreso\/en\/nuevo-marco-facilitar-las-inversiones-sostenibles\/","title":{"rendered":"Nuevo marco para facilitar las inversiones sostenibles"},"content":{"rendered":"<div class=\"pdfprnt-buttons pdfprnt-buttons-post pdfprnt-top-right\"><a href=\"https:\/\/www.fundacionmicrofinanzasbbva.org\/revistaprogreso\/en\/wp-json\/wp\/v2\/posts\/17260?print=pdf\" class=\"pdfprnt-button pdfprnt-button-pdf\" target=\"_blank\" ><img decoding=\"async\" src=\"https:\/\/www.fundacionmicrofinanzasbbva.org\/revistaprogreso\/wp-content\/plugins\/pdf-print\/images\/pdf.png\" alt=\"image_pdf\" title=\"View PDF\" \/><\/a><a href=\"https:\/\/www.fundacionmicrofinanzasbbva.org\/revistaprogreso\/en\/wp-json\/wp\/v2\/posts\/17260?print=print\" class=\"pdfprnt-button pdfprnt-button-print\" target=\"_blank\" ><img decoding=\"async\" src=\"https:\/\/www.fundacionmicrofinanzasbbva.org\/revistaprogreso\/wp-content\/plugins\/pdf-print\/images\/print.png\" alt=\"image_print\" title=\"Print Content\" \/><\/a><\/div><p><span style=\"font-weight: 400;\">El pasado 12 de julio entr\u00f3 en vigor el Reglamento (UE) 2020\/852 del Parlamento Europeo y del Consejo, de 18 de junio de 2020, relativo al establecimiento de un marco para facilitar las inversiones sostenibles y por el que se modifica el Reglamento (UE) 2019\/2088.<\/span><\/p>\n<h4><b>Objeto y \u00e1mbito de aplicaci\u00f3n<\/b><\/h4>\n<p><span style=\"font-weight: 400;\">El Reglamento tiene por objeto establecer los criterios para determinar si una actividad se considera medioambientalmente sostenible a efectos de fijar el grado de sostenibilidad medioambiental de una inversi\u00f3n y de que los Estados miembros y la Uni\u00f3n Europea utilicen un concepto com\u00fan de \u201cinversi\u00f3n socialmente sostenible\u201d.<\/span><\/p>\n<p><span style=\"font-weight: 400;\">Ser\u00e1 de aplicaci\u00f3n a:<\/span><\/p>\n<ul>\n<li><span style=\"font-weight: 400;\">Las medidas adoptadas por los Estados miembros o por la Uni\u00f3n que impongan a los participantes en los mercados financieros o a los emisores cualesquiera requisitos respecto de productos financieros o emisiones de renta fija privada que se ofrezcan como medioambientalmente sostenible<\/span><\/li>\n<li><span style=\"font-weight: 400;\">Los participantes en los mercados financieros que ofrezcan productos financieros<\/span><\/li>\n<li><span style=\"font-weight: 400;\">Las empresas que est\u00e9n sujetas a la obligaci\u00f3n de publicar estados no financieros o estados no financieros consolidados<\/span><\/li>\n<\/ul>\n<h4><span style=\"font-weight: 400;\">\u00a0<\/span><b>Actividades medioambientalmente sostenibles<\/b><\/h4>\n<p><span style=\"font-weight: 400;\">El Reglamento define la \u201cinversi\u00f3n medioambientalmente sostenible\u201d como aquella inversi\u00f3n que financie una o varias actividades econ\u00f3micas que puedan considerarse medioambientalmente sostenibles conforme a lo establecido en el mismo.<\/span><\/p>\n<p><span style=\"font-weight: 400;\">As\u00ed, una actividad econ\u00f3mica ser\u00e1 \u201cmedioambientalmente sostenible\u201d cuando contribuya sustancialmente a uno o varios de los objetivos medioambientales establecidos, no cause a estos ning\u00fan perjuicio significativo, se lleve a cabo de conformidad con las garant\u00edas m\u00ednimas exigidas y se ajuste a los criterios t\u00e9cnicos de selecci\u00f3n que han sido fijados por la Comisi\u00f3n Europea<\/span><span style=\"font-weight: 400;\">[1]<\/span><span style=\"font-weight: 400;\">.<\/span><\/p>\n<p><span style=\"font-weight: 400;\">Los referidos objetivos medioambientales son:<\/span><\/p>\n<ul>\n<li><span style=\"font-weight: 400;\">La mitigaci\u00f3n del cambio clim\u00e1tico<\/span><\/li>\n<li><span style=\"font-weight: 400;\">La adaptaci\u00f3n al cambio clim\u00e1tico<\/span><\/li>\n<li><span style=\"font-weight: 400;\">El uso sostenible y la protecci\u00f3n de los recursos h\u00eddricos y marinos<\/span><\/li>\n<li><span style=\"font-weight: 400;\">La transici\u00f3n hacia una econom\u00eda circular<\/span><\/li>\n<li><span style=\"font-weight: 400;\">La prevenci\u00f3n y control de la contaminaci\u00f3n<\/span><\/li>\n<li><span style=\"font-weight: 400;\">La protecci\u00f3n y restauraci\u00f3n de la biodiversidad y los ecosistemas<\/span><\/li>\n<\/ul>\n<h4><b>Actividades facilitadoras<\/b><\/h4>\n<p><span style=\"font-weight: 400;\">El Reglamento recoge que puede haber otra actividad econ\u00f3mica que contribuya sustancialmente a alcanzar uno o varios de dichos objetivos medioambientales cuando permita directamente a otras actividades realizar una contribuci\u00f3n sustancial a uno o varios de ellos, y siempre y cuando:<\/span><\/p>\n<ul>\n<li><span style=\"font-weight: 400;\">No conlleve la retenci\u00f3n de activos que socaven los objetivos medioambientales a largo plazo, teniendo en cuenta la vida econ\u00f3mica de dichos activos, y<\/span><\/li>\n<li><span style=\"font-weight: 400;\">Tenga un efecto medioambiental sustancialmente positivo considerando el ciclo de vida.<\/span><\/li>\n<\/ul>\n<h4><b>Divulgaci\u00f3n de informaci\u00f3n no financiera<\/b><\/h4>\n<p><span style=\"font-weight: 400;\">Aquellas empresas que est\u00e9n obligadas a publicar informaci\u00f3n no financiera deber\u00e1n incluir en el estado no financiero individual o consolidado la informaci\u00f3n sobre la manera y la medida en que sus actividades se asocian a actividades econ\u00f3micas consideradas medioambientalmente sostenibles conforme al Reglamento.<\/span><\/p>\n<p><span style=\"font-weight: 400;\">La informaci\u00f3n no financiera que deben divulgar es: i) la proporci\u00f3n de su facturaci\u00f3n que procede de productos o servicios relacionados con actividades econ\u00f3micas consideradas medioambientalmente sostenibles, y ii) la proporci\u00f3n del total de su activo fijo y de sus gastos de explotaci\u00f3n relacionadas con activos o procesos asociados a actividades econ\u00f3micas consideradas medioambientalmente sostenibles.<\/span><\/p>\n<h4><b>Transparencia de los participantes en los mercados financieros<\/b><\/h4>\n<p><span style=\"font-weight: 400;\">El Reglamento completa las obligaciones de divulgaci\u00f3n de informaci\u00f3n contenidas en el Reglamento (UE) 2019\/2088 del Parlamento Europeo y del Consejo, con el fin de aumentar la transparencia y de que los participantes en los mercados financieros proporcionen a los inversores finales un punto de comparaci\u00f3n objetivo en cuanto a la parte de las inversiones que financian actividades econ\u00f3micas medioambientalmente sostenibles.<\/span><\/p>\n<p><span style=\"font-weight: 400;\">En consecuencia, cuando un producto financiero invierta en una actividad econ\u00f3mica que contribuya a un objetivo medioambiental o promocione caracter\u00edsticas medioambientales, tanto los participantes en los mercados financieros como los asesores financieros deber\u00e1n incluir en la informaci\u00f3n precontractual:<\/span><\/p>\n<ul>\n<li><span style=\"font-weight: 400;\">La informaci\u00f3n sobre los objetivos medioambientales a los que contribuye la inversi\u00f3n subyacente al producto financiero, y<\/span><\/li>\n<li><span style=\"font-weight: 400;\">Una descripci\u00f3n de la manera y la medida en que dicha inversi\u00f3n se destina a actividades econ\u00f3micas consideradas medioambientalmente sostenibles.<\/span><\/li>\n<\/ul>\n<p><span style=\"font-weight: 400;\">Adem\u00e1s, deber\u00e1n indicar la proporci\u00f3n de las inversiones en actividades econ\u00f3micas medioambientalmente sostenibles seleccionadas para el producto financiero, incluyendo informaci\u00f3n pormenorizada sobre la proporci\u00f3n de actividades facilitadoras y de transici\u00f3n, y expresar un porcentaje del total de las inversiones seleccionadas para el producto financiero.<\/span><\/p>\n<p><span style=\"font-weight: 400;\">En caso de que un producto financiero no promueva caracter\u00edsticas medioambientales ni tenga como objetivo inversiones sostenibles, se deber\u00e1 incluir en la informaci\u00f3n contractual la siguiente declaraci\u00f3n: \u201c<\/span><i><span style=\"font-weight: 400;\">Las inversiones subyacentes a este producto financiero no tienen en cuenta los criterios de la UE para las actividades econ\u00f3micas medioambientalmente sostenibles.\u201d<\/span><\/i><\/p>\n","protected":false},"excerpt":{"rendered":"<p>El pasado 12 de julio entr\u00f3 en vigor el Reglamento (UE) 2020\/852 del Parlamento Europeo y del Consejo, de 18 de junio de 2020, relativo al establecimiento de un marco para facilitar las inversiones sostenibles y por el que se modifica el Reglamento (UE) 2019\/2088. Objeto y \u00e1mbito de aplicaci\u00f3n El Reglamento tiene por objeto [&hellip;]<\/p>\n","protected":false},"author":30,"featured_media":17247,"comment_status":"open","ping_status":"open","sticky":false,"template":"","format":"standard","meta":{"_acf_changed":false,"footnotes":""},"tags":[4676,4688,4699,4700,4768,4703,4772],"class_list":["post-17260","post","type-post","status-publish","format-standard","has-post-thumbnail","hentry","tag-transparencia-en","tag-union-europea-en","tag-biodiversidad-en","tag-cambio-climatico-en","tag-informacion-no-financiera-en","tag-medio-ambiente-en","tag-medioambiente-en","numero-23m-en","seccion-published-and-draft-legislation-corporate-governance","pais-european-union"],"acf":[],"yoast_head":"<!-- This site is optimized with the Yoast SEO plugin v27.4 - https:\/\/yoast.com\/product\/yoast-seo-wordpress\/ -->\n<title>Nuevo marco para facilitar las inversiones sostenibles<\/title>\n<meta name=\"description\" content=\"Nuevo marco para facilitar las inversiones sostenibles\" \/>\n<meta name=\"robots\" content=\"index, follow, max-snippet:-1, max-image-preview:large, max-video-preview:-1\" \/>\n<link rel=\"canonical\" href=\"https:\/\/www.fundacionmicrofinanzasbbva.org\/revistaprogreso\/en\/nuevo-marco-facilitar-las-inversiones-sostenibles\/\" \/>\n<meta property=\"og:locale\" content=\"en_US\" \/>\n<meta property=\"og:type\" content=\"article\" \/>\n<meta property=\"og:title\" content=\"Nuevo marco para facilitar las inversiones sostenibles\" \/>\n<meta property=\"og:description\" content=\"Nuevo marco para facilitar las inversiones sostenibles\" \/>\n<meta property=\"og:url\" content=\"https:\/\/www.fundacionmicrofinanzasbbva.org\/revistaprogreso\/en\/nuevo-marco-facilitar-las-inversiones-sostenibles\/\" \/>\n<meta property=\"og:site_name\" content=\"Progreso\" \/>\n<meta property=\"article:publisher\" content=\"https:\/\/www.facebook.com\/fundacionmicrofinanzasbbva\" \/>\n<meta property=\"article:published_time\" content=\"2020-10-21T08:32:32+00:00\" \/>\n<meta property=\"article:modified_time\" content=\"2020-10-21T08:56:12+00:00\" \/>\n<meta property=\"og:image\" content=\"https:\/\/www.fundacionmicrofinanzasbbva.org\/revistaprogreso\/wp-content\/uploads\/2020\/10\/UE_Inversi\u00f3n-sostenible.jpg\" \/>\n\t<meta property=\"og:image:width\" content=\"400\" \/>\n\t<meta property=\"og:image:height\" content=\"300\" \/>\n\t<meta property=\"og:image:type\" content=\"image\/jpeg\" \/>\n<meta name=\"author\" content=\"karessa Ramos\" \/>\n<meta name=\"twitter:card\" content=\"summary_large_image\" \/>\n<meta name=\"twitter:creator\" content=\"@FMBBVA\" \/>\n<meta name=\"twitter:site\" content=\"@FMBBVA\" \/>\n<meta name=\"twitter:label1\" content=\"Written by\" \/>\n\t<meta name=\"twitter:data1\" content=\"karessa Ramos\" \/>\n\t<meta name=\"twitter:label2\" content=\"Est. reading time\" \/>\n\t<meta name=\"twitter:data2\" content=\"4 minutes\" \/>\n<script type=\"application\/ld+json\" class=\"yoast-schema-graph\">{\"@context\":\"https:\\\/\\\/schema.org\",\"@graph\":[{\"@type\":\"Article\",\"@id\":\"https:\\\/\\\/www.fundacionmicrofinanzasbbva.org\\\/revistaprogreso\\\/en\\\/nuevo-marco-facilitar-las-inversiones-sostenibles\\\/#article\",\"isPartOf\":{\"@id\":\"https:\\\/\\\/www.fundacionmicrofinanzasbbva.org\\\/revistaprogreso\\\/en\\\/nuevo-marco-facilitar-las-inversiones-sostenibles\\\/\"},\"author\":{\"name\":\"karessa Ramos\",\"@id\":\"https:\\\/\\\/www.progresomicrofinanzas.org\\\/revistaprogreso\\\/#\\\/schema\\\/person\\\/4a3fe64f7988998aa5e22913c8147baf\"},\"headline\":\"Nuevo marco para facilitar las inversiones sostenibles\",\"datePublished\":\"2020-10-21T08:32:32+00:00\",\"dateModified\":\"2020-10-21T08:56:12+00:00\",\"mainEntityOfPage\":{\"@id\":\"https:\\\/\\\/www.fundacionmicrofinanzasbbva.org\\\/revistaprogreso\\\/en\\\/nuevo-marco-facilitar-las-inversiones-sostenibles\\\/\"},\"wordCount\":799,\"commentCount\":0,\"publisher\":{\"@id\":\"https:\\\/\\\/www.progresomicrofinanzas.org\\\/revistaprogreso\\\/#organization\"},\"image\":{\"@id\":\"https:\\\/\\\/www.fundacionmicrofinanzasbbva.org\\\/revistaprogreso\\\/en\\\/nuevo-marco-facilitar-las-inversiones-sostenibles\\\/#primaryimage\"},\"thumbnailUrl\":\"https:\\\/\\\/www.fundacionmicrofinanzasbbva.org\\\/revistaprogreso\\\/wp-content\\\/uploads\\\/2020\\\/10\\\/UE_Inversi\u00f3n-sostenible.jpg\",\"keywords\":[\"#transparencia\",\"#Uni\u00f3n Europea\",\"biodiversidad\",\"cambio clim\u00e1tico\",\"informaci\u00f3n no financiera\",\"medio ambiente\",\"medioambiente\"],\"inLanguage\":\"en-US\"},{\"@type\":\"WebPage\",\"@id\":\"https:\\\/\\\/www.fundacionmicrofinanzasbbva.org\\\/revistaprogreso\\\/en\\\/nuevo-marco-facilitar-las-inversiones-sostenibles\\\/\",\"url\":\"https:\\\/\\\/www.fundacionmicrofinanzasbbva.org\\\/revistaprogreso\\\/en\\\/nuevo-marco-facilitar-las-inversiones-sostenibles\\\/\",\"name\":\"Nuevo marco para facilitar las inversiones sostenibles\",\"isPartOf\":{\"@id\":\"https:\\\/\\\/www.progresomicrofinanzas.org\\\/revistaprogreso\\\/#website\"},\"primaryImageOfPage\":{\"@id\":\"https:\\\/\\\/www.fundacionmicrofinanzasbbva.org\\\/revistaprogreso\\\/en\\\/nuevo-marco-facilitar-las-inversiones-sostenibles\\\/#primaryimage\"},\"image\":{\"@id\":\"https:\\\/\\\/www.fundacionmicrofinanzasbbva.org\\\/revistaprogreso\\\/en\\\/nuevo-marco-facilitar-las-inversiones-sostenibles\\\/#primaryimage\"},\"thumbnailUrl\":\"https:\\\/\\\/www.fundacionmicrofinanzasbbva.org\\\/revistaprogreso\\\/wp-content\\\/uploads\\\/2020\\\/10\\\/UE_Inversi\u00f3n-sostenible.jpg\",\"datePublished\":\"2020-10-21T08:32:32+00:00\",\"dateModified\":\"2020-10-21T08:56:12+00:00\",\"description\":\"Nuevo marco para facilitar las inversiones sostenibles\",\"breadcrumb\":{\"@id\":\"https:\\\/\\\/www.fundacionmicrofinanzasbbva.org\\\/revistaprogreso\\\/en\\\/nuevo-marco-facilitar-las-inversiones-sostenibles\\\/#breadcrumb\"},\"inLanguage\":\"en-US\",\"potentialAction\":[{\"@type\":\"ReadAction\",\"target\":[\"https:\\\/\\\/www.fundacionmicrofinanzasbbva.org\\\/revistaprogreso\\\/en\\\/nuevo-marco-facilitar-las-inversiones-sostenibles\\\/\"]}]},{\"@type\":\"ImageObject\",\"inLanguage\":\"en-US\",\"@id\":\"https:\\\/\\\/www.fundacionmicrofinanzasbbva.org\\\/revistaprogreso\\\/en\\\/nuevo-marco-facilitar-las-inversiones-sostenibles\\\/#primaryimage\",\"url\":\"https:\\\/\\\/www.fundacionmicrofinanzasbbva.org\\\/revistaprogreso\\\/wp-content\\\/uploads\\\/2020\\\/10\\\/UE_Inversi\u00f3n-sostenible.jpg\",\"contentUrl\":\"https:\\\/\\\/www.fundacionmicrofinanzasbbva.org\\\/revistaprogreso\\\/wp-content\\\/uploads\\\/2020\\\/10\\\/UE_Inversi\u00f3n-sostenible.jpg\",\"width\":400,\"height\":300},{\"@type\":\"BreadcrumbList\",\"@id\":\"https:\\\/\\\/www.fundacionmicrofinanzasbbva.org\\\/revistaprogreso\\\/en\\\/nuevo-marco-facilitar-las-inversiones-sostenibles\\\/#breadcrumb\",\"itemListElement\":[{\"@type\":\"ListItem\",\"position\":1,\"name\":\"Portada\",\"item\":\"https:\\\/\\\/www.progresomicrofinanzas.org\\\/revistaprogreso\\\/\"},{\"@type\":\"ListItem\",\"position\":2,\"name\":\"Nuevo marco para facilitar las inversiones sostenibles\"}]},{\"@type\":\"WebSite\",\"@id\":\"https:\\\/\\\/www.progresomicrofinanzas.org\\\/revistaprogreso\\\/#website\",\"url\":\"https:\\\/\\\/www.progresomicrofinanzas.org\\\/revistaprogreso\\\/\",\"name\":\"Revista Progreso\",\"description\":\"Legal news update\",\"publisher\":{\"@id\":\"https:\\\/\\\/www.progresomicrofinanzas.org\\\/revistaprogreso\\\/#organization\"},\"alternateName\":\"Revista Progreso\",\"potentialAction\":[{\"@type\":\"SearchAction\",\"target\":{\"@type\":\"EntryPoint\",\"urlTemplate\":\"https:\\\/\\\/www.progresomicrofinanzas.org\\\/revistaprogreso\\\/?s={search_term_string}\"},\"query-input\":{\"@type\":\"PropertyValueSpecification\",\"valueRequired\":true,\"valueName\":\"search_term_string\"}}],\"inLanguage\":\"en-US\"},{\"@type\":\"Organization\",\"@id\":\"https:\\\/\\\/www.progresomicrofinanzas.org\\\/revistaprogreso\\\/#organization\",\"name\":\"Revista Progreso\",\"alternateName\":\"Revista Progreso\",\"url\":\"https:\\\/\\\/www.progresomicrofinanzas.org\\\/revistaprogreso\\\/\",\"logo\":{\"@type\":\"ImageObject\",\"inLanguage\":\"en-US\",\"@id\":\"https:\\\/\\\/www.progresomicrofinanzas.org\\\/revistaprogreso\\\/#\\\/schema\\\/logo\\\/image\\\/\",\"url\":\"https:\\\/\\\/www.fundacionmicrofinanzasbbva.org\\\/revistaprogreso\\\/wp-content\\\/uploads\\\/2023\\\/09\\\/Logo-FMBBVA-AZUL.png\",\"contentUrl\":\"https:\\\/\\\/www.fundacionmicrofinanzasbbva.org\\\/revistaprogreso\\\/wp-content\\\/uploads\\\/2023\\\/09\\\/Logo-FMBBVA-AZUL.png\",\"width\":6173,\"height\":1001,\"caption\":\"Revista Progreso\"},\"image\":{\"@id\":\"https:\\\/\\\/www.progresomicrofinanzas.org\\\/revistaprogreso\\\/#\\\/schema\\\/logo\\\/image\\\/\"},\"sameAs\":[\"https:\\\/\\\/www.facebook.com\\\/fundacionmicrofinanzasbbva\",\"https:\\\/\\\/x.com\\\/FMBBVA\",\"https:\\\/\\\/www.linkedin.com\\\/company\\\/fundacin-microfinanzas-bbva\\\/\",\"https:\\\/\\\/www.instagram.com\\\/somosfmbbva\\\/\"]},{\"@type\":\"Person\",\"@id\":\"https:\\\/\\\/www.progresomicrofinanzas.org\\\/revistaprogreso\\\/#\\\/schema\\\/person\\\/4a3fe64f7988998aa5e22913c8147baf\",\"name\":\"karessa Ramos\",\"image\":{\"@type\":\"ImageObject\",\"inLanguage\":\"en-US\",\"@id\":\"https:\\\/\\\/secure.gravatar.com\\\/avatar\\\/a2388109b4325a6fb9c892c3212e430cdc0835c8fc1c1a41f4cc2a3b175b81c5?s=96&d=mm&r=g\",\"url\":\"https:\\\/\\\/secure.gravatar.com\\\/avatar\\\/a2388109b4325a6fb9c892c3212e430cdc0835c8fc1c1a41f4cc2a3b175b81c5?s=96&d=mm&r=g\",\"contentUrl\":\"https:\\\/\\\/secure.gravatar.com\\\/avatar\\\/a2388109b4325a6fb9c892c3212e430cdc0835c8fc1c1a41f4cc2a3b175b81c5?s=96&d=mm&r=g\",\"caption\":\"karessa Ramos\"},\"url\":\"https:\\\/\\\/www.fundacionmicrofinanzasbbva.org\\\/revistaprogreso\\\/en\\\/author\\\/karessa\\\/\"}]}<\/script>\n<!-- \/ Yoast SEO plugin. -->","yoast_head_json":{"title":"Nuevo marco para facilitar las inversiones sostenibles","description":"Nuevo marco para facilitar las inversiones sostenibles","robots":{"index":"index","follow":"follow","max-snippet":"max-snippet:-1","max-image-preview":"max-image-preview:large","max-video-preview":"max-video-preview:-1"},"canonical":"https:\/\/www.fundacionmicrofinanzasbbva.org\/revistaprogreso\/en\/nuevo-marco-facilitar-las-inversiones-sostenibles\/","og_locale":"en_US","og_type":"article","og_title":"Nuevo marco para facilitar las inversiones sostenibles","og_description":"Nuevo marco para facilitar las inversiones sostenibles","og_url":"https:\/\/www.fundacionmicrofinanzasbbva.org\/revistaprogreso\/en\/nuevo-marco-facilitar-las-inversiones-sostenibles\/","og_site_name":"Progreso","article_publisher":"https:\/\/www.facebook.com\/fundacionmicrofinanzasbbva","article_published_time":"2020-10-21T08:32:32+00:00","article_modified_time":"2020-10-21T08:56:12+00:00","og_image":[{"width":400,"height":300,"url":"https:\/\/www.fundacionmicrofinanzasbbva.org\/revistaprogreso\/wp-content\/uploads\/2020\/10\/UE_Inversi\u00f3n-sostenible.jpg","type":"image\/jpeg"}],"author":"karessa Ramos","twitter_card":"summary_large_image","twitter_creator":"@FMBBVA","twitter_site":"@FMBBVA","twitter_misc":{"Written by":"karessa Ramos","Est. reading time":"4 minutes"},"schema":{"@context":"https:\/\/schema.org","@graph":[{"@type":"Article","@id":"https:\/\/www.fundacionmicrofinanzasbbva.org\/revistaprogreso\/en\/nuevo-marco-facilitar-las-inversiones-sostenibles\/#article","isPartOf":{"@id":"https:\/\/www.fundacionmicrofinanzasbbva.org\/revistaprogreso\/en\/nuevo-marco-facilitar-las-inversiones-sostenibles\/"},"author":{"name":"karessa Ramos","@id":"https:\/\/www.progresomicrofinanzas.org\/revistaprogreso\/#\/schema\/person\/4a3fe64f7988998aa5e22913c8147baf"},"headline":"Nuevo marco para facilitar las inversiones sostenibles","datePublished":"2020-10-21T08:32:32+00:00","dateModified":"2020-10-21T08:56:12+00:00","mainEntityOfPage":{"@id":"https:\/\/www.fundacionmicrofinanzasbbva.org\/revistaprogreso\/en\/nuevo-marco-facilitar-las-inversiones-sostenibles\/"},"wordCount":799,"commentCount":0,"publisher":{"@id":"https:\/\/www.progresomicrofinanzas.org\/revistaprogreso\/#organization"},"image":{"@id":"https:\/\/www.fundacionmicrofinanzasbbva.org\/revistaprogreso\/en\/nuevo-marco-facilitar-las-inversiones-sostenibles\/#primaryimage"},"thumbnailUrl":"https:\/\/www.fundacionmicrofinanzasbbva.org\/revistaprogreso\/wp-content\/uploads\/2020\/10\/UE_Inversi\u00f3n-sostenible.jpg","keywords":["#transparencia","#Uni\u00f3n Europea","biodiversidad","cambio clim\u00e1tico","informaci\u00f3n no financiera","medio ambiente","medioambiente"],"inLanguage":"en-US"},{"@type":"WebPage","@id":"https:\/\/www.fundacionmicrofinanzasbbva.org\/revistaprogreso\/en\/nuevo-marco-facilitar-las-inversiones-sostenibles\/","url":"https:\/\/www.fundacionmicrofinanzasbbva.org\/revistaprogreso\/en\/nuevo-marco-facilitar-las-inversiones-sostenibles\/","name":"Nuevo marco para facilitar las inversiones sostenibles","isPartOf":{"@id":"https:\/\/www.progresomicrofinanzas.org\/revistaprogreso\/#website"},"primaryImageOfPage":{"@id":"https:\/\/www.fundacionmicrofinanzasbbva.org\/revistaprogreso\/en\/nuevo-marco-facilitar-las-inversiones-sostenibles\/#primaryimage"},"image":{"@id":"https:\/\/www.fundacionmicrofinanzasbbva.org\/revistaprogreso\/en\/nuevo-marco-facilitar-las-inversiones-sostenibles\/#primaryimage"},"thumbnailUrl":"https:\/\/www.fundacionmicrofinanzasbbva.org\/revistaprogreso\/wp-content\/uploads\/2020\/10\/UE_Inversi\u00f3n-sostenible.jpg","datePublished":"2020-10-21T08:32:32+00:00","dateModified":"2020-10-21T08:56:12+00:00","description":"Nuevo marco para facilitar las inversiones sostenibles","breadcrumb":{"@id":"https:\/\/www.fundacionmicrofinanzasbbva.org\/revistaprogreso\/en\/nuevo-marco-facilitar-las-inversiones-sostenibles\/#breadcrumb"},"inLanguage":"en-US","potentialAction":[{"@type":"ReadAction","target":["https:\/\/www.fundacionmicrofinanzasbbva.org\/revistaprogreso\/en\/nuevo-marco-facilitar-las-inversiones-sostenibles\/"]}]},{"@type":"ImageObject","inLanguage":"en-US","@id":"https:\/\/www.fundacionmicrofinanzasbbva.org\/revistaprogreso\/en\/nuevo-marco-facilitar-las-inversiones-sostenibles\/#primaryimage","url":"https:\/\/www.fundacionmicrofinanzasbbva.org\/revistaprogreso\/wp-content\/uploads\/2020\/10\/UE_Inversi\u00f3n-sostenible.jpg","contentUrl":"https:\/\/www.fundacionmicrofinanzasbbva.org\/revistaprogreso\/wp-content\/uploads\/2020\/10\/UE_Inversi\u00f3n-sostenible.jpg","width":400,"height":300},{"@type":"BreadcrumbList","@id":"https:\/\/www.fundacionmicrofinanzasbbva.org\/revistaprogreso\/en\/nuevo-marco-facilitar-las-inversiones-sostenibles\/#breadcrumb","itemListElement":[{"@type":"ListItem","position":1,"name":"Portada","item":"https:\/\/www.progresomicrofinanzas.org\/revistaprogreso\/"},{"@type":"ListItem","position":2,"name":"Nuevo marco para facilitar las inversiones sostenibles"}]},{"@type":"WebSite","@id":"https:\/\/www.progresomicrofinanzas.org\/revistaprogreso\/#website","url":"https:\/\/www.progresomicrofinanzas.org\/revistaprogreso\/","name":"Revista Progreso","description":"Legal news update","publisher":{"@id":"https:\/\/www.progresomicrofinanzas.org\/revistaprogreso\/#organization"},"alternateName":"Revista Progreso","potentialAction":[{"@type":"SearchAction","target":{"@type":"EntryPoint","urlTemplate":"https:\/\/www.progresomicrofinanzas.org\/revistaprogreso\/?s={search_term_string}"},"query-input":{"@type":"PropertyValueSpecification","valueRequired":true,"valueName":"search_term_string"}}],"inLanguage":"en-US"},{"@type":"Organization","@id":"https:\/\/www.progresomicrofinanzas.org\/revistaprogreso\/#organization","name":"Revista Progreso","alternateName":"Revista Progreso","url":"https:\/\/www.progresomicrofinanzas.org\/revistaprogreso\/","logo":{"@type":"ImageObject","inLanguage":"en-US","@id":"https:\/\/www.progresomicrofinanzas.org\/revistaprogreso\/#\/schema\/logo\/image\/","url":"https:\/\/www.fundacionmicrofinanzasbbva.org\/revistaprogreso\/wp-content\/uploads\/2023\/09\/Logo-FMBBVA-AZUL.png","contentUrl":"https:\/\/www.fundacionmicrofinanzasbbva.org\/revistaprogreso\/wp-content\/uploads\/2023\/09\/Logo-FMBBVA-AZUL.png","width":6173,"height":1001,"caption":"Revista Progreso"},"image":{"@id":"https:\/\/www.progresomicrofinanzas.org\/revistaprogreso\/#\/schema\/logo\/image\/"},"sameAs":["https:\/\/www.facebook.com\/fundacionmicrofinanzasbbva","https:\/\/x.com\/FMBBVA","https:\/\/www.linkedin.com\/company\/fundacin-microfinanzas-bbva\/","https:\/\/www.instagram.com\/somosfmbbva\/"]},{"@type":"Person","@id":"https:\/\/www.progresomicrofinanzas.org\/revistaprogreso\/#\/schema\/person\/4a3fe64f7988998aa5e22913c8147baf","name":"karessa Ramos","image":{"@type":"ImageObject","inLanguage":"en-US","@id":"https:\/\/secure.gravatar.com\/avatar\/a2388109b4325a6fb9c892c3212e430cdc0835c8fc1c1a41f4cc2a3b175b81c5?s=96&d=mm&r=g","url":"https:\/\/secure.gravatar.com\/avatar\/a2388109b4325a6fb9c892c3212e430cdc0835c8fc1c1a41f4cc2a3b175b81c5?s=96&d=mm&r=g","contentUrl":"https:\/\/secure.gravatar.com\/avatar\/a2388109b4325a6fb9c892c3212e430cdc0835c8fc1c1a41f4cc2a3b175b81c5?s=96&d=mm&r=g","caption":"karessa Ramos"},"url":"https:\/\/www.fundacionmicrofinanzasbbva.org\/revistaprogreso\/en\/author\/karessa\/"}]}},"_links":{"self":[{"href":"https:\/\/www.fundacionmicrofinanzasbbva.org\/revistaprogreso\/en\/wp-json\/wp\/v2\/posts\/17260","targetHints":{"allow":["GET"]}}],"collection":[{"href":"https:\/\/www.fundacionmicrofinanzasbbva.org\/revistaprogreso\/en\/wp-json\/wp\/v2\/posts"}],"about":[{"href":"https:\/\/www.fundacionmicrofinanzasbbva.org\/revistaprogreso\/en\/wp-json\/wp\/v2\/types\/post"}],"author":[{"embeddable":true,"href":"https:\/\/www.fundacionmicrofinanzasbbva.org\/revistaprogreso\/en\/wp-json\/wp\/v2\/users\/30"}],"replies":[{"embeddable":true,"href":"https:\/\/www.fundacionmicrofinanzasbbva.org\/revistaprogreso\/en\/wp-json\/wp\/v2\/comments?post=17260"}],"version-history":[{"count":0,"href":"https:\/\/www.fundacionmicrofinanzasbbva.org\/revistaprogreso\/en\/wp-json\/wp\/v2\/posts\/17260\/revisions"}],"wp:featuredmedia":[{"embeddable":true,"href":"https:\/\/www.fundacionmicrofinanzasbbva.org\/revistaprogreso\/en\/wp-json\/wp\/v2\/media\/17247"}],"wp:attachment":[{"href":"https:\/\/www.fundacionmicrofinanzasbbva.org\/revistaprogreso\/en\/wp-json\/wp\/v2\/media?parent=17260"}],"wp:term":[{"taxonomy":"post_tag","embeddable":true,"href":"https:\/\/www.fundacionmicrofinanzasbbva.org\/revistaprogreso\/en\/wp-json\/wp\/v2\/tags?post=17260"}],"curies":[{"name":"wp","href":"https:\/\/api.w.org\/{rel}","templated":true}]}}