{"id":9758,"date":"2016-10-05T11:25:34","date_gmt":"2016-10-05T11:25:34","guid":{"rendered":"http:\/\/www.fundacionmicrofinanzasbbva.org\/en\/la-presidenta-chile-entrega-fondo-esperanza-premio-inclusion-financiera-2016-apoyo-al-emprendimiento-reclusos-personas-sin-hogar\/"},"modified":"2017-05-10T16:14:43","modified_gmt":"2017-05-10T16:14:43","slug":"la-presidenta-chile-entrega-fondo-esperanza-premio-inclusion-financiera-2016-apoyo-al-emprendimiento-reclusos-personas-sin-hogar","status":"publish","type":"post","link":"https:\/\/www.fundacionmicrofinanzasbbva.org\/en\/la-presidenta-chile-entrega-fondo-esperanza-premio-inclusion-financiera-2016-apoyo-al-emprendimiento-reclusos-personas-sin-hogar\/","title":{"rendered":"The president of Chile presents Fondo Esperanza with the \u201cFinancial Inclusion Award 2016\u201d for its support for entrepreneurship among the prison population and the homeless"},"content":{"rendered":"<p>The <strong>\u201cSegmentos Excluidos\u201d program<\/strong> (Excluded Segments) came third in the Financial Literacy Award 2016, in the category \u201cSupport for Financial Inclusion\u201d, granted by the Superintendency of Banks and Financial Institutions (SBIF) and the University of Chile, for its role as \u201can important and innovative project that seeks to reinforce the trust between the social development institution and its entrepreneurs\u201d.<\/p>\n<p>This prize promotes financial literacy and inclusion in the country and underlines the importance of financial and economic literacy. \u201cWe have a range of notable public and private initiatives that are engaged in a joint effort to encourage inclusion. Projects that are a good example of this, and which aim to inform and educate on this subject, include Fondo Esperanza, with its all-round microfinance service in prisons\u201d, said Michelle Bachelet, President of Chile, when she presented the award.<\/p>\n<img loading=\"lazy\" decoding=\"async\" class=\"aligncenter size-large wp-image-9732\" src=\"http:\/\/www.fundacionmicrofinanzasbbva.org\/wp-content\/uploads\/2016\/10\/premio-inclusion-financiera-1-1024x800-1024x800.jpg\" alt=\"premio-inclusion-financiera\" width=\"680\" height=\"531\" srcset=\"https:\/\/www.fundacionmicrofinanzasbbva.org\/wp-content\/uploads\/2016\/10\/premio-inclusion-financiera-1-1024x800.jpg 1024w, https:\/\/www.fundacionmicrofinanzasbbva.org\/wp-content\/uploads\/2016\/10\/premio-inclusion-financiera-1-1024x800-180x141.jpg 180w, https:\/\/www.fundacionmicrofinanzasbbva.org\/wp-content\/uploads\/2016\/10\/premio-inclusion-financiera-1-1024x800-768x600.jpg 768w\" sizes=\"auto, (max-width: 680px) 100vw, 680px\" \/>\n<p>&nbsp;<\/p>\n<p>\u201cSegmentos Excluidos\u201d exemplifies Fondo Esperanza&#8217;s mission to reach out to <strong>vulnerable groups with no access to opportunities in the formal banking system<\/strong>, thus improving their quality of life and that of their families and communities. To enter for the award, Fondo Esperanza submitted a <a href=\"https:\/\/www.youtube.com\/watch?v=TWS-PyazF7E\" target=\"_blank\">video testimony from one of the participants in the \u201cSegmentos Excluidos\u201d program <\/a>, in which the entrepreneur Roberto Rosas, an inmate in the Osorno penitentiary who makes wooden craft items and furniture, talked about the importance of this support for him, his family and his companions. \u201cMy quality of life has improved substantially thanks to Fondo Esperanza. I can now maintain my family and I hope to be able to have a small business when I have served my sentence. My fellow inmates and I are making progress and showing that it is possible to get ahead\u201d, he says.<\/p>\n<p>The program began in the Osorno penitentiary in 2013 when 17 inmates took on the challenge of forming a group enterprise and using their manual skills to become entrepreneurs. For them it represented a chance to change their future, to <strong>contribute to the economic development<\/strong> of their families and prove that even though they are serving their sentence, they can get ahead. Fondo Esperanza supported them with a methodology that combines microloans, training, and support networks.<\/p>\n<p>The entrepreneurs&#8217; motivation and their excellent results have led the project to be extended to the penitentiaries of Puente Alto (with two community-district banks), Colina and Limache. In addition, in 2015 a community-district bank was set up in Santiago to help people who live on the streets.<\/p>\n<p>According to Mario Pav\u00f3n, general manager of Fondo Esperanza, \u201cThis award encourages us to continue working and believing in people who have been excluded from the financial system. The service Fondo Esperanza provides these groups not only allows them to work as entrepreneurs, but also gives them the tools for their future reinsertion in society\u201d.<\/p>\n<p>\u201cWe are generating support and second chances, and genuinely promoting <strong>social reinsertion<\/strong>. This award allows us to continue improving and extending our intervention network, as there are many potential entrepreneurs deprived of their freedom or homeless who have need of us\u201d, said Ver\u00f3nica Toro, the institution&#8217;s head of Community-District Banks.<\/p>\n<p>According to Scarlett Sandoval, Advisor at the community-district bank \u201cUni\u00f3n, Esfuerzo y Trabajo\u201d in Osorno, this project represents a challenge at both the work and personal level: \u201cThis is a major undertaking, as its takes place in a different kind of physical space. It&#8217;s not the same as the community-district banks where the entrepreneurs have no restrictions. At the personal level this means sharing and helping in their rehabilitation so they feel part of society\u201d.<\/p>\n","protected":false},"excerpt":{"rendered":"<p>The award recognizes Fondo Esperanza&#8217;s work to support particularly vulnerable sectors like prison inmates and people who live on the streets by helping them start up enterprises that enable them to gain a living, representing a second chance for them and their families. The bank does this by delivering microloans, training and support networks in their enterprise group.<\/p>\n","protected":false},"author":4,"featured_media":9799,"comment_status":"closed","ping_status":"closed","sticky":false,"template":"","format":"standard","meta":{"_acf_changed":false,"footnotes":""},"categories":[726,1451],"tags":[376,1033,1699,1706,1700,1707,1701,1702,1709],"class_list":["post-9758","post","type-post","status-publish","format-standard","has-post-thumbnail","hentry","category-acknowledgements","category-reconocimientos-en","tag-mario-pavon","tag-mario-pavon-en","tag-michelle-bachelet","tag-michelle-bachelet-en","tag-premio-inclusion-financiera","tag-premio-inclusion-financiera-en","tag-programa-segmentos-excluidos","tag-reinsercion-social","tag-reinsercion-social-en","paises-chile"],"acf":[],"yoast_head":"<!-- This site is optimized with the Yoast SEO plugin v27.4 - https:\/\/yoast.com\/product\/yoast-seo-wordpress\/ -->\n<title>The president of Chile presents Fondo Esperanza with the \u201cFinancial Inclusion Award 2016\u201d for its support for entrepreneurship among the prison population and the homeless - Fundaci\u00f3n Microfinanzas BBVA<\/title>\n<meta name=\"robots\" content=\"index, follow, max-snippet:-1, max-image-preview:large, max-video-preview:-1\" \/>\n<link rel=\"canonical\" href=\"https:\/\/www.fundacionmicrofinanzasbbva.org\/en\/la-presidenta-chile-entrega-fondo-esperanza-premio-inclusion-financiera-2016-apoyo-al-emprendimiento-reclusos-personas-sin-hogar\/\" \/>\n<meta property=\"og:locale\" content=\"en_US\" \/>\n<meta property=\"og:type\" content=\"article\" \/>\n<meta property=\"og:title\" content=\"The president of Chile presents Fondo Esperanza with the \u201cFinancial Inclusion Award 2016\u201d for its support for entrepreneurship among the prison population and the homeless - Fundaci\u00f3n Microfinanzas BBVA\" \/>\n<meta property=\"og:description\" content=\"The award recognizes Fondo Esperanza&#039;s work to support particularly vulnerable sectors like prison inmates and people who live on the streets by helping them start up enterprises that enable them to gain a living, representing a second chance for them and their families. The bank does this by delivering microloans, training and support networks in their enterprise group.\" \/>\n<meta property=\"og:url\" content=\"https:\/\/www.fundacionmicrofinanzasbbva.org\/en\/la-presidenta-chile-entrega-fondo-esperanza-premio-inclusion-financiera-2016-apoyo-al-emprendimiento-reclusos-personas-sin-hogar\/\" \/>\n<meta property=\"og:site_name\" content=\"Fundaci\u00f3n Microfinanzas BBVA\" \/>\n<meta property=\"article:publisher\" content=\"https:\/\/www.facebook.com\/fundacionmicrofinanzasbbva\/\" \/>\n<meta property=\"article:published_time\" content=\"2016-10-05T11:25:34+00:00\" \/>\n<meta property=\"article:modified_time\" content=\"2017-05-10T16:14:43+00:00\" \/>\n<meta property=\"og:image\" content=\"https:\/\/www.fundacionmicrofinanzasbbva.org\/wp-content\/uploads\/2016\/10\/Roberto-Fondo-Esperanza-FMBBVA.jpg\" \/>\n\t<meta property=\"og:image:width\" content=\"1920\" \/>\n\t<meta property=\"og:image:height\" content=\"475\" \/>\n\t<meta property=\"og:image:type\" content=\"image\/jpeg\" \/>\n<meta name=\"author\" content=\"Cristina Gonz\u00e1lez del Pino\" \/>\n<meta name=\"twitter:card\" content=\"summary_large_image\" \/>\n<meta name=\"twitter:creator\" content=\"@FMBBVA\" \/>\n<meta name=\"twitter:site\" content=\"@FMBBVA\" \/>\n<meta name=\"twitter:label1\" content=\"Written by\" \/>\n\t<meta name=\"twitter:data1\" content=\"Cristina Gonz\u00e1lez del Pino\" \/>\n\t<meta name=\"twitter:label2\" content=\"Est. reading time\" \/>\n\t<meta name=\"twitter:data2\" content=\"3 minutes\" \/>\n<script type=\"application\/ld+json\" class=\"yoast-schema-graph\">{\"@context\":\"https:\\\/\\\/schema.org\",\"@graph\":[{\"@type\":\"Article\",\"@id\":\"https:\\\/\\\/www.fundacionmicrofinanzasbbva.org\\\/en\\\/la-presidenta-chile-entrega-fondo-esperanza-premio-inclusion-financiera-2016-apoyo-al-emprendimiento-reclusos-personas-sin-hogar\\\/#article\",\"isPartOf\":{\"@id\":\"https:\\\/\\\/www.fundacionmicrofinanzasbbva.org\\\/en\\\/la-presidenta-chile-entrega-fondo-esperanza-premio-inclusion-financiera-2016-apoyo-al-emprendimiento-reclusos-personas-sin-hogar\\\/\"},\"author\":{\"name\":\"Cristina Gonz\u00e1lez del Pino\",\"@id\":\"https:\\\/\\\/www.fundacionmicrofinanzasbbva.org\\\/en\\\/#\\\/schema\\\/person\\\/dec388562364c12a5d138bc73a9601ab\"},\"headline\":\"The president of Chile presents Fondo Esperanza with the \u201cFinancial Inclusion Award 2016\u201d for its support for entrepreneurship among the prison population and the homeless\",\"datePublished\":\"2016-10-05T11:25:34+00:00\",\"dateModified\":\"2017-05-10T16:14:43+00:00\",\"mainEntityOfPage\":{\"@id\":\"https:\\\/\\\/www.fundacionmicrofinanzasbbva.org\\\/en\\\/la-presidenta-chile-entrega-fondo-esperanza-premio-inclusion-financiera-2016-apoyo-al-emprendimiento-reclusos-personas-sin-hogar\\\/\"},\"wordCount\":609,\"publisher\":{\"@id\":\"https:\\\/\\\/www.fundacionmicrofinanzasbbva.org\\\/en\\\/#organization\"},\"image\":{\"@id\":\"https:\\\/\\\/www.fundacionmicrofinanzasbbva.org\\\/en\\\/la-presidenta-chile-entrega-fondo-esperanza-premio-inclusion-financiera-2016-apoyo-al-emprendimiento-reclusos-personas-sin-hogar\\\/#primaryimage\"},\"thumbnailUrl\":\"https:\\\/\\\/www.fundacionmicrofinanzasbbva.org\\\/wp-content\\\/uploads\\\/2016\\\/10\\\/Roberto-Fondo-Esperanza-FMBBVA.jpg\",\"keywords\":[\"Mario Pav\u00f3n\",\"Mario Pav\u00f3n\",\"Michelle Bachelet\",\"Michelle Bachelet\",\"Premio Inclusi\u00f3n Financiera\",\"Premio Inclusi\u00f3n Financiera\",\"Programa \\\"Segmentos Excluidos\\\"\",\"reinserci\u00f3n social\",\"reinserci\u00f3n social\"],\"articleSection\":[\"Acknowledgements\",\"Reconocimientos\"],\"inLanguage\":\"en-US\"},{\"@type\":\"WebPage\",\"@id\":\"https:\\\/\\\/www.fundacionmicrofinanzasbbva.org\\\/en\\\/la-presidenta-chile-entrega-fondo-esperanza-premio-inclusion-financiera-2016-apoyo-al-emprendimiento-reclusos-personas-sin-hogar\\\/\",\"url\":\"https:\\\/\\\/www.fundacionmicrofinanzasbbva.org\\\/en\\\/la-presidenta-chile-entrega-fondo-esperanza-premio-inclusion-financiera-2016-apoyo-al-emprendimiento-reclusos-personas-sin-hogar\\\/\",\"name\":\"The president of Chile presents Fondo Esperanza with the \u201cFinancial Inclusion Award 2016\u201d for its support for entrepreneurship among the prison population and the homeless - Fundaci\u00f3n Microfinanzas BBVA\",\"isPartOf\":{\"@id\":\"https:\\\/\\\/www.fundacionmicrofinanzasbbva.org\\\/en\\\/#website\"},\"primaryImageOfPage\":{\"@id\":\"https:\\\/\\\/www.fundacionmicrofinanzasbbva.org\\\/en\\\/la-presidenta-chile-entrega-fondo-esperanza-premio-inclusion-financiera-2016-apoyo-al-emprendimiento-reclusos-personas-sin-hogar\\\/#primaryimage\"},\"image\":{\"@id\":\"https:\\\/\\\/www.fundacionmicrofinanzasbbva.org\\\/en\\\/la-presidenta-chile-entrega-fondo-esperanza-premio-inclusion-financiera-2016-apoyo-al-emprendimiento-reclusos-personas-sin-hogar\\\/#primaryimage\"},\"thumbnailUrl\":\"https:\\\/\\\/www.fundacionmicrofinanzasbbva.org\\\/wp-content\\\/uploads\\\/2016\\\/10\\\/Roberto-Fondo-Esperanza-FMBBVA.jpg\",\"datePublished\":\"2016-10-05T11:25:34+00:00\",\"dateModified\":\"2017-05-10T16:14:43+00:00\",\"breadcrumb\":{\"@id\":\"https:\\\/\\\/www.fundacionmicrofinanzasbbva.org\\\/en\\\/la-presidenta-chile-entrega-fondo-esperanza-premio-inclusion-financiera-2016-apoyo-al-emprendimiento-reclusos-personas-sin-hogar\\\/#breadcrumb\"},\"inLanguage\":\"en-US\",\"potentialAction\":[{\"@type\":\"ReadAction\",\"target\":[\"https:\\\/\\\/www.fundacionmicrofinanzasbbva.org\\\/en\\\/la-presidenta-chile-entrega-fondo-esperanza-premio-inclusion-financiera-2016-apoyo-al-emprendimiento-reclusos-personas-sin-hogar\\\/\"]}]},{\"@type\":\"ImageObject\",\"inLanguage\":\"en-US\",\"@id\":\"https:\\\/\\\/www.fundacionmicrofinanzasbbva.org\\\/en\\\/la-presidenta-chile-entrega-fondo-esperanza-premio-inclusion-financiera-2016-apoyo-al-emprendimiento-reclusos-personas-sin-hogar\\\/#primaryimage\",\"url\":\"https:\\\/\\\/www.fundacionmicrofinanzasbbva.org\\\/wp-content\\\/uploads\\\/2016\\\/10\\\/Roberto-Fondo-Esperanza-FMBBVA.jpg\",\"contentUrl\":\"https:\\\/\\\/www.fundacionmicrofinanzasbbva.org\\\/wp-content\\\/uploads\\\/2016\\\/10\\\/Roberto-Fondo-Esperanza-FMBBVA.jpg\",\"width\":1920,\"height\":475,\"caption\":\"Roberto Fondo Esperanza FMBBVA\"},{\"@type\":\"BreadcrumbList\",\"@id\":\"https:\\\/\\\/www.fundacionmicrofinanzasbbva.org\\\/en\\\/la-presidenta-chile-entrega-fondo-esperanza-premio-inclusion-financiera-2016-apoyo-al-emprendimiento-reclusos-personas-sin-hogar\\\/#breadcrumb\",\"itemListElement\":[{\"@type\":\"ListItem\",\"position\":1,\"name\":\"Home\",\"item\":\"https:\\\/\\\/www.fundacionmicrofinanzasbbva.org\\\/en\\\/\"},{\"@type\":\"ListItem\",\"position\":2,\"name\":\"News\",\"item\":\"https:\\\/\\\/www.fundacionmicrofinanzasbbva.org\\\/en\\\/category\\\/news\\\/\"},{\"@type\":\"ListItem\",\"position\":3,\"name\":\"Acknowledgements\",\"item\":\"https:\\\/\\\/www.fundacionmicrofinanzasbbva.org\\\/en\\\/category\\\/news\\\/acknowledgements\\\/\"},{\"@type\":\"ListItem\",\"position\":4,\"name\":\"The president of Chile presents Fondo Esperanza with the \u201cFinancial Inclusion Award 2016\u201d for its support for entrepreneurship among the prison population and the homeless\"}]},{\"@type\":\"WebSite\",\"@id\":\"https:\\\/\\\/www.fundacionmicrofinanzasbbva.org\\\/en\\\/#website\",\"url\":\"https:\\\/\\\/www.fundacionmicrofinanzasbbva.org\\\/en\\\/\",\"name\":\"Fundaci\u00f3n Microfinanzas BBVA\",\"description\":\"Fundaci\u00f3n Microfinanzas BBVA\",\"publisher\":{\"@id\":\"https:\\\/\\\/www.fundacionmicrofinanzasbbva.org\\\/en\\\/#organization\"},\"alternateName\":\"Fundaci\u00f3n Microfinanzas BBVA\",\"potentialAction\":[{\"@type\":\"SearchAction\",\"target\":{\"@type\":\"EntryPoint\",\"urlTemplate\":\"https:\\\/\\\/www.fundacionmicrofinanzasbbva.org\\\/en\\\/?s={search_term_string}\"},\"query-input\":{\"@type\":\"PropertyValueSpecification\",\"valueRequired\":true,\"valueName\":\"search_term_string\"}}],\"inLanguage\":\"en-US\"},{\"@type\":\"Organization\",\"@id\":\"https:\\\/\\\/www.fundacionmicrofinanzasbbva.org\\\/en\\\/#organization\",\"name\":\"Fundaci\u00f3n Microfinanzas BBVA\",\"alternateName\":\"Fundaci\u00f3n Microfinanzas BBVA\",\"url\":\"https:\\\/\\\/www.fundacionmicrofinanzasbbva.org\\\/en\\\/\",\"logo\":{\"@type\":\"ImageObject\",\"inLanguage\":\"en-US\",\"@id\":\"https:\\\/\\\/www.fundacionmicrofinanzasbbva.org\\\/en\\\/#\\\/schema\\\/logo\\\/image\\\/\",\"url\":\"https:\\\/\\\/www.fundacionmicrofinanzasbbva.org\\\/wp-content\\\/uploads\\\/2017\\\/01\\\/favicon.png\",\"contentUrl\":\"https:\\\/\\\/www.fundacionmicrofinanzasbbva.org\\\/wp-content\\\/uploads\\\/2017\\\/01\\\/favicon.png\",\"width\":130,\"height\":130,\"caption\":\"Fundaci\u00f3n Microfinanzas BBVA\"},\"image\":{\"@id\":\"https:\\\/\\\/www.fundacionmicrofinanzasbbva.org\\\/en\\\/#\\\/schema\\\/logo\\\/image\\\/\"},\"sameAs\":[\"https:\\\/\\\/www.facebook.com\\\/fundacionmicrofinanzasbbva\\\/\",\"https:\\\/\\\/x.com\\\/FMBBVA\",\"https:\\\/\\\/www.linkedin.com\\\/company\\\/fundaci\u00f3n-microfinanzas-bbva\\\/\"]},{\"@type\":\"Person\",\"@id\":\"https:\\\/\\\/www.fundacionmicrofinanzasbbva.org\\\/en\\\/#\\\/schema\\\/person\\\/dec388562364c12a5d138bc73a9601ab\",\"name\":\"Cristina Gonz\u00e1lez del Pino\"}]}<\/script>\n<!-- \/ Yoast SEO plugin. -->","yoast_head_json":{"title":"The president of Chile presents Fondo Esperanza with the \u201cFinancial Inclusion Award 2016\u201d for its support for entrepreneurship among the prison population and the homeless - Fundaci\u00f3n Microfinanzas BBVA","robots":{"index":"index","follow":"follow","max-snippet":"max-snippet:-1","max-image-preview":"max-image-preview:large","max-video-preview":"max-video-preview:-1"},"canonical":"https:\/\/www.fundacionmicrofinanzasbbva.org\/en\/la-presidenta-chile-entrega-fondo-esperanza-premio-inclusion-financiera-2016-apoyo-al-emprendimiento-reclusos-personas-sin-hogar\/","og_locale":"en_US","og_type":"article","og_title":"The president of Chile presents Fondo Esperanza with the \u201cFinancial Inclusion Award 2016\u201d for its support for entrepreneurship among the prison population and the homeless - Fundaci\u00f3n Microfinanzas BBVA","og_description":"The award recognizes Fondo Esperanza's work to support particularly vulnerable sectors like prison inmates and people who live on the streets by helping them start up enterprises that enable them to gain a living, representing a second chance for them and their families. The bank does this by delivering microloans, training and support networks in their enterprise group.","og_url":"https:\/\/www.fundacionmicrofinanzasbbva.org\/en\/la-presidenta-chile-entrega-fondo-esperanza-premio-inclusion-financiera-2016-apoyo-al-emprendimiento-reclusos-personas-sin-hogar\/","og_site_name":"Fundaci\u00f3n Microfinanzas BBVA","article_publisher":"https:\/\/www.facebook.com\/fundacionmicrofinanzasbbva\/","article_published_time":"2016-10-05T11:25:34+00:00","article_modified_time":"2017-05-10T16:14:43+00:00","og_image":[{"width":1920,"height":475,"url":"https:\/\/www.fundacionmicrofinanzasbbva.org\/wp-content\/uploads\/2016\/10\/Roberto-Fondo-Esperanza-FMBBVA.jpg","type":"image\/jpeg"}],"author":"Cristina Gonz\u00e1lez del Pino","twitter_card":"summary_large_image","twitter_creator":"@FMBBVA","twitter_site":"@FMBBVA","twitter_misc":{"Written by":"Cristina Gonz\u00e1lez del Pino","Est. reading time":"3 minutes"},"schema":{"@context":"https:\/\/schema.org","@graph":[{"@type":"Article","@id":"https:\/\/www.fundacionmicrofinanzasbbva.org\/en\/la-presidenta-chile-entrega-fondo-esperanza-premio-inclusion-financiera-2016-apoyo-al-emprendimiento-reclusos-personas-sin-hogar\/#article","isPartOf":{"@id":"https:\/\/www.fundacionmicrofinanzasbbva.org\/en\/la-presidenta-chile-entrega-fondo-esperanza-premio-inclusion-financiera-2016-apoyo-al-emprendimiento-reclusos-personas-sin-hogar\/"},"author":{"name":"Cristina Gonz\u00e1lez del Pino","@id":"https:\/\/www.fundacionmicrofinanzasbbva.org\/en\/#\/schema\/person\/dec388562364c12a5d138bc73a9601ab"},"headline":"The president of Chile presents Fondo Esperanza with the \u201cFinancial Inclusion Award 2016\u201d for its support for entrepreneurship among the prison population and the homeless","datePublished":"2016-10-05T11:25:34+00:00","dateModified":"2017-05-10T16:14:43+00:00","mainEntityOfPage":{"@id":"https:\/\/www.fundacionmicrofinanzasbbva.org\/en\/la-presidenta-chile-entrega-fondo-esperanza-premio-inclusion-financiera-2016-apoyo-al-emprendimiento-reclusos-personas-sin-hogar\/"},"wordCount":609,"publisher":{"@id":"https:\/\/www.fundacionmicrofinanzasbbva.org\/en\/#organization"},"image":{"@id":"https:\/\/www.fundacionmicrofinanzasbbva.org\/en\/la-presidenta-chile-entrega-fondo-esperanza-premio-inclusion-financiera-2016-apoyo-al-emprendimiento-reclusos-personas-sin-hogar\/#primaryimage"},"thumbnailUrl":"https:\/\/www.fundacionmicrofinanzasbbva.org\/wp-content\/uploads\/2016\/10\/Roberto-Fondo-Esperanza-FMBBVA.jpg","keywords":["Mario Pav\u00f3n","Mario Pav\u00f3n","Michelle Bachelet","Michelle Bachelet","Premio Inclusi\u00f3n Financiera","Premio Inclusi\u00f3n Financiera","Programa \"Segmentos Excluidos\"","reinserci\u00f3n social","reinserci\u00f3n social"],"articleSection":["Acknowledgements","Reconocimientos"],"inLanguage":"en-US"},{"@type":"WebPage","@id":"https:\/\/www.fundacionmicrofinanzasbbva.org\/en\/la-presidenta-chile-entrega-fondo-esperanza-premio-inclusion-financiera-2016-apoyo-al-emprendimiento-reclusos-personas-sin-hogar\/","url":"https:\/\/www.fundacionmicrofinanzasbbva.org\/en\/la-presidenta-chile-entrega-fondo-esperanza-premio-inclusion-financiera-2016-apoyo-al-emprendimiento-reclusos-personas-sin-hogar\/","name":"The president of Chile presents Fondo Esperanza with the \u201cFinancial Inclusion Award 2016\u201d for its support for entrepreneurship among the prison population and the homeless - Fundaci\u00f3n Microfinanzas BBVA","isPartOf":{"@id":"https:\/\/www.fundacionmicrofinanzasbbva.org\/en\/#website"},"primaryImageOfPage":{"@id":"https:\/\/www.fundacionmicrofinanzasbbva.org\/en\/la-presidenta-chile-entrega-fondo-esperanza-premio-inclusion-financiera-2016-apoyo-al-emprendimiento-reclusos-personas-sin-hogar\/#primaryimage"},"image":{"@id":"https:\/\/www.fundacionmicrofinanzasbbva.org\/en\/la-presidenta-chile-entrega-fondo-esperanza-premio-inclusion-financiera-2016-apoyo-al-emprendimiento-reclusos-personas-sin-hogar\/#primaryimage"},"thumbnailUrl":"https:\/\/www.fundacionmicrofinanzasbbva.org\/wp-content\/uploads\/2016\/10\/Roberto-Fondo-Esperanza-FMBBVA.jpg","datePublished":"2016-10-05T11:25:34+00:00","dateModified":"2017-05-10T16:14:43+00:00","breadcrumb":{"@id":"https:\/\/www.fundacionmicrofinanzasbbva.org\/en\/la-presidenta-chile-entrega-fondo-esperanza-premio-inclusion-financiera-2016-apoyo-al-emprendimiento-reclusos-personas-sin-hogar\/#breadcrumb"},"inLanguage":"en-US","potentialAction":[{"@type":"ReadAction","target":["https:\/\/www.fundacionmicrofinanzasbbva.org\/en\/la-presidenta-chile-entrega-fondo-esperanza-premio-inclusion-financiera-2016-apoyo-al-emprendimiento-reclusos-personas-sin-hogar\/"]}]},{"@type":"ImageObject","inLanguage":"en-US","@id":"https:\/\/www.fundacionmicrofinanzasbbva.org\/en\/la-presidenta-chile-entrega-fondo-esperanza-premio-inclusion-financiera-2016-apoyo-al-emprendimiento-reclusos-personas-sin-hogar\/#primaryimage","url":"https:\/\/www.fundacionmicrofinanzasbbva.org\/wp-content\/uploads\/2016\/10\/Roberto-Fondo-Esperanza-FMBBVA.jpg","contentUrl":"https:\/\/www.fundacionmicrofinanzasbbva.org\/wp-content\/uploads\/2016\/10\/Roberto-Fondo-Esperanza-FMBBVA.jpg","width":1920,"height":475,"caption":"Roberto Fondo Esperanza FMBBVA"},{"@type":"BreadcrumbList","@id":"https:\/\/www.fundacionmicrofinanzasbbva.org\/en\/la-presidenta-chile-entrega-fondo-esperanza-premio-inclusion-financiera-2016-apoyo-al-emprendimiento-reclusos-personas-sin-hogar\/#breadcrumb","itemListElement":[{"@type":"ListItem","position":1,"name":"Home","item":"https:\/\/www.fundacionmicrofinanzasbbva.org\/en\/"},{"@type":"ListItem","position":2,"name":"News","item":"https:\/\/www.fundacionmicrofinanzasbbva.org\/en\/category\/news\/"},{"@type":"ListItem","position":3,"name":"Acknowledgements","item":"https:\/\/www.fundacionmicrofinanzasbbva.org\/en\/category\/news\/acknowledgements\/"},{"@type":"ListItem","position":4,"name":"The president of Chile presents Fondo Esperanza with the \u201cFinancial Inclusion Award 2016\u201d for its support for entrepreneurship among the prison population and the homeless"}]},{"@type":"WebSite","@id":"https:\/\/www.fundacionmicrofinanzasbbva.org\/en\/#website","url":"https:\/\/www.fundacionmicrofinanzasbbva.org\/en\/","name":"Fundaci\u00f3n Microfinanzas BBVA","description":"Fundaci\u00f3n Microfinanzas BBVA","publisher":{"@id":"https:\/\/www.fundacionmicrofinanzasbbva.org\/en\/#organization"},"alternateName":"Fundaci\u00f3n Microfinanzas BBVA","potentialAction":[{"@type":"SearchAction","target":{"@type":"EntryPoint","urlTemplate":"https:\/\/www.fundacionmicrofinanzasbbva.org\/en\/?s={search_term_string}"},"query-input":{"@type":"PropertyValueSpecification","valueRequired":true,"valueName":"search_term_string"}}],"inLanguage":"en-US"},{"@type":"Organization","@id":"https:\/\/www.fundacionmicrofinanzasbbva.org\/en\/#organization","name":"Fundaci\u00f3n Microfinanzas BBVA","alternateName":"Fundaci\u00f3n Microfinanzas BBVA","url":"https:\/\/www.fundacionmicrofinanzasbbva.org\/en\/","logo":{"@type":"ImageObject","inLanguage":"en-US","@id":"https:\/\/www.fundacionmicrofinanzasbbva.org\/en\/#\/schema\/logo\/image\/","url":"https:\/\/www.fundacionmicrofinanzasbbva.org\/wp-content\/uploads\/2017\/01\/favicon.png","contentUrl":"https:\/\/www.fundacionmicrofinanzasbbva.org\/wp-content\/uploads\/2017\/01\/favicon.png","width":130,"height":130,"caption":"Fundaci\u00f3n Microfinanzas BBVA"},"image":{"@id":"https:\/\/www.fundacionmicrofinanzasbbva.org\/en\/#\/schema\/logo\/image\/"},"sameAs":["https:\/\/www.facebook.com\/fundacionmicrofinanzasbbva\/","https:\/\/x.com\/FMBBVA","https:\/\/www.linkedin.com\/company\/fundaci\u00f3n-microfinanzas-bbva\/"]},{"@type":"Person","@id":"https:\/\/www.fundacionmicrofinanzasbbva.org\/en\/#\/schema\/person\/dec388562364c12a5d138bc73a9601ab","name":"Cristina Gonz\u00e1lez del Pino"}]}},"_links":{"self":[{"href":"https:\/\/www.fundacionmicrofinanzasbbva.org\/en\/wp-json\/wp\/v2\/posts\/9758","targetHints":{"allow":["GET"]}}],"collection":[{"href":"https:\/\/www.fundacionmicrofinanzasbbva.org\/en\/wp-json\/wp\/v2\/posts"}],"about":[{"href":"https:\/\/www.fundacionmicrofinanzasbbva.org\/en\/wp-json\/wp\/v2\/types\/post"}],"author":[{"embeddable":true,"href":"https:\/\/www.fundacionmicrofinanzasbbva.org\/en\/wp-json\/wp\/v2\/users\/4"}],"replies":[{"embeddable":true,"href":"https:\/\/www.fundacionmicrofinanzasbbva.org\/en\/wp-json\/wp\/v2\/comments?post=9758"}],"version-history":[{"count":0,"href":"https:\/\/www.fundacionmicrofinanzasbbva.org\/en\/wp-json\/wp\/v2\/posts\/9758\/revisions"}],"wp:featuredmedia":[{"embeddable":true,"href":"https:\/\/www.fundacionmicrofinanzasbbva.org\/en\/wp-json\/wp\/v2\/media\/9799"}],"wp:attachment":[{"href":"https:\/\/www.fundacionmicrofinanzasbbva.org\/en\/wp-json\/wp\/v2\/media?parent=9758"}],"wp:term":[{"taxonomy":"category","embeddable":true,"href":"https:\/\/www.fundacionmicrofinanzasbbva.org\/en\/wp-json\/wp\/v2\/categories?post=9758"},{"taxonomy":"post_tag","embeddable":true,"href":"https:\/\/www.fundacionmicrofinanzasbbva.org\/en\/wp-json\/wp\/v2\/tags?post=9758"}],"curies":[{"name":"wp","href":"https:\/\/api.w.org\/{rel}","templated":true}]}}