{"id":9439,"date":"2016-11-02T11:25:28","date_gmt":"2016-11-02T11:25:28","guid":{"rendered":"http:\/\/www.fundacionmicrofinanzasbbva.org\/en\/microserfin-pacto-nacional-emprendimiento-panama\/"},"modified":"2017-05-03T10:19:42","modified_gmt":"2017-05-03T10:19:42","slug":"microserfin-pacto-nacional-emprendimiento-panama","status":"publish","type":"post","link":"https:\/\/www.fundacionmicrofinanzasbbva.org\/en\/microserfin-pacto-nacional-emprendimiento-panama\/","title":{"rendered":"Microserfin in Panama&#8217;s National Entrepreneurship Pact"},"content":{"rendered":"<p>Microserfin is part of Panama&#8217;s <strong>Strategic Panel for Entrepreneurship<\/strong>, which brings together leading institutions in the public, private and academic sectors to promote the conditions that stimulate entrepreneurship in the country.<\/p>\n<p>The Strategic Panel for Entrepreneurship is coordinated by the <strong>Authority for Micro, Small and Medium-sized Enterprises (AMPYME)<\/strong>, which answers to the Panamanian government and develops programs for entrepreneurs and the managers of these types of businesses.<\/p>\n<p>&#8220;The implementation of this national pact designed to benefit Panamanian entrepreneurs reinforces the company&#8217;s commitment to improving the quality of life of low-income entrepreneurs and their families, by applying sustainable relational banking to offer these micro-entrepreneurs advice and promote their development opportunities \u2013which is an essential aspect of Microserfin&#8217;s social impact activity&#8221;, said <strong>Luis Germ\u00e1n Linares<\/strong>, general manager of Microserfin.<\/p>\n<p>He also highlighted how important it was for all the participants on the Strategic Panel to see this pact from a business point of view, where all the stakeholders can obtain a benefit from their sphere of management. In other words, a social, educational and \u2013why not?\u2013 economic benefit, to ensure the participants continued interest in the program and guarantee its sustainability over time. The program&#8217;s success will be directly linked to the support received by the entrepreneurs, and enable the development opportunities generated to translate into benefits for the Panamanian community.<\/p>\n<p>The <strong>National Pact for Entrepreneurship<\/strong>, aimed at boosting the country&#8217;s economic development and ensuring it grows more fairly and reduces poverty, will be signed on 17 November this year. Entrepreneurs play a key role in the global economy. It is essential in Latin America to promote the entrepreneurial culture as a mechanism for development.<\/p>\n<p>\u201cEntrepreneurship is on the rise, and this is one of our challenges, as well as a way of reinvigorating our economies in a climate of social equality. We are working hard to put this issue on the country&#8217;s agenda\u201d, said Mar\u00eda Celia Dopeso L\u00f3pez, the minister for Micro, Small and Medium Enterprises.<\/p>\n<p>According to data from the Global Entrepreneurship Monitor, the number of Panamanian entrepreneurs has declined in recent years. Panama occupies 11th place in the Latin American ranking of systemic conditions for dynamic entrepreneurship and 49th place worldwide out of 56 countries. This reveals an average interest in comparison with the rest of the region in terms of entrepreneurship.<\/p>\n<p>The Strategic Panel for Entrepreneurship recognized education, youth and entrepreneurship as being the great challenges and opportunities for the future of the Latin-American region, in line with the goals of the Ibero-American summit.<\/p>\n","protected":false},"excerpt":{"rendered":"<p>Microserfin is part of Panama&#8217;s Strategic Panel for Entrepreneurship, which brings together leading institutions in the public, private and academic sectors to promote the conditions&#8230;  <a class=\"excerpt-read-more\" href=\"https:\/\/www.fundacionmicrofinanzasbbva.org\/en\/microserfin-pacto-nacional-emprendimiento-panama\/\" title=\"Read Microserfin in Panama&#8217;s National Entrepreneurship Pact\">Read more &raquo;<\/a><\/p>\n","protected":false},"author":13,"featured_media":9438,"comment_status":"closed","ping_status":"closed","sticky":false,"template":"","format":"standard","meta":{"_acf_changed":false,"footnotes":""},"categories":[1370],"tags":[784,443,1116,1629,1634,1630],"class_list":["post-9439","post","type-post","status-publish","format-standard","has-post-thumbnail","hentry","category-actividad-institucional-en","tag-ampyme","tag-luis-german-linares","tag-luis-german-linares-en","tag-mesa-estrategica-de-emprendimiento-de-panama","tag-national-pact-for-entrepreneurship","tag-pacto-nacional-por-el-emprendimiento","paises-panama"],"acf":[],"yoast_head":"<!-- This site is optimized with the Yoast SEO plugin v27.4 - https:\/\/yoast.com\/product\/yoast-seo-wordpress\/ -->\n<title>Microserfin in Panama&#039;s National Entrepreneurship Pact - Fundaci\u00f3n Microfinanzas BBVA<\/title>\n<meta name=\"robots\" content=\"index, follow, max-snippet:-1, max-image-preview:large, max-video-preview:-1\" \/>\n<link rel=\"canonical\" href=\"https:\/\/www.fundacionmicrofinanzasbbva.org\/en\/microserfin-pacto-nacional-emprendimiento-panama\/\" \/>\n<meta property=\"og:locale\" content=\"en_US\" \/>\n<meta property=\"og:type\" content=\"article\" \/>\n<meta property=\"og:title\" content=\"Microserfin in Panama&#039;s National Entrepreneurship Pact - Fundaci\u00f3n Microfinanzas BBVA\" \/>\n<meta property=\"og:description\" content=\"Microserfin is part of Panama&#8217;s Strategic Panel for Entrepreneurship, which brings together leading institutions in the public, private and academic sectors to promote the conditions... Read more &raquo;\" \/>\n<meta property=\"og:url\" content=\"https:\/\/www.fundacionmicrofinanzasbbva.org\/en\/microserfin-pacto-nacional-emprendimiento-panama\/\" \/>\n<meta property=\"og:site_name\" content=\"Fundaci\u00f3n Microfinanzas BBVA\" \/>\n<meta property=\"article:publisher\" content=\"https:\/\/www.facebook.com\/fundacionmicrofinanzasbbva\/\" \/>\n<meta property=\"article:published_time\" content=\"2016-11-02T11:25:28+00:00\" \/>\n<meta property=\"article:modified_time\" content=\"2017-05-03T10:19:42+00:00\" \/>\n<meta property=\"og:image\" content=\"https:\/\/www.fundacionmicrofinanzasbbva.org\/wp-content\/uploads\/2016\/11\/wordpress-620x290.jpg\" \/>\n\t<meta property=\"og:image:width\" content=\"620\" \/>\n\t<meta property=\"og:image:height\" content=\"290\" \/>\n\t<meta property=\"og:image:type\" content=\"image\/jpeg\" \/>\n<meta name=\"author\" content=\"Karessa Ramos\" \/>\n<meta name=\"twitter:card\" content=\"summary_large_image\" \/>\n<meta name=\"twitter:creator\" content=\"@FMBBVA\" \/>\n<meta name=\"twitter:site\" content=\"@FMBBVA\" \/>\n<meta name=\"twitter:label1\" content=\"Written by\" \/>\n\t<meta name=\"twitter:data1\" content=\"Karessa Ramos\" \/>\n\t<meta name=\"twitter:label2\" content=\"Est. reading time\" \/>\n\t<meta name=\"twitter:data2\" content=\"2 minutes\" \/>\n<script type=\"application\/ld+json\" class=\"yoast-schema-graph\">{\"@context\":\"https:\\\/\\\/schema.org\",\"@graph\":[{\"@type\":\"Article\",\"@id\":\"https:\\\/\\\/www.fundacionmicrofinanzasbbva.org\\\/en\\\/microserfin-pacto-nacional-emprendimiento-panama\\\/#article\",\"isPartOf\":{\"@id\":\"https:\\\/\\\/www.fundacionmicrofinanzasbbva.org\\\/en\\\/microserfin-pacto-nacional-emprendimiento-panama\\\/\"},\"author\":{\"name\":\"Karessa Ramos\",\"@id\":\"https:\\\/\\\/www.fundacionmicrofinanzasbbva.org\\\/en\\\/#\\\/schema\\\/person\\\/dcc08d9d413af1c947cd093804347ac6\"},\"headline\":\"Microserfin in Panama&#8217;s National Entrepreneurship Pact\",\"datePublished\":\"2016-11-02T11:25:28+00:00\",\"dateModified\":\"2017-05-03T10:19:42+00:00\",\"mainEntityOfPage\":{\"@id\":\"https:\\\/\\\/www.fundacionmicrofinanzasbbva.org\\\/en\\\/microserfin-pacto-nacional-emprendimiento-panama\\\/\"},\"wordCount\":430,\"publisher\":{\"@id\":\"https:\\\/\\\/www.fundacionmicrofinanzasbbva.org\\\/en\\\/#organization\"},\"image\":{\"@id\":\"https:\\\/\\\/www.fundacionmicrofinanzasbbva.org\\\/en\\\/microserfin-pacto-nacional-emprendimiento-panama\\\/#primaryimage\"},\"thumbnailUrl\":\"https:\\\/\\\/www.fundacionmicrofinanzasbbva.org\\\/wp-content\\\/uploads\\\/2016\\\/11\\\/wordpress-620x290.jpg\",\"keywords\":[\"AMPYME\",\"Luis Germ\u00e1n Linares\",\"Luis Germ\u00e1n Linares\",\"Mesa estrat\u00e9gica de emprendimiento de Panam\u00e1\",\"National Pact for Entrepreneurship\",\"Pacto Nacional por el Emprendimiento\"],\"articleSection\":[\"Institutional Activity\"],\"inLanguage\":\"en-US\"},{\"@type\":\"WebPage\",\"@id\":\"https:\\\/\\\/www.fundacionmicrofinanzasbbva.org\\\/en\\\/microserfin-pacto-nacional-emprendimiento-panama\\\/\",\"url\":\"https:\\\/\\\/www.fundacionmicrofinanzasbbva.org\\\/en\\\/microserfin-pacto-nacional-emprendimiento-panama\\\/\",\"name\":\"Microserfin in Panama's National Entrepreneurship Pact - Fundaci\u00f3n Microfinanzas BBVA\",\"isPartOf\":{\"@id\":\"https:\\\/\\\/www.fundacionmicrofinanzasbbva.org\\\/en\\\/#website\"},\"primaryImageOfPage\":{\"@id\":\"https:\\\/\\\/www.fundacionmicrofinanzasbbva.org\\\/en\\\/microserfin-pacto-nacional-emprendimiento-panama\\\/#primaryimage\"},\"image\":{\"@id\":\"https:\\\/\\\/www.fundacionmicrofinanzasbbva.org\\\/en\\\/microserfin-pacto-nacional-emprendimiento-panama\\\/#primaryimage\"},\"thumbnailUrl\":\"https:\\\/\\\/www.fundacionmicrofinanzasbbva.org\\\/wp-content\\\/uploads\\\/2016\\\/11\\\/wordpress-620x290.jpg\",\"datePublished\":\"2016-11-02T11:25:28+00:00\",\"dateModified\":\"2017-05-03T10:19:42+00:00\",\"breadcrumb\":{\"@id\":\"https:\\\/\\\/www.fundacionmicrofinanzasbbva.org\\\/en\\\/microserfin-pacto-nacional-emprendimiento-panama\\\/#breadcrumb\"},\"inLanguage\":\"en-US\",\"potentialAction\":[{\"@type\":\"ReadAction\",\"target\":[\"https:\\\/\\\/www.fundacionmicrofinanzasbbva.org\\\/en\\\/microserfin-pacto-nacional-emprendimiento-panama\\\/\"]}]},{\"@type\":\"ImageObject\",\"inLanguage\":\"en-US\",\"@id\":\"https:\\\/\\\/www.fundacionmicrofinanzasbbva.org\\\/en\\\/microserfin-pacto-nacional-emprendimiento-panama\\\/#primaryimage\",\"url\":\"https:\\\/\\\/www.fundacionmicrofinanzasbbva.org\\\/wp-content\\\/uploads\\\/2016\\\/11\\\/wordpress-620x290.jpg\",\"contentUrl\":\"https:\\\/\\\/www.fundacionmicrofinanzasbbva.org\\\/wp-content\\\/uploads\\\/2016\\\/11\\\/wordpress-620x290.jpg\",\"width\":620,\"height\":290,\"caption\":\"wordpress\"},{\"@type\":\"BreadcrumbList\",\"@id\":\"https:\\\/\\\/www.fundacionmicrofinanzasbbva.org\\\/en\\\/microserfin-pacto-nacional-emprendimiento-panama\\\/#breadcrumb\",\"itemListElement\":[{\"@type\":\"ListItem\",\"position\":1,\"name\":\"Home\",\"item\":\"https:\\\/\\\/www.fundacionmicrofinanzasbbva.org\\\/en\\\/\"},{\"@type\":\"ListItem\",\"position\":2,\"name\":\"News\",\"item\":\"https:\\\/\\\/www.fundacionmicrofinanzasbbva.org\\\/en\\\/category\\\/news\\\/\"},{\"@type\":\"ListItem\",\"position\":3,\"name\":\"Institutional Activity\",\"item\":\"https:\\\/\\\/www.fundacionmicrofinanzasbbva.org\\\/en\\\/category\\\/news\\\/actividad-institucional-en\\\/\"},{\"@type\":\"ListItem\",\"position\":4,\"name\":\"Microserfin in Panama&#8217;s National Entrepreneurship Pact\"}]},{\"@type\":\"WebSite\",\"@id\":\"https:\\\/\\\/www.fundacionmicrofinanzasbbva.org\\\/en\\\/#website\",\"url\":\"https:\\\/\\\/www.fundacionmicrofinanzasbbva.org\\\/en\\\/\",\"name\":\"Fundaci\u00f3n Microfinanzas BBVA\",\"description\":\"Fundaci\u00f3n Microfinanzas BBVA\",\"publisher\":{\"@id\":\"https:\\\/\\\/www.fundacionmicrofinanzasbbva.org\\\/en\\\/#organization\"},\"alternateName\":\"Fundaci\u00f3n Microfinanzas BBVA\",\"potentialAction\":[{\"@type\":\"SearchAction\",\"target\":{\"@type\":\"EntryPoint\",\"urlTemplate\":\"https:\\\/\\\/www.fundacionmicrofinanzasbbva.org\\\/en\\\/?s={search_term_string}\"},\"query-input\":{\"@type\":\"PropertyValueSpecification\",\"valueRequired\":true,\"valueName\":\"search_term_string\"}}],\"inLanguage\":\"en-US\"},{\"@type\":\"Organization\",\"@id\":\"https:\\\/\\\/www.fundacionmicrofinanzasbbva.org\\\/en\\\/#organization\",\"name\":\"Fundaci\u00f3n Microfinanzas BBVA\",\"alternateName\":\"Fundaci\u00f3n Microfinanzas BBVA\",\"url\":\"https:\\\/\\\/www.fundacionmicrofinanzasbbva.org\\\/en\\\/\",\"logo\":{\"@type\":\"ImageObject\",\"inLanguage\":\"en-US\",\"@id\":\"https:\\\/\\\/www.fundacionmicrofinanzasbbva.org\\\/en\\\/#\\\/schema\\\/logo\\\/image\\\/\",\"url\":\"https:\\\/\\\/www.fundacionmicrofinanzasbbva.org\\\/wp-content\\\/uploads\\\/2017\\\/01\\\/favicon.png\",\"contentUrl\":\"https:\\\/\\\/www.fundacionmicrofinanzasbbva.org\\\/wp-content\\\/uploads\\\/2017\\\/01\\\/favicon.png\",\"width\":130,\"height\":130,\"caption\":\"Fundaci\u00f3n Microfinanzas BBVA\"},\"image\":{\"@id\":\"https:\\\/\\\/www.fundacionmicrofinanzasbbva.org\\\/en\\\/#\\\/schema\\\/logo\\\/image\\\/\"},\"sameAs\":[\"https:\\\/\\\/www.facebook.com\\\/fundacionmicrofinanzasbbva\\\/\",\"https:\\\/\\\/x.com\\\/FMBBVA\",\"https:\\\/\\\/www.linkedin.com\\\/company\\\/fundaci\u00f3n-microfinanzas-bbva\\\/\"]},{\"@type\":\"Person\",\"@id\":\"https:\\\/\\\/www.fundacionmicrofinanzasbbva.org\\\/en\\\/#\\\/schema\\\/person\\\/dcc08d9d413af1c947cd093804347ac6\",\"name\":\"Karessa Ramos\"}]}<\/script>\n<!-- \/ Yoast SEO plugin. -->","yoast_head_json":{"title":"Microserfin in Panama's National Entrepreneurship Pact - Fundaci\u00f3n Microfinanzas BBVA","robots":{"index":"index","follow":"follow","max-snippet":"max-snippet:-1","max-image-preview":"max-image-preview:large","max-video-preview":"max-video-preview:-1"},"canonical":"https:\/\/www.fundacionmicrofinanzasbbva.org\/en\/microserfin-pacto-nacional-emprendimiento-panama\/","og_locale":"en_US","og_type":"article","og_title":"Microserfin in Panama's National Entrepreneurship Pact - Fundaci\u00f3n Microfinanzas BBVA","og_description":"Microserfin is part of Panama&#8217;s Strategic Panel for Entrepreneurship, which brings together leading institutions in the public, private and academic sectors to promote the conditions... Read more &raquo;","og_url":"https:\/\/www.fundacionmicrofinanzasbbva.org\/en\/microserfin-pacto-nacional-emprendimiento-panama\/","og_site_name":"Fundaci\u00f3n Microfinanzas BBVA","article_publisher":"https:\/\/www.facebook.com\/fundacionmicrofinanzasbbva\/","article_published_time":"2016-11-02T11:25:28+00:00","article_modified_time":"2017-05-03T10:19:42+00:00","og_image":[{"width":620,"height":290,"url":"https:\/\/www.fundacionmicrofinanzasbbva.org\/wp-content\/uploads\/2016\/11\/wordpress-620x290.jpg","type":"image\/jpeg"}],"author":"Karessa Ramos","twitter_card":"summary_large_image","twitter_creator":"@FMBBVA","twitter_site":"@FMBBVA","twitter_misc":{"Written by":"Karessa Ramos","Est. reading time":"2 minutes"},"schema":{"@context":"https:\/\/schema.org","@graph":[{"@type":"Article","@id":"https:\/\/www.fundacionmicrofinanzasbbva.org\/en\/microserfin-pacto-nacional-emprendimiento-panama\/#article","isPartOf":{"@id":"https:\/\/www.fundacionmicrofinanzasbbva.org\/en\/microserfin-pacto-nacional-emprendimiento-panama\/"},"author":{"name":"Karessa Ramos","@id":"https:\/\/www.fundacionmicrofinanzasbbva.org\/en\/#\/schema\/person\/dcc08d9d413af1c947cd093804347ac6"},"headline":"Microserfin in Panama&#8217;s National Entrepreneurship Pact","datePublished":"2016-11-02T11:25:28+00:00","dateModified":"2017-05-03T10:19:42+00:00","mainEntityOfPage":{"@id":"https:\/\/www.fundacionmicrofinanzasbbva.org\/en\/microserfin-pacto-nacional-emprendimiento-panama\/"},"wordCount":430,"publisher":{"@id":"https:\/\/www.fundacionmicrofinanzasbbva.org\/en\/#organization"},"image":{"@id":"https:\/\/www.fundacionmicrofinanzasbbva.org\/en\/microserfin-pacto-nacional-emprendimiento-panama\/#primaryimage"},"thumbnailUrl":"https:\/\/www.fundacionmicrofinanzasbbva.org\/wp-content\/uploads\/2016\/11\/wordpress-620x290.jpg","keywords":["AMPYME","Luis Germ\u00e1n Linares","Luis Germ\u00e1n Linares","Mesa estrat\u00e9gica de emprendimiento de Panam\u00e1","National Pact for Entrepreneurship","Pacto Nacional por el Emprendimiento"],"articleSection":["Institutional Activity"],"inLanguage":"en-US"},{"@type":"WebPage","@id":"https:\/\/www.fundacionmicrofinanzasbbva.org\/en\/microserfin-pacto-nacional-emprendimiento-panama\/","url":"https:\/\/www.fundacionmicrofinanzasbbva.org\/en\/microserfin-pacto-nacional-emprendimiento-panama\/","name":"Microserfin in Panama's National Entrepreneurship Pact - Fundaci\u00f3n Microfinanzas BBVA","isPartOf":{"@id":"https:\/\/www.fundacionmicrofinanzasbbva.org\/en\/#website"},"primaryImageOfPage":{"@id":"https:\/\/www.fundacionmicrofinanzasbbva.org\/en\/microserfin-pacto-nacional-emprendimiento-panama\/#primaryimage"},"image":{"@id":"https:\/\/www.fundacionmicrofinanzasbbva.org\/en\/microserfin-pacto-nacional-emprendimiento-panama\/#primaryimage"},"thumbnailUrl":"https:\/\/www.fundacionmicrofinanzasbbva.org\/wp-content\/uploads\/2016\/11\/wordpress-620x290.jpg","datePublished":"2016-11-02T11:25:28+00:00","dateModified":"2017-05-03T10:19:42+00:00","breadcrumb":{"@id":"https:\/\/www.fundacionmicrofinanzasbbva.org\/en\/microserfin-pacto-nacional-emprendimiento-panama\/#breadcrumb"},"inLanguage":"en-US","potentialAction":[{"@type":"ReadAction","target":["https:\/\/www.fundacionmicrofinanzasbbva.org\/en\/microserfin-pacto-nacional-emprendimiento-panama\/"]}]},{"@type":"ImageObject","inLanguage":"en-US","@id":"https:\/\/www.fundacionmicrofinanzasbbva.org\/en\/microserfin-pacto-nacional-emprendimiento-panama\/#primaryimage","url":"https:\/\/www.fundacionmicrofinanzasbbva.org\/wp-content\/uploads\/2016\/11\/wordpress-620x290.jpg","contentUrl":"https:\/\/www.fundacionmicrofinanzasbbva.org\/wp-content\/uploads\/2016\/11\/wordpress-620x290.jpg","width":620,"height":290,"caption":"wordpress"},{"@type":"BreadcrumbList","@id":"https:\/\/www.fundacionmicrofinanzasbbva.org\/en\/microserfin-pacto-nacional-emprendimiento-panama\/#breadcrumb","itemListElement":[{"@type":"ListItem","position":1,"name":"Home","item":"https:\/\/www.fundacionmicrofinanzasbbva.org\/en\/"},{"@type":"ListItem","position":2,"name":"News","item":"https:\/\/www.fundacionmicrofinanzasbbva.org\/en\/category\/news\/"},{"@type":"ListItem","position":3,"name":"Institutional Activity","item":"https:\/\/www.fundacionmicrofinanzasbbva.org\/en\/category\/news\/actividad-institucional-en\/"},{"@type":"ListItem","position":4,"name":"Microserfin in Panama&#8217;s National Entrepreneurship Pact"}]},{"@type":"WebSite","@id":"https:\/\/www.fundacionmicrofinanzasbbva.org\/en\/#website","url":"https:\/\/www.fundacionmicrofinanzasbbva.org\/en\/","name":"Fundaci\u00f3n Microfinanzas BBVA","description":"Fundaci\u00f3n Microfinanzas BBVA","publisher":{"@id":"https:\/\/www.fundacionmicrofinanzasbbva.org\/en\/#organization"},"alternateName":"Fundaci\u00f3n Microfinanzas BBVA","potentialAction":[{"@type":"SearchAction","target":{"@type":"EntryPoint","urlTemplate":"https:\/\/www.fundacionmicrofinanzasbbva.org\/en\/?s={search_term_string}"},"query-input":{"@type":"PropertyValueSpecification","valueRequired":true,"valueName":"search_term_string"}}],"inLanguage":"en-US"},{"@type":"Organization","@id":"https:\/\/www.fundacionmicrofinanzasbbva.org\/en\/#organization","name":"Fundaci\u00f3n Microfinanzas BBVA","alternateName":"Fundaci\u00f3n Microfinanzas BBVA","url":"https:\/\/www.fundacionmicrofinanzasbbva.org\/en\/","logo":{"@type":"ImageObject","inLanguage":"en-US","@id":"https:\/\/www.fundacionmicrofinanzasbbva.org\/en\/#\/schema\/logo\/image\/","url":"https:\/\/www.fundacionmicrofinanzasbbva.org\/wp-content\/uploads\/2017\/01\/favicon.png","contentUrl":"https:\/\/www.fundacionmicrofinanzasbbva.org\/wp-content\/uploads\/2017\/01\/favicon.png","width":130,"height":130,"caption":"Fundaci\u00f3n Microfinanzas BBVA"},"image":{"@id":"https:\/\/www.fundacionmicrofinanzasbbva.org\/en\/#\/schema\/logo\/image\/"},"sameAs":["https:\/\/www.facebook.com\/fundacionmicrofinanzasbbva\/","https:\/\/x.com\/FMBBVA","https:\/\/www.linkedin.com\/company\/fundaci\u00f3n-microfinanzas-bbva\/"]},{"@type":"Person","@id":"https:\/\/www.fundacionmicrofinanzasbbva.org\/en\/#\/schema\/person\/dcc08d9d413af1c947cd093804347ac6","name":"Karessa Ramos"}]}},"_links":{"self":[{"href":"https:\/\/www.fundacionmicrofinanzasbbva.org\/en\/wp-json\/wp\/v2\/posts\/9439","targetHints":{"allow":["GET"]}}],"collection":[{"href":"https:\/\/www.fundacionmicrofinanzasbbva.org\/en\/wp-json\/wp\/v2\/posts"}],"about":[{"href":"https:\/\/www.fundacionmicrofinanzasbbva.org\/en\/wp-json\/wp\/v2\/types\/post"}],"author":[{"embeddable":true,"href":"https:\/\/www.fundacionmicrofinanzasbbva.org\/en\/wp-json\/wp\/v2\/users\/13"}],"replies":[{"embeddable":true,"href":"https:\/\/www.fundacionmicrofinanzasbbva.org\/en\/wp-json\/wp\/v2\/comments?post=9439"}],"version-history":[{"count":0,"href":"https:\/\/www.fundacionmicrofinanzasbbva.org\/en\/wp-json\/wp\/v2\/posts\/9439\/revisions"}],"wp:featuredmedia":[{"embeddable":true,"href":"https:\/\/www.fundacionmicrofinanzasbbva.org\/en\/wp-json\/wp\/v2\/media\/9438"}],"wp:attachment":[{"href":"https:\/\/www.fundacionmicrofinanzasbbva.org\/en\/wp-json\/wp\/v2\/media?parent=9439"}],"wp:term":[{"taxonomy":"category","embeddable":true,"href":"https:\/\/www.fundacionmicrofinanzasbbva.org\/en\/wp-json\/wp\/v2\/categories?post=9439"},{"taxonomy":"post_tag","embeddable":true,"href":"https:\/\/www.fundacionmicrofinanzasbbva.org\/en\/wp-json\/wp\/v2\/tags?post=9439"}],"curies":[{"name":"wp","href":"https:\/\/api.w.org\/{rel}","templated":true}]}}