{"id":6370,"date":"2016-09-13T11:50:31","date_gmt":"2016-09-13T09:50:31","guid":{"rendered":"http:\/\/www.fundacionmicrofinanzasbbva.org\/en\/nuevo-reconocimiento-internacional-a-la-trayectoria-de-claudio-gonzalez-vega\/"},"modified":"2017-05-11T07:44:00","modified_gmt":"2017-05-11T07:44:00","slug":"nuevo-reconocimiento-internacional-a-la-trayectoria-de-claudio-gonzalez-vega","status":"publish","type":"post","link":"https:\/\/www.fundacionmicrofinanzasbbva.org\/en\/nuevo-reconocimiento-internacional-a-la-trayectoria-de-claudio-gonzalez-vega\/","title":{"rendered":"Further international recognition for the career of Claudio Gonz\u00e1lez-Vega"},"content":{"rendered":"<p>The intense professional and academic activity of <strong>Claudio Gonz\u00e1lez-Vega<\/strong> in the microfinance sector all over the world and <strong>his work to promote financial inclusion for vulnerable sectors<\/strong> has been recognized by institutions such as the Alliance for Financial Inclusion (AFI) and the General Superintendency of Financial Institutions in Costa Rica (SUGEF).<\/p>\n<p>Both institutions formalized this distinction during the <strong>\u201c<\/strong><strong>International Forum on the Granting of<\/strong> <strong>Microcredits, their Impact and Regulation<\/strong><strong>\u201d<\/strong>, a meeting in Costa Rica attended by 250 international experts, supervised financial brokers and institutions interested in how microcredits operate, the products that can be offered, and the supervision of the risks that can arise.<\/p>\n<p>At the meeting, Claudio Gonz\u00e1lez-Vega\u00a0gave the magisterial talk entitled \u201c<em>International Practices in Microfinance: Experience of the BBVA Microfinance Foundation<\/em>\u201d, focused on the activity and results of the Foundation and the support it provides for vulnerable entrepreneurs in Latin America, whom it helps rise out of poverty by supporting their small businesses. He also took part in the panel on \u201c<em>Funding Agriculture and other Economic Activities<\/em>\u201d.<\/p>\n<div id=\"attachment_6345\" style=\"width: 566px\" class=\"wp-caption aligncenter\"><a href=\"http:\/\/www.fundacionmicrofinanzasbbva.org\/wp-content\/uploads\/2016\/09\/superintendente-general-de-entidades-financieras-de-costa-rica-entrega-reconocimieno-al-presidente-del-patronato-de-la-fmbbva.jpg\"><img loading=\"lazy\" decoding=\"async\" aria-describedby=\"caption-attachment-6345\" class=\"wp-image-6345\" src=\"http:\/\/www.fundacionmicrofinanzasbbva.org\/wp-content\/uploads\/2016\/09\/superintendente-general-de-entidades-financieras-de-costa-rica-entrega-reconocimieno-al-presidente-del-patronato-de-la-fmbbva-1024x768.jpg\" width=\"556\" height=\"417\" srcset=\"https:\/\/www.fundacionmicrofinanzasbbva.org\/wp-content\/uploads\/2016\/09\/superintendente-general-de-entidades-financieras-de-costa-rica-entrega-reconocimieno-al-presidente-del-patronato-de-la-fmbbva-1024x768.jpg 1024w, https:\/\/www.fundacionmicrofinanzasbbva.org\/wp-content\/uploads\/2016\/09\/superintendente-general-de-entidades-financieras-de-costa-rica-entrega-reconocimieno-al-presidente-del-patronato-de-la-fmbbva-180x135.jpg 180w, https:\/\/www.fundacionmicrofinanzasbbva.org\/wp-content\/uploads\/2016\/09\/superintendente-general-de-entidades-financieras-de-costa-rica-entrega-reconocimieno-al-presidente-del-patronato-de-la-fmbbva-768x576.jpg 768w\" sizes=\"auto, (max-width: 556px) 100vw, 556px\" \/><\/a><p id=\"caption-attachment-6345\" class=\"wp-caption-text\">Claudio Gonz\u00e1lez-Vega with a commemorative plaque in recognition of his professional career, beside the Superintendent of the SUGEF<\/p><\/div>\n<p style=\"text-align: left;\">The BBVAMF was also represented by Miguel Achury Jim\u00e9nez, vice president for Planning and Institutional Development at Bancam\u00eda, a BBVAMF institution in Colombia, who took part on the panel \u201c<em>Microcredit and the Protection of Consumer Rights<\/em>\u201d.<\/p>\n<p style=\"text-align: left;\">Javier Cascante Elizondo, General Superintendent of Financial Institutions in Costa Rica, presented Mr Gonz\u00e1lez-Vega with a commemorative plaque. For his part, the Chairman of the BBVAMF Board of Trustees presented him with a copy of the BBVAMF Social Performance Report.<\/p>\n<p style=\"text-align: left;\">\n","protected":false},"excerpt":{"rendered":"<p>The AFI and the SUGEF highlight the support of the Chairman of the Board of Trustees of the BBVAMF for the financial inclusion of vulnerable entrepreneurs<\/p>\n","protected":false},"author":4,"featured_media":4578,"comment_status":"closed","ping_status":"closed","sticky":false,"template":"","format":"standard","meta":{"_acf_changed":false,"footnotes":""},"categories":[651,1370],"tags":[629,630,416,1359,1360,1361,632,1362,633,1363,634,1364],"class_list":["post-6370","post","type-post","status-publish","format-standard","has-post-thumbnail","hentry","category-institutional-activity","category-actividad-institucional-en","tag-afi","tag-alliance-for-financial-inclusion","tag-claudio-gonzalez-vega","tag-general-superintendency-of-financial-institutions-in-costa-rica","tag-international-forum-on-the-granting-of-microcredits","tag-international-practices-in-microfinance-experience-of-the-bbva-microfinance-foundation","tag-miguel-achury-jimenez","tag-miguel-achury-jimenez-en","tag-practicas-internacionales-en-microfinanzas-su-impacto-y-regulacion","tag-practicas-internacionales-en-microfinanzas-su-impacto-y-regulacion-en","tag-sugef","tag-their-impact-and-regulation","paises-costa-rica"],"acf":[],"yoast_head":"<!-- This site is optimized with the Yoast SEO plugin v27.4 - https:\/\/yoast.com\/product\/yoast-seo-wordpress\/ -->\n<title>Further international recognition for the career of Claudio Gonz\u00e1lez-Vega - Fundaci\u00f3n Microfinanzas BBVA<\/title>\n<meta name=\"robots\" content=\"index, follow, max-snippet:-1, max-image-preview:large, max-video-preview:-1\" \/>\n<link rel=\"canonical\" href=\"https:\/\/www.fundacionmicrofinanzasbbva.org\/en\/nuevo-reconocimiento-internacional-a-la-trayectoria-de-claudio-gonzalez-vega\/\" \/>\n<meta property=\"og:locale\" content=\"en_US\" \/>\n<meta property=\"og:type\" content=\"article\" \/>\n<meta property=\"og:title\" content=\"Further international recognition for the career of Claudio Gonz\u00e1lez-Vega - Fundaci\u00f3n Microfinanzas BBVA\" \/>\n<meta property=\"og:description\" content=\"The AFI and the SUGEF highlight the support of the Chairman of the Board of Trustees of the BBVAMF for the financial inclusion of vulnerable entrepreneurs\" \/>\n<meta property=\"og:url\" content=\"https:\/\/www.fundacionmicrofinanzasbbva.org\/en\/nuevo-reconocimiento-internacional-a-la-trayectoria-de-claudio-gonzalez-vega\/\" \/>\n<meta property=\"og:site_name\" content=\"Fundaci\u00f3n Microfinanzas BBVA\" \/>\n<meta property=\"article:publisher\" content=\"https:\/\/www.facebook.com\/fundacionmicrofinanzasbbva\/\" \/>\n<meta property=\"article:published_time\" content=\"2016-09-13T09:50:31+00:00\" \/>\n<meta property=\"article:modified_time\" content=\"2017-05-11T07:44:00+00:00\" \/>\n<meta property=\"og:image\" content=\"https:\/\/www.fundacionmicrofinanzasbbva.org\/wp-content\/uploads\/2015\/05\/claudio.jpg\" \/>\n\t<meta property=\"og:image:width\" content=\"620\" \/>\n\t<meta property=\"og:image:height\" content=\"290\" \/>\n\t<meta property=\"og:image:type\" content=\"image\/jpeg\" \/>\n<meta name=\"author\" content=\"Cristina Gonz\u00e1lez del Pino\" \/>\n<meta name=\"twitter:card\" content=\"summary_large_image\" \/>\n<meta name=\"twitter:creator\" content=\"@FMBBVA\" \/>\n<meta name=\"twitter:site\" content=\"@FMBBVA\" \/>\n<meta name=\"twitter:label1\" content=\"Written by\" \/>\n\t<meta name=\"twitter:data1\" content=\"Cristina Gonz\u00e1lez del Pino\" \/>\n\t<meta name=\"twitter:label2\" content=\"Est. reading time\" \/>\n\t<meta name=\"twitter:data2\" content=\"1 minute\" \/>\n<script type=\"application\/ld+json\" class=\"yoast-schema-graph\">{\"@context\":\"https:\\\/\\\/schema.org\",\"@graph\":[{\"@type\":\"Article\",\"@id\":\"https:\\\/\\\/www.fundacionmicrofinanzasbbva.org\\\/en\\\/nuevo-reconocimiento-internacional-a-la-trayectoria-de-claudio-gonzalez-vega\\\/#article\",\"isPartOf\":{\"@id\":\"https:\\\/\\\/www.fundacionmicrofinanzasbbva.org\\\/en\\\/nuevo-reconocimiento-internacional-a-la-trayectoria-de-claudio-gonzalez-vega\\\/\"},\"author\":{\"name\":\"Cristina Gonz\u00e1lez del Pino\",\"@id\":\"https:\\\/\\\/www.fundacionmicrofinanzasbbva.org\\\/en\\\/#\\\/schema\\\/person\\\/dec388562364c12a5d138bc73a9601ab\"},\"headline\":\"Further international recognition for the career of Claudio Gonz\u00e1lez-Vega\",\"datePublished\":\"2016-09-13T09:50:31+00:00\",\"dateModified\":\"2017-05-11T07:44:00+00:00\",\"mainEntityOfPage\":{\"@id\":\"https:\\\/\\\/www.fundacionmicrofinanzasbbva.org\\\/en\\\/nuevo-reconocimiento-internacional-a-la-trayectoria-de-claudio-gonzalez-vega\\\/\"},\"wordCount\":286,\"publisher\":{\"@id\":\"https:\\\/\\\/www.fundacionmicrofinanzasbbva.org\\\/en\\\/#organization\"},\"image\":{\"@id\":\"https:\\\/\\\/www.fundacionmicrofinanzasbbva.org\\\/en\\\/nuevo-reconocimiento-internacional-a-la-trayectoria-de-claudio-gonzalez-vega\\\/#primaryimage\"},\"thumbnailUrl\":\"https:\\\/\\\/www.fundacionmicrofinanzasbbva.org\\\/wp-content\\\/uploads\\\/2015\\\/05\\\/claudio.jpg\",\"keywords\":[\"AFI\",\"Alliance for Financial Inclusion\",\"Claudio Gonz\u00e1lez-Vega\",\"General Superintendency of Financial Institutions in Costa Rica\",\"International Forum on the Granting of Microcredits\",\"International Practices in Microfinance: Experience of the BBVA Microfinance Foundation\",\"Miguel Achury Jim\u00e9nez\",\"Miguel Achury Jim\u00e9nez\",\"Pr\u00e1cticas Internacionales en Microfinanzas su Impacto y Regulaci\u00f3n\",\"Pr\u00e1cticas Internacionales en Microfinanzas su Impacto y Regulaci\u00f3n\",\"SUGEF\",\"their Impact and Regulation\"],\"articleSection\":[\"Institutional Activity\",\"Institutional Activity\"],\"inLanguage\":\"en-US\"},{\"@type\":\"WebPage\",\"@id\":\"https:\\\/\\\/www.fundacionmicrofinanzasbbva.org\\\/en\\\/nuevo-reconocimiento-internacional-a-la-trayectoria-de-claudio-gonzalez-vega\\\/\",\"url\":\"https:\\\/\\\/www.fundacionmicrofinanzasbbva.org\\\/en\\\/nuevo-reconocimiento-internacional-a-la-trayectoria-de-claudio-gonzalez-vega\\\/\",\"name\":\"Further international recognition for the career of Claudio Gonz\u00e1lez-Vega - Fundaci\u00f3n Microfinanzas BBVA\",\"isPartOf\":{\"@id\":\"https:\\\/\\\/www.fundacionmicrofinanzasbbva.org\\\/en\\\/#website\"},\"primaryImageOfPage\":{\"@id\":\"https:\\\/\\\/www.fundacionmicrofinanzasbbva.org\\\/en\\\/nuevo-reconocimiento-internacional-a-la-trayectoria-de-claudio-gonzalez-vega\\\/#primaryimage\"},\"image\":{\"@id\":\"https:\\\/\\\/www.fundacionmicrofinanzasbbva.org\\\/en\\\/nuevo-reconocimiento-internacional-a-la-trayectoria-de-claudio-gonzalez-vega\\\/#primaryimage\"},\"thumbnailUrl\":\"https:\\\/\\\/www.fundacionmicrofinanzasbbva.org\\\/wp-content\\\/uploads\\\/2015\\\/05\\\/claudio.jpg\",\"datePublished\":\"2016-09-13T09:50:31+00:00\",\"dateModified\":\"2017-05-11T07:44:00+00:00\",\"breadcrumb\":{\"@id\":\"https:\\\/\\\/www.fundacionmicrofinanzasbbva.org\\\/en\\\/nuevo-reconocimiento-internacional-a-la-trayectoria-de-claudio-gonzalez-vega\\\/#breadcrumb\"},\"inLanguage\":\"en-US\",\"potentialAction\":[{\"@type\":\"ReadAction\",\"target\":[\"https:\\\/\\\/www.fundacionmicrofinanzasbbva.org\\\/en\\\/nuevo-reconocimiento-internacional-a-la-trayectoria-de-claudio-gonzalez-vega\\\/\"]}]},{\"@type\":\"ImageObject\",\"inLanguage\":\"en-US\",\"@id\":\"https:\\\/\\\/www.fundacionmicrofinanzasbbva.org\\\/en\\\/nuevo-reconocimiento-internacional-a-la-trayectoria-de-claudio-gonzalez-vega\\\/#primaryimage\",\"url\":\"https:\\\/\\\/www.fundacionmicrofinanzasbbva.org\\\/wp-content\\\/uploads\\\/2015\\\/05\\\/claudio.jpg\",\"contentUrl\":\"https:\\\/\\\/www.fundacionmicrofinanzasbbva.org\\\/wp-content\\\/uploads\\\/2015\\\/05\\\/claudio.jpg\",\"width\":620,\"height\":290},{\"@type\":\"BreadcrumbList\",\"@id\":\"https:\\\/\\\/www.fundacionmicrofinanzasbbva.org\\\/en\\\/nuevo-reconocimiento-internacional-a-la-trayectoria-de-claudio-gonzalez-vega\\\/#breadcrumb\",\"itemListElement\":[{\"@type\":\"ListItem\",\"position\":1,\"name\":\"Home\",\"item\":\"https:\\\/\\\/www.fundacionmicrofinanzasbbva.org\\\/en\\\/\"},{\"@type\":\"ListItem\",\"position\":2,\"name\":\"News\",\"item\":\"https:\\\/\\\/www.fundacionmicrofinanzasbbva.org\\\/en\\\/category\\\/news\\\/\"},{\"@type\":\"ListItem\",\"position\":3,\"name\":\"Institutional Activity\",\"item\":\"https:\\\/\\\/www.fundacionmicrofinanzasbbva.org\\\/en\\\/category\\\/news\\\/institutional-activity\\\/\"},{\"@type\":\"ListItem\",\"position\":4,\"name\":\"Further international recognition for the career of Claudio Gonz\u00e1lez-Vega\"}]},{\"@type\":\"WebSite\",\"@id\":\"https:\\\/\\\/www.fundacionmicrofinanzasbbva.org\\\/en\\\/#website\",\"url\":\"https:\\\/\\\/www.fundacionmicrofinanzasbbva.org\\\/en\\\/\",\"name\":\"Fundaci\u00f3n Microfinanzas BBVA\",\"description\":\"Fundaci\u00f3n Microfinanzas BBVA\",\"publisher\":{\"@id\":\"https:\\\/\\\/www.fundacionmicrofinanzasbbva.org\\\/en\\\/#organization\"},\"alternateName\":\"Fundaci\u00f3n Microfinanzas BBVA\",\"potentialAction\":[{\"@type\":\"SearchAction\",\"target\":{\"@type\":\"EntryPoint\",\"urlTemplate\":\"https:\\\/\\\/www.fundacionmicrofinanzasbbva.org\\\/en\\\/?s={search_term_string}\"},\"query-input\":{\"@type\":\"PropertyValueSpecification\",\"valueRequired\":true,\"valueName\":\"search_term_string\"}}],\"inLanguage\":\"en-US\"},{\"@type\":\"Organization\",\"@id\":\"https:\\\/\\\/www.fundacionmicrofinanzasbbva.org\\\/en\\\/#organization\",\"name\":\"Fundaci\u00f3n Microfinanzas BBVA\",\"alternateName\":\"Fundaci\u00f3n Microfinanzas BBVA\",\"url\":\"https:\\\/\\\/www.fundacionmicrofinanzasbbva.org\\\/en\\\/\",\"logo\":{\"@type\":\"ImageObject\",\"inLanguage\":\"en-US\",\"@id\":\"https:\\\/\\\/www.fundacionmicrofinanzasbbva.org\\\/en\\\/#\\\/schema\\\/logo\\\/image\\\/\",\"url\":\"https:\\\/\\\/www.fundacionmicrofinanzasbbva.org\\\/wp-content\\\/uploads\\\/2017\\\/01\\\/favicon.png\",\"contentUrl\":\"https:\\\/\\\/www.fundacionmicrofinanzasbbva.org\\\/wp-content\\\/uploads\\\/2017\\\/01\\\/favicon.png\",\"width\":130,\"height\":130,\"caption\":\"Fundaci\u00f3n Microfinanzas BBVA\"},\"image\":{\"@id\":\"https:\\\/\\\/www.fundacionmicrofinanzasbbva.org\\\/en\\\/#\\\/schema\\\/logo\\\/image\\\/\"},\"sameAs\":[\"https:\\\/\\\/www.facebook.com\\\/fundacionmicrofinanzasbbva\\\/\",\"https:\\\/\\\/x.com\\\/FMBBVA\",\"https:\\\/\\\/www.linkedin.com\\\/company\\\/fundaci\u00f3n-microfinanzas-bbva\\\/\"]},{\"@type\":\"Person\",\"@id\":\"https:\\\/\\\/www.fundacionmicrofinanzasbbva.org\\\/en\\\/#\\\/schema\\\/person\\\/dec388562364c12a5d138bc73a9601ab\",\"name\":\"Cristina Gonz\u00e1lez del Pino\"}]}<\/script>\n<!-- \/ Yoast SEO plugin. -->","yoast_head_json":{"title":"Further international recognition for the career of Claudio Gonz\u00e1lez-Vega - Fundaci\u00f3n Microfinanzas BBVA","robots":{"index":"index","follow":"follow","max-snippet":"max-snippet:-1","max-image-preview":"max-image-preview:large","max-video-preview":"max-video-preview:-1"},"canonical":"https:\/\/www.fundacionmicrofinanzasbbva.org\/en\/nuevo-reconocimiento-internacional-a-la-trayectoria-de-claudio-gonzalez-vega\/","og_locale":"en_US","og_type":"article","og_title":"Further international recognition for the career of Claudio Gonz\u00e1lez-Vega - Fundaci\u00f3n Microfinanzas BBVA","og_description":"The AFI and the SUGEF highlight the support of the Chairman of the Board of Trustees of the BBVAMF for the financial inclusion of vulnerable entrepreneurs","og_url":"https:\/\/www.fundacionmicrofinanzasbbva.org\/en\/nuevo-reconocimiento-internacional-a-la-trayectoria-de-claudio-gonzalez-vega\/","og_site_name":"Fundaci\u00f3n Microfinanzas BBVA","article_publisher":"https:\/\/www.facebook.com\/fundacionmicrofinanzasbbva\/","article_published_time":"2016-09-13T09:50:31+00:00","article_modified_time":"2017-05-11T07:44:00+00:00","og_image":[{"width":620,"height":290,"url":"https:\/\/www.fundacionmicrofinanzasbbva.org\/wp-content\/uploads\/2015\/05\/claudio.jpg","type":"image\/jpeg"}],"author":"Cristina Gonz\u00e1lez del Pino","twitter_card":"summary_large_image","twitter_creator":"@FMBBVA","twitter_site":"@FMBBVA","twitter_misc":{"Written by":"Cristina Gonz\u00e1lez del Pino","Est. reading time":"1 minute"},"schema":{"@context":"https:\/\/schema.org","@graph":[{"@type":"Article","@id":"https:\/\/www.fundacionmicrofinanzasbbva.org\/en\/nuevo-reconocimiento-internacional-a-la-trayectoria-de-claudio-gonzalez-vega\/#article","isPartOf":{"@id":"https:\/\/www.fundacionmicrofinanzasbbva.org\/en\/nuevo-reconocimiento-internacional-a-la-trayectoria-de-claudio-gonzalez-vega\/"},"author":{"name":"Cristina Gonz\u00e1lez del Pino","@id":"https:\/\/www.fundacionmicrofinanzasbbva.org\/en\/#\/schema\/person\/dec388562364c12a5d138bc73a9601ab"},"headline":"Further international recognition for the career of Claudio Gonz\u00e1lez-Vega","datePublished":"2016-09-13T09:50:31+00:00","dateModified":"2017-05-11T07:44:00+00:00","mainEntityOfPage":{"@id":"https:\/\/www.fundacionmicrofinanzasbbva.org\/en\/nuevo-reconocimiento-internacional-a-la-trayectoria-de-claudio-gonzalez-vega\/"},"wordCount":286,"publisher":{"@id":"https:\/\/www.fundacionmicrofinanzasbbva.org\/en\/#organization"},"image":{"@id":"https:\/\/www.fundacionmicrofinanzasbbva.org\/en\/nuevo-reconocimiento-internacional-a-la-trayectoria-de-claudio-gonzalez-vega\/#primaryimage"},"thumbnailUrl":"https:\/\/www.fundacionmicrofinanzasbbva.org\/wp-content\/uploads\/2015\/05\/claudio.jpg","keywords":["AFI","Alliance for Financial Inclusion","Claudio Gonz\u00e1lez-Vega","General Superintendency of Financial Institutions in Costa Rica","International Forum on the Granting of Microcredits","International Practices in Microfinance: Experience of the BBVA Microfinance Foundation","Miguel Achury Jim\u00e9nez","Miguel Achury Jim\u00e9nez","Pr\u00e1cticas Internacionales en Microfinanzas su Impacto y Regulaci\u00f3n","Pr\u00e1cticas Internacionales en Microfinanzas su Impacto y Regulaci\u00f3n","SUGEF","their Impact and Regulation"],"articleSection":["Institutional Activity","Institutional Activity"],"inLanguage":"en-US"},{"@type":"WebPage","@id":"https:\/\/www.fundacionmicrofinanzasbbva.org\/en\/nuevo-reconocimiento-internacional-a-la-trayectoria-de-claudio-gonzalez-vega\/","url":"https:\/\/www.fundacionmicrofinanzasbbva.org\/en\/nuevo-reconocimiento-internacional-a-la-trayectoria-de-claudio-gonzalez-vega\/","name":"Further international recognition for the career of Claudio Gonz\u00e1lez-Vega - Fundaci\u00f3n Microfinanzas BBVA","isPartOf":{"@id":"https:\/\/www.fundacionmicrofinanzasbbva.org\/en\/#website"},"primaryImageOfPage":{"@id":"https:\/\/www.fundacionmicrofinanzasbbva.org\/en\/nuevo-reconocimiento-internacional-a-la-trayectoria-de-claudio-gonzalez-vega\/#primaryimage"},"image":{"@id":"https:\/\/www.fundacionmicrofinanzasbbva.org\/en\/nuevo-reconocimiento-internacional-a-la-trayectoria-de-claudio-gonzalez-vega\/#primaryimage"},"thumbnailUrl":"https:\/\/www.fundacionmicrofinanzasbbva.org\/wp-content\/uploads\/2015\/05\/claudio.jpg","datePublished":"2016-09-13T09:50:31+00:00","dateModified":"2017-05-11T07:44:00+00:00","breadcrumb":{"@id":"https:\/\/www.fundacionmicrofinanzasbbva.org\/en\/nuevo-reconocimiento-internacional-a-la-trayectoria-de-claudio-gonzalez-vega\/#breadcrumb"},"inLanguage":"en-US","potentialAction":[{"@type":"ReadAction","target":["https:\/\/www.fundacionmicrofinanzasbbva.org\/en\/nuevo-reconocimiento-internacional-a-la-trayectoria-de-claudio-gonzalez-vega\/"]}]},{"@type":"ImageObject","inLanguage":"en-US","@id":"https:\/\/www.fundacionmicrofinanzasbbva.org\/en\/nuevo-reconocimiento-internacional-a-la-trayectoria-de-claudio-gonzalez-vega\/#primaryimage","url":"https:\/\/www.fundacionmicrofinanzasbbva.org\/wp-content\/uploads\/2015\/05\/claudio.jpg","contentUrl":"https:\/\/www.fundacionmicrofinanzasbbva.org\/wp-content\/uploads\/2015\/05\/claudio.jpg","width":620,"height":290},{"@type":"BreadcrumbList","@id":"https:\/\/www.fundacionmicrofinanzasbbva.org\/en\/nuevo-reconocimiento-internacional-a-la-trayectoria-de-claudio-gonzalez-vega\/#breadcrumb","itemListElement":[{"@type":"ListItem","position":1,"name":"Home","item":"https:\/\/www.fundacionmicrofinanzasbbva.org\/en\/"},{"@type":"ListItem","position":2,"name":"News","item":"https:\/\/www.fundacionmicrofinanzasbbva.org\/en\/category\/news\/"},{"@type":"ListItem","position":3,"name":"Institutional Activity","item":"https:\/\/www.fundacionmicrofinanzasbbva.org\/en\/category\/news\/institutional-activity\/"},{"@type":"ListItem","position":4,"name":"Further international recognition for the career of Claudio Gonz\u00e1lez-Vega"}]},{"@type":"WebSite","@id":"https:\/\/www.fundacionmicrofinanzasbbva.org\/en\/#website","url":"https:\/\/www.fundacionmicrofinanzasbbva.org\/en\/","name":"Fundaci\u00f3n Microfinanzas BBVA","description":"Fundaci\u00f3n Microfinanzas BBVA","publisher":{"@id":"https:\/\/www.fundacionmicrofinanzasbbva.org\/en\/#organization"},"alternateName":"Fundaci\u00f3n Microfinanzas BBVA","potentialAction":[{"@type":"SearchAction","target":{"@type":"EntryPoint","urlTemplate":"https:\/\/www.fundacionmicrofinanzasbbva.org\/en\/?s={search_term_string}"},"query-input":{"@type":"PropertyValueSpecification","valueRequired":true,"valueName":"search_term_string"}}],"inLanguage":"en-US"},{"@type":"Organization","@id":"https:\/\/www.fundacionmicrofinanzasbbva.org\/en\/#organization","name":"Fundaci\u00f3n Microfinanzas BBVA","alternateName":"Fundaci\u00f3n Microfinanzas BBVA","url":"https:\/\/www.fundacionmicrofinanzasbbva.org\/en\/","logo":{"@type":"ImageObject","inLanguage":"en-US","@id":"https:\/\/www.fundacionmicrofinanzasbbva.org\/en\/#\/schema\/logo\/image\/","url":"https:\/\/www.fundacionmicrofinanzasbbva.org\/wp-content\/uploads\/2017\/01\/favicon.png","contentUrl":"https:\/\/www.fundacionmicrofinanzasbbva.org\/wp-content\/uploads\/2017\/01\/favicon.png","width":130,"height":130,"caption":"Fundaci\u00f3n Microfinanzas BBVA"},"image":{"@id":"https:\/\/www.fundacionmicrofinanzasbbva.org\/en\/#\/schema\/logo\/image\/"},"sameAs":["https:\/\/www.facebook.com\/fundacionmicrofinanzasbbva\/","https:\/\/x.com\/FMBBVA","https:\/\/www.linkedin.com\/company\/fundaci\u00f3n-microfinanzas-bbva\/"]},{"@type":"Person","@id":"https:\/\/www.fundacionmicrofinanzasbbva.org\/en\/#\/schema\/person\/dec388562364c12a5d138bc73a9601ab","name":"Cristina Gonz\u00e1lez del Pino"}]}},"_links":{"self":[{"href":"https:\/\/www.fundacionmicrofinanzasbbva.org\/en\/wp-json\/wp\/v2\/posts\/6370","targetHints":{"allow":["GET"]}}],"collection":[{"href":"https:\/\/www.fundacionmicrofinanzasbbva.org\/en\/wp-json\/wp\/v2\/posts"}],"about":[{"href":"https:\/\/www.fundacionmicrofinanzasbbva.org\/en\/wp-json\/wp\/v2\/types\/post"}],"author":[{"embeddable":true,"href":"https:\/\/www.fundacionmicrofinanzasbbva.org\/en\/wp-json\/wp\/v2\/users\/4"}],"replies":[{"embeddable":true,"href":"https:\/\/www.fundacionmicrofinanzasbbva.org\/en\/wp-json\/wp\/v2\/comments?post=6370"}],"version-history":[{"count":0,"href":"https:\/\/www.fundacionmicrofinanzasbbva.org\/en\/wp-json\/wp\/v2\/posts\/6370\/revisions"}],"wp:featuredmedia":[{"embeddable":true,"href":"https:\/\/www.fundacionmicrofinanzasbbva.org\/en\/wp-json\/wp\/v2\/media\/4578"}],"wp:attachment":[{"href":"https:\/\/www.fundacionmicrofinanzasbbva.org\/en\/wp-json\/wp\/v2\/media?parent=6370"}],"wp:term":[{"taxonomy":"category","embeddable":true,"href":"https:\/\/www.fundacionmicrofinanzasbbva.org\/en\/wp-json\/wp\/v2\/categories?post=6370"},{"taxonomy":"post_tag","embeddable":true,"href":"https:\/\/www.fundacionmicrofinanzasbbva.org\/en\/wp-json\/wp\/v2\/tags?post=6370"}],"curies":[{"name":"wp","href":"https:\/\/api.w.org\/{rel}","templated":true}]}}