{"id":6005,"date":"2015-10-29T18:34:31","date_gmt":"2015-10-29T16:34:31","guid":{"rendered":"http:\/\/www.fundacionmicrofinanzasbbva.org\/en\/ministro-de-economia-de-chile-valora-oferta-de-credito-adaptado-a-microemprendedores-desarrollado-por-la-fundacion-microfinanzas-bbva\/"},"modified":"2017-05-11T16:17:51","modified_gmt":"2017-05-11T16:17:51","slug":"ministro-de-economia-de-chile-valora-oferta-de-credito-adaptado-a-microemprendedores-desarrollado-por-la-fundacion-microfinanzas-bbva","status":"publish","type":"post","link":"https:\/\/www.fundacionmicrofinanzasbbva.org\/en\/ministro-de-economia-de-chile-valora-oferta-de-credito-adaptado-a-microemprendedores-desarrollado-por-la-fundacion-microfinanzas-bbva\/","title":{"rendered":"The Chilean Minister of the Economy endorses the credit offer specially adapted to micro-entrepreneurs developed by the BBVA Microfinance Foundation"},"content":{"rendered":"<ul>\n<li>Within the Inter-American Microfinance Forum event, the Minister Luis Felipe C\u00e9pedes welcomed Claudio Gonz\u00e1lez\u2013Vega, Chairman of the Board of Trustees, and Javier Flores Moreno, CEO of the BBVA Microfinance Foundation, who presented the Chilean government with the Group&#8217;s best practices in the area of transparency, corporate governance and technology for the development of the microfinance sector in vulnerable segments.<\/li>\n<li>The Minister said that \u201cthe future of the financial sector in Chile in the medium and long term will tend toward the sophistication of the offer and to experiences that improve the work being done in the specific and still relatively unknown micro-entrepreneurial sector and smaller sized enterprises. It is therefore very interesting for the agenda for the democratization of enterprise\u201d.<\/li>\n<\/ul>\n<p>As part of the Inter-American Microfinance Forum (Foromic) held this week in Chile, senior executives from the BBVA Microfinance Foundation (BBVAMF) met with Luis Felipe C\u00e9spedes, the Chilean Minister of the Economy, and with Alejandra Dagnino, head of the Department for Small Enterprise at the Ministry, to offer the institution&#8217;s support to the various initiatives run by the Chilean government in favor of vulnerable entrepreneurs.<\/p>\n<p>Attending the Minister&#8217;s offices were Claudio Gonz\u00e1lez-Vega, Chairman of the Board of Trustees of the BBVAMF, and Javier Flores Moreno, CEO of BBVAMF, accompanied by Pablo Coloma, General Manager of Emprende Microfinanzas and Mario Pav\u00f3n, General Manager of Fondo Esperanza, group institutions with a presence in Chile.<\/p>\n<p>\u201cThe BBVA Microfinance Foundation applies sustainable and inclusive methods to support 1,700,000 entrepreneurs in Latin America, who thanks to their own efforts are emerging or protecting themselves from poverty\u201d, said Claudio Gonz\u00e1lez-Vega. \u201cWe do so by finding the most effective way to combine the technology, the excellence of corporate governance and transparency with the best practices of local knowledge and close communication with the customer. We believe that our experience of accumulating information and measuring results can be a contribution to Chile for the regulatory advance required by the microfinance sector\u201d.<\/p>\n<p>Javier Flores, CEO of BBVAMF, said: \u201cAccording to the data presented by the IDB, the microfinance sector serves 20 million people in Latin America. Our Group supports 8% of them. We are following the case of Chile with great interest, as we believe this country has enormous potential to eradicate extreme poverty. But to do so we need to look very closely at the microenterprise sector and generate policies specifically focused on promoting and developing these entrepreneurs, as this is a totally different reality from the medium-sized company. The customers don&#8217;t come to our branch offices \u2013we also go to their terrain and we adapt to their needs\u201d.<\/p>\n<p>Luis Felipe C\u00e9spedes, Minister of the Economy, summed up the experience of the businesses in the BBVA Microfinance Foundation in Chile and particularly highlighted that institutions like this \u201care not only granting funding for loans, but are also delivering technical support for very small productive units which often cannot access other types of opportunities\u201d.<\/p>\n","protected":false},"excerpt":{"rendered":"<p>Within the Inter-American Microfinance Forum event, the Minister Luis Felipe C\u00e9pedes welcomed Claudio Gonz\u00e1lez\u2013Vega, Chairman of the Board of Trustees, and Javier Flores Moreno, CEO&#8230;  <a class=\"excerpt-read-more\" href=\"https:\/\/www.fundacionmicrofinanzasbbva.org\/en\/ministro-de-economia-de-chile-valora-oferta-de-credito-adaptado-a-microemprendedores-desarrollado-por-la-fundacion-microfinanzas-bbva\/\" title=\"Read The Chilean Minister of the Economy endorses the credit offer specially adapted to micro-entrepreneurs developed by the BBVA Microfinance Foundation\">Read more &raquo;<\/a><\/p>\n","protected":false},"author":13,"featured_media":5202,"comment_status":"closed","ping_status":"closed","sticky":false,"template":"","format":"standard","meta":{"_acf_changed":false,"footnotes":""},"categories":[651,1370],"tags":[416,1175,1176,471,1177,472,1178],"class_list":["post-6005","post","type-post","status-publish","format-standard","has-post-thumbnail","hentry","category-institutional-activity","category-actividad-institucional-en","tag-claudio-gonzalez-vega","tag-luis-felipe-cepedes","tag-minister-of-the-economy","tag-ministro-economia","tag-ministro-economia-en","tag-reunion","tag-reunion-en","paises-chile"],"acf":[],"yoast_head":"<!-- This site is optimized with the Yoast SEO plugin v27.4 - https:\/\/yoast.com\/product\/yoast-seo-wordpress\/ -->\n<title>The Chilean Minister of the Economy endorses the credit offer specially adapted to micro-entrepreneurs developed by the BBVA Microfinance Foundation - Fundaci\u00f3n Microfinanzas BBVA<\/title>\n<meta name=\"robots\" content=\"index, follow, max-snippet:-1, max-image-preview:large, max-video-preview:-1\" \/>\n<link rel=\"canonical\" href=\"https:\/\/www.fundacionmicrofinanzasbbva.org\/en\/ministro-de-economia-de-chile-valora-oferta-de-credito-adaptado-a-microemprendedores-desarrollado-por-la-fundacion-microfinanzas-bbva\/\" \/>\n<meta property=\"og:locale\" content=\"en_US\" \/>\n<meta property=\"og:type\" content=\"article\" \/>\n<meta property=\"og:title\" content=\"The Chilean Minister of the Economy endorses the credit offer specially adapted to micro-entrepreneurs developed by the BBVA Microfinance Foundation - Fundaci\u00f3n Microfinanzas BBVA\" \/>\n<meta property=\"og:description\" content=\"Within the Inter-American Microfinance Forum event, the Minister Luis Felipe C\u00e9pedes welcomed Claudio Gonz\u00e1lez\u2013Vega, Chairman of the Board of Trustees, and Javier Flores Moreno, CEO... Read more &raquo;\" \/>\n<meta property=\"og:url\" content=\"https:\/\/www.fundacionmicrofinanzasbbva.org\/en\/ministro-de-economia-de-chile-valora-oferta-de-credito-adaptado-a-microemprendedores-desarrollado-por-la-fundacion-microfinanzas-bbva\/\" \/>\n<meta property=\"og:site_name\" content=\"Fundaci\u00f3n Microfinanzas BBVA\" \/>\n<meta property=\"article:publisher\" content=\"https:\/\/www.facebook.com\/fundacionmicrofinanzasbbva\/\" \/>\n<meta property=\"article:published_time\" content=\"2015-10-29T16:34:31+00:00\" \/>\n<meta property=\"article:modified_time\" content=\"2017-05-11T16:17:51+00:00\" \/>\n<meta property=\"og:image\" content=\"https:\/\/www.fundacionmicrofinanzasbbva.org\/wp-content\/uploads\/2015\/10\/reunion-ministro-economia-chile-.jpg\" \/>\n\t<meta property=\"og:image:width\" content=\"620\" \/>\n\t<meta property=\"og:image:height\" content=\"290\" \/>\n\t<meta property=\"og:image:type\" content=\"image\/jpeg\" \/>\n<meta name=\"author\" content=\"Karessa Ramos\" \/>\n<meta name=\"twitter:card\" content=\"summary_large_image\" \/>\n<meta name=\"twitter:creator\" content=\"@FMBBVA\" \/>\n<meta name=\"twitter:site\" content=\"@FMBBVA\" \/>\n<meta name=\"twitter:label1\" content=\"Written by\" \/>\n\t<meta name=\"twitter:data1\" content=\"Karessa Ramos\" \/>\n\t<meta name=\"twitter:label2\" content=\"Est. reading time\" \/>\n\t<meta name=\"twitter:data2\" content=\"2 minutes\" \/>\n<script type=\"application\/ld+json\" class=\"yoast-schema-graph\">{\"@context\":\"https:\\\/\\\/schema.org\",\"@graph\":[{\"@type\":\"Article\",\"@id\":\"https:\\\/\\\/www.fundacionmicrofinanzasbbva.org\\\/en\\\/ministro-de-economia-de-chile-valora-oferta-de-credito-adaptado-a-microemprendedores-desarrollado-por-la-fundacion-microfinanzas-bbva\\\/#article\",\"isPartOf\":{\"@id\":\"https:\\\/\\\/www.fundacionmicrofinanzasbbva.org\\\/en\\\/ministro-de-economia-de-chile-valora-oferta-de-credito-adaptado-a-microemprendedores-desarrollado-por-la-fundacion-microfinanzas-bbva\\\/\"},\"author\":{\"name\":\"Karessa Ramos\",\"@id\":\"https:\\\/\\\/www.fundacionmicrofinanzasbbva.org\\\/en\\\/#\\\/schema\\\/person\\\/dcc08d9d413af1c947cd093804347ac6\"},\"headline\":\"The Chilean Minister of the Economy endorses the credit offer specially adapted to micro-entrepreneurs developed by the BBVA Microfinance Foundation\",\"datePublished\":\"2015-10-29T16:34:31+00:00\",\"dateModified\":\"2017-05-11T16:17:51+00:00\",\"mainEntityOfPage\":{\"@id\":\"https:\\\/\\\/www.fundacionmicrofinanzasbbva.org\\\/en\\\/ministro-de-economia-de-chile-valora-oferta-de-credito-adaptado-a-microemprendedores-desarrollado-por-la-fundacion-microfinanzas-bbva\\\/\"},\"wordCount\":514,\"publisher\":{\"@id\":\"https:\\\/\\\/www.fundacionmicrofinanzasbbva.org\\\/en\\\/#organization\"},\"image\":{\"@id\":\"https:\\\/\\\/www.fundacionmicrofinanzasbbva.org\\\/en\\\/ministro-de-economia-de-chile-valora-oferta-de-credito-adaptado-a-microemprendedores-desarrollado-por-la-fundacion-microfinanzas-bbva\\\/#primaryimage\"},\"thumbnailUrl\":\"https:\\\/\\\/www.fundacionmicrofinanzasbbva.org\\\/wp-content\\\/uploads\\\/2015\\\/10\\\/reunion-ministro-economia-chile-.jpg\",\"keywords\":[\"Claudio Gonz\u00e1lez-Vega\",\"Luis Felipe C\u00e9pedes\",\"Minister of the Economy\",\"Ministro Econom\u00eda\",\"Ministro Econom\u00eda\",\"Reuni\u00f3n\",\"Reuni\u00f3n\"],\"articleSection\":[\"Institutional Activity\",\"Institutional Activity\"],\"inLanguage\":\"en-US\"},{\"@type\":\"WebPage\",\"@id\":\"https:\\\/\\\/www.fundacionmicrofinanzasbbva.org\\\/en\\\/ministro-de-economia-de-chile-valora-oferta-de-credito-adaptado-a-microemprendedores-desarrollado-por-la-fundacion-microfinanzas-bbva\\\/\",\"url\":\"https:\\\/\\\/www.fundacionmicrofinanzasbbva.org\\\/en\\\/ministro-de-economia-de-chile-valora-oferta-de-credito-adaptado-a-microemprendedores-desarrollado-por-la-fundacion-microfinanzas-bbva\\\/\",\"name\":\"The Chilean Minister of the Economy endorses the credit offer specially adapted to micro-entrepreneurs developed by the BBVA Microfinance Foundation - Fundaci\u00f3n Microfinanzas BBVA\",\"isPartOf\":{\"@id\":\"https:\\\/\\\/www.fundacionmicrofinanzasbbva.org\\\/en\\\/#website\"},\"primaryImageOfPage\":{\"@id\":\"https:\\\/\\\/www.fundacionmicrofinanzasbbva.org\\\/en\\\/ministro-de-economia-de-chile-valora-oferta-de-credito-adaptado-a-microemprendedores-desarrollado-por-la-fundacion-microfinanzas-bbva\\\/#primaryimage\"},\"image\":{\"@id\":\"https:\\\/\\\/www.fundacionmicrofinanzasbbva.org\\\/en\\\/ministro-de-economia-de-chile-valora-oferta-de-credito-adaptado-a-microemprendedores-desarrollado-por-la-fundacion-microfinanzas-bbva\\\/#primaryimage\"},\"thumbnailUrl\":\"https:\\\/\\\/www.fundacionmicrofinanzasbbva.org\\\/wp-content\\\/uploads\\\/2015\\\/10\\\/reunion-ministro-economia-chile-.jpg\",\"datePublished\":\"2015-10-29T16:34:31+00:00\",\"dateModified\":\"2017-05-11T16:17:51+00:00\",\"breadcrumb\":{\"@id\":\"https:\\\/\\\/www.fundacionmicrofinanzasbbva.org\\\/en\\\/ministro-de-economia-de-chile-valora-oferta-de-credito-adaptado-a-microemprendedores-desarrollado-por-la-fundacion-microfinanzas-bbva\\\/#breadcrumb\"},\"inLanguage\":\"en-US\",\"potentialAction\":[{\"@type\":\"ReadAction\",\"target\":[\"https:\\\/\\\/www.fundacionmicrofinanzasbbva.org\\\/en\\\/ministro-de-economia-de-chile-valora-oferta-de-credito-adaptado-a-microemprendedores-desarrollado-por-la-fundacion-microfinanzas-bbva\\\/\"]}]},{\"@type\":\"ImageObject\",\"inLanguage\":\"en-US\",\"@id\":\"https:\\\/\\\/www.fundacionmicrofinanzasbbva.org\\\/en\\\/ministro-de-economia-de-chile-valora-oferta-de-credito-adaptado-a-microemprendedores-desarrollado-por-la-fundacion-microfinanzas-bbva\\\/#primaryimage\",\"url\":\"https:\\\/\\\/www.fundacionmicrofinanzasbbva.org\\\/wp-content\\\/uploads\\\/2015\\\/10\\\/reunion-ministro-economia-chile-.jpg\",\"contentUrl\":\"https:\\\/\\\/www.fundacionmicrofinanzasbbva.org\\\/wp-content\\\/uploads\\\/2015\\\/10\\\/reunion-ministro-economia-chile-.jpg\",\"width\":620,\"height\":290},{\"@type\":\"BreadcrumbList\",\"@id\":\"https:\\\/\\\/www.fundacionmicrofinanzasbbva.org\\\/en\\\/ministro-de-economia-de-chile-valora-oferta-de-credito-adaptado-a-microemprendedores-desarrollado-por-la-fundacion-microfinanzas-bbva\\\/#breadcrumb\",\"itemListElement\":[{\"@type\":\"ListItem\",\"position\":1,\"name\":\"Home\",\"item\":\"https:\\\/\\\/www.fundacionmicrofinanzasbbva.org\\\/en\\\/\"},{\"@type\":\"ListItem\",\"position\":2,\"name\":\"News\",\"item\":\"https:\\\/\\\/www.fundacionmicrofinanzasbbva.org\\\/en\\\/category\\\/news\\\/\"},{\"@type\":\"ListItem\",\"position\":3,\"name\":\"Institutional Activity\",\"item\":\"https:\\\/\\\/www.fundacionmicrofinanzasbbva.org\\\/en\\\/category\\\/news\\\/institutional-activity\\\/\"},{\"@type\":\"ListItem\",\"position\":4,\"name\":\"The Chilean Minister of the Economy endorses the credit offer specially adapted to micro-entrepreneurs developed by the BBVA Microfinance Foundation\"}]},{\"@type\":\"WebSite\",\"@id\":\"https:\\\/\\\/www.fundacionmicrofinanzasbbva.org\\\/en\\\/#website\",\"url\":\"https:\\\/\\\/www.fundacionmicrofinanzasbbva.org\\\/en\\\/\",\"name\":\"Fundaci\u00f3n Microfinanzas BBVA\",\"description\":\"Fundaci\u00f3n Microfinanzas BBVA\",\"publisher\":{\"@id\":\"https:\\\/\\\/www.fundacionmicrofinanzasbbva.org\\\/en\\\/#organization\"},\"alternateName\":\"Fundaci\u00f3n Microfinanzas BBVA\",\"potentialAction\":[{\"@type\":\"SearchAction\",\"target\":{\"@type\":\"EntryPoint\",\"urlTemplate\":\"https:\\\/\\\/www.fundacionmicrofinanzasbbva.org\\\/en\\\/?s={search_term_string}\"},\"query-input\":{\"@type\":\"PropertyValueSpecification\",\"valueRequired\":true,\"valueName\":\"search_term_string\"}}],\"inLanguage\":\"en-US\"},{\"@type\":\"Organization\",\"@id\":\"https:\\\/\\\/www.fundacionmicrofinanzasbbva.org\\\/en\\\/#organization\",\"name\":\"Fundaci\u00f3n Microfinanzas BBVA\",\"alternateName\":\"Fundaci\u00f3n Microfinanzas BBVA\",\"url\":\"https:\\\/\\\/www.fundacionmicrofinanzasbbva.org\\\/en\\\/\",\"logo\":{\"@type\":\"ImageObject\",\"inLanguage\":\"en-US\",\"@id\":\"https:\\\/\\\/www.fundacionmicrofinanzasbbva.org\\\/en\\\/#\\\/schema\\\/logo\\\/image\\\/\",\"url\":\"https:\\\/\\\/www.fundacionmicrofinanzasbbva.org\\\/wp-content\\\/uploads\\\/2017\\\/01\\\/favicon.png\",\"contentUrl\":\"https:\\\/\\\/www.fundacionmicrofinanzasbbva.org\\\/wp-content\\\/uploads\\\/2017\\\/01\\\/favicon.png\",\"width\":130,\"height\":130,\"caption\":\"Fundaci\u00f3n Microfinanzas BBVA\"},\"image\":{\"@id\":\"https:\\\/\\\/www.fundacionmicrofinanzasbbva.org\\\/en\\\/#\\\/schema\\\/logo\\\/image\\\/\"},\"sameAs\":[\"https:\\\/\\\/www.facebook.com\\\/fundacionmicrofinanzasbbva\\\/\",\"https:\\\/\\\/x.com\\\/FMBBVA\",\"https:\\\/\\\/www.linkedin.com\\\/company\\\/fundaci\u00f3n-microfinanzas-bbva\\\/\"]},{\"@type\":\"Person\",\"@id\":\"https:\\\/\\\/www.fundacionmicrofinanzasbbva.org\\\/en\\\/#\\\/schema\\\/person\\\/dcc08d9d413af1c947cd093804347ac6\",\"name\":\"Karessa Ramos\"}]}<\/script>\n<!-- \/ Yoast SEO plugin. -->","yoast_head_json":{"title":"The Chilean Minister of the Economy endorses the credit offer specially adapted to micro-entrepreneurs developed by the BBVA Microfinance Foundation - Fundaci\u00f3n Microfinanzas BBVA","robots":{"index":"index","follow":"follow","max-snippet":"max-snippet:-1","max-image-preview":"max-image-preview:large","max-video-preview":"max-video-preview:-1"},"canonical":"https:\/\/www.fundacionmicrofinanzasbbva.org\/en\/ministro-de-economia-de-chile-valora-oferta-de-credito-adaptado-a-microemprendedores-desarrollado-por-la-fundacion-microfinanzas-bbva\/","og_locale":"en_US","og_type":"article","og_title":"The Chilean Minister of the Economy endorses the credit offer specially adapted to micro-entrepreneurs developed by the BBVA Microfinance Foundation - Fundaci\u00f3n Microfinanzas BBVA","og_description":"Within the Inter-American Microfinance Forum event, the Minister Luis Felipe C\u00e9pedes welcomed Claudio Gonz\u00e1lez\u2013Vega, Chairman of the Board of Trustees, and Javier Flores Moreno, CEO... Read more &raquo;","og_url":"https:\/\/www.fundacionmicrofinanzasbbva.org\/en\/ministro-de-economia-de-chile-valora-oferta-de-credito-adaptado-a-microemprendedores-desarrollado-por-la-fundacion-microfinanzas-bbva\/","og_site_name":"Fundaci\u00f3n Microfinanzas BBVA","article_publisher":"https:\/\/www.facebook.com\/fundacionmicrofinanzasbbva\/","article_published_time":"2015-10-29T16:34:31+00:00","article_modified_time":"2017-05-11T16:17:51+00:00","og_image":[{"width":620,"height":290,"url":"https:\/\/www.fundacionmicrofinanzasbbva.org\/wp-content\/uploads\/2015\/10\/reunion-ministro-economia-chile-.jpg","type":"image\/jpeg"}],"author":"Karessa Ramos","twitter_card":"summary_large_image","twitter_creator":"@FMBBVA","twitter_site":"@FMBBVA","twitter_misc":{"Written by":"Karessa Ramos","Est. reading time":"2 minutes"},"schema":{"@context":"https:\/\/schema.org","@graph":[{"@type":"Article","@id":"https:\/\/www.fundacionmicrofinanzasbbva.org\/en\/ministro-de-economia-de-chile-valora-oferta-de-credito-adaptado-a-microemprendedores-desarrollado-por-la-fundacion-microfinanzas-bbva\/#article","isPartOf":{"@id":"https:\/\/www.fundacionmicrofinanzasbbva.org\/en\/ministro-de-economia-de-chile-valora-oferta-de-credito-adaptado-a-microemprendedores-desarrollado-por-la-fundacion-microfinanzas-bbva\/"},"author":{"name":"Karessa Ramos","@id":"https:\/\/www.fundacionmicrofinanzasbbva.org\/en\/#\/schema\/person\/dcc08d9d413af1c947cd093804347ac6"},"headline":"The Chilean Minister of the Economy endorses the credit offer specially adapted to micro-entrepreneurs developed by the BBVA Microfinance Foundation","datePublished":"2015-10-29T16:34:31+00:00","dateModified":"2017-05-11T16:17:51+00:00","mainEntityOfPage":{"@id":"https:\/\/www.fundacionmicrofinanzasbbva.org\/en\/ministro-de-economia-de-chile-valora-oferta-de-credito-adaptado-a-microemprendedores-desarrollado-por-la-fundacion-microfinanzas-bbva\/"},"wordCount":514,"publisher":{"@id":"https:\/\/www.fundacionmicrofinanzasbbva.org\/en\/#organization"},"image":{"@id":"https:\/\/www.fundacionmicrofinanzasbbva.org\/en\/ministro-de-economia-de-chile-valora-oferta-de-credito-adaptado-a-microemprendedores-desarrollado-por-la-fundacion-microfinanzas-bbva\/#primaryimage"},"thumbnailUrl":"https:\/\/www.fundacionmicrofinanzasbbva.org\/wp-content\/uploads\/2015\/10\/reunion-ministro-economia-chile-.jpg","keywords":["Claudio Gonz\u00e1lez-Vega","Luis Felipe C\u00e9pedes","Minister of the Economy","Ministro Econom\u00eda","Ministro Econom\u00eda","Reuni\u00f3n","Reuni\u00f3n"],"articleSection":["Institutional Activity","Institutional Activity"],"inLanguage":"en-US"},{"@type":"WebPage","@id":"https:\/\/www.fundacionmicrofinanzasbbva.org\/en\/ministro-de-economia-de-chile-valora-oferta-de-credito-adaptado-a-microemprendedores-desarrollado-por-la-fundacion-microfinanzas-bbva\/","url":"https:\/\/www.fundacionmicrofinanzasbbva.org\/en\/ministro-de-economia-de-chile-valora-oferta-de-credito-adaptado-a-microemprendedores-desarrollado-por-la-fundacion-microfinanzas-bbva\/","name":"The Chilean Minister of the Economy endorses the credit offer specially adapted to micro-entrepreneurs developed by the BBVA Microfinance Foundation - Fundaci\u00f3n Microfinanzas BBVA","isPartOf":{"@id":"https:\/\/www.fundacionmicrofinanzasbbva.org\/en\/#website"},"primaryImageOfPage":{"@id":"https:\/\/www.fundacionmicrofinanzasbbva.org\/en\/ministro-de-economia-de-chile-valora-oferta-de-credito-adaptado-a-microemprendedores-desarrollado-por-la-fundacion-microfinanzas-bbva\/#primaryimage"},"image":{"@id":"https:\/\/www.fundacionmicrofinanzasbbva.org\/en\/ministro-de-economia-de-chile-valora-oferta-de-credito-adaptado-a-microemprendedores-desarrollado-por-la-fundacion-microfinanzas-bbva\/#primaryimage"},"thumbnailUrl":"https:\/\/www.fundacionmicrofinanzasbbva.org\/wp-content\/uploads\/2015\/10\/reunion-ministro-economia-chile-.jpg","datePublished":"2015-10-29T16:34:31+00:00","dateModified":"2017-05-11T16:17:51+00:00","breadcrumb":{"@id":"https:\/\/www.fundacionmicrofinanzasbbva.org\/en\/ministro-de-economia-de-chile-valora-oferta-de-credito-adaptado-a-microemprendedores-desarrollado-por-la-fundacion-microfinanzas-bbva\/#breadcrumb"},"inLanguage":"en-US","potentialAction":[{"@type":"ReadAction","target":["https:\/\/www.fundacionmicrofinanzasbbva.org\/en\/ministro-de-economia-de-chile-valora-oferta-de-credito-adaptado-a-microemprendedores-desarrollado-por-la-fundacion-microfinanzas-bbva\/"]}]},{"@type":"ImageObject","inLanguage":"en-US","@id":"https:\/\/www.fundacionmicrofinanzasbbva.org\/en\/ministro-de-economia-de-chile-valora-oferta-de-credito-adaptado-a-microemprendedores-desarrollado-por-la-fundacion-microfinanzas-bbva\/#primaryimage","url":"https:\/\/www.fundacionmicrofinanzasbbva.org\/wp-content\/uploads\/2015\/10\/reunion-ministro-economia-chile-.jpg","contentUrl":"https:\/\/www.fundacionmicrofinanzasbbva.org\/wp-content\/uploads\/2015\/10\/reunion-ministro-economia-chile-.jpg","width":620,"height":290},{"@type":"BreadcrumbList","@id":"https:\/\/www.fundacionmicrofinanzasbbva.org\/en\/ministro-de-economia-de-chile-valora-oferta-de-credito-adaptado-a-microemprendedores-desarrollado-por-la-fundacion-microfinanzas-bbva\/#breadcrumb","itemListElement":[{"@type":"ListItem","position":1,"name":"Home","item":"https:\/\/www.fundacionmicrofinanzasbbva.org\/en\/"},{"@type":"ListItem","position":2,"name":"News","item":"https:\/\/www.fundacionmicrofinanzasbbva.org\/en\/category\/news\/"},{"@type":"ListItem","position":3,"name":"Institutional Activity","item":"https:\/\/www.fundacionmicrofinanzasbbva.org\/en\/category\/news\/institutional-activity\/"},{"@type":"ListItem","position":4,"name":"The Chilean Minister of the Economy endorses the credit offer specially adapted to micro-entrepreneurs developed by the BBVA Microfinance Foundation"}]},{"@type":"WebSite","@id":"https:\/\/www.fundacionmicrofinanzasbbva.org\/en\/#website","url":"https:\/\/www.fundacionmicrofinanzasbbva.org\/en\/","name":"Fundaci\u00f3n Microfinanzas BBVA","description":"Fundaci\u00f3n Microfinanzas BBVA","publisher":{"@id":"https:\/\/www.fundacionmicrofinanzasbbva.org\/en\/#organization"},"alternateName":"Fundaci\u00f3n Microfinanzas BBVA","potentialAction":[{"@type":"SearchAction","target":{"@type":"EntryPoint","urlTemplate":"https:\/\/www.fundacionmicrofinanzasbbva.org\/en\/?s={search_term_string}"},"query-input":{"@type":"PropertyValueSpecification","valueRequired":true,"valueName":"search_term_string"}}],"inLanguage":"en-US"},{"@type":"Organization","@id":"https:\/\/www.fundacionmicrofinanzasbbva.org\/en\/#organization","name":"Fundaci\u00f3n Microfinanzas BBVA","alternateName":"Fundaci\u00f3n Microfinanzas BBVA","url":"https:\/\/www.fundacionmicrofinanzasbbva.org\/en\/","logo":{"@type":"ImageObject","inLanguage":"en-US","@id":"https:\/\/www.fundacionmicrofinanzasbbva.org\/en\/#\/schema\/logo\/image\/","url":"https:\/\/www.fundacionmicrofinanzasbbva.org\/wp-content\/uploads\/2017\/01\/favicon.png","contentUrl":"https:\/\/www.fundacionmicrofinanzasbbva.org\/wp-content\/uploads\/2017\/01\/favicon.png","width":130,"height":130,"caption":"Fundaci\u00f3n Microfinanzas BBVA"},"image":{"@id":"https:\/\/www.fundacionmicrofinanzasbbva.org\/en\/#\/schema\/logo\/image\/"},"sameAs":["https:\/\/www.facebook.com\/fundacionmicrofinanzasbbva\/","https:\/\/x.com\/FMBBVA","https:\/\/www.linkedin.com\/company\/fundaci\u00f3n-microfinanzas-bbva\/"]},{"@type":"Person","@id":"https:\/\/www.fundacionmicrofinanzasbbva.org\/en\/#\/schema\/person\/dcc08d9d413af1c947cd093804347ac6","name":"Karessa Ramos"}]}},"_links":{"self":[{"href":"https:\/\/www.fundacionmicrofinanzasbbva.org\/en\/wp-json\/wp\/v2\/posts\/6005","targetHints":{"allow":["GET"]}}],"collection":[{"href":"https:\/\/www.fundacionmicrofinanzasbbva.org\/en\/wp-json\/wp\/v2\/posts"}],"about":[{"href":"https:\/\/www.fundacionmicrofinanzasbbva.org\/en\/wp-json\/wp\/v2\/types\/post"}],"author":[{"embeddable":true,"href":"https:\/\/www.fundacionmicrofinanzasbbva.org\/en\/wp-json\/wp\/v2\/users\/13"}],"replies":[{"embeddable":true,"href":"https:\/\/www.fundacionmicrofinanzasbbva.org\/en\/wp-json\/wp\/v2\/comments?post=6005"}],"version-history":[{"count":0,"href":"https:\/\/www.fundacionmicrofinanzasbbva.org\/en\/wp-json\/wp\/v2\/posts\/6005\/revisions"}],"wp:featuredmedia":[{"embeddable":true,"href":"https:\/\/www.fundacionmicrofinanzasbbva.org\/en\/wp-json\/wp\/v2\/media\/5202"}],"wp:attachment":[{"href":"https:\/\/www.fundacionmicrofinanzasbbva.org\/en\/wp-json\/wp\/v2\/media?parent=6005"}],"wp:term":[{"taxonomy":"category","embeddable":true,"href":"https:\/\/www.fundacionmicrofinanzasbbva.org\/en\/wp-json\/wp\/v2\/categories?post=6005"},{"taxonomy":"post_tag","embeddable":true,"href":"https:\/\/www.fundacionmicrofinanzasbbva.org\/en\/wp-json\/wp\/v2\/tags?post=6005"}],"curies":[{"name":"wp","href":"https:\/\/api.w.org\/{rel}","templated":true}]}}