{"id":425,"date":"2008-08-01T13:44:03","date_gmt":"2013-07-17T14:08:27","guid":{"rendered":"http:\/\/www.fundacionmicrofinanzasbbva.org\/?post_type=noticias&#038;p=425"},"modified":"2017-05-10T08:44:56","modified_gmt":"2017-05-10T08:44:56","slug":"the-bbva-microfinance-foundation-merges-the-three-microfinance-institutions-in-peru","status":"publish","type":"post","link":"https:\/\/www.fundacionmicrofinanzasbbva.org\/en\/the-bbva-microfinance-foundation-merges-the-three-microfinance-institutions-in-peru\/","title":{"rendered":"The BBVA Microfinance Foundation merges the three microfinance institutions in Peru"},"content":{"rendered":"<p>The BBVA Microfinance Foundation has performed a merger of the following Peruvian institutions: Caja Rural de Ahorro y Cr\u00e9dito Nor Per\u00fa, Caja Rural de Ahorro y Cr\u00e9dito del Sur, and Edpyme Crear Tacna. The new resulting institution, entitled Caja de Ahorro y Cr\u00e9dito Nuestra Gente, has been authorised quotation on the Lima Stock Exchange.<\/p>\n<p>Despite having a common name, these institutions will continue to retain part of their original trading names in order to conserve the bond identifying them with their respective regions. Hence, they will hereafter trade as Caja Nor Per\u00fa Nuestra Gente, Caja Sur Nuestra Gente and Caja Crear Tacna Nuestra Gente.<\/p>\n<p><strong>The primary objective of this merger is to combine the capacities of the three institutions<\/strong>, enhancing their management structures and exploiting economies of scale to expand the microfinance offering in all the regions in which this new institution operates.<\/p>\n<div id=\"attachment_7898\" style=\"width: 1930px\" class=\"wp-caption aligncenter\"><img loading=\"lazy\" decoding=\"async\" aria-describedby=\"caption-attachment-7898\" class=\"wp-image-7898 size-full\" src=\"http:\/\/www.fundacionmicrofinanzasbbva.org\/wp-content\/uploads\/2008\/08\/Logo-Caja-Nuestra-Gente.jpg\" alt=\"Fotograf\u00eda de Logo Caja Nuestra GenteFotograf\u00eda de Logo Caja Nuestra Gente\" width=\"1920\" height=\"475\" \/><p id=\"caption-attachment-7898\" class=\"wp-caption-text\">Caja Nuestra Gente logo<\/p><\/div>\n<p>According to information current to June 2008, Caja de Ahorro y Cr\u00e9dito Nuestra Gente, has a portfolio in excess of $118 million and through its 67 branches it caters for 141,087 low-income customers who have been able to undertake small business activities, mainly in the retail, agriculture and fisheries, industry and service sectors.<\/p>\n<p>The <strong>BBVA Microfinance Foundation<\/strong> is heading microfinance sector consolidation, providing the institutions that make up its global network with the necessary resources for their reinforcement, enabling them to extend their services to more disadvantaged people and in better conditions, and thus achieving a greater social impact.<\/p>\n<p>Therefore, it is foreseen that new institutions, avant-garde in their regions, will join this project in the future, giving rise to an optimally proportioned institution in Peru, both in terms of size and geographical coverage.<\/p>\n","protected":false},"excerpt":{"rendered":"<p>The BBVA Microfinance Foundation has performed a merger of the following Peruvian institutions: Caja Rural de Ahorro y Cr\u00e9dito Nor Per\u00fa, Caja Rural de Ahorro&#8230;  <a class=\"excerpt-read-more\" href=\"https:\/\/www.fundacionmicrofinanzasbbva.org\/en\/the-bbva-microfinance-foundation-merges-the-three-microfinance-institutions-in-peru\/\" title=\"Read The BBVA Microfinance Foundation merges the three microfinance institutions in Peru\">Read more &raquo;<\/a><\/p>\n","protected":false},"author":13,"featured_media":7968,"comment_status":"closed","ping_status":"closed","sticky":false,"template":"","format":"standard","meta":{"_acf_changed":false,"footnotes":""},"categories":[676],"tags":[693,690,691,692,677],"class_list":["post-425","post","type-post","status-publish","format-standard","has-post-thumbnail","hentry","category-new-entity","tag-caja-rural-de-ahorro-y-credito-del-sur-en","tag-caja-rural-de-ahorro-y-credito-nor-peru-en","tag-edpyme-crear-tacna-en","tag-merger","tag-new-entity","paises-peru"],"acf":[],"yoast_head":"<!-- This site is optimized with the Yoast SEO plugin v27.4 - https:\/\/yoast.com\/product\/yoast-seo-wordpress\/ -->\n<title>The BBVA Microfinance Foundation merges the three microfinance institutions in Peru - Fundaci\u00f3n Microfinanzas BBVA<\/title>\n<meta name=\"robots\" content=\"index, follow, max-snippet:-1, max-image-preview:large, max-video-preview:-1\" \/>\n<link rel=\"canonical\" href=\"https:\/\/www.fundacionmicrofinanzasbbva.org\/en\/the-bbva-microfinance-foundation-merges-the-three-microfinance-institutions-in-peru\/\" \/>\n<meta property=\"og:locale\" content=\"en_US\" \/>\n<meta property=\"og:type\" content=\"article\" \/>\n<meta property=\"og:title\" content=\"The BBVA Microfinance Foundation merges the three microfinance institutions in Peru - Fundaci\u00f3n Microfinanzas BBVA\" \/>\n<meta property=\"og:description\" content=\"The BBVA Microfinance Foundation has performed a merger of the following Peruvian institutions: Caja Rural de Ahorro y Cr\u00e9dito Nor Per\u00fa, Caja Rural de Ahorro... Read more &raquo;\" \/>\n<meta property=\"og:url\" content=\"https:\/\/www.fundacionmicrofinanzasbbva.org\/en\/the-bbva-microfinance-foundation-merges-the-three-microfinance-institutions-in-peru\/\" \/>\n<meta property=\"og:site_name\" content=\"Fundaci\u00f3n Microfinanzas BBVA\" \/>\n<meta property=\"article:publisher\" content=\"https:\/\/www.facebook.com\/fundacionmicrofinanzasbbva\/\" \/>\n<meta property=\"article:published_time\" content=\"2013-07-17T14:08:27+00:00\" \/>\n<meta property=\"article:modified_time\" content=\"2017-05-10T08:44:56+00:00\" \/>\n<meta property=\"og:image\" content=\"https:\/\/www.fundacionmicrofinanzasbbva.org\/wp-content\/uploads\/2008\/08\/Per\u00fa-rural-FMBBVA.jpg\" \/>\n\t<meta property=\"og:image:width\" content=\"1920\" \/>\n\t<meta property=\"og:image:height\" content=\"475\" \/>\n\t<meta property=\"og:image:type\" content=\"image\/jpeg\" \/>\n<meta name=\"author\" content=\"Karessa Ramos\" \/>\n<meta name=\"twitter:card\" content=\"summary_large_image\" \/>\n<meta name=\"twitter:creator\" content=\"@FMBBVA\" \/>\n<meta name=\"twitter:site\" content=\"@FMBBVA\" \/>\n<meta name=\"twitter:label1\" content=\"Written by\" \/>\n\t<meta name=\"twitter:data1\" content=\"Karessa Ramos\" \/>\n\t<meta name=\"twitter:label2\" content=\"Est. reading time\" \/>\n\t<meta name=\"twitter:data2\" content=\"1 minute\" \/>\n<script type=\"application\/ld+json\" class=\"yoast-schema-graph\">{\"@context\":\"https:\\\/\\\/schema.org\",\"@graph\":[{\"@type\":\"Article\",\"@id\":\"https:\\\/\\\/www.fundacionmicrofinanzasbbva.org\\\/en\\\/the-bbva-microfinance-foundation-merges-the-three-microfinance-institutions-in-peru\\\/#article\",\"isPartOf\":{\"@id\":\"https:\\\/\\\/www.fundacionmicrofinanzasbbva.org\\\/en\\\/the-bbva-microfinance-foundation-merges-the-three-microfinance-institutions-in-peru\\\/\"},\"author\":{\"name\":\"Karessa Ramos\",\"@id\":\"https:\\\/\\\/www.fundacionmicrofinanzasbbva.org\\\/en\\\/#\\\/schema\\\/person\\\/dcc08d9d413af1c947cd093804347ac6\"},\"headline\":\"The BBVA Microfinance Foundation merges the three microfinance institutions in Peru\",\"datePublished\":\"2013-07-17T14:08:27+00:00\",\"dateModified\":\"2017-05-10T08:44:56+00:00\",\"mainEntityOfPage\":{\"@id\":\"https:\\\/\\\/www.fundacionmicrofinanzasbbva.org\\\/en\\\/the-bbva-microfinance-foundation-merges-the-three-microfinance-institutions-in-peru\\\/\"},\"wordCount\":299,\"publisher\":{\"@id\":\"https:\\\/\\\/www.fundacionmicrofinanzasbbva.org\\\/en\\\/#organization\"},\"image\":{\"@id\":\"https:\\\/\\\/www.fundacionmicrofinanzasbbva.org\\\/en\\\/the-bbva-microfinance-foundation-merges-the-three-microfinance-institutions-in-peru\\\/#primaryimage\"},\"thumbnailUrl\":\"https:\\\/\\\/www.fundacionmicrofinanzasbbva.org\\\/wp-content\\\/uploads\\\/2008\\\/08\\\/Per\u00fa-rural-FMBBVA.jpg\",\"keywords\":[\"Caja Rural de Ahorro y Cr\u00e9dito del Sur @en\",\"Caja Rural de Ahorro y Cr\u00e9dito Nor Per\u00fa @en\",\"Edpyme Crear Tacna @en\",\"Merger\",\"New Entity\"],\"articleSection\":[\"New Entity\"],\"inLanguage\":\"en-US\"},{\"@type\":\"WebPage\",\"@id\":\"https:\\\/\\\/www.fundacionmicrofinanzasbbva.org\\\/en\\\/the-bbva-microfinance-foundation-merges-the-three-microfinance-institutions-in-peru\\\/\",\"url\":\"https:\\\/\\\/www.fundacionmicrofinanzasbbva.org\\\/en\\\/the-bbva-microfinance-foundation-merges-the-three-microfinance-institutions-in-peru\\\/\",\"name\":\"The BBVA Microfinance Foundation merges the three microfinance institutions in Peru - Fundaci\u00f3n Microfinanzas BBVA\",\"isPartOf\":{\"@id\":\"https:\\\/\\\/www.fundacionmicrofinanzasbbva.org\\\/en\\\/#website\"},\"primaryImageOfPage\":{\"@id\":\"https:\\\/\\\/www.fundacionmicrofinanzasbbva.org\\\/en\\\/the-bbva-microfinance-foundation-merges-the-three-microfinance-institutions-in-peru\\\/#primaryimage\"},\"image\":{\"@id\":\"https:\\\/\\\/www.fundacionmicrofinanzasbbva.org\\\/en\\\/the-bbva-microfinance-foundation-merges-the-three-microfinance-institutions-in-peru\\\/#primaryimage\"},\"thumbnailUrl\":\"https:\\\/\\\/www.fundacionmicrofinanzasbbva.org\\\/wp-content\\\/uploads\\\/2008\\\/08\\\/Per\u00fa-rural-FMBBVA.jpg\",\"datePublished\":\"2013-07-17T14:08:27+00:00\",\"dateModified\":\"2017-05-10T08:44:56+00:00\",\"breadcrumb\":{\"@id\":\"https:\\\/\\\/www.fundacionmicrofinanzasbbva.org\\\/en\\\/the-bbva-microfinance-foundation-merges-the-three-microfinance-institutions-in-peru\\\/#breadcrumb\"},\"inLanguage\":\"en-US\",\"potentialAction\":[{\"@type\":\"ReadAction\",\"target\":[\"https:\\\/\\\/www.fundacionmicrofinanzasbbva.org\\\/en\\\/the-bbva-microfinance-foundation-merges-the-three-microfinance-institutions-in-peru\\\/\"]}]},{\"@type\":\"ImageObject\",\"inLanguage\":\"en-US\",\"@id\":\"https:\\\/\\\/www.fundacionmicrofinanzasbbva.org\\\/en\\\/the-bbva-microfinance-foundation-merges-the-three-microfinance-institutions-in-peru\\\/#primaryimage\",\"url\":\"https:\\\/\\\/www.fundacionmicrofinanzasbbva.org\\\/wp-content\\\/uploads\\\/2008\\\/08\\\/Per\u00fa-rural-FMBBVA.jpg\",\"contentUrl\":\"https:\\\/\\\/www.fundacionmicrofinanzasbbva.org\\\/wp-content\\\/uploads\\\/2008\\\/08\\\/Per\u00fa-rural-FMBBVA.jpg\",\"width\":1920,\"height\":475,\"caption\":\"Paisaje Per\u00fa rural FMBBVA\"},{\"@type\":\"BreadcrumbList\",\"@id\":\"https:\\\/\\\/www.fundacionmicrofinanzasbbva.org\\\/en\\\/the-bbva-microfinance-foundation-merges-the-three-microfinance-institutions-in-peru\\\/#breadcrumb\",\"itemListElement\":[{\"@type\":\"ListItem\",\"position\":1,\"name\":\"Home\",\"item\":\"https:\\\/\\\/www.fundacionmicrofinanzasbbva.org\\\/en\\\/\"},{\"@type\":\"ListItem\",\"position\":2,\"name\":\"News\",\"item\":\"https:\\\/\\\/www.fundacionmicrofinanzasbbva.org\\\/en\\\/category\\\/news\\\/\"},{\"@type\":\"ListItem\",\"position\":3,\"name\":\"New Entity\",\"item\":\"https:\\\/\\\/www.fundacionmicrofinanzasbbva.org\\\/en\\\/category\\\/news\\\/new-entity\\\/\"},{\"@type\":\"ListItem\",\"position\":4,\"name\":\"The BBVA Microfinance Foundation merges the three microfinance institutions in Peru\"}]},{\"@type\":\"WebSite\",\"@id\":\"https:\\\/\\\/www.fundacionmicrofinanzasbbva.org\\\/en\\\/#website\",\"url\":\"https:\\\/\\\/www.fundacionmicrofinanzasbbva.org\\\/en\\\/\",\"name\":\"Fundaci\u00f3n Microfinanzas BBVA\",\"description\":\"Fundaci\u00f3n Microfinanzas BBVA\",\"publisher\":{\"@id\":\"https:\\\/\\\/www.fundacionmicrofinanzasbbva.org\\\/en\\\/#organization\"},\"alternateName\":\"Fundaci\u00f3n Microfinanzas BBVA\",\"potentialAction\":[{\"@type\":\"SearchAction\",\"target\":{\"@type\":\"EntryPoint\",\"urlTemplate\":\"https:\\\/\\\/www.fundacionmicrofinanzasbbva.org\\\/en\\\/?s={search_term_string}\"},\"query-input\":{\"@type\":\"PropertyValueSpecification\",\"valueRequired\":true,\"valueName\":\"search_term_string\"}}],\"inLanguage\":\"en-US\"},{\"@type\":\"Organization\",\"@id\":\"https:\\\/\\\/www.fundacionmicrofinanzasbbva.org\\\/en\\\/#organization\",\"name\":\"Fundaci\u00f3n Microfinanzas BBVA\",\"alternateName\":\"Fundaci\u00f3n Microfinanzas BBVA\",\"url\":\"https:\\\/\\\/www.fundacionmicrofinanzasbbva.org\\\/en\\\/\",\"logo\":{\"@type\":\"ImageObject\",\"inLanguage\":\"en-US\",\"@id\":\"https:\\\/\\\/www.fundacionmicrofinanzasbbva.org\\\/en\\\/#\\\/schema\\\/logo\\\/image\\\/\",\"url\":\"https:\\\/\\\/www.fundacionmicrofinanzasbbva.org\\\/wp-content\\\/uploads\\\/2017\\\/01\\\/favicon.png\",\"contentUrl\":\"https:\\\/\\\/www.fundacionmicrofinanzasbbva.org\\\/wp-content\\\/uploads\\\/2017\\\/01\\\/favicon.png\",\"width\":130,\"height\":130,\"caption\":\"Fundaci\u00f3n Microfinanzas BBVA\"},\"image\":{\"@id\":\"https:\\\/\\\/www.fundacionmicrofinanzasbbva.org\\\/en\\\/#\\\/schema\\\/logo\\\/image\\\/\"},\"sameAs\":[\"https:\\\/\\\/www.facebook.com\\\/fundacionmicrofinanzasbbva\\\/\",\"https:\\\/\\\/x.com\\\/FMBBVA\",\"https:\\\/\\\/www.linkedin.com\\\/company\\\/fundaci\u00f3n-microfinanzas-bbva\\\/\"]},{\"@type\":\"Person\",\"@id\":\"https:\\\/\\\/www.fundacionmicrofinanzasbbva.org\\\/en\\\/#\\\/schema\\\/person\\\/dcc08d9d413af1c947cd093804347ac6\",\"name\":\"Karessa Ramos\"}]}<\/script>\n<!-- \/ Yoast SEO plugin. -->","yoast_head_json":{"title":"The BBVA Microfinance Foundation merges the three microfinance institutions in Peru - Fundaci\u00f3n Microfinanzas BBVA","robots":{"index":"index","follow":"follow","max-snippet":"max-snippet:-1","max-image-preview":"max-image-preview:large","max-video-preview":"max-video-preview:-1"},"canonical":"https:\/\/www.fundacionmicrofinanzasbbva.org\/en\/the-bbva-microfinance-foundation-merges-the-three-microfinance-institutions-in-peru\/","og_locale":"en_US","og_type":"article","og_title":"The BBVA Microfinance Foundation merges the three microfinance institutions in Peru - Fundaci\u00f3n Microfinanzas BBVA","og_description":"The BBVA Microfinance Foundation has performed a merger of the following Peruvian institutions: Caja Rural de Ahorro y Cr\u00e9dito Nor Per\u00fa, Caja Rural de Ahorro... Read more &raquo;","og_url":"https:\/\/www.fundacionmicrofinanzasbbva.org\/en\/the-bbva-microfinance-foundation-merges-the-three-microfinance-institutions-in-peru\/","og_site_name":"Fundaci\u00f3n Microfinanzas BBVA","article_publisher":"https:\/\/www.facebook.com\/fundacionmicrofinanzasbbva\/","article_published_time":"2013-07-17T14:08:27+00:00","article_modified_time":"2017-05-10T08:44:56+00:00","og_image":[{"width":1920,"height":475,"url":"https:\/\/www.fundacionmicrofinanzasbbva.org\/wp-content\/uploads\/2008\/08\/Per\u00fa-rural-FMBBVA.jpg","type":"image\/jpeg"}],"author":"Karessa Ramos","twitter_card":"summary_large_image","twitter_creator":"@FMBBVA","twitter_site":"@FMBBVA","twitter_misc":{"Written by":"Karessa Ramos","Est. reading time":"1 minute"},"schema":{"@context":"https:\/\/schema.org","@graph":[{"@type":"Article","@id":"https:\/\/www.fundacionmicrofinanzasbbva.org\/en\/the-bbva-microfinance-foundation-merges-the-three-microfinance-institutions-in-peru\/#article","isPartOf":{"@id":"https:\/\/www.fundacionmicrofinanzasbbva.org\/en\/the-bbva-microfinance-foundation-merges-the-three-microfinance-institutions-in-peru\/"},"author":{"name":"Karessa Ramos","@id":"https:\/\/www.fundacionmicrofinanzasbbva.org\/en\/#\/schema\/person\/dcc08d9d413af1c947cd093804347ac6"},"headline":"The BBVA Microfinance Foundation merges the three microfinance institutions in Peru","datePublished":"2013-07-17T14:08:27+00:00","dateModified":"2017-05-10T08:44:56+00:00","mainEntityOfPage":{"@id":"https:\/\/www.fundacionmicrofinanzasbbva.org\/en\/the-bbva-microfinance-foundation-merges-the-three-microfinance-institutions-in-peru\/"},"wordCount":299,"publisher":{"@id":"https:\/\/www.fundacionmicrofinanzasbbva.org\/en\/#organization"},"image":{"@id":"https:\/\/www.fundacionmicrofinanzasbbva.org\/en\/the-bbva-microfinance-foundation-merges-the-three-microfinance-institutions-in-peru\/#primaryimage"},"thumbnailUrl":"https:\/\/www.fundacionmicrofinanzasbbva.org\/wp-content\/uploads\/2008\/08\/Per\u00fa-rural-FMBBVA.jpg","keywords":["Caja Rural de Ahorro y Cr\u00e9dito del Sur @en","Caja Rural de Ahorro y Cr\u00e9dito Nor Per\u00fa @en","Edpyme Crear Tacna @en","Merger","New Entity"],"articleSection":["New Entity"],"inLanguage":"en-US"},{"@type":"WebPage","@id":"https:\/\/www.fundacionmicrofinanzasbbva.org\/en\/the-bbva-microfinance-foundation-merges-the-three-microfinance-institutions-in-peru\/","url":"https:\/\/www.fundacionmicrofinanzasbbva.org\/en\/the-bbva-microfinance-foundation-merges-the-three-microfinance-institutions-in-peru\/","name":"The BBVA Microfinance Foundation merges the three microfinance institutions in Peru - Fundaci\u00f3n Microfinanzas BBVA","isPartOf":{"@id":"https:\/\/www.fundacionmicrofinanzasbbva.org\/en\/#website"},"primaryImageOfPage":{"@id":"https:\/\/www.fundacionmicrofinanzasbbva.org\/en\/the-bbva-microfinance-foundation-merges-the-three-microfinance-institutions-in-peru\/#primaryimage"},"image":{"@id":"https:\/\/www.fundacionmicrofinanzasbbva.org\/en\/the-bbva-microfinance-foundation-merges-the-three-microfinance-institutions-in-peru\/#primaryimage"},"thumbnailUrl":"https:\/\/www.fundacionmicrofinanzasbbva.org\/wp-content\/uploads\/2008\/08\/Per\u00fa-rural-FMBBVA.jpg","datePublished":"2013-07-17T14:08:27+00:00","dateModified":"2017-05-10T08:44:56+00:00","breadcrumb":{"@id":"https:\/\/www.fundacionmicrofinanzasbbva.org\/en\/the-bbva-microfinance-foundation-merges-the-three-microfinance-institutions-in-peru\/#breadcrumb"},"inLanguage":"en-US","potentialAction":[{"@type":"ReadAction","target":["https:\/\/www.fundacionmicrofinanzasbbva.org\/en\/the-bbva-microfinance-foundation-merges-the-three-microfinance-institutions-in-peru\/"]}]},{"@type":"ImageObject","inLanguage":"en-US","@id":"https:\/\/www.fundacionmicrofinanzasbbva.org\/en\/the-bbva-microfinance-foundation-merges-the-three-microfinance-institutions-in-peru\/#primaryimage","url":"https:\/\/www.fundacionmicrofinanzasbbva.org\/wp-content\/uploads\/2008\/08\/Per\u00fa-rural-FMBBVA.jpg","contentUrl":"https:\/\/www.fundacionmicrofinanzasbbva.org\/wp-content\/uploads\/2008\/08\/Per\u00fa-rural-FMBBVA.jpg","width":1920,"height":475,"caption":"Paisaje Per\u00fa rural FMBBVA"},{"@type":"BreadcrumbList","@id":"https:\/\/www.fundacionmicrofinanzasbbva.org\/en\/the-bbva-microfinance-foundation-merges-the-three-microfinance-institutions-in-peru\/#breadcrumb","itemListElement":[{"@type":"ListItem","position":1,"name":"Home","item":"https:\/\/www.fundacionmicrofinanzasbbva.org\/en\/"},{"@type":"ListItem","position":2,"name":"News","item":"https:\/\/www.fundacionmicrofinanzasbbva.org\/en\/category\/news\/"},{"@type":"ListItem","position":3,"name":"New Entity","item":"https:\/\/www.fundacionmicrofinanzasbbva.org\/en\/category\/news\/new-entity\/"},{"@type":"ListItem","position":4,"name":"The BBVA Microfinance Foundation merges the three microfinance institutions in Peru"}]},{"@type":"WebSite","@id":"https:\/\/www.fundacionmicrofinanzasbbva.org\/en\/#website","url":"https:\/\/www.fundacionmicrofinanzasbbva.org\/en\/","name":"Fundaci\u00f3n Microfinanzas BBVA","description":"Fundaci\u00f3n Microfinanzas BBVA","publisher":{"@id":"https:\/\/www.fundacionmicrofinanzasbbva.org\/en\/#organization"},"alternateName":"Fundaci\u00f3n Microfinanzas BBVA","potentialAction":[{"@type":"SearchAction","target":{"@type":"EntryPoint","urlTemplate":"https:\/\/www.fundacionmicrofinanzasbbva.org\/en\/?s={search_term_string}"},"query-input":{"@type":"PropertyValueSpecification","valueRequired":true,"valueName":"search_term_string"}}],"inLanguage":"en-US"},{"@type":"Organization","@id":"https:\/\/www.fundacionmicrofinanzasbbva.org\/en\/#organization","name":"Fundaci\u00f3n Microfinanzas BBVA","alternateName":"Fundaci\u00f3n Microfinanzas BBVA","url":"https:\/\/www.fundacionmicrofinanzasbbva.org\/en\/","logo":{"@type":"ImageObject","inLanguage":"en-US","@id":"https:\/\/www.fundacionmicrofinanzasbbva.org\/en\/#\/schema\/logo\/image\/","url":"https:\/\/www.fundacionmicrofinanzasbbva.org\/wp-content\/uploads\/2017\/01\/favicon.png","contentUrl":"https:\/\/www.fundacionmicrofinanzasbbva.org\/wp-content\/uploads\/2017\/01\/favicon.png","width":130,"height":130,"caption":"Fundaci\u00f3n Microfinanzas BBVA"},"image":{"@id":"https:\/\/www.fundacionmicrofinanzasbbva.org\/en\/#\/schema\/logo\/image\/"},"sameAs":["https:\/\/www.facebook.com\/fundacionmicrofinanzasbbva\/","https:\/\/x.com\/FMBBVA","https:\/\/www.linkedin.com\/company\/fundaci\u00f3n-microfinanzas-bbva\/"]},{"@type":"Person","@id":"https:\/\/www.fundacionmicrofinanzasbbva.org\/en\/#\/schema\/person\/dcc08d9d413af1c947cd093804347ac6","name":"Karessa Ramos"}]}},"_links":{"self":[{"href":"https:\/\/www.fundacionmicrofinanzasbbva.org\/en\/wp-json\/wp\/v2\/posts\/425","targetHints":{"allow":["GET"]}}],"collection":[{"href":"https:\/\/www.fundacionmicrofinanzasbbva.org\/en\/wp-json\/wp\/v2\/posts"}],"about":[{"href":"https:\/\/www.fundacionmicrofinanzasbbva.org\/en\/wp-json\/wp\/v2\/types\/post"}],"author":[{"embeddable":true,"href":"https:\/\/www.fundacionmicrofinanzasbbva.org\/en\/wp-json\/wp\/v2\/users\/13"}],"replies":[{"embeddable":true,"href":"https:\/\/www.fundacionmicrofinanzasbbva.org\/en\/wp-json\/wp\/v2\/comments?post=425"}],"version-history":[{"count":0,"href":"https:\/\/www.fundacionmicrofinanzasbbva.org\/en\/wp-json\/wp\/v2\/posts\/425\/revisions"}],"wp:featuredmedia":[{"embeddable":true,"href":"https:\/\/www.fundacionmicrofinanzasbbva.org\/en\/wp-json\/wp\/v2\/media\/7968"}],"wp:attachment":[{"href":"https:\/\/www.fundacionmicrofinanzasbbva.org\/en\/wp-json\/wp\/v2\/media?parent=425"}],"wp:term":[{"taxonomy":"category","embeddable":true,"href":"https:\/\/www.fundacionmicrofinanzasbbva.org\/en\/wp-json\/wp\/v2\/categories?post=425"},{"taxonomy":"post_tag","embeddable":true,"href":"https:\/\/www.fundacionmicrofinanzasbbva.org\/en\/wp-json\/wp\/v2\/tags?post=425"}],"curies":[{"name":"wp","href":"https:\/\/api.w.org\/{rel}","templated":true}]}}