{"id":35185,"date":"2021-12-07T10:07:41","date_gmt":"2021-12-07T09:07:41","guid":{"rendered":"https:\/\/www.fundacionmicrofinanzasbbva.org\/el-presidente-de-bbva-visita-a-emprendedores-de-la-fmbbva-lider-mundial-en-contribucion-al-desarrollo-en-latinoamerica\/"},"modified":"2021-12-17T15:36:05","modified_gmt":"2021-12-17T14:36:05","slug":"el-presidente-de-bbva-visita-a-emprendedores-de-la-fmbbva-lider-mundial-en-contribucion-al-desarrollo-en-latinoamerica","status":"publish","type":"post","link":"https:\/\/www.fundacionmicrofinanzasbbva.org\/en\/el-presidente-de-bbva-visita-a-emprendedores-de-la-fmbbva-lider-mundial-en-contribucion-al-desarrollo-en-latinoamerica\/","title":{"rendered":"BBVA chairman visits entrepreneurs supported by BBVAMF, global leader in contribution to development in Latin America"},"content":{"rendered":"<p><span style=\"font-weight: 400;\">The 2030 Agenda defines <strong>quality education<\/strong> as key to abandon poverty and achieve socioeconomic progress for the student and their family, as well as to positively impact their communities (SDG 4).\u00a0<\/span><span style=\"font-weight: 400;\">During the pandemic, most countries declared temporary closure for schools, affecting students worldwide, according to the United Nations. Currently, Latin America and the Caribbean are going through an \u201cunprecedented educational crisis\u201d, as reported by a recent World Bank report.\u00a0<\/span><\/p>\n<p><span style=\"font-weight: 400;\">BBVA chairman Carlos Torres Vila once more acknowledged BBVAMF\u2019s work with low-income communities at the ground level.<\/span><\/p>\n<p><span style=\"font-weight: 400;\">On this occasion, he has visited entrepreneurs supported by Financiera Cofianza in Peru. And in Colombia, he has handed the <\/span><i><span style=\"font-weight: 400;\">Transformando Realidades<\/span><\/i><span style=\"font-weight: 400;\"> scholarships, an initiative of BBVA Colombia and Bancam\u00eda (BBVAMF\u2019s local institution) to help students from low-income families of entrepreneurs access a college degree.\u00a0<\/span><\/p>\n<p><span style=\"font-weight: 400;\"><strong>Fighting for a better life for their children<\/strong> is one of the main incentives for most of the 2.7 million entrepreneurs supported by the BBVAMF in five Latin American countries, of whom 59% are women and 35% have primary education at best (national data shows that in Colombia, 43% of the female population have primary education at best).<\/span><\/p>\n<p><span style=\"font-weight: 400;\">7 out of 10 entrepreneurs who abandon poverty and are accompanied by the Foundation are women. Investing in them not only contributes to closing the gender gap, but also reduces poverty. According to Carlos Torres Vila, \u201cit\u2019s an essential condition if we want to reach a truly sustainable and inclusive economic and social development for all.\u201d<\/span><\/p>\n<p><span style=\"font-weight: 400;\">Recent data from the OECD show that <strong>BBVAMF is the<a href=\"https:\/\/www.fundacionmicrofinanzasbbva.org\/en\/la-fundacion-microfinanzas-bbva-nuevo-lider-internacional-contribucion-al-desarrollo-tras-la-fundacion-bill-melinda-gates\/\"> international leader in contribution to development in the region<\/a> and the <a href=\"https:\/\/www.fundacionmicrofinanzasbbva.org\/en\/fundacion-microfinanzas-bbva-primera-del-mundo-en-contribucion-al-desarrollo-para-la-igualdad-de-genero-segun-la-ocde\/\">top global contributor to gender equality initiatives in the world.<\/a><\/strong>\u00a0<\/span><\/p>\n<h3><b>Entrepreneurs progress in Peru, in spite of the pandemic<\/b><b>\u00a0<\/b><\/h3>\n<p><span style=\"font-weight: 400;\">In Peru the BBVAMF supports more than 725,000 people through its institution, Financiera Confianza, out of whom 53% are women.<\/span><\/p>\n<p><span style=\"font-weight: 400;\"><strong>Isabel Rivero and Mar\u00eda del Carmen Trejo<\/strong> are two of the female entrepreneurs who were able to meet Carlos Torres Vila and talk to him about their hopes and projects. Isabel is a primary school teacher and at the same time sells handcrafts. Revenues from her business have allowed her to adapt her home to be able to give online classes.<\/span><\/p>\n<p><span style=\"font-weight: 400;\">However, for her, the most important investment she has undertaken has to do with <strong>her youngest son\u2019s education.<\/strong> It\u2019s a dream come true for Isabel to be able to pay for his studies in a private college.<\/span><\/p>\n<div id=\"attachment_35098\" style=\"width: 1630px\" class=\"wp-caption aligncenter\"><img loading=\"lazy\" decoding=\"async\" aria-describedby=\"caption-attachment-35098\" class=\"wp-image-35098 size-full\" src=\"https:\/\/www.fundacionmicrofinanzasbbva.org\/wp-content\/uploads\/2021\/12\/CTV-con-emprendedoras-peruanas.jpg\" alt=\"desarrollo\" width=\"1620\" height=\"1080\" srcset=\"https:\/\/www.fundacionmicrofinanzasbbva.org\/wp-content\/uploads\/2021\/12\/CTV-con-emprendedoras-peruanas.jpg 1620w, https:\/\/www.fundacionmicrofinanzasbbva.org\/wp-content\/uploads\/2021\/12\/CTV-con-emprendedoras-peruanas-180x120.jpg 180w, https:\/\/www.fundacionmicrofinanzasbbva.org\/wp-content\/uploads\/2021\/12\/CTV-con-emprendedoras-peruanas-768x512.jpg 768w, https:\/\/www.fundacionmicrofinanzasbbva.org\/wp-content\/uploads\/2021\/12\/CTV-con-emprendedoras-peruanas-1024x683.jpg 1024w\" sizes=\"auto, (max-width: 1620px) 100vw, 1620px\" \/><p id=\"caption-attachment-35098\" class=\"wp-caption-text\">Isabel Rivero, Iris Eliana Salazar y and other entrepreneurs of the Palabra de Mujer program (Financiera Confianza) chat with Carlos Torres Vila<\/p><\/div>\n<p><span style=\"font-weight: 400;\">Mar\u00eda del Carmen is also a fighter in her own way: at 55 years old, she doesn\u2019t tire of dreaming about her progress and that of her family\u2019s. With her <\/span><i><span style=\"font-weight: 400;\">anticuchos <\/span><\/i><span style=\"font-weight: 400;\">(beef heart skewers)\u00a0 eatery was able to give her youngest son the education that the elder ones weren\u2019t able to receive. \u201cHe\u2019s now studying international commerce\u201d, she excitedly shares.<\/span><\/p>\n<p><span style=\"font-weight: 400;\">Tuvo que reinventarse con la pandemia. Seg\u00fan le cont\u00f3 a Carlos Torres Vila durante su visita, \u201cmi hijo siempre me dijo que abriera mi local y yo le dec\u00eda que no, que vendiendo como ambulante ganaba m\u00e1s dinero. Pero la pandemia me oblig\u00f3 y aqu\u00ed estoy, muy contenta y agradecida, porque mi negocio est\u00e1 creciendo\u201d.<\/span><\/p>\n<p><span style=\"font-weight: 400;\">She also had to reinvent her business during the pandemic. According to what she recounted to Carlos Torres, \u201cMy son always encouraged me to open my own eatery and I said \u2018no, I earned more by peddling.\u2019 But then the pandemic forced me to change my mind so here I am, very happy and thankful, because my business is growing.\u201d<\/span><\/p>\n<blockquote><p><span style=\"font-weight: 400;\">Knowing them first hand is &#8220;a life lesson&#8221;. Carlos Torres Vila, BBVA chairman<\/span><\/p><\/blockquote>\n<p><span style=\"font-weight: 400;\">BBVA chairman also met<strong> Iris Salazar<\/strong>, a 22-year old entrepreneur who sells beauty products and teaches private English classes. \u201c(I would do) whatever needs to be done to progress\u201d, she said. Her goal is to finish her studies as an English teacher and have a space for her to keep developing her buy and sell business.<\/span><\/p>\n<p><span style=\"font-weight: 400;\"><strong>Wilder Osorio<\/strong> is also an entrepreneur. He migrated to Lima from his native city when he was 16 years old to become a garment factory worker. At 27, he now has his own business that employs up to 8 people.<\/span><\/p>\n<p><span style=\"font-weight: 400;\">All of them were able to share their future plans with Carlos Torres Vila, who remarked that knowing them personally is a \u201clife lesson\u201d because they are able to progress in complex environments, especially during the pandemic and that \u201cThey deserve an opportunity and all the support they can get.\u201d<\/span><\/p>\n<h3><b>Five low-income students from Colombia will be able to access college education thanks to the <\/b><b><i>Transformando Realidades<\/i><\/b><b> scholarship<\/b><\/h3>\n<p><span style=\"font-weight: 400;\">After his visit in Peru, BBVA chairman flew to Colombia to present the Transformando Realidades scholarships that will support five students who are children of BBVAMF entrepreneurs, to achieve their dreams of accessing a college degree.<\/span><\/p>\n<p><span style=\"font-weight: 400;\">For Carlos Torres Vila, education \u201cis key for people\u2019s advancement and for the society\u2019s development. It drives growth, it is a door to opportunities and it is a force, perhaps the most important one, that could correct inequalities.\u201d<\/span><\/p>\n<p><span style=\"font-weight: 400;\"><strong>Sebasti\u00e1n Carre\u00f1o <\/strong>had to walk dirt roads for more than one hour to reach his school, coming from the rural area where he lives with his mother and brothers where they cultivate cocoa in a small farm. He is the son of entrepreneur Yamile Pinz\u00f3n: widower and mother of two.<\/span><\/p>\n<div id=\"attachment_35090\" style=\"width: 1628px\" class=\"wp-caption aligncenter\"><img loading=\"lazy\" decoding=\"async\" aria-describedby=\"caption-attachment-35090\" class=\"wp-image-35090 size-full\" src=\"https:\/\/www.fundacionmicrofinanzasbbva.org\/wp-content\/uploads\/2021\/11\/CTV-con-becado-colombiano-e1638522371717.jpg\" alt=\"beca educativa\" width=\"1618\" height=\"821\" srcset=\"https:\/\/www.fundacionmicrofinanzasbbva.org\/wp-content\/uploads\/2021\/11\/CTV-con-becado-colombiano-e1638522371717.jpg 1618w, https:\/\/www.fundacionmicrofinanzasbbva.org\/wp-content\/uploads\/2021\/11\/CTV-con-becado-colombiano-e1638522371717-180x91.jpg 180w, https:\/\/www.fundacionmicrofinanzasbbva.org\/wp-content\/uploads\/2021\/11\/CTV-con-becado-colombiano-e1638522371717-768x390.jpg 768w, https:\/\/www.fundacionmicrofinanzasbbva.org\/wp-content\/uploads\/2021\/11\/CTV-con-becado-colombiano-e1638522371717-1024x520.jpg 1024w\" sizes=\"auto, (max-width: 1618px) 100vw, 1618px\" \/><p id=\"caption-attachment-35090\" class=\"wp-caption-text\">BBVA chairman hands the Transformando Realidades scholarship to the grand winner, Sebasti\u00e1n Carre\u00f1o<\/p><\/div>\n<p><span style=\"font-weight: 400;\">Junto a \u00e9l, otros cuatro j\u00f3venes m\u00e1s recibieron este reconocimiento, que cubre el coste acad\u00e9mico durante el tiempo que dure la carrera y un extra para su manutenci\u00f3n mensual.\u00a0<\/span><span style=\"font-weight: 400;\">Adem\u00e1s de un ordenador como herramienta de apoyo.<\/span><\/p>\n<h3><b>The dream of improving their children\u2019s lives through education<\/b><\/h3>\n<p><span style=\"font-weight: 400;\">Second placer <strong>Mario Alexander Naicipa<\/strong> hails from Bogot\u00e1 and is the son of Luz Nelly D\u00edaz, a 55-year old entrepreneur who works as a makeup artist and sells beauty products.<\/span><\/p>\n<p><span style=\"font-weight: 400;\">Mario is a cancer survivor and he considers this scholarship as a second opportunity for him to make his dream come true: to study film and television direction and have the means to share his personal story to all.<\/span><\/p>\n<p><span style=\"font-weight: 400;\"><strong>Belkis Xiomara Correa<\/strong> from C\u00facuta came in third place. She lives with her mother Blanca Yaneth, an entrepreneur who is a catalog vendor as well as seller of tamales and frozen delights. Belkis wants to study early childhood learning because she wishes to \u201cteach children with love so they can grow happily and not go through so many hardships that I had to experience in my home.\u201d<\/span><\/p>\n<blockquote><p><span style=\"font-weight: 400;\">Education is &#8220;key for people&#8217;s progress and for society&#8217;s development&#8221;. Carlos Torres Vila, BBVA chairman<\/span><\/p><\/blockquote>\n<p><span style=\"font-weight: 400;\"><strong>\u00c1ngela Karina S\u00e1nchez<\/strong> also wants to be a teacher. She has five siblings and is the child of Adolfo S\u00e1nchez (52), owner of a vulcanizing shop, whose biggest dream is for his daughter to study whatever she wishes and see her turn into a professional.<\/span><\/p>\n<p><span style=\"font-weight: 400;\"><strong>Luisa Fernanda Bautista<\/strong> is from R\u00e1quira (Boyac\u00e1) and is very much inclined to study health sciences. She is the daughter of Blanca Reyes, a craftswoman for 17 years and a mother of four. One of her children has special needs and this has inspired Luisa Fernanda to earn a degree that would support his care and well-being.<\/span><\/p>\n<div id=\"attachment_35088\" style=\"width: 1782px\" class=\"wp-caption aligncenter\"><img loading=\"lazy\" decoding=\"async\" aria-describedby=\"caption-attachment-35088\" class=\"wp-image-35088 size-full\" src=\"https:\/\/www.fundacionmicrofinanzasbbva.org\/wp-content\/uploads\/2021\/11\/CTV-con-becados-Transformando-Realidades.jpg\" alt=\"beca educativa\" width=\"1772\" height=\"1183\" srcset=\"https:\/\/www.fundacionmicrofinanzasbbva.org\/wp-content\/uploads\/2021\/11\/CTV-con-becados-Transformando-Realidades.jpg 1772w, https:\/\/www.fundacionmicrofinanzasbbva.org\/wp-content\/uploads\/2021\/11\/CTV-con-becados-Transformando-Realidades-180x120.jpg 180w, https:\/\/www.fundacionmicrofinanzasbbva.org\/wp-content\/uploads\/2021\/11\/CTV-con-becados-Transformando-Realidades-768x513.jpg 768w, https:\/\/www.fundacionmicrofinanzasbbva.org\/wp-content\/uploads\/2021\/11\/CTV-con-becados-Transformando-Realidades-1024x684.jpg 1024w\" sizes=\"auto, (max-width: 1772px) 100vw, 1772px\" \/><p id=\"caption-attachment-35088\" class=\"wp-caption-text\">BBVA chairman with the Transformando Realidades scholarship awardees<\/p><\/div>\n<p><span style=\"font-weight: 400;\">Parents\u2019 effort to give their children a better future is the main driver of this initiative, knowing that the opportunity for them to receive college education transforms the reality of the whole family.<\/span><\/p>\n<p><span style=\"font-weight: 400;\">As Carlos Torres Vila mentioned during his speech, <strong>\u201cThere is no greater legacy for our children than education.\u201d<\/strong><\/span><\/p>\n<p>&nbsp;<\/p>\n","protected":false},"excerpt":{"rendered":"<p>The 2030 Agenda defines quality education as key to abandon poverty and achieve socioeconomic progress for the student and their family, as well as to&#8230;  <a class=\"excerpt-read-more\" href=\"https:\/\/www.fundacionmicrofinanzasbbva.org\/en\/el-presidente-de-bbva-visita-a-emprendedores-de-la-fmbbva-lider-mundial-en-contribucion-al-desarrollo-en-latinoamerica\/\" title=\"Read BBVA chairman visits entrepreneurs supported by BBVAMF, global leader in contribution to development in Latin America\">Read more &raquo;<\/a><\/p>\n","protected":false},"author":13,"featured_media":35109,"comment_status":"closed","ping_status":"closed","sticky":false,"template":"","format":"standard","meta":{"_acf_changed":false,"footnotes":""},"categories":[1437],"tags":[1244,2066,2054],"class_list":["post-35185","post","type-post","status-publish","format-standard","has-post-thumbnail","hentry","category-news","tag-microfinance","tag-sdg-4","tag-sustainable-development","paises-colombia","paises-peru"],"acf":[],"yoast_head":"<!-- This site is optimized with the Yoast SEO plugin v26.8 - https:\/\/yoast.com\/product\/yoast-seo-wordpress\/ -->\n<title>BBVA chairman with entrepreneurs in Peru and with students Colombia<\/title>\n<meta name=\"description\" content=\"Carlos Torres Vila learns about BBVAMF&#039;s work and how it contributes to the development of the most vulnerable populations in Latin America\" \/>\n<meta name=\"robots\" content=\"index, follow, max-snippet:-1, max-image-preview:large, max-video-preview:-1\" \/>\n<link rel=\"canonical\" href=\"https:\/\/www.fundacionmicrofinanzasbbva.org\/en\/el-presidente-de-bbva-visita-a-emprendedores-de-la-fmbbva-lider-mundial-en-contribucion-al-desarrollo-en-latinoamerica\/\" \/>\n<meta property=\"og:locale\" content=\"en_US\" \/>\n<meta property=\"og:type\" content=\"article\" \/>\n<meta property=\"og:title\" content=\"BBVA chairman with entrepreneurs in Peru and with students Colombia\" \/>\n<meta property=\"og:description\" content=\"Carlos Torres Vila learns about BBVAMF&#039;s work and how it contributes to the development of the most vulnerable populations in Latin America\" \/>\n<meta property=\"og:url\" content=\"https:\/\/www.fundacionmicrofinanzasbbva.org\/en\/el-presidente-de-bbva-visita-a-emprendedores-de-la-fmbbva-lider-mundial-en-contribucion-al-desarrollo-en-latinoamerica\/\" \/>\n<meta property=\"og:site_name\" content=\"Fundaci\u00f3n Microfinanzas BBVA\" \/>\n<meta property=\"article:publisher\" content=\"https:\/\/www.facebook.com\/fundacionmicrofinanzasbbva\/\" \/>\n<meta property=\"article:published_time\" content=\"2021-12-07T09:07:41+00:00\" \/>\n<meta property=\"article:modified_time\" content=\"2021-12-17T14:36:05+00:00\" \/>\n<meta property=\"og:image\" content=\"https:\/\/www.fundacionmicrofinanzasbbva.org\/wp-content\/uploads\/2021\/12\/CTV-con-emprendedora-M.-del-Carmen-Trejo-PERU-1.jpg\" \/>\n\t<meta property=\"og:image:width\" content=\"1417\" \/>\n\t<meta property=\"og:image:height\" content=\"946\" \/>\n\t<meta property=\"og:image:type\" content=\"image\/jpeg\" \/>\n<meta name=\"author\" content=\"Karessa Ramos\" \/>\n<meta name=\"twitter:card\" content=\"summary_large_image\" \/>\n<meta name=\"twitter:creator\" content=\"@FMBBVA\" \/>\n<meta name=\"twitter:site\" content=\"@FMBBVA\" \/>\n<meta name=\"twitter:label1\" content=\"Written by\" \/>\n\t<meta name=\"twitter:data1\" content=\"Karessa Ramos\" \/>\n\t<meta name=\"twitter:label2\" content=\"Est. reading time\" \/>\n\t<meta name=\"twitter:data2\" content=\"7 minutes\" \/>\n<script type=\"application\/ld+json\" class=\"yoast-schema-graph\">{\"@context\":\"https:\/\/schema.org\",\"@graph\":[{\"@type\":\"Article\",\"@id\":\"https:\/\/www.fundacionmicrofinanzasbbva.org\/en\/el-presidente-de-bbva-visita-a-emprendedores-de-la-fmbbva-lider-mundial-en-contribucion-al-desarrollo-en-latinoamerica\/#article\",\"isPartOf\":{\"@id\":\"https:\/\/www.fundacionmicrofinanzasbbva.org\/en\/el-presidente-de-bbva-visita-a-emprendedores-de-la-fmbbva-lider-mundial-en-contribucion-al-desarrollo-en-latinoamerica\/\"},\"author\":{\"name\":\"Karessa Ramos\",\"@id\":\"https:\/\/www.fundacionmicrofinanzasbbva.org\/en\/#\/schema\/person\/dcc08d9d413af1c947cd093804347ac6\"},\"headline\":\"BBVA chairman visits entrepreneurs supported by BBVAMF, global leader in contribution to development in Latin America\",\"datePublished\":\"2021-12-07T09:07:41+00:00\",\"dateModified\":\"2021-12-17T14:36:05+00:00\",\"mainEntityOfPage\":{\"@id\":\"https:\/\/www.fundacionmicrofinanzasbbva.org\/en\/el-presidente-de-bbva-visita-a-emprendedores-de-la-fmbbva-lider-mundial-en-contribucion-al-desarrollo-en-latinoamerica\/\"},\"wordCount\":1330,\"publisher\":{\"@id\":\"https:\/\/www.fundacionmicrofinanzasbbva.org\/en\/#organization\"},\"image\":{\"@id\":\"https:\/\/www.fundacionmicrofinanzasbbva.org\/en\/el-presidente-de-bbva-visita-a-emprendedores-de-la-fmbbva-lider-mundial-en-contribucion-al-desarrollo-en-latinoamerica\/#primaryimage\"},\"thumbnailUrl\":\"https:\/\/www.fundacionmicrofinanzasbbva.org\/wp-content\/uploads\/2021\/12\/CTV-con-emprendedora-M.-del-Carmen-Trejo-PERU-1.jpg\",\"keywords\":[\"Microfinance\",\"SDG 4\",\"Sustainable Development\"],\"articleSection\":[\"News\"],\"inLanguage\":\"en-US\"},{\"@type\":\"WebPage\",\"@id\":\"https:\/\/www.fundacionmicrofinanzasbbva.org\/en\/el-presidente-de-bbva-visita-a-emprendedores-de-la-fmbbva-lider-mundial-en-contribucion-al-desarrollo-en-latinoamerica\/\",\"url\":\"https:\/\/www.fundacionmicrofinanzasbbva.org\/en\/el-presidente-de-bbva-visita-a-emprendedores-de-la-fmbbva-lider-mundial-en-contribucion-al-desarrollo-en-latinoamerica\/\",\"name\":\"BBVA chairman with entrepreneurs in Peru and with students Colombia\",\"isPartOf\":{\"@id\":\"https:\/\/www.fundacionmicrofinanzasbbva.org\/en\/#website\"},\"primaryImageOfPage\":{\"@id\":\"https:\/\/www.fundacionmicrofinanzasbbva.org\/en\/el-presidente-de-bbva-visita-a-emprendedores-de-la-fmbbva-lider-mundial-en-contribucion-al-desarrollo-en-latinoamerica\/#primaryimage\"},\"image\":{\"@id\":\"https:\/\/www.fundacionmicrofinanzasbbva.org\/en\/el-presidente-de-bbva-visita-a-emprendedores-de-la-fmbbva-lider-mundial-en-contribucion-al-desarrollo-en-latinoamerica\/#primaryimage\"},\"thumbnailUrl\":\"https:\/\/www.fundacionmicrofinanzasbbva.org\/wp-content\/uploads\/2021\/12\/CTV-con-emprendedora-M.-del-Carmen-Trejo-PERU-1.jpg\",\"datePublished\":\"2021-12-07T09:07:41+00:00\",\"dateModified\":\"2021-12-17T14:36:05+00:00\",\"description\":\"Carlos Torres Vila learns about BBVAMF's work and how it contributes to the development of the most vulnerable populations in Latin America\",\"breadcrumb\":{\"@id\":\"https:\/\/www.fundacionmicrofinanzasbbva.org\/en\/el-presidente-de-bbva-visita-a-emprendedores-de-la-fmbbva-lider-mundial-en-contribucion-al-desarrollo-en-latinoamerica\/#breadcrumb\"},\"inLanguage\":\"en-US\",\"potentialAction\":[{\"@type\":\"ReadAction\",\"target\":[\"https:\/\/www.fundacionmicrofinanzasbbva.org\/en\/el-presidente-de-bbva-visita-a-emprendedores-de-la-fmbbva-lider-mundial-en-contribucion-al-desarrollo-en-latinoamerica\/\"]}]},{\"@type\":\"ImageObject\",\"inLanguage\":\"en-US\",\"@id\":\"https:\/\/www.fundacionmicrofinanzasbbva.org\/en\/el-presidente-de-bbva-visita-a-emprendedores-de-la-fmbbva-lider-mundial-en-contribucion-al-desarrollo-en-latinoamerica\/#primaryimage\",\"url\":\"https:\/\/www.fundacionmicrofinanzasbbva.org\/wp-content\/uploads\/2021\/12\/CTV-con-emprendedora-M.-del-Carmen-Trejo-PERU-1.jpg\",\"contentUrl\":\"https:\/\/www.fundacionmicrofinanzasbbva.org\/wp-content\/uploads\/2021\/12\/CTV-con-emprendedora-M.-del-Carmen-Trejo-PERU-1.jpg\",\"width\":1417,\"height\":946,\"caption\":\"CTV con emprendedora M. del Carmen Trejo PERU\"},{\"@type\":\"BreadcrumbList\",\"@id\":\"https:\/\/www.fundacionmicrofinanzasbbva.org\/en\/el-presidente-de-bbva-visita-a-emprendedores-de-la-fmbbva-lider-mundial-en-contribucion-al-desarrollo-en-latinoamerica\/#breadcrumb\",\"itemListElement\":[{\"@type\":\"ListItem\",\"position\":1,\"name\":\"Home\",\"item\":\"https:\/\/www.fundacionmicrofinanzasbbva.org\/en\/\"},{\"@type\":\"ListItem\",\"position\":2,\"name\":\"Uncategorized\",\"item\":\"https:\/\/www.fundacionmicrofinanzasbbva.org\/en\/category\/uncategorized\/\"},{\"@type\":\"ListItem\",\"position\":3,\"name\":\"BBVA chairman visits entrepreneurs supported by BBVAMF, global leader in contribution to development in Latin America\"}]},{\"@type\":\"WebSite\",\"@id\":\"https:\/\/www.fundacionmicrofinanzasbbva.org\/en\/#website\",\"url\":\"https:\/\/www.fundacionmicrofinanzasbbva.org\/en\/\",\"name\":\"Fundaci\u00f3n Microfinanzas BBVA\",\"description\":\"Fundaci\u00f3n Microfinanzas BBVA\",\"publisher\":{\"@id\":\"https:\/\/www.fundacionmicrofinanzasbbva.org\/en\/#organization\"},\"alternateName\":\"Fundaci\u00f3n Microfinanzas BBVA\",\"potentialAction\":[{\"@type\":\"SearchAction\",\"target\":{\"@type\":\"EntryPoint\",\"urlTemplate\":\"https:\/\/www.fundacionmicrofinanzasbbva.org\/en\/?s={search_term_string}\"},\"query-input\":{\"@type\":\"PropertyValueSpecification\",\"valueRequired\":true,\"valueName\":\"search_term_string\"}}],\"inLanguage\":\"en-US\"},{\"@type\":\"Organization\",\"@id\":\"https:\/\/www.fundacionmicrofinanzasbbva.org\/en\/#organization\",\"name\":\"Fundaci\u00f3n Microfinanzas BBVA\",\"alternateName\":\"Fundaci\u00f3n Microfinanzas BBVA\",\"url\":\"https:\/\/www.fundacionmicrofinanzasbbva.org\/en\/\",\"logo\":{\"@type\":\"ImageObject\",\"inLanguage\":\"en-US\",\"@id\":\"https:\/\/www.fundacionmicrofinanzasbbva.org\/en\/#\/schema\/logo\/image\/\",\"url\":\"https:\/\/www.fundacionmicrofinanzasbbva.org\/wp-content\/uploads\/2017\/01\/favicon.png\",\"contentUrl\":\"https:\/\/www.fundacionmicrofinanzasbbva.org\/wp-content\/uploads\/2017\/01\/favicon.png\",\"width\":130,\"height\":130,\"caption\":\"Fundaci\u00f3n Microfinanzas BBVA\"},\"image\":{\"@id\":\"https:\/\/www.fundacionmicrofinanzasbbva.org\/en\/#\/schema\/logo\/image\/\"},\"sameAs\":[\"https:\/\/www.facebook.com\/fundacionmicrofinanzasbbva\/\",\"https:\/\/x.com\/FMBBVA\",\"https:\/\/www.linkedin.com\/company\/fundaci\u00f3n-microfinanzas-bbva\/\"]},{\"@type\":\"Person\",\"@id\":\"https:\/\/www.fundacionmicrofinanzasbbva.org\/en\/#\/schema\/person\/dcc08d9d413af1c947cd093804347ac6\",\"name\":\"Karessa Ramos\"}]}<\/script>\n<!-- \/ Yoast SEO plugin. -->","yoast_head_json":{"title":"BBVA chairman with entrepreneurs in Peru and with students Colombia","description":"Carlos Torres Vila learns about BBVAMF's work and how it contributes to the development of the most vulnerable populations in Latin America","robots":{"index":"index","follow":"follow","max-snippet":"max-snippet:-1","max-image-preview":"max-image-preview:large","max-video-preview":"max-video-preview:-1"},"canonical":"https:\/\/www.fundacionmicrofinanzasbbva.org\/en\/el-presidente-de-bbva-visita-a-emprendedores-de-la-fmbbva-lider-mundial-en-contribucion-al-desarrollo-en-latinoamerica\/","og_locale":"en_US","og_type":"article","og_title":"BBVA chairman with entrepreneurs in Peru and with students Colombia","og_description":"Carlos Torres Vila learns about BBVAMF's work and how it contributes to the development of the most vulnerable populations in Latin America","og_url":"https:\/\/www.fundacionmicrofinanzasbbva.org\/en\/el-presidente-de-bbva-visita-a-emprendedores-de-la-fmbbva-lider-mundial-en-contribucion-al-desarrollo-en-latinoamerica\/","og_site_name":"Fundaci\u00f3n Microfinanzas BBVA","article_publisher":"https:\/\/www.facebook.com\/fundacionmicrofinanzasbbva\/","article_published_time":"2021-12-07T09:07:41+00:00","article_modified_time":"2021-12-17T14:36:05+00:00","og_image":[{"width":1417,"height":946,"url":"https:\/\/www.fundacionmicrofinanzasbbva.org\/wp-content\/uploads\/2021\/12\/CTV-con-emprendedora-M.-del-Carmen-Trejo-PERU-1.jpg","type":"image\/jpeg"}],"author":"Karessa Ramos","twitter_card":"summary_large_image","twitter_creator":"@FMBBVA","twitter_site":"@FMBBVA","twitter_misc":{"Written by":"Karessa Ramos","Est. reading time":"7 minutes"},"schema":{"@context":"https:\/\/schema.org","@graph":[{"@type":"Article","@id":"https:\/\/www.fundacionmicrofinanzasbbva.org\/en\/el-presidente-de-bbva-visita-a-emprendedores-de-la-fmbbva-lider-mundial-en-contribucion-al-desarrollo-en-latinoamerica\/#article","isPartOf":{"@id":"https:\/\/www.fundacionmicrofinanzasbbva.org\/en\/el-presidente-de-bbva-visita-a-emprendedores-de-la-fmbbva-lider-mundial-en-contribucion-al-desarrollo-en-latinoamerica\/"},"author":{"name":"Karessa Ramos","@id":"https:\/\/www.fundacionmicrofinanzasbbva.org\/en\/#\/schema\/person\/dcc08d9d413af1c947cd093804347ac6"},"headline":"BBVA chairman visits entrepreneurs supported by BBVAMF, global leader in contribution to development in Latin America","datePublished":"2021-12-07T09:07:41+00:00","dateModified":"2021-12-17T14:36:05+00:00","mainEntityOfPage":{"@id":"https:\/\/www.fundacionmicrofinanzasbbva.org\/en\/el-presidente-de-bbva-visita-a-emprendedores-de-la-fmbbva-lider-mundial-en-contribucion-al-desarrollo-en-latinoamerica\/"},"wordCount":1330,"publisher":{"@id":"https:\/\/www.fundacionmicrofinanzasbbva.org\/en\/#organization"},"image":{"@id":"https:\/\/www.fundacionmicrofinanzasbbva.org\/en\/el-presidente-de-bbva-visita-a-emprendedores-de-la-fmbbva-lider-mundial-en-contribucion-al-desarrollo-en-latinoamerica\/#primaryimage"},"thumbnailUrl":"https:\/\/www.fundacionmicrofinanzasbbva.org\/wp-content\/uploads\/2021\/12\/CTV-con-emprendedora-M.-del-Carmen-Trejo-PERU-1.jpg","keywords":["Microfinance","SDG 4","Sustainable Development"],"articleSection":["News"],"inLanguage":"en-US"},{"@type":"WebPage","@id":"https:\/\/www.fundacionmicrofinanzasbbva.org\/en\/el-presidente-de-bbva-visita-a-emprendedores-de-la-fmbbva-lider-mundial-en-contribucion-al-desarrollo-en-latinoamerica\/","url":"https:\/\/www.fundacionmicrofinanzasbbva.org\/en\/el-presidente-de-bbva-visita-a-emprendedores-de-la-fmbbva-lider-mundial-en-contribucion-al-desarrollo-en-latinoamerica\/","name":"BBVA chairman with entrepreneurs in Peru and with students Colombia","isPartOf":{"@id":"https:\/\/www.fundacionmicrofinanzasbbva.org\/en\/#website"},"primaryImageOfPage":{"@id":"https:\/\/www.fundacionmicrofinanzasbbva.org\/en\/el-presidente-de-bbva-visita-a-emprendedores-de-la-fmbbva-lider-mundial-en-contribucion-al-desarrollo-en-latinoamerica\/#primaryimage"},"image":{"@id":"https:\/\/www.fundacionmicrofinanzasbbva.org\/en\/el-presidente-de-bbva-visita-a-emprendedores-de-la-fmbbva-lider-mundial-en-contribucion-al-desarrollo-en-latinoamerica\/#primaryimage"},"thumbnailUrl":"https:\/\/www.fundacionmicrofinanzasbbva.org\/wp-content\/uploads\/2021\/12\/CTV-con-emprendedora-M.-del-Carmen-Trejo-PERU-1.jpg","datePublished":"2021-12-07T09:07:41+00:00","dateModified":"2021-12-17T14:36:05+00:00","description":"Carlos Torres Vila learns about BBVAMF's work and how it contributes to the development of the most vulnerable populations in Latin America","breadcrumb":{"@id":"https:\/\/www.fundacionmicrofinanzasbbva.org\/en\/el-presidente-de-bbva-visita-a-emprendedores-de-la-fmbbva-lider-mundial-en-contribucion-al-desarrollo-en-latinoamerica\/#breadcrumb"},"inLanguage":"en-US","potentialAction":[{"@type":"ReadAction","target":["https:\/\/www.fundacionmicrofinanzasbbva.org\/en\/el-presidente-de-bbva-visita-a-emprendedores-de-la-fmbbva-lider-mundial-en-contribucion-al-desarrollo-en-latinoamerica\/"]}]},{"@type":"ImageObject","inLanguage":"en-US","@id":"https:\/\/www.fundacionmicrofinanzasbbva.org\/en\/el-presidente-de-bbva-visita-a-emprendedores-de-la-fmbbva-lider-mundial-en-contribucion-al-desarrollo-en-latinoamerica\/#primaryimage","url":"https:\/\/www.fundacionmicrofinanzasbbva.org\/wp-content\/uploads\/2021\/12\/CTV-con-emprendedora-M.-del-Carmen-Trejo-PERU-1.jpg","contentUrl":"https:\/\/www.fundacionmicrofinanzasbbva.org\/wp-content\/uploads\/2021\/12\/CTV-con-emprendedora-M.-del-Carmen-Trejo-PERU-1.jpg","width":1417,"height":946,"caption":"CTV con emprendedora M. del Carmen Trejo PERU"},{"@type":"BreadcrumbList","@id":"https:\/\/www.fundacionmicrofinanzasbbva.org\/en\/el-presidente-de-bbva-visita-a-emprendedores-de-la-fmbbva-lider-mundial-en-contribucion-al-desarrollo-en-latinoamerica\/#breadcrumb","itemListElement":[{"@type":"ListItem","position":1,"name":"Home","item":"https:\/\/www.fundacionmicrofinanzasbbva.org\/en\/"},{"@type":"ListItem","position":2,"name":"Uncategorized","item":"https:\/\/www.fundacionmicrofinanzasbbva.org\/en\/category\/uncategorized\/"},{"@type":"ListItem","position":3,"name":"BBVA chairman visits entrepreneurs supported by BBVAMF, global leader in contribution to development in Latin America"}]},{"@type":"WebSite","@id":"https:\/\/www.fundacionmicrofinanzasbbva.org\/en\/#website","url":"https:\/\/www.fundacionmicrofinanzasbbva.org\/en\/","name":"Fundaci\u00f3n Microfinanzas BBVA","description":"Fundaci\u00f3n Microfinanzas BBVA","publisher":{"@id":"https:\/\/www.fundacionmicrofinanzasbbva.org\/en\/#organization"},"alternateName":"Fundaci\u00f3n Microfinanzas BBVA","potentialAction":[{"@type":"SearchAction","target":{"@type":"EntryPoint","urlTemplate":"https:\/\/www.fundacionmicrofinanzasbbva.org\/en\/?s={search_term_string}"},"query-input":{"@type":"PropertyValueSpecification","valueRequired":true,"valueName":"search_term_string"}}],"inLanguage":"en-US"},{"@type":"Organization","@id":"https:\/\/www.fundacionmicrofinanzasbbva.org\/en\/#organization","name":"Fundaci\u00f3n Microfinanzas BBVA","alternateName":"Fundaci\u00f3n Microfinanzas BBVA","url":"https:\/\/www.fundacionmicrofinanzasbbva.org\/en\/","logo":{"@type":"ImageObject","inLanguage":"en-US","@id":"https:\/\/www.fundacionmicrofinanzasbbva.org\/en\/#\/schema\/logo\/image\/","url":"https:\/\/www.fundacionmicrofinanzasbbva.org\/wp-content\/uploads\/2017\/01\/favicon.png","contentUrl":"https:\/\/www.fundacionmicrofinanzasbbva.org\/wp-content\/uploads\/2017\/01\/favicon.png","width":130,"height":130,"caption":"Fundaci\u00f3n Microfinanzas BBVA"},"image":{"@id":"https:\/\/www.fundacionmicrofinanzasbbva.org\/en\/#\/schema\/logo\/image\/"},"sameAs":["https:\/\/www.facebook.com\/fundacionmicrofinanzasbbva\/","https:\/\/x.com\/FMBBVA","https:\/\/www.linkedin.com\/company\/fundaci\u00f3n-microfinanzas-bbva\/"]},{"@type":"Person","@id":"https:\/\/www.fundacionmicrofinanzasbbva.org\/en\/#\/schema\/person\/dcc08d9d413af1c947cd093804347ac6","name":"Karessa Ramos"}]}},"_links":{"self":[{"href":"https:\/\/www.fundacionmicrofinanzasbbva.org\/en\/wp-json\/wp\/v2\/posts\/35185","targetHints":{"allow":["GET"]}}],"collection":[{"href":"https:\/\/www.fundacionmicrofinanzasbbva.org\/en\/wp-json\/wp\/v2\/posts"}],"about":[{"href":"https:\/\/www.fundacionmicrofinanzasbbva.org\/en\/wp-json\/wp\/v2\/types\/post"}],"author":[{"embeddable":true,"href":"https:\/\/www.fundacionmicrofinanzasbbva.org\/en\/wp-json\/wp\/v2\/users\/13"}],"replies":[{"embeddable":true,"href":"https:\/\/www.fundacionmicrofinanzasbbva.org\/en\/wp-json\/wp\/v2\/comments?post=35185"}],"version-history":[{"count":0,"href":"https:\/\/www.fundacionmicrofinanzasbbva.org\/en\/wp-json\/wp\/v2\/posts\/35185\/revisions"}],"wp:featuredmedia":[{"embeddable":true,"href":"https:\/\/www.fundacionmicrofinanzasbbva.org\/en\/wp-json\/wp\/v2\/media\/35109"}],"wp:attachment":[{"href":"https:\/\/www.fundacionmicrofinanzasbbva.org\/en\/wp-json\/wp\/v2\/media?parent=35185"}],"wp:term":[{"taxonomy":"category","embeddable":true,"href":"https:\/\/www.fundacionmicrofinanzasbbva.org\/en\/wp-json\/wp\/v2\/categories?post=35185"},{"taxonomy":"post_tag","embeddable":true,"href":"https:\/\/www.fundacionmicrofinanzasbbva.org\/en\/wp-json\/wp\/v2\/tags?post=35185"}],"curies":[{"name":"wp","href":"https:\/\/api.w.org\/{rel}","templated":true}]}}