{"id":25909,"date":"2019-06-27T19:18:44","date_gmt":"2019-06-27T17:18:44","guid":{"rendered":"http:\/\/www.fundacionmicrofinanzasbbva.org\/en\/tecnologia-proposito-impacto-social-la-empresa-la-digital\/"},"modified":"2019-07-15T09:32:47","modified_gmt":"2019-07-15T07:32:47","slug":"tecnologia-proposito-impacto-social-la-empresa-la-digital","status":"publish","type":"post","link":"https:\/\/www.fundacionmicrofinanzasbbva.org\/en\/tecnologia-proposito-impacto-social-la-empresa-la-digital\/","title":{"rendered":"Technology with a purpose: Social impact of companies in the digital era"},"content":{"rendered":"<p>BBVA Microfinance Foundation (BBVAMF) takes part in the conferece <strong>\u201cTechnology with a purpose: Social impact of companies in the digital era\u201d<\/strong>, organized by the<a href=\"https:\/\/www.empresascontralapobreza.org\/\" target=\"_blank\" rel=\"noopener\"> <em>Observatorio Empresarial contra la Pobreza<\/em> (Corporate Observatory against Poverty)<\/a>, created by Codespa Foundation. To be presented on this occasion are the conclusions of its latest report, which includes recommendations for companies and organizations so they could harness new technologies to boost their growth. Giovanni di Pl\u00e1cido, director for Analysis &amp; Research at BBVAMF, contributed in this publication by discussing the Foundation\u2019s digitalization strategy.<\/p>\n<p>Joao Costa, BBVA Microfinance Foundation\u2019s director for Technology &amp; Data, joins the panel <strong>Technology with a purpose and social digital innovation<\/strong>, focused on how technology could contribute to SDG and the reduce inequality.<\/p>\n<p>&nbsp;<\/p>\n<img loading=\"lazy\" decoding=\"async\" class=\"aligncenter wp-image-25611 \" src=\"http:\/\/www.fundacionmicrofinanzasbbva.org\/wp-content\/uploads\/2019\/06\/Tecnolog\u00eda-con-prop\u00f3sito-180x223.jpg\" alt=\"\" width=\"201\" height=\"249\" srcset=\"https:\/\/www.fundacionmicrofinanzasbbva.org\/wp-content\/uploads\/2019\/06\/Tecnolog\u00eda-con-prop\u00f3sito-180x223.jpg 180w, https:\/\/www.fundacionmicrofinanzasbbva.org\/wp-content\/uploads\/2019\/06\/Tecnolog\u00eda-con-prop\u00f3sito.jpg 359w\" sizes=\"auto, (max-width: 201px) 100vw, 201px\" \/>\n<p>&nbsp;<\/p>\n<div><\/div>\n<div><\/div>\n<div><\/div>\n<div><\/div>\n<div><a href=\"http:\/\/www.fundacionmicrofinanzasbbva.org\/en\/tecnologia-proposito-avanzar-desarrollo-sostenible\/\"><strong>Read related news here<\/strong><\/a><\/div>\n","protected":false},"excerpt":{"rendered":"<p>BBVA Microfinance Foundation (BBVAMF) takes part in the conferece \u201cTechnology with a purpose: Social impact of companies in the digital era\u201d, organized by the Observatorio&#8230;  <a class=\"excerpt-read-more\" href=\"https:\/\/www.fundacionmicrofinanzasbbva.org\/en\/tecnologia-proposito-impacto-social-la-empresa-la-digital\/\" title=\"Read Technology with a purpose: Social impact of companies in the digital era\">Read more &raquo;<\/a><\/p>\n","protected":false},"author":4,"featured_media":21158,"comment_status":"closed","ping_status":"closed","sticky":false,"template":"","format":"standard","meta":{"_acf_changed":false,"footnotes":""},"categories":[1442],"tags":[3238,3256,409,2874,2952,2330,2340,480,1298,3258,3259,3237,3257],"class_list":["post-25909","post","type-post","status-publish","format-standard","has-post-thumbnail","hentry","category-events","tag-fundacion-codespa","tag-fundacion-codespa-en","tag-impacto-social","tag-joao-costa","tag-joao-costa-en","tag-observatorio-empresarial-contra-la-pobreza","tag-observatorio-empresarial-contra-la-pobreza-en","tag-ods","tag-sdg","tag-social-impact","tag-technology-with-a-purpose","tag-tecnologia-con-proposito","tag-tecnologia-con-proposito-en"],"acf":[],"yoast_head":"<!-- This site is optimized with the Yoast SEO plugin v27.4 - https:\/\/yoast.com\/product\/yoast-seo-wordpress\/ -->\n<title>Technology with a purpose: Social impact of companies in the digital era - Fundaci\u00f3n Microfinanzas BBVA<\/title>\n<meta name=\"robots\" content=\"index, follow, max-snippet:-1, max-image-preview:large, max-video-preview:-1\" \/>\n<link rel=\"canonical\" href=\"https:\/\/www.fundacionmicrofinanzasbbva.org\/en\/tecnologia-proposito-impacto-social-la-empresa-la-digital\/\" \/>\n<meta property=\"og:locale\" content=\"en_US\" \/>\n<meta property=\"og:type\" content=\"article\" \/>\n<meta property=\"og:title\" content=\"Technology with a purpose: Social impact of companies in the digital era - Fundaci\u00f3n Microfinanzas BBVA\" \/>\n<meta property=\"og:description\" content=\"BBVA Microfinance Foundation (BBVAMF) takes part in the conferece \u201cTechnology with a purpose: Social impact of companies in the digital era\u201d, organized by the Observatorio... Read more &raquo;\" \/>\n<meta property=\"og:url\" content=\"https:\/\/www.fundacionmicrofinanzasbbva.org\/en\/tecnologia-proposito-impacto-social-la-empresa-la-digital\/\" \/>\n<meta property=\"og:site_name\" content=\"Fundaci\u00f3n Microfinanzas BBVA\" \/>\n<meta property=\"article:publisher\" content=\"https:\/\/www.facebook.com\/fundacionmicrofinanzasbbva\/\" \/>\n<meta property=\"article:published_time\" content=\"2019-06-27T17:18:44+00:00\" \/>\n<meta property=\"article:modified_time\" content=\"2019-07-15T07:32:47+00:00\" \/>\n<meta property=\"og:image\" content=\"https:\/\/www.fundacionmicrofinanzasbbva.org\/wp-content\/uploads\/2018\/09\/educaci\u00f3n-financiera-y-tecnolog\u00eda-copia-1024x424.jpg\" \/>\n\t<meta property=\"og:image:width\" content=\"1024\" \/>\n\t<meta property=\"og:image:height\" content=\"424\" \/>\n\t<meta property=\"og:image:type\" content=\"image\/jpeg\" \/>\n<meta name=\"author\" content=\"Cristina Gonz\u00e1lez del Pino\" \/>\n<meta name=\"twitter:card\" content=\"summary_large_image\" \/>\n<meta name=\"twitter:creator\" content=\"@FMBBVA\" \/>\n<meta name=\"twitter:site\" content=\"@FMBBVA\" \/>\n<meta name=\"twitter:label1\" content=\"Written by\" \/>\n\t<meta name=\"twitter:data1\" content=\"Cristina Gonz\u00e1lez del Pino\" \/>\n\t<meta name=\"twitter:label2\" content=\"Est. reading time\" \/>\n\t<meta name=\"twitter:data2\" content=\"1 minute\" \/>\n<script type=\"application\/ld+json\" class=\"yoast-schema-graph\">{\"@context\":\"https:\\\/\\\/schema.org\",\"@graph\":[{\"@type\":\"Article\",\"@id\":\"https:\\\/\\\/www.fundacionmicrofinanzasbbva.org\\\/en\\\/tecnologia-proposito-impacto-social-la-empresa-la-digital\\\/#article\",\"isPartOf\":{\"@id\":\"https:\\\/\\\/www.fundacionmicrofinanzasbbva.org\\\/en\\\/tecnologia-proposito-impacto-social-la-empresa-la-digital\\\/\"},\"author\":{\"name\":\"Cristina Gonz\u00e1lez del Pino\",\"@id\":\"https:\\\/\\\/www.fundacionmicrofinanzasbbva.org\\\/en\\\/#\\\/schema\\\/person\\\/dec388562364c12a5d138bc73a9601ab\"},\"headline\":\"Technology with a purpose: Social impact of companies in the digital era\",\"datePublished\":\"2019-06-27T17:18:44+00:00\",\"dateModified\":\"2019-07-15T07:32:47+00:00\",\"mainEntityOfPage\":{\"@id\":\"https:\\\/\\\/www.fundacionmicrofinanzasbbva.org\\\/en\\\/tecnologia-proposito-impacto-social-la-empresa-la-digital\\\/\"},\"wordCount\":141,\"publisher\":{\"@id\":\"https:\\\/\\\/www.fundacionmicrofinanzasbbva.org\\\/en\\\/#organization\"},\"image\":{\"@id\":\"https:\\\/\\\/www.fundacionmicrofinanzasbbva.org\\\/en\\\/tecnologia-proposito-impacto-social-la-empresa-la-digital\\\/#primaryimage\"},\"thumbnailUrl\":\"https:\\\/\\\/www.fundacionmicrofinanzasbbva.org\\\/wp-content\\\/uploads\\\/2018\\\/09\\\/educaci\u00f3n-financiera-y-tecnolog\u00eda-copia.jpg\",\"keywords\":[\"Fundaci\u00f3n CODESPA\",\"Fundaci\u00f3n CODESPA\",\"impacto social\",\"Joao Costa\",\"Joao Costa\",\"Observatorio Empresarial contra la Pobreza\",\"Observatorio Empresarial contra la Pobreza\",\"ODS\",\"SDG\",\"social impact\",\"Technology with a purpose\",\"Tecnolog\u00eda con prop\u00f3sito\",\"Tecnolog\u00eda con prop\u00f3sito\"],\"articleSection\":[\"Events\"],\"inLanguage\":\"en-US\"},{\"@type\":\"WebPage\",\"@id\":\"https:\\\/\\\/www.fundacionmicrofinanzasbbva.org\\\/en\\\/tecnologia-proposito-impacto-social-la-empresa-la-digital\\\/\",\"url\":\"https:\\\/\\\/www.fundacionmicrofinanzasbbva.org\\\/en\\\/tecnologia-proposito-impacto-social-la-empresa-la-digital\\\/\",\"name\":\"Technology with a purpose: Social impact of companies in the digital era - Fundaci\u00f3n Microfinanzas BBVA\",\"isPartOf\":{\"@id\":\"https:\\\/\\\/www.fundacionmicrofinanzasbbva.org\\\/en\\\/#website\"},\"primaryImageOfPage\":{\"@id\":\"https:\\\/\\\/www.fundacionmicrofinanzasbbva.org\\\/en\\\/tecnologia-proposito-impacto-social-la-empresa-la-digital\\\/#primaryimage\"},\"image\":{\"@id\":\"https:\\\/\\\/www.fundacionmicrofinanzasbbva.org\\\/en\\\/tecnologia-proposito-impacto-social-la-empresa-la-digital\\\/#primaryimage\"},\"thumbnailUrl\":\"https:\\\/\\\/www.fundacionmicrofinanzasbbva.org\\\/wp-content\\\/uploads\\\/2018\\\/09\\\/educaci\u00f3n-financiera-y-tecnolog\u00eda-copia.jpg\",\"datePublished\":\"2019-06-27T17:18:44+00:00\",\"dateModified\":\"2019-07-15T07:32:47+00:00\",\"breadcrumb\":{\"@id\":\"https:\\\/\\\/www.fundacionmicrofinanzasbbva.org\\\/en\\\/tecnologia-proposito-impacto-social-la-empresa-la-digital\\\/#breadcrumb\"},\"inLanguage\":\"en-US\",\"potentialAction\":[{\"@type\":\"ReadAction\",\"target\":[\"https:\\\/\\\/www.fundacionmicrofinanzasbbva.org\\\/en\\\/tecnologia-proposito-impacto-social-la-empresa-la-digital\\\/\"]}]},{\"@type\":\"ImageObject\",\"inLanguage\":\"en-US\",\"@id\":\"https:\\\/\\\/www.fundacionmicrofinanzasbbva.org\\\/en\\\/tecnologia-proposito-impacto-social-la-empresa-la-digital\\\/#primaryimage\",\"url\":\"https:\\\/\\\/www.fundacionmicrofinanzasbbva.org\\\/wp-content\\\/uploads\\\/2018\\\/09\\\/educaci\u00f3n-financiera-y-tecnolog\u00eda-copia.jpg\",\"contentUrl\":\"https:\\\/\\\/www.fundacionmicrofinanzasbbva.org\\\/wp-content\\\/uploads\\\/2018\\\/09\\\/educaci\u00f3n-financiera-y-tecnolog\u00eda-copia.jpg\",\"width\":6000,\"height\":2486},{\"@type\":\"BreadcrumbList\",\"@id\":\"https:\\\/\\\/www.fundacionmicrofinanzasbbva.org\\\/en\\\/tecnologia-proposito-impacto-social-la-empresa-la-digital\\\/#breadcrumb\",\"itemListElement\":[{\"@type\":\"ListItem\",\"position\":1,\"name\":\"Home\",\"item\":\"https:\\\/\\\/www.fundacionmicrofinanzasbbva.org\\\/en\\\/\"},{\"@type\":\"ListItem\",\"position\":2,\"name\":\"Events\",\"item\":\"https:\\\/\\\/www.fundacionmicrofinanzasbbva.org\\\/en\\\/category\\\/events\\\/\"},{\"@type\":\"ListItem\",\"position\":3,\"name\":\"Technology with a purpose: Social impact of companies in the digital era\"}]},{\"@type\":\"WebSite\",\"@id\":\"https:\\\/\\\/www.fundacionmicrofinanzasbbva.org\\\/en\\\/#website\",\"url\":\"https:\\\/\\\/www.fundacionmicrofinanzasbbva.org\\\/en\\\/\",\"name\":\"Fundaci\u00f3n Microfinanzas BBVA\",\"description\":\"Fundaci\u00f3n Microfinanzas BBVA\",\"publisher\":{\"@id\":\"https:\\\/\\\/www.fundacionmicrofinanzasbbva.org\\\/en\\\/#organization\"},\"alternateName\":\"Fundaci\u00f3n Microfinanzas BBVA\",\"potentialAction\":[{\"@type\":\"SearchAction\",\"target\":{\"@type\":\"EntryPoint\",\"urlTemplate\":\"https:\\\/\\\/www.fundacionmicrofinanzasbbva.org\\\/en\\\/?s={search_term_string}\"},\"query-input\":{\"@type\":\"PropertyValueSpecification\",\"valueRequired\":true,\"valueName\":\"search_term_string\"}}],\"inLanguage\":\"en-US\"},{\"@type\":\"Organization\",\"@id\":\"https:\\\/\\\/www.fundacionmicrofinanzasbbva.org\\\/en\\\/#organization\",\"name\":\"Fundaci\u00f3n Microfinanzas BBVA\",\"alternateName\":\"Fundaci\u00f3n Microfinanzas BBVA\",\"url\":\"https:\\\/\\\/www.fundacionmicrofinanzasbbva.org\\\/en\\\/\",\"logo\":{\"@type\":\"ImageObject\",\"inLanguage\":\"en-US\",\"@id\":\"https:\\\/\\\/www.fundacionmicrofinanzasbbva.org\\\/en\\\/#\\\/schema\\\/logo\\\/image\\\/\",\"url\":\"https:\\\/\\\/www.fundacionmicrofinanzasbbva.org\\\/wp-content\\\/uploads\\\/2017\\\/01\\\/favicon.png\",\"contentUrl\":\"https:\\\/\\\/www.fundacionmicrofinanzasbbva.org\\\/wp-content\\\/uploads\\\/2017\\\/01\\\/favicon.png\",\"width\":130,\"height\":130,\"caption\":\"Fundaci\u00f3n Microfinanzas BBVA\"},\"image\":{\"@id\":\"https:\\\/\\\/www.fundacionmicrofinanzasbbva.org\\\/en\\\/#\\\/schema\\\/logo\\\/image\\\/\"},\"sameAs\":[\"https:\\\/\\\/www.facebook.com\\\/fundacionmicrofinanzasbbva\\\/\",\"https:\\\/\\\/x.com\\\/FMBBVA\",\"https:\\\/\\\/www.linkedin.com\\\/company\\\/fundaci\u00f3n-microfinanzas-bbva\\\/\"]},{\"@type\":\"Person\",\"@id\":\"https:\\\/\\\/www.fundacionmicrofinanzasbbva.org\\\/en\\\/#\\\/schema\\\/person\\\/dec388562364c12a5d138bc73a9601ab\",\"name\":\"Cristina Gonz\u00e1lez del Pino\"}]}<\/script>\n<!-- \/ Yoast SEO plugin. -->","yoast_head_json":{"title":"Technology with a purpose: Social impact of companies in the digital era - Fundaci\u00f3n Microfinanzas BBVA","robots":{"index":"index","follow":"follow","max-snippet":"max-snippet:-1","max-image-preview":"max-image-preview:large","max-video-preview":"max-video-preview:-1"},"canonical":"https:\/\/www.fundacionmicrofinanzasbbva.org\/en\/tecnologia-proposito-impacto-social-la-empresa-la-digital\/","og_locale":"en_US","og_type":"article","og_title":"Technology with a purpose: Social impact of companies in the digital era - Fundaci\u00f3n Microfinanzas BBVA","og_description":"BBVA Microfinance Foundation (BBVAMF) takes part in the conferece \u201cTechnology with a purpose: Social impact of companies in the digital era\u201d, organized by the Observatorio... Read more &raquo;","og_url":"https:\/\/www.fundacionmicrofinanzasbbva.org\/en\/tecnologia-proposito-impacto-social-la-empresa-la-digital\/","og_site_name":"Fundaci\u00f3n Microfinanzas BBVA","article_publisher":"https:\/\/www.facebook.com\/fundacionmicrofinanzasbbva\/","article_published_time":"2019-06-27T17:18:44+00:00","article_modified_time":"2019-07-15T07:32:47+00:00","og_image":[{"width":1024,"height":424,"url":"https:\/\/www.fundacionmicrofinanzasbbva.org\/wp-content\/uploads\/2018\/09\/educaci\u00f3n-financiera-y-tecnolog\u00eda-copia-1024x424.jpg","type":"image\/jpeg"}],"author":"Cristina Gonz\u00e1lez del Pino","twitter_card":"summary_large_image","twitter_creator":"@FMBBVA","twitter_site":"@FMBBVA","twitter_misc":{"Written by":"Cristina Gonz\u00e1lez del Pino","Est. reading time":"1 minute"},"schema":{"@context":"https:\/\/schema.org","@graph":[{"@type":"Article","@id":"https:\/\/www.fundacionmicrofinanzasbbva.org\/en\/tecnologia-proposito-impacto-social-la-empresa-la-digital\/#article","isPartOf":{"@id":"https:\/\/www.fundacionmicrofinanzasbbva.org\/en\/tecnologia-proposito-impacto-social-la-empresa-la-digital\/"},"author":{"name":"Cristina Gonz\u00e1lez del Pino","@id":"https:\/\/www.fundacionmicrofinanzasbbva.org\/en\/#\/schema\/person\/dec388562364c12a5d138bc73a9601ab"},"headline":"Technology with a purpose: Social impact of companies in the digital era","datePublished":"2019-06-27T17:18:44+00:00","dateModified":"2019-07-15T07:32:47+00:00","mainEntityOfPage":{"@id":"https:\/\/www.fundacionmicrofinanzasbbva.org\/en\/tecnologia-proposito-impacto-social-la-empresa-la-digital\/"},"wordCount":141,"publisher":{"@id":"https:\/\/www.fundacionmicrofinanzasbbva.org\/en\/#organization"},"image":{"@id":"https:\/\/www.fundacionmicrofinanzasbbva.org\/en\/tecnologia-proposito-impacto-social-la-empresa-la-digital\/#primaryimage"},"thumbnailUrl":"https:\/\/www.fundacionmicrofinanzasbbva.org\/wp-content\/uploads\/2018\/09\/educaci\u00f3n-financiera-y-tecnolog\u00eda-copia.jpg","keywords":["Fundaci\u00f3n CODESPA","Fundaci\u00f3n CODESPA","impacto social","Joao Costa","Joao Costa","Observatorio Empresarial contra la Pobreza","Observatorio Empresarial contra la Pobreza","ODS","SDG","social impact","Technology with a purpose","Tecnolog\u00eda con prop\u00f3sito","Tecnolog\u00eda con prop\u00f3sito"],"articleSection":["Events"],"inLanguage":"en-US"},{"@type":"WebPage","@id":"https:\/\/www.fundacionmicrofinanzasbbva.org\/en\/tecnologia-proposito-impacto-social-la-empresa-la-digital\/","url":"https:\/\/www.fundacionmicrofinanzasbbva.org\/en\/tecnologia-proposito-impacto-social-la-empresa-la-digital\/","name":"Technology with a purpose: Social impact of companies in the digital era - Fundaci\u00f3n Microfinanzas BBVA","isPartOf":{"@id":"https:\/\/www.fundacionmicrofinanzasbbva.org\/en\/#website"},"primaryImageOfPage":{"@id":"https:\/\/www.fundacionmicrofinanzasbbva.org\/en\/tecnologia-proposito-impacto-social-la-empresa-la-digital\/#primaryimage"},"image":{"@id":"https:\/\/www.fundacionmicrofinanzasbbva.org\/en\/tecnologia-proposito-impacto-social-la-empresa-la-digital\/#primaryimage"},"thumbnailUrl":"https:\/\/www.fundacionmicrofinanzasbbva.org\/wp-content\/uploads\/2018\/09\/educaci\u00f3n-financiera-y-tecnolog\u00eda-copia.jpg","datePublished":"2019-06-27T17:18:44+00:00","dateModified":"2019-07-15T07:32:47+00:00","breadcrumb":{"@id":"https:\/\/www.fundacionmicrofinanzasbbva.org\/en\/tecnologia-proposito-impacto-social-la-empresa-la-digital\/#breadcrumb"},"inLanguage":"en-US","potentialAction":[{"@type":"ReadAction","target":["https:\/\/www.fundacionmicrofinanzasbbva.org\/en\/tecnologia-proposito-impacto-social-la-empresa-la-digital\/"]}]},{"@type":"ImageObject","inLanguage":"en-US","@id":"https:\/\/www.fundacionmicrofinanzasbbva.org\/en\/tecnologia-proposito-impacto-social-la-empresa-la-digital\/#primaryimage","url":"https:\/\/www.fundacionmicrofinanzasbbva.org\/wp-content\/uploads\/2018\/09\/educaci\u00f3n-financiera-y-tecnolog\u00eda-copia.jpg","contentUrl":"https:\/\/www.fundacionmicrofinanzasbbva.org\/wp-content\/uploads\/2018\/09\/educaci\u00f3n-financiera-y-tecnolog\u00eda-copia.jpg","width":6000,"height":2486},{"@type":"BreadcrumbList","@id":"https:\/\/www.fundacionmicrofinanzasbbva.org\/en\/tecnologia-proposito-impacto-social-la-empresa-la-digital\/#breadcrumb","itemListElement":[{"@type":"ListItem","position":1,"name":"Home","item":"https:\/\/www.fundacionmicrofinanzasbbva.org\/en\/"},{"@type":"ListItem","position":2,"name":"Events","item":"https:\/\/www.fundacionmicrofinanzasbbva.org\/en\/category\/events\/"},{"@type":"ListItem","position":3,"name":"Technology with a purpose: Social impact of companies in the digital era"}]},{"@type":"WebSite","@id":"https:\/\/www.fundacionmicrofinanzasbbva.org\/en\/#website","url":"https:\/\/www.fundacionmicrofinanzasbbva.org\/en\/","name":"Fundaci\u00f3n Microfinanzas BBVA","description":"Fundaci\u00f3n Microfinanzas BBVA","publisher":{"@id":"https:\/\/www.fundacionmicrofinanzasbbva.org\/en\/#organization"},"alternateName":"Fundaci\u00f3n Microfinanzas BBVA","potentialAction":[{"@type":"SearchAction","target":{"@type":"EntryPoint","urlTemplate":"https:\/\/www.fundacionmicrofinanzasbbva.org\/en\/?s={search_term_string}"},"query-input":{"@type":"PropertyValueSpecification","valueRequired":true,"valueName":"search_term_string"}}],"inLanguage":"en-US"},{"@type":"Organization","@id":"https:\/\/www.fundacionmicrofinanzasbbva.org\/en\/#organization","name":"Fundaci\u00f3n Microfinanzas BBVA","alternateName":"Fundaci\u00f3n Microfinanzas BBVA","url":"https:\/\/www.fundacionmicrofinanzasbbva.org\/en\/","logo":{"@type":"ImageObject","inLanguage":"en-US","@id":"https:\/\/www.fundacionmicrofinanzasbbva.org\/en\/#\/schema\/logo\/image\/","url":"https:\/\/www.fundacionmicrofinanzasbbva.org\/wp-content\/uploads\/2017\/01\/favicon.png","contentUrl":"https:\/\/www.fundacionmicrofinanzasbbva.org\/wp-content\/uploads\/2017\/01\/favicon.png","width":130,"height":130,"caption":"Fundaci\u00f3n Microfinanzas BBVA"},"image":{"@id":"https:\/\/www.fundacionmicrofinanzasbbva.org\/en\/#\/schema\/logo\/image\/"},"sameAs":["https:\/\/www.facebook.com\/fundacionmicrofinanzasbbva\/","https:\/\/x.com\/FMBBVA","https:\/\/www.linkedin.com\/company\/fundaci\u00f3n-microfinanzas-bbva\/"]},{"@type":"Person","@id":"https:\/\/www.fundacionmicrofinanzasbbva.org\/en\/#\/schema\/person\/dec388562364c12a5d138bc73a9601ab","name":"Cristina Gonz\u00e1lez del Pino"}]}},"_links":{"self":[{"href":"https:\/\/www.fundacionmicrofinanzasbbva.org\/en\/wp-json\/wp\/v2\/posts\/25909","targetHints":{"allow":["GET"]}}],"collection":[{"href":"https:\/\/www.fundacionmicrofinanzasbbva.org\/en\/wp-json\/wp\/v2\/posts"}],"about":[{"href":"https:\/\/www.fundacionmicrofinanzasbbva.org\/en\/wp-json\/wp\/v2\/types\/post"}],"author":[{"embeddable":true,"href":"https:\/\/www.fundacionmicrofinanzasbbva.org\/en\/wp-json\/wp\/v2\/users\/4"}],"replies":[{"embeddable":true,"href":"https:\/\/www.fundacionmicrofinanzasbbva.org\/en\/wp-json\/wp\/v2\/comments?post=25909"}],"version-history":[{"count":0,"href":"https:\/\/www.fundacionmicrofinanzasbbva.org\/en\/wp-json\/wp\/v2\/posts\/25909\/revisions"}],"wp:featuredmedia":[{"embeddable":true,"href":"https:\/\/www.fundacionmicrofinanzasbbva.org\/en\/wp-json\/wp\/v2\/media\/21158"}],"wp:attachment":[{"href":"https:\/\/www.fundacionmicrofinanzasbbva.org\/en\/wp-json\/wp\/v2\/media?parent=25909"}],"wp:term":[{"taxonomy":"category","embeddable":true,"href":"https:\/\/www.fundacionmicrofinanzasbbva.org\/en\/wp-json\/wp\/v2\/categories?post=25909"},{"taxonomy":"post_tag","embeddable":true,"href":"https:\/\/www.fundacionmicrofinanzasbbva.org\/en\/wp-json\/wp\/v2\/tags?post=25909"}],"curies":[{"name":"wp","href":"https:\/\/api.w.org\/{rel}","templated":true}]}}