{"id":25738,"date":"2019-07-04T17:32:34","date_gmt":"2019-07-04T15:32:34","guid":{"rendered":"http:\/\/www.fundacionmicrofinanzasbbva.org\/en\/futuro-los-jovenes-quieren-mejorarlo\/"},"modified":"2019-07-08T18:52:15","modified_gmt":"2019-07-08T16:52:15","slug":"futuro-los-jovenes-quieren-mejorarlo","status":"publish","type":"post","link":"https:\/\/www.fundacionmicrofinanzasbbva.org\/en\/futuro-los-jovenes-quieren-mejorarlo\/","title":{"rendered":"The future belongs to the youth and they aspire to make it better"},"content":{"rendered":"<p>Students of Business Administration, Economics, Political Sciences or Engineering. Tomorrow\u2019s leaders. Ambitious. Brilliant. Curious. Committed. These are just some of qualities of the 10 DIME interns (Development, Inclusion, Microfinance and Entrepreneurship), which in the next month and a half will be landing on Dominican Republic, Chile, Colombia, Panama or Peru. <strong>The objective: to get to know the reality of millions of people in Latin America who are living under vulnerable conditions, as well as<\/strong> <strong><a href=\"http:\/\/www.fundacionmicrofinanzasbbva.org\/en\/institutional\/about-the-foundation\/\">the BBVA Microfinance Foundation\u2019s (BBVAMF) work<\/a><\/strong> <strong>to promote their development.<\/strong><\/p>\n<p>When asked about their expectations, there was almost a unanimous reply: <strong>to learn.<\/strong> To learn about microfinance, its impact on development and most importantly: from and about people. <strong>Because it\u2019s them, the entrepreneurs served by the Foundation, who with their perseverance, drive change once they are given an opportunity.<\/strong><\/p>\n<p>The selected interns will visit the main offices of the chosen microfinance institution within the BBVAMF Group, in the country where they are assigned. After going through a short training process, they will learn about the work of loan officers, considered the \u201csoul\u201d of the Foundation. <strong>Whether in urban areas or in rural ones, they are the ones who accompany more than 2 million entrepreneurs day by day, and this will also be experienced the ten \u201cDIME interns\u201d throughout the remaining weeks of their program.<\/strong><\/p>\n<blockquote><p>Seeing that something like this exists, with so much social impact, made me think, &#8216;This is what I like&#8217;\u201d<span style=\"font-weight: 400;\"> \u00a0<\/span><\/p><\/blockquote>\n<p>This is how the <strong>2nd Edition of BBVA Microfinance Foundation\u2019s DIME internship program<\/strong> is launched, the sequel of a project that was inaugurated last year. At that moment, five undergraduate students travelled to Colombia and Peru, and they guaranteed that the experience changed their lives, and shared that, <strong>\u201can experience like this could shape your future and that of many other people\u201d,<\/strong> \u201cyou learn to value things\u201d, \u201cseeing that something like this exists, with so much social impact, made me think \u2018This is what I like\u2019\u201d.<\/p>\n<div id=\"attachment_25698\" style=\"width: 3274px\" class=\"wp-caption aligncenter\"><img loading=\"lazy\" decoding=\"async\" aria-describedby=\"caption-attachment-25698\" class=\"wp-image-25698 size-full\" src=\"http:\/\/www.fundacionmicrofinanzasbbva.org\/wp-content\/uploads\/2019\/07\/Becas-DIME-edici\u00f3n-2019.jpg\" alt=\"\" width=\"3264\" height=\"1633\" srcset=\"https:\/\/www.fundacionmicrofinanzasbbva.org\/wp-content\/uploads\/2019\/07\/Becas-DIME-edici\u00f3n-2019.jpg 3264w, https:\/\/www.fundacionmicrofinanzasbbva.org\/wp-content\/uploads\/2019\/07\/Becas-DIME-edici\u00f3n-2019-180x90.jpg 180w, https:\/\/www.fundacionmicrofinanzasbbva.org\/wp-content\/uploads\/2019\/07\/Becas-DIME-edici\u00f3n-2019-768x384.jpg 768w, https:\/\/www.fundacionmicrofinanzasbbva.org\/wp-content\/uploads\/2019\/07\/Becas-DIME-edici\u00f3n-2019-1024x512.jpg 1024w\" sizes=\"auto, (max-width: 3264px) 100vw, 3264px\" \/><p id=\"caption-attachment-25698\" class=\"wp-caption-text\">The ten DIME interns: In\u00e9s Gonz\u00e1lez, Andr\u00e9s D\u00edaz, Iciar \u00c1lvarez, Mikel Pedrosa, Julio Gil, Ana Hauy\u00f3n, Blanca Carcasona, Jaione Anto\u00f1ana, Nuria Luri and Sof\u00eda Gabino (from the top, left to right)<\/p><\/div>\n<p>Right now, it\u2019s the turn of In\u00e9s Gonz\u00e1lez and Andreas D\u00edaz who will go to Dominican Republic; Iciar \u00c1lvarez and Mikel Pedrosa who will go to Chile; Julio Gil and Ana Huay\u00f3n who will be in Colombia; Blanca Carcasona and Jaione Anto\u00f1ana, in Panama; and to Peru, Nuria Luri and Sof\u00eda Gabino will travel.<\/p>\n<p>Different destinations for one same mission: to learn about the power of microfinance and <strong>play a part in making opportunities more accessible for people to have a better life.<\/strong><\/p>\n<p>&nbsp;<\/p>\n","protected":false},"excerpt":{"rendered":"<p>BBVA Microfinance Foundation\u2019s internship program DIME, has launched its second edition, the sequel of a project that was inaugurated last year, one that changes lives<\/p>\n","protected":false},"author":13,"featured_media":25701,"comment_status":"closed","ping_status":"closed","sticky":false,"template":"","format":"standard","meta":{"_acf_changed":false,"footnotes":""},"categories":[3244,1841],"tags":[3245],"class_list":["post-25738","post","type-post","status-publish","format-standard","has-post-thumbnail","hentry","category-internship","category-latest","tag-internship-program","paises-chile","paises-colombia","paises-panama","paises-peru"],"acf":[],"yoast_head":"<!-- This site is optimized with the Yoast SEO plugin v27.4 - https:\/\/yoast.com\/product\/yoast-seo-wordpress\/ -->\n<title>BBVA Microfinance Foundation DIME internship program<\/title>\n<meta name=\"description\" content=\"The aim is to see the reality of millions of people in Latin America under vulnerable conditions, as well as BBVAMF&#039;s work to promote their development.\" \/>\n<meta name=\"robots\" content=\"index, follow, max-snippet:-1, max-image-preview:large, max-video-preview:-1\" \/>\n<link rel=\"canonical\" href=\"https:\/\/www.fundacionmicrofinanzasbbva.org\/en\/futuro-los-jovenes-quieren-mejorarlo\/\" \/>\n<meta property=\"og:locale\" content=\"en_US\" \/>\n<meta property=\"og:type\" content=\"article\" \/>\n<meta property=\"og:title\" content=\"BBVA Microfinance Foundation DIME internship program\" \/>\n<meta property=\"og:description\" content=\"The aim is to see the reality of millions of people in Latin America under vulnerable conditions, as well as BBVAMF&#039;s work to promote their development.\" \/>\n<meta property=\"og:url\" content=\"https:\/\/www.fundacionmicrofinanzasbbva.org\/en\/futuro-los-jovenes-quieren-mejorarlo\/\" \/>\n<meta property=\"og:site_name\" content=\"Fundaci\u00f3n Microfinanzas BBVA\" \/>\n<meta property=\"article:publisher\" content=\"https:\/\/www.facebook.com\/fundacionmicrofinanzasbbva\/\" \/>\n<meta property=\"article:published_time\" content=\"2019-07-04T15:32:34+00:00\" \/>\n<meta property=\"article:modified_time\" content=\"2019-07-08T16:52:15+00:00\" \/>\n<meta property=\"og:image\" content=\"https:\/\/www.fundacionmicrofinanzasbbva.org\/wp-content\/uploads\/2019\/07\/Becas-DIME-diez-j\u00f3venes.jpg\" \/>\n\t<meta property=\"og:image:width\" content=\"2285\" \/>\n\t<meta property=\"og:image:height\" content=\"1143\" \/>\n\t<meta property=\"og:image:type\" content=\"image\/jpeg\" \/>\n<meta name=\"author\" content=\"Karessa Ramos\" \/>\n<meta name=\"twitter:card\" content=\"summary_large_image\" \/>\n<meta name=\"twitter:creator\" content=\"@FMBBVA\" \/>\n<meta name=\"twitter:site\" content=\"@FMBBVA\" \/>\n<meta name=\"twitter:label1\" content=\"Written by\" \/>\n\t<meta name=\"twitter:data1\" content=\"Karessa Ramos\" \/>\n\t<meta name=\"twitter:label2\" content=\"Est. reading time\" \/>\n\t<meta name=\"twitter:data2\" content=\"2 minutes\" \/>\n<script type=\"application\/ld+json\" class=\"yoast-schema-graph\">{\"@context\":\"https:\\\/\\\/schema.org\",\"@graph\":[{\"@type\":\"Article\",\"@id\":\"https:\\\/\\\/www.fundacionmicrofinanzasbbva.org\\\/en\\\/futuro-los-jovenes-quieren-mejorarlo\\\/#article\",\"isPartOf\":{\"@id\":\"https:\\\/\\\/www.fundacionmicrofinanzasbbva.org\\\/en\\\/futuro-los-jovenes-quieren-mejorarlo\\\/\"},\"author\":{\"name\":\"Karessa Ramos\",\"@id\":\"https:\\\/\\\/www.fundacionmicrofinanzasbbva.org\\\/en\\\/#\\\/schema\\\/person\\\/dcc08d9d413af1c947cd093804347ac6\"},\"headline\":\"The future belongs to the youth and they aspire to make it better\",\"datePublished\":\"2019-07-04T15:32:34+00:00\",\"dateModified\":\"2019-07-08T16:52:15+00:00\",\"mainEntityOfPage\":{\"@id\":\"https:\\\/\\\/www.fundacionmicrofinanzasbbva.org\\\/en\\\/futuro-los-jovenes-quieren-mejorarlo\\\/\"},\"wordCount\":474,\"publisher\":{\"@id\":\"https:\\\/\\\/www.fundacionmicrofinanzasbbva.org\\\/en\\\/#organization\"},\"image\":{\"@id\":\"https:\\\/\\\/www.fundacionmicrofinanzasbbva.org\\\/en\\\/futuro-los-jovenes-quieren-mejorarlo\\\/#primaryimage\"},\"thumbnailUrl\":\"https:\\\/\\\/www.fundacionmicrofinanzasbbva.org\\\/wp-content\\\/uploads\\\/2019\\\/07\\\/Becas-DIME-diez-j\u00f3venes.jpg\",\"keywords\":[\"Internship program\"],\"articleSection\":[\"Internship\",\"Latest\"],\"inLanguage\":\"en-US\"},{\"@type\":\"WebPage\",\"@id\":\"https:\\\/\\\/www.fundacionmicrofinanzasbbva.org\\\/en\\\/futuro-los-jovenes-quieren-mejorarlo\\\/\",\"url\":\"https:\\\/\\\/www.fundacionmicrofinanzasbbva.org\\\/en\\\/futuro-los-jovenes-quieren-mejorarlo\\\/\",\"name\":\"BBVA Microfinance Foundation DIME internship program\",\"isPartOf\":{\"@id\":\"https:\\\/\\\/www.fundacionmicrofinanzasbbva.org\\\/en\\\/#website\"},\"primaryImageOfPage\":{\"@id\":\"https:\\\/\\\/www.fundacionmicrofinanzasbbva.org\\\/en\\\/futuro-los-jovenes-quieren-mejorarlo\\\/#primaryimage\"},\"image\":{\"@id\":\"https:\\\/\\\/www.fundacionmicrofinanzasbbva.org\\\/en\\\/futuro-los-jovenes-quieren-mejorarlo\\\/#primaryimage\"},\"thumbnailUrl\":\"https:\\\/\\\/www.fundacionmicrofinanzasbbva.org\\\/wp-content\\\/uploads\\\/2019\\\/07\\\/Becas-DIME-diez-j\u00f3venes.jpg\",\"datePublished\":\"2019-07-04T15:32:34+00:00\",\"dateModified\":\"2019-07-08T16:52:15+00:00\",\"description\":\"The aim is to see the reality of millions of people in Latin America under vulnerable conditions, as well as BBVAMF's work to promote their development.\",\"breadcrumb\":{\"@id\":\"https:\\\/\\\/www.fundacionmicrofinanzasbbva.org\\\/en\\\/futuro-los-jovenes-quieren-mejorarlo\\\/#breadcrumb\"},\"inLanguage\":\"en-US\",\"potentialAction\":[{\"@type\":\"ReadAction\",\"target\":[\"https:\\\/\\\/www.fundacionmicrofinanzasbbva.org\\\/en\\\/futuro-los-jovenes-quieren-mejorarlo\\\/\"]}]},{\"@type\":\"ImageObject\",\"inLanguage\":\"en-US\",\"@id\":\"https:\\\/\\\/www.fundacionmicrofinanzasbbva.org\\\/en\\\/futuro-los-jovenes-quieren-mejorarlo\\\/#primaryimage\",\"url\":\"https:\\\/\\\/www.fundacionmicrofinanzasbbva.org\\\/wp-content\\\/uploads\\\/2019\\\/07\\\/Becas-DIME-diez-j\u00f3venes.jpg\",\"contentUrl\":\"https:\\\/\\\/www.fundacionmicrofinanzasbbva.org\\\/wp-content\\\/uploads\\\/2019\\\/07\\\/Becas-DIME-diez-j\u00f3venes.jpg\",\"width\":2285,\"height\":1143},{\"@type\":\"BreadcrumbList\",\"@id\":\"https:\\\/\\\/www.fundacionmicrofinanzasbbva.org\\\/en\\\/futuro-los-jovenes-quieren-mejorarlo\\\/#breadcrumb\",\"itemListElement\":[{\"@type\":\"ListItem\",\"position\":1,\"name\":\"Home\",\"item\":\"https:\\\/\\\/www.fundacionmicrofinanzasbbva.org\\\/en\\\/\"},{\"@type\":\"ListItem\",\"position\":2,\"name\":\"Latest\",\"item\":\"https:\\\/\\\/www.fundacionmicrofinanzasbbva.org\\\/en\\\/category\\\/latest\\\/\"},{\"@type\":\"ListItem\",\"position\":3,\"name\":\"The future belongs to the youth and they aspire to make it better\"}]},{\"@type\":\"WebSite\",\"@id\":\"https:\\\/\\\/www.fundacionmicrofinanzasbbva.org\\\/en\\\/#website\",\"url\":\"https:\\\/\\\/www.fundacionmicrofinanzasbbva.org\\\/en\\\/\",\"name\":\"Fundaci\u00f3n Microfinanzas BBVA\",\"description\":\"Fundaci\u00f3n Microfinanzas BBVA\",\"publisher\":{\"@id\":\"https:\\\/\\\/www.fundacionmicrofinanzasbbva.org\\\/en\\\/#organization\"},\"alternateName\":\"Fundaci\u00f3n Microfinanzas BBVA\",\"potentialAction\":[{\"@type\":\"SearchAction\",\"target\":{\"@type\":\"EntryPoint\",\"urlTemplate\":\"https:\\\/\\\/www.fundacionmicrofinanzasbbva.org\\\/en\\\/?s={search_term_string}\"},\"query-input\":{\"@type\":\"PropertyValueSpecification\",\"valueRequired\":true,\"valueName\":\"search_term_string\"}}],\"inLanguage\":\"en-US\"},{\"@type\":\"Organization\",\"@id\":\"https:\\\/\\\/www.fundacionmicrofinanzasbbva.org\\\/en\\\/#organization\",\"name\":\"Fundaci\u00f3n Microfinanzas BBVA\",\"alternateName\":\"Fundaci\u00f3n Microfinanzas BBVA\",\"url\":\"https:\\\/\\\/www.fundacionmicrofinanzasbbva.org\\\/en\\\/\",\"logo\":{\"@type\":\"ImageObject\",\"inLanguage\":\"en-US\",\"@id\":\"https:\\\/\\\/www.fundacionmicrofinanzasbbva.org\\\/en\\\/#\\\/schema\\\/logo\\\/image\\\/\",\"url\":\"https:\\\/\\\/www.fundacionmicrofinanzasbbva.org\\\/wp-content\\\/uploads\\\/2017\\\/01\\\/favicon.png\",\"contentUrl\":\"https:\\\/\\\/www.fundacionmicrofinanzasbbva.org\\\/wp-content\\\/uploads\\\/2017\\\/01\\\/favicon.png\",\"width\":130,\"height\":130,\"caption\":\"Fundaci\u00f3n Microfinanzas BBVA\"},\"image\":{\"@id\":\"https:\\\/\\\/www.fundacionmicrofinanzasbbva.org\\\/en\\\/#\\\/schema\\\/logo\\\/image\\\/\"},\"sameAs\":[\"https:\\\/\\\/www.facebook.com\\\/fundacionmicrofinanzasbbva\\\/\",\"https:\\\/\\\/x.com\\\/FMBBVA\",\"https:\\\/\\\/www.linkedin.com\\\/company\\\/fundaci\u00f3n-microfinanzas-bbva\\\/\"]},{\"@type\":\"Person\",\"@id\":\"https:\\\/\\\/www.fundacionmicrofinanzasbbva.org\\\/en\\\/#\\\/schema\\\/person\\\/dcc08d9d413af1c947cd093804347ac6\",\"name\":\"Karessa Ramos\"}]}<\/script>\n<!-- \/ Yoast SEO plugin. -->","yoast_head_json":{"title":"BBVA Microfinance Foundation DIME internship program","description":"The aim is to see the reality of millions of people in Latin America under vulnerable conditions, as well as BBVAMF's work to promote their development.","robots":{"index":"index","follow":"follow","max-snippet":"max-snippet:-1","max-image-preview":"max-image-preview:large","max-video-preview":"max-video-preview:-1"},"canonical":"https:\/\/www.fundacionmicrofinanzasbbva.org\/en\/futuro-los-jovenes-quieren-mejorarlo\/","og_locale":"en_US","og_type":"article","og_title":"BBVA Microfinance Foundation DIME internship program","og_description":"The aim is to see the reality of millions of people in Latin America under vulnerable conditions, as well as BBVAMF's work to promote their development.","og_url":"https:\/\/www.fundacionmicrofinanzasbbva.org\/en\/futuro-los-jovenes-quieren-mejorarlo\/","og_site_name":"Fundaci\u00f3n Microfinanzas BBVA","article_publisher":"https:\/\/www.facebook.com\/fundacionmicrofinanzasbbva\/","article_published_time":"2019-07-04T15:32:34+00:00","article_modified_time":"2019-07-08T16:52:15+00:00","og_image":[{"width":2285,"height":1143,"url":"https:\/\/www.fundacionmicrofinanzasbbva.org\/wp-content\/uploads\/2019\/07\/Becas-DIME-diez-j\u00f3venes.jpg","type":"image\/jpeg"}],"author":"Karessa Ramos","twitter_card":"summary_large_image","twitter_creator":"@FMBBVA","twitter_site":"@FMBBVA","twitter_misc":{"Written by":"Karessa Ramos","Est. reading time":"2 minutes"},"schema":{"@context":"https:\/\/schema.org","@graph":[{"@type":"Article","@id":"https:\/\/www.fundacionmicrofinanzasbbva.org\/en\/futuro-los-jovenes-quieren-mejorarlo\/#article","isPartOf":{"@id":"https:\/\/www.fundacionmicrofinanzasbbva.org\/en\/futuro-los-jovenes-quieren-mejorarlo\/"},"author":{"name":"Karessa Ramos","@id":"https:\/\/www.fundacionmicrofinanzasbbva.org\/en\/#\/schema\/person\/dcc08d9d413af1c947cd093804347ac6"},"headline":"The future belongs to the youth and they aspire to make it better","datePublished":"2019-07-04T15:32:34+00:00","dateModified":"2019-07-08T16:52:15+00:00","mainEntityOfPage":{"@id":"https:\/\/www.fundacionmicrofinanzasbbva.org\/en\/futuro-los-jovenes-quieren-mejorarlo\/"},"wordCount":474,"publisher":{"@id":"https:\/\/www.fundacionmicrofinanzasbbva.org\/en\/#organization"},"image":{"@id":"https:\/\/www.fundacionmicrofinanzasbbva.org\/en\/futuro-los-jovenes-quieren-mejorarlo\/#primaryimage"},"thumbnailUrl":"https:\/\/www.fundacionmicrofinanzasbbva.org\/wp-content\/uploads\/2019\/07\/Becas-DIME-diez-j\u00f3venes.jpg","keywords":["Internship program"],"articleSection":["Internship","Latest"],"inLanguage":"en-US"},{"@type":"WebPage","@id":"https:\/\/www.fundacionmicrofinanzasbbva.org\/en\/futuro-los-jovenes-quieren-mejorarlo\/","url":"https:\/\/www.fundacionmicrofinanzasbbva.org\/en\/futuro-los-jovenes-quieren-mejorarlo\/","name":"BBVA Microfinance Foundation DIME internship program","isPartOf":{"@id":"https:\/\/www.fundacionmicrofinanzasbbva.org\/en\/#website"},"primaryImageOfPage":{"@id":"https:\/\/www.fundacionmicrofinanzasbbva.org\/en\/futuro-los-jovenes-quieren-mejorarlo\/#primaryimage"},"image":{"@id":"https:\/\/www.fundacionmicrofinanzasbbva.org\/en\/futuro-los-jovenes-quieren-mejorarlo\/#primaryimage"},"thumbnailUrl":"https:\/\/www.fundacionmicrofinanzasbbva.org\/wp-content\/uploads\/2019\/07\/Becas-DIME-diez-j\u00f3venes.jpg","datePublished":"2019-07-04T15:32:34+00:00","dateModified":"2019-07-08T16:52:15+00:00","description":"The aim is to see the reality of millions of people in Latin America under vulnerable conditions, as well as BBVAMF's work to promote their development.","breadcrumb":{"@id":"https:\/\/www.fundacionmicrofinanzasbbva.org\/en\/futuro-los-jovenes-quieren-mejorarlo\/#breadcrumb"},"inLanguage":"en-US","potentialAction":[{"@type":"ReadAction","target":["https:\/\/www.fundacionmicrofinanzasbbva.org\/en\/futuro-los-jovenes-quieren-mejorarlo\/"]}]},{"@type":"ImageObject","inLanguage":"en-US","@id":"https:\/\/www.fundacionmicrofinanzasbbva.org\/en\/futuro-los-jovenes-quieren-mejorarlo\/#primaryimage","url":"https:\/\/www.fundacionmicrofinanzasbbva.org\/wp-content\/uploads\/2019\/07\/Becas-DIME-diez-j\u00f3venes.jpg","contentUrl":"https:\/\/www.fundacionmicrofinanzasbbva.org\/wp-content\/uploads\/2019\/07\/Becas-DIME-diez-j\u00f3venes.jpg","width":2285,"height":1143},{"@type":"BreadcrumbList","@id":"https:\/\/www.fundacionmicrofinanzasbbva.org\/en\/futuro-los-jovenes-quieren-mejorarlo\/#breadcrumb","itemListElement":[{"@type":"ListItem","position":1,"name":"Home","item":"https:\/\/www.fundacionmicrofinanzasbbva.org\/en\/"},{"@type":"ListItem","position":2,"name":"Latest","item":"https:\/\/www.fundacionmicrofinanzasbbva.org\/en\/category\/latest\/"},{"@type":"ListItem","position":3,"name":"The future belongs to the youth and they aspire to make it better"}]},{"@type":"WebSite","@id":"https:\/\/www.fundacionmicrofinanzasbbva.org\/en\/#website","url":"https:\/\/www.fundacionmicrofinanzasbbva.org\/en\/","name":"Fundaci\u00f3n Microfinanzas BBVA","description":"Fundaci\u00f3n Microfinanzas BBVA","publisher":{"@id":"https:\/\/www.fundacionmicrofinanzasbbva.org\/en\/#organization"},"alternateName":"Fundaci\u00f3n Microfinanzas BBVA","potentialAction":[{"@type":"SearchAction","target":{"@type":"EntryPoint","urlTemplate":"https:\/\/www.fundacionmicrofinanzasbbva.org\/en\/?s={search_term_string}"},"query-input":{"@type":"PropertyValueSpecification","valueRequired":true,"valueName":"search_term_string"}}],"inLanguage":"en-US"},{"@type":"Organization","@id":"https:\/\/www.fundacionmicrofinanzasbbva.org\/en\/#organization","name":"Fundaci\u00f3n Microfinanzas BBVA","alternateName":"Fundaci\u00f3n Microfinanzas BBVA","url":"https:\/\/www.fundacionmicrofinanzasbbva.org\/en\/","logo":{"@type":"ImageObject","inLanguage":"en-US","@id":"https:\/\/www.fundacionmicrofinanzasbbva.org\/en\/#\/schema\/logo\/image\/","url":"https:\/\/www.fundacionmicrofinanzasbbva.org\/wp-content\/uploads\/2017\/01\/favicon.png","contentUrl":"https:\/\/www.fundacionmicrofinanzasbbva.org\/wp-content\/uploads\/2017\/01\/favicon.png","width":130,"height":130,"caption":"Fundaci\u00f3n Microfinanzas BBVA"},"image":{"@id":"https:\/\/www.fundacionmicrofinanzasbbva.org\/en\/#\/schema\/logo\/image\/"},"sameAs":["https:\/\/www.facebook.com\/fundacionmicrofinanzasbbva\/","https:\/\/x.com\/FMBBVA","https:\/\/www.linkedin.com\/company\/fundaci\u00f3n-microfinanzas-bbva\/"]},{"@type":"Person","@id":"https:\/\/www.fundacionmicrofinanzasbbva.org\/en\/#\/schema\/person\/dcc08d9d413af1c947cd093804347ac6","name":"Karessa Ramos"}]}},"_links":{"self":[{"href":"https:\/\/www.fundacionmicrofinanzasbbva.org\/en\/wp-json\/wp\/v2\/posts\/25738","targetHints":{"allow":["GET"]}}],"collection":[{"href":"https:\/\/www.fundacionmicrofinanzasbbva.org\/en\/wp-json\/wp\/v2\/posts"}],"about":[{"href":"https:\/\/www.fundacionmicrofinanzasbbva.org\/en\/wp-json\/wp\/v2\/types\/post"}],"author":[{"embeddable":true,"href":"https:\/\/www.fundacionmicrofinanzasbbva.org\/en\/wp-json\/wp\/v2\/users\/13"}],"replies":[{"embeddable":true,"href":"https:\/\/www.fundacionmicrofinanzasbbva.org\/en\/wp-json\/wp\/v2\/comments?post=25738"}],"version-history":[{"count":0,"href":"https:\/\/www.fundacionmicrofinanzasbbva.org\/en\/wp-json\/wp\/v2\/posts\/25738\/revisions"}],"wp:featuredmedia":[{"embeddable":true,"href":"https:\/\/www.fundacionmicrofinanzasbbva.org\/en\/wp-json\/wp\/v2\/media\/25701"}],"wp:attachment":[{"href":"https:\/\/www.fundacionmicrofinanzasbbva.org\/en\/wp-json\/wp\/v2\/media?parent=25738"}],"wp:term":[{"taxonomy":"category","embeddable":true,"href":"https:\/\/www.fundacionmicrofinanzasbbva.org\/en\/wp-json\/wp\/v2\/categories?post=25738"},{"taxonomy":"post_tag","embeddable":true,"href":"https:\/\/www.fundacionmicrofinanzasbbva.org\/en\/wp-json\/wp\/v2\/tags?post=25738"}],"curies":[{"name":"wp","href":"https:\/\/api.w.org\/{rel}","templated":true}]}}