{"id":23861,"date":"2019-01-29T18:34:52","date_gmt":"2019-01-29T17:34:52","guid":{"rendered":"http:\/\/www.fundacionmicrofinanzasbbva.org\/en\/la-fmbbva-y-caf-apuestan-por-la-inclusion-financiera\/"},"modified":"2019-02-19T11:23:51","modified_gmt":"2019-02-19T10:23:51","slug":"la-fmbbva-y-caf-apuestan-por-la-inclusion-financiera","status":"publish","type":"post","link":"https:\/\/www.fundacionmicrofinanzasbbva.org\/en\/la-fmbbva-y-caf-apuestan-por-la-inclusion-financiera\/","title":{"rendered":"BBVAMF and CAF support financial inclusion"},"content":{"rendered":"<p>Financial inclusion and its role in <strong>women\u2019s economic empowerment<\/strong> were two of the key points discussed at the meeting, held at BBVA Microfinance Foundation\u2019s headquarters. Its CEO, Javier M. Flores, and members of his team met with the representative for the European office of the <a href=\"https:\/\/www.caf.com\/en\" target=\"_blank\" rel=\"noopener\">Latin American Development Bank (CAF)<\/a> and Ambassador Jos\u00e9 Antonio Garc\u00eda Bela\u00fande, as well as the Strategic Affairs director of CAF, David Tuesta.<\/p>\n<div id=\"attachment_23378\" style=\"width: 690px\" class=\"wp-caption aligncenter\"><img loading=\"lazy\" decoding=\"async\" aria-describedby=\"caption-attachment-23378\" class=\"wp-image-23378 size-large\" src=\"http:\/\/www.fundacionmicrofinanzasbbva.org\/wp-content\/uploads\/2019\/01\/IMG_8293-1024x683.jpg\" alt=\"\" width=\"680\" height=\"454\" srcset=\"https:\/\/www.fundacionmicrofinanzasbbva.org\/wp-content\/uploads\/2019\/01\/IMG_8293-1024x683.jpg 1024w, https:\/\/www.fundacionmicrofinanzasbbva.org\/wp-content\/uploads\/2019\/01\/IMG_8293-180x120.jpg 180w, https:\/\/www.fundacionmicrofinanzasbbva.org\/wp-content\/uploads\/2019\/01\/IMG_8293-768x512.jpg 768w\" sizes=\"auto, (max-width: 680px) 100vw, 680px\" \/><p id=\"caption-attachment-23378\" class=\"wp-caption-text\">BBVAMF and CAF gathered at the Foundation&#8217;s headquarters<\/p><\/div>\n<p><span class=\"gmail_default\">Dentro de la estrecha relaci\u00f3n que mantienen\u00a0<\/span>ambas institucione<span class=\"gmail_default\">s,<\/span>\u00a0desde la creaci\u00f3n de la Fundaci\u00f3n en 2007<span class=\"gmail_default\">, han acordado\u00a0<\/span><span style=\"color: #333333;\">avanzar conjuntamente<span class=\"gmail_default\">\u00a0en estas cuestiones que forman parte de la nueva estrategia de CAF.<\/span>\u00a0Adem\u00e1s, han destacado el papel clave de\u00a0<\/span><a href=\"http:\/\/www.fundacionmicrofinanzasbbva.org\/informes-de-desempeno\/\" target=\"_blank\" rel=\"noopener\" data-saferedirecturl=\"https:\/\/www.google.com\/url?q=http:\/\/www.fundacionmicrofinanzasbbva.org\/informes-de-desempeno\/&amp;source=gmail&amp;ust=1548869511938000&amp;usg=AFQjCNGu5vnSwq9WZCTLAwQiCMe2ZclyUQ\">la medici\u00f3n de impacto social<\/a><span style=\"color: #333333;\">\u00a0en todas las actividades que desarrollan<span class=\"gmail_default\">\u00a0y han hablado de la importancia de la sostenibilidad medioambiental.<\/span><\/span><\/p>\n<p>Since the Foundation was established in 2007, the close relationship between both institutions, has enabled them to move forward together on these issues, which are part of CAF\u2019s new strategy. Furthermore, they highlighted the importance of <a href=\"http:\/\/www.fundacionmicrofinanzasbbva.org\/en\/performance-reports\/\">social impact measurement<\/a> in all the work they do and spoke about the importance of environmental sustainability.<\/p>\n","protected":false},"excerpt":{"rendered":"<p>Financial inclusion and its role in women\u2019s economic empowerment were two of the key points discussed at the meeting, held at BBVA Microfinance Foundation\u2019s headquarters&#8230;.  <a class=\"excerpt-read-more\" href=\"https:\/\/www.fundacionmicrofinanzasbbva.org\/en\/la-fmbbva-y-caf-apuestan-por-la-inclusion-financiera\/\" title=\"Read BBVAMF and CAF support financial inclusion\">Read more &raquo;<\/a><\/p>\n","protected":false},"author":13,"featured_media":23376,"comment_status":"closed","ping_status":"closed","sticky":false,"template":"","format":"standard","meta":{"_acf_changed":false,"footnotes":""},"categories":[1437],"tags":[2931,1724,1575,2324,2224,2891,2853,2035,918,866,1573,252,2838,302,1769,225,2562,1318],"class_list":["post-23861","post","type-post","status-publish","format-standard","has-post-thumbnail","hentry","category-news","tag-ambassador-jose-antonio-garcia-belaunde","tag-banco-de-desarrollo-de-america-latina","tag-bbvamf","tag-caf-en","tag-caf","tag-caf-development-bank-of-latin-america","tag-embajador-jose-antonio-garcia-belaunde","tag-empoderamiento-de-la-mujer","tag-environment","tag-inclusion-financiera-en","tag-fmbbva","tag-inclusion-financiera","tag-medicion-de-impacto-social","tag-medio-ambiente","tag-mujer-en","tag-mujer","tag-social-impact-measurement","tag-womens-empowerment"],"acf":[],"yoast_head":"<!-- This site is optimized with the Yoast SEO plugin v27.4 - https:\/\/yoast.com\/product\/yoast-seo-wordpress\/ -->\n<title>La FMBBVA y CAF apuestan por la inclusi\u00f3n financiera<\/title>\n<meta name=\"description\" content=\"La inclusi\u00f3n financiera y su importancia en el empoderamiento econ\u00f3mico de la mujer, han sido los temas claves de esta reuni\u00f3n\" \/>\n<meta name=\"robots\" content=\"index, follow, max-snippet:-1, max-image-preview:large, max-video-preview:-1\" \/>\n<link rel=\"canonical\" href=\"https:\/\/www.fundacionmicrofinanzasbbva.org\/en\/la-fmbbva-y-caf-apuestan-por-la-inclusion-financiera\/\" \/>\n<meta property=\"og:locale\" content=\"en_US\" \/>\n<meta property=\"og:type\" content=\"article\" \/>\n<meta property=\"og:title\" content=\"La FMBBVA y CAF apuestan por la inclusi\u00f3n financiera\" \/>\n<meta property=\"og:description\" content=\"La inclusi\u00f3n financiera y su importancia en el empoderamiento econ\u00f3mico de la mujer, han sido los temas claves de esta reuni\u00f3n\" \/>\n<meta property=\"og:url\" content=\"https:\/\/www.fundacionmicrofinanzasbbva.org\/en\/la-fmbbva-y-caf-apuestan-por-la-inclusion-financiera\/\" \/>\n<meta property=\"og:site_name\" content=\"Fundaci\u00f3n Microfinanzas BBVA\" \/>\n<meta property=\"article:publisher\" content=\"https:\/\/www.facebook.com\/fundacionmicrofinanzasbbva\/\" \/>\n<meta property=\"article:published_time\" content=\"2019-01-29T17:34:52+00:00\" \/>\n<meta property=\"article:modified_time\" content=\"2019-02-19T10:23:51+00:00\" \/>\n<meta property=\"og:image\" content=\"https:\/\/www.fundacionmicrofinanzasbbva.org\/wp-content\/uploads\/2019\/01\/Visita-CAF-a-FMBBVA.png\" \/>\n\t<meta property=\"og:image:width\" content=\"1278\" \/>\n\t<meta property=\"og:image:height\" content=\"581\" \/>\n\t<meta property=\"og:image:type\" content=\"image\/png\" \/>\n<meta name=\"author\" content=\"Karessa Ramos\" \/>\n<meta name=\"twitter:card\" content=\"summary_large_image\" \/>\n<meta name=\"twitter:creator\" content=\"@FMBBVA\" \/>\n<meta name=\"twitter:site\" content=\"@FMBBVA\" \/>\n<meta name=\"twitter:label1\" content=\"Written by\" \/>\n\t<meta name=\"twitter:data1\" content=\"Karessa Ramos\" \/>\n\t<meta name=\"twitter:label2\" content=\"Est. reading time\" \/>\n\t<meta name=\"twitter:data2\" content=\"1 minute\" \/>\n<script type=\"application\/ld+json\" class=\"yoast-schema-graph\">{\"@context\":\"https:\\\/\\\/schema.org\",\"@graph\":[{\"@type\":\"Article\",\"@id\":\"https:\\\/\\\/www.fundacionmicrofinanzasbbva.org\\\/en\\\/la-fmbbva-y-caf-apuestan-por-la-inclusion-financiera\\\/#article\",\"isPartOf\":{\"@id\":\"https:\\\/\\\/www.fundacionmicrofinanzasbbva.org\\\/en\\\/la-fmbbva-y-caf-apuestan-por-la-inclusion-financiera\\\/\"},\"author\":{\"name\":\"Karessa Ramos\",\"@id\":\"https:\\\/\\\/www.fundacionmicrofinanzasbbva.org\\\/en\\\/#\\\/schema\\\/person\\\/dcc08d9d413af1c947cd093804347ac6\"},\"headline\":\"BBVAMF and CAF support financial inclusion\",\"datePublished\":\"2019-01-29T17:34:52+00:00\",\"dateModified\":\"2019-02-19T10:23:51+00:00\",\"mainEntityOfPage\":{\"@id\":\"https:\\\/\\\/www.fundacionmicrofinanzasbbva.org\\\/en\\\/la-fmbbva-y-caf-apuestan-por-la-inclusion-financiera\\\/\"},\"wordCount\":211,\"publisher\":{\"@id\":\"https:\\\/\\\/www.fundacionmicrofinanzasbbva.org\\\/en\\\/#organization\"},\"image\":{\"@id\":\"https:\\\/\\\/www.fundacionmicrofinanzasbbva.org\\\/en\\\/la-fmbbva-y-caf-apuestan-por-la-inclusion-financiera\\\/#primaryimage\"},\"thumbnailUrl\":\"https:\\\/\\\/www.fundacionmicrofinanzasbbva.org\\\/wp-content\\\/uploads\\\/2019\\\/01\\\/Visita-CAF-a-FMBBVA.png\",\"keywords\":[\"Ambassador Jos\u00e9 Antonio Garc\u00eda Bela\u00fande\",\"Banco de Desarrollo de Am\u00e9rica Latina\",\"BBVAMF\",\"CAF\",\"CAF\",\"CAF- Development Bank of Latin America\",\"Embajador Jos\u00e9 Antonio Garc\u00eda Bela\u00fande\",\"empoderamiento de la mujer\",\"environment\",\"financial inclusion\",\"FMBBVA\",\"inclusi\u00f3n financiera\",\"Medici\u00f3n de impacto social\",\"medio ambiente\",\"mujer\",\"Mujer FMBBVA\",\"Social impact measurement\",\"Women's Empowerment\"],\"articleSection\":[\"News\"],\"inLanguage\":\"en-US\"},{\"@type\":\"WebPage\",\"@id\":\"https:\\\/\\\/www.fundacionmicrofinanzasbbva.org\\\/en\\\/la-fmbbva-y-caf-apuestan-por-la-inclusion-financiera\\\/\",\"url\":\"https:\\\/\\\/www.fundacionmicrofinanzasbbva.org\\\/en\\\/la-fmbbva-y-caf-apuestan-por-la-inclusion-financiera\\\/\",\"name\":\"La FMBBVA y CAF apuestan por la inclusi\u00f3n financiera\",\"isPartOf\":{\"@id\":\"https:\\\/\\\/www.fundacionmicrofinanzasbbva.org\\\/en\\\/#website\"},\"primaryImageOfPage\":{\"@id\":\"https:\\\/\\\/www.fundacionmicrofinanzasbbva.org\\\/en\\\/la-fmbbva-y-caf-apuestan-por-la-inclusion-financiera\\\/#primaryimage\"},\"image\":{\"@id\":\"https:\\\/\\\/www.fundacionmicrofinanzasbbva.org\\\/en\\\/la-fmbbva-y-caf-apuestan-por-la-inclusion-financiera\\\/#primaryimage\"},\"thumbnailUrl\":\"https:\\\/\\\/www.fundacionmicrofinanzasbbva.org\\\/wp-content\\\/uploads\\\/2019\\\/01\\\/Visita-CAF-a-FMBBVA.png\",\"datePublished\":\"2019-01-29T17:34:52+00:00\",\"dateModified\":\"2019-02-19T10:23:51+00:00\",\"description\":\"La inclusi\u00f3n financiera y su importancia en el empoderamiento econ\u00f3mico de la mujer, han sido los temas claves de esta reuni\u00f3n\",\"breadcrumb\":{\"@id\":\"https:\\\/\\\/www.fundacionmicrofinanzasbbva.org\\\/en\\\/la-fmbbva-y-caf-apuestan-por-la-inclusion-financiera\\\/#breadcrumb\"},\"inLanguage\":\"en-US\",\"potentialAction\":[{\"@type\":\"ReadAction\",\"target\":[\"https:\\\/\\\/www.fundacionmicrofinanzasbbva.org\\\/en\\\/la-fmbbva-y-caf-apuestan-por-la-inclusion-financiera\\\/\"]}]},{\"@type\":\"ImageObject\",\"inLanguage\":\"en-US\",\"@id\":\"https:\\\/\\\/www.fundacionmicrofinanzasbbva.org\\\/en\\\/la-fmbbva-y-caf-apuestan-por-la-inclusion-financiera\\\/#primaryimage\",\"url\":\"https:\\\/\\\/www.fundacionmicrofinanzasbbva.org\\\/wp-content\\\/uploads\\\/2019\\\/01\\\/Visita-CAF-a-FMBBVA.png\",\"contentUrl\":\"https:\\\/\\\/www.fundacionmicrofinanzasbbva.org\\\/wp-content\\\/uploads\\\/2019\\\/01\\\/Visita-CAF-a-FMBBVA.png\",\"width\":1278,\"height\":581},{\"@type\":\"BreadcrumbList\",\"@id\":\"https:\\\/\\\/www.fundacionmicrofinanzasbbva.org\\\/en\\\/la-fmbbva-y-caf-apuestan-por-la-inclusion-financiera\\\/#breadcrumb\",\"itemListElement\":[{\"@type\":\"ListItem\",\"position\":1,\"name\":\"Home\",\"item\":\"https:\\\/\\\/www.fundacionmicrofinanzasbbva.org\\\/en\\\/\"},{\"@type\":\"ListItem\",\"position\":2,\"name\":\"News\",\"item\":\"https:\\\/\\\/www.fundacionmicrofinanzasbbva.org\\\/en\\\/category\\\/news\\\/\"},{\"@type\":\"ListItem\",\"position\":3,\"name\":\"BBVAMF and CAF support financial inclusion\"}]},{\"@type\":\"WebSite\",\"@id\":\"https:\\\/\\\/www.fundacionmicrofinanzasbbva.org\\\/en\\\/#website\",\"url\":\"https:\\\/\\\/www.fundacionmicrofinanzasbbva.org\\\/en\\\/\",\"name\":\"Fundaci\u00f3n Microfinanzas BBVA\",\"description\":\"Fundaci\u00f3n Microfinanzas BBVA\",\"publisher\":{\"@id\":\"https:\\\/\\\/www.fundacionmicrofinanzasbbva.org\\\/en\\\/#organization\"},\"alternateName\":\"Fundaci\u00f3n Microfinanzas BBVA\",\"potentialAction\":[{\"@type\":\"SearchAction\",\"target\":{\"@type\":\"EntryPoint\",\"urlTemplate\":\"https:\\\/\\\/www.fundacionmicrofinanzasbbva.org\\\/en\\\/?s={search_term_string}\"},\"query-input\":{\"@type\":\"PropertyValueSpecification\",\"valueRequired\":true,\"valueName\":\"search_term_string\"}}],\"inLanguage\":\"en-US\"},{\"@type\":\"Organization\",\"@id\":\"https:\\\/\\\/www.fundacionmicrofinanzasbbva.org\\\/en\\\/#organization\",\"name\":\"Fundaci\u00f3n Microfinanzas BBVA\",\"alternateName\":\"Fundaci\u00f3n Microfinanzas BBVA\",\"url\":\"https:\\\/\\\/www.fundacionmicrofinanzasbbva.org\\\/en\\\/\",\"logo\":{\"@type\":\"ImageObject\",\"inLanguage\":\"en-US\",\"@id\":\"https:\\\/\\\/www.fundacionmicrofinanzasbbva.org\\\/en\\\/#\\\/schema\\\/logo\\\/image\\\/\",\"url\":\"https:\\\/\\\/www.fundacionmicrofinanzasbbva.org\\\/wp-content\\\/uploads\\\/2017\\\/01\\\/favicon.png\",\"contentUrl\":\"https:\\\/\\\/www.fundacionmicrofinanzasbbva.org\\\/wp-content\\\/uploads\\\/2017\\\/01\\\/favicon.png\",\"width\":130,\"height\":130,\"caption\":\"Fundaci\u00f3n Microfinanzas BBVA\"},\"image\":{\"@id\":\"https:\\\/\\\/www.fundacionmicrofinanzasbbva.org\\\/en\\\/#\\\/schema\\\/logo\\\/image\\\/\"},\"sameAs\":[\"https:\\\/\\\/www.facebook.com\\\/fundacionmicrofinanzasbbva\\\/\",\"https:\\\/\\\/x.com\\\/FMBBVA\",\"https:\\\/\\\/www.linkedin.com\\\/company\\\/fundaci\u00f3n-microfinanzas-bbva\\\/\"]},{\"@type\":\"Person\",\"@id\":\"https:\\\/\\\/www.fundacionmicrofinanzasbbva.org\\\/en\\\/#\\\/schema\\\/person\\\/dcc08d9d413af1c947cd093804347ac6\",\"name\":\"Karessa Ramos\"}]}<\/script>\n<!-- \/ Yoast SEO plugin. -->","yoast_head_json":{"title":"La FMBBVA y CAF apuestan por la inclusi\u00f3n financiera","description":"La inclusi\u00f3n financiera y su importancia en el empoderamiento econ\u00f3mico de la mujer, han sido los temas claves de esta reuni\u00f3n","robots":{"index":"index","follow":"follow","max-snippet":"max-snippet:-1","max-image-preview":"max-image-preview:large","max-video-preview":"max-video-preview:-1"},"canonical":"https:\/\/www.fundacionmicrofinanzasbbva.org\/en\/la-fmbbva-y-caf-apuestan-por-la-inclusion-financiera\/","og_locale":"en_US","og_type":"article","og_title":"La FMBBVA y CAF apuestan por la inclusi\u00f3n financiera","og_description":"La inclusi\u00f3n financiera y su importancia en el empoderamiento econ\u00f3mico de la mujer, han sido los temas claves de esta reuni\u00f3n","og_url":"https:\/\/www.fundacionmicrofinanzasbbva.org\/en\/la-fmbbva-y-caf-apuestan-por-la-inclusion-financiera\/","og_site_name":"Fundaci\u00f3n Microfinanzas BBVA","article_publisher":"https:\/\/www.facebook.com\/fundacionmicrofinanzasbbva\/","article_published_time":"2019-01-29T17:34:52+00:00","article_modified_time":"2019-02-19T10:23:51+00:00","og_image":[{"width":1278,"height":581,"url":"https:\/\/www.fundacionmicrofinanzasbbva.org\/wp-content\/uploads\/2019\/01\/Visita-CAF-a-FMBBVA.png","type":"image\/png"}],"author":"Karessa Ramos","twitter_card":"summary_large_image","twitter_creator":"@FMBBVA","twitter_site":"@FMBBVA","twitter_misc":{"Written by":"Karessa Ramos","Est. reading time":"1 minute"},"schema":{"@context":"https:\/\/schema.org","@graph":[{"@type":"Article","@id":"https:\/\/www.fundacionmicrofinanzasbbva.org\/en\/la-fmbbva-y-caf-apuestan-por-la-inclusion-financiera\/#article","isPartOf":{"@id":"https:\/\/www.fundacionmicrofinanzasbbva.org\/en\/la-fmbbva-y-caf-apuestan-por-la-inclusion-financiera\/"},"author":{"name":"Karessa Ramos","@id":"https:\/\/www.fundacionmicrofinanzasbbva.org\/en\/#\/schema\/person\/dcc08d9d413af1c947cd093804347ac6"},"headline":"BBVAMF and CAF support financial inclusion","datePublished":"2019-01-29T17:34:52+00:00","dateModified":"2019-02-19T10:23:51+00:00","mainEntityOfPage":{"@id":"https:\/\/www.fundacionmicrofinanzasbbva.org\/en\/la-fmbbva-y-caf-apuestan-por-la-inclusion-financiera\/"},"wordCount":211,"publisher":{"@id":"https:\/\/www.fundacionmicrofinanzasbbva.org\/en\/#organization"},"image":{"@id":"https:\/\/www.fundacionmicrofinanzasbbva.org\/en\/la-fmbbva-y-caf-apuestan-por-la-inclusion-financiera\/#primaryimage"},"thumbnailUrl":"https:\/\/www.fundacionmicrofinanzasbbva.org\/wp-content\/uploads\/2019\/01\/Visita-CAF-a-FMBBVA.png","keywords":["Ambassador Jos\u00e9 Antonio Garc\u00eda Bela\u00fande","Banco de Desarrollo de Am\u00e9rica Latina","BBVAMF","CAF","CAF","CAF- Development Bank of Latin America","Embajador Jos\u00e9 Antonio Garc\u00eda Bela\u00fande","empoderamiento de la mujer","environment","financial inclusion","FMBBVA","inclusi\u00f3n financiera","Medici\u00f3n de impacto social","medio ambiente","mujer","Mujer FMBBVA","Social impact measurement","Women's Empowerment"],"articleSection":["News"],"inLanguage":"en-US"},{"@type":"WebPage","@id":"https:\/\/www.fundacionmicrofinanzasbbva.org\/en\/la-fmbbva-y-caf-apuestan-por-la-inclusion-financiera\/","url":"https:\/\/www.fundacionmicrofinanzasbbva.org\/en\/la-fmbbva-y-caf-apuestan-por-la-inclusion-financiera\/","name":"La FMBBVA y CAF apuestan por la inclusi\u00f3n financiera","isPartOf":{"@id":"https:\/\/www.fundacionmicrofinanzasbbva.org\/en\/#website"},"primaryImageOfPage":{"@id":"https:\/\/www.fundacionmicrofinanzasbbva.org\/en\/la-fmbbva-y-caf-apuestan-por-la-inclusion-financiera\/#primaryimage"},"image":{"@id":"https:\/\/www.fundacionmicrofinanzasbbva.org\/en\/la-fmbbva-y-caf-apuestan-por-la-inclusion-financiera\/#primaryimage"},"thumbnailUrl":"https:\/\/www.fundacionmicrofinanzasbbva.org\/wp-content\/uploads\/2019\/01\/Visita-CAF-a-FMBBVA.png","datePublished":"2019-01-29T17:34:52+00:00","dateModified":"2019-02-19T10:23:51+00:00","description":"La inclusi\u00f3n financiera y su importancia en el empoderamiento econ\u00f3mico de la mujer, han sido los temas claves de esta reuni\u00f3n","breadcrumb":{"@id":"https:\/\/www.fundacionmicrofinanzasbbva.org\/en\/la-fmbbva-y-caf-apuestan-por-la-inclusion-financiera\/#breadcrumb"},"inLanguage":"en-US","potentialAction":[{"@type":"ReadAction","target":["https:\/\/www.fundacionmicrofinanzasbbva.org\/en\/la-fmbbva-y-caf-apuestan-por-la-inclusion-financiera\/"]}]},{"@type":"ImageObject","inLanguage":"en-US","@id":"https:\/\/www.fundacionmicrofinanzasbbva.org\/en\/la-fmbbva-y-caf-apuestan-por-la-inclusion-financiera\/#primaryimage","url":"https:\/\/www.fundacionmicrofinanzasbbva.org\/wp-content\/uploads\/2019\/01\/Visita-CAF-a-FMBBVA.png","contentUrl":"https:\/\/www.fundacionmicrofinanzasbbva.org\/wp-content\/uploads\/2019\/01\/Visita-CAF-a-FMBBVA.png","width":1278,"height":581},{"@type":"BreadcrumbList","@id":"https:\/\/www.fundacionmicrofinanzasbbva.org\/en\/la-fmbbva-y-caf-apuestan-por-la-inclusion-financiera\/#breadcrumb","itemListElement":[{"@type":"ListItem","position":1,"name":"Home","item":"https:\/\/www.fundacionmicrofinanzasbbva.org\/en\/"},{"@type":"ListItem","position":2,"name":"News","item":"https:\/\/www.fundacionmicrofinanzasbbva.org\/en\/category\/news\/"},{"@type":"ListItem","position":3,"name":"BBVAMF and CAF support financial inclusion"}]},{"@type":"WebSite","@id":"https:\/\/www.fundacionmicrofinanzasbbva.org\/en\/#website","url":"https:\/\/www.fundacionmicrofinanzasbbva.org\/en\/","name":"Fundaci\u00f3n Microfinanzas BBVA","description":"Fundaci\u00f3n Microfinanzas BBVA","publisher":{"@id":"https:\/\/www.fundacionmicrofinanzasbbva.org\/en\/#organization"},"alternateName":"Fundaci\u00f3n Microfinanzas BBVA","potentialAction":[{"@type":"SearchAction","target":{"@type":"EntryPoint","urlTemplate":"https:\/\/www.fundacionmicrofinanzasbbva.org\/en\/?s={search_term_string}"},"query-input":{"@type":"PropertyValueSpecification","valueRequired":true,"valueName":"search_term_string"}}],"inLanguage":"en-US"},{"@type":"Organization","@id":"https:\/\/www.fundacionmicrofinanzasbbva.org\/en\/#organization","name":"Fundaci\u00f3n Microfinanzas BBVA","alternateName":"Fundaci\u00f3n Microfinanzas BBVA","url":"https:\/\/www.fundacionmicrofinanzasbbva.org\/en\/","logo":{"@type":"ImageObject","inLanguage":"en-US","@id":"https:\/\/www.fundacionmicrofinanzasbbva.org\/en\/#\/schema\/logo\/image\/","url":"https:\/\/www.fundacionmicrofinanzasbbva.org\/wp-content\/uploads\/2017\/01\/favicon.png","contentUrl":"https:\/\/www.fundacionmicrofinanzasbbva.org\/wp-content\/uploads\/2017\/01\/favicon.png","width":130,"height":130,"caption":"Fundaci\u00f3n Microfinanzas BBVA"},"image":{"@id":"https:\/\/www.fundacionmicrofinanzasbbva.org\/en\/#\/schema\/logo\/image\/"},"sameAs":["https:\/\/www.facebook.com\/fundacionmicrofinanzasbbva\/","https:\/\/x.com\/FMBBVA","https:\/\/www.linkedin.com\/company\/fundaci\u00f3n-microfinanzas-bbva\/"]},{"@type":"Person","@id":"https:\/\/www.fundacionmicrofinanzasbbva.org\/en\/#\/schema\/person\/dcc08d9d413af1c947cd093804347ac6","name":"Karessa Ramos"}]}},"_links":{"self":[{"href":"https:\/\/www.fundacionmicrofinanzasbbva.org\/en\/wp-json\/wp\/v2\/posts\/23861","targetHints":{"allow":["GET"]}}],"collection":[{"href":"https:\/\/www.fundacionmicrofinanzasbbva.org\/en\/wp-json\/wp\/v2\/posts"}],"about":[{"href":"https:\/\/www.fundacionmicrofinanzasbbva.org\/en\/wp-json\/wp\/v2\/types\/post"}],"author":[{"embeddable":true,"href":"https:\/\/www.fundacionmicrofinanzasbbva.org\/en\/wp-json\/wp\/v2\/users\/13"}],"replies":[{"embeddable":true,"href":"https:\/\/www.fundacionmicrofinanzasbbva.org\/en\/wp-json\/wp\/v2\/comments?post=23861"}],"version-history":[{"count":0,"href":"https:\/\/www.fundacionmicrofinanzasbbva.org\/en\/wp-json\/wp\/v2\/posts\/23861\/revisions"}],"wp:featuredmedia":[{"embeddable":true,"href":"https:\/\/www.fundacionmicrofinanzasbbva.org\/en\/wp-json\/wp\/v2\/media\/23376"}],"wp:attachment":[{"href":"https:\/\/www.fundacionmicrofinanzasbbva.org\/en\/wp-json\/wp\/v2\/media?parent=23861"}],"wp:term":[{"taxonomy":"category","embeddable":true,"href":"https:\/\/www.fundacionmicrofinanzasbbva.org\/en\/wp-json\/wp\/v2\/categories?post=23861"},{"taxonomy":"post_tag","embeddable":true,"href":"https:\/\/www.fundacionmicrofinanzasbbva.org\/en\/wp-json\/wp\/v2\/tags?post=23861"}],"curies":[{"name":"wp","href":"https:\/\/api.w.org\/{rel}","templated":true}]}}