{"id":23795,"date":"2018-11-22T18:19:40","date_gmt":"2018-11-22T17:19:40","guid":{"rendered":"http:\/\/www.fundacionmicrofinanzasbbva.org\/en\/daniel-oblitas-tejada-nuevo-gerente-general-microserfin\/"},"modified":"2019-02-18T12:43:14","modified_gmt":"2019-02-18T11:43:14","slug":"daniel-oblitas-tejada-nuevo-gerente-general-microserfin","status":"publish","type":"post","link":"https:\/\/www.fundacionmicrofinanzasbbva.org\/en\/daniel-oblitas-tejada-nuevo-gerente-general-microserfin\/","title":{"rendered":"Daniel Oblitas Tejada, new general manager of Microserfin"},"content":{"rendered":"<p><strong>Daniel Oblitas Tejada<\/strong>, a nationalized Panamanian originally from Peru, has taken on the position of General Manager of <a href=\"http:\/\/www.fundacionmicrofinanzasbbva.org\/en\/entidades\/microserfin\/\">Microserfin<\/a>, BBVA Microfinance Foundation\u2019s institution in Panama.<\/p>\n<p>He has a degree in Economics from the Catholic University of Peru and an MBA from IESE Business School (Navarre University) in Spain, not to mention 25 years\u2019 experience in banking. He was the CEO of Banco Azteca Panama and prior to that headed up AllBank Corp. Other roles have included Senior Vice-President of Finance, Treasury &amp; Integrated Risk Management in BAC Credomatic (Aval Group) in Panama.<\/p>\n<img loading=\"lazy\" decoding=\"async\" class=\"aligncenter wp-image-22126 size-large\" src=\"http:\/\/www.fundacionmicrofinanzasbbva.org\/wp-content\/uploads\/2018\/11\/gerente-1-696x617@2x-1024x608.jpg\" alt=\"\" width=\"680\" height=\"404\" \/>\n<p>In <a href=\"https:\/\/www.bbva.com\/en\/\" target=\"_blank\" rel=\"noopener\">BBVA<\/a>, between Panama and Peru, he has held the positions of Vice-President of Finance &amp; Risk, Chief Auditing Officer, Marketing Manager, Retail Network Manager and Head of Corporate Finance.<\/p>\n<p>His experience in business administration, management of retail and commercial banking, finance and risk, transforming organizations to make them more innovative and efficient, brings important added value to Microserfin.<\/p>\n<p>Oblitas takes the helm from Luis Germ\u00e1n Linares, as Mr Linares has gone on to be general manager of Financiera Confianza, having consolidated Microserfin\u2019s position as a benchmark in the Panamanian microfinance sector.<\/p>\n","protected":false},"excerpt":{"rendered":"<p>Daniel Oblitas Tejada, a nationalized Panamanian originally from Peru, has taken on the position of General Manager of Microserfin, BBVA Microfinance Foundation\u2019s institution in Panama&#8230;.  <a class=\"excerpt-read-more\" href=\"https:\/\/www.fundacionmicrofinanzasbbva.org\/en\/daniel-oblitas-tejada-nuevo-gerente-general-microserfin\/\" title=\"Read Daniel Oblitas Tejada, new general manager of Microserfin\">Read more &raquo;<\/a><\/p>\n","protected":false},"author":13,"featured_media":22133,"comment_status":"closed","ping_status":"closed","sticky":false,"template":"","format":"standard","meta":{"_acf_changed":false,"footnotes":""},"categories":[1437],"tags":[810,2732,2917,2919,2733,172,2117,50,1540,1850],"class_list":["post-23795","post","type-post","status-publish","format-standard","has-post-thumbnail","hentry","category-news","tag-appointment","tag-daniel-oblitas-tejada","tag-daniel-oblitas-tejada-en","tag-general-manager","tag-gerente-general","tag-microserfin","tag-microserfin-en","tag-nombramiento","tag-panama","tag-panama-en","paises-panama"],"acf":[],"yoast_head":"<!-- This site is optimized with the Yoast SEO plugin v27.4 - https:\/\/yoast.com\/product\/yoast-seo-wordpress\/ -->\n<title>Daniel Oblitas Tejada, nuevo gerente general de Microserfin<\/title>\n<meta name=\"description\" content=\"De origen peruano y nacionalizado paname\u00f1o, Daniel Oblitas Tejada, asume la gerencia general de Microserfin, entidad de la Fundaci\u00f3n Microfinanzas BBVA en Panam\u00e1.\" \/>\n<meta name=\"robots\" content=\"index, follow, max-snippet:-1, max-image-preview:large, max-video-preview:-1\" \/>\n<link rel=\"canonical\" href=\"https:\/\/www.fundacionmicrofinanzasbbva.org\/en\/daniel-oblitas-tejada-nuevo-gerente-general-microserfin\/\" \/>\n<meta property=\"og:locale\" content=\"en_US\" \/>\n<meta property=\"og:type\" content=\"article\" \/>\n<meta property=\"og:title\" content=\"Daniel Oblitas Tejada, nuevo gerente general de Microserfin\" \/>\n<meta property=\"og:description\" content=\"De origen peruano y nacionalizado paname\u00f1o, Daniel Oblitas Tejada, asume la gerencia general de Microserfin, entidad de la Fundaci\u00f3n Microfinanzas BBVA en Panam\u00e1.\" \/>\n<meta property=\"og:url\" content=\"https:\/\/www.fundacionmicrofinanzasbbva.org\/en\/daniel-oblitas-tejada-nuevo-gerente-general-microserfin\/\" \/>\n<meta property=\"og:site_name\" content=\"Fundaci\u00f3n Microfinanzas BBVA\" \/>\n<meta property=\"article:publisher\" content=\"https:\/\/www.facebook.com\/fundacionmicrofinanzasbbva\/\" \/>\n<meta property=\"article:published_time\" content=\"2018-11-22T17:19:40+00:00\" \/>\n<meta property=\"article:modified_time\" content=\"2019-02-18T11:43:14+00:00\" \/>\n<meta property=\"og:image\" content=\"https:\/\/www.fundacionmicrofinanzasbbva.org\/wp-content\/uploads\/2018\/11\/Sucurusal-Microserfin.jpg\" \/>\n\t<meta property=\"og:image:width\" content=\"1920\" \/>\n\t<meta property=\"og:image:height\" content=\"475\" \/>\n\t<meta property=\"og:image:type\" content=\"image\/jpeg\" \/>\n<meta name=\"author\" content=\"Karessa Ramos\" \/>\n<meta name=\"twitter:card\" content=\"summary_large_image\" \/>\n<meta name=\"twitter:creator\" content=\"@FMBBVA\" \/>\n<meta name=\"twitter:site\" content=\"@FMBBVA\" \/>\n<meta name=\"twitter:label1\" content=\"Written by\" \/>\n\t<meta name=\"twitter:data1\" content=\"Karessa Ramos\" \/>\n\t<meta name=\"twitter:label2\" content=\"Est. reading time\" \/>\n\t<meta name=\"twitter:data2\" content=\"1 minute\" \/>\n<script type=\"application\/ld+json\" class=\"yoast-schema-graph\">{\"@context\":\"https:\\\/\\\/schema.org\",\"@graph\":[{\"@type\":\"Article\",\"@id\":\"https:\\\/\\\/www.fundacionmicrofinanzasbbva.org\\\/en\\\/daniel-oblitas-tejada-nuevo-gerente-general-microserfin\\\/#article\",\"isPartOf\":{\"@id\":\"https:\\\/\\\/www.fundacionmicrofinanzasbbva.org\\\/en\\\/daniel-oblitas-tejada-nuevo-gerente-general-microserfin\\\/\"},\"author\":{\"name\":\"Karessa Ramos\",\"@id\":\"https:\\\/\\\/www.fundacionmicrofinanzasbbva.org\\\/en\\\/#\\\/schema\\\/person\\\/dcc08d9d413af1c947cd093804347ac6\"},\"headline\":\"Daniel Oblitas Tejada, new general manager of Microserfin\",\"datePublished\":\"2018-11-22T17:19:40+00:00\",\"dateModified\":\"2019-02-18T11:43:14+00:00\",\"mainEntityOfPage\":{\"@id\":\"https:\\\/\\\/www.fundacionmicrofinanzasbbva.org\\\/en\\\/daniel-oblitas-tejada-nuevo-gerente-general-microserfin\\\/\"},\"wordCount\":194,\"publisher\":{\"@id\":\"https:\\\/\\\/www.fundacionmicrofinanzasbbva.org\\\/en\\\/#organization\"},\"image\":{\"@id\":\"https:\\\/\\\/www.fundacionmicrofinanzasbbva.org\\\/en\\\/daniel-oblitas-tejada-nuevo-gerente-general-microserfin\\\/#primaryimage\"},\"thumbnailUrl\":\"https:\\\/\\\/www.fundacionmicrofinanzasbbva.org\\\/wp-content\\\/uploads\\\/2018\\\/11\\\/Sucurusal-Microserfin.jpg\",\"keywords\":[\"Appointment\",\"Daniel Oblitas Tejada\",\"Daniel Oblitas Tejada\",\"general manager\",\"Gerente General\",\"Microserfin\",\"Microserfin\",\"nombramiento\",\"panam\u00e1\",\"panam\u00e1\"],\"articleSection\":[\"News\"],\"inLanguage\":\"en-US\"},{\"@type\":\"WebPage\",\"@id\":\"https:\\\/\\\/www.fundacionmicrofinanzasbbva.org\\\/en\\\/daniel-oblitas-tejada-nuevo-gerente-general-microserfin\\\/\",\"url\":\"https:\\\/\\\/www.fundacionmicrofinanzasbbva.org\\\/en\\\/daniel-oblitas-tejada-nuevo-gerente-general-microserfin\\\/\",\"name\":\"Daniel Oblitas Tejada, nuevo gerente general de Microserfin\",\"isPartOf\":{\"@id\":\"https:\\\/\\\/www.fundacionmicrofinanzasbbva.org\\\/en\\\/#website\"},\"primaryImageOfPage\":{\"@id\":\"https:\\\/\\\/www.fundacionmicrofinanzasbbva.org\\\/en\\\/daniel-oblitas-tejada-nuevo-gerente-general-microserfin\\\/#primaryimage\"},\"image\":{\"@id\":\"https:\\\/\\\/www.fundacionmicrofinanzasbbva.org\\\/en\\\/daniel-oblitas-tejada-nuevo-gerente-general-microserfin\\\/#primaryimage\"},\"thumbnailUrl\":\"https:\\\/\\\/www.fundacionmicrofinanzasbbva.org\\\/wp-content\\\/uploads\\\/2018\\\/11\\\/Sucurusal-Microserfin.jpg\",\"datePublished\":\"2018-11-22T17:19:40+00:00\",\"dateModified\":\"2019-02-18T11:43:14+00:00\",\"description\":\"De origen peruano y nacionalizado paname\u00f1o, Daniel Oblitas Tejada, asume la gerencia general de Microserfin, entidad de la Fundaci\u00f3n Microfinanzas BBVA en Panam\u00e1.\",\"breadcrumb\":{\"@id\":\"https:\\\/\\\/www.fundacionmicrofinanzasbbva.org\\\/en\\\/daniel-oblitas-tejada-nuevo-gerente-general-microserfin\\\/#breadcrumb\"},\"inLanguage\":\"en-US\",\"potentialAction\":[{\"@type\":\"ReadAction\",\"target\":[\"https:\\\/\\\/www.fundacionmicrofinanzasbbva.org\\\/en\\\/daniel-oblitas-tejada-nuevo-gerente-general-microserfin\\\/\"]}]},{\"@type\":\"ImageObject\",\"inLanguage\":\"en-US\",\"@id\":\"https:\\\/\\\/www.fundacionmicrofinanzasbbva.org\\\/en\\\/daniel-oblitas-tejada-nuevo-gerente-general-microserfin\\\/#primaryimage\",\"url\":\"https:\\\/\\\/www.fundacionmicrofinanzasbbva.org\\\/wp-content\\\/uploads\\\/2018\\\/11\\\/Sucurusal-Microserfin.jpg\",\"contentUrl\":\"https:\\\/\\\/www.fundacionmicrofinanzasbbva.org\\\/wp-content\\\/uploads\\\/2018\\\/11\\\/Sucurusal-Microserfin.jpg\",\"width\":1920,\"height\":475},{\"@type\":\"BreadcrumbList\",\"@id\":\"https:\\\/\\\/www.fundacionmicrofinanzasbbva.org\\\/en\\\/daniel-oblitas-tejada-nuevo-gerente-general-microserfin\\\/#breadcrumb\",\"itemListElement\":[{\"@type\":\"ListItem\",\"position\":1,\"name\":\"Home\",\"item\":\"https:\\\/\\\/www.fundacionmicrofinanzasbbva.org\\\/en\\\/\"},{\"@type\":\"ListItem\",\"position\":2,\"name\":\"News\",\"item\":\"https:\\\/\\\/www.fundacionmicrofinanzasbbva.org\\\/en\\\/category\\\/news\\\/\"},{\"@type\":\"ListItem\",\"position\":3,\"name\":\"Daniel Oblitas Tejada, new general manager of Microserfin\"}]},{\"@type\":\"WebSite\",\"@id\":\"https:\\\/\\\/www.fundacionmicrofinanzasbbva.org\\\/en\\\/#website\",\"url\":\"https:\\\/\\\/www.fundacionmicrofinanzasbbva.org\\\/en\\\/\",\"name\":\"Fundaci\u00f3n Microfinanzas BBVA\",\"description\":\"Fundaci\u00f3n Microfinanzas BBVA\",\"publisher\":{\"@id\":\"https:\\\/\\\/www.fundacionmicrofinanzasbbva.org\\\/en\\\/#organization\"},\"alternateName\":\"Fundaci\u00f3n Microfinanzas BBVA\",\"potentialAction\":[{\"@type\":\"SearchAction\",\"target\":{\"@type\":\"EntryPoint\",\"urlTemplate\":\"https:\\\/\\\/www.fundacionmicrofinanzasbbva.org\\\/en\\\/?s={search_term_string}\"},\"query-input\":{\"@type\":\"PropertyValueSpecification\",\"valueRequired\":true,\"valueName\":\"search_term_string\"}}],\"inLanguage\":\"en-US\"},{\"@type\":\"Organization\",\"@id\":\"https:\\\/\\\/www.fundacionmicrofinanzasbbva.org\\\/en\\\/#organization\",\"name\":\"Fundaci\u00f3n Microfinanzas BBVA\",\"alternateName\":\"Fundaci\u00f3n Microfinanzas BBVA\",\"url\":\"https:\\\/\\\/www.fundacionmicrofinanzasbbva.org\\\/en\\\/\",\"logo\":{\"@type\":\"ImageObject\",\"inLanguage\":\"en-US\",\"@id\":\"https:\\\/\\\/www.fundacionmicrofinanzasbbva.org\\\/en\\\/#\\\/schema\\\/logo\\\/image\\\/\",\"url\":\"https:\\\/\\\/www.fundacionmicrofinanzasbbva.org\\\/wp-content\\\/uploads\\\/2017\\\/01\\\/favicon.png\",\"contentUrl\":\"https:\\\/\\\/www.fundacionmicrofinanzasbbva.org\\\/wp-content\\\/uploads\\\/2017\\\/01\\\/favicon.png\",\"width\":130,\"height\":130,\"caption\":\"Fundaci\u00f3n Microfinanzas BBVA\"},\"image\":{\"@id\":\"https:\\\/\\\/www.fundacionmicrofinanzasbbva.org\\\/en\\\/#\\\/schema\\\/logo\\\/image\\\/\"},\"sameAs\":[\"https:\\\/\\\/www.facebook.com\\\/fundacionmicrofinanzasbbva\\\/\",\"https:\\\/\\\/x.com\\\/FMBBVA\",\"https:\\\/\\\/www.linkedin.com\\\/company\\\/fundaci\u00f3n-microfinanzas-bbva\\\/\"]},{\"@type\":\"Person\",\"@id\":\"https:\\\/\\\/www.fundacionmicrofinanzasbbva.org\\\/en\\\/#\\\/schema\\\/person\\\/dcc08d9d413af1c947cd093804347ac6\",\"name\":\"Karessa Ramos\"}]}<\/script>\n<!-- \/ Yoast SEO plugin. -->","yoast_head_json":{"title":"Daniel Oblitas Tejada, nuevo gerente general de Microserfin","description":"De origen peruano y nacionalizado paname\u00f1o, Daniel Oblitas Tejada, asume la gerencia general de Microserfin, entidad de la Fundaci\u00f3n Microfinanzas BBVA en Panam\u00e1.","robots":{"index":"index","follow":"follow","max-snippet":"max-snippet:-1","max-image-preview":"max-image-preview:large","max-video-preview":"max-video-preview:-1"},"canonical":"https:\/\/www.fundacionmicrofinanzasbbva.org\/en\/daniel-oblitas-tejada-nuevo-gerente-general-microserfin\/","og_locale":"en_US","og_type":"article","og_title":"Daniel Oblitas Tejada, nuevo gerente general de Microserfin","og_description":"De origen peruano y nacionalizado paname\u00f1o, Daniel Oblitas Tejada, asume la gerencia general de Microserfin, entidad de la Fundaci\u00f3n Microfinanzas BBVA en Panam\u00e1.","og_url":"https:\/\/www.fundacionmicrofinanzasbbva.org\/en\/daniel-oblitas-tejada-nuevo-gerente-general-microserfin\/","og_site_name":"Fundaci\u00f3n Microfinanzas BBVA","article_publisher":"https:\/\/www.facebook.com\/fundacionmicrofinanzasbbva\/","article_published_time":"2018-11-22T17:19:40+00:00","article_modified_time":"2019-02-18T11:43:14+00:00","og_image":[{"width":1920,"height":475,"url":"https:\/\/www.fundacionmicrofinanzasbbva.org\/wp-content\/uploads\/2018\/11\/Sucurusal-Microserfin.jpg","type":"image\/jpeg"}],"author":"Karessa Ramos","twitter_card":"summary_large_image","twitter_creator":"@FMBBVA","twitter_site":"@FMBBVA","twitter_misc":{"Written by":"Karessa Ramos","Est. reading time":"1 minute"},"schema":{"@context":"https:\/\/schema.org","@graph":[{"@type":"Article","@id":"https:\/\/www.fundacionmicrofinanzasbbva.org\/en\/daniel-oblitas-tejada-nuevo-gerente-general-microserfin\/#article","isPartOf":{"@id":"https:\/\/www.fundacionmicrofinanzasbbva.org\/en\/daniel-oblitas-tejada-nuevo-gerente-general-microserfin\/"},"author":{"name":"Karessa Ramos","@id":"https:\/\/www.fundacionmicrofinanzasbbva.org\/en\/#\/schema\/person\/dcc08d9d413af1c947cd093804347ac6"},"headline":"Daniel Oblitas Tejada, new general manager of Microserfin","datePublished":"2018-11-22T17:19:40+00:00","dateModified":"2019-02-18T11:43:14+00:00","mainEntityOfPage":{"@id":"https:\/\/www.fundacionmicrofinanzasbbva.org\/en\/daniel-oblitas-tejada-nuevo-gerente-general-microserfin\/"},"wordCount":194,"publisher":{"@id":"https:\/\/www.fundacionmicrofinanzasbbva.org\/en\/#organization"},"image":{"@id":"https:\/\/www.fundacionmicrofinanzasbbva.org\/en\/daniel-oblitas-tejada-nuevo-gerente-general-microserfin\/#primaryimage"},"thumbnailUrl":"https:\/\/www.fundacionmicrofinanzasbbva.org\/wp-content\/uploads\/2018\/11\/Sucurusal-Microserfin.jpg","keywords":["Appointment","Daniel Oblitas Tejada","Daniel Oblitas Tejada","general manager","Gerente General","Microserfin","Microserfin","nombramiento","panam\u00e1","panam\u00e1"],"articleSection":["News"],"inLanguage":"en-US"},{"@type":"WebPage","@id":"https:\/\/www.fundacionmicrofinanzasbbva.org\/en\/daniel-oblitas-tejada-nuevo-gerente-general-microserfin\/","url":"https:\/\/www.fundacionmicrofinanzasbbva.org\/en\/daniel-oblitas-tejada-nuevo-gerente-general-microserfin\/","name":"Daniel Oblitas Tejada, nuevo gerente general de Microserfin","isPartOf":{"@id":"https:\/\/www.fundacionmicrofinanzasbbva.org\/en\/#website"},"primaryImageOfPage":{"@id":"https:\/\/www.fundacionmicrofinanzasbbva.org\/en\/daniel-oblitas-tejada-nuevo-gerente-general-microserfin\/#primaryimage"},"image":{"@id":"https:\/\/www.fundacionmicrofinanzasbbva.org\/en\/daniel-oblitas-tejada-nuevo-gerente-general-microserfin\/#primaryimage"},"thumbnailUrl":"https:\/\/www.fundacionmicrofinanzasbbva.org\/wp-content\/uploads\/2018\/11\/Sucurusal-Microserfin.jpg","datePublished":"2018-11-22T17:19:40+00:00","dateModified":"2019-02-18T11:43:14+00:00","description":"De origen peruano y nacionalizado paname\u00f1o, Daniel Oblitas Tejada, asume la gerencia general de Microserfin, entidad de la Fundaci\u00f3n Microfinanzas BBVA en Panam\u00e1.","breadcrumb":{"@id":"https:\/\/www.fundacionmicrofinanzasbbva.org\/en\/daniel-oblitas-tejada-nuevo-gerente-general-microserfin\/#breadcrumb"},"inLanguage":"en-US","potentialAction":[{"@type":"ReadAction","target":["https:\/\/www.fundacionmicrofinanzasbbva.org\/en\/daniel-oblitas-tejada-nuevo-gerente-general-microserfin\/"]}]},{"@type":"ImageObject","inLanguage":"en-US","@id":"https:\/\/www.fundacionmicrofinanzasbbva.org\/en\/daniel-oblitas-tejada-nuevo-gerente-general-microserfin\/#primaryimage","url":"https:\/\/www.fundacionmicrofinanzasbbva.org\/wp-content\/uploads\/2018\/11\/Sucurusal-Microserfin.jpg","contentUrl":"https:\/\/www.fundacionmicrofinanzasbbva.org\/wp-content\/uploads\/2018\/11\/Sucurusal-Microserfin.jpg","width":1920,"height":475},{"@type":"BreadcrumbList","@id":"https:\/\/www.fundacionmicrofinanzasbbva.org\/en\/daniel-oblitas-tejada-nuevo-gerente-general-microserfin\/#breadcrumb","itemListElement":[{"@type":"ListItem","position":1,"name":"Home","item":"https:\/\/www.fundacionmicrofinanzasbbva.org\/en\/"},{"@type":"ListItem","position":2,"name":"News","item":"https:\/\/www.fundacionmicrofinanzasbbva.org\/en\/category\/news\/"},{"@type":"ListItem","position":3,"name":"Daniel Oblitas Tejada, new general manager of Microserfin"}]},{"@type":"WebSite","@id":"https:\/\/www.fundacionmicrofinanzasbbva.org\/en\/#website","url":"https:\/\/www.fundacionmicrofinanzasbbva.org\/en\/","name":"Fundaci\u00f3n Microfinanzas BBVA","description":"Fundaci\u00f3n Microfinanzas BBVA","publisher":{"@id":"https:\/\/www.fundacionmicrofinanzasbbva.org\/en\/#organization"},"alternateName":"Fundaci\u00f3n Microfinanzas BBVA","potentialAction":[{"@type":"SearchAction","target":{"@type":"EntryPoint","urlTemplate":"https:\/\/www.fundacionmicrofinanzasbbva.org\/en\/?s={search_term_string}"},"query-input":{"@type":"PropertyValueSpecification","valueRequired":true,"valueName":"search_term_string"}}],"inLanguage":"en-US"},{"@type":"Organization","@id":"https:\/\/www.fundacionmicrofinanzasbbva.org\/en\/#organization","name":"Fundaci\u00f3n Microfinanzas BBVA","alternateName":"Fundaci\u00f3n Microfinanzas BBVA","url":"https:\/\/www.fundacionmicrofinanzasbbva.org\/en\/","logo":{"@type":"ImageObject","inLanguage":"en-US","@id":"https:\/\/www.fundacionmicrofinanzasbbva.org\/en\/#\/schema\/logo\/image\/","url":"https:\/\/www.fundacionmicrofinanzasbbva.org\/wp-content\/uploads\/2017\/01\/favicon.png","contentUrl":"https:\/\/www.fundacionmicrofinanzasbbva.org\/wp-content\/uploads\/2017\/01\/favicon.png","width":130,"height":130,"caption":"Fundaci\u00f3n Microfinanzas BBVA"},"image":{"@id":"https:\/\/www.fundacionmicrofinanzasbbva.org\/en\/#\/schema\/logo\/image\/"},"sameAs":["https:\/\/www.facebook.com\/fundacionmicrofinanzasbbva\/","https:\/\/x.com\/FMBBVA","https:\/\/www.linkedin.com\/company\/fundaci\u00f3n-microfinanzas-bbva\/"]},{"@type":"Person","@id":"https:\/\/www.fundacionmicrofinanzasbbva.org\/en\/#\/schema\/person\/dcc08d9d413af1c947cd093804347ac6","name":"Karessa Ramos"}]}},"_links":{"self":[{"href":"https:\/\/www.fundacionmicrofinanzasbbva.org\/en\/wp-json\/wp\/v2\/posts\/23795","targetHints":{"allow":["GET"]}}],"collection":[{"href":"https:\/\/www.fundacionmicrofinanzasbbva.org\/en\/wp-json\/wp\/v2\/posts"}],"about":[{"href":"https:\/\/www.fundacionmicrofinanzasbbva.org\/en\/wp-json\/wp\/v2\/types\/post"}],"author":[{"embeddable":true,"href":"https:\/\/www.fundacionmicrofinanzasbbva.org\/en\/wp-json\/wp\/v2\/users\/13"}],"replies":[{"embeddable":true,"href":"https:\/\/www.fundacionmicrofinanzasbbva.org\/en\/wp-json\/wp\/v2\/comments?post=23795"}],"version-history":[{"count":0,"href":"https:\/\/www.fundacionmicrofinanzasbbva.org\/en\/wp-json\/wp\/v2\/posts\/23795\/revisions"}],"wp:featuredmedia":[{"embeddable":true,"href":"https:\/\/www.fundacionmicrofinanzasbbva.org\/en\/wp-json\/wp\/v2\/media\/22133"}],"wp:attachment":[{"href":"https:\/\/www.fundacionmicrofinanzasbbva.org\/en\/wp-json\/wp\/v2\/media?parent=23795"}],"wp:term":[{"taxonomy":"category","embeddable":true,"href":"https:\/\/www.fundacionmicrofinanzasbbva.org\/en\/wp-json\/wp\/v2\/categories?post=23795"},{"taxonomy":"post_tag","embeddable":true,"href":"https:\/\/www.fundacionmicrofinanzasbbva.org\/en\/wp-json\/wp\/v2\/tags?post=23795"}],"curies":[{"name":"wp","href":"https:\/\/api.w.org\/{rel}","templated":true}]}}