{"id":21922,"date":"2018-10-29T13:36:03","date_gmt":"2018-10-29T12:36:03","guid":{"rendered":"http:\/\/www.fundacionmicrofinanzasbbva.org\/en\/la-fundacion-microfinanzas-bbva-entidad-bancamia-intervienen-foromic-reinventando-la-inclusion\/"},"modified":"2018-12-10T16:17:01","modified_gmt":"2018-12-10T15:17:01","slug":"la-fundacion-microfinanzas-bbva-entidad-bancamia-intervienen-foromic-reinventando-la-inclusion","status":"publish","type":"post","link":"https:\/\/www.fundacionmicrofinanzasbbva.org\/en\/la-fundacion-microfinanzas-bbva-entidad-bancamia-intervienen-foromic-reinventando-la-inclusion\/","title":{"rendered":"BBVA Microfinance Foundation and its MFI, Bancam\u00eda, participate in Foromic, \u201cReinventing inclusion\u201d"},"content":{"rendered":"<p>BBVA Microfinance Foundation and <a href=\"http:\/\/www.fundacionmicrofinanzasbbva.org\/en\/entidades\/bancamia\/\">Bancam\u00eda<\/a>, its Colombian MFI, participate in <a href=\"http:\/\/www.fomin-events.com\/foromic\/2018\/web\/index-en.php\" target=\"_blank\" rel=\"noopener\">Foromic<\/a>. Organized by the <a href=\"https:\/\/www.iadb.org\/en\" target=\"_blank\" rel=\"noopener\">Interamerican Development Bank<\/a> and the <a href=\"https:\/\/id.presidencia.gov.co\/Paginas\/presidencia.aspx\" target=\"_blank\" rel=\"noopener\">Government of Colombia<\/a>, it stands as Latin America\u2019s main event in financial inclusion.<\/p>\n<p>Under the banner \u201cReinventing inclusion\u201d, innovation, driven by upcoming technology and disruptive business models, will be one of the topics to be discussed, as it transforms the concept of financial inclusion, entrepreneurship and developing new abilities.<\/p>\n<p>On the 29<sup>th<\/sup> of October, Miguel \u00c1ngel Charria, executive president for Bancam\u00eda, will participate in the panel \u201cReducing barriers and costs of financial services\u201d, included in the block entitled <em>Finance in evolution.<\/em><\/p>\n<p>On the 31st October, under the same block, Mar\u00eda Jos\u00e9 Jord\u00e1, director for Digital &amp; Customer Experience Area in the BBVA Microfinance Foudnation, will present the Foundation\u2019s project in technological innovation aimed to transform financial inclusion.<\/p>\n","protected":false},"excerpt":{"rendered":"<p>BBVA Microfinance Foundation and Bancam\u00eda, its Colombian MFI, participate in Foromic. Organized by the Interamerican Development Bank and the Government of Colombia, it stands as&#8230;  <a class=\"excerpt-read-more\" href=\"https:\/\/www.fundacionmicrofinanzasbbva.org\/en\/la-fundacion-microfinanzas-bbva-entidad-bancamia-intervienen-foromic-reinventando-la-inclusion\/\" title=\"Read BBVA Microfinance Foundation and its MFI, Bancam\u00eda, participate in Foromic, \u201cReinventing inclusion\u201d\">Read more &raquo;<\/a><\/p>\n","protected":false},"author":4,"featured_media":21799,"comment_status":"closed","ping_status":"closed","sticky":false,"template":"","format":"standard","meta":{"_acf_changed":false,"footnotes":""},"categories":[1442],"tags":[866,854,239,252,1589,2418,2422,2707,2697,2704,2527,2533,2696,2705,2708,2695,2706,2709],"class_list":["post-21922","post","type-post","status-publish","format-standard","has-post-thumbnail","hentry","category-events","tag-inclusion-financiera-en","tag-foromic-en-3","tag-foromic","tag-inclusion-financiera","tag-inclusion-financiera-en-2","tag-maria-jose-jorda","tag-maria-jose-jorda-en","tag-microfinance-institutions-and-cooperatives-in-the-digital-world","tag-microfinancieras-y-cooperativas-en-un-mundo-digital","tag-microfinancieras-y-cooperativas-en-un-mundo-digital-en","tag-miguel-angel-charria","tag-miguel-angel-charria-en","tag-reduciendo-barreras-y-costos-en-servicios-financieros","tag-reduciendo-barreras-y-costos-en-servicios-financieros-en","tag-reducing-barriers-and-costs-of-financial-services","tag-reinventando-la-inclusion","tag-reinventando-la-inclusion-en","tag-reinventing-inclusion","paises-colombia"],"acf":[],"yoast_head":"<!-- This site is optimized with the Yoast SEO plugin v26.8 - https:\/\/yoast.com\/product\/yoast-seo-wordpress\/ -->\n<title>BBVA Microfinance Foundation and its MFI, Bancam\u00eda, participate in Foromic, \u201cReinventing inclusion\u201d - Fundaci\u00f3n Microfinanzas BBVA<\/title>\n<meta name=\"robots\" content=\"index, follow, max-snippet:-1, max-image-preview:large, max-video-preview:-1\" \/>\n<link rel=\"canonical\" href=\"https:\/\/www.fundacionmicrofinanzasbbva.org\/en\/la-fundacion-microfinanzas-bbva-entidad-bancamia-intervienen-foromic-reinventando-la-inclusion\/\" \/>\n<meta property=\"og:locale\" content=\"en_US\" \/>\n<meta property=\"og:type\" content=\"article\" \/>\n<meta property=\"og:title\" content=\"BBVA Microfinance Foundation and its MFI, Bancam\u00eda, participate in Foromic, \u201cReinventing inclusion\u201d - Fundaci\u00f3n Microfinanzas BBVA\" \/>\n<meta property=\"og:description\" content=\"BBVA Microfinance Foundation and Bancam\u00eda, its Colombian MFI, participate in Foromic. Organized by the Interamerican Development Bank and the Government of Colombia, it stands as... Read more &raquo;\" \/>\n<meta property=\"og:url\" content=\"https:\/\/www.fundacionmicrofinanzasbbva.org\/en\/la-fundacion-microfinanzas-bbva-entidad-bancamia-intervienen-foromic-reinventando-la-inclusion\/\" \/>\n<meta property=\"og:site_name\" content=\"Fundaci\u00f3n Microfinanzas BBVA\" \/>\n<meta property=\"article:publisher\" content=\"https:\/\/www.facebook.com\/fundacionmicrofinanzasbbva\/\" \/>\n<meta property=\"article:published_time\" content=\"2018-10-29T12:36:03+00:00\" \/>\n<meta property=\"article:modified_time\" content=\"2018-12-10T15:17:01+00:00\" \/>\n<meta property=\"og:image\" content=\"https:\/\/www.fundacionmicrofinanzasbbva.org\/wp-content\/uploads\/2018\/10\/Foromic-2018.jpg\" \/>\n\t<meta property=\"og:image:width\" content=\"585\" \/>\n\t<meta property=\"og:image:height\" content=\"464\" \/>\n\t<meta property=\"og:image:type\" content=\"image\/jpeg\" \/>\n<meta name=\"author\" content=\"Cristina Gonz\u00e1lez del Pino\" \/>\n<meta name=\"twitter:card\" content=\"summary_large_image\" \/>\n<meta name=\"twitter:creator\" content=\"@FMBBVA\" \/>\n<meta name=\"twitter:site\" content=\"@FMBBVA\" \/>\n<meta name=\"twitter:label1\" content=\"Written by\" \/>\n\t<meta name=\"twitter:data1\" content=\"Cristina Gonz\u00e1lez del Pino\" \/>\n\t<meta name=\"twitter:label2\" content=\"Est. reading time\" \/>\n\t<meta name=\"twitter:data2\" content=\"1 minute\" \/>\n<script type=\"application\/ld+json\" class=\"yoast-schema-graph\">{\"@context\":\"https:\/\/schema.org\",\"@graph\":[{\"@type\":\"Article\",\"@id\":\"https:\/\/www.fundacionmicrofinanzasbbva.org\/en\/la-fundacion-microfinanzas-bbva-entidad-bancamia-intervienen-foromic-reinventando-la-inclusion\/#article\",\"isPartOf\":{\"@id\":\"https:\/\/www.fundacionmicrofinanzasbbva.org\/en\/la-fundacion-microfinanzas-bbva-entidad-bancamia-intervienen-foromic-reinventando-la-inclusion\/\"},\"author\":{\"name\":\"Cristina Gonz\u00e1lez del Pino\",\"@id\":\"https:\/\/www.fundacionmicrofinanzasbbva.org\/en\/#\/schema\/person\/dec388562364c12a5d138bc73a9601ab\"},\"headline\":\"BBVA Microfinance Foundation and its MFI, Bancam\u00eda, participate in Foromic, \u201cReinventing inclusion\u201d\",\"datePublished\":\"2018-10-29T12:36:03+00:00\",\"dateModified\":\"2018-12-10T15:17:01+00:00\",\"mainEntityOfPage\":{\"@id\":\"https:\/\/www.fundacionmicrofinanzasbbva.org\/en\/la-fundacion-microfinanzas-bbva-entidad-bancamia-intervienen-foromic-reinventando-la-inclusion\/\"},\"wordCount\":154,\"publisher\":{\"@id\":\"https:\/\/www.fundacionmicrofinanzasbbva.org\/en\/#organization\"},\"image\":{\"@id\":\"https:\/\/www.fundacionmicrofinanzasbbva.org\/en\/la-fundacion-microfinanzas-bbva-entidad-bancamia-intervienen-foromic-reinventando-la-inclusion\/#primaryimage\"},\"thumbnailUrl\":\"https:\/\/www.fundacionmicrofinanzasbbva.org\/wp-content\/uploads\/2018\/10\/Foromic-2018.jpg\",\"keywords\":[\"financial inclusion\",\"FOROMIC\",\"FOROMIC\",\"inclusi\u00f3n financiera\",\"inclusi\u00f3n financiera\",\"Mar\u00eda Jos\u00e9 Jord\u00e1\",\"Mar\u00eda Jos\u00e9 Jord\u00e1\",\"Microfinance Institutions and cooperatives in the digital world\",\"Microfinancieras y cooperativas en un mundo digital\",\"Microfinancieras y cooperativas en un mundo digital\",\"Miguel \u00c1ngel Charria\",\"Miguel \u00c1ngel Charria\",\"Reduciendo barreras y costos en servicios financieros\",\"Reduciendo barreras y costos en servicios financieros\",\"Reducing barriers and costs of financial services\",\"Reinventando\u00a0la Inclusi\u00f3n\",\"Reinventando\u00a0la Inclusi\u00f3n\",\"Reinventing inclusion\"],\"articleSection\":[\"Events\"],\"inLanguage\":\"en-US\"},{\"@type\":\"WebPage\",\"@id\":\"https:\/\/www.fundacionmicrofinanzasbbva.org\/en\/la-fundacion-microfinanzas-bbva-entidad-bancamia-intervienen-foromic-reinventando-la-inclusion\/\",\"url\":\"https:\/\/www.fundacionmicrofinanzasbbva.org\/en\/la-fundacion-microfinanzas-bbva-entidad-bancamia-intervienen-foromic-reinventando-la-inclusion\/\",\"name\":\"BBVA Microfinance Foundation and its MFI, Bancam\u00eda, participate in Foromic, \u201cReinventing inclusion\u201d - Fundaci\u00f3n Microfinanzas BBVA\",\"isPartOf\":{\"@id\":\"https:\/\/www.fundacionmicrofinanzasbbva.org\/en\/#website\"},\"primaryImageOfPage\":{\"@id\":\"https:\/\/www.fundacionmicrofinanzasbbva.org\/en\/la-fundacion-microfinanzas-bbva-entidad-bancamia-intervienen-foromic-reinventando-la-inclusion\/#primaryimage\"},\"image\":{\"@id\":\"https:\/\/www.fundacionmicrofinanzasbbva.org\/en\/la-fundacion-microfinanzas-bbva-entidad-bancamia-intervienen-foromic-reinventando-la-inclusion\/#primaryimage\"},\"thumbnailUrl\":\"https:\/\/www.fundacionmicrofinanzasbbva.org\/wp-content\/uploads\/2018\/10\/Foromic-2018.jpg\",\"datePublished\":\"2018-10-29T12:36:03+00:00\",\"dateModified\":\"2018-12-10T15:17:01+00:00\",\"breadcrumb\":{\"@id\":\"https:\/\/www.fundacionmicrofinanzasbbva.org\/en\/la-fundacion-microfinanzas-bbva-entidad-bancamia-intervienen-foromic-reinventando-la-inclusion\/#breadcrumb\"},\"inLanguage\":\"en-US\",\"potentialAction\":[{\"@type\":\"ReadAction\",\"target\":[\"https:\/\/www.fundacionmicrofinanzasbbva.org\/en\/la-fundacion-microfinanzas-bbva-entidad-bancamia-intervienen-foromic-reinventando-la-inclusion\/\"]}]},{\"@type\":\"ImageObject\",\"inLanguage\":\"en-US\",\"@id\":\"https:\/\/www.fundacionmicrofinanzasbbva.org\/en\/la-fundacion-microfinanzas-bbva-entidad-bancamia-intervienen-foromic-reinventando-la-inclusion\/#primaryimage\",\"url\":\"https:\/\/www.fundacionmicrofinanzasbbva.org\/wp-content\/uploads\/2018\/10\/Foromic-2018.jpg\",\"contentUrl\":\"https:\/\/www.fundacionmicrofinanzasbbva.org\/wp-content\/uploads\/2018\/10\/Foromic-2018.jpg\",\"width\":585,\"height\":464},{\"@type\":\"BreadcrumbList\",\"@id\":\"https:\/\/www.fundacionmicrofinanzasbbva.org\/en\/la-fundacion-microfinanzas-bbva-entidad-bancamia-intervienen-foromic-reinventando-la-inclusion\/#breadcrumb\",\"itemListElement\":[{\"@type\":\"ListItem\",\"position\":1,\"name\":\"Home\",\"item\":\"https:\/\/www.fundacionmicrofinanzasbbva.org\/en\/\"},{\"@type\":\"ListItem\",\"position\":2,\"name\":\"Events\",\"item\":\"https:\/\/www.fundacionmicrofinanzasbbva.org\/en\/category\/events\/\"},{\"@type\":\"ListItem\",\"position\":3,\"name\":\"BBVA Microfinance Foundation and its MFI, Bancam\u00eda, participate in Foromic, \u201cReinventing inclusion\u201d\"}]},{\"@type\":\"WebSite\",\"@id\":\"https:\/\/www.fundacionmicrofinanzasbbva.org\/en\/#website\",\"url\":\"https:\/\/www.fundacionmicrofinanzasbbva.org\/en\/\",\"name\":\"Fundaci\u00f3n Microfinanzas BBVA\",\"description\":\"Fundaci\u00f3n Microfinanzas BBVA\",\"publisher\":{\"@id\":\"https:\/\/www.fundacionmicrofinanzasbbva.org\/en\/#organization\"},\"alternateName\":\"Fundaci\u00f3n Microfinanzas BBVA\",\"potentialAction\":[{\"@type\":\"SearchAction\",\"target\":{\"@type\":\"EntryPoint\",\"urlTemplate\":\"https:\/\/www.fundacionmicrofinanzasbbva.org\/en\/?s={search_term_string}\"},\"query-input\":{\"@type\":\"PropertyValueSpecification\",\"valueRequired\":true,\"valueName\":\"search_term_string\"}}],\"inLanguage\":\"en-US\"},{\"@type\":\"Organization\",\"@id\":\"https:\/\/www.fundacionmicrofinanzasbbva.org\/en\/#organization\",\"name\":\"Fundaci\u00f3n Microfinanzas BBVA\",\"alternateName\":\"Fundaci\u00f3n Microfinanzas BBVA\",\"url\":\"https:\/\/www.fundacionmicrofinanzasbbva.org\/en\/\",\"logo\":{\"@type\":\"ImageObject\",\"inLanguage\":\"en-US\",\"@id\":\"https:\/\/www.fundacionmicrofinanzasbbva.org\/en\/#\/schema\/logo\/image\/\",\"url\":\"https:\/\/www.fundacionmicrofinanzasbbva.org\/wp-content\/uploads\/2017\/01\/favicon.png\",\"contentUrl\":\"https:\/\/www.fundacionmicrofinanzasbbva.org\/wp-content\/uploads\/2017\/01\/favicon.png\",\"width\":130,\"height\":130,\"caption\":\"Fundaci\u00f3n Microfinanzas BBVA\"},\"image\":{\"@id\":\"https:\/\/www.fundacionmicrofinanzasbbva.org\/en\/#\/schema\/logo\/image\/\"},\"sameAs\":[\"https:\/\/www.facebook.com\/fundacionmicrofinanzasbbva\/\",\"https:\/\/x.com\/FMBBVA\",\"https:\/\/www.linkedin.com\/company\/fundaci\u00f3n-microfinanzas-bbva\/\"]},{\"@type\":\"Person\",\"@id\":\"https:\/\/www.fundacionmicrofinanzasbbva.org\/en\/#\/schema\/person\/dec388562364c12a5d138bc73a9601ab\",\"name\":\"Cristina Gonz\u00e1lez del Pino\"}]}<\/script>\n<!-- \/ Yoast SEO plugin. -->","yoast_head_json":{"title":"BBVA Microfinance Foundation and its MFI, Bancam\u00eda, participate in Foromic, \u201cReinventing inclusion\u201d - Fundaci\u00f3n Microfinanzas BBVA","robots":{"index":"index","follow":"follow","max-snippet":"max-snippet:-1","max-image-preview":"max-image-preview:large","max-video-preview":"max-video-preview:-1"},"canonical":"https:\/\/www.fundacionmicrofinanzasbbva.org\/en\/la-fundacion-microfinanzas-bbva-entidad-bancamia-intervienen-foromic-reinventando-la-inclusion\/","og_locale":"en_US","og_type":"article","og_title":"BBVA Microfinance Foundation and its MFI, Bancam\u00eda, participate in Foromic, \u201cReinventing inclusion\u201d - Fundaci\u00f3n Microfinanzas BBVA","og_description":"BBVA Microfinance Foundation and Bancam\u00eda, its Colombian MFI, participate in Foromic. Organized by the Interamerican Development Bank and the Government of Colombia, it stands as... Read more &raquo;","og_url":"https:\/\/www.fundacionmicrofinanzasbbva.org\/en\/la-fundacion-microfinanzas-bbva-entidad-bancamia-intervienen-foromic-reinventando-la-inclusion\/","og_site_name":"Fundaci\u00f3n Microfinanzas BBVA","article_publisher":"https:\/\/www.facebook.com\/fundacionmicrofinanzasbbva\/","article_published_time":"2018-10-29T12:36:03+00:00","article_modified_time":"2018-12-10T15:17:01+00:00","og_image":[{"width":585,"height":464,"url":"https:\/\/www.fundacionmicrofinanzasbbva.org\/wp-content\/uploads\/2018\/10\/Foromic-2018.jpg","type":"image\/jpeg"}],"author":"Cristina Gonz\u00e1lez del Pino","twitter_card":"summary_large_image","twitter_creator":"@FMBBVA","twitter_site":"@FMBBVA","twitter_misc":{"Written by":"Cristina Gonz\u00e1lez del Pino","Est. reading time":"1 minute"},"schema":{"@context":"https:\/\/schema.org","@graph":[{"@type":"Article","@id":"https:\/\/www.fundacionmicrofinanzasbbva.org\/en\/la-fundacion-microfinanzas-bbva-entidad-bancamia-intervienen-foromic-reinventando-la-inclusion\/#article","isPartOf":{"@id":"https:\/\/www.fundacionmicrofinanzasbbva.org\/en\/la-fundacion-microfinanzas-bbva-entidad-bancamia-intervienen-foromic-reinventando-la-inclusion\/"},"author":{"name":"Cristina Gonz\u00e1lez del Pino","@id":"https:\/\/www.fundacionmicrofinanzasbbva.org\/en\/#\/schema\/person\/dec388562364c12a5d138bc73a9601ab"},"headline":"BBVA Microfinance Foundation and its MFI, Bancam\u00eda, participate in Foromic, \u201cReinventing inclusion\u201d","datePublished":"2018-10-29T12:36:03+00:00","dateModified":"2018-12-10T15:17:01+00:00","mainEntityOfPage":{"@id":"https:\/\/www.fundacionmicrofinanzasbbva.org\/en\/la-fundacion-microfinanzas-bbva-entidad-bancamia-intervienen-foromic-reinventando-la-inclusion\/"},"wordCount":154,"publisher":{"@id":"https:\/\/www.fundacionmicrofinanzasbbva.org\/en\/#organization"},"image":{"@id":"https:\/\/www.fundacionmicrofinanzasbbva.org\/en\/la-fundacion-microfinanzas-bbva-entidad-bancamia-intervienen-foromic-reinventando-la-inclusion\/#primaryimage"},"thumbnailUrl":"https:\/\/www.fundacionmicrofinanzasbbva.org\/wp-content\/uploads\/2018\/10\/Foromic-2018.jpg","keywords":["financial inclusion","FOROMIC","FOROMIC","inclusi\u00f3n financiera","inclusi\u00f3n financiera","Mar\u00eda Jos\u00e9 Jord\u00e1","Mar\u00eda Jos\u00e9 Jord\u00e1","Microfinance Institutions and cooperatives in the digital world","Microfinancieras y cooperativas en un mundo digital","Microfinancieras y cooperativas en un mundo digital","Miguel \u00c1ngel Charria","Miguel \u00c1ngel Charria","Reduciendo barreras y costos en servicios financieros","Reduciendo barreras y costos en servicios financieros","Reducing barriers and costs of financial services","Reinventando\u00a0la Inclusi\u00f3n","Reinventando\u00a0la Inclusi\u00f3n","Reinventing inclusion"],"articleSection":["Events"],"inLanguage":"en-US"},{"@type":"WebPage","@id":"https:\/\/www.fundacionmicrofinanzasbbva.org\/en\/la-fundacion-microfinanzas-bbva-entidad-bancamia-intervienen-foromic-reinventando-la-inclusion\/","url":"https:\/\/www.fundacionmicrofinanzasbbva.org\/en\/la-fundacion-microfinanzas-bbva-entidad-bancamia-intervienen-foromic-reinventando-la-inclusion\/","name":"BBVA Microfinance Foundation and its MFI, Bancam\u00eda, participate in Foromic, \u201cReinventing inclusion\u201d - Fundaci\u00f3n Microfinanzas BBVA","isPartOf":{"@id":"https:\/\/www.fundacionmicrofinanzasbbva.org\/en\/#website"},"primaryImageOfPage":{"@id":"https:\/\/www.fundacionmicrofinanzasbbva.org\/en\/la-fundacion-microfinanzas-bbva-entidad-bancamia-intervienen-foromic-reinventando-la-inclusion\/#primaryimage"},"image":{"@id":"https:\/\/www.fundacionmicrofinanzasbbva.org\/en\/la-fundacion-microfinanzas-bbva-entidad-bancamia-intervienen-foromic-reinventando-la-inclusion\/#primaryimage"},"thumbnailUrl":"https:\/\/www.fundacionmicrofinanzasbbva.org\/wp-content\/uploads\/2018\/10\/Foromic-2018.jpg","datePublished":"2018-10-29T12:36:03+00:00","dateModified":"2018-12-10T15:17:01+00:00","breadcrumb":{"@id":"https:\/\/www.fundacionmicrofinanzasbbva.org\/en\/la-fundacion-microfinanzas-bbva-entidad-bancamia-intervienen-foromic-reinventando-la-inclusion\/#breadcrumb"},"inLanguage":"en-US","potentialAction":[{"@type":"ReadAction","target":["https:\/\/www.fundacionmicrofinanzasbbva.org\/en\/la-fundacion-microfinanzas-bbva-entidad-bancamia-intervienen-foromic-reinventando-la-inclusion\/"]}]},{"@type":"ImageObject","inLanguage":"en-US","@id":"https:\/\/www.fundacionmicrofinanzasbbva.org\/en\/la-fundacion-microfinanzas-bbva-entidad-bancamia-intervienen-foromic-reinventando-la-inclusion\/#primaryimage","url":"https:\/\/www.fundacionmicrofinanzasbbva.org\/wp-content\/uploads\/2018\/10\/Foromic-2018.jpg","contentUrl":"https:\/\/www.fundacionmicrofinanzasbbva.org\/wp-content\/uploads\/2018\/10\/Foromic-2018.jpg","width":585,"height":464},{"@type":"BreadcrumbList","@id":"https:\/\/www.fundacionmicrofinanzasbbva.org\/en\/la-fundacion-microfinanzas-bbva-entidad-bancamia-intervienen-foromic-reinventando-la-inclusion\/#breadcrumb","itemListElement":[{"@type":"ListItem","position":1,"name":"Home","item":"https:\/\/www.fundacionmicrofinanzasbbva.org\/en\/"},{"@type":"ListItem","position":2,"name":"Events","item":"https:\/\/www.fundacionmicrofinanzasbbva.org\/en\/category\/events\/"},{"@type":"ListItem","position":3,"name":"BBVA Microfinance Foundation and its MFI, Bancam\u00eda, participate in Foromic, \u201cReinventing inclusion\u201d"}]},{"@type":"WebSite","@id":"https:\/\/www.fundacionmicrofinanzasbbva.org\/en\/#website","url":"https:\/\/www.fundacionmicrofinanzasbbva.org\/en\/","name":"Fundaci\u00f3n Microfinanzas BBVA","description":"Fundaci\u00f3n Microfinanzas BBVA","publisher":{"@id":"https:\/\/www.fundacionmicrofinanzasbbva.org\/en\/#organization"},"alternateName":"Fundaci\u00f3n Microfinanzas BBVA","potentialAction":[{"@type":"SearchAction","target":{"@type":"EntryPoint","urlTemplate":"https:\/\/www.fundacionmicrofinanzasbbva.org\/en\/?s={search_term_string}"},"query-input":{"@type":"PropertyValueSpecification","valueRequired":true,"valueName":"search_term_string"}}],"inLanguage":"en-US"},{"@type":"Organization","@id":"https:\/\/www.fundacionmicrofinanzasbbva.org\/en\/#organization","name":"Fundaci\u00f3n Microfinanzas BBVA","alternateName":"Fundaci\u00f3n Microfinanzas BBVA","url":"https:\/\/www.fundacionmicrofinanzasbbva.org\/en\/","logo":{"@type":"ImageObject","inLanguage":"en-US","@id":"https:\/\/www.fundacionmicrofinanzasbbva.org\/en\/#\/schema\/logo\/image\/","url":"https:\/\/www.fundacionmicrofinanzasbbva.org\/wp-content\/uploads\/2017\/01\/favicon.png","contentUrl":"https:\/\/www.fundacionmicrofinanzasbbva.org\/wp-content\/uploads\/2017\/01\/favicon.png","width":130,"height":130,"caption":"Fundaci\u00f3n Microfinanzas BBVA"},"image":{"@id":"https:\/\/www.fundacionmicrofinanzasbbva.org\/en\/#\/schema\/logo\/image\/"},"sameAs":["https:\/\/www.facebook.com\/fundacionmicrofinanzasbbva\/","https:\/\/x.com\/FMBBVA","https:\/\/www.linkedin.com\/company\/fundaci\u00f3n-microfinanzas-bbva\/"]},{"@type":"Person","@id":"https:\/\/www.fundacionmicrofinanzasbbva.org\/en\/#\/schema\/person\/dec388562364c12a5d138bc73a9601ab","name":"Cristina Gonz\u00e1lez del Pino"}]}},"_links":{"self":[{"href":"https:\/\/www.fundacionmicrofinanzasbbva.org\/en\/wp-json\/wp\/v2\/posts\/21922","targetHints":{"allow":["GET"]}}],"collection":[{"href":"https:\/\/www.fundacionmicrofinanzasbbva.org\/en\/wp-json\/wp\/v2\/posts"}],"about":[{"href":"https:\/\/www.fundacionmicrofinanzasbbva.org\/en\/wp-json\/wp\/v2\/types\/post"}],"author":[{"embeddable":true,"href":"https:\/\/www.fundacionmicrofinanzasbbva.org\/en\/wp-json\/wp\/v2\/users\/4"}],"replies":[{"embeddable":true,"href":"https:\/\/www.fundacionmicrofinanzasbbva.org\/en\/wp-json\/wp\/v2\/comments?post=21922"}],"version-history":[{"count":0,"href":"https:\/\/www.fundacionmicrofinanzasbbva.org\/en\/wp-json\/wp\/v2\/posts\/21922\/revisions"}],"wp:featuredmedia":[{"embeddable":true,"href":"https:\/\/www.fundacionmicrofinanzasbbva.org\/en\/wp-json\/wp\/v2\/media\/21799"}],"wp:attachment":[{"href":"https:\/\/www.fundacionmicrofinanzasbbva.org\/en\/wp-json\/wp\/v2\/media?parent=21922"}],"wp:term":[{"taxonomy":"category","embeddable":true,"href":"https:\/\/www.fundacionmicrofinanzasbbva.org\/en\/wp-json\/wp\/v2\/categories?post=21922"},{"taxonomy":"post_tag","embeddable":true,"href":"https:\/\/www.fundacionmicrofinanzasbbva.org\/en\/wp-json\/wp\/v2\/tags?post=21922"}],"curies":[{"name":"wp","href":"https:\/\/api.w.org\/{rel}","templated":true}]}}