{"id":21904,"date":"2018-10-31T21:30:57","date_gmt":"2018-10-31T20:30:57","guid":{"rendered":"http:\/\/www.fundacionmicrofinanzasbbva.org\/en\/fmbbva-foromic-futuro-las-microfinanzas-sigue-siendo-fisico-tambien-digital\/"},"modified":"2018-12-10T16:16:02","modified_gmt":"2018-12-10T15:16:02","slug":"fmbbva-foromic-futuro-las-microfinanzas-sigue-siendo-fisico-tambien-digital","status":"publish","type":"post","link":"https:\/\/www.fundacionmicrofinanzasbbva.org\/en\/fmbbva-foromic-futuro-las-microfinanzas-sigue-siendo-fisico-tambien-digital\/","title":{"rendered":"BBVAMF in Foromic: \u201cThe future of microfinance is still based on the tangible, but it will also be digital\u201d"},"content":{"rendered":"<p>Digital transformation in microfinance has been one of the most discussed topics in <a href=\"http:\/\/www.fomin-events.com\/foromic\/2018\/web\/index-en.php\" target=\"_blank\" rel=\"noopener\">Foromic<\/a>, which for three days, gathered experts in financial inclusion and development. <strong>BBVA Microfinance Foundation (BBVAMF) has participated in this forum and has shared its vision regarding the way to incorporate new technologies in a model based on human relations.<\/strong><\/p>\n<div id=\"attachment_21891\" style=\"width: 690px\" class=\"wp-caption aligncenter\"><img loading=\"lazy\" decoding=\"async\" aria-describedby=\"caption-attachment-21891\" class=\"wp-image-21891 size-large\" src=\"http:\/\/www.fundacionmicrofinanzasbbva.org\/wp-content\/uploads\/2018\/10\/digital-desarroollo-cliente-fmbbva-foromic-1024x498.jpeg\" alt=\"\" width=\"680\" height=\"331\" \/><p id=\"caption-attachment-21891\" class=\"wp-caption-text\">BBVAMF\u2019s Client Development and Digital director, Mar\u00eda Jos\u00e9 Jord\u00e1, during her panel intervention at Foromic<\/p><\/div>\n<p>\u201cIn the digital world, we have to first understand the client and their needs before creating a product\u201d, explained Mar\u00eda Jos\u00e9 Jord\u00e1, director for BBVAMF\u2019s Client Development and Digital. She said that microfinance is based on a model of human relations and support between loan officers and entrepreneurs, to whom financial services are delivered, no matter where they are. <strong>\u201cThis physical approach must prevail, regardless of the digital tools we use.\u201d<\/strong> According to her, \u201cthe future of microfinance is still based on the tangible, but it will also be digital, and we will be there, giving our support from both sides.\u201d<\/p>\n<blockquote><p><span style=\"font-weight: 400;\">The future of microfinance is still based on the tangible, but it will also be digital, and we will be there, giving our support from both sides.\u201d<\/span><\/p><\/blockquote>\n<p>In the panel \u201cMicrofinance and coopratives in a digital world\u201d, Mar\u00eda Jos\u00e9 Jord\u00e1 also talked about how the Foundation is managing the transformation in the <a href=\"http:\/\/www.fundacionmicrofinanzasbbva.org\/en\/entities\/\">five countries where it operates<\/a> (Colombia, Peru, Dominican Republic, Chile and Panama), <strong>serving\u00a0more than two million people.<\/strong> \u201cOur MFIs face different realities and various types of clients. We are very aware of the digital landscape in each country, very much determined by public initiatives, their connectivity, client dispersion and <strong>from there, we advance, introducing basic pillars of digitization. This allows us to apply lessons learned from the countries and experience a speedier expansion.\u201d<\/strong><\/p>\n<div id=\"attachment_21872\" style=\"width: 690px\" class=\"wp-caption aligncenter\"><img loading=\"lazy\" decoding=\"async\" aria-describedby=\"caption-attachment-21872\" class=\"wp-image-21872 size-large\" src=\"http:\/\/www.fundacionmicrofinanzasbbva.org\/wp-content\/uploads\/2018\/10\/Apertura-Foromic-1024x605.jpg\" alt=\"\" width=\"680\" height=\"402\" \/><p id=\"caption-attachment-21872\" class=\"wp-caption-text\">Luis Alberto Moreno, president for Interamerican Development Bank (IDB); Iv\u00e1n Duque, president of Colombia, and singer Carlos Vives, during the opening act of Foromic 2018<\/p><\/div>\n<p>In the forum organized by the <a href=\"https:\/\/www.iadb.org\/en\" target=\"_blank\" rel=\"noopener\">Interamerican Development Bank (IDB)<\/a> and the Colombian Government, under the banner \u201cReinventing inclusion\u201d, the Foundation\u2019s Colombian institution, Bancam\u00eda was also present. Miguel \u00c1ngel Charria, executive president for Bancam\u00eda, said that <strong>\u201ctechnology increases the scale and efficiency of microfinance institutions, but developing client relationship is still an imperative for its advancement.\u201d<\/strong><\/p>\n<p>Other institutions in the Foundation\u2019s Group were also present in the forum: Banco Adopem from the Dominican Republic, Emprende Microfinanzas from Chile and Microserfin from Panama.<\/p>\n","protected":false},"excerpt":{"rendered":"<p>Digital transformation in microfinance has been one of the most discussed topics in Foromic, which for three days, gathered experts in financial inclusion and development&#8230;.  <a class=\"excerpt-read-more\" href=\"https:\/\/www.fundacionmicrofinanzasbbva.org\/en\/fmbbva-foromic-futuro-las-microfinanzas-sigue-siendo-fisico-tambien-digital\/\" title=\"Read BBVAMF in Foromic: \u201cThe future of microfinance is still based on the tangible, but it will also be digital\u201d\">Read more &raquo;<\/a><\/p>\n","protected":false},"author":13,"featured_media":21894,"comment_status":"closed","ping_status":"closed","sticky":false,"template":"","format":"standard","meta":{"_acf_changed":false,"footnotes":""},"categories":[1370],"tags":[2103,187,796,866,239,854,252,1589,1244,523,1245,890,276,1749,2100,2701],"class_list":["post-21904","post","type-post","status-publish","format-standard","has-post-thumbnail","hentry","category-actividad-institucional-en","tag-digital-transformation","tag-emprendimiento","tag-entrepreneurship","tag-inclusion-financiera-en","tag-foromic","tag-foromic-en-3","tag-inclusion-financiera","tag-inclusion-financiera-en-2","tag-microfinance","tag-microfinanzas","tag-microfinanzas-en","tag-tecnologia-en","tag-tecnologia","tag-tecnologia-en-2","tag-transformacion-digital","tag-transformacion-digital-en","paises-colombia"],"acf":[],"yoast_head":"<!-- This site is optimized with the Yoast SEO plugin v26.8 - https:\/\/yoast.com\/product\/yoast-seo-wordpress\/ -->\n<title>BBVAMF in Foromic: \u201cThe future of microfinance is still based on the tangible, but it will also be digital\u201d - Fundaci\u00f3n Microfinanzas BBVA<\/title>\n<meta name=\"robots\" content=\"index, follow, max-snippet:-1, max-image-preview:large, max-video-preview:-1\" \/>\n<link rel=\"canonical\" href=\"https:\/\/www.fundacionmicrofinanzasbbva.org\/en\/fmbbva-foromic-futuro-las-microfinanzas-sigue-siendo-fisico-tambien-digital\/\" \/>\n<meta property=\"og:locale\" content=\"en_US\" \/>\n<meta property=\"og:type\" content=\"article\" \/>\n<meta property=\"og:title\" content=\"BBVAMF in Foromic: \u201cThe future of microfinance is still based on the tangible, but it will also be digital\u201d - Fundaci\u00f3n Microfinanzas BBVA\" \/>\n<meta property=\"og:description\" content=\"Digital transformation in microfinance has been one of the most discussed topics in Foromic, which for three days, gathered experts in financial inclusion and development.... Read more &raquo;\" \/>\n<meta property=\"og:url\" content=\"https:\/\/www.fundacionmicrofinanzasbbva.org\/en\/fmbbva-foromic-futuro-las-microfinanzas-sigue-siendo-fisico-tambien-digital\/\" \/>\n<meta property=\"og:site_name\" content=\"Fundaci\u00f3n Microfinanzas BBVA\" \/>\n<meta property=\"article:publisher\" content=\"https:\/\/www.facebook.com\/fundacionmicrofinanzasbbva\/\" \/>\n<meta property=\"article:published_time\" content=\"2018-10-31T20:30:57+00:00\" \/>\n<meta property=\"article:modified_time\" content=\"2018-12-10T15:16:02+00:00\" \/>\n<meta property=\"og:image\" content=\"https:\/\/www.fundacionmicrofinanzasbbva.org\/wp-content\/uploads\/2018\/10\/m-jose-jorda-fmbbva-foromic.jpg\" \/>\n\t<meta property=\"og:image:width\" content=\"1280\" \/>\n\t<meta property=\"og:image:height\" content=\"580\" \/>\n\t<meta property=\"og:image:type\" content=\"image\/jpeg\" \/>\n<meta name=\"author\" content=\"Karessa Ramos\" \/>\n<meta name=\"twitter:card\" content=\"summary_large_image\" \/>\n<meta name=\"twitter:creator\" content=\"@FMBBVA\" \/>\n<meta name=\"twitter:site\" content=\"@FMBBVA\" \/>\n<meta name=\"twitter:label1\" content=\"Written by\" \/>\n\t<meta name=\"twitter:data1\" content=\"Karessa Ramos\" \/>\n\t<meta name=\"twitter:label2\" content=\"Est. reading time\" \/>\n\t<meta name=\"twitter:data2\" content=\"2 minutes\" \/>\n<script type=\"application\/ld+json\" class=\"yoast-schema-graph\">{\"@context\":\"https:\/\/schema.org\",\"@graph\":[{\"@type\":\"Article\",\"@id\":\"https:\/\/www.fundacionmicrofinanzasbbva.org\/en\/fmbbva-foromic-futuro-las-microfinanzas-sigue-siendo-fisico-tambien-digital\/#article\",\"isPartOf\":{\"@id\":\"https:\/\/www.fundacionmicrofinanzasbbva.org\/en\/fmbbva-foromic-futuro-las-microfinanzas-sigue-siendo-fisico-tambien-digital\/\"},\"author\":{\"name\":\"Karessa Ramos\",\"@id\":\"https:\/\/www.fundacionmicrofinanzasbbva.org\/en\/#\/schema\/person\/dcc08d9d413af1c947cd093804347ac6\"},\"headline\":\"BBVAMF in Foromic: \u201cThe future of microfinance is still based on the tangible, but it will also be digital\u201d\",\"datePublished\":\"2018-10-31T20:30:57+00:00\",\"dateModified\":\"2018-12-10T15:16:02+00:00\",\"mainEntityOfPage\":{\"@id\":\"https:\/\/www.fundacionmicrofinanzasbbva.org\/en\/fmbbva-foromic-futuro-las-microfinanzas-sigue-siendo-fisico-tambien-digital\/\"},\"wordCount\":444,\"publisher\":{\"@id\":\"https:\/\/www.fundacionmicrofinanzasbbva.org\/en\/#organization\"},\"image\":{\"@id\":\"https:\/\/www.fundacionmicrofinanzasbbva.org\/en\/fmbbva-foromic-futuro-las-microfinanzas-sigue-siendo-fisico-tambien-digital\/#primaryimage\"},\"thumbnailUrl\":\"https:\/\/www.fundacionmicrofinanzasbbva.org\/wp-content\/uploads\/2018\/10\/m-jose-jorda-fmbbva-foromic.jpg\",\"keywords\":[\"digital transformation\",\"Emprendimiento\",\"Entrepreneurship\",\"financial inclusion\",\"FOROMIC\",\"FOROMIC\",\"inclusi\u00f3n financiera\",\"inclusi\u00f3n financiera\",\"Microfinance\",\"microfinanzas\",\"microfinanzas\",\"technology\",\"tecnolog\u00eda\",\"tecnolog\u00eda\",\"transformaci\u00f3n digital\",\"transformaci\u00f3n digital\"],\"articleSection\":[\"Institutional Activity\"],\"inLanguage\":\"en-US\"},{\"@type\":\"WebPage\",\"@id\":\"https:\/\/www.fundacionmicrofinanzasbbva.org\/en\/fmbbva-foromic-futuro-las-microfinanzas-sigue-siendo-fisico-tambien-digital\/\",\"url\":\"https:\/\/www.fundacionmicrofinanzasbbva.org\/en\/fmbbva-foromic-futuro-las-microfinanzas-sigue-siendo-fisico-tambien-digital\/\",\"name\":\"BBVAMF in Foromic: \u201cThe future of microfinance is still based on the tangible, but it will also be digital\u201d - Fundaci\u00f3n Microfinanzas BBVA\",\"isPartOf\":{\"@id\":\"https:\/\/www.fundacionmicrofinanzasbbva.org\/en\/#website\"},\"primaryImageOfPage\":{\"@id\":\"https:\/\/www.fundacionmicrofinanzasbbva.org\/en\/fmbbva-foromic-futuro-las-microfinanzas-sigue-siendo-fisico-tambien-digital\/#primaryimage\"},\"image\":{\"@id\":\"https:\/\/www.fundacionmicrofinanzasbbva.org\/en\/fmbbva-foromic-futuro-las-microfinanzas-sigue-siendo-fisico-tambien-digital\/#primaryimage\"},\"thumbnailUrl\":\"https:\/\/www.fundacionmicrofinanzasbbva.org\/wp-content\/uploads\/2018\/10\/m-jose-jorda-fmbbva-foromic.jpg\",\"datePublished\":\"2018-10-31T20:30:57+00:00\",\"dateModified\":\"2018-12-10T15:16:02+00:00\",\"breadcrumb\":{\"@id\":\"https:\/\/www.fundacionmicrofinanzasbbva.org\/en\/fmbbva-foromic-futuro-las-microfinanzas-sigue-siendo-fisico-tambien-digital\/#breadcrumb\"},\"inLanguage\":\"en-US\",\"potentialAction\":[{\"@type\":\"ReadAction\",\"target\":[\"https:\/\/www.fundacionmicrofinanzasbbva.org\/en\/fmbbva-foromic-futuro-las-microfinanzas-sigue-siendo-fisico-tambien-digital\/\"]}]},{\"@type\":\"ImageObject\",\"inLanguage\":\"en-US\",\"@id\":\"https:\/\/www.fundacionmicrofinanzasbbva.org\/en\/fmbbva-foromic-futuro-las-microfinanzas-sigue-siendo-fisico-tambien-digital\/#primaryimage\",\"url\":\"https:\/\/www.fundacionmicrofinanzasbbva.org\/wp-content\/uploads\/2018\/10\/m-jose-jorda-fmbbva-foromic.jpg\",\"contentUrl\":\"https:\/\/www.fundacionmicrofinanzasbbva.org\/wp-content\/uploads\/2018\/10\/m-jose-jorda-fmbbva-foromic.jpg\",\"width\":1280,\"height\":580},{\"@type\":\"BreadcrumbList\",\"@id\":\"https:\/\/www.fundacionmicrofinanzasbbva.org\/en\/fmbbva-foromic-futuro-las-microfinanzas-sigue-siendo-fisico-tambien-digital\/#breadcrumb\",\"itemListElement\":[{\"@type\":\"ListItem\",\"position\":1,\"name\":\"Home\",\"item\":\"https:\/\/www.fundacionmicrofinanzasbbva.org\/en\/\"},{\"@type\":\"ListItem\",\"position\":2,\"name\":\"News\",\"item\":\"https:\/\/www.fundacionmicrofinanzasbbva.org\/en\/category\/news\/\"},{\"@type\":\"ListItem\",\"position\":3,\"name\":\"Institutional Activity\",\"item\":\"https:\/\/www.fundacionmicrofinanzasbbva.org\/en\/category\/news\/actividad-institucional-en\/\"},{\"@type\":\"ListItem\",\"position\":4,\"name\":\"BBVAMF in Foromic: \u201cThe future of microfinance is still based on the tangible, but it will also be digital\u201d\"}]},{\"@type\":\"WebSite\",\"@id\":\"https:\/\/www.fundacionmicrofinanzasbbva.org\/en\/#website\",\"url\":\"https:\/\/www.fundacionmicrofinanzasbbva.org\/en\/\",\"name\":\"Fundaci\u00f3n Microfinanzas BBVA\",\"description\":\"Fundaci\u00f3n Microfinanzas BBVA\",\"publisher\":{\"@id\":\"https:\/\/www.fundacionmicrofinanzasbbva.org\/en\/#organization\"},\"alternateName\":\"Fundaci\u00f3n Microfinanzas BBVA\",\"potentialAction\":[{\"@type\":\"SearchAction\",\"target\":{\"@type\":\"EntryPoint\",\"urlTemplate\":\"https:\/\/www.fundacionmicrofinanzasbbva.org\/en\/?s={search_term_string}\"},\"query-input\":{\"@type\":\"PropertyValueSpecification\",\"valueRequired\":true,\"valueName\":\"search_term_string\"}}],\"inLanguage\":\"en-US\"},{\"@type\":\"Organization\",\"@id\":\"https:\/\/www.fundacionmicrofinanzasbbva.org\/en\/#organization\",\"name\":\"Fundaci\u00f3n Microfinanzas BBVA\",\"alternateName\":\"Fundaci\u00f3n Microfinanzas BBVA\",\"url\":\"https:\/\/www.fundacionmicrofinanzasbbva.org\/en\/\",\"logo\":{\"@type\":\"ImageObject\",\"inLanguage\":\"en-US\",\"@id\":\"https:\/\/www.fundacionmicrofinanzasbbva.org\/en\/#\/schema\/logo\/image\/\",\"url\":\"https:\/\/www.fundacionmicrofinanzasbbva.org\/wp-content\/uploads\/2017\/01\/favicon.png\",\"contentUrl\":\"https:\/\/www.fundacionmicrofinanzasbbva.org\/wp-content\/uploads\/2017\/01\/favicon.png\",\"width\":130,\"height\":130,\"caption\":\"Fundaci\u00f3n Microfinanzas BBVA\"},\"image\":{\"@id\":\"https:\/\/www.fundacionmicrofinanzasbbva.org\/en\/#\/schema\/logo\/image\/\"},\"sameAs\":[\"https:\/\/www.facebook.com\/fundacionmicrofinanzasbbva\/\",\"https:\/\/x.com\/FMBBVA\",\"https:\/\/www.linkedin.com\/company\/fundaci\u00f3n-microfinanzas-bbva\/\"]},{\"@type\":\"Person\",\"@id\":\"https:\/\/www.fundacionmicrofinanzasbbva.org\/en\/#\/schema\/person\/dcc08d9d413af1c947cd093804347ac6\",\"name\":\"Karessa Ramos\"}]}<\/script>\n<!-- \/ Yoast SEO plugin. -->","yoast_head_json":{"title":"BBVAMF in Foromic: \u201cThe future of microfinance is still based on the tangible, but it will also be digital\u201d - Fundaci\u00f3n Microfinanzas BBVA","robots":{"index":"index","follow":"follow","max-snippet":"max-snippet:-1","max-image-preview":"max-image-preview:large","max-video-preview":"max-video-preview:-1"},"canonical":"https:\/\/www.fundacionmicrofinanzasbbva.org\/en\/fmbbva-foromic-futuro-las-microfinanzas-sigue-siendo-fisico-tambien-digital\/","og_locale":"en_US","og_type":"article","og_title":"BBVAMF in Foromic: \u201cThe future of microfinance is still based on the tangible, but it will also be digital\u201d - Fundaci\u00f3n Microfinanzas BBVA","og_description":"Digital transformation in microfinance has been one of the most discussed topics in Foromic, which for three days, gathered experts in financial inclusion and development.... Read more &raquo;","og_url":"https:\/\/www.fundacionmicrofinanzasbbva.org\/en\/fmbbva-foromic-futuro-las-microfinanzas-sigue-siendo-fisico-tambien-digital\/","og_site_name":"Fundaci\u00f3n Microfinanzas BBVA","article_publisher":"https:\/\/www.facebook.com\/fundacionmicrofinanzasbbva\/","article_published_time":"2018-10-31T20:30:57+00:00","article_modified_time":"2018-12-10T15:16:02+00:00","og_image":[{"width":1280,"height":580,"url":"https:\/\/www.fundacionmicrofinanzasbbva.org\/wp-content\/uploads\/2018\/10\/m-jose-jorda-fmbbva-foromic.jpg","type":"image\/jpeg"}],"author":"Karessa Ramos","twitter_card":"summary_large_image","twitter_creator":"@FMBBVA","twitter_site":"@FMBBVA","twitter_misc":{"Written by":"Karessa Ramos","Est. reading time":"2 minutes"},"schema":{"@context":"https:\/\/schema.org","@graph":[{"@type":"Article","@id":"https:\/\/www.fundacionmicrofinanzasbbva.org\/en\/fmbbva-foromic-futuro-las-microfinanzas-sigue-siendo-fisico-tambien-digital\/#article","isPartOf":{"@id":"https:\/\/www.fundacionmicrofinanzasbbva.org\/en\/fmbbva-foromic-futuro-las-microfinanzas-sigue-siendo-fisico-tambien-digital\/"},"author":{"name":"Karessa Ramos","@id":"https:\/\/www.fundacionmicrofinanzasbbva.org\/en\/#\/schema\/person\/dcc08d9d413af1c947cd093804347ac6"},"headline":"BBVAMF in Foromic: \u201cThe future of microfinance is still based on the tangible, but it will also be digital\u201d","datePublished":"2018-10-31T20:30:57+00:00","dateModified":"2018-12-10T15:16:02+00:00","mainEntityOfPage":{"@id":"https:\/\/www.fundacionmicrofinanzasbbva.org\/en\/fmbbva-foromic-futuro-las-microfinanzas-sigue-siendo-fisico-tambien-digital\/"},"wordCount":444,"publisher":{"@id":"https:\/\/www.fundacionmicrofinanzasbbva.org\/en\/#organization"},"image":{"@id":"https:\/\/www.fundacionmicrofinanzasbbva.org\/en\/fmbbva-foromic-futuro-las-microfinanzas-sigue-siendo-fisico-tambien-digital\/#primaryimage"},"thumbnailUrl":"https:\/\/www.fundacionmicrofinanzasbbva.org\/wp-content\/uploads\/2018\/10\/m-jose-jorda-fmbbva-foromic.jpg","keywords":["digital transformation","Emprendimiento","Entrepreneurship","financial inclusion","FOROMIC","FOROMIC","inclusi\u00f3n financiera","inclusi\u00f3n financiera","Microfinance","microfinanzas","microfinanzas","technology","tecnolog\u00eda","tecnolog\u00eda","transformaci\u00f3n digital","transformaci\u00f3n digital"],"articleSection":["Institutional Activity"],"inLanguage":"en-US"},{"@type":"WebPage","@id":"https:\/\/www.fundacionmicrofinanzasbbva.org\/en\/fmbbva-foromic-futuro-las-microfinanzas-sigue-siendo-fisico-tambien-digital\/","url":"https:\/\/www.fundacionmicrofinanzasbbva.org\/en\/fmbbva-foromic-futuro-las-microfinanzas-sigue-siendo-fisico-tambien-digital\/","name":"BBVAMF in Foromic: \u201cThe future of microfinance is still based on the tangible, but it will also be digital\u201d - Fundaci\u00f3n Microfinanzas BBVA","isPartOf":{"@id":"https:\/\/www.fundacionmicrofinanzasbbva.org\/en\/#website"},"primaryImageOfPage":{"@id":"https:\/\/www.fundacionmicrofinanzasbbva.org\/en\/fmbbva-foromic-futuro-las-microfinanzas-sigue-siendo-fisico-tambien-digital\/#primaryimage"},"image":{"@id":"https:\/\/www.fundacionmicrofinanzasbbva.org\/en\/fmbbva-foromic-futuro-las-microfinanzas-sigue-siendo-fisico-tambien-digital\/#primaryimage"},"thumbnailUrl":"https:\/\/www.fundacionmicrofinanzasbbva.org\/wp-content\/uploads\/2018\/10\/m-jose-jorda-fmbbva-foromic.jpg","datePublished":"2018-10-31T20:30:57+00:00","dateModified":"2018-12-10T15:16:02+00:00","breadcrumb":{"@id":"https:\/\/www.fundacionmicrofinanzasbbva.org\/en\/fmbbva-foromic-futuro-las-microfinanzas-sigue-siendo-fisico-tambien-digital\/#breadcrumb"},"inLanguage":"en-US","potentialAction":[{"@type":"ReadAction","target":["https:\/\/www.fundacionmicrofinanzasbbva.org\/en\/fmbbva-foromic-futuro-las-microfinanzas-sigue-siendo-fisico-tambien-digital\/"]}]},{"@type":"ImageObject","inLanguage":"en-US","@id":"https:\/\/www.fundacionmicrofinanzasbbva.org\/en\/fmbbva-foromic-futuro-las-microfinanzas-sigue-siendo-fisico-tambien-digital\/#primaryimage","url":"https:\/\/www.fundacionmicrofinanzasbbva.org\/wp-content\/uploads\/2018\/10\/m-jose-jorda-fmbbva-foromic.jpg","contentUrl":"https:\/\/www.fundacionmicrofinanzasbbva.org\/wp-content\/uploads\/2018\/10\/m-jose-jorda-fmbbva-foromic.jpg","width":1280,"height":580},{"@type":"BreadcrumbList","@id":"https:\/\/www.fundacionmicrofinanzasbbva.org\/en\/fmbbva-foromic-futuro-las-microfinanzas-sigue-siendo-fisico-tambien-digital\/#breadcrumb","itemListElement":[{"@type":"ListItem","position":1,"name":"Home","item":"https:\/\/www.fundacionmicrofinanzasbbva.org\/en\/"},{"@type":"ListItem","position":2,"name":"News","item":"https:\/\/www.fundacionmicrofinanzasbbva.org\/en\/category\/news\/"},{"@type":"ListItem","position":3,"name":"Institutional Activity","item":"https:\/\/www.fundacionmicrofinanzasbbva.org\/en\/category\/news\/actividad-institucional-en\/"},{"@type":"ListItem","position":4,"name":"BBVAMF in Foromic: \u201cThe future of microfinance is still based on the tangible, but it will also be digital\u201d"}]},{"@type":"WebSite","@id":"https:\/\/www.fundacionmicrofinanzasbbva.org\/en\/#website","url":"https:\/\/www.fundacionmicrofinanzasbbva.org\/en\/","name":"Fundaci\u00f3n Microfinanzas BBVA","description":"Fundaci\u00f3n Microfinanzas BBVA","publisher":{"@id":"https:\/\/www.fundacionmicrofinanzasbbva.org\/en\/#organization"},"alternateName":"Fundaci\u00f3n Microfinanzas BBVA","potentialAction":[{"@type":"SearchAction","target":{"@type":"EntryPoint","urlTemplate":"https:\/\/www.fundacionmicrofinanzasbbva.org\/en\/?s={search_term_string}"},"query-input":{"@type":"PropertyValueSpecification","valueRequired":true,"valueName":"search_term_string"}}],"inLanguage":"en-US"},{"@type":"Organization","@id":"https:\/\/www.fundacionmicrofinanzasbbva.org\/en\/#organization","name":"Fundaci\u00f3n Microfinanzas BBVA","alternateName":"Fundaci\u00f3n Microfinanzas BBVA","url":"https:\/\/www.fundacionmicrofinanzasbbva.org\/en\/","logo":{"@type":"ImageObject","inLanguage":"en-US","@id":"https:\/\/www.fundacionmicrofinanzasbbva.org\/en\/#\/schema\/logo\/image\/","url":"https:\/\/www.fundacionmicrofinanzasbbva.org\/wp-content\/uploads\/2017\/01\/favicon.png","contentUrl":"https:\/\/www.fundacionmicrofinanzasbbva.org\/wp-content\/uploads\/2017\/01\/favicon.png","width":130,"height":130,"caption":"Fundaci\u00f3n Microfinanzas BBVA"},"image":{"@id":"https:\/\/www.fundacionmicrofinanzasbbva.org\/en\/#\/schema\/logo\/image\/"},"sameAs":["https:\/\/www.facebook.com\/fundacionmicrofinanzasbbva\/","https:\/\/x.com\/FMBBVA","https:\/\/www.linkedin.com\/company\/fundaci\u00f3n-microfinanzas-bbva\/"]},{"@type":"Person","@id":"https:\/\/www.fundacionmicrofinanzasbbva.org\/en\/#\/schema\/person\/dcc08d9d413af1c947cd093804347ac6","name":"Karessa Ramos"}]}},"_links":{"self":[{"href":"https:\/\/www.fundacionmicrofinanzasbbva.org\/en\/wp-json\/wp\/v2\/posts\/21904","targetHints":{"allow":["GET"]}}],"collection":[{"href":"https:\/\/www.fundacionmicrofinanzasbbva.org\/en\/wp-json\/wp\/v2\/posts"}],"about":[{"href":"https:\/\/www.fundacionmicrofinanzasbbva.org\/en\/wp-json\/wp\/v2\/types\/post"}],"author":[{"embeddable":true,"href":"https:\/\/www.fundacionmicrofinanzasbbva.org\/en\/wp-json\/wp\/v2\/users\/13"}],"replies":[{"embeddable":true,"href":"https:\/\/www.fundacionmicrofinanzasbbva.org\/en\/wp-json\/wp\/v2\/comments?post=21904"}],"version-history":[{"count":0,"href":"https:\/\/www.fundacionmicrofinanzasbbva.org\/en\/wp-json\/wp\/v2\/posts\/21904\/revisions"}],"wp:featuredmedia":[{"embeddable":true,"href":"https:\/\/www.fundacionmicrofinanzasbbva.org\/en\/wp-json\/wp\/v2\/media\/21894"}],"wp:attachment":[{"href":"https:\/\/www.fundacionmicrofinanzasbbva.org\/en\/wp-json\/wp\/v2\/media?parent=21904"}],"wp:term":[{"taxonomy":"category","embeddable":true,"href":"https:\/\/www.fundacionmicrofinanzasbbva.org\/en\/wp-json\/wp\/v2\/categories?post=21904"},{"taxonomy":"post_tag","embeddable":true,"href":"https:\/\/www.fundacionmicrofinanzasbbva.org\/en\/wp-json\/wp\/v2\/tags?post=21904"}],"curies":[{"name":"wp","href":"https:\/\/api.w.org\/{rel}","templated":true}]}}