{"id":19420,"date":"2018-06-06T18:46:46","date_gmt":"2018-06-06T16:46:46","guid":{"rendered":"http:\/\/www.fundacionmicrofinanzasbbva.org\/en\/construyendo-futuro-asi-las-v-jornadas-corporativas-la-fundacion-microfinanzas-bbva\/"},"modified":"2018-06-14T11:10:47","modified_gmt":"2018-06-14T09:10:47","slug":"construyendo-futuro-asi-las-v-jornadas-corporativas-la-fundacion-microfinanzas-bbva","status":"publish","type":"post","link":"https:\/\/www.fundacionmicrofinanzasbbva.org\/en\/construyendo-futuro-asi-las-v-jornadas-corporativas-la-fundacion-microfinanzas-bbva\/","title":{"rendered":"\u201cBuilding future\u201d: BBVA Microfinance Foundation\u2019s  V Leadership Meeting"},"content":{"rendered":"<p><span style=\"font-weight: 400;\">Digital transformation, social measurement and women&#8217;s empowerment were key issues tackled during the BBVA Microfinance Foundation&#8217;s Leadership Meeting this year, gathering all of the Foundation and its entities\u2019 areas in Santiago de Chile. For the first time, representatives of different international organizations\u00a0 took part in the Meeting: as Martin Spahr, senior operations officer of the <a href=\"https:\/\/www.ifc.org\/wps\/wcm\/connect\/corp_ext_content\/ifc_external_corporate_site\/about+ifc_new\" target=\"_blank\" rel=\"noopener\">IFC (WB Group)<\/a>, Natalia G\u00f3mez, regional director for Latin America at <a href=\"http:\/\/bfaglobal.com\/\" target=\"_blank\" rel=\"noopener\">Bankable Frontiers Associates (BFA)<\/a> and Luiza Carvalho, regional director for LAC at <a href=\"http:\/\/www.unwomen.org\/en\" target=\"_blank\" rel=\"noopener\">UN Women<\/a>.<\/span><\/p>\n<p><span style=\"font-weight: 400;\">For a higher outreach and greater efficiency, the BBVA Microfinance Foundation <a href=\"http:\/\/www.fundacionmicrofinanzasbbva.org\/en\/sector-development\/innovation\/\" target=\"_blank\" rel=\"noopener\">invests in technology as a tool to advance development<\/a>, while innovating in the working methodology of its 8,000 employees, positively contributing to improve our service to entrepreneurs. This digitalisation process makes the Foundation a sector reference, and as Martin Spahr said, <strong>\u201cthe majority of institutions in Latin America are commencing a digital stage.\u201d<\/strong><\/span><\/p>\n<div id=\"attachment_19403\" style=\"width: 1610px\" class=\"wp-caption alignnone\"><img loading=\"lazy\" decoding=\"async\" aria-describedby=\"caption-attachment-19403\" class=\"wp-image-19403 size-full\" src=\"http:\/\/www.fundacionmicrofinanzasbbva.org\/wp-content\/uploads\/2018\/06\/IMG-20180605-WA0000.jpg\" alt=\"Fotograf\u00eda de Martin Spahr, Senior Operations Officer de IFC, durante su intervenci\u00f3n en las Jornadas Corporativas de la FMBBVA\" width=\"1600\" height=\"900\" srcset=\"https:\/\/www.fundacionmicrofinanzasbbva.org\/wp-content\/uploads\/2018\/06\/IMG-20180605-WA0000.jpg 1600w, https:\/\/www.fundacionmicrofinanzasbbva.org\/wp-content\/uploads\/2018\/06\/IMG-20180605-WA0000-180x101.jpg 180w, https:\/\/www.fundacionmicrofinanzasbbva.org\/wp-content\/uploads\/2018\/06\/IMG-20180605-WA0000-768x432.jpg 768w, https:\/\/www.fundacionmicrofinanzasbbva.org\/wp-content\/uploads\/2018\/06\/IMG-20180605-WA0000-1024x576.jpg 1024w\" sizes=\"auto, (max-width: 1600px) 100vw, 1600px\" \/><p id=\"caption-attachment-19403\" class=\"wp-caption-text\">Martin Spahr, <em>Senior Operations Officer<\/em> of the IFC, during his speech at the BBVAMF Leadership Meeting<\/p><\/div>\n<p><span style=\"font-weight: 400;\">One of the Foundation\u2019s objectives is <strong>to integrate the digital transformation in microfinance to foster financial inclusion and reach segments that are still out of reach for the formal financial sector.<\/strong> It establishes partnerships with fintechs who hold adequate top of the line solutions for microfinance, as well as with tech giants to leverage their capacity by applying cloud solutions, and to use Big Data to create products and services adapted to the needs of entrepreneurs, among other uses. According to Spahr, \u201cfor microfinance institutions, data has become another relevant asset.\u201d<\/span><\/p>\n<blockquote><p>Data has become another relevant asset for microfinance institutions&#8221;<\/p><\/blockquote>\n<p><span style=\"font-weight: 400;\">Another priority is the evaluation of the entrepreneurs\u2019 progress overtime: the improvement of their businesses, their education, their homes, etc\u2026 <strong>An evaluation that is also a management tool.<\/strong> BFA\u2019s regional director for Latin America, Natalia G\u00f3mez, highlighted the importance of understanding the complexity of the variables used, interconnected as they are, to produce a valuable assessment. BBVAMF started publishing the findings of its own measurement system, and has since been sharing it in international microfinance forums. The <a href=\"http:\/\/www.fundacionmicrofinanzasbbva.org\/informe-2017\/index.php?lang=EN\">2017 edition<\/a> of the Foundation\u2019s Social Performance is available to the public, and has been launched at the closing ceremony of the BBVAMF\u2019s Leadership Meeting.<\/span><\/p>\n<h3>The BBVA Microfinance Foundation and its commitment to women<\/h3>\n<p><span style=\"font-weight: 400;\"><strong>\u201cAn important part of the progress in gender equality is due to collective awareness; it\u2019s not a women\u2019s battle, it\u2019s a society\u2019s struggle.\u201d<\/strong> With these words, UN Women\u2019s regional director for LAC, Luiza Carvalho, inaugurated the second and final day of the Meeting. During her speech which addressed women\u2019s situation and UN Women\u2019s efforts in the region, the representative of <a href=\"http:\/\/www.fundacionmicrofinanzasbbva.org\/en\/institutional\/partnership-agreements\/\">the Foundation\u2019s strategic partner<\/a> discussed the importance of closing the gender gap.<\/span><\/p>\n<blockquote><p>An important part of the progress in gender equality is due to collective awareness; it&#8217;s not a women&#8217;s battle, it&#8217;s a society&#8217;s struggle&#8221;<\/p><\/blockquote>\n<p><span style=\"font-weight: 400;\">According to Luiza Carvalho, even though women\u2019s educational levels have surpassed that of men\u2019s, we still need to push in many other aspects, such as financial inclusion. She says that, <strong>\u201caccess to financial services is crucial for poverty eradication and women\u2019s empowerment.\u201d<\/strong> This is another objective for the BBVA Microfinance Foundation, who serves more than a million women with financial products and services tailored to their needs, together with training, so they can learn how to best invest in their businesses and save for their future and their children\u2019s.<\/span><\/p>\n<div id=\"attachment_19401\" style=\"width: 1610px\" class=\"wp-caption alignnone\"><img loading=\"lazy\" decoding=\"async\" aria-describedby=\"caption-attachment-19401\" class=\"wp-image-19401 size-full\" src=\"http:\/\/www.fundacionmicrofinanzasbbva.org\/wp-content\/uploads\/2018\/06\/IMG-20180606-WA0004.jpg\" alt=\"Fotograf\u00eda de Luiza Carvalho, directora regional para las Am\u00e9ricas y el Caribe de ONU Mujeres, ha intervenido en las Jornadas Corporativas de la FMBBVA\" width=\"1600\" height=\"900\" srcset=\"https:\/\/www.fundacionmicrofinanzasbbva.org\/wp-content\/uploads\/2018\/06\/IMG-20180606-WA0004.jpg 1600w, https:\/\/www.fundacionmicrofinanzasbbva.org\/wp-content\/uploads\/2018\/06\/IMG-20180606-WA0004-180x101.jpg 180w, https:\/\/www.fundacionmicrofinanzasbbva.org\/wp-content\/uploads\/2018\/06\/IMG-20180606-WA0004-768x432.jpg 768w, https:\/\/www.fundacionmicrofinanzasbbva.org\/wp-content\/uploads\/2018\/06\/IMG-20180606-WA0004-1024x576.jpg 1024w\" sizes=\"auto, (max-width: 1600px) 100vw, 1600px\" \/><p id=\"caption-attachment-19401\" class=\"wp-caption-text\">Luiza Carvalho, regional director for LAC in UN Women, during her participation in the BBVAMF&#8217;s Leadership Meeting<\/p><\/div>\n<p><span style=\"font-weight: 400;\">This year\u2019s Leadership Meeting sets the path for the Foundation and its MFIs for the coming years. <strong>A roadmap where technology is a fundamental ally to reach more people and serve them more efficiently<\/strong>; one that also points\u00a0 towards a horizon which gave rise to the Foundation, and marked its ultimate purpose: to end poverty leaving no one behind.<\/span><\/p>\n","protected":false},"excerpt":{"rendered":"<p>Digital transformation, social measurement and women: BBVA Microfinance Foundation\u2019s Leadership Meeting key issues<\/p>\n","protected":false},"author":13,"featured_media":19398,"comment_status":"closed","ping_status":"closed","sticky":false,"template":"","format":"standard","meta":{"_acf_changed":false,"footnotes":""},"categories":[1437],"tags":[13,1394,898,1680,580,1316,2377,187,1704,796,409,2378,1831,2376,1769,225,2379,890,276,1749,1053],"class_list":["post-19420","post","type-post","status-publish","format-standard","has-post-thumbnail","hentry","category-news","tag-desarrollo","tag-desarrollo-en-2","tag-development","tag-empoderamiento-en-2","tag-empoderamiento","tag-empoderamiento-en","tag-empowerment","tag-emprendimiento","tag-emprendimiento-en","tag-entrepreneurship","tag-impacto-social","tag-measurement","tag-medicion","tag-medicion-en","tag-mujer-en","tag-mujer","tag-social-performance","tag-tecnologia-en","tag-tecnologia","tag-tecnologia-en-2","tag-women-2","paises-chile"],"acf":[],"yoast_head":"<!-- This site is optimized with the Yoast SEO plugin v27.4 - https:\/\/yoast.com\/product\/yoast-seo-wordpress\/ -->\n<title>\u201cBuilding future\u201d: BBVA Microfinance Foundation\u2019s V Leadership Meeting - Fundaci\u00f3n Microfinanzas BBVA<\/title>\n<meta name=\"robots\" content=\"index, follow, max-snippet:-1, max-image-preview:large, max-video-preview:-1\" \/>\n<link rel=\"canonical\" href=\"https:\/\/www.fundacionmicrofinanzasbbva.org\/en\/construyendo-futuro-asi-las-v-jornadas-corporativas-la-fundacion-microfinanzas-bbva\/\" \/>\n<meta property=\"og:locale\" content=\"en_US\" \/>\n<meta property=\"og:type\" content=\"article\" \/>\n<meta property=\"og:title\" content=\"\u201cBuilding future\u201d: BBVA Microfinance Foundation\u2019s V Leadership Meeting - Fundaci\u00f3n Microfinanzas BBVA\" \/>\n<meta property=\"og:description\" content=\"Digital transformation, social measurement and women: BBVA Microfinance Foundation\u2019s Leadership Meeting key issues\" \/>\n<meta property=\"og:url\" content=\"https:\/\/www.fundacionmicrofinanzasbbva.org\/en\/construyendo-futuro-asi-las-v-jornadas-corporativas-la-fundacion-microfinanzas-bbva\/\" \/>\n<meta property=\"og:site_name\" content=\"Fundaci\u00f3n Microfinanzas BBVA\" \/>\n<meta property=\"article:publisher\" content=\"https:\/\/www.facebook.com\/fundacionmicrofinanzasbbva\/\" \/>\n<meta property=\"article:published_time\" content=\"2018-06-06T16:46:46+00:00\" \/>\n<meta property=\"article:modified_time\" content=\"2018-06-14T09:10:47+00:00\" \/>\n<meta property=\"og:image\" content=\"https:\/\/www.fundacionmicrofinanzasbbva.org\/wp-content\/uploads\/2018\/06\/jornadas-corporativas-fmbbva.jpg\" \/>\n\t<meta property=\"og:image:width\" content=\"1080\" \/>\n\t<meta property=\"og:image:height\" content=\"474\" \/>\n\t<meta property=\"og:image:type\" content=\"image\/jpeg\" \/>\n<meta name=\"author\" content=\"Karessa Ramos\" \/>\n<meta name=\"twitter:card\" content=\"summary_large_image\" \/>\n<meta name=\"twitter:creator\" content=\"@FMBBVA\" \/>\n<meta name=\"twitter:site\" content=\"@FMBBVA\" \/>\n<meta name=\"twitter:label1\" content=\"Written by\" \/>\n\t<meta name=\"twitter:data1\" content=\"Karessa Ramos\" \/>\n\t<meta name=\"twitter:label2\" content=\"Est. reading time\" \/>\n\t<meta name=\"twitter:data2\" content=\"3 minutes\" \/>\n<script type=\"application\/ld+json\" class=\"yoast-schema-graph\">{\"@context\":\"https:\\\/\\\/schema.org\",\"@graph\":[{\"@type\":\"Article\",\"@id\":\"https:\\\/\\\/www.fundacionmicrofinanzasbbva.org\\\/en\\\/construyendo-futuro-asi-las-v-jornadas-corporativas-la-fundacion-microfinanzas-bbva\\\/#article\",\"isPartOf\":{\"@id\":\"https:\\\/\\\/www.fundacionmicrofinanzasbbva.org\\\/en\\\/construyendo-futuro-asi-las-v-jornadas-corporativas-la-fundacion-microfinanzas-bbva\\\/\"},\"author\":{\"name\":\"Karessa Ramos\",\"@id\":\"https:\\\/\\\/www.fundacionmicrofinanzasbbva.org\\\/en\\\/#\\\/schema\\\/person\\\/dcc08d9d413af1c947cd093804347ac6\"},\"headline\":\"\u201cBuilding future\u201d: BBVA Microfinance Foundation\u2019s V Leadership Meeting\",\"datePublished\":\"2018-06-06T16:46:46+00:00\",\"dateModified\":\"2018-06-14T09:10:47+00:00\",\"mainEntityOfPage\":{\"@id\":\"https:\\\/\\\/www.fundacionmicrofinanzasbbva.org\\\/en\\\/construyendo-futuro-asi-las-v-jornadas-corporativas-la-fundacion-microfinanzas-bbva\\\/\"},\"wordCount\":678,\"publisher\":{\"@id\":\"https:\\\/\\\/www.fundacionmicrofinanzasbbva.org\\\/en\\\/#organization\"},\"image\":{\"@id\":\"https:\\\/\\\/www.fundacionmicrofinanzasbbva.org\\\/en\\\/construyendo-futuro-asi-las-v-jornadas-corporativas-la-fundacion-microfinanzas-bbva\\\/#primaryimage\"},\"thumbnailUrl\":\"https:\\\/\\\/www.fundacionmicrofinanzasbbva.org\\\/wp-content\\\/uploads\\\/2018\\\/06\\\/jornadas-corporativas-fmbbva.jpg\",\"keywords\":[\"Desarrollo\",\"Desarrollo\",\"development\",\"Empoderamiento\",\"Empoderamiento\",\"Empoderamiento\",\"empowerment\",\"Emprendimiento\",\"Emprendimiento\",\"Entrepreneurship\",\"impacto social\",\"measurement\",\"medici\u00f3n\",\"medici\u00f3n\",\"mujer\",\"Mujer FMBBVA\",\"social performance\",\"technology\",\"tecnolog\u00eda\",\"tecnolog\u00eda\",\"women\"],\"articleSection\":[\"News\"],\"inLanguage\":\"en-US\"},{\"@type\":\"WebPage\",\"@id\":\"https:\\\/\\\/www.fundacionmicrofinanzasbbva.org\\\/en\\\/construyendo-futuro-asi-las-v-jornadas-corporativas-la-fundacion-microfinanzas-bbva\\\/\",\"url\":\"https:\\\/\\\/www.fundacionmicrofinanzasbbva.org\\\/en\\\/construyendo-futuro-asi-las-v-jornadas-corporativas-la-fundacion-microfinanzas-bbva\\\/\",\"name\":\"\u201cBuilding future\u201d: BBVA Microfinance Foundation\u2019s V Leadership Meeting - Fundaci\u00f3n Microfinanzas BBVA\",\"isPartOf\":{\"@id\":\"https:\\\/\\\/www.fundacionmicrofinanzasbbva.org\\\/en\\\/#website\"},\"primaryImageOfPage\":{\"@id\":\"https:\\\/\\\/www.fundacionmicrofinanzasbbva.org\\\/en\\\/construyendo-futuro-asi-las-v-jornadas-corporativas-la-fundacion-microfinanzas-bbva\\\/#primaryimage\"},\"image\":{\"@id\":\"https:\\\/\\\/www.fundacionmicrofinanzasbbva.org\\\/en\\\/construyendo-futuro-asi-las-v-jornadas-corporativas-la-fundacion-microfinanzas-bbva\\\/#primaryimage\"},\"thumbnailUrl\":\"https:\\\/\\\/www.fundacionmicrofinanzasbbva.org\\\/wp-content\\\/uploads\\\/2018\\\/06\\\/jornadas-corporativas-fmbbva.jpg\",\"datePublished\":\"2018-06-06T16:46:46+00:00\",\"dateModified\":\"2018-06-14T09:10:47+00:00\",\"breadcrumb\":{\"@id\":\"https:\\\/\\\/www.fundacionmicrofinanzasbbva.org\\\/en\\\/construyendo-futuro-asi-las-v-jornadas-corporativas-la-fundacion-microfinanzas-bbva\\\/#breadcrumb\"},\"inLanguage\":\"en-US\",\"potentialAction\":[{\"@type\":\"ReadAction\",\"target\":[\"https:\\\/\\\/www.fundacionmicrofinanzasbbva.org\\\/en\\\/construyendo-futuro-asi-las-v-jornadas-corporativas-la-fundacion-microfinanzas-bbva\\\/\"]}]},{\"@type\":\"ImageObject\",\"inLanguage\":\"en-US\",\"@id\":\"https:\\\/\\\/www.fundacionmicrofinanzasbbva.org\\\/en\\\/construyendo-futuro-asi-las-v-jornadas-corporativas-la-fundacion-microfinanzas-bbva\\\/#primaryimage\",\"url\":\"https:\\\/\\\/www.fundacionmicrofinanzasbbva.org\\\/wp-content\\\/uploads\\\/2018\\\/06\\\/jornadas-corporativas-fmbbva.jpg\",\"contentUrl\":\"https:\\\/\\\/www.fundacionmicrofinanzasbbva.org\\\/wp-content\\\/uploads\\\/2018\\\/06\\\/jornadas-corporativas-fmbbva.jpg\",\"width\":1080,\"height\":474},{\"@type\":\"BreadcrumbList\",\"@id\":\"https:\\\/\\\/www.fundacionmicrofinanzasbbva.org\\\/en\\\/construyendo-futuro-asi-las-v-jornadas-corporativas-la-fundacion-microfinanzas-bbva\\\/#breadcrumb\",\"itemListElement\":[{\"@type\":\"ListItem\",\"position\":1,\"name\":\"Home\",\"item\":\"https:\\\/\\\/www.fundacionmicrofinanzasbbva.org\\\/en\\\/\"},{\"@type\":\"ListItem\",\"position\":2,\"name\":\"News\",\"item\":\"https:\\\/\\\/www.fundacionmicrofinanzasbbva.org\\\/en\\\/category\\\/news\\\/\"},{\"@type\":\"ListItem\",\"position\":3,\"name\":\"\u201cBuilding future\u201d: BBVA Microfinance Foundation\u2019s V Leadership Meeting\"}]},{\"@type\":\"WebSite\",\"@id\":\"https:\\\/\\\/www.fundacionmicrofinanzasbbva.org\\\/en\\\/#website\",\"url\":\"https:\\\/\\\/www.fundacionmicrofinanzasbbva.org\\\/en\\\/\",\"name\":\"Fundaci\u00f3n Microfinanzas BBVA\",\"description\":\"Fundaci\u00f3n Microfinanzas BBVA\",\"publisher\":{\"@id\":\"https:\\\/\\\/www.fundacionmicrofinanzasbbva.org\\\/en\\\/#organization\"},\"alternateName\":\"Fundaci\u00f3n Microfinanzas BBVA\",\"potentialAction\":[{\"@type\":\"SearchAction\",\"target\":{\"@type\":\"EntryPoint\",\"urlTemplate\":\"https:\\\/\\\/www.fundacionmicrofinanzasbbva.org\\\/en\\\/?s={search_term_string}\"},\"query-input\":{\"@type\":\"PropertyValueSpecification\",\"valueRequired\":true,\"valueName\":\"search_term_string\"}}],\"inLanguage\":\"en-US\"},{\"@type\":\"Organization\",\"@id\":\"https:\\\/\\\/www.fundacionmicrofinanzasbbva.org\\\/en\\\/#organization\",\"name\":\"Fundaci\u00f3n Microfinanzas BBVA\",\"alternateName\":\"Fundaci\u00f3n Microfinanzas BBVA\",\"url\":\"https:\\\/\\\/www.fundacionmicrofinanzasbbva.org\\\/en\\\/\",\"logo\":{\"@type\":\"ImageObject\",\"inLanguage\":\"en-US\",\"@id\":\"https:\\\/\\\/www.fundacionmicrofinanzasbbva.org\\\/en\\\/#\\\/schema\\\/logo\\\/image\\\/\",\"url\":\"https:\\\/\\\/www.fundacionmicrofinanzasbbva.org\\\/wp-content\\\/uploads\\\/2017\\\/01\\\/favicon.png\",\"contentUrl\":\"https:\\\/\\\/www.fundacionmicrofinanzasbbva.org\\\/wp-content\\\/uploads\\\/2017\\\/01\\\/favicon.png\",\"width\":130,\"height\":130,\"caption\":\"Fundaci\u00f3n Microfinanzas BBVA\"},\"image\":{\"@id\":\"https:\\\/\\\/www.fundacionmicrofinanzasbbva.org\\\/en\\\/#\\\/schema\\\/logo\\\/image\\\/\"},\"sameAs\":[\"https:\\\/\\\/www.facebook.com\\\/fundacionmicrofinanzasbbva\\\/\",\"https:\\\/\\\/x.com\\\/FMBBVA\",\"https:\\\/\\\/www.linkedin.com\\\/company\\\/fundaci\u00f3n-microfinanzas-bbva\\\/\"]},{\"@type\":\"Person\",\"@id\":\"https:\\\/\\\/www.fundacionmicrofinanzasbbva.org\\\/en\\\/#\\\/schema\\\/person\\\/dcc08d9d413af1c947cd093804347ac6\",\"name\":\"Karessa Ramos\"}]}<\/script>\n<!-- \/ Yoast SEO plugin. -->","yoast_head_json":{"title":"\u201cBuilding future\u201d: BBVA Microfinance Foundation\u2019s V Leadership Meeting - Fundaci\u00f3n Microfinanzas BBVA","robots":{"index":"index","follow":"follow","max-snippet":"max-snippet:-1","max-image-preview":"max-image-preview:large","max-video-preview":"max-video-preview:-1"},"canonical":"https:\/\/www.fundacionmicrofinanzasbbva.org\/en\/construyendo-futuro-asi-las-v-jornadas-corporativas-la-fundacion-microfinanzas-bbva\/","og_locale":"en_US","og_type":"article","og_title":"\u201cBuilding future\u201d: BBVA Microfinance Foundation\u2019s V Leadership Meeting - Fundaci\u00f3n Microfinanzas BBVA","og_description":"Digital transformation, social measurement and women: BBVA Microfinance Foundation\u2019s Leadership Meeting key issues","og_url":"https:\/\/www.fundacionmicrofinanzasbbva.org\/en\/construyendo-futuro-asi-las-v-jornadas-corporativas-la-fundacion-microfinanzas-bbva\/","og_site_name":"Fundaci\u00f3n Microfinanzas BBVA","article_publisher":"https:\/\/www.facebook.com\/fundacionmicrofinanzasbbva\/","article_published_time":"2018-06-06T16:46:46+00:00","article_modified_time":"2018-06-14T09:10:47+00:00","og_image":[{"width":1080,"height":474,"url":"https:\/\/www.fundacionmicrofinanzasbbva.org\/wp-content\/uploads\/2018\/06\/jornadas-corporativas-fmbbva.jpg","type":"image\/jpeg"}],"author":"Karessa Ramos","twitter_card":"summary_large_image","twitter_creator":"@FMBBVA","twitter_site":"@FMBBVA","twitter_misc":{"Written by":"Karessa Ramos","Est. reading time":"3 minutes"},"schema":{"@context":"https:\/\/schema.org","@graph":[{"@type":"Article","@id":"https:\/\/www.fundacionmicrofinanzasbbva.org\/en\/construyendo-futuro-asi-las-v-jornadas-corporativas-la-fundacion-microfinanzas-bbva\/#article","isPartOf":{"@id":"https:\/\/www.fundacionmicrofinanzasbbva.org\/en\/construyendo-futuro-asi-las-v-jornadas-corporativas-la-fundacion-microfinanzas-bbva\/"},"author":{"name":"Karessa Ramos","@id":"https:\/\/www.fundacionmicrofinanzasbbva.org\/en\/#\/schema\/person\/dcc08d9d413af1c947cd093804347ac6"},"headline":"\u201cBuilding future\u201d: BBVA Microfinance Foundation\u2019s V Leadership Meeting","datePublished":"2018-06-06T16:46:46+00:00","dateModified":"2018-06-14T09:10:47+00:00","mainEntityOfPage":{"@id":"https:\/\/www.fundacionmicrofinanzasbbva.org\/en\/construyendo-futuro-asi-las-v-jornadas-corporativas-la-fundacion-microfinanzas-bbva\/"},"wordCount":678,"publisher":{"@id":"https:\/\/www.fundacionmicrofinanzasbbva.org\/en\/#organization"},"image":{"@id":"https:\/\/www.fundacionmicrofinanzasbbva.org\/en\/construyendo-futuro-asi-las-v-jornadas-corporativas-la-fundacion-microfinanzas-bbva\/#primaryimage"},"thumbnailUrl":"https:\/\/www.fundacionmicrofinanzasbbva.org\/wp-content\/uploads\/2018\/06\/jornadas-corporativas-fmbbva.jpg","keywords":["Desarrollo","Desarrollo","development","Empoderamiento","Empoderamiento","Empoderamiento","empowerment","Emprendimiento","Emprendimiento","Entrepreneurship","impacto social","measurement","medici\u00f3n","medici\u00f3n","mujer","Mujer FMBBVA","social performance","technology","tecnolog\u00eda","tecnolog\u00eda","women"],"articleSection":["News"],"inLanguage":"en-US"},{"@type":"WebPage","@id":"https:\/\/www.fundacionmicrofinanzasbbva.org\/en\/construyendo-futuro-asi-las-v-jornadas-corporativas-la-fundacion-microfinanzas-bbva\/","url":"https:\/\/www.fundacionmicrofinanzasbbva.org\/en\/construyendo-futuro-asi-las-v-jornadas-corporativas-la-fundacion-microfinanzas-bbva\/","name":"\u201cBuilding future\u201d: BBVA Microfinance Foundation\u2019s V Leadership Meeting - Fundaci\u00f3n Microfinanzas BBVA","isPartOf":{"@id":"https:\/\/www.fundacionmicrofinanzasbbva.org\/en\/#website"},"primaryImageOfPage":{"@id":"https:\/\/www.fundacionmicrofinanzasbbva.org\/en\/construyendo-futuro-asi-las-v-jornadas-corporativas-la-fundacion-microfinanzas-bbva\/#primaryimage"},"image":{"@id":"https:\/\/www.fundacionmicrofinanzasbbva.org\/en\/construyendo-futuro-asi-las-v-jornadas-corporativas-la-fundacion-microfinanzas-bbva\/#primaryimage"},"thumbnailUrl":"https:\/\/www.fundacionmicrofinanzasbbva.org\/wp-content\/uploads\/2018\/06\/jornadas-corporativas-fmbbva.jpg","datePublished":"2018-06-06T16:46:46+00:00","dateModified":"2018-06-14T09:10:47+00:00","breadcrumb":{"@id":"https:\/\/www.fundacionmicrofinanzasbbva.org\/en\/construyendo-futuro-asi-las-v-jornadas-corporativas-la-fundacion-microfinanzas-bbva\/#breadcrumb"},"inLanguage":"en-US","potentialAction":[{"@type":"ReadAction","target":["https:\/\/www.fundacionmicrofinanzasbbva.org\/en\/construyendo-futuro-asi-las-v-jornadas-corporativas-la-fundacion-microfinanzas-bbva\/"]}]},{"@type":"ImageObject","inLanguage":"en-US","@id":"https:\/\/www.fundacionmicrofinanzasbbva.org\/en\/construyendo-futuro-asi-las-v-jornadas-corporativas-la-fundacion-microfinanzas-bbva\/#primaryimage","url":"https:\/\/www.fundacionmicrofinanzasbbva.org\/wp-content\/uploads\/2018\/06\/jornadas-corporativas-fmbbva.jpg","contentUrl":"https:\/\/www.fundacionmicrofinanzasbbva.org\/wp-content\/uploads\/2018\/06\/jornadas-corporativas-fmbbva.jpg","width":1080,"height":474},{"@type":"BreadcrumbList","@id":"https:\/\/www.fundacionmicrofinanzasbbva.org\/en\/construyendo-futuro-asi-las-v-jornadas-corporativas-la-fundacion-microfinanzas-bbva\/#breadcrumb","itemListElement":[{"@type":"ListItem","position":1,"name":"Home","item":"https:\/\/www.fundacionmicrofinanzasbbva.org\/en\/"},{"@type":"ListItem","position":2,"name":"News","item":"https:\/\/www.fundacionmicrofinanzasbbva.org\/en\/category\/news\/"},{"@type":"ListItem","position":3,"name":"\u201cBuilding future\u201d: BBVA Microfinance Foundation\u2019s V Leadership Meeting"}]},{"@type":"WebSite","@id":"https:\/\/www.fundacionmicrofinanzasbbva.org\/en\/#website","url":"https:\/\/www.fundacionmicrofinanzasbbva.org\/en\/","name":"Fundaci\u00f3n Microfinanzas BBVA","description":"Fundaci\u00f3n Microfinanzas BBVA","publisher":{"@id":"https:\/\/www.fundacionmicrofinanzasbbva.org\/en\/#organization"},"alternateName":"Fundaci\u00f3n Microfinanzas BBVA","potentialAction":[{"@type":"SearchAction","target":{"@type":"EntryPoint","urlTemplate":"https:\/\/www.fundacionmicrofinanzasbbva.org\/en\/?s={search_term_string}"},"query-input":{"@type":"PropertyValueSpecification","valueRequired":true,"valueName":"search_term_string"}}],"inLanguage":"en-US"},{"@type":"Organization","@id":"https:\/\/www.fundacionmicrofinanzasbbva.org\/en\/#organization","name":"Fundaci\u00f3n Microfinanzas BBVA","alternateName":"Fundaci\u00f3n Microfinanzas BBVA","url":"https:\/\/www.fundacionmicrofinanzasbbva.org\/en\/","logo":{"@type":"ImageObject","inLanguage":"en-US","@id":"https:\/\/www.fundacionmicrofinanzasbbva.org\/en\/#\/schema\/logo\/image\/","url":"https:\/\/www.fundacionmicrofinanzasbbva.org\/wp-content\/uploads\/2017\/01\/favicon.png","contentUrl":"https:\/\/www.fundacionmicrofinanzasbbva.org\/wp-content\/uploads\/2017\/01\/favicon.png","width":130,"height":130,"caption":"Fundaci\u00f3n Microfinanzas BBVA"},"image":{"@id":"https:\/\/www.fundacionmicrofinanzasbbva.org\/en\/#\/schema\/logo\/image\/"},"sameAs":["https:\/\/www.facebook.com\/fundacionmicrofinanzasbbva\/","https:\/\/x.com\/FMBBVA","https:\/\/www.linkedin.com\/company\/fundaci\u00f3n-microfinanzas-bbva\/"]},{"@type":"Person","@id":"https:\/\/www.fundacionmicrofinanzasbbva.org\/en\/#\/schema\/person\/dcc08d9d413af1c947cd093804347ac6","name":"Karessa Ramos"}]}},"_links":{"self":[{"href":"https:\/\/www.fundacionmicrofinanzasbbva.org\/en\/wp-json\/wp\/v2\/posts\/19420","targetHints":{"allow":["GET"]}}],"collection":[{"href":"https:\/\/www.fundacionmicrofinanzasbbva.org\/en\/wp-json\/wp\/v2\/posts"}],"about":[{"href":"https:\/\/www.fundacionmicrofinanzasbbva.org\/en\/wp-json\/wp\/v2\/types\/post"}],"author":[{"embeddable":true,"href":"https:\/\/www.fundacionmicrofinanzasbbva.org\/en\/wp-json\/wp\/v2\/users\/13"}],"replies":[{"embeddable":true,"href":"https:\/\/www.fundacionmicrofinanzasbbva.org\/en\/wp-json\/wp\/v2\/comments?post=19420"}],"version-history":[{"count":0,"href":"https:\/\/www.fundacionmicrofinanzasbbva.org\/en\/wp-json\/wp\/v2\/posts\/19420\/revisions"}],"wp:featuredmedia":[{"embeddable":true,"href":"https:\/\/www.fundacionmicrofinanzasbbva.org\/en\/wp-json\/wp\/v2\/media\/19398"}],"wp:attachment":[{"href":"https:\/\/www.fundacionmicrofinanzasbbva.org\/en\/wp-json\/wp\/v2\/media?parent=19420"}],"wp:term":[{"taxonomy":"category","embeddable":true,"href":"https:\/\/www.fundacionmicrofinanzasbbva.org\/en\/wp-json\/wp\/v2\/categories?post=19420"},{"taxonomy":"post_tag","embeddable":true,"href":"https:\/\/www.fundacionmicrofinanzasbbva.org\/en\/wp-json\/wp\/v2\/tags?post=19420"}],"curies":[{"name":"wp","href":"https:\/\/api.w.org\/{rel}","templated":true}]}}