{"id":13022,"date":"2017-10-13T11:35:01","date_gmt":"2017-10-13T09:35:01","guid":{"rendered":"http:\/\/www.fundacionmicrofinanzasbbva.org\/en\/agenda-2030\/"},"modified":"2017-11-27T13:32:09","modified_gmt":"2017-11-27T12:32:09","slug":"agenda-2030","status":"publish","type":"post","link":"https:\/\/www.fundacionmicrofinanzasbbva.org\/en\/agenda-2030\/","title":{"rendered":"The 2030 Agenda: an indisputable commitment to change the world"},"content":{"rendered":"<p>The world still has 13 years before having to report back to the UN, thirteen years so <strong>governments, individuals and companies comply with the 17 goals they made a commitment to<\/strong> a couple of years ago. <strong>The 2030 Agenda for Sustainable Development<\/strong> is, each and every day, a topical issue. It is the universal route for the coming years, <strong>the action plan for a world that needs to change<\/strong> leaving no one behind.<\/p>\n<p>The<strong> 17\u00a0SDGs<\/strong>, with its 169 targets, are based in key aspects such as equality, decent employment, health and wellbeing and education. The SDGs take the helm of the <strong>Millennium Development Goals (MDGs)<\/strong>, approved in 2000, to set the stage of how the world should be in the 21<sup>st<\/sup> century.<\/p>\n<p>In its mission to promote the socioeconomic development of vulnerable people, the <strong>BBVA Microfinance Foundation<\/strong> works <a href=\"http:\/\/www.fundacionmicrofinanzasbbva.org\/en\/sector-development\/sustainable-development-goals\/\" target=\"_blank\">in line with the SDGs<\/a> and its efforts impact <strong>nine of them<\/strong> in varying degrees. Through financial inclusion, an instrument that is transversally mentioned along different Sustainable Development Goals, the Foundation contributes to the <strong>progress of almost two million people in Latin America.<\/strong><\/p>\n<p>&nbsp;<\/p>\n<div id=\"attachment_13025\" style=\"width: 690px\" class=\"wp-caption alignnone\"><img loading=\"lazy\" decoding=\"async\" aria-describedby=\"caption-attachment-13025\" class=\"wp-image-13025 size-large\" src=\"http:\/\/www.fundacionmicrofinanzasbbva.org\/wp-content\/uploads\/2017\/10\/infograf\u00eda-impacto-ENG-1-764x1024.jpg\" width=\"680\" height=\"911\" srcset=\"https:\/\/www.fundacionmicrofinanzasbbva.org\/wp-content\/uploads\/2017\/10\/infograf\u00eda-impacto-ENG-1-764x1024.jpg 764w, https:\/\/www.fundacionmicrofinanzasbbva.org\/wp-content\/uploads\/2017\/10\/infograf\u00eda-impacto-ENG-1-180x241.jpg 180w, https:\/\/www.fundacionmicrofinanzasbbva.org\/wp-content\/uploads\/2017\/10\/infograf\u00eda-impacto-ENG-1-768x1030.jpg 768w\" sizes=\"auto, (max-width: 680px) 100vw, 680px\" \/><p id=\"caption-attachment-13025\" class=\"wp-caption-text\">Impact that goes beyond financial services<\/p><\/div>\n<p>&nbsp;<\/p>\n<p>In its commitment to the 2030 Agenda, the BBVAMF is part of the SDG Private Sector Advisory Group of the <a href=\"http:\/\/www.sdgfund.org\/\" target=\"_blank\">UN SDG Fund<\/a>. Since the constitution of this group in 2015, the Foundation works with other institutions, contributing to strengthen and make the best out of the public-private alliances.<\/p>\n<p>These are the 17 Sustainable Development Goals which compromises all stakeholders to take a step forward and \u201ctransform our world\u201d:<\/p>\n<img loading=\"lazy\" decoding=\"async\" class=\"aligncenter size-full wp-image-13027\" src=\"http:\/\/www.fundacionmicrofinanzasbbva.org\/wp-content\/uploads\/2017\/10\/sdg-goals.png\" alt=\"\" width=\"966\" height=\"627\" srcset=\"https:\/\/www.fundacionmicrofinanzasbbva.org\/wp-content\/uploads\/2017\/10\/sdg-goals.png 966w, https:\/\/www.fundacionmicrofinanzasbbva.org\/wp-content\/uploads\/2017\/10\/sdg-goals-180x117.png 180w, https:\/\/www.fundacionmicrofinanzasbbva.org\/wp-content\/uploads\/2017\/10\/sdg-goals-768x498.png 768w\" sizes=\"auto, (max-width: 966px) 100vw, 966px\" \/>\n<p>&nbsp;<\/p>\n<p><a href=\"http:\/\/www.un.org\/ga\/search\/view_doc.asp?symbol=A\/RES\/70\/1&amp;Lang=E\">Here you may consult the 2030 Agenda for Sustainable Development, approved on the 25<sup>th<\/sup> of September 2015, by the United Nations General Assembly<\/a><\/p>\n","protected":false},"excerpt":{"rendered":"<p>The preamble of the 2030 Agenda notes that it is &#8220;an action plan in favor of the people, the planet and prosperity&#8221;<\/p>\n","protected":false},"author":13,"featured_media":12880,"comment_status":"closed","ping_status":"closed","sticky":false,"template":"","format":"standard","meta":{"_acf_changed":false,"footnotes":""},"categories":[1437,1434],"tags":[1932,1915,1938,1951,1928,1950,480,1290,1625,1298],"class_list":["post-13022","post","type-post","status-publish","format-standard","has-post-thumbnail","hentry","category-news","category-alianzas-estrategicas-en","tag-2030-agenda-for-sustainable-development","tag-agenda-2030-para-el-desarrollo-sostenible","tag-agenda-2030-para-el-desarrollo-sostenible-en","tag-mdg","tag-odm","tag-odm-en","tag-ods","tag-ods-en","tag-ods-en-2","tag-sdg"],"acf":[],"yoast_head":"<!-- This site is optimized with the Yoast SEO plugin v27.4 - https:\/\/yoast.com\/product\/yoast-seo-wordpress\/ -->\n<title>Agenda 2030, un compromiso irrenunciable para transformar el mundo<\/title>\n<meta name=\"description\" content=\"Agenda 2030, un compromiso irrenunciable para transformar el mundo. Todav\u00eda tienen que pasar 13 a\u00f1os para que el mundo rinda cuentas en Naciones Unidas.\" \/>\n<meta name=\"robots\" content=\"index, follow, max-snippet:-1, max-image-preview:large, max-video-preview:-1\" \/>\n<link rel=\"canonical\" href=\"https:\/\/www.fundacionmicrofinanzasbbva.org\/en\/agenda-2030\/\" \/>\n<meta property=\"og:locale\" content=\"en_US\" \/>\n<meta property=\"og:type\" content=\"article\" \/>\n<meta property=\"og:title\" content=\"La Agenda 2030, un compromiso irrenunciable para transformar el mundo\" \/>\n<meta property=\"og:description\" content=\"Todav\u00eda tienen que pasar 13 a\u00f1os para que el mundo rinda cuentas en Naciones Unidas. Trece a\u00f1os para que gobiernos, individuos y empresas cumplan con los 17 objetivos a los que se comprometieron hace apenas dos.\" \/>\n<meta property=\"og:url\" content=\"https:\/\/www.fundacionmicrofinanzasbbva.org\/en\/agenda-2030\/\" \/>\n<meta property=\"og:site_name\" content=\"Fundaci\u00f3n Microfinanzas BBVA\" \/>\n<meta property=\"article:publisher\" content=\"https:\/\/www.facebook.com\/fundacionmicrofinanzasbbva\/\" \/>\n<meta property=\"article:published_time\" content=\"2017-10-13T09:35:01+00:00\" \/>\n<meta property=\"article:modified_time\" content=\"2017-11-27T12:32:09+00:00\" \/>\n<meta property=\"og:image\" content=\"https:\/\/www.fundacionmicrofinanzasbbva.org\/wp-content\/uploads\/2017\/10\/rural-peru-fmbbva.jpg\" \/>\n\t<meta property=\"og:image:width\" content=\"1080\" \/>\n\t<meta property=\"og:image:height\" content=\"475\" \/>\n\t<meta property=\"og:image:type\" content=\"image\/jpeg\" \/>\n<meta name=\"author\" content=\"Karessa Ramos\" \/>\n<meta name=\"twitter:card\" content=\"summary_large_image\" \/>\n<meta name=\"twitter:creator\" content=\"@FMBBVA\" \/>\n<meta name=\"twitter:site\" content=\"@FMBBVA\" \/>\n<meta name=\"twitter:label1\" content=\"Written by\" \/>\n\t<meta name=\"twitter:data1\" content=\"Karessa Ramos\" \/>\n\t<meta name=\"twitter:label2\" content=\"Est. reading time\" \/>\n\t<meta name=\"twitter:data2\" content=\"1 minute\" \/>\n<script type=\"application\/ld+json\" class=\"yoast-schema-graph\">{\"@context\":\"https:\\\/\\\/schema.org\",\"@graph\":[{\"@type\":\"Article\",\"@id\":\"https:\\\/\\\/www.fundacionmicrofinanzasbbva.org\\\/en\\\/agenda-2030\\\/#article\",\"isPartOf\":{\"@id\":\"https:\\\/\\\/www.fundacionmicrofinanzasbbva.org\\\/en\\\/agenda-2030\\\/\"},\"author\":{\"name\":\"Karessa Ramos\",\"@id\":\"https:\\\/\\\/www.fundacionmicrofinanzasbbva.org\\\/en\\\/#\\\/schema\\\/person\\\/dcc08d9d413af1c947cd093804347ac6\"},\"headline\":\"The 2030 Agenda: an indisputable commitment to change the world\",\"datePublished\":\"2017-10-13T09:35:01+00:00\",\"dateModified\":\"2017-11-27T12:32:09+00:00\",\"mainEntityOfPage\":{\"@id\":\"https:\\\/\\\/www.fundacionmicrofinanzasbbva.org\\\/en\\\/agenda-2030\\\/\"},\"wordCount\":288,\"publisher\":{\"@id\":\"https:\\\/\\\/www.fundacionmicrofinanzasbbva.org\\\/en\\\/#organization\"},\"image\":{\"@id\":\"https:\\\/\\\/www.fundacionmicrofinanzasbbva.org\\\/en\\\/agenda-2030\\\/#primaryimage\"},\"thumbnailUrl\":\"https:\\\/\\\/www.fundacionmicrofinanzasbbva.org\\\/wp-content\\\/uploads\\\/2017\\\/10\\\/rural-peru-fmbbva.jpg\",\"keywords\":[\"2030 Agenda for Sustainable Development\",\"Agenda 2030 para el Desarrollo Sostenible\",\"Agenda 2030 para el Desarrollo Sostenible\",\"MDG\",\"ODM\",\"ODM\",\"ODS\",\"ODS\",\"ODS\",\"SDG\"],\"articleSection\":[\"News\",\"Strategic partnerships\"],\"inLanguage\":\"en-US\"},{\"@type\":\"WebPage\",\"@id\":\"https:\\\/\\\/www.fundacionmicrofinanzasbbva.org\\\/en\\\/agenda-2030\\\/\",\"url\":\"https:\\\/\\\/www.fundacionmicrofinanzasbbva.org\\\/en\\\/agenda-2030\\\/\",\"name\":\"Agenda 2030, un compromiso irrenunciable para transformar el mundo\",\"isPartOf\":{\"@id\":\"https:\\\/\\\/www.fundacionmicrofinanzasbbva.org\\\/en\\\/#website\"},\"primaryImageOfPage\":{\"@id\":\"https:\\\/\\\/www.fundacionmicrofinanzasbbva.org\\\/en\\\/agenda-2030\\\/#primaryimage\"},\"image\":{\"@id\":\"https:\\\/\\\/www.fundacionmicrofinanzasbbva.org\\\/en\\\/agenda-2030\\\/#primaryimage\"},\"thumbnailUrl\":\"https:\\\/\\\/www.fundacionmicrofinanzasbbva.org\\\/wp-content\\\/uploads\\\/2017\\\/10\\\/rural-peru-fmbbva.jpg\",\"datePublished\":\"2017-10-13T09:35:01+00:00\",\"dateModified\":\"2017-11-27T12:32:09+00:00\",\"description\":\"Agenda 2030, un compromiso irrenunciable para transformar el mundo. Todav\u00eda tienen que pasar 13 a\u00f1os para que el mundo rinda cuentas en Naciones Unidas.\",\"breadcrumb\":{\"@id\":\"https:\\\/\\\/www.fundacionmicrofinanzasbbva.org\\\/en\\\/agenda-2030\\\/#breadcrumb\"},\"inLanguage\":\"en-US\",\"potentialAction\":[{\"@type\":\"ReadAction\",\"target\":[\"https:\\\/\\\/www.fundacionmicrofinanzasbbva.org\\\/en\\\/agenda-2030\\\/\"]}]},{\"@type\":\"ImageObject\",\"inLanguage\":\"en-US\",\"@id\":\"https:\\\/\\\/www.fundacionmicrofinanzasbbva.org\\\/en\\\/agenda-2030\\\/#primaryimage\",\"url\":\"https:\\\/\\\/www.fundacionmicrofinanzasbbva.org\\\/wp-content\\\/uploads\\\/2017\\\/10\\\/rural-peru-fmbbva.jpg\",\"contentUrl\":\"https:\\\/\\\/www.fundacionmicrofinanzasbbva.org\\\/wp-content\\\/uploads\\\/2017\\\/10\\\/rural-peru-fmbbva.jpg\",\"width\":1080,\"height\":475},{\"@type\":\"BreadcrumbList\",\"@id\":\"https:\\\/\\\/www.fundacionmicrofinanzasbbva.org\\\/en\\\/agenda-2030\\\/#breadcrumb\",\"itemListElement\":[{\"@type\":\"ListItem\",\"position\":1,\"name\":\"Home\",\"item\":\"https:\\\/\\\/www.fundacionmicrofinanzasbbva.org\\\/en\\\/\"},{\"@type\":\"ListItem\",\"position\":2,\"name\":\"News\",\"item\":\"https:\\\/\\\/www.fundacionmicrofinanzasbbva.org\\\/en\\\/category\\\/news\\\/\"},{\"@type\":\"ListItem\",\"position\":3,\"name\":\"The 2030 Agenda: an indisputable commitment to change the world\"}]},{\"@type\":\"WebSite\",\"@id\":\"https:\\\/\\\/www.fundacionmicrofinanzasbbva.org\\\/en\\\/#website\",\"url\":\"https:\\\/\\\/www.fundacionmicrofinanzasbbva.org\\\/en\\\/\",\"name\":\"Fundaci\u00f3n Microfinanzas BBVA\",\"description\":\"Fundaci\u00f3n Microfinanzas BBVA\",\"publisher\":{\"@id\":\"https:\\\/\\\/www.fundacionmicrofinanzasbbva.org\\\/en\\\/#organization\"},\"alternateName\":\"Fundaci\u00f3n Microfinanzas BBVA\",\"potentialAction\":[{\"@type\":\"SearchAction\",\"target\":{\"@type\":\"EntryPoint\",\"urlTemplate\":\"https:\\\/\\\/www.fundacionmicrofinanzasbbva.org\\\/en\\\/?s={search_term_string}\"},\"query-input\":{\"@type\":\"PropertyValueSpecification\",\"valueRequired\":true,\"valueName\":\"search_term_string\"}}],\"inLanguage\":\"en-US\"},{\"@type\":\"Organization\",\"@id\":\"https:\\\/\\\/www.fundacionmicrofinanzasbbva.org\\\/en\\\/#organization\",\"name\":\"Fundaci\u00f3n Microfinanzas BBVA\",\"alternateName\":\"Fundaci\u00f3n Microfinanzas BBVA\",\"url\":\"https:\\\/\\\/www.fundacionmicrofinanzasbbva.org\\\/en\\\/\",\"logo\":{\"@type\":\"ImageObject\",\"inLanguage\":\"en-US\",\"@id\":\"https:\\\/\\\/www.fundacionmicrofinanzasbbva.org\\\/en\\\/#\\\/schema\\\/logo\\\/image\\\/\",\"url\":\"https:\\\/\\\/www.fundacionmicrofinanzasbbva.org\\\/wp-content\\\/uploads\\\/2017\\\/01\\\/favicon.png\",\"contentUrl\":\"https:\\\/\\\/www.fundacionmicrofinanzasbbva.org\\\/wp-content\\\/uploads\\\/2017\\\/01\\\/favicon.png\",\"width\":130,\"height\":130,\"caption\":\"Fundaci\u00f3n Microfinanzas BBVA\"},\"image\":{\"@id\":\"https:\\\/\\\/www.fundacionmicrofinanzasbbva.org\\\/en\\\/#\\\/schema\\\/logo\\\/image\\\/\"},\"sameAs\":[\"https:\\\/\\\/www.facebook.com\\\/fundacionmicrofinanzasbbva\\\/\",\"https:\\\/\\\/x.com\\\/FMBBVA\",\"https:\\\/\\\/www.linkedin.com\\\/company\\\/fundaci\u00f3n-microfinanzas-bbva\\\/\"]},{\"@type\":\"Person\",\"@id\":\"https:\\\/\\\/www.fundacionmicrofinanzasbbva.org\\\/en\\\/#\\\/schema\\\/person\\\/dcc08d9d413af1c947cd093804347ac6\",\"name\":\"Karessa Ramos\"}]}<\/script>\n<!-- \/ Yoast SEO plugin. -->","yoast_head_json":{"title":"Agenda 2030, un compromiso irrenunciable para transformar el mundo","description":"Agenda 2030, un compromiso irrenunciable para transformar el mundo. Todav\u00eda tienen que pasar 13 a\u00f1os para que el mundo rinda cuentas en Naciones Unidas.","robots":{"index":"index","follow":"follow","max-snippet":"max-snippet:-1","max-image-preview":"max-image-preview:large","max-video-preview":"max-video-preview:-1"},"canonical":"https:\/\/www.fundacionmicrofinanzasbbva.org\/en\/agenda-2030\/","og_locale":"en_US","og_type":"article","og_title":"La Agenda 2030, un compromiso irrenunciable para transformar el mundo","og_description":"Todav\u00eda tienen que pasar 13 a\u00f1os para que el mundo rinda cuentas en Naciones Unidas. Trece a\u00f1os para que gobiernos, individuos y empresas cumplan con los 17 objetivos a los que se comprometieron hace apenas dos.","og_url":"https:\/\/www.fundacionmicrofinanzasbbva.org\/en\/agenda-2030\/","og_site_name":"Fundaci\u00f3n Microfinanzas BBVA","article_publisher":"https:\/\/www.facebook.com\/fundacionmicrofinanzasbbva\/","article_published_time":"2017-10-13T09:35:01+00:00","article_modified_time":"2017-11-27T12:32:09+00:00","og_image":[{"width":1080,"height":475,"url":"https:\/\/www.fundacionmicrofinanzasbbva.org\/wp-content\/uploads\/2017\/10\/rural-peru-fmbbva.jpg","type":"image\/jpeg"}],"author":"Karessa Ramos","twitter_card":"summary_large_image","twitter_creator":"@FMBBVA","twitter_site":"@FMBBVA","twitter_misc":{"Written by":"Karessa Ramos","Est. reading time":"1 minute"},"schema":{"@context":"https:\/\/schema.org","@graph":[{"@type":"Article","@id":"https:\/\/www.fundacionmicrofinanzasbbva.org\/en\/agenda-2030\/#article","isPartOf":{"@id":"https:\/\/www.fundacionmicrofinanzasbbva.org\/en\/agenda-2030\/"},"author":{"name":"Karessa Ramos","@id":"https:\/\/www.fundacionmicrofinanzasbbva.org\/en\/#\/schema\/person\/dcc08d9d413af1c947cd093804347ac6"},"headline":"The 2030 Agenda: an indisputable commitment to change the world","datePublished":"2017-10-13T09:35:01+00:00","dateModified":"2017-11-27T12:32:09+00:00","mainEntityOfPage":{"@id":"https:\/\/www.fundacionmicrofinanzasbbva.org\/en\/agenda-2030\/"},"wordCount":288,"publisher":{"@id":"https:\/\/www.fundacionmicrofinanzasbbva.org\/en\/#organization"},"image":{"@id":"https:\/\/www.fundacionmicrofinanzasbbva.org\/en\/agenda-2030\/#primaryimage"},"thumbnailUrl":"https:\/\/www.fundacionmicrofinanzasbbva.org\/wp-content\/uploads\/2017\/10\/rural-peru-fmbbva.jpg","keywords":["2030 Agenda for Sustainable Development","Agenda 2030 para el Desarrollo Sostenible","Agenda 2030 para el Desarrollo Sostenible","MDG","ODM","ODM","ODS","ODS","ODS","SDG"],"articleSection":["News","Strategic partnerships"],"inLanguage":"en-US"},{"@type":"WebPage","@id":"https:\/\/www.fundacionmicrofinanzasbbva.org\/en\/agenda-2030\/","url":"https:\/\/www.fundacionmicrofinanzasbbva.org\/en\/agenda-2030\/","name":"Agenda 2030, un compromiso irrenunciable para transformar el mundo","isPartOf":{"@id":"https:\/\/www.fundacionmicrofinanzasbbva.org\/en\/#website"},"primaryImageOfPage":{"@id":"https:\/\/www.fundacionmicrofinanzasbbva.org\/en\/agenda-2030\/#primaryimage"},"image":{"@id":"https:\/\/www.fundacionmicrofinanzasbbva.org\/en\/agenda-2030\/#primaryimage"},"thumbnailUrl":"https:\/\/www.fundacionmicrofinanzasbbva.org\/wp-content\/uploads\/2017\/10\/rural-peru-fmbbva.jpg","datePublished":"2017-10-13T09:35:01+00:00","dateModified":"2017-11-27T12:32:09+00:00","description":"Agenda 2030, un compromiso irrenunciable para transformar el mundo. Todav\u00eda tienen que pasar 13 a\u00f1os para que el mundo rinda cuentas en Naciones Unidas.","breadcrumb":{"@id":"https:\/\/www.fundacionmicrofinanzasbbva.org\/en\/agenda-2030\/#breadcrumb"},"inLanguage":"en-US","potentialAction":[{"@type":"ReadAction","target":["https:\/\/www.fundacionmicrofinanzasbbva.org\/en\/agenda-2030\/"]}]},{"@type":"ImageObject","inLanguage":"en-US","@id":"https:\/\/www.fundacionmicrofinanzasbbva.org\/en\/agenda-2030\/#primaryimage","url":"https:\/\/www.fundacionmicrofinanzasbbva.org\/wp-content\/uploads\/2017\/10\/rural-peru-fmbbva.jpg","contentUrl":"https:\/\/www.fundacionmicrofinanzasbbva.org\/wp-content\/uploads\/2017\/10\/rural-peru-fmbbva.jpg","width":1080,"height":475},{"@type":"BreadcrumbList","@id":"https:\/\/www.fundacionmicrofinanzasbbva.org\/en\/agenda-2030\/#breadcrumb","itemListElement":[{"@type":"ListItem","position":1,"name":"Home","item":"https:\/\/www.fundacionmicrofinanzasbbva.org\/en\/"},{"@type":"ListItem","position":2,"name":"News","item":"https:\/\/www.fundacionmicrofinanzasbbva.org\/en\/category\/news\/"},{"@type":"ListItem","position":3,"name":"The 2030 Agenda: an indisputable commitment to change the world"}]},{"@type":"WebSite","@id":"https:\/\/www.fundacionmicrofinanzasbbva.org\/en\/#website","url":"https:\/\/www.fundacionmicrofinanzasbbva.org\/en\/","name":"Fundaci\u00f3n Microfinanzas BBVA","description":"Fundaci\u00f3n Microfinanzas BBVA","publisher":{"@id":"https:\/\/www.fundacionmicrofinanzasbbva.org\/en\/#organization"},"alternateName":"Fundaci\u00f3n Microfinanzas BBVA","potentialAction":[{"@type":"SearchAction","target":{"@type":"EntryPoint","urlTemplate":"https:\/\/www.fundacionmicrofinanzasbbva.org\/en\/?s={search_term_string}"},"query-input":{"@type":"PropertyValueSpecification","valueRequired":true,"valueName":"search_term_string"}}],"inLanguage":"en-US"},{"@type":"Organization","@id":"https:\/\/www.fundacionmicrofinanzasbbva.org\/en\/#organization","name":"Fundaci\u00f3n Microfinanzas BBVA","alternateName":"Fundaci\u00f3n Microfinanzas BBVA","url":"https:\/\/www.fundacionmicrofinanzasbbva.org\/en\/","logo":{"@type":"ImageObject","inLanguage":"en-US","@id":"https:\/\/www.fundacionmicrofinanzasbbva.org\/en\/#\/schema\/logo\/image\/","url":"https:\/\/www.fundacionmicrofinanzasbbva.org\/wp-content\/uploads\/2017\/01\/favicon.png","contentUrl":"https:\/\/www.fundacionmicrofinanzasbbva.org\/wp-content\/uploads\/2017\/01\/favicon.png","width":130,"height":130,"caption":"Fundaci\u00f3n Microfinanzas BBVA"},"image":{"@id":"https:\/\/www.fundacionmicrofinanzasbbva.org\/en\/#\/schema\/logo\/image\/"},"sameAs":["https:\/\/www.facebook.com\/fundacionmicrofinanzasbbva\/","https:\/\/x.com\/FMBBVA","https:\/\/www.linkedin.com\/company\/fundaci\u00f3n-microfinanzas-bbva\/"]},{"@type":"Person","@id":"https:\/\/www.fundacionmicrofinanzasbbva.org\/en\/#\/schema\/person\/dcc08d9d413af1c947cd093804347ac6","name":"Karessa Ramos"}]}},"_links":{"self":[{"href":"https:\/\/www.fundacionmicrofinanzasbbva.org\/en\/wp-json\/wp\/v2\/posts\/13022","targetHints":{"allow":["GET"]}}],"collection":[{"href":"https:\/\/www.fundacionmicrofinanzasbbva.org\/en\/wp-json\/wp\/v2\/posts"}],"about":[{"href":"https:\/\/www.fundacionmicrofinanzasbbva.org\/en\/wp-json\/wp\/v2\/types\/post"}],"author":[{"embeddable":true,"href":"https:\/\/www.fundacionmicrofinanzasbbva.org\/en\/wp-json\/wp\/v2\/users\/13"}],"replies":[{"embeddable":true,"href":"https:\/\/www.fundacionmicrofinanzasbbva.org\/en\/wp-json\/wp\/v2\/comments?post=13022"}],"version-history":[{"count":0,"href":"https:\/\/www.fundacionmicrofinanzasbbva.org\/en\/wp-json\/wp\/v2\/posts\/13022\/revisions"}],"wp:featuredmedia":[{"embeddable":true,"href":"https:\/\/www.fundacionmicrofinanzasbbva.org\/en\/wp-json\/wp\/v2\/media\/12880"}],"wp:attachment":[{"href":"https:\/\/www.fundacionmicrofinanzasbbva.org\/en\/wp-json\/wp\/v2\/media?parent=13022"}],"wp:term":[{"taxonomy":"category","embeddable":true,"href":"https:\/\/www.fundacionmicrofinanzasbbva.org\/en\/wp-json\/wp\/v2\/categories?post=13022"},{"taxonomy":"post_tag","embeddable":true,"href":"https:\/\/www.fundacionmicrofinanzasbbva.org\/en\/wp-json\/wp\/v2\/tags?post=13022"}],"curies":[{"name":"wp","href":"https:\/\/api.w.org\/{rel}","templated":true}]}}